{"id":29213,"date":"2021-08-30T10:31:53","date_gmt":"2021-08-30T08:31:53","guid":{"rendered":"https:\/\/www.krafthand.de\/truck\/?p=29213"},"modified":"2021-08-30T11:15:26","modified_gmt":"2021-08-30T09:15:26","slug":"borgwarner-es-ist-die-technik-die-uns-antreibt","status":"publish","type":"post","link":"https:\/\/www.krafthand.de\/truck\/artikel\/borgwarner-es-ist-die-technik-die-uns-antreibt-29213\/","title":{"rendered":"BorgWarner: Es ist die Technik, die uns antreibt!"},"content":{"rendered":"<p>Es ist nicht einfach ein weltweit agierendes Technologieunternehmen wie BorgWarner in aller K\u00fcrze zu beschreiben. Wir starten den Versuch und beschr\u00e4nken uns auf die Aktivit\u00e4ten im Nutzfahrzeug-Segment. Zus\u00e4tzlich liefert Holger Gabriel, Director Engineering Europe CV bei BorgWarner, Einblicke in die Entwicklung von alternativen Antrieben und blickt in die Zukunft.<\/p>\n<p>Doch vorab: <a href=\"https:\/\/www.borgwarner.com\/home\" target=\"_blank\" rel=\"noopener\">BorgWarner<\/a> ist ein US-amerikanischer Automobilzulieferer mit 99 Standorten in 24 L\u00e4ndern. Die Zentrale ist in Auburn Hills im Staate Michigan, beheimatet. Das Unternehmen besch\u00e4ftigt weltweit rund 50.000 Mitarbeiter. In Deutschland ist das Unternehmen beispielsweise in Ludwigsburg, Heidelberg und Kirchheimbolanden (BorgWarner Emissions, Thermal and Turbo Systems) mit Produktion, F+E, Verwaltung, Marketing, Vertrieb und Service aktiv. Aufgrund seiner Erstausr\u00fcster-Expertise bietet das Unternehmen auch Produkt- und Service-L\u00f6sungen f\u00fcr den globalen Lkw-Aftermarket.<\/p>\n<h3>Portfolio<\/h3>\n<p>Das bekannteste Produktsegment von BorgWarner f\u00fcr Lkw sind Turbolader. Neben ein- und mehrstufigen Ladern, VTG-Ladern, Ladern mit Wastegate oder elektrischen Stellern, geh\u00f6ren auch sogenannte eBooster zum Portfolio. Hinzu kommen Austausch- und wiederaufbereitete Lader sowie AGR-Ventile (Reman-Programm). Doch das ist lange noch nicht alles. <a href=\"https:\/\/www.borgwarner.com\/de\/aftermarket\" target=\"_blank\" rel=\"noopener\">BorgWarner<\/a> liefert eine Vielfalt an weiteren Produkten f\u00fcr Nutzfahrzeuge. Dazu geh\u00f6ren beispielsweise Batteriemodule und -packs, Ladestationen, Leistungselektronik, E-Motoren, elektrische Antriebsmodule, Motorsteuerungssysteme, Einspritzsysteme sowie Abgas- und Thermo-Management-Technologien. Was den Lkw-Aftermarket angeht, so bedient das Unternehmen seine Kunden mit Turboladern, L\u00fcftern, AGR-Ventilen und AGR-K\u00fchlern.<\/p>\n<figure id=\"attachment_29216\" aria-describedby=\"caption-attachment-29216\" style=\"width: 420px\" class=\"wp-caption alignright\"><a href=\"https:\/\/www.krafthand.de\/truck\/wp-content\/uploads\/2021\/08\/03_2021_005_47.jpg\" target=\"_blank\" rel=\"noopener\"><img fetchpriority=\"high\" decoding=\"async\" class=\"wp-image-29216\" src=\"https:\/\/www.krafthand.de\/truck\/wp-content\/uploads\/2021\/08\/03_2021_005_47-300x143.jpg\" alt=\"\" width=\"420\" height=\"200\" srcset=\"https:\/\/static.krafthand-truck.de\/uploads\/2021\/08\/03_2021_005_47-300x143.jpg 300w, https:\/\/static.krafthand-truck.de\/uploads\/2021\/08\/03_2021_005_47-768x365.jpg 768w, https:\/\/static.krafthand-truck.de\/uploads\/2021\/08\/03_2021_005_47.jpg 1000w\" sizes=\"(max-width: 420px) 100vw, 420px\" \/><\/a><figcaption id=\"caption-attachment-29216\" class=\"wp-caption-text\">Reman-Programm: Ein Turbolader vor und nach der Aufbereitung.<\/figcaption><\/figure>\n<h3>Aufbereiten statt Tauschen<\/h3>\n<p>Mit dem Reman-Programm bietet BorgWarner die Reparatur und die Aufbereitung von Turboladern sowie auch Austauschlader an. Dabei werden die gebrauchten und zur\u00fcckgegebenen Lader gecheckt und sortiert. Im Nachgang erfolgt die Demontage und die Pr\u00fcfung einzelner Bauteile auf Wiederverwendbarkeit. Mitunter m\u00fcssen Bauteile getauscht werden, dies sei oftmals bei Lagern der Fall. Nun folgt der Reinigungsprozess der wiederverwendbaren Bauteile mit Hilfe von Ultraschall oder einem Hochtemperaturverfahren sowie eine erneute Pr\u00fcfung. Der Prozess der Wiederaufbereitung ist laut BorgWarner sehr bauteil-individuell ausgelegt. Besondere Aufmerksamkeit legt das Unternehmen auf die Verdichter- und Turbinenr\u00e4der, die nach den urspr\u00fcnglichen OE-Spezifikationen neu gewuchtet werden. Komponenten, die nicht alle Kriterien erf\u00fcllen, werden durch originale, neue OE-Teile ersetzt. Am Ende gelangen alle wiederverwendbaren Komponenten in den Vormontagebereich, wo sie durch neue erg\u00e4nzt werden, um den Bausatz f\u00fcr die Endmontage zu vervollst\u00e4ndigen. Eine erneute Pr\u00fcfung und ein strenger Qualit\u00e4tscheck schlie\u00dfen das Verfahren ab.<\/p>\n<h3>Delphi-Technologies<\/h3>\n<p>Mit der \u00dcbernahme von <a href=\"https:\/\/www.delphiautoparts.com\/deu\/de\" target=\"_blank\" rel=\"noopener\">Delphi-Technologies<\/a> im Oktober 2020, hat BorgWarner die Leistungsf\u00e4higkeit im Bereich Elektronik und Leistungselektronik signifikant erweitert und verbessert. Doch die Transaktion beinhaltete mehr. Delphi-Technologies bringt eine breite Palette von Produkten mit, die das bereits bestehende Portfolio von BorgWarner erg\u00e4nzen. Beispiele sind Komponenten f\u00fcr Klimaanlagen, Bremssysteme, f\u00fcr das Motormanagement, f\u00fcr Z\u00fcnd-, Kraftstoff- und Einspritzsysteme sowie Lenkungs- und Fahrwerkskomponenten. Hinzu kommt eine starke Expertise im Bereich Diagnose beziehungsweise dem Nutzfahrzeug- und Aftermarket-Gesch\u00e4ft.<\/p>\n<figure id=\"attachment_29217\" aria-describedby=\"caption-attachment-29217\" style=\"width: 420px\" class=\"wp-caption alignleft\"><a href=\"https:\/\/www.krafthand.de\/truck\/wp-content\/uploads\/2021\/08\/03_2021_005_49.jpg\" target=\"_blank\" rel=\"noopener\"><img decoding=\"async\" class=\"wp-image-29217\" src=\"https:\/\/www.krafthand.de\/truck\/wp-content\/uploads\/2021\/08\/03_2021_005_49-300x253.jpg\" alt=\"\" width=\"420\" height=\"354\" srcset=\"https:\/\/static.krafthand-truck.de\/uploads\/2021\/08\/03_2021_005_49-300x253.jpg 300w, https:\/\/static.krafthand-truck.de\/uploads\/2021\/08\/03_2021_005_49-768x647.jpg 768w, https:\/\/static.krafthand-truck.de\/uploads\/2021\/08\/03_2021_005_49.jpg 1000w\" sizes=\"(max-width: 420px) 100vw, 420px\" \/><\/a><figcaption id=\"caption-attachment-29217\" class=\"wp-caption-text\">Batteriemodul von BorgWarner.<\/figcaption><\/figure>\n<h3>Batterieelektrische Lkw<\/h3>\n<p>BorgWarner ist ebenfalls Experte in der Entwicklung von Antriebskomponenten f\u00fcr Nutzfahrzeuge. Dabei liegt ein Schwerpunkt auf der Antriebstechnik f\u00fcr batterieelektrische Nutzfahrzeuge. So m\u00f6chte das Unternehmen mit dem Projekt \u201aCharging-Forward\u2018 bis 2025 \u00fcber 25 Prozent und bis 2030 etwa 45 Prozent des Umsatzes mit Elektrofahrzeugen generieren. \u201aCharging-Forward\u2018 hat drei Grundpfeiler. Einer dieser Pfeiler ist die geplante Expansion im Bereich elektrischer Nutzfahrzeuge (eCVs).<\/p>\n<blockquote><p>\u201eWir glauben, dass es in fast allen Nutzfahrzeugbereichen Elektrifizierungsm\u00f6glichkeiten gibt. Deshalb stellen wir unser Produktportfolio breit auf, von Batteriesystemen, inklusive den erforderlichen Steuerger\u00e4ten, Heizungen, K\u00fchlern \u00fcber bordeigene Ladeger\u00e4te (On-Board Charger) und Spannungswandlern (DC\/DC-Converter). Hinzu kommen elektrische Antriebsmotoren, mit oder ohne Getriebe, inklusive Leistungselektronik, Steuerger\u00e4tetechnologie und Thermo-Management\u201c, so Holger Gabriel.<\/p><\/blockquote>\n<h3>Lkw mit Brennstoffzelle<\/h3>\n<p>Elektrische Antriebe k\u00f6nnen laut Gabriel ihre Energie nicht nur aus einer leistungsstarken Batterie, sondern mittelbar auch aus einer als Range-Extender fungierenden Brennstoffzelle entnehmen. Diese Fahrzeuge, sogenannte FCEV (Fuel-Cell-Electric-Vehicle), sto\u00dfen bei der Verwendung von Wasserstoff als Kraftstoff ebenfalls lokal kein CO2 aus. Neben allen bereits genannten Produkten bietet BorgWarner hier auch spezielle Komponenten f\u00fcr die Brennstoffzelle an, beispielsweise die Luftversorgung FCAS (Fuel-Cell-Air-Supply). Im \u00dcbrigen: Alle elektrischen Fahrzeuge werden weiterhin ein K\u00fchlsystem ben\u00f6tigen, die dazu erforderlichen elektrischen Ventilatoren liefert BorgWarner ebenfalls.<\/p>\n<h3>Wo geht die Reise hin?<\/h3>\n<figure id=\"attachment_29219\" aria-describedby=\"caption-attachment-29219\" style=\"width: 300px\" class=\"wp-caption alignright\"><a href=\"https:\/\/www.krafthand.de\/truck\/wp-content\/uploads\/2021\/08\/03_2021_005_48.jpg\" target=\"_blank\" rel=\"noopener\"><img decoding=\"async\" class=\"wp-image-29219\" src=\"https:\/\/www.krafthand.de\/truck\/wp-content\/uploads\/2021\/08\/03_2021_005_48-224x300.jpg\" alt=\"\" width=\"300\" height=\"401\" srcset=\"https:\/\/static.krafthand-truck.de\/uploads\/2021\/08\/03_2021_005_48-224x300.jpg 224w, https:\/\/static.krafthand-truck.de\/uploads\/2021\/08\/03_2021_005_48.jpg 748w\" sizes=\"(max-width: 300px) 100vw, 300px\" \/><\/a><figcaption id=\"caption-attachment-29219\" class=\"wp-caption-text\">Holger Gabriel, Director Engineering Europe CV bei BorgWarner.<\/figcaption><\/figure>\n<p>Das Reiseziel wird laut Gabriel vom Endkunden bestimmt. Die Auswahlkriterien f\u00fcr ein bestimmtes Fahrzeug oder einen bestimmten Antrieb bestehen aus verschiedenen Anforderungen, bei denen Wirtschaftlichkeit, Verf\u00fcgbarkeit und Sicherheit mit Ressourcenschonung und dem Einsatzzweck in Einklang gebracht werden m\u00fcssen.<\/p>\n<blockquote><p><em>\u201eGesetzliche, wirtschaftliche und gesellschaftliche Rahmenbedingungen sind deutlich volatiler als in den vergangenen Epochen der Mobilit\u00e4t. Dementsprechend ist es wichtig, eine sinnvolle Vielfalt an technischen L\u00f6sungen anzubieten\u201c<\/em>, erkl\u00e4rt Holger Gabriel.<\/p><\/blockquote>\n<p>Was die unteren Gewichtsklassen bei Nutzfahrzeugen betrifft besteht laut Gabriel eine gro\u00dfe Einigkeit, dass elektrische Antriebe in den n\u00e4chsten f\u00fcnf bis zehn Jahren dominieren werden. Am oberen Ende, was typischerweise mit langen Strecken einhergeht, werden im selben Zeitraum optimierte verbrennungsmotorische Antriebe \u00fcberwiegen. Der heutige Kraftstoffmix wird dabei erg\u00e4nzt durch CO2-mindernde L\u00f6sungen bis hin zum Wasserstoff, der nahezu CO2-freie Fahrzeuge erm\u00f6glicht. Von den Fortschritten in der Wasserstoffverbrennung auf Anbieterseite und insbesondere von dem raschen Ausbau eines entsprechenden Versorgungsnetzwerkes wird es laut Gabriel abh\u00e4ngen, in welchem Umfang Brennstoffzellen-Lkw auf dem Markt Akzeptanz finden. <em>\u201eLetztendlich ist f\u00fcr alle Konzepte die gr\u00f6\u00dfte H\u00fcrde, dass sich ohne ausreichende CO2-neutrale Infrastruktur zum Nachladen oder -tanken die Emissionen nur verlagern. In der Gesamtbetrachtung verringern sie sich nicht. In der Skalierung und betrachtet man die globale Gesamtflotte, erscheinen manche Konzepte vielleicht nicht mehr so attraktiv, wie sie im Einzelfall und isoliert betrachtet erscheinen m\u00f6gen\u201c<\/em>, erg\u00e4nzt Gabriel.<\/p>\n<p><i>Den Beitrag finden Sie auch in der Print-Ausgabe 3\/2021 der <a href=\"https:\/\/www.krafthand.de\/truck\/magazin\/\" title=\"Zum Magazin\">Krafthand-Truck<\/a>.<\/i><\/p>\r\n\t\t\t\t<div class=\"post-author\">\r\n\t\t\t\t\t<div class=\"khm-cp-author clearfix\">\r\n\t\t\t\t\t\t<div class=\"khm-cp-author__content\">\r\n\t\t\t\t\t\t\t\tKontakt zum Autor:<br \/>\r\n\t\t\t\t\t\t\t\t<strong>Georg Blenk<\/strong>, 08247 \/ 3007-45 |  <a href=\"mailto:georg.blenk@krafthand-medien.de\">georg.blenk@krafthand-medien.de<\/a>\r\n\t\t\t\t\t\t\t<div class=\"khm-cp-author__image\">\r\n\t\t\t\t\t\t<img src=\"https:\/\/static.krafthand-truck.de\/uploads\/2021\/01\/Blenk_6104-250x300-1-removebg-preview.png\" class=\"img-responsive\">\r\n\t\t\t\t\t<\/div>\r\n\t\t\t\t\t\t<\/div>\r\n\t\t\t\t\t<\/div>\r\n\t\t\t\t<\/div>\r\n\t\t\t\t","protected":false},"excerpt":{"rendered":"<p>Es ist nicht einfach ein weltweit agierendes Technologieunternehmen wie BorgWarner in aller K\u00fcrze zu beschreiben. Wir starten den Versuch und beschr\u00e4nken uns auf die Aktivit\u00e4ten im Nutzfahrzeug-Segment. Zus\u00e4tzlich liefert Holger Gabriel, Director Engineering Europe CV bei BorgWarner, Einblicke in die Entwicklung von alternativen Antrieben und blickt in die Zukunft. <span class=\"excerpt-more__dots\">&#8230;<\/span> <a class=\"excerpt-more__link\" href=\"https:\/\/www.krafthand.de\/truck\/artikel\/borgwarner-es-ist-die-technik-die-uns-antreibt-29213\/\" >weiter<\/a><\/p>\n","protected":false},"author":9,"featured_media":29214,"comment_status":"closed","ping_status":"closed","sticky":false,"template":"","format":"standard","meta":{"footnotes":""},"categories":[4229,4235],"tags":[3192,4209,4717,4177,4721,4719,3819,4718,4720,367],"settings":[3524,3523],"class_list":["post-29213","post","type-post","status-publish","format-standard","has-post-thumbnail","hentry","category-nfz-teile-systeme","category-unternehmen","tag-borgwarner","tag-brennstoffzelle","tag-delphi-technologies","tag-e-lkw","tag-fcas","tag-leistungselektronik","tag-remanufacturing","tag-spannungswandler","tag-thermo-management","tag-turbolader"],"yoast_head":"<!-- This site is optimized with the Yoast SEO plugin v27.3 - https:\/\/yoast.com\/product\/yoast-seo-wordpress\/ -->\n<title>BorgWarner Elektromobilit\u00e4t e-Lkw Turbolader<\/title>\n<meta name=\"description\" content=\"Es ist nicht einfach ein weltweit agierendes Technologieunternehmen wie BorgWarner in aller K\u00fcrze zu beschreiben. Wir starten den Versuch und beschr\u00e4nken uns auf die Aktivit\u00e4ten im Nutzfahrzeug-Segment. Zus\u00e4tzlich liefert Holger Gabriel, Director Engineering Europe CV bei BorgWarner, Einblicke in die Entwicklung von alternativen Antrieben und blickt in die Zukunft.\" \/>\n<meta name=\"robots\" content=\"index, follow, max-snippet:-1, max-image-preview:large, max-video-preview:-1\" \/>\n<link rel=\"canonical\" href=\"https:\/\/www.krafthand.de\/truck\/artikel\/borgwarner-es-ist-die-technik-die-uns-antreibt-29213\/\" \/>\n<meta property=\"og:locale\" content=\"de_DE\" \/>\n<meta property=\"og:type\" content=\"article\" \/>\n<meta property=\"og:title\" content=\"BorgWarner Elektromobilit\u00e4t e-Lkw Turbolader\" \/>\n<meta property=\"og:description\" content=\"Es ist nicht einfach ein weltweit agierendes Technologieunternehmen wie BorgWarner in aller K\u00fcrze zu beschreiben. Wir starten den Versuch und beschr\u00e4nken uns auf die Aktivit\u00e4ten im Nutzfahrzeug-Segment. Zus\u00e4tzlich liefert Holger Gabriel, Director Engineering Europe CV bei BorgWarner, Einblicke in die Entwicklung von alternativen Antrieben und blickt in die Zukunft.\" \/>\n<meta property=\"og:url\" content=\"https:\/\/www.krafthand-truck.de\/artikel\/borgwarner-es-ist-die-technik-die-uns-antreibt-29213\/\" \/>\n<meta property=\"og:site_name\" content=\"Krafthand-Truck\" \/>\n<meta property=\"article:published_time\" content=\"2021-08-30T08:31:53+00:00\" \/>\n<meta property=\"article:modified_time\" content=\"2021-08-30T09:15:26+00:00\" \/>\n<meta property=\"og:image\" content=\"https:\/\/www.krafthand.de\/truck\/wp-content\/uploads\/2021\/08\/03_2021_005_46.jpg\" \/>\n\t<meta property=\"og:image:width\" content=\"1000\" \/>\n\t<meta property=\"og:image:height\" content=\"568\" \/>\n\t<meta property=\"og:image:type\" content=\"image\/jpeg\" \/>\n<meta name=\"author\" content=\"georg.blenk@krafthand-medien.de\" \/>\n<meta name=\"twitter:card\" content=\"summary_large_image\" \/>\n<meta name=\"twitter:label1\" content=\"Verfasst von\" \/>\n\t<meta name=\"twitter:data1\" content=\"georg.blenk@krafthand-medien.de\" \/>\n\t<meta name=\"twitter:label2\" content=\"Gesch\u00e4tzte Lesezeit\" \/>\n\t<meta name=\"twitter:data2\" content=\"5\u00a0Minuten\" \/>\n<script type=\"application\/ld+json\" class=\"yoast-schema-graph\">{\"@context\":\"https:\\\/\\\/schema.org\",\"@graph\":[{\"@type\":\"Article\",\"@id\":\"https:\\\/\\\/www.krafthand.de\\\/truck\\\/artikel\\\/borgwarner-es-ist-die-technik-die-uns-antreibt-29213\\\/#article\",\"isPartOf\":{\"@id\":\"https:\\\/\\\/www.krafthand.de\\\/truck\\\/artikel\\\/borgwarner-es-ist-die-technik-die-uns-antreibt-29213\\\/\"},\"author\":{\"name\":\"georg.blenk@krafthand-medien.de\",\"@id\":\"https:\\\/\\\/www.krafthand.de\\\/truck\\\/#\\\/schema\\\/person\\\/51fa80b1c57034c4bf63f9f988fc24ce\"},\"headline\":\"BorgWarner: Es ist die Technik, die uns antreibt!\",\"datePublished\":\"2021-08-30T08:31:53+00:00\",\"dateModified\":\"2021-08-30T09:15:26+00:00\",\"mainEntityOfPage\":{\"@id\":\"https:\\\/\\\/www.krafthand.de\\\/truck\\\/artikel\\\/borgwarner-es-ist-die-technik-die-uns-antreibt-29213\\\/\"},\"wordCount\":949,\"image\":{\"@id\":\"https:\\\/\\\/www.krafthand.de\\\/truck\\\/artikel\\\/borgwarner-es-ist-die-technik-die-uns-antreibt-29213\\\/#primaryimage\"},\"thumbnailUrl\":\"https:\\\/\\\/static.krafthand-truck.de\\\/uploads\\\/2021\\\/08\\\/03_2021_005_46.jpg\",\"keywords\":[\"BorgWarner\",\"Brennstoffzelle\",\"Delphi-Technologies\",\"E-Lkw\",\"FCAS\",\"Leistungselektronik\",\"Remanufacturing\",\"Spannungswandler\",\"Thermo-Management\",\"Turbolader\"],\"articleSection\":[\"Nfz-Teile\\\/Systeme\",\"Unternehmen\"],\"inLanguage\":\"de\"},{\"@type\":\"WebPage\",\"@id\":\"https:\\\/\\\/www.krafthand.de\\\/truck\\\/artikel\\\/borgwarner-es-ist-die-technik-die-uns-antreibt-29213\\\/\",\"url\":\"https:\\\/\\\/www.krafthand.de\\\/truck\\\/artikel\\\/borgwarner-es-ist-die-technik-die-uns-antreibt-29213\\\/\",\"name\":\"BorgWarner Elektromobilit\u00e4t e-Lkw Turbolader\",\"isPartOf\":{\"@id\":\"https:\\\/\\\/www.krafthand.de\\\/truck\\\/#website\"},\"primaryImageOfPage\":{\"@id\":\"https:\\\/\\\/www.krafthand.de\\\/truck\\\/artikel\\\/borgwarner-es-ist-die-technik-die-uns-antreibt-29213\\\/#primaryimage\"},\"image\":{\"@id\":\"https:\\\/\\\/www.krafthand.de\\\/truck\\\/artikel\\\/borgwarner-es-ist-die-technik-die-uns-antreibt-29213\\\/#primaryimage\"},\"thumbnailUrl\":\"https:\\\/\\\/static.krafthand-truck.de\\\/uploads\\\/2021\\\/08\\\/03_2021_005_46.jpg\",\"datePublished\":\"2021-08-30T08:31:53+00:00\",\"dateModified\":\"2021-08-30T09:15:26+00:00\",\"author\":{\"@id\":\"https:\\\/\\\/www.krafthand.de\\\/truck\\\/#\\\/schema\\\/person\\\/51fa80b1c57034c4bf63f9f988fc24ce\"},\"description\":\"Es ist nicht einfach ein weltweit agierendes Technologieunternehmen wie BorgWarner in aller K\u00fcrze zu beschreiben. Wir starten den Versuch und beschr\u00e4nken uns auf die Aktivit\u00e4ten im Nutzfahrzeug-Segment. Zus\u00e4tzlich liefert Holger Gabriel, Director Engineering Europe CV bei BorgWarner, Einblicke in die Entwicklung von alternativen Antrieben und blickt in die Zukunft.\",\"breadcrumb\":{\"@id\":\"https:\\\/\\\/www.krafthand.de\\\/truck\\\/artikel\\\/borgwarner-es-ist-die-technik-die-uns-antreibt-29213\\\/#breadcrumb\"},\"inLanguage\":\"de\",\"potentialAction\":[{\"@type\":\"ReadAction\",\"target\":[\"https:\\\/\\\/www.krafthand.de\\\/truck\\\/artikel\\\/borgwarner-es-ist-die-technik-die-uns-antreibt-29213\\\/\"]}]},{\"@type\":\"ImageObject\",\"inLanguage\":\"de\",\"@id\":\"https:\\\/\\\/www.krafthand.de\\\/truck\\\/artikel\\\/borgwarner-es-ist-die-technik-die-uns-antreibt-29213\\\/#primaryimage\",\"url\":\"https:\\\/\\\/static.krafthand-truck.de\\\/uploads\\\/2021\\\/08\\\/03_2021_005_46.jpg\",\"contentUrl\":\"https:\\\/\\\/static.krafthand-truck.de\\\/uploads\\\/2021\\\/08\\\/03_2021_005_46.jpg\",\"width\":1000,\"height\":568},{\"@type\":\"BreadcrumbList\",\"@id\":\"https:\\\/\\\/www.krafthand.de\\\/truck\\\/artikel\\\/borgwarner-es-ist-die-technik-die-uns-antreibt-29213\\\/#breadcrumb\",\"itemListElement\":[{\"@type\":\"ListItem\",\"position\":1,\"name\":\"Krafthand-Truck\",\"item\":\"https:\\\/\\\/www.krafthand.de\\\/truck\\\/\"},{\"@type\":\"ListItem\",\"position\":2,\"name\":\"Nfz-Technik\",\"item\":\"https:\\\/\\\/www.krafthand.de\\\/truck\\\/kategorie\\\/nfz-technik\\\/\"},{\"@type\":\"ListItem\",\"position\":3,\"name\":\"Nfz-Teile\\\/Systeme\",\"item\":\"https:\\\/\\\/www.krafthand.de\\\/truck\\\/kategorie\\\/nfz-technik\\\/nfz-teile-systeme\\\/\"},{\"@type\":\"ListItem\",\"position\":4,\"name\":\"BorgWarner: Es ist die Technik, die uns antreibt!\"}]},{\"@type\":\"WebSite\",\"@id\":\"https:\\\/\\\/www.krafthand.de\\\/truck\\\/#website\",\"url\":\"https:\\\/\\\/www.krafthand.de\\\/truck\\\/\",\"name\":\"Krafthand-Truck\",\"description\":\"\",\"potentialAction\":[{\"@type\":\"SearchAction\",\"target\":{\"@type\":\"EntryPoint\",\"urlTemplate\":\"https:\\\/\\\/www.krafthand.de\\\/truck\\\/?s={search_term_string}\"},\"query-input\":{\"@type\":\"PropertyValueSpecification\",\"valueRequired\":true,\"valueName\":\"search_term_string\"}}],\"inLanguage\":\"de\"},{\"@type\":\"Person\",\"@id\":\"https:\\\/\\\/www.krafthand.de\\\/truck\\\/#\\\/schema\\\/person\\\/51fa80b1c57034c4bf63f9f988fc24ce\",\"name\":\"georg.blenk@krafthand-medien.de\",\"image\":{\"@type\":\"ImageObject\",\"inLanguage\":\"de\",\"@id\":\"https:\\\/\\\/secure.gravatar.com\\\/avatar\\\/93713c30affe0aa95d3a4130e499bb1abee2eb31adbdd9ce2aa1543538490215?s=96&d=mm&r=g\",\"url\":\"https:\\\/\\\/secure.gravatar.com\\\/avatar\\\/93713c30affe0aa95d3a4130e499bb1abee2eb31adbdd9ce2aa1543538490215?s=96&d=mm&r=g\",\"contentUrl\":\"https:\\\/\\\/secure.gravatar.com\\\/avatar\\\/93713c30affe0aa95d3a4130e499bb1abee2eb31adbdd9ce2aa1543538490215?s=96&d=mm&r=g\",\"caption\":\"georg.blenk@krafthand-medien.de\"}}]}<\/script>\n<!-- \/ Yoast SEO plugin. -->","yoast_head_json":{"title":"BorgWarner Elektromobilit\u00e4t e-Lkw Turbolader","description":"Es ist nicht einfach ein weltweit agierendes Technologieunternehmen wie BorgWarner in aller K\u00fcrze zu beschreiben. Wir starten den Versuch und beschr\u00e4nken uns auf die Aktivit\u00e4ten im Nutzfahrzeug-Segment. Zus\u00e4tzlich liefert Holger Gabriel, Director Engineering Europe CV bei BorgWarner, Einblicke in die Entwicklung von alternativen Antrieben und blickt in die Zukunft.","robots":{"index":"index","follow":"follow","max-snippet":"max-snippet:-1","max-image-preview":"max-image-preview:large","max-video-preview":"max-video-preview:-1"},"canonical":"https:\/\/www.krafthand.de\/truck\/artikel\/borgwarner-es-ist-die-technik-die-uns-antreibt-29213\/","og_locale":"de_DE","og_type":"article","og_title":"BorgWarner Elektromobilit\u00e4t e-Lkw Turbolader","og_description":"Es ist nicht einfach ein weltweit agierendes Technologieunternehmen wie BorgWarner in aller K\u00fcrze zu beschreiben. Wir starten den Versuch und beschr\u00e4nken uns auf die Aktivit\u00e4ten im Nutzfahrzeug-Segment. Zus\u00e4tzlich liefert Holger Gabriel, Director Engineering Europe CV bei BorgWarner, Einblicke in die Entwicklung von alternativen Antrieben und blickt in die Zukunft.","og_url":"https:\/\/www.krafthand-truck.de\/artikel\/borgwarner-es-ist-die-technik-die-uns-antreibt-29213\/","og_site_name":"Krafthand-Truck","article_published_time":"2021-08-30T08:31:53+00:00","article_modified_time":"2021-08-30T09:15:26+00:00","og_image":[{"width":1000,"height":568,"url":"https:\/\/www.krafthand.de\/truck\/wp-content\/uploads\/2021\/08\/03_2021_005_46.jpg","type":"image\/jpeg"}],"author":"georg.blenk@krafthand-medien.de","twitter_card":"summary_large_image","twitter_misc":{"Verfasst von":"georg.blenk@krafthand-medien.de","Gesch\u00e4tzte Lesezeit":"5\u00a0Minuten"},"schema":{"@context":"https:\/\/schema.org","@graph":[{"@type":"Article","@id":"https:\/\/www.krafthand.de\/truck\/artikel\/borgwarner-es-ist-die-technik-die-uns-antreibt-29213\/#article","isPartOf":{"@id":"https:\/\/www.krafthand.de\/truck\/artikel\/borgwarner-es-ist-die-technik-die-uns-antreibt-29213\/"},"author":{"name":"georg.blenk@krafthand-medien.de","@id":"https:\/\/www.krafthand.de\/truck\/#\/schema\/person\/51fa80b1c57034c4bf63f9f988fc24ce"},"headline":"BorgWarner: Es ist die Technik, die uns antreibt!","datePublished":"2021-08-30T08:31:53+00:00","dateModified":"2021-08-30T09:15:26+00:00","mainEntityOfPage":{"@id":"https:\/\/www.krafthand.de\/truck\/artikel\/borgwarner-es-ist-die-technik-die-uns-antreibt-29213\/"},"wordCount":949,"image":{"@id":"https:\/\/www.krafthand.de\/truck\/artikel\/borgwarner-es-ist-die-technik-die-uns-antreibt-29213\/#primaryimage"},"thumbnailUrl":"https:\/\/static.krafthand-truck.de\/uploads\/2021\/08\/03_2021_005_46.jpg","keywords":["BorgWarner","Brennstoffzelle","Delphi-Technologies","E-Lkw","FCAS","Leistungselektronik","Remanufacturing","Spannungswandler","Thermo-Management","Turbolader"],"articleSection":["Nfz-Teile\/Systeme","Unternehmen"],"inLanguage":"de"},{"@type":"WebPage","@id":"https:\/\/www.krafthand.de\/truck\/artikel\/borgwarner-es-ist-die-technik-die-uns-antreibt-29213\/","url":"https:\/\/www.krafthand.de\/truck\/artikel\/borgwarner-es-ist-die-technik-die-uns-antreibt-29213\/","name":"BorgWarner Elektromobilit\u00e4t e-Lkw Turbolader","isPartOf":{"@id":"https:\/\/www.krafthand.de\/truck\/#website"},"primaryImageOfPage":{"@id":"https:\/\/www.krafthand.de\/truck\/artikel\/borgwarner-es-ist-die-technik-die-uns-antreibt-29213\/#primaryimage"},"image":{"@id":"https:\/\/www.krafthand.de\/truck\/artikel\/borgwarner-es-ist-die-technik-die-uns-antreibt-29213\/#primaryimage"},"thumbnailUrl":"https:\/\/static.krafthand-truck.de\/uploads\/2021\/08\/03_2021_005_46.jpg","datePublished":"2021-08-30T08:31:53+00:00","dateModified":"2021-08-30T09:15:26+00:00","author":{"@id":"https:\/\/www.krafthand.de\/truck\/#\/schema\/person\/51fa80b1c57034c4bf63f9f988fc24ce"},"description":"Es ist nicht einfach ein weltweit agierendes Technologieunternehmen wie BorgWarner in aller K\u00fcrze zu beschreiben. Wir starten den Versuch und beschr\u00e4nken uns auf die Aktivit\u00e4ten im Nutzfahrzeug-Segment. Zus\u00e4tzlich liefert Holger Gabriel, Director Engineering Europe CV bei BorgWarner, Einblicke in die Entwicklung von alternativen Antrieben und blickt in die Zukunft.","breadcrumb":{"@id":"https:\/\/www.krafthand.de\/truck\/artikel\/borgwarner-es-ist-die-technik-die-uns-antreibt-29213\/#breadcrumb"},"inLanguage":"de","potentialAction":[{"@type":"ReadAction","target":["https:\/\/www.krafthand.de\/truck\/artikel\/borgwarner-es-ist-die-technik-die-uns-antreibt-29213\/"]}]},{"@type":"ImageObject","inLanguage":"de","@id":"https:\/\/www.krafthand.de\/truck\/artikel\/borgwarner-es-ist-die-technik-die-uns-antreibt-29213\/#primaryimage","url":"https:\/\/static.krafthand-truck.de\/uploads\/2021\/08\/03_2021_005_46.jpg","contentUrl":"https:\/\/static.krafthand-truck.de\/uploads\/2021\/08\/03_2021_005_46.jpg","width":1000,"height":568},{"@type":"BreadcrumbList","@id":"https:\/\/www.krafthand.de\/truck\/artikel\/borgwarner-es-ist-die-technik-die-uns-antreibt-29213\/#breadcrumb","itemListElement":[{"@type":"ListItem","position":1,"name":"Krafthand-Truck","item":"https:\/\/www.krafthand.de\/truck\/"},{"@type":"ListItem","position":2,"name":"Nfz-Technik","item":"https:\/\/www.krafthand.de\/truck\/kategorie\/nfz-technik\/"},{"@type":"ListItem","position":3,"name":"Nfz-Teile\/Systeme","item":"https:\/\/www.krafthand.de\/truck\/kategorie\/nfz-technik\/nfz-teile-systeme\/"},{"@type":"ListItem","position":4,"name":"BorgWarner: Es ist die Technik, die uns antreibt!"}]},{"@type":"WebSite","@id":"https:\/\/www.krafthand.de\/truck\/#website","url":"https:\/\/www.krafthand.de\/truck\/","name":"Krafthand-Truck","description":"","potentialAction":[{"@type":"SearchAction","target":{"@type":"EntryPoint","urlTemplate":"https:\/\/www.krafthand.de\/truck\/?s={search_term_string}"},"query-input":{"@type":"PropertyValueSpecification","valueRequired":true,"valueName":"search_term_string"}}],"inLanguage":"de"},{"@type":"Person","@id":"https:\/\/www.krafthand.de\/truck\/#\/schema\/person\/51fa80b1c57034c4bf63f9f988fc24ce","name":"georg.blenk@krafthand-medien.de","image":{"@type":"ImageObject","inLanguage":"de","@id":"https:\/\/secure.gravatar.com\/avatar\/93713c30affe0aa95d3a4130e499bb1abee2eb31adbdd9ce2aa1543538490215?s=96&d=mm&r=g","url":"https:\/\/secure.gravatar.com\/avatar\/93713c30affe0aa95d3a4130e499bb1abee2eb31adbdd9ce2aa1543538490215?s=96&d=mm&r=g","contentUrl":"https:\/\/secure.gravatar.com\/avatar\/93713c30affe0aa95d3a4130e499bb1abee2eb31adbdd9ce2aa1543538490215?s=96&d=mm&r=g","caption":"georg.blenk@krafthand-medien.de"}}]}},"_links":{"self":[{"href":"https:\/\/www.krafthand.de\/truck\/wp-json\/wp\/v2\/posts\/29213","targetHints":{"allow":["GET"]}}],"collection":[{"href":"https:\/\/www.krafthand.de\/truck\/wp-json\/wp\/v2\/posts"}],"about":[{"href":"https:\/\/www.krafthand.de\/truck\/wp-json\/wp\/v2\/types\/post"}],"author":[{"embeddable":true,"href":"https:\/\/www.krafthand.de\/truck\/wp-json\/wp\/v2\/users\/9"}],"replies":[{"embeddable":true,"href":"https:\/\/www.krafthand.de\/truck\/wp-json\/wp\/v2\/comments?post=29213"}],"version-history":[{"count":7,"href":"https:\/\/www.krafthand.de\/truck\/wp-json\/wp\/v2\/posts\/29213\/revisions"}],"predecessor-version":[{"id":29224,"href":"https:\/\/www.krafthand.de\/truck\/wp-json\/wp\/v2\/posts\/29213\/revisions\/29224"}],"wp:featuredmedia":[{"embeddable":true,"href":"https:\/\/www.krafthand.de\/truck\/wp-json\/wp\/v2\/media\/29214"}],"wp:attachment":[{"href":"https:\/\/www.krafthand.de\/truck\/wp-json\/wp\/v2\/media?parent=29213"}],"wp:term":[{"taxonomy":"category","embeddable":true,"href":"https:\/\/www.krafthand.de\/truck\/wp-json\/wp\/v2\/categories?post=29213"},{"taxonomy":"post_tag","embeddable":true,"href":"https:\/\/www.krafthand.de\/truck\/wp-json\/wp\/v2\/tags?post=29213"},{"taxonomy":"settings","embeddable":true,"href":"https:\/\/www.krafthand.de\/truck\/wp-json\/wp\/v2\/settings?post=29213"}],"curies":[{"name":"wp","href":"https:\/\/api.w.org\/{rel}","templated":true}]}}