{"id":29135,"date":"2021-08-30T08:10:53","date_gmt":"2021-08-30T06:10:53","guid":{"rendered":"https:\/\/www.krafthand.de\/truck\/?p=29135"},"modified":"2021-08-30T16:48:01","modified_gmt":"2021-08-30T14:48:01","slug":"neue-batteriemodule","status":"publish","type":"post","link":"https:\/\/www.krafthand.de\/truck\/artikel\/neue-batteriemodule-29135\/","title":{"rendered":"Neue Batteriemodule"},"content":{"rendered":"<p>Der Schweizer Spezialist f\u00fcr Energiespeichersysteme <a href=\"https:\/\/www.leclanche.com\/de\/\" target=\"_blank\" rel=\"noopener\">Leclanch\u00e9<\/a>, hat eine neue Generation von Lithium-Ionen-Batteriemodulen f\u00fcr energieintensive E-Transport-Anwendungen, wie zum Beispiel f\u00fcr Nutzfahrzeuge, vorgestellt. Zus\u00e4tzlich hat das Unternehmen k\u00fcrzlich eine neue spezielle Produktionslinie zur Gro\u00dfserienfertigung in der N\u00e4he des Gesch\u00e4ftssitzes in Yverdon-Les-Bains eingeweiht.<\/p>\n<p>Die neuen Module mit der Bezeichnung \u201aM3\u2018 repr\u00e4sentieren die n\u00e4chste Generation der Modulproduktion von Leclanch\u00e9, die im Vergleich zur vorherigen Generation des Unternehmens eine h\u00f6here Energie und Leistungsdichte aufweist. Sie zeichnet sich den Angaben zufolge durch eine sehr hohe Zyklenlebensdauer von bis zu 20.000 Zyklen (LTO) beziehungsweise bis zu 8.000 Zyklen (G\/NMC) aus. Da hierdurch die Gesamtbetriebskosten erheblich gesenkt w\u00fcrden, seien diese Module ideal f\u00fcr kommerzielle Anwendungen. Zudem sind sie f\u00fcr einen weiten Bereich von Strom- und Spannungsausg\u00e4ngen ausgelegt, der bis zu 800 A Dauerstrom und f\u00fcr Batteriesystemspannungen von bis zu 1.200 V mit seinem funktionssicheren BMS reicht.<\/p>\n<p>Sowohl das Batteriemodul als auch die Produktionslinie wurden laut Leclanch\u00e9 so konzipiert, dass sie ein hohes Ma\u00df an Flexibilit\u00e4t f\u00fcr Produktkonfigurationen zulassen, die Produktionseffizienz erh\u00f6hen und die R\u00fcckverfolgbarkeit gew\u00e4hrleisten.<\/p>\n<p><i>Den Beitrag finden Sie auch in der Print-Ausgabe 3\/21 der <a href=\"https:\/\/www.krafthand.de\/truck\/magazin\/\" title=\"Zum Magazin\">Krafthand-Truck<\/a>.<\/i><\/p>","protected":false},"excerpt":{"rendered":"<p>Der Schweizer Spezialist f\u00fcr Energiespeichersysteme Leclanch\u00e9, hat eine neue Generation von Lithium-Ionen-Batteriemodulen f\u00fcr energieintensive E-Transport-Anwendungen, wie zum Beispiel f\u00fcr Nutzfahrzeuge, vorgestellt. <span class=\"excerpt-more__dots\">&#8230;<\/span> <a class=\"excerpt-more__link\" href=\"https:\/\/www.krafthand.de\/truck\/artikel\/neue-batteriemodule-29135\/\" >weiter<\/a><\/p>\n","protected":false},"author":7,"featured_media":29136,"comment_status":"closed","ping_status":"closed","sticky":false,"template":"","format":"standard","meta":{"footnotes":""},"categories":[4224],"tags":[1502,4704,4716,4705,4715],"settings":[3523],"class_list":["post-29135","post","type-post","status-publish","format-standard","has-post-thumbnail","hentry","category-e-antrieb","tag-batterie","tag-leclanche","tag-li-ion","tag-lithium-ionen-batterie","tag-lto"],"yoast_head":"<!-- This site is optimized with the Yoast SEO plugin v27.3 - https:\/\/yoast.com\/product\/yoast-seo-wordpress\/ -->\n<title>Neue Batteriemodule - Krafthand-Truck<\/title>\n<meta name=\"robots\" content=\"index, follow, max-snippet:-1, max-image-preview:large, max-video-preview:-1\" \/>\n<link rel=\"canonical\" href=\"https:\/\/www.krafthand.de\/truck\/artikel\/neue-batteriemodule-29135\/\" \/>\n<meta property=\"og:locale\" content=\"de_DE\" \/>\n<meta property=\"og:type\" content=\"article\" \/>\n<meta property=\"og:title\" content=\"Neue Batteriemodule - Krafthand-Truck\" \/>\n<meta property=\"og:description\" content=\"Der Schweizer Spezialist f\u00fcr Energiespeichersysteme Leclanch\u00e9, hat eine neue Generation von Lithium-Ionen-Batteriemodulen f\u00fcr energieintensive E-Transport-Anwendungen, wie zum Beispiel f\u00fcr Nutzfahrzeuge, vorgestellt. ... weiter\" \/>\n<meta property=\"og:url\" content=\"https:\/\/www.krafthand-truck.de\/artikel\/neue-batteriemodule-29135\/\" \/>\n<meta property=\"og:site_name\" content=\"Krafthand-Truck\" \/>\n<meta property=\"article:published_time\" content=\"2021-08-30T06:10:53+00:00\" \/>\n<meta property=\"article:modified_time\" content=\"2021-08-30T14:48:01+00:00\" \/>\n<meta property=\"og:image\" content=\"https:\/\/www.krafthand.de\/truck\/wp-content\/uploads\/2021\/08\/03_2021_038_Bild_66.jpg\" \/>\n\t<meta property=\"og:image:width\" content=\"839\" \/>\n\t<meta property=\"og:image:height\" content=\"1000\" \/>\n\t<meta property=\"og:image:type\" content=\"image\/jpeg\" \/>\n<meta name=\"author\" content=\"julian.schmid@krafthand.de\" \/>\n<meta name=\"twitter:card\" content=\"summary_large_image\" \/>\n<meta name=\"twitter:label1\" content=\"Verfasst von\" \/>\n\t<meta name=\"twitter:data1\" content=\"julian.schmid@krafthand.de\" \/>\n\t<meta name=\"twitter:label2\" content=\"Gesch\u00e4tzte Lesezeit\" \/>\n\t<meta name=\"twitter:data2\" content=\"1\u00a0Minute\" \/>\n<script type=\"application\/ld+json\" class=\"yoast-schema-graph\">{\"@context\":\"https:\\\/\\\/schema.org\",\"@graph\":[{\"@type\":\"Article\",\"@id\":\"https:\\\/\\\/www.krafthand.de\\\/truck\\\/artikel\\\/neue-batteriemodule-29135\\\/#article\",\"isPartOf\":{\"@id\":\"https:\\\/\\\/www.krafthand.de\\\/truck\\\/artikel\\\/neue-batteriemodule-29135\\\/\"},\"author\":{\"name\":\"julian.schmid@krafthand.de\",\"@id\":\"https:\\\/\\\/www.krafthand.de\\\/truck\\\/#\\\/schema\\\/person\\\/23aebc1e5e3f0204da7158bce36950bb\"},\"headline\":\"Neue Batteriemodule\",\"datePublished\":\"2021-08-30T06:10:53+00:00\",\"dateModified\":\"2021-08-30T14:48:01+00:00\",\"mainEntityOfPage\":{\"@id\":\"https:\\\/\\\/www.krafthand.de\\\/truck\\\/artikel\\\/neue-batteriemodule-29135\\\/\"},\"wordCount\":187,\"image\":{\"@id\":\"https:\\\/\\\/www.krafthand.de\\\/truck\\\/artikel\\\/neue-batteriemodule-29135\\\/#primaryimage\"},\"thumbnailUrl\":\"https:\\\/\\\/static.krafthand-truck.de\\\/uploads\\\/2021\\\/08\\\/03_2021_038_Bild_66.jpg\",\"keywords\":[\"Batterie\",\"Leclanche\",\"Li-Ion\",\"Lithium-Ionen-Batterie\",\"LTO\"],\"articleSection\":[\"E-Antrieb (BEV\\\/FCEV)\"],\"inLanguage\":\"de\"},{\"@type\":\"WebPage\",\"@id\":\"https:\\\/\\\/www.krafthand.de\\\/truck\\\/artikel\\\/neue-batteriemodule-29135\\\/\",\"url\":\"https:\\\/\\\/www.krafthand.de\\\/truck\\\/artikel\\\/neue-batteriemodule-29135\\\/\",\"name\":\"Neue Batteriemodule - Krafthand-Truck\",\"isPartOf\":{\"@id\":\"https:\\\/\\\/www.krafthand.de\\\/truck\\\/#website\"},\"primaryImageOfPage\":{\"@id\":\"https:\\\/\\\/www.krafthand.de\\\/truck\\\/artikel\\\/neue-batteriemodule-29135\\\/#primaryimage\"},\"image\":{\"@id\":\"https:\\\/\\\/www.krafthand.de\\\/truck\\\/artikel\\\/neue-batteriemodule-29135\\\/#primaryimage\"},\"thumbnailUrl\":\"https:\\\/\\\/static.krafthand-truck.de\\\/uploads\\\/2021\\\/08\\\/03_2021_038_Bild_66.jpg\",\"datePublished\":\"2021-08-30T06:10:53+00:00\",\"dateModified\":\"2021-08-30T14:48:01+00:00\",\"author\":{\"@id\":\"https:\\\/\\\/www.krafthand.de\\\/truck\\\/#\\\/schema\\\/person\\\/23aebc1e5e3f0204da7158bce36950bb\"},\"breadcrumb\":{\"@id\":\"https:\\\/\\\/www.krafthand.de\\\/truck\\\/artikel\\\/neue-batteriemodule-29135\\\/#breadcrumb\"},\"inLanguage\":\"de\",\"potentialAction\":[{\"@type\":\"ReadAction\",\"target\":[\"https:\\\/\\\/www.krafthand.de\\\/truck\\\/artikel\\\/neue-batteriemodule-29135\\\/\"]}]},{\"@type\":\"ImageObject\",\"inLanguage\":\"de\",\"@id\":\"https:\\\/\\\/www.krafthand.de\\\/truck\\\/artikel\\\/neue-batteriemodule-29135\\\/#primaryimage\",\"url\":\"https:\\\/\\\/static.krafthand-truck.de\\\/uploads\\\/2021\\\/08\\\/03_2021_038_Bild_66.jpg\",\"contentUrl\":\"https:\\\/\\\/static.krafthand-truck.de\\\/uploads\\\/2021\\\/08\\\/03_2021_038_Bild_66.jpg\",\"width\":839,\"height\":1000,\"caption\":\"Bild: Leclanche\"},{\"@type\":\"BreadcrumbList\",\"@id\":\"https:\\\/\\\/www.krafthand.de\\\/truck\\\/artikel\\\/neue-batteriemodule-29135\\\/#breadcrumb\",\"itemListElement\":[{\"@type\":\"ListItem\",\"position\":1,\"name\":\"Krafthand-Truck\",\"item\":\"https:\\\/\\\/www.krafthand.de\\\/truck\\\/\"},{\"@type\":\"ListItem\",\"position\":2,\"name\":\"Nfz-Technik\",\"item\":\"https:\\\/\\\/www.krafthand.de\\\/truck\\\/kategorie\\\/nfz-technik\\\/\"},{\"@type\":\"ListItem\",\"position\":3,\"name\":\"E-Antrieb (BEV\\\/FCEV)\",\"item\":\"https:\\\/\\\/www.krafthand.de\\\/truck\\\/kategorie\\\/nfz-technik\\\/e-antrieb\\\/\"},{\"@type\":\"ListItem\",\"position\":4,\"name\":\"Neue Batteriemodule\"}]},{\"@type\":\"WebSite\",\"@id\":\"https:\\\/\\\/www.krafthand.de\\\/truck\\\/#website\",\"url\":\"https:\\\/\\\/www.krafthand.de\\\/truck\\\/\",\"name\":\"Krafthand-Truck\",\"description\":\"\",\"potentialAction\":[{\"@type\":\"SearchAction\",\"target\":{\"@type\":\"EntryPoint\",\"urlTemplate\":\"https:\\\/\\\/www.krafthand.de\\\/truck\\\/?s={search_term_string}\"},\"query-input\":{\"@type\":\"PropertyValueSpecification\",\"valueRequired\":true,\"valueName\":\"search_term_string\"}}],\"inLanguage\":\"de\"},{\"@type\":\"Person\",\"@id\":\"https:\\\/\\\/www.krafthand.de\\\/truck\\\/#\\\/schema\\\/person\\\/23aebc1e5e3f0204da7158bce36950bb\",\"name\":\"julian.schmid@krafthand.de\",\"image\":{\"@type\":\"ImageObject\",\"inLanguage\":\"de\",\"@id\":\"https:\\\/\\\/secure.gravatar.com\\\/avatar\\\/ef76c2910cab8eb23fcc013e1c6dc1ba4af5e93fea6e6132d7c4e67d4e9631e9?s=96&d=mm&r=g\",\"url\":\"https:\\\/\\\/secure.gravatar.com\\\/avatar\\\/ef76c2910cab8eb23fcc013e1c6dc1ba4af5e93fea6e6132d7c4e67d4e9631e9?s=96&d=mm&r=g\",\"contentUrl\":\"https:\\\/\\\/secure.gravatar.com\\\/avatar\\\/ef76c2910cab8eb23fcc013e1c6dc1ba4af5e93fea6e6132d7c4e67d4e9631e9?s=96&d=mm&r=g\",\"caption\":\"julian.schmid@krafthand.de\"}}]}<\/script>\n<!-- \/ Yoast SEO plugin. -->","yoast_head_json":{"title":"Neue Batteriemodule - Krafthand-Truck","robots":{"index":"index","follow":"follow","max-snippet":"max-snippet:-1","max-image-preview":"max-image-preview:large","max-video-preview":"max-video-preview:-1"},"canonical":"https:\/\/www.krafthand.de\/truck\/artikel\/neue-batteriemodule-29135\/","og_locale":"de_DE","og_type":"article","og_title":"Neue Batteriemodule - Krafthand-Truck","og_description":"Der Schweizer Spezialist f\u00fcr Energiespeichersysteme Leclanch\u00e9, hat eine neue Generation von Lithium-Ionen-Batteriemodulen f\u00fcr energieintensive E-Transport-Anwendungen, wie zum Beispiel f\u00fcr Nutzfahrzeuge, vorgestellt. ... weiter","og_url":"https:\/\/www.krafthand-truck.de\/artikel\/neue-batteriemodule-29135\/","og_site_name":"Krafthand-Truck","article_published_time":"2021-08-30T06:10:53+00:00","article_modified_time":"2021-08-30T14:48:01+00:00","og_image":[{"width":839,"height":1000,"url":"https:\/\/www.krafthand.de\/truck\/wp-content\/uploads\/2021\/08\/03_2021_038_Bild_66.jpg","type":"image\/jpeg"}],"author":"julian.schmid@krafthand.de","twitter_card":"summary_large_image","twitter_misc":{"Verfasst von":"julian.schmid@krafthand.de","Gesch\u00e4tzte Lesezeit":"1\u00a0Minute"},"schema":{"@context":"https:\/\/schema.org","@graph":[{"@type":"Article","@id":"https:\/\/www.krafthand.de\/truck\/artikel\/neue-batteriemodule-29135\/#article","isPartOf":{"@id":"https:\/\/www.krafthand.de\/truck\/artikel\/neue-batteriemodule-29135\/"},"author":{"name":"julian.schmid@krafthand.de","@id":"https:\/\/www.krafthand.de\/truck\/#\/schema\/person\/23aebc1e5e3f0204da7158bce36950bb"},"headline":"Neue Batteriemodule","datePublished":"2021-08-30T06:10:53+00:00","dateModified":"2021-08-30T14:48:01+00:00","mainEntityOfPage":{"@id":"https:\/\/www.krafthand.de\/truck\/artikel\/neue-batteriemodule-29135\/"},"wordCount":187,"image":{"@id":"https:\/\/www.krafthand.de\/truck\/artikel\/neue-batteriemodule-29135\/#primaryimage"},"thumbnailUrl":"https:\/\/static.krafthand-truck.de\/uploads\/2021\/08\/03_2021_038_Bild_66.jpg","keywords":["Batterie","Leclanche","Li-Ion","Lithium-Ionen-Batterie","LTO"],"articleSection":["E-Antrieb (BEV\/FCEV)"],"inLanguage":"de"},{"@type":"WebPage","@id":"https:\/\/www.krafthand.de\/truck\/artikel\/neue-batteriemodule-29135\/","url":"https:\/\/www.krafthand.de\/truck\/artikel\/neue-batteriemodule-29135\/","name":"Neue Batteriemodule - Krafthand-Truck","isPartOf":{"@id":"https:\/\/www.krafthand.de\/truck\/#website"},"primaryImageOfPage":{"@id":"https:\/\/www.krafthand.de\/truck\/artikel\/neue-batteriemodule-29135\/#primaryimage"},"image":{"@id":"https:\/\/www.krafthand.de\/truck\/artikel\/neue-batteriemodule-29135\/#primaryimage"},"thumbnailUrl":"https:\/\/static.krafthand-truck.de\/uploads\/2021\/08\/03_2021_038_Bild_66.jpg","datePublished":"2021-08-30T06:10:53+00:00","dateModified":"2021-08-30T14:48:01+00:00","author":{"@id":"https:\/\/www.krafthand.de\/truck\/#\/schema\/person\/23aebc1e5e3f0204da7158bce36950bb"},"breadcrumb":{"@id":"https:\/\/www.krafthand.de\/truck\/artikel\/neue-batteriemodule-29135\/#breadcrumb"},"inLanguage":"de","potentialAction":[{"@type":"ReadAction","target":["https:\/\/www.krafthand.de\/truck\/artikel\/neue-batteriemodule-29135\/"]}]},{"@type":"ImageObject","inLanguage":"de","@id":"https:\/\/www.krafthand.de\/truck\/artikel\/neue-batteriemodule-29135\/#primaryimage","url":"https:\/\/static.krafthand-truck.de\/uploads\/2021\/08\/03_2021_038_Bild_66.jpg","contentUrl":"https:\/\/static.krafthand-truck.de\/uploads\/2021\/08\/03_2021_038_Bild_66.jpg","width":839,"height":1000,"caption":"Bild: Leclanche"},{"@type":"BreadcrumbList","@id":"https:\/\/www.krafthand.de\/truck\/artikel\/neue-batteriemodule-29135\/#breadcrumb","itemListElement":[{"@type":"ListItem","position":1,"name":"Krafthand-Truck","item":"https:\/\/www.krafthand.de\/truck\/"},{"@type":"ListItem","position":2,"name":"Nfz-Technik","item":"https:\/\/www.krafthand.de\/truck\/kategorie\/nfz-technik\/"},{"@type":"ListItem","position":3,"name":"E-Antrieb (BEV\/FCEV)","item":"https:\/\/www.krafthand.de\/truck\/kategorie\/nfz-technik\/e-antrieb\/"},{"@type":"ListItem","position":4,"name":"Neue Batteriemodule"}]},{"@type":"WebSite","@id":"https:\/\/www.krafthand.de\/truck\/#website","url":"https:\/\/www.krafthand.de\/truck\/","name":"Krafthand-Truck","description":"","potentialAction":[{"@type":"SearchAction","target":{"@type":"EntryPoint","urlTemplate":"https:\/\/www.krafthand.de\/truck\/?s={search_term_string}"},"query-input":{"@type":"PropertyValueSpecification","valueRequired":true,"valueName":"search_term_string"}}],"inLanguage":"de"},{"@type":"Person","@id":"https:\/\/www.krafthand.de\/truck\/#\/schema\/person\/23aebc1e5e3f0204da7158bce36950bb","name":"julian.schmid@krafthand.de","image":{"@type":"ImageObject","inLanguage":"de","@id":"https:\/\/secure.gravatar.com\/avatar\/ef76c2910cab8eb23fcc013e1c6dc1ba4af5e93fea6e6132d7c4e67d4e9631e9?s=96&d=mm&r=g","url":"https:\/\/secure.gravatar.com\/avatar\/ef76c2910cab8eb23fcc013e1c6dc1ba4af5e93fea6e6132d7c4e67d4e9631e9?s=96&d=mm&r=g","contentUrl":"https:\/\/secure.gravatar.com\/avatar\/ef76c2910cab8eb23fcc013e1c6dc1ba4af5e93fea6e6132d7c4e67d4e9631e9?s=96&d=mm&r=g","caption":"julian.schmid@krafthand.de"}}]}},"_links":{"self":[{"href":"https:\/\/www.krafthand.de\/truck\/wp-json\/wp\/v2\/posts\/29135","targetHints":{"allow":["GET"]}}],"collection":[{"href":"https:\/\/www.krafthand.de\/truck\/wp-json\/wp\/v2\/posts"}],"about":[{"href":"https:\/\/www.krafthand.de\/truck\/wp-json\/wp\/v2\/types\/post"}],"author":[{"embeddable":true,"href":"https:\/\/www.krafthand.de\/truck\/wp-json\/wp\/v2\/users\/7"}],"replies":[{"embeddable":true,"href":"https:\/\/www.krafthand.de\/truck\/wp-json\/wp\/v2\/comments?post=29135"}],"version-history":[{"count":3,"href":"https:\/\/www.krafthand.de\/truck\/wp-json\/wp\/v2\/posts\/29135\/revisions"}],"predecessor-version":[{"id":29256,"href":"https:\/\/www.krafthand.de\/truck\/wp-json\/wp\/v2\/posts\/29135\/revisions\/29256"}],"wp:featuredmedia":[{"embeddable":true,"href":"https:\/\/www.krafthand.de\/truck\/wp-json\/wp\/v2\/media\/29136"}],"wp:attachment":[{"href":"https:\/\/www.krafthand.de\/truck\/wp-json\/wp\/v2\/media?parent=29135"}],"wp:term":[{"taxonomy":"category","embeddable":true,"href":"https:\/\/www.krafthand.de\/truck\/wp-json\/wp\/v2\/categories?post=29135"},{"taxonomy":"post_tag","embeddable":true,"href":"https:\/\/www.krafthand.de\/truck\/wp-json\/wp\/v2\/tags?post=29135"},{"taxonomy":"settings","embeddable":true,"href":"https:\/\/www.krafthand.de\/truck\/wp-json\/wp\/v2\/settings?post=29135"}],"curies":[{"name":"wp","href":"https:\/\/api.w.org\/{rel}","templated":true}]}}