{"id":29124,"date":"2021-08-23T08:00:20","date_gmt":"2021-08-23T06:00:20","guid":{"rendered":"https:\/\/www.krafthand.de\/truck\/?p=29124"},"modified":"2021-11-26T15:30:49","modified_gmt":"2021-11-26T14:30:49","slug":"der-etgm-von-man","status":"publish","type":"post","link":"https:\/\/www.krafthand.de\/truck\/artikel\/der-etgm-von-man-29124\/","title":{"rendered":"Der eTGM von MAN"},"content":{"rendered":"<p>MAN setzt neben anderen Lkw-Herstellern ebenfalls auf die Elektromobilit\u00e4t als Schl\u00fcsseltechnologie f\u00fcr den Nutzfahrzeugverkehr der Zukunft. Eine Rahmenbedingung ist bereits abgesteckt: Die EU verlangt f\u00fcr Lkw \u00fcber 16 Tonnen bis 2030 eine CO2-Reduzierung von 30 Prozent im Vergleich zum aktuellen Niveau. \u201eWir haben uns vorgenommen, nicht nur darauf zu reagieren, wir sehen die Elektromobilit\u00e4t auch als Chance, gesellschaftliche Verantwortung zu \u00fcbernehmen. Wichtige Schritte sind wir bereits mit dem Start der Serienproduktion von Elektro-Bussen und der Er\u00f6ffnung eines eMobility Centers in M\u00fcnchen, in Vorbereitung der Serienproduktion von E-Trucks gegangen\u201c, so Dr. Frederik Zohm, Vorstand Technik &amp; Entwicklung bei <a href=\"https:\/\/www.mantruckandbus.com\/de\/man.html\" target=\"_blank\" rel=\"noopener\">MAN Truck &amp; Bus<\/a>.<\/p>\n<h2>Das Flaggschiff<\/h2>\n<p>Neben dem Transporter eTGE, der je nach Modell f\u00fcr ein Gesamtgewicht bis 3,5 Tonnen ausgelegt ist, liegt der Schwerpunkt im urbanen Schwerlastverkehr auf der Entwicklung und Produktion des eTGM, mit einem zul\u00e4ssigen Gesamtgewicht (zGG) bis 26 Tonnen. Das Fahrzeug befindet sich seit 2018 in unterschiedlichen Unternehmen in der Testphase auf der Stra\u00dfe und wird seit Ende 2019 in Kleinserie produziert und seit 2020 an Kunden ausgeliefert.<\/p>\n<figure id=\"attachment_29126\" aria-describedby=\"caption-attachment-29126\" style=\"width: 1000px\" class=\"wp-caption alignnone\"><img fetchpriority=\"high\" decoding=\"async\" class=\"size-full wp-image-29126\" src=\"https:\/\/www.krafthand.de\/truck\/wp-content\/uploads\/2021\/08\/03_2021_003_Bild009.jpg\" alt=\"eTGM im Einsatz bei der Metzger Spedition GmbH in Kupferzell\" width=\"1000\" height=\"705\" srcset=\"https:\/\/static.krafthand-truck.de\/uploads\/2021\/08\/03_2021_003_Bild009.jpg 1000w, https:\/\/static.krafthand-truck.de\/uploads\/2021\/08\/03_2021_003_Bild009-300x212.jpg 300w, https:\/\/static.krafthand-truck.de\/uploads\/2021\/08\/03_2021_003_Bild009-768x541.jpg 768w\" sizes=\"(max-width: 1000px) 100vw, 1000px\" \/><figcaption id=\"caption-attachment-29126\" class=\"wp-caption-text\">Der eTGM im Einsatz bei der Metzger Spedition GmbH in Kupferzell: von links: Stefan Wiegand, Head of Transportation &amp; Fleet, Fahrer Peter Kobald.<\/figcaption><\/figure>\n<h3>Antrieb\/Nebenaggregate<\/h3>\n<p>Der eTGM wird von einem elektrischen Zentralmotor mit 264 kW-Leistung angetrieben, der bis zu 3.100 Nm Drehmoment auf die Stra\u00dfe bringt. Charakteristisch f\u00fcr eine e-Maschine ist, dass das Drehmoment sehr rasch vollst\u00e4ndig anliegt. Nebenaggregate wie die Servolenkung, der Luftkompressor sowie die Klimaanlage werden ebenfalls elektrisch betrieben und \u00fcber das Energiemanagement bedarfsabh\u00e4ngig und damit energiesparend gesteuert. Die Batterien (der eTGE ist mit 12 Battery-Packs ausgestattet) verf\u00fcgen \u00fcber einen separaten K\u00fchl- und Heizkreislauf, um die Akkus stets im optimalen Temperaturfenster zu halten.<\/p>\n<p>Das Fahrzeug verf\u00fcgt \u00fcber kein klassisches, schaltbares Getriebe. Das eTGM ist laut MAN so ausgelegt, dass sowohl das Anfahren wie auch Autobahntempo im selben Gang m\u00f6glich sind. Im Triebstrang ist laut MAN lediglich eine Reduktion vorgesehen, um die Drehzahl der e-Maschine generell zur Achs- beziehungsweise zur Raddrehzahl anzupassen.<\/p>\n<h2>Die Bremsanlage<\/h2>\n<p>Was die Bremsanlage angeht, so ist der eTGM mit einer \u201aklassischen\u2018 Druckluftbremse ausgestattet, die jedoch ebenfalls mit einem elektrischen Kompressor betrieben wird. \u00dcber die Bremsenergie-R\u00fcckgewinnung (Rekuperation) kann die Bewegungsenergie des Fahrzeugs in den Schub- und Bremsphasen in elektrische Energie umgewandelt und in die Batteriespeicher zur\u00fcckgef\u00fchrt werden. Durch diese Technologie kann die Reichweite laut MAN deutlich erh\u00f6ht werden. Eine Anzeige im Cockpit informiert den Fahrer \u00fcber den aktuellen Energieinhalt der Batterien und auch \u00fcber die H\u00f6he des aktuellen Rekuperationsgrads. Das Bremsmanagement-System steuert bei einer Bremsung zuerst die e-Maschine dazu und erst bei sehr hohen Bremsleistungen zus\u00e4tzlich die Betriebsbremse.<\/p>\n<figure id=\"attachment_29128\" aria-describedby=\"caption-attachment-29128\" style=\"width: 1000px\" class=\"wp-caption alignnone\"><img decoding=\"async\" class=\"size-full wp-image-29128\" src=\"https:\/\/www.krafthand.de\/truck\/wp-content\/uploads\/2021\/08\/03_2021_003_Bild010.jpg\" alt=\"eTGM im DC-Ladebetrieb\" width=\"1000\" height=\"667\" srcset=\"https:\/\/static.krafthand-truck.de\/uploads\/2021\/08\/03_2021_003_Bild010.jpg 1000w, https:\/\/static.krafthand-truck.de\/uploads\/2021\/08\/03_2021_003_Bild010-300x200.jpg 300w, https:\/\/static.krafthand-truck.de\/uploads\/2021\/08\/03_2021_003_Bild010-768x512.jpg 768w\" sizes=\"(max-width: 1000px) 100vw, 1000px\" \/><figcaption id=\"caption-attachment-29128\" class=\"wp-caption-text\">Der DC-Ladebetrieb mit bis 150 kW Ladeleistung soll beim eTGM ein Laden von zirka 80 Prozent in 45 min erm\u00f6glichen.<\/figcaption><\/figure>\n<h3>Die Reifen, die Klimaanlage<\/h3>\n<p>Spezielle Reifen, die durchaus bei batterieelektrisch-angetriebenen Pkw eingesetzt werden, kommen beim eTGM nicht zum Einsatz. Es handelt sich laut MAN um \u00fcbliche Reifen f\u00fcr den Verteilerverkehr verschiedener Premium-Reifenhersteller in den Gr\u00f6\u00dfen 315\/70R22,5 (VA)\u00a0 und 315\/70R22,5 (HA). Auch die Klimaanlage ist identisch zu dem im Diesel-Lkw verbauten Ger\u00e4t. Lediglich Kompressor und Heizger\u00e4t sind elektrisch betrieben. Auch das K\u00e4ltemittel ist identisch zur Serie, also kein R744 (CO2).<\/p>\n<h3>St\u00fctzpunkte, Qualifikation<\/h3>\n<p>In Europa sollen laut MAN bis zum Jahresende rund 170 MAN-Servicebetriebe fit f\u00fcr elektrische Antriebe sein, darunter MAN-eigene Werkst\u00e4tten und Service-Partner. In Deutschland sind es aktuell rund 50 Service-Niederlassungen, die bereit sind f\u00fcr den eTGM.<\/p>\n<p>Was die Betriebsausstattung angeht, so beziehen sich die speziellen Werkzeuge und Tools f\u00fcr die Elektrofachkraft auf die Diagnose und Fehlersuche sowie den Aus- und Einbau von Hochvoltkomponenten. Dar\u00fcber hinaus m\u00fcssen Spezialwerkzeuge wie Schutzhelm HVE, Elektriker-Handschuhe, Temperaturmessger\u00e4t oder Rettungsstange vorhanden sein.<\/p>\n<p>Das Schulungskonzept f\u00fcr die Mechatroniker ist vierstufig. Es beginnt mit HV-sensibilisierten Personen, geht \u00fcber elektrisch unterwiesene Personen, die allgemeine Reparaturen und Wartungsarbeiten am MAN-Fahrzeug mit Hochvoltsystem durchf\u00fchren darf. Die n\u00e4chste Stufe ist die sogenannte Elektrofachkraft, die zum Beispiel die Spannungsfreiheit nach einem Standardprozess herstellen und feststellen darf. H\u00f6chster Qualifizierungsgrad ist die Elektrofachkraft mit der Zusatzqualifikation Arbeiten unter Spannung. Hierbei geht es aber dann schon ins \u201aEingemachte\u2018.<\/p>\n<h3>Service, Batterien<\/h3>\n<p>Laut MAN sind alle neuen (Antriebs-) Komponenten, wie beispielsweise die e-Maschine, wartungsfrei. Allerdings unterzieht MAN die Fahrzeuge aufgrund der vielen Neuerungen einer regelm\u00e4\u00dfigen Durchsicht. Die gr\u00f6\u00dfere Herausforderung d\u00fcrfte jedoch im Werkstattgesch\u00e4ft das Temperaturmanagement sein. Hinzu kommen nat\u00fcrlich die Verschlei\u00dfteile wie Bremsen, Reifen, Lagereinheiten etc.<\/p>\n<figure id=\"attachment_29127\" aria-describedby=\"caption-attachment-29127\" style=\"width: 1000px\" class=\"wp-caption alignnone\"><img decoding=\"async\" class=\"size-full wp-image-29127\" src=\"https:\/\/www.krafthand.de\/truck\/wp-content\/uploads\/2021\/08\/03_2021_003_Bild008.jpg\" alt=\"Cockpitanzeige Energieinhalt Batterie eTGM\" width=\"1000\" height=\"667\" srcset=\"https:\/\/static.krafthand-truck.de\/uploads\/2021\/08\/03_2021_003_Bild008.jpg 1000w, https:\/\/static.krafthand-truck.de\/uploads\/2021\/08\/03_2021_003_Bild008-300x200.jpg 300w, https:\/\/static.krafthand-truck.de\/uploads\/2021\/08\/03_2021_003_Bild008-768x512.jpg 768w\" sizes=\"(max-width: 1000px) 100vw, 1000px\" \/><figcaption id=\"caption-attachment-29127\" class=\"wp-caption-text\">Eine Anzeige im Cockpit informiert den Fahrer \u00fcber den aktuellen Energieinhalt der Batterien.<\/figcaption><\/figure>\n<p>Die Energie f\u00fcr den eTGM liefern Lithium-Ionen-Batterien aus dem Volkswagen-Konzern, die unter dem Fahrerhaus \u00fcber der Vorderachse angeordnet sind, wo bei herk\u00f6mmlichen Fahrzeugen der Diesel-Antriebsstrang platziert ist. Weitere Batterien befinden sich laut MAN seitlich links und rechts am Fahrzeugrahmen. Die Akkus werden samt Fahrzeug verkauft. MAN bietet zusammen mit dem eTGM einen Garantiebaustein an, der \u00fcber den Zeitraum von sechs Jahren (beziehungsweise bis zu einer Laufzeit von 240.000 km) den Totalausfall der Batterien absichert.<\/p>\n<h2>Reichweite und Ladezeit<\/h2>\n<p>Die Reichweite des eTGM betr\u00e4gt je nach Einsatzgebiet, klimatischen und topografischen Rahmenbedingungen bis zu 200 Kilometer. Es sind zwei Arten von Ladem\u00f6glichkeiten m\u00f6glich: Der AC-Ladebetrieb (bis 43 kW) eignet sich f\u00fcr das Overnight-Chargen (Ladezeiten zirka zwischen sechs (80 Prozent) und acht Stunden (100 Prozent)). Der DC-Ladebetrieb mit bis 150 kW Ladeleistung erm\u00f6glicht ein Laden von zirka 80 Prozent in der Ruhepause des Fahrers (45 min). Im \u00dcbrigen: Der eTGM, der f\u00fcr den mittleren und schweren Verteilerverkehr konzipiert ist, l\u00e4sst sich laut MAN aufbauseitig als K\u00fchlfahrzeug, mit Wechselbr\u00fccke oder Getr\u00e4nkeaufbau konfigurieren.<\/p>\n<p><i>Den Beitrag finden Sie auch in der Print-Ausgabe 3\/21 der <a href=\"https:\/\/www.krafthand.de\/truck\/magazin\/\" title=\"Zum Magazin\">Krafthand-Truck<\/a>.<\/i><\/p>\r\n\t\t\t\t<div class=\"post-author\">\r\n\t\t\t\t\t<div class=\"khm-cp-author clearfix\">\r\n\t\t\t\t\t\t<div class=\"khm-cp-author__content\">\r\n\t\t\t\t\t\t\t\tKontakt zum Autor:<br \/>\r\n\t\t\t\t\t\t\t\t<strong>Georg Blenk<\/strong>, 08247 \/ 3007-45 |  <a href=\"mailto:georg.blenk@krafthand-medien.de\">georg.blenk@krafthand-medien.de<\/a>\r\n\t\t\t\t\t\t\t<div class=\"khm-cp-author__image\">\r\n\t\t\t\t\t\t<img src=\"https:\/\/static.krafthand-truck.de\/uploads\/2021\/01\/Blenk_6104-250x300-1-removebg-preview.png\" class=\"img-responsive\">\r\n\t\t\t\t\t<\/div>\r\n\t\t\t\t\t\t<\/div>\r\n\t\t\t\t\t<\/div>\r\n\t\t\t\t<\/div>\r\n\t\t\t\t","protected":false},"excerpt":{"rendered":"<p>MAN setzt neben anderen Lkw-Herstellern ebenfalls auf die Elektromobilit\u00e4t als Schl\u00fcsseltechnologie f\u00fcr den Nutzfahrzeugverkehr der Zukunft. <span class=\"excerpt-more__dots\">&#8230;<\/span> <a class=\"excerpt-more__link\" href=\"https:\/\/www.krafthand.de\/truck\/artikel\/der-etgm-von-man-29124\/\" >weiter<\/a><\/p>\n","protected":false},"author":7,"featured_media":29125,"comment_status":"closed","ping_status":"closed","sticky":false,"template":"","format":"standard","meta":{"footnotes":""},"categories":[4224,4915],"tags":[1502,4177,2880,3016,4526,152,4703],"settings":[3524,3523],"class_list":["post-29124","post","type-post","status-publish","format-standard","has-post-thumbnail","hentry","category-e-antrieb","category-neue-fahrzeuge","tag-batterie","tag-e-lkw","tag-elektro-lkw","tag-elektromotor","tag-etgm","tag-man","tag-rekuperation"],"yoast_head":"<!-- This site is optimized with the Yoast SEO plugin v27.3 - https:\/\/yoast.com\/product\/yoast-seo-wordpress\/ -->\n<title>Der eTGM von MAN - Krafthand-Truck<\/title>\n<meta name=\"robots\" content=\"index, follow, max-snippet:-1, max-image-preview:large, max-video-preview:-1\" \/>\n<link rel=\"canonical\" href=\"https:\/\/www.krafthand.de\/truck\/artikel\/der-etgm-von-man-29124\/\" \/>\n<meta property=\"og:locale\" content=\"de_DE\" \/>\n<meta property=\"og:type\" content=\"article\" \/>\n<meta property=\"og:title\" content=\"Der eTGM von MAN - Krafthand-Truck\" \/>\n<meta property=\"og:description\" content=\"MAN setzt neben anderen Lkw-Herstellern ebenfalls auf die Elektromobilit\u00e4t als Schl\u00fcsseltechnologie f\u00fcr den Nutzfahrzeugverkehr der Zukunft. ... weiter\" \/>\n<meta property=\"og:url\" content=\"https:\/\/www.krafthand-truck.de\/artikel\/der-etgm-von-man-29124\/\" \/>\n<meta property=\"og:site_name\" content=\"Krafthand-Truck\" \/>\n<meta property=\"article:published_time\" content=\"2021-08-23T06:00:20+00:00\" \/>\n<meta property=\"article:modified_time\" content=\"2021-11-26T14:30:49+00:00\" \/>\n<meta property=\"og:image\" content=\"https:\/\/www.krafthand.de\/truck\/wp-content\/uploads\/2021\/08\/03_2021_003_Bild007.jpg\" \/>\n\t<meta property=\"og:image:width\" content=\"1000\" \/>\n\t<meta property=\"og:image:height\" content=\"504\" \/>\n\t<meta property=\"og:image:type\" content=\"image\/jpeg\" \/>\n<meta name=\"author\" content=\"julian.schmid@krafthand.de\" \/>\n<meta name=\"twitter:card\" content=\"summary_large_image\" \/>\n<meta name=\"twitter:label1\" content=\"Verfasst von\" \/>\n\t<meta name=\"twitter:data1\" content=\"julian.schmid@krafthand.de\" \/>\n\t<meta name=\"twitter:label2\" content=\"Gesch\u00e4tzte Lesezeit\" \/>\n\t<meta name=\"twitter:data2\" content=\"5\u00a0Minuten\" \/>\n<script type=\"application\/ld+json\" class=\"yoast-schema-graph\">{\"@context\":\"https:\\\/\\\/schema.org\",\"@graph\":[{\"@type\":\"Article\",\"@id\":\"https:\\\/\\\/www.krafthand.de\\\/truck\\\/artikel\\\/der-etgm-von-man-29124\\\/#article\",\"isPartOf\":{\"@id\":\"https:\\\/\\\/www.krafthand.de\\\/truck\\\/artikel\\\/der-etgm-von-man-29124\\\/\"},\"author\":{\"name\":\"julian.schmid@krafthand.de\",\"@id\":\"https:\\\/\\\/www.krafthand.de\\\/truck\\\/#\\\/schema\\\/person\\\/23aebc1e5e3f0204da7158bce36950bb\"},\"headline\":\"Der eTGM von MAN\",\"datePublished\":\"2021-08-23T06:00:20+00:00\",\"dateModified\":\"2021-11-26T14:30:49+00:00\",\"mainEntityOfPage\":{\"@id\":\"https:\\\/\\\/www.krafthand.de\\\/truck\\\/artikel\\\/der-etgm-von-man-29124\\\/\"},\"wordCount\":941,\"image\":{\"@id\":\"https:\\\/\\\/www.krafthand.de\\\/truck\\\/artikel\\\/der-etgm-von-man-29124\\\/#primaryimage\"},\"thumbnailUrl\":\"https:\\\/\\\/static.krafthand-truck.de\\\/uploads\\\/2021\\\/08\\\/03_2021_003_Bild007.jpg\",\"keywords\":[\"Batterie\",\"E-Lkw\",\"Elektro-Lkw\",\"Elektromotor\",\"eTGM\",\"MAN\",\"Rekuperation\"],\"articleSection\":[\"E-Antrieb (BEV\\\/FCEV)\",\"Neue Fahrzeuge\"],\"inLanguage\":\"de\"},{\"@type\":\"WebPage\",\"@id\":\"https:\\\/\\\/www.krafthand.de\\\/truck\\\/artikel\\\/der-etgm-von-man-29124\\\/\",\"url\":\"https:\\\/\\\/www.krafthand.de\\\/truck\\\/artikel\\\/der-etgm-von-man-29124\\\/\",\"name\":\"Der eTGM von MAN - Krafthand-Truck\",\"isPartOf\":{\"@id\":\"https:\\\/\\\/www.krafthand.de\\\/truck\\\/#website\"},\"primaryImageOfPage\":{\"@id\":\"https:\\\/\\\/www.krafthand.de\\\/truck\\\/artikel\\\/der-etgm-von-man-29124\\\/#primaryimage\"},\"image\":{\"@id\":\"https:\\\/\\\/www.krafthand.de\\\/truck\\\/artikel\\\/der-etgm-von-man-29124\\\/#primaryimage\"},\"thumbnailUrl\":\"https:\\\/\\\/static.krafthand-truck.de\\\/uploads\\\/2021\\\/08\\\/03_2021_003_Bild007.jpg\",\"datePublished\":\"2021-08-23T06:00:20+00:00\",\"dateModified\":\"2021-11-26T14:30:49+00:00\",\"author\":{\"@id\":\"https:\\\/\\\/www.krafthand.de\\\/truck\\\/#\\\/schema\\\/person\\\/23aebc1e5e3f0204da7158bce36950bb\"},\"breadcrumb\":{\"@id\":\"https:\\\/\\\/www.krafthand.de\\\/truck\\\/artikel\\\/der-etgm-von-man-29124\\\/#breadcrumb\"},\"inLanguage\":\"de\",\"potentialAction\":[{\"@type\":\"ReadAction\",\"target\":[\"https:\\\/\\\/www.krafthand.de\\\/truck\\\/artikel\\\/der-etgm-von-man-29124\\\/\"]}]},{\"@type\":\"ImageObject\",\"inLanguage\":\"de\",\"@id\":\"https:\\\/\\\/www.krafthand.de\\\/truck\\\/artikel\\\/der-etgm-von-man-29124\\\/#primaryimage\",\"url\":\"https:\\\/\\\/static.krafthand-truck.de\\\/uploads\\\/2021\\\/08\\\/03_2021_003_Bild007.jpg\",\"contentUrl\":\"https:\\\/\\\/static.krafthand-truck.de\\\/uploads\\\/2021\\\/08\\\/03_2021_003_Bild007.jpg\",\"width\":1000,\"height\":504,\"caption\":\"\u201eDer eTGM wird von einem elektrischen Zentralmotor mit 264-KW Leistung angetrieben, der bis zu 3.100 Nm Drehmoment auf die Stra\u00dfe bringt.\u201c\"},{\"@type\":\"BreadcrumbList\",\"@id\":\"https:\\\/\\\/www.krafthand.de\\\/truck\\\/artikel\\\/der-etgm-von-man-29124\\\/#breadcrumb\",\"itemListElement\":[{\"@type\":\"ListItem\",\"position\":1,\"name\":\"Krafthand-Truck\",\"item\":\"https:\\\/\\\/www.krafthand.de\\\/truck\\\/\"},{\"@type\":\"ListItem\",\"position\":2,\"name\":\"Nfz-Technik\",\"item\":\"https:\\\/\\\/www.krafthand.de\\\/truck\\\/kategorie\\\/nfz-technik\\\/\"},{\"@type\":\"ListItem\",\"position\":3,\"name\":\"E-Antrieb (BEV\\\/FCEV)\",\"item\":\"https:\\\/\\\/www.krafthand.de\\\/truck\\\/kategorie\\\/nfz-technik\\\/e-antrieb\\\/\"},{\"@type\":\"ListItem\",\"position\":4,\"name\":\"Der eTGM von MAN\"}]},{\"@type\":\"WebSite\",\"@id\":\"https:\\\/\\\/www.krafthand.de\\\/truck\\\/#website\",\"url\":\"https:\\\/\\\/www.krafthand.de\\\/truck\\\/\",\"name\":\"Krafthand-Truck\",\"description\":\"\",\"potentialAction\":[{\"@type\":\"SearchAction\",\"target\":{\"@type\":\"EntryPoint\",\"urlTemplate\":\"https:\\\/\\\/www.krafthand.de\\\/truck\\\/?s={search_term_string}\"},\"query-input\":{\"@type\":\"PropertyValueSpecification\",\"valueRequired\":true,\"valueName\":\"search_term_string\"}}],\"inLanguage\":\"de\"},{\"@type\":\"Person\",\"@id\":\"https:\\\/\\\/www.krafthand.de\\\/truck\\\/#\\\/schema\\\/person\\\/23aebc1e5e3f0204da7158bce36950bb\",\"name\":\"julian.schmid@krafthand.de\",\"image\":{\"@type\":\"ImageObject\",\"inLanguage\":\"de\",\"@id\":\"https:\\\/\\\/secure.gravatar.com\\\/avatar\\\/ef76c2910cab8eb23fcc013e1c6dc1ba4af5e93fea6e6132d7c4e67d4e9631e9?s=96&d=mm&r=g\",\"url\":\"https:\\\/\\\/secure.gravatar.com\\\/avatar\\\/ef76c2910cab8eb23fcc013e1c6dc1ba4af5e93fea6e6132d7c4e67d4e9631e9?s=96&d=mm&r=g\",\"contentUrl\":\"https:\\\/\\\/secure.gravatar.com\\\/avatar\\\/ef76c2910cab8eb23fcc013e1c6dc1ba4af5e93fea6e6132d7c4e67d4e9631e9?s=96&d=mm&r=g\",\"caption\":\"julian.schmid@krafthand.de\"}}]}<\/script>\n<!-- \/ Yoast SEO plugin. -->","yoast_head_json":{"title":"Der eTGM von MAN - Krafthand-Truck","robots":{"index":"index","follow":"follow","max-snippet":"max-snippet:-1","max-image-preview":"max-image-preview:large","max-video-preview":"max-video-preview:-1"},"canonical":"https:\/\/www.krafthand.de\/truck\/artikel\/der-etgm-von-man-29124\/","og_locale":"de_DE","og_type":"article","og_title":"Der eTGM von MAN - Krafthand-Truck","og_description":"MAN setzt neben anderen Lkw-Herstellern ebenfalls auf die Elektromobilit\u00e4t als Schl\u00fcsseltechnologie f\u00fcr den Nutzfahrzeugverkehr der Zukunft. ... weiter","og_url":"https:\/\/www.krafthand-truck.de\/artikel\/der-etgm-von-man-29124\/","og_site_name":"Krafthand-Truck","article_published_time":"2021-08-23T06:00:20+00:00","article_modified_time":"2021-11-26T14:30:49+00:00","og_image":[{"width":1000,"height":504,"url":"https:\/\/www.krafthand.de\/truck\/wp-content\/uploads\/2021\/08\/03_2021_003_Bild007.jpg","type":"image\/jpeg"}],"author":"julian.schmid@krafthand.de","twitter_card":"summary_large_image","twitter_misc":{"Verfasst von":"julian.schmid@krafthand.de","Gesch\u00e4tzte Lesezeit":"5\u00a0Minuten"},"schema":{"@context":"https:\/\/schema.org","@graph":[{"@type":"Article","@id":"https:\/\/www.krafthand.de\/truck\/artikel\/der-etgm-von-man-29124\/#article","isPartOf":{"@id":"https:\/\/www.krafthand.de\/truck\/artikel\/der-etgm-von-man-29124\/"},"author":{"name":"julian.schmid@krafthand.de","@id":"https:\/\/www.krafthand.de\/truck\/#\/schema\/person\/23aebc1e5e3f0204da7158bce36950bb"},"headline":"Der eTGM von MAN","datePublished":"2021-08-23T06:00:20+00:00","dateModified":"2021-11-26T14:30:49+00:00","mainEntityOfPage":{"@id":"https:\/\/www.krafthand.de\/truck\/artikel\/der-etgm-von-man-29124\/"},"wordCount":941,"image":{"@id":"https:\/\/www.krafthand.de\/truck\/artikel\/der-etgm-von-man-29124\/#primaryimage"},"thumbnailUrl":"https:\/\/static.krafthand-truck.de\/uploads\/2021\/08\/03_2021_003_Bild007.jpg","keywords":["Batterie","E-Lkw","Elektro-Lkw","Elektromotor","eTGM","MAN","Rekuperation"],"articleSection":["E-Antrieb (BEV\/FCEV)","Neue Fahrzeuge"],"inLanguage":"de"},{"@type":"WebPage","@id":"https:\/\/www.krafthand.de\/truck\/artikel\/der-etgm-von-man-29124\/","url":"https:\/\/www.krafthand.de\/truck\/artikel\/der-etgm-von-man-29124\/","name":"Der eTGM von MAN - Krafthand-Truck","isPartOf":{"@id":"https:\/\/www.krafthand.de\/truck\/#website"},"primaryImageOfPage":{"@id":"https:\/\/www.krafthand.de\/truck\/artikel\/der-etgm-von-man-29124\/#primaryimage"},"image":{"@id":"https:\/\/www.krafthand.de\/truck\/artikel\/der-etgm-von-man-29124\/#primaryimage"},"thumbnailUrl":"https:\/\/static.krafthand-truck.de\/uploads\/2021\/08\/03_2021_003_Bild007.jpg","datePublished":"2021-08-23T06:00:20+00:00","dateModified":"2021-11-26T14:30:49+00:00","author":{"@id":"https:\/\/www.krafthand.de\/truck\/#\/schema\/person\/23aebc1e5e3f0204da7158bce36950bb"},"breadcrumb":{"@id":"https:\/\/www.krafthand.de\/truck\/artikel\/der-etgm-von-man-29124\/#breadcrumb"},"inLanguage":"de","potentialAction":[{"@type":"ReadAction","target":["https:\/\/www.krafthand.de\/truck\/artikel\/der-etgm-von-man-29124\/"]}]},{"@type":"ImageObject","inLanguage":"de","@id":"https:\/\/www.krafthand.de\/truck\/artikel\/der-etgm-von-man-29124\/#primaryimage","url":"https:\/\/static.krafthand-truck.de\/uploads\/2021\/08\/03_2021_003_Bild007.jpg","contentUrl":"https:\/\/static.krafthand-truck.de\/uploads\/2021\/08\/03_2021_003_Bild007.jpg","width":1000,"height":504,"caption":"\u201eDer eTGM wird von einem elektrischen Zentralmotor mit 264-KW Leistung angetrieben, der bis zu 3.100 Nm Drehmoment auf die Stra\u00dfe bringt.\u201c"},{"@type":"BreadcrumbList","@id":"https:\/\/www.krafthand.de\/truck\/artikel\/der-etgm-von-man-29124\/#breadcrumb","itemListElement":[{"@type":"ListItem","position":1,"name":"Krafthand-Truck","item":"https:\/\/www.krafthand.de\/truck\/"},{"@type":"ListItem","position":2,"name":"Nfz-Technik","item":"https:\/\/www.krafthand.de\/truck\/kategorie\/nfz-technik\/"},{"@type":"ListItem","position":3,"name":"E-Antrieb (BEV\/FCEV)","item":"https:\/\/www.krafthand.de\/truck\/kategorie\/nfz-technik\/e-antrieb\/"},{"@type":"ListItem","position":4,"name":"Der eTGM von MAN"}]},{"@type":"WebSite","@id":"https:\/\/www.krafthand.de\/truck\/#website","url":"https:\/\/www.krafthand.de\/truck\/","name":"Krafthand-Truck","description":"","potentialAction":[{"@type":"SearchAction","target":{"@type":"EntryPoint","urlTemplate":"https:\/\/www.krafthand.de\/truck\/?s={search_term_string}"},"query-input":{"@type":"PropertyValueSpecification","valueRequired":true,"valueName":"search_term_string"}}],"inLanguage":"de"},{"@type":"Person","@id":"https:\/\/www.krafthand.de\/truck\/#\/schema\/person\/23aebc1e5e3f0204da7158bce36950bb","name":"julian.schmid@krafthand.de","image":{"@type":"ImageObject","inLanguage":"de","@id":"https:\/\/secure.gravatar.com\/avatar\/ef76c2910cab8eb23fcc013e1c6dc1ba4af5e93fea6e6132d7c4e67d4e9631e9?s=96&d=mm&r=g","url":"https:\/\/secure.gravatar.com\/avatar\/ef76c2910cab8eb23fcc013e1c6dc1ba4af5e93fea6e6132d7c4e67d4e9631e9?s=96&d=mm&r=g","contentUrl":"https:\/\/secure.gravatar.com\/avatar\/ef76c2910cab8eb23fcc013e1c6dc1ba4af5e93fea6e6132d7c4e67d4e9631e9?s=96&d=mm&r=g","caption":"julian.schmid@krafthand.de"}}]}},"_links":{"self":[{"href":"https:\/\/www.krafthand.de\/truck\/wp-json\/wp\/v2\/posts\/29124","targetHints":{"allow":["GET"]}}],"collection":[{"href":"https:\/\/www.krafthand.de\/truck\/wp-json\/wp\/v2\/posts"}],"about":[{"href":"https:\/\/www.krafthand.de\/truck\/wp-json\/wp\/v2\/types\/post"}],"author":[{"embeddable":true,"href":"https:\/\/www.krafthand.de\/truck\/wp-json\/wp\/v2\/users\/7"}],"replies":[{"embeddable":true,"href":"https:\/\/www.krafthand.de\/truck\/wp-json\/wp\/v2\/comments?post=29124"}],"version-history":[{"count":5,"href":"https:\/\/www.krafthand.de\/truck\/wp-json\/wp\/v2\/posts\/29124\/revisions"}],"predecessor-version":[{"id":29260,"href":"https:\/\/www.krafthand.de\/truck\/wp-json\/wp\/v2\/posts\/29124\/revisions\/29260"}],"wp:featuredmedia":[{"embeddable":true,"href":"https:\/\/www.krafthand.de\/truck\/wp-json\/wp\/v2\/media\/29125"}],"wp:attachment":[{"href":"https:\/\/www.krafthand.de\/truck\/wp-json\/wp\/v2\/media?parent=29124"}],"wp:term":[{"taxonomy":"category","embeddable":true,"href":"https:\/\/www.krafthand.de\/truck\/wp-json\/wp\/v2\/categories?post=29124"},{"taxonomy":"post_tag","embeddable":true,"href":"https:\/\/www.krafthand.de\/truck\/wp-json\/wp\/v2\/tags?post=29124"},{"taxonomy":"settings","embeddable":true,"href":"https:\/\/www.krafthand.de\/truck\/wp-json\/wp\/v2\/settings?post=29124"}],"curies":[{"name":"wp","href":"https:\/\/api.w.org\/{rel}","templated":true}]}}