{"id":2911,"date":"2016-12-15T16:37:03","date_gmt":"2016-12-15T15:37:03","guid":{"rendered":"https:\/\/www.krafthand.de\/truck\/artikel\/nufam-verkehrsminister-winfried-hermann-uebernimmt-schirmherrschaft-2911\/"},"modified":"2016-12-15T16:37:03","modified_gmt":"2016-12-15T15:37:03","slug":"nufam-verkehrsminister-winfried-hermann-uebernimmt-schirmherrschaft","status":"publish","type":"post","link":"https:\/\/www.krafthand.de\/truck\/artikel\/nufam-verkehrsminister-winfried-hermann-uebernimmt-schirmherrschaft-2911\/","title":{"rendered":"Nufam: Verkehrsminister Winfried Hermann \u00fcbernimmt Schirmherrschaft"},"content":{"rendered":"<p class=\"text-colored\">In der 5. Runde m\u00f6chte die Nutzfahrzeugmesse Nufam noch mehr an Fahrt gewinenn: In den letzten Wochen haben sich weitere Marken erstmals zur Nufam angemeldet. Auch \u00fcbernimmt Winfried Hermann MdL, Minister f\u00fcr Verkehr und Infrastruktur Baden-W\u00fcrttemberg, die Schirmherrschaft der Nufam und unterstreicht damit die Bedeutung der Nutzfahrzeugbranche in Baden-W\u00fcrttemberg.<\/p>\n<p>Mit rund 350 Ausstellern und 25 000 Besuchern soll die Messe Karlsruhe vom 28. September bis 1. Oktober 2017 zum Treffpunkt der Nutzfahrzeugbranche werden. Britta Wirtz, Gesch\u00e4ftsf\u00fchrerin der Karlsruher Messe- und Kongress-GmbH: &#8218;Die Ausstellerakquise l\u00e4uft sehr gut. \u00dcber 75 Prozent der Ausstellungsfl\u00e4che sind bereits gebucht oder fest optioniert. Einige Aussteller haben ihre Fl\u00e4che vergr\u00f6\u00dfert oder sind vom Mit- zum Hauptaussteller geworden.&#8216;&nbsp;<br \/>\n <b><br \/>Mehr Hersteller und H\u00e4ndler<\/b><br \/>Unter den Fahrzeugbauern sind erstmals Humbaur, K\u00f6gel Trailer, K\u00e4ssbohrer, Maytec sowie TII Sales mit den Marken Kamag, Scheuerle und Nicolas auf der Nufam vertreten. Auch HYVA Germany und Knapen Trailers sind wieder vertreten. Neue Aussteller f\u00fcr den Bereich Werkstatt, Teile und Zubeh\u00f6r sind Frig Air Deutschland, Jost-Werke, Motair Turbolader, Neumeister Hydraulik und Walter Finkbeiner. Neue Hauptaussteller sind: Carnehl Fahrzeugbau Pattensen, Dautel, Fassi Ladekrane und F.X. Meiller.<br \/><b><br \/>Erweitertes Rahmenprogramm<\/b> <br \/>Auch das Rahmenprogramm wird 2017 weiter ausgebaut. Der Telematiktag&nbsp; findet erstmals an zwei Tagen statt, am 28. und 29. September 2017. Die Toplist-Anbieter der Telematik werden sich wieder auf der \u201eInnovationsstra\u00dfe der Telematik\u201c und im eigens gruppierten Telematik-Bereich in Halle 2 pr\u00e4sentieren.<br \/>\nMit dem K\u00f6nigsberger Ladungssicherungskreis e. V. konnte das Team der Nufam einen fachlichen Partner f\u00fcr das Forum Ladungssicherung gewinnen, der die aktuellen Themen der Ladungssicherung f\u00fcr die Besucher der Nufam aufbereitet.<\/p>\n","protected":false},"excerpt":{"rendered":"<p>In der 5. Runde m\u00f6chte die Nutzfahrzeugmesse Nufam noch mehr an Fahrt gewinenn: In den letzten Wochen haben sich weitere Marken erstmals zur Nufam angemeldet. Auch \u00fcbernimmt Winfried Hermann MdL, Minister f\u00fcr Verkehr und Infrastruktur Baden-W\u00fcrttemberg, die Schirmherrschaft der Nufam und unterstreicht damit die Bedeutung der Nutzfahrzeugbranche in Baden-W\u00fcrttemberg. <span class=\"excerpt-more__dots\">&#8230;<\/span> <a class=\"excerpt-more__link\" href=\"https:\/\/www.krafthand.de\/truck\/artikel\/nufam-verkehrsminister-winfried-hermann-uebernimmt-schirmherrschaft-2911\/\" >weiter<\/a><\/p>\n","protected":false},"author":3,"featured_media":2912,"comment_status":"closed","ping_status":"closed","sticky":false,"template":"","format":"standard","meta":{"footnotes":""},"categories":[5],"tags":[],"settings":[],"class_list":["post-2911","post","type-post","status-publish","format-standard","has-post-thumbnail","hentry","category-branche"],"yoast_head":"<!-- This site is optimized with the Yoast SEO plugin v27.3 - https:\/\/yoast.com\/product\/yoast-seo-wordpress\/ -->\n<title>Nufam: Verkehrsminister Winfried Hermann \u00fcbernimmt Schirmherrschaft - Krafthand-Truck<\/title>\n<meta name=\"robots\" content=\"index, follow, max-snippet:-1, max-image-preview:large, max-video-preview:-1\" \/>\n<link rel=\"canonical\" href=\"https:\/\/www.krafthand.de\/truck\/artikel\/nufam-verkehrsminister-winfried-hermann-uebernimmt-schirmherrschaft-2911\/\" \/>\n<meta property=\"og:locale\" content=\"de_DE\" \/>\n<meta property=\"og:type\" content=\"article\" \/>\n<meta property=\"og:title\" content=\"Nufam: Verkehrsminister Winfried Hermann \u00fcbernimmt Schirmherrschaft - Krafthand-Truck\" \/>\n<meta property=\"og:description\" content=\"In der 5. Runde m\u00f6chte die Nutzfahrzeugmesse Nufam noch mehr an Fahrt gewinenn: In den letzten Wochen haben sich weitere Marken erstmals zur Nufam angemeldet. Auch \u00fcbernimmt Winfried Hermann MdL, Minister f\u00fcr Verkehr und Infrastruktur Baden-W\u00fcrttemberg, die Schirmherrschaft der Nufam und unterstreicht damit die Bedeutung der Nutzfahrzeugbranche in Baden-W\u00fcrttemberg. ... weiter\" \/>\n<meta property=\"og:url\" content=\"https:\/\/www.krafthand-truck.de\/artikel\/nufam-verkehrsminister-winfried-hermann-uebernimmt-schirmherrschaft-2911\/\" \/>\n<meta property=\"og:site_name\" content=\"Krafthand-Truck\" \/>\n<meta property=\"article:published_time\" content=\"2016-12-15T15:37:03+00:00\" \/>\n<meta property=\"og:image\" content=\"https:\/\/www.krafthand.de\/truck\/wp-content\/uploads\/2016\/12\/Nufam__.jpg\" \/>\n\t<meta property=\"og:image:width\" content=\"2100\" \/>\n\t<meta property=\"og:image:height\" content=\"1517\" \/>\n\t<meta property=\"og:image:type\" content=\"image\/jpeg\" \/>\n<meta name=\"author\" content=\"katja.heid@krafthand.de\" \/>\n<meta name=\"twitter:card\" content=\"summary_large_image\" \/>\n<meta name=\"twitter:label1\" content=\"Verfasst von\" \/>\n\t<meta name=\"twitter:data1\" content=\"katja.heid@krafthand.de\" \/>\n\t<meta name=\"twitter:label2\" content=\"Gesch\u00e4tzte Lesezeit\" \/>\n\t<meta name=\"twitter:data2\" content=\"1\u00a0Minute\" \/>\n<script type=\"application\/ld+json\" class=\"yoast-schema-graph\">{\"@context\":\"https:\\\/\\\/schema.org\",\"@graph\":[{\"@type\":\"Article\",\"@id\":\"https:\\\/\\\/www.krafthand.de\\\/truck\\\/artikel\\\/nufam-verkehrsminister-winfried-hermann-uebernimmt-schirmherrschaft-2911\\\/#article\",\"isPartOf\":{\"@id\":\"https:\\\/\\\/www.krafthand.de\\\/truck\\\/artikel\\\/nufam-verkehrsminister-winfried-hermann-uebernimmt-schirmherrschaft-2911\\\/\"},\"author\":{\"name\":\"katja.heid@krafthand.de\",\"@id\":\"https:\\\/\\\/www.krafthand.de\\\/truck\\\/#\\\/schema\\\/person\\\/8e290c6d425b72d176adc7767a251001\"},\"headline\":\"Nufam: Verkehrsminister Winfried Hermann \u00fcbernimmt Schirmherrschaft\",\"datePublished\":\"2016-12-15T15:37:03+00:00\",\"mainEntityOfPage\":{\"@id\":\"https:\\\/\\\/www.krafthand.de\\\/truck\\\/artikel\\\/nufam-verkehrsminister-winfried-hermann-uebernimmt-schirmherrschaft-2911\\\/\"},\"wordCount\":273,\"image\":{\"@id\":\"https:\\\/\\\/www.krafthand.de\\\/truck\\\/artikel\\\/nufam-verkehrsminister-winfried-hermann-uebernimmt-schirmherrschaft-2911\\\/#primaryimage\"},\"thumbnailUrl\":\"https:\\\/\\\/static.krafthand-truck.de\\\/uploads\\\/2016\\\/12\\\/Nufam__.jpg\",\"articleSection\":[\"Nfz-Branche\"],\"inLanguage\":\"de\"},{\"@type\":\"WebPage\",\"@id\":\"https:\\\/\\\/www.krafthand.de\\\/truck\\\/artikel\\\/nufam-verkehrsminister-winfried-hermann-uebernimmt-schirmherrschaft-2911\\\/\",\"url\":\"https:\\\/\\\/www.krafthand.de\\\/truck\\\/artikel\\\/nufam-verkehrsminister-winfried-hermann-uebernimmt-schirmherrschaft-2911\\\/\",\"name\":\"Nufam: Verkehrsminister Winfried Hermann \u00fcbernimmt Schirmherrschaft - Krafthand-Truck\",\"isPartOf\":{\"@id\":\"https:\\\/\\\/www.krafthand.de\\\/truck\\\/#website\"},\"primaryImageOfPage\":{\"@id\":\"https:\\\/\\\/www.krafthand.de\\\/truck\\\/artikel\\\/nufam-verkehrsminister-winfried-hermann-uebernimmt-schirmherrschaft-2911\\\/#primaryimage\"},\"image\":{\"@id\":\"https:\\\/\\\/www.krafthand.de\\\/truck\\\/artikel\\\/nufam-verkehrsminister-winfried-hermann-uebernimmt-schirmherrschaft-2911\\\/#primaryimage\"},\"thumbnailUrl\":\"https:\\\/\\\/static.krafthand-truck.de\\\/uploads\\\/2016\\\/12\\\/Nufam__.jpg\",\"datePublished\":\"2016-12-15T15:37:03+00:00\",\"author\":{\"@id\":\"https:\\\/\\\/www.krafthand.de\\\/truck\\\/#\\\/schema\\\/person\\\/8e290c6d425b72d176adc7767a251001\"},\"breadcrumb\":{\"@id\":\"https:\\\/\\\/www.krafthand.de\\\/truck\\\/artikel\\\/nufam-verkehrsminister-winfried-hermann-uebernimmt-schirmherrschaft-2911\\\/#breadcrumb\"},\"inLanguage\":\"de\",\"potentialAction\":[{\"@type\":\"ReadAction\",\"target\":[\"https:\\\/\\\/www.krafthand.de\\\/truck\\\/artikel\\\/nufam-verkehrsminister-winfried-hermann-uebernimmt-schirmherrschaft-2911\\\/\"]}]},{\"@type\":\"ImageObject\",\"inLanguage\":\"de\",\"@id\":\"https:\\\/\\\/www.krafthand.de\\\/truck\\\/artikel\\\/nufam-verkehrsminister-winfried-hermann-uebernimmt-schirmherrschaft-2911\\\/#primaryimage\",\"url\":\"https:\\\/\\\/static.krafthand-truck.de\\\/uploads\\\/2016\\\/12\\\/Nufam__.jpg\",\"contentUrl\":\"https:\\\/\\\/static.krafthand-truck.de\\\/uploads\\\/2016\\\/12\\\/Nufam__.jpg\",\"width\":2100,\"height\":1517,\"caption\":\"Bei der Nufam 2015 wurden 315 Aussteller und 22 800 Besucher verzeichnet. Bild: Nufam\"},{\"@type\":\"BreadcrumbList\",\"@id\":\"https:\\\/\\\/www.krafthand.de\\\/truck\\\/artikel\\\/nufam-verkehrsminister-winfried-hermann-uebernimmt-schirmherrschaft-2911\\\/#breadcrumb\",\"itemListElement\":[{\"@type\":\"ListItem\",\"position\":1,\"name\":\"Krafthand-Truck\",\"item\":\"https:\\\/\\\/www.krafthand.de\\\/truck\\\/\"},{\"@type\":\"ListItem\",\"position\":2,\"name\":\"Nfz-Branche\",\"item\":\"https:\\\/\\\/www.krafthand.de\\\/truck\\\/kategorie\\\/branche\\\/\"},{\"@type\":\"ListItem\",\"position\":3,\"name\":\"Nufam: Verkehrsminister Winfried Hermann \u00fcbernimmt Schirmherrschaft\"}]},{\"@type\":\"WebSite\",\"@id\":\"https:\\\/\\\/www.krafthand.de\\\/truck\\\/#website\",\"url\":\"https:\\\/\\\/www.krafthand.de\\\/truck\\\/\",\"name\":\"Krafthand-Truck\",\"description\":\"\",\"potentialAction\":[{\"@type\":\"SearchAction\",\"target\":{\"@type\":\"EntryPoint\",\"urlTemplate\":\"https:\\\/\\\/www.krafthand.de\\\/truck\\\/?s={search_term_string}\"},\"query-input\":{\"@type\":\"PropertyValueSpecification\",\"valueRequired\":true,\"valueName\":\"search_term_string\"}}],\"inLanguage\":\"de\"},{\"@type\":\"Person\",\"@id\":\"https:\\\/\\\/www.krafthand.de\\\/truck\\\/#\\\/schema\\\/person\\\/8e290c6d425b72d176adc7767a251001\",\"name\":\"katja.heid@krafthand.de\",\"image\":{\"@type\":\"ImageObject\",\"inLanguage\":\"de\",\"@id\":\"https:\\\/\\\/secure.gravatar.com\\\/avatar\\\/9a2930c54ede0e0a76c0f8abfb74704de273084f2aa0e3c6deb2c86704c7402b?s=96&d=mm&r=g\",\"url\":\"https:\\\/\\\/secure.gravatar.com\\\/avatar\\\/9a2930c54ede0e0a76c0f8abfb74704de273084f2aa0e3c6deb2c86704c7402b?s=96&d=mm&r=g\",\"contentUrl\":\"https:\\\/\\\/secure.gravatar.com\\\/avatar\\\/9a2930c54ede0e0a76c0f8abfb74704de273084f2aa0e3c6deb2c86704c7402b?s=96&d=mm&r=g\",\"caption\":\"katja.heid@krafthand.de\"}}]}<\/script>\n<!-- \/ Yoast SEO plugin. -->","yoast_head_json":{"title":"Nufam: Verkehrsminister Winfried Hermann \u00fcbernimmt Schirmherrschaft - Krafthand-Truck","robots":{"index":"index","follow":"follow","max-snippet":"max-snippet:-1","max-image-preview":"max-image-preview:large","max-video-preview":"max-video-preview:-1"},"canonical":"https:\/\/www.krafthand.de\/truck\/artikel\/nufam-verkehrsminister-winfried-hermann-uebernimmt-schirmherrschaft-2911\/","og_locale":"de_DE","og_type":"article","og_title":"Nufam: Verkehrsminister Winfried Hermann \u00fcbernimmt Schirmherrschaft - Krafthand-Truck","og_description":"In der 5. Runde m\u00f6chte die Nutzfahrzeugmesse Nufam noch mehr an Fahrt gewinenn: In den letzten Wochen haben sich weitere Marken erstmals zur Nufam angemeldet. Auch \u00fcbernimmt Winfried Hermann MdL, Minister f\u00fcr Verkehr und Infrastruktur Baden-W\u00fcrttemberg, die Schirmherrschaft der Nufam und unterstreicht damit die Bedeutung der Nutzfahrzeugbranche in Baden-W\u00fcrttemberg. ... weiter","og_url":"https:\/\/www.krafthand-truck.de\/artikel\/nufam-verkehrsminister-winfried-hermann-uebernimmt-schirmherrschaft-2911\/","og_site_name":"Krafthand-Truck","article_published_time":"2016-12-15T15:37:03+00:00","og_image":[{"width":2100,"height":1517,"url":"https:\/\/www.krafthand.de\/truck\/wp-content\/uploads\/2016\/12\/Nufam__.jpg","type":"image\/jpeg"}],"author":"katja.heid@krafthand.de","twitter_card":"summary_large_image","twitter_misc":{"Verfasst von":"katja.heid@krafthand.de","Gesch\u00e4tzte Lesezeit":"1\u00a0Minute"},"schema":{"@context":"https:\/\/schema.org","@graph":[{"@type":"Article","@id":"https:\/\/www.krafthand.de\/truck\/artikel\/nufam-verkehrsminister-winfried-hermann-uebernimmt-schirmherrschaft-2911\/#article","isPartOf":{"@id":"https:\/\/www.krafthand.de\/truck\/artikel\/nufam-verkehrsminister-winfried-hermann-uebernimmt-schirmherrschaft-2911\/"},"author":{"name":"katja.heid@krafthand.de","@id":"https:\/\/www.krafthand.de\/truck\/#\/schema\/person\/8e290c6d425b72d176adc7767a251001"},"headline":"Nufam: Verkehrsminister Winfried Hermann \u00fcbernimmt Schirmherrschaft","datePublished":"2016-12-15T15:37:03+00:00","mainEntityOfPage":{"@id":"https:\/\/www.krafthand.de\/truck\/artikel\/nufam-verkehrsminister-winfried-hermann-uebernimmt-schirmherrschaft-2911\/"},"wordCount":273,"image":{"@id":"https:\/\/www.krafthand.de\/truck\/artikel\/nufam-verkehrsminister-winfried-hermann-uebernimmt-schirmherrschaft-2911\/#primaryimage"},"thumbnailUrl":"https:\/\/static.krafthand-truck.de\/uploads\/2016\/12\/Nufam__.jpg","articleSection":["Nfz-Branche"],"inLanguage":"de"},{"@type":"WebPage","@id":"https:\/\/www.krafthand.de\/truck\/artikel\/nufam-verkehrsminister-winfried-hermann-uebernimmt-schirmherrschaft-2911\/","url":"https:\/\/www.krafthand.de\/truck\/artikel\/nufam-verkehrsminister-winfried-hermann-uebernimmt-schirmherrschaft-2911\/","name":"Nufam: Verkehrsminister Winfried Hermann \u00fcbernimmt Schirmherrschaft - Krafthand-Truck","isPartOf":{"@id":"https:\/\/www.krafthand.de\/truck\/#website"},"primaryImageOfPage":{"@id":"https:\/\/www.krafthand.de\/truck\/artikel\/nufam-verkehrsminister-winfried-hermann-uebernimmt-schirmherrschaft-2911\/#primaryimage"},"image":{"@id":"https:\/\/www.krafthand.de\/truck\/artikel\/nufam-verkehrsminister-winfried-hermann-uebernimmt-schirmherrschaft-2911\/#primaryimage"},"thumbnailUrl":"https:\/\/static.krafthand-truck.de\/uploads\/2016\/12\/Nufam__.jpg","datePublished":"2016-12-15T15:37:03+00:00","author":{"@id":"https:\/\/www.krafthand.de\/truck\/#\/schema\/person\/8e290c6d425b72d176adc7767a251001"},"breadcrumb":{"@id":"https:\/\/www.krafthand.de\/truck\/artikel\/nufam-verkehrsminister-winfried-hermann-uebernimmt-schirmherrschaft-2911\/#breadcrumb"},"inLanguage":"de","potentialAction":[{"@type":"ReadAction","target":["https:\/\/www.krafthand.de\/truck\/artikel\/nufam-verkehrsminister-winfried-hermann-uebernimmt-schirmherrschaft-2911\/"]}]},{"@type":"ImageObject","inLanguage":"de","@id":"https:\/\/www.krafthand.de\/truck\/artikel\/nufam-verkehrsminister-winfried-hermann-uebernimmt-schirmherrschaft-2911\/#primaryimage","url":"https:\/\/static.krafthand-truck.de\/uploads\/2016\/12\/Nufam__.jpg","contentUrl":"https:\/\/static.krafthand-truck.de\/uploads\/2016\/12\/Nufam__.jpg","width":2100,"height":1517,"caption":"Bei der Nufam 2015 wurden 315 Aussteller und 22 800 Besucher verzeichnet. Bild: Nufam"},{"@type":"BreadcrumbList","@id":"https:\/\/www.krafthand.de\/truck\/artikel\/nufam-verkehrsminister-winfried-hermann-uebernimmt-schirmherrschaft-2911\/#breadcrumb","itemListElement":[{"@type":"ListItem","position":1,"name":"Krafthand-Truck","item":"https:\/\/www.krafthand.de\/truck\/"},{"@type":"ListItem","position":2,"name":"Nfz-Branche","item":"https:\/\/www.krafthand.de\/truck\/kategorie\/branche\/"},{"@type":"ListItem","position":3,"name":"Nufam: Verkehrsminister Winfried Hermann \u00fcbernimmt Schirmherrschaft"}]},{"@type":"WebSite","@id":"https:\/\/www.krafthand.de\/truck\/#website","url":"https:\/\/www.krafthand.de\/truck\/","name":"Krafthand-Truck","description":"","potentialAction":[{"@type":"SearchAction","target":{"@type":"EntryPoint","urlTemplate":"https:\/\/www.krafthand.de\/truck\/?s={search_term_string}"},"query-input":{"@type":"PropertyValueSpecification","valueRequired":true,"valueName":"search_term_string"}}],"inLanguage":"de"},{"@type":"Person","@id":"https:\/\/www.krafthand.de\/truck\/#\/schema\/person\/8e290c6d425b72d176adc7767a251001","name":"katja.heid@krafthand.de","image":{"@type":"ImageObject","inLanguage":"de","@id":"https:\/\/secure.gravatar.com\/avatar\/9a2930c54ede0e0a76c0f8abfb74704de273084f2aa0e3c6deb2c86704c7402b?s=96&d=mm&r=g","url":"https:\/\/secure.gravatar.com\/avatar\/9a2930c54ede0e0a76c0f8abfb74704de273084f2aa0e3c6deb2c86704c7402b?s=96&d=mm&r=g","contentUrl":"https:\/\/secure.gravatar.com\/avatar\/9a2930c54ede0e0a76c0f8abfb74704de273084f2aa0e3c6deb2c86704c7402b?s=96&d=mm&r=g","caption":"katja.heid@krafthand.de"}}]}},"_links":{"self":[{"href":"https:\/\/www.krafthand.de\/truck\/wp-json\/wp\/v2\/posts\/2911","targetHints":{"allow":["GET"]}}],"collection":[{"href":"https:\/\/www.krafthand.de\/truck\/wp-json\/wp\/v2\/posts"}],"about":[{"href":"https:\/\/www.krafthand.de\/truck\/wp-json\/wp\/v2\/types\/post"}],"author":[{"embeddable":true,"href":"https:\/\/www.krafthand.de\/truck\/wp-json\/wp\/v2\/users\/3"}],"replies":[{"embeddable":true,"href":"https:\/\/www.krafthand.de\/truck\/wp-json\/wp\/v2\/comments?post=2911"}],"version-history":[{"count":0,"href":"https:\/\/www.krafthand.de\/truck\/wp-json\/wp\/v2\/posts\/2911\/revisions"}],"wp:featuredmedia":[{"embeddable":true,"href":"https:\/\/www.krafthand.de\/truck\/wp-json\/wp\/v2\/media\/2912"}],"wp:attachment":[{"href":"https:\/\/www.krafthand.de\/truck\/wp-json\/wp\/v2\/media?parent=2911"}],"wp:term":[{"taxonomy":"category","embeddable":true,"href":"https:\/\/www.krafthand.de\/truck\/wp-json\/wp\/v2\/categories?post=2911"},{"taxonomy":"post_tag","embeddable":true,"href":"https:\/\/www.krafthand.de\/truck\/wp-json\/wp\/v2\/tags?post=2911"},{"taxonomy":"settings","embeddable":true,"href":"https:\/\/www.krafthand.de\/truck\/wp-json\/wp\/v2\/settings?post=2911"}],"curies":[{"name":"wp","href":"https:\/\/api.w.org\/{rel}","templated":true}]}}