{"id":29095,"date":"2021-08-21T08:00:50","date_gmt":"2021-08-21T06:00:50","guid":{"rendered":"https:\/\/www.krafthand.de\/truck\/?p=29095"},"modified":"2021-08-30T17:18:38","modified_gmt":"2021-08-30T15:18:38","slug":"fuso-canter-kommt-nach-europa","status":"publish","type":"post","link":"https:\/\/www.krafthand.de\/truck\/artikel\/fuso-canter-kommt-nach-europa-29095\/","title":{"rendered":"FUSO Canter kommt nach Europa"},"content":{"rendered":"<p>Daimler Trucks hat den Verkaufsstart des neuen FUSO Canter Leicht-Lkw in Europa bekannt gegeben. FUSO ist eine japanische Tochtergesellschaft von Daimler Trucks und den Angaben zufolge einer der f\u00fchrenden Nutzfahrzeughersteller Asiens. Das neue Modell verf\u00fcgt \u00fcber eine neu gestaltete Kabine, mehr Sicherheit-Features und einem verbesserten Komfort. Er hat zudem laut Daimler Trucks den kleinsten Wendekreis seiner Klasse.<\/p>\n<p>Seit Markteinf\u00fchrung im Jahr 1963 wurden \u00fcber 4,5 Millionen FUSO Canter weltweit produziert. Wie sein Vorg\u00e4nger ist der neue Canter in f\u00fcnf Gewichtsklassen (3,5 t bis 8,55 t), mit sechs Radst\u00e4nden (2.500 mm bis 4.750 mm), drei starken Motoren (130 bis 175 PS) und drei Kabinenvarianten erh\u00e4ltlich. Mit einer neuentwickelten kompakten Abgasanlage erf\u00fcllt der neue FUSO Canter zudem die Abgasnorm Euro VI, Step E.<\/p>\n<p>Ab August 2021 ist das neue Fahrzeug \u00fcber das FUSO-H\u00e4ndlernetz in ganz Europa bestellbar. Der Produktionsstart im europ\u00e4ischen Werk in Tramagal, Portugal, ist f\u00fcr Dezember 2021 vorgesehen.<\/p>\n<p><i>Den Beitrag finden Sie auch in der Print-Ausgabe 3\/21 der <a href=\"https:\/\/www.krafthand.de\/truck\/magazin\/\" title=\"Zum Magazin\">Krafthand-Truck<\/a>.<\/i><\/p>","protected":false},"excerpt":{"rendered":"<p>Daimler Trucks hat den Verkaufsstart des neuen FUSO Canter Leicht-Lkw in Europa bekannt gegeben. Das neue Modell verf\u00fcgt \u00fcber eine neu gestaltete Kabine, mehr Sicherheit-Features und einem verbesserten Komfort. <span class=\"excerpt-more__dots\">&#8230;<\/span> <a class=\"excerpt-more__link\" href=\"https:\/\/www.krafthand.de\/truck\/artikel\/fuso-canter-kommt-nach-europa-29095\/\" >weiter<\/a><\/p>\n","protected":false},"author":7,"featured_media":29096,"comment_status":"closed","ping_status":"closed","sticky":false,"template":"","format":"standard","meta":{"footnotes":""},"categories":[4235],"tags":[760,2708,4712],"settings":[],"class_list":["post-29095","post","type-post","status-publish","format-standard","has-post-thumbnail","hentry","category-unternehmen","tag-daimler-trucks","tag-fuso","tag-fuso-canter"],"yoast_head":"<!-- This site is optimized with the Yoast SEO plugin v27.3 - https:\/\/yoast.com\/product\/yoast-seo-wordpress\/ -->\n<title>FUSO Canter kommt nach Europa - Krafthand-Truck<\/title>\n<meta name=\"robots\" content=\"index, follow, max-snippet:-1, max-image-preview:large, max-video-preview:-1\" \/>\n<link rel=\"canonical\" href=\"https:\/\/www.krafthand.de\/truck\/artikel\/fuso-canter-kommt-nach-europa-29095\/\" \/>\n<meta property=\"og:locale\" content=\"de_DE\" \/>\n<meta property=\"og:type\" content=\"article\" \/>\n<meta property=\"og:title\" content=\"FUSO Canter kommt nach Europa - Krafthand-Truck\" \/>\n<meta property=\"og:description\" content=\"Daimler Trucks hat den Verkaufsstart des neuen FUSO Canter Leicht-Lkw in Europa bekannt gegeben. Das neue Modell verf\u00fcgt \u00fcber eine neu gestaltete Kabine, mehr Sicherheit-Features und einem verbesserten Komfort. ... weiter\" \/>\n<meta property=\"og:url\" content=\"https:\/\/www.krafthand-truck.de\/artikel\/fuso-canter-kommt-nach-europa-29095\/\" \/>\n<meta property=\"og:site_name\" content=\"Krafthand-Truck\" \/>\n<meta property=\"article:published_time\" content=\"2021-08-21T06:00:50+00:00\" \/>\n<meta property=\"article:modified_time\" content=\"2021-08-30T15:18:38+00:00\" \/>\n<meta property=\"og:image\" content=\"https:\/\/www.krafthand.de\/truck\/wp-content\/uploads\/2021\/08\/03_2021_045_83.jpg\" \/>\n\t<meta property=\"og:image:width\" content=\"1000\" \/>\n\t<meta property=\"og:image:height\" content=\"630\" \/>\n\t<meta property=\"og:image:type\" content=\"image\/jpeg\" \/>\n<meta name=\"author\" content=\"julian.schmid@krafthand.de\" \/>\n<meta name=\"twitter:card\" content=\"summary_large_image\" \/>\n<meta name=\"twitter:label1\" content=\"Verfasst von\" \/>\n\t<meta name=\"twitter:data1\" content=\"julian.schmid@krafthand.de\" \/>\n\t<meta name=\"twitter:label2\" content=\"Gesch\u00e4tzte Lesezeit\" \/>\n\t<meta name=\"twitter:data2\" content=\"1\u00a0Minute\" \/>\n<script type=\"application\/ld+json\" class=\"yoast-schema-graph\">{\"@context\":\"https:\\\/\\\/schema.org\",\"@graph\":[{\"@type\":\"Article\",\"@id\":\"https:\\\/\\\/www.krafthand.de\\\/truck\\\/artikel\\\/fuso-canter-kommt-nach-europa-29095\\\/#article\",\"isPartOf\":{\"@id\":\"https:\\\/\\\/www.krafthand.de\\\/truck\\\/artikel\\\/fuso-canter-kommt-nach-europa-29095\\\/\"},\"author\":{\"name\":\"julian.schmid@krafthand.de\",\"@id\":\"https:\\\/\\\/www.krafthand.de\\\/truck\\\/#\\\/schema\\\/person\\\/23aebc1e5e3f0204da7158bce36950bb\"},\"headline\":\"FUSO Canter kommt nach Europa\",\"datePublished\":\"2021-08-21T06:00:50+00:00\",\"dateModified\":\"2021-08-30T15:18:38+00:00\",\"mainEntityOfPage\":{\"@id\":\"https:\\\/\\\/www.krafthand.de\\\/truck\\\/artikel\\\/fuso-canter-kommt-nach-europa-29095\\\/\"},\"wordCount\":154,\"image\":{\"@id\":\"https:\\\/\\\/www.krafthand.de\\\/truck\\\/artikel\\\/fuso-canter-kommt-nach-europa-29095\\\/#primaryimage\"},\"thumbnailUrl\":\"https:\\\/\\\/static.krafthand-truck.de\\\/uploads\\\/2021\\\/08\\\/03_2021_045_83.jpg\",\"keywords\":[\"Daimler Trucks\",\"Fuso\",\"Fuso Canter\"],\"articleSection\":[\"Unternehmen\"],\"inLanguage\":\"de\"},{\"@type\":\"WebPage\",\"@id\":\"https:\\\/\\\/www.krafthand.de\\\/truck\\\/artikel\\\/fuso-canter-kommt-nach-europa-29095\\\/\",\"url\":\"https:\\\/\\\/www.krafthand.de\\\/truck\\\/artikel\\\/fuso-canter-kommt-nach-europa-29095\\\/\",\"name\":\"FUSO Canter kommt nach Europa - Krafthand-Truck\",\"isPartOf\":{\"@id\":\"https:\\\/\\\/www.krafthand.de\\\/truck\\\/#website\"},\"primaryImageOfPage\":{\"@id\":\"https:\\\/\\\/www.krafthand.de\\\/truck\\\/artikel\\\/fuso-canter-kommt-nach-europa-29095\\\/#primaryimage\"},\"image\":{\"@id\":\"https:\\\/\\\/www.krafthand.de\\\/truck\\\/artikel\\\/fuso-canter-kommt-nach-europa-29095\\\/#primaryimage\"},\"thumbnailUrl\":\"https:\\\/\\\/static.krafthand-truck.de\\\/uploads\\\/2021\\\/08\\\/03_2021_045_83.jpg\",\"datePublished\":\"2021-08-21T06:00:50+00:00\",\"dateModified\":\"2021-08-30T15:18:38+00:00\",\"author\":{\"@id\":\"https:\\\/\\\/www.krafthand.de\\\/truck\\\/#\\\/schema\\\/person\\\/23aebc1e5e3f0204da7158bce36950bb\"},\"breadcrumb\":{\"@id\":\"https:\\\/\\\/www.krafthand.de\\\/truck\\\/artikel\\\/fuso-canter-kommt-nach-europa-29095\\\/#breadcrumb\"},\"inLanguage\":\"de\",\"potentialAction\":[{\"@type\":\"ReadAction\",\"target\":[\"https:\\\/\\\/www.krafthand.de\\\/truck\\\/artikel\\\/fuso-canter-kommt-nach-europa-29095\\\/\"]}]},{\"@type\":\"ImageObject\",\"inLanguage\":\"de\",\"@id\":\"https:\\\/\\\/www.krafthand.de\\\/truck\\\/artikel\\\/fuso-canter-kommt-nach-europa-29095\\\/#primaryimage\",\"url\":\"https:\\\/\\\/static.krafthand-truck.de\\\/uploads\\\/2021\\\/08\\\/03_2021_045_83.jpg\",\"contentUrl\":\"https:\\\/\\\/static.krafthand-truck.de\\\/uploads\\\/2021\\\/08\\\/03_2021_045_83.jpg\",\"width\":1000,\"height\":630,\"caption\":\"Bild: Daimler Truck\"},{\"@type\":\"BreadcrumbList\",\"@id\":\"https:\\\/\\\/www.krafthand.de\\\/truck\\\/artikel\\\/fuso-canter-kommt-nach-europa-29095\\\/#breadcrumb\",\"itemListElement\":[{\"@type\":\"ListItem\",\"position\":1,\"name\":\"Krafthand-Truck\",\"item\":\"https:\\\/\\\/www.krafthand.de\\\/truck\\\/\"},{\"@type\":\"ListItem\",\"position\":2,\"name\":\"Nfz-Branche\",\"item\":\"https:\\\/\\\/www.krafthand.de\\\/truck\\\/kategorie\\\/branche\\\/\"},{\"@type\":\"ListItem\",\"position\":3,\"name\":\"Unternehmen\",\"item\":\"https:\\\/\\\/www.krafthand.de\\\/truck\\\/kategorie\\\/branche\\\/unternehmen\\\/\"},{\"@type\":\"ListItem\",\"position\":4,\"name\":\"FUSO Canter kommt nach Europa\"}]},{\"@type\":\"WebSite\",\"@id\":\"https:\\\/\\\/www.krafthand.de\\\/truck\\\/#website\",\"url\":\"https:\\\/\\\/www.krafthand.de\\\/truck\\\/\",\"name\":\"Krafthand-Truck\",\"description\":\"\",\"potentialAction\":[{\"@type\":\"SearchAction\",\"target\":{\"@type\":\"EntryPoint\",\"urlTemplate\":\"https:\\\/\\\/www.krafthand.de\\\/truck\\\/?s={search_term_string}\"},\"query-input\":{\"@type\":\"PropertyValueSpecification\",\"valueRequired\":true,\"valueName\":\"search_term_string\"}}],\"inLanguage\":\"de\"},{\"@type\":\"Person\",\"@id\":\"https:\\\/\\\/www.krafthand.de\\\/truck\\\/#\\\/schema\\\/person\\\/23aebc1e5e3f0204da7158bce36950bb\",\"name\":\"julian.schmid@krafthand.de\",\"image\":{\"@type\":\"ImageObject\",\"inLanguage\":\"de\",\"@id\":\"https:\\\/\\\/secure.gravatar.com\\\/avatar\\\/ef76c2910cab8eb23fcc013e1c6dc1ba4af5e93fea6e6132d7c4e67d4e9631e9?s=96&d=mm&r=g\",\"url\":\"https:\\\/\\\/secure.gravatar.com\\\/avatar\\\/ef76c2910cab8eb23fcc013e1c6dc1ba4af5e93fea6e6132d7c4e67d4e9631e9?s=96&d=mm&r=g\",\"contentUrl\":\"https:\\\/\\\/secure.gravatar.com\\\/avatar\\\/ef76c2910cab8eb23fcc013e1c6dc1ba4af5e93fea6e6132d7c4e67d4e9631e9?s=96&d=mm&r=g\",\"caption\":\"julian.schmid@krafthand.de\"}}]}<\/script>\n<!-- \/ Yoast SEO plugin. -->","yoast_head_json":{"title":"FUSO Canter kommt nach Europa - Krafthand-Truck","robots":{"index":"index","follow":"follow","max-snippet":"max-snippet:-1","max-image-preview":"max-image-preview:large","max-video-preview":"max-video-preview:-1"},"canonical":"https:\/\/www.krafthand.de\/truck\/artikel\/fuso-canter-kommt-nach-europa-29095\/","og_locale":"de_DE","og_type":"article","og_title":"FUSO Canter kommt nach Europa - Krafthand-Truck","og_description":"Daimler Trucks hat den Verkaufsstart des neuen FUSO Canter Leicht-Lkw in Europa bekannt gegeben. Das neue Modell verf\u00fcgt \u00fcber eine neu gestaltete Kabine, mehr Sicherheit-Features und einem verbesserten Komfort. ... weiter","og_url":"https:\/\/www.krafthand-truck.de\/artikel\/fuso-canter-kommt-nach-europa-29095\/","og_site_name":"Krafthand-Truck","article_published_time":"2021-08-21T06:00:50+00:00","article_modified_time":"2021-08-30T15:18:38+00:00","og_image":[{"width":1000,"height":630,"url":"https:\/\/www.krafthand.de\/truck\/wp-content\/uploads\/2021\/08\/03_2021_045_83.jpg","type":"image\/jpeg"}],"author":"julian.schmid@krafthand.de","twitter_card":"summary_large_image","twitter_misc":{"Verfasst von":"julian.schmid@krafthand.de","Gesch\u00e4tzte Lesezeit":"1\u00a0Minute"},"schema":{"@context":"https:\/\/schema.org","@graph":[{"@type":"Article","@id":"https:\/\/www.krafthand.de\/truck\/artikel\/fuso-canter-kommt-nach-europa-29095\/#article","isPartOf":{"@id":"https:\/\/www.krafthand.de\/truck\/artikel\/fuso-canter-kommt-nach-europa-29095\/"},"author":{"name":"julian.schmid@krafthand.de","@id":"https:\/\/www.krafthand.de\/truck\/#\/schema\/person\/23aebc1e5e3f0204da7158bce36950bb"},"headline":"FUSO Canter kommt nach Europa","datePublished":"2021-08-21T06:00:50+00:00","dateModified":"2021-08-30T15:18:38+00:00","mainEntityOfPage":{"@id":"https:\/\/www.krafthand.de\/truck\/artikel\/fuso-canter-kommt-nach-europa-29095\/"},"wordCount":154,"image":{"@id":"https:\/\/www.krafthand.de\/truck\/artikel\/fuso-canter-kommt-nach-europa-29095\/#primaryimage"},"thumbnailUrl":"https:\/\/static.krafthand-truck.de\/uploads\/2021\/08\/03_2021_045_83.jpg","keywords":["Daimler Trucks","Fuso","Fuso Canter"],"articleSection":["Unternehmen"],"inLanguage":"de"},{"@type":"WebPage","@id":"https:\/\/www.krafthand.de\/truck\/artikel\/fuso-canter-kommt-nach-europa-29095\/","url":"https:\/\/www.krafthand.de\/truck\/artikel\/fuso-canter-kommt-nach-europa-29095\/","name":"FUSO Canter kommt nach Europa - Krafthand-Truck","isPartOf":{"@id":"https:\/\/www.krafthand.de\/truck\/#website"},"primaryImageOfPage":{"@id":"https:\/\/www.krafthand.de\/truck\/artikel\/fuso-canter-kommt-nach-europa-29095\/#primaryimage"},"image":{"@id":"https:\/\/www.krafthand.de\/truck\/artikel\/fuso-canter-kommt-nach-europa-29095\/#primaryimage"},"thumbnailUrl":"https:\/\/static.krafthand-truck.de\/uploads\/2021\/08\/03_2021_045_83.jpg","datePublished":"2021-08-21T06:00:50+00:00","dateModified":"2021-08-30T15:18:38+00:00","author":{"@id":"https:\/\/www.krafthand.de\/truck\/#\/schema\/person\/23aebc1e5e3f0204da7158bce36950bb"},"breadcrumb":{"@id":"https:\/\/www.krafthand.de\/truck\/artikel\/fuso-canter-kommt-nach-europa-29095\/#breadcrumb"},"inLanguage":"de","potentialAction":[{"@type":"ReadAction","target":["https:\/\/www.krafthand.de\/truck\/artikel\/fuso-canter-kommt-nach-europa-29095\/"]}]},{"@type":"ImageObject","inLanguage":"de","@id":"https:\/\/www.krafthand.de\/truck\/artikel\/fuso-canter-kommt-nach-europa-29095\/#primaryimage","url":"https:\/\/static.krafthand-truck.de\/uploads\/2021\/08\/03_2021_045_83.jpg","contentUrl":"https:\/\/static.krafthand-truck.de\/uploads\/2021\/08\/03_2021_045_83.jpg","width":1000,"height":630,"caption":"Bild: Daimler Truck"},{"@type":"BreadcrumbList","@id":"https:\/\/www.krafthand.de\/truck\/artikel\/fuso-canter-kommt-nach-europa-29095\/#breadcrumb","itemListElement":[{"@type":"ListItem","position":1,"name":"Krafthand-Truck","item":"https:\/\/www.krafthand.de\/truck\/"},{"@type":"ListItem","position":2,"name":"Nfz-Branche","item":"https:\/\/www.krafthand.de\/truck\/kategorie\/branche\/"},{"@type":"ListItem","position":3,"name":"Unternehmen","item":"https:\/\/www.krafthand.de\/truck\/kategorie\/branche\/unternehmen\/"},{"@type":"ListItem","position":4,"name":"FUSO Canter kommt nach Europa"}]},{"@type":"WebSite","@id":"https:\/\/www.krafthand.de\/truck\/#website","url":"https:\/\/www.krafthand.de\/truck\/","name":"Krafthand-Truck","description":"","potentialAction":[{"@type":"SearchAction","target":{"@type":"EntryPoint","urlTemplate":"https:\/\/www.krafthand.de\/truck\/?s={search_term_string}"},"query-input":{"@type":"PropertyValueSpecification","valueRequired":true,"valueName":"search_term_string"}}],"inLanguage":"de"},{"@type":"Person","@id":"https:\/\/www.krafthand.de\/truck\/#\/schema\/person\/23aebc1e5e3f0204da7158bce36950bb","name":"julian.schmid@krafthand.de","image":{"@type":"ImageObject","inLanguage":"de","@id":"https:\/\/secure.gravatar.com\/avatar\/ef76c2910cab8eb23fcc013e1c6dc1ba4af5e93fea6e6132d7c4e67d4e9631e9?s=96&d=mm&r=g","url":"https:\/\/secure.gravatar.com\/avatar\/ef76c2910cab8eb23fcc013e1c6dc1ba4af5e93fea6e6132d7c4e67d4e9631e9?s=96&d=mm&r=g","contentUrl":"https:\/\/secure.gravatar.com\/avatar\/ef76c2910cab8eb23fcc013e1c6dc1ba4af5e93fea6e6132d7c4e67d4e9631e9?s=96&d=mm&r=g","caption":"julian.schmid@krafthand.de"}}]}},"_links":{"self":[{"href":"https:\/\/www.krafthand.de\/truck\/wp-json\/wp\/v2\/posts\/29095","targetHints":{"allow":["GET"]}}],"collection":[{"href":"https:\/\/www.krafthand.de\/truck\/wp-json\/wp\/v2\/posts"}],"about":[{"href":"https:\/\/www.krafthand.de\/truck\/wp-json\/wp\/v2\/types\/post"}],"author":[{"embeddable":true,"href":"https:\/\/www.krafthand.de\/truck\/wp-json\/wp\/v2\/users\/7"}],"replies":[{"embeddable":true,"href":"https:\/\/www.krafthand.de\/truck\/wp-json\/wp\/v2\/comments?post=29095"}],"version-history":[{"count":4,"href":"https:\/\/www.krafthand.de\/truck\/wp-json\/wp\/v2\/posts\/29095\/revisions"}],"predecessor-version":[{"id":29271,"href":"https:\/\/www.krafthand.de\/truck\/wp-json\/wp\/v2\/posts\/29095\/revisions\/29271"}],"wp:featuredmedia":[{"embeddable":true,"href":"https:\/\/www.krafthand.de\/truck\/wp-json\/wp\/v2\/media\/29096"}],"wp:attachment":[{"href":"https:\/\/www.krafthand.de\/truck\/wp-json\/wp\/v2\/media?parent=29095"}],"wp:term":[{"taxonomy":"category","embeddable":true,"href":"https:\/\/www.krafthand.de\/truck\/wp-json\/wp\/v2\/categories?post=29095"},{"taxonomy":"post_tag","embeddable":true,"href":"https:\/\/www.krafthand.de\/truck\/wp-json\/wp\/v2\/tags?post=29095"},{"taxonomy":"settings","embeddable":true,"href":"https:\/\/www.krafthand.de\/truck\/wp-json\/wp\/v2\/settings?post=29095"}],"curies":[{"name":"wp","href":"https:\/\/api.w.org\/{rel}","templated":true}]}}