{"id":29092,"date":"2021-08-20T08:00:14","date_gmt":"2021-08-20T06:00:14","guid":{"rendered":"https:\/\/www.krafthand.de\/truck\/?p=29092"},"modified":"2021-08-30T17:22:37","modified_gmt":"2021-08-30T15:22:37","slug":"schadensmeldung-just-in-time","status":"publish","type":"post","link":"https:\/\/www.krafthand.de\/truck\/artikel\/schadensmeldung-just-in-time-29092\/","title":{"rendered":"Schadensmeldung just in time"},"content":{"rendered":"<p>Mobile L\u00f6sungen gewinnen bei Werkst\u00e4tten f\u00fcr Nutzfahrzeuge und bei Speditionen immer mehr an Bedeutung. Mit geringem Aufwand lassen sich laut Softwarespezialist Werbas in kurzer Zeit Prozessverbesserungen und Kostenoptimierungen erzielen. Aus diesem Grund hat das Holzgerlinger Unternehmen nun ein Bundle f\u00fcr Nfz-Betriebe geschn\u00fcrt, dass sich in seiner Ausrichtung und Zusammensetzung an den allt\u00e4glichen Bed\u00fcrfnissen der Nfz-Werkst\u00e4tten ausrichtet und komplette Arbeitsprozesse abbildet.<\/p>\n<p>Mit der Basis-Version von <a href=\"https:\/\/werbas.com\/produkte\/werbas-blue\/\" target=\"_blank\" rel=\"noopener\">Werbas.blue<\/a> wird nicht nur die komplette Auftragsabarbeitung und Zeiterfassung abgedeckt, sondern auch die Dokumentation und Nutzung eines Fotoarchivs sichergestellt. Weitere Funktionen sind die Abarbeitung von individuellen Checklisten sowie die Integration der digitalen Unterschrift unter der Auftragsbest\u00e4tigung oder die Datenschutzvereinbarung.<\/p>\n<p>Gerade Speditionen oder kommunalen Fuhrparks stehen immer wieder vor der Herausforderung, schnell auf Schadensmeldungen zuzugreifen, damit die Ersatzteilbestellungen oder die Einplanung einer Reparatur fr\u00fchzeitig erfolgen kann. Mit der Bundle-L\u00f6sung von Werbas.blue wird der Fahrer jetzt aktiv in den Meldeprozess eingebunden. Vor Fahrtbeginn arbeitet er eine Checkliste ab und \u00fcbertr\u00e4gt mit der App auf einem mobilen Endger\u00e4t wichtige Daten wie den km-Stand. Zudem k\u00f6nnen w\u00e4hrend der Fahrt festgestellte Sch\u00e4den umgehend \u00fcber das Mobilfunknetz in die Werkstatt gemeldet werden. Alle notwendigen Angaben stehen in der\u00a0 Zentrale sofort zur Verf\u00fcgung. Zus\u00e4tzlich ist je nach Gro\u00dfh\u00e4ndler auch die Ersatzteilbestellung von unterwegs m\u00f6glich.<\/p>\n<p><i>Den Beitrag finden Sie auch in der Print-Ausgabe 3\/21 der <a href=\"https:\/\/www.krafthand.de\/truck\/magazin\/\" title=\"Zum Magazin\">Krafthand-Truck<\/a>.<\/i><\/p>","protected":false},"excerpt":{"rendered":"<p>Mobile L\u00f6sungen gewinnen bei Werkst\u00e4tten f\u00fcr Nutzfahrzeuge und bei Speditionen immer mehr an Bedeutung. Mit geringem Aufwand lassen sich laut Softwarespezialist Werbas in kurzer Zeit Prozessverbesserungen und Kostenoptimierungen erzielen. <span class=\"excerpt-more__dots\">&#8230;<\/span> <a class=\"excerpt-more__link\" href=\"https:\/\/www.krafthand.de\/truck\/artikel\/schadensmeldung-just-in-time-29092\/\" >weiter<\/a><\/p>\n","protected":false},"author":7,"featured_media":29093,"comment_status":"closed","ping_status":"closed","sticky":false,"template":"","format":"standard","meta":{"footnotes":""},"categories":[4218],"tags":[3194,3472,2626],"settings":[],"class_list":["post-29092","post","type-post","status-publish","format-standard","has-post-thumbnail","hentry","category-werkstattpraxis","tag-schadensanalyse","tag-werbas","tag-werbas-blue"],"yoast_head":"<!-- This site is optimized with the Yoast SEO plugin v27.3 - https:\/\/yoast.com\/product\/yoast-seo-wordpress\/ -->\n<title>Schadensmeldung just in time - Krafthand-Truck<\/title>\n<meta name=\"robots\" content=\"index, follow, max-snippet:-1, max-image-preview:large, max-video-preview:-1\" \/>\n<link rel=\"canonical\" href=\"https:\/\/www.krafthand.de\/truck\/artikel\/schadensmeldung-just-in-time-29092\/\" \/>\n<meta property=\"og:locale\" content=\"de_DE\" \/>\n<meta property=\"og:type\" content=\"article\" \/>\n<meta property=\"og:title\" content=\"Schadensmeldung just in time - Krafthand-Truck\" \/>\n<meta property=\"og:description\" content=\"Mobile L\u00f6sungen gewinnen bei Werkst\u00e4tten f\u00fcr Nutzfahrzeuge und bei Speditionen immer mehr an Bedeutung. Mit geringem Aufwand lassen sich laut Softwarespezialist Werbas in kurzer Zeit Prozessverbesserungen und Kostenoptimierungen erzielen. ... weiter\" \/>\n<meta property=\"og:url\" content=\"https:\/\/www.krafthand-truck.de\/artikel\/schadensmeldung-just-in-time-29092\/\" \/>\n<meta property=\"og:site_name\" content=\"Krafthand-Truck\" \/>\n<meta property=\"article:published_time\" content=\"2021-08-20T06:00:14+00:00\" \/>\n<meta property=\"article:modified_time\" content=\"2021-08-30T15:22:37+00:00\" \/>\n<meta property=\"og:image\" content=\"https:\/\/www.krafthand.de\/truck\/wp-content\/uploads\/2021\/08\/03_2021_034_Bild_57.jpg\" \/>\n\t<meta property=\"og:image:width\" content=\"837\" \/>\n\t<meta property=\"og:image:height\" content=\"1000\" \/>\n\t<meta property=\"og:image:type\" content=\"image\/jpeg\" \/>\n<meta name=\"author\" content=\"julian.schmid@krafthand.de\" \/>\n<meta name=\"twitter:card\" content=\"summary_large_image\" \/>\n<meta name=\"twitter:label1\" content=\"Verfasst von\" \/>\n\t<meta name=\"twitter:data1\" content=\"julian.schmid@krafthand.de\" \/>\n\t<meta name=\"twitter:label2\" content=\"Gesch\u00e4tzte Lesezeit\" \/>\n\t<meta name=\"twitter:data2\" content=\"1\u00a0Minute\" \/>\n<script type=\"application\/ld+json\" class=\"yoast-schema-graph\">{\"@context\":\"https:\\\/\\\/schema.org\",\"@graph\":[{\"@type\":\"Article\",\"@id\":\"https:\\\/\\\/www.krafthand.de\\\/truck\\\/artikel\\\/schadensmeldung-just-in-time-29092\\\/#article\",\"isPartOf\":{\"@id\":\"https:\\\/\\\/www.krafthand.de\\\/truck\\\/artikel\\\/schadensmeldung-just-in-time-29092\\\/\"},\"author\":{\"name\":\"julian.schmid@krafthand.de\",\"@id\":\"https:\\\/\\\/www.krafthand.de\\\/truck\\\/#\\\/schema\\\/person\\\/23aebc1e5e3f0204da7158bce36950bb\"},\"headline\":\"Schadensmeldung just in time\",\"datePublished\":\"2021-08-20T06:00:14+00:00\",\"dateModified\":\"2021-08-30T15:22:37+00:00\",\"mainEntityOfPage\":{\"@id\":\"https:\\\/\\\/www.krafthand.de\\\/truck\\\/artikel\\\/schadensmeldung-just-in-time-29092\\\/\"},\"wordCount\":228,\"image\":{\"@id\":\"https:\\\/\\\/www.krafthand.de\\\/truck\\\/artikel\\\/schadensmeldung-just-in-time-29092\\\/#primaryimage\"},\"thumbnailUrl\":\"https:\\\/\\\/static.krafthand-truck.de\\\/uploads\\\/2021\\\/08\\\/03_2021_034_Bild_57.jpg\",\"keywords\":[\"Schadensanalyse\",\"Werbas\",\"Werbas blue\"],\"articleSection\":[\"Werkstattpraxis\"],\"inLanguage\":\"de\"},{\"@type\":\"WebPage\",\"@id\":\"https:\\\/\\\/www.krafthand.de\\\/truck\\\/artikel\\\/schadensmeldung-just-in-time-29092\\\/\",\"url\":\"https:\\\/\\\/www.krafthand.de\\\/truck\\\/artikel\\\/schadensmeldung-just-in-time-29092\\\/\",\"name\":\"Schadensmeldung just in time - Krafthand-Truck\",\"isPartOf\":{\"@id\":\"https:\\\/\\\/www.krafthand.de\\\/truck\\\/#website\"},\"primaryImageOfPage\":{\"@id\":\"https:\\\/\\\/www.krafthand.de\\\/truck\\\/artikel\\\/schadensmeldung-just-in-time-29092\\\/#primaryimage\"},\"image\":{\"@id\":\"https:\\\/\\\/www.krafthand.de\\\/truck\\\/artikel\\\/schadensmeldung-just-in-time-29092\\\/#primaryimage\"},\"thumbnailUrl\":\"https:\\\/\\\/static.krafthand-truck.de\\\/uploads\\\/2021\\\/08\\\/03_2021_034_Bild_57.jpg\",\"datePublished\":\"2021-08-20T06:00:14+00:00\",\"dateModified\":\"2021-08-30T15:22:37+00:00\",\"author\":{\"@id\":\"https:\\\/\\\/www.krafthand.de\\\/truck\\\/#\\\/schema\\\/person\\\/23aebc1e5e3f0204da7158bce36950bb\"},\"breadcrumb\":{\"@id\":\"https:\\\/\\\/www.krafthand.de\\\/truck\\\/artikel\\\/schadensmeldung-just-in-time-29092\\\/#breadcrumb\"},\"inLanguage\":\"de\",\"potentialAction\":[{\"@type\":\"ReadAction\",\"target\":[\"https:\\\/\\\/www.krafthand.de\\\/truck\\\/artikel\\\/schadensmeldung-just-in-time-29092\\\/\"]}]},{\"@type\":\"ImageObject\",\"inLanguage\":\"de\",\"@id\":\"https:\\\/\\\/www.krafthand.de\\\/truck\\\/artikel\\\/schadensmeldung-just-in-time-29092\\\/#primaryimage\",\"url\":\"https:\\\/\\\/static.krafthand-truck.de\\\/uploads\\\/2021\\\/08\\\/03_2021_034_Bild_57.jpg\",\"contentUrl\":\"https:\\\/\\\/static.krafthand-truck.de\\\/uploads\\\/2021\\\/08\\\/03_2021_034_Bild_57.jpg\",\"width\":837,\"height\":1000,\"caption\":\"Bild: Werbas\"},{\"@type\":\"BreadcrumbList\",\"@id\":\"https:\\\/\\\/www.krafthand.de\\\/truck\\\/artikel\\\/schadensmeldung-just-in-time-29092\\\/#breadcrumb\",\"itemListElement\":[{\"@type\":\"ListItem\",\"position\":1,\"name\":\"Krafthand-Truck\",\"item\":\"https:\\\/\\\/www.krafthand.de\\\/truck\\\/\"},{\"@type\":\"ListItem\",\"position\":2,\"name\":\"Nfz-Service\",\"item\":\"https:\\\/\\\/www.krafthand.de\\\/truck\\\/kategorie\\\/nfz-service\\\/\"},{\"@type\":\"ListItem\",\"position\":3,\"name\":\"Werkstattpraxis\",\"item\":\"https:\\\/\\\/www.krafthand.de\\\/truck\\\/kategorie\\\/nfz-service\\\/werkstattpraxis\\\/\"},{\"@type\":\"ListItem\",\"position\":4,\"name\":\"Schadensmeldung just in time\"}]},{\"@type\":\"WebSite\",\"@id\":\"https:\\\/\\\/www.krafthand.de\\\/truck\\\/#website\",\"url\":\"https:\\\/\\\/www.krafthand.de\\\/truck\\\/\",\"name\":\"Krafthand-Truck\",\"description\":\"\",\"potentialAction\":[{\"@type\":\"SearchAction\",\"target\":{\"@type\":\"EntryPoint\",\"urlTemplate\":\"https:\\\/\\\/www.krafthand.de\\\/truck\\\/?s={search_term_string}\"},\"query-input\":{\"@type\":\"PropertyValueSpecification\",\"valueRequired\":true,\"valueName\":\"search_term_string\"}}],\"inLanguage\":\"de\"},{\"@type\":\"Person\",\"@id\":\"https:\\\/\\\/www.krafthand.de\\\/truck\\\/#\\\/schema\\\/person\\\/23aebc1e5e3f0204da7158bce36950bb\",\"name\":\"julian.schmid@krafthand.de\",\"image\":{\"@type\":\"ImageObject\",\"inLanguage\":\"de\",\"@id\":\"https:\\\/\\\/secure.gravatar.com\\\/avatar\\\/ef76c2910cab8eb23fcc013e1c6dc1ba4af5e93fea6e6132d7c4e67d4e9631e9?s=96&d=mm&r=g\",\"url\":\"https:\\\/\\\/secure.gravatar.com\\\/avatar\\\/ef76c2910cab8eb23fcc013e1c6dc1ba4af5e93fea6e6132d7c4e67d4e9631e9?s=96&d=mm&r=g\",\"contentUrl\":\"https:\\\/\\\/secure.gravatar.com\\\/avatar\\\/ef76c2910cab8eb23fcc013e1c6dc1ba4af5e93fea6e6132d7c4e67d4e9631e9?s=96&d=mm&r=g\",\"caption\":\"julian.schmid@krafthand.de\"}}]}<\/script>\n<!-- \/ Yoast SEO plugin. -->","yoast_head_json":{"title":"Schadensmeldung just in time - Krafthand-Truck","robots":{"index":"index","follow":"follow","max-snippet":"max-snippet:-1","max-image-preview":"max-image-preview:large","max-video-preview":"max-video-preview:-1"},"canonical":"https:\/\/www.krafthand.de\/truck\/artikel\/schadensmeldung-just-in-time-29092\/","og_locale":"de_DE","og_type":"article","og_title":"Schadensmeldung just in time - Krafthand-Truck","og_description":"Mobile L\u00f6sungen gewinnen bei Werkst\u00e4tten f\u00fcr Nutzfahrzeuge und bei Speditionen immer mehr an Bedeutung. Mit geringem Aufwand lassen sich laut Softwarespezialist Werbas in kurzer Zeit Prozessverbesserungen und Kostenoptimierungen erzielen. ... weiter","og_url":"https:\/\/www.krafthand-truck.de\/artikel\/schadensmeldung-just-in-time-29092\/","og_site_name":"Krafthand-Truck","article_published_time":"2021-08-20T06:00:14+00:00","article_modified_time":"2021-08-30T15:22:37+00:00","og_image":[{"width":837,"height":1000,"url":"https:\/\/www.krafthand.de\/truck\/wp-content\/uploads\/2021\/08\/03_2021_034_Bild_57.jpg","type":"image\/jpeg"}],"author":"julian.schmid@krafthand.de","twitter_card":"summary_large_image","twitter_misc":{"Verfasst von":"julian.schmid@krafthand.de","Gesch\u00e4tzte Lesezeit":"1\u00a0Minute"},"schema":{"@context":"https:\/\/schema.org","@graph":[{"@type":"Article","@id":"https:\/\/www.krafthand.de\/truck\/artikel\/schadensmeldung-just-in-time-29092\/#article","isPartOf":{"@id":"https:\/\/www.krafthand.de\/truck\/artikel\/schadensmeldung-just-in-time-29092\/"},"author":{"name":"julian.schmid@krafthand.de","@id":"https:\/\/www.krafthand.de\/truck\/#\/schema\/person\/23aebc1e5e3f0204da7158bce36950bb"},"headline":"Schadensmeldung just in time","datePublished":"2021-08-20T06:00:14+00:00","dateModified":"2021-08-30T15:22:37+00:00","mainEntityOfPage":{"@id":"https:\/\/www.krafthand.de\/truck\/artikel\/schadensmeldung-just-in-time-29092\/"},"wordCount":228,"image":{"@id":"https:\/\/www.krafthand.de\/truck\/artikel\/schadensmeldung-just-in-time-29092\/#primaryimage"},"thumbnailUrl":"https:\/\/static.krafthand-truck.de\/uploads\/2021\/08\/03_2021_034_Bild_57.jpg","keywords":["Schadensanalyse","Werbas","Werbas blue"],"articleSection":["Werkstattpraxis"],"inLanguage":"de"},{"@type":"WebPage","@id":"https:\/\/www.krafthand.de\/truck\/artikel\/schadensmeldung-just-in-time-29092\/","url":"https:\/\/www.krafthand.de\/truck\/artikel\/schadensmeldung-just-in-time-29092\/","name":"Schadensmeldung just in time - Krafthand-Truck","isPartOf":{"@id":"https:\/\/www.krafthand.de\/truck\/#website"},"primaryImageOfPage":{"@id":"https:\/\/www.krafthand.de\/truck\/artikel\/schadensmeldung-just-in-time-29092\/#primaryimage"},"image":{"@id":"https:\/\/www.krafthand.de\/truck\/artikel\/schadensmeldung-just-in-time-29092\/#primaryimage"},"thumbnailUrl":"https:\/\/static.krafthand-truck.de\/uploads\/2021\/08\/03_2021_034_Bild_57.jpg","datePublished":"2021-08-20T06:00:14+00:00","dateModified":"2021-08-30T15:22:37+00:00","author":{"@id":"https:\/\/www.krafthand.de\/truck\/#\/schema\/person\/23aebc1e5e3f0204da7158bce36950bb"},"breadcrumb":{"@id":"https:\/\/www.krafthand.de\/truck\/artikel\/schadensmeldung-just-in-time-29092\/#breadcrumb"},"inLanguage":"de","potentialAction":[{"@type":"ReadAction","target":["https:\/\/www.krafthand.de\/truck\/artikel\/schadensmeldung-just-in-time-29092\/"]}]},{"@type":"ImageObject","inLanguage":"de","@id":"https:\/\/www.krafthand.de\/truck\/artikel\/schadensmeldung-just-in-time-29092\/#primaryimage","url":"https:\/\/static.krafthand-truck.de\/uploads\/2021\/08\/03_2021_034_Bild_57.jpg","contentUrl":"https:\/\/static.krafthand-truck.de\/uploads\/2021\/08\/03_2021_034_Bild_57.jpg","width":837,"height":1000,"caption":"Bild: Werbas"},{"@type":"BreadcrumbList","@id":"https:\/\/www.krafthand.de\/truck\/artikel\/schadensmeldung-just-in-time-29092\/#breadcrumb","itemListElement":[{"@type":"ListItem","position":1,"name":"Krafthand-Truck","item":"https:\/\/www.krafthand.de\/truck\/"},{"@type":"ListItem","position":2,"name":"Nfz-Service","item":"https:\/\/www.krafthand.de\/truck\/kategorie\/nfz-service\/"},{"@type":"ListItem","position":3,"name":"Werkstattpraxis","item":"https:\/\/www.krafthand.de\/truck\/kategorie\/nfz-service\/werkstattpraxis\/"},{"@type":"ListItem","position":4,"name":"Schadensmeldung just in time"}]},{"@type":"WebSite","@id":"https:\/\/www.krafthand.de\/truck\/#website","url":"https:\/\/www.krafthand.de\/truck\/","name":"Krafthand-Truck","description":"","potentialAction":[{"@type":"SearchAction","target":{"@type":"EntryPoint","urlTemplate":"https:\/\/www.krafthand.de\/truck\/?s={search_term_string}"},"query-input":{"@type":"PropertyValueSpecification","valueRequired":true,"valueName":"search_term_string"}}],"inLanguage":"de"},{"@type":"Person","@id":"https:\/\/www.krafthand.de\/truck\/#\/schema\/person\/23aebc1e5e3f0204da7158bce36950bb","name":"julian.schmid@krafthand.de","image":{"@type":"ImageObject","inLanguage":"de","@id":"https:\/\/secure.gravatar.com\/avatar\/ef76c2910cab8eb23fcc013e1c6dc1ba4af5e93fea6e6132d7c4e67d4e9631e9?s=96&d=mm&r=g","url":"https:\/\/secure.gravatar.com\/avatar\/ef76c2910cab8eb23fcc013e1c6dc1ba4af5e93fea6e6132d7c4e67d4e9631e9?s=96&d=mm&r=g","contentUrl":"https:\/\/secure.gravatar.com\/avatar\/ef76c2910cab8eb23fcc013e1c6dc1ba4af5e93fea6e6132d7c4e67d4e9631e9?s=96&d=mm&r=g","caption":"julian.schmid@krafthand.de"}}]}},"_links":{"self":[{"href":"https:\/\/www.krafthand.de\/truck\/wp-json\/wp\/v2\/posts\/29092","targetHints":{"allow":["GET"]}}],"collection":[{"href":"https:\/\/www.krafthand.de\/truck\/wp-json\/wp\/v2\/posts"}],"about":[{"href":"https:\/\/www.krafthand.de\/truck\/wp-json\/wp\/v2\/types\/post"}],"author":[{"embeddable":true,"href":"https:\/\/www.krafthand.de\/truck\/wp-json\/wp\/v2\/users\/7"}],"replies":[{"embeddable":true,"href":"https:\/\/www.krafthand.de\/truck\/wp-json\/wp\/v2\/comments?post=29092"}],"version-history":[{"count":2,"href":"https:\/\/www.krafthand.de\/truck\/wp-json\/wp\/v2\/posts\/29092\/revisions"}],"predecessor-version":[{"id":29274,"href":"https:\/\/www.krafthand.de\/truck\/wp-json\/wp\/v2\/posts\/29092\/revisions\/29274"}],"wp:featuredmedia":[{"embeddable":true,"href":"https:\/\/www.krafthand.de\/truck\/wp-json\/wp\/v2\/media\/29093"}],"wp:attachment":[{"href":"https:\/\/www.krafthand.de\/truck\/wp-json\/wp\/v2\/media?parent=29092"}],"wp:term":[{"taxonomy":"category","embeddable":true,"href":"https:\/\/www.krafthand.de\/truck\/wp-json\/wp\/v2\/categories?post=29092"},{"taxonomy":"post_tag","embeddable":true,"href":"https:\/\/www.krafthand.de\/truck\/wp-json\/wp\/v2\/tags?post=29092"},{"taxonomy":"settings","embeddable":true,"href":"https:\/\/www.krafthand.de\/truck\/wp-json\/wp\/v2\/settings?post=29092"}],"curies":[{"name":"wp","href":"https:\/\/api.w.org\/{rel}","templated":true}]}}