{"id":29050,"date":"2021-08-11T07:32:19","date_gmt":"2021-08-11T05:32:19","guid":{"rendered":"https:\/\/www.krafthand.de\/truck\/?p=29050"},"modified":"2021-08-11T07:38:24","modified_gmt":"2021-08-11T05:38:24","slug":"nufam-2021-get-things-moving","status":"publish","type":"post","link":"https:\/\/www.krafthand.de\/truck\/artikel\/nufam-2021-get-things-moving-29050\/","title":{"rendered":"NUFAM 2021 \u2013 Get things moving!"},"content":{"rendered":"<p>Im Herbst 2021 trifft sich die Nutzfahrzeugbranche wieder pers\u00f6nlich. Auf der siebten Nutzfahrzeugmesse NUFAM in Karlsruhe, die vom 30.9. \u2013 3.10.2021 stattfindet, pr\u00e4sentieren laut Veranstalter \u00fcber 350 Aussteller das gesamte Leistungsspektrum der Branche. So sind Fahrzeuge aller Gewichtsklassen ausgestellt \u2013 Themen wie die E-Mobilit\u00e4t, alternative Antriebe und Hybridsysteme, Aufbauten und Anh\u00e4nger, Krane und Hebezeuge, Reifen, Teile, Zubeh\u00f6r, Werkstattausr\u00fcstung, Telematikl\u00f6sungen sowie Dienstleistungen stehen im Vordergrund.<\/p>\n<h3>Technik und Mobilit\u00e4tskonzepte<\/h3>\n<p>Die <a href=\"https:\/\/www.nufam.de\/de\/\" target=\"_blank\" rel=\"noopener\">NUFAM<\/a> belegt 2021 erneut eine Ausstellungsfl\u00e4che von insgesamt 70.000 Quadratmetern, die alle vier Hallen der Karlsruher Messe sowie das angrenzende Freigel\u00e4nde umfasst. Gekn\u00fcpft an die Inzidenzwerte und mit den notwendigen Schutz- und Hygienema\u00dfnahmen, m\u00f6chte die NUFAM aktuelle Technik mit Mobilit\u00e4tskonzepten der Zukunft verbinden. Das Bundesministerium f\u00fcr Verkehr und digitale Infrastruktur hat gemeinsam mit dem Ministerium f\u00fcr Verkehr Baden-W\u00fcrttemberg erneut die Schirmherrschaft f\u00fcr die Veranstaltung \u00fcbernommen.<\/p>\n<blockquote><p>\u201eWir zeigen auf der NUFAM den europaweit ersten mit H2-Brennstoffzellen betriebenen Transporter seiner Art\u201c, so Volker Seitz von Quantron.<\/p><\/blockquote>\n<h3>Einige Higlights<\/h3>\n<p>Die Marken der Hersteller sind laut Veranstalter auch 2021 mit gro\u00dfen Standfl\u00e4chen auf der NUFAM vertreten. Zudem zeigen zahlreiche Aussteller Premieren und Neuentwicklungen Neben schweren und leichten Nutzfahrzeugen, Aufbauten und Anh\u00e4ngern, k\u00f6nnen Besucher auch die neuesten Ladekrane und Mitnahmestapler live erleben. Im Bereich Digitalisierung pr\u00e4sentieren zum Beispiel BPW Bergische Achsen und Webfleet-Solutions ihre Produkte. Das Ausstellerspektrum im Bereich der E-Mobilit\u00e4t hat sich mit Quantron, K\u00f6nig Metall, Powertec sowie Winter Fahrzeugtechnik erweitert. Auch Schmitz Cargobull, um ein weiteres Beispiel zu nennen, wartet neben vielen anderen mit einer Premiere auf. Es wird also spannend!<\/p>\n<p>Tickets sind im Internet unter <a href=\"https:\/\/www.nufam.de\/de\/tickets\/\" target=\"_blank\" rel=\"noopener\">www.nufam.de\/tickets<\/a> erh\u00e4ltlich. Letztendlich bleibt nur zu hoffen, dass sich das Infektionsgeschehen nicht negativ entwickelt. \u201eDie Messe spontan ins Digitale zu verlegen ist f\u00fcr uns keine Option\u201c, so eine Vertreterin der Karlsruher Messe- und Kongress GmbH gegen\u00fcber Krafthand-Truck.<\/p>\n<p><i>Den Beitrag finden Sie auch in der Print-Ausgabe 3\/2021 der <a href=\"https:\/\/www.krafthand.de\/truck\/magazin\/\" title=\"Zum Magazin\">Krafthand-Truck<\/a>.<\/i><\/p>\r\n\t\t\t\t<div class=\"post-author\">\r\n\t\t\t\t\t<div class=\"khm-cp-author clearfix\">\r\n\t\t\t\t\t\t<div class=\"khm-cp-author__content\">\r\n\t\t\t\t\t\t\t\tKontakt zum Autor:<br \/>\r\n\t\t\t\t\t\t\t\t<strong>Georg Blenk<\/strong>, 08247 \/ 3007-45 |  <a href=\"mailto:georg.blenk@krafthand-medien.de\">georg.blenk@krafthand-medien.de<\/a>\r\n\t\t\t\t\t\t\t<div class=\"khm-cp-author__image\">\r\n\t\t\t\t\t\t<img src=\"https:\/\/static.krafthand-truck.de\/uploads\/2021\/01\/Blenk_6104-250x300-1-removebg-preview.png\" class=\"img-responsive\">\r\n\t\t\t\t\t<\/div>\r\n\t\t\t\t\t\t<\/div>\r\n\t\t\t\t\t<\/div>\r\n\t\t\t\t<\/div>\r\n\t\t\t\t","protected":false},"excerpt":{"rendered":"<p>Im Herbst 2021 trifft sich die Nutzfahrzeugbranche wieder pers\u00f6nlich. Auf der siebten Nutzfahrzeugmesse NUFAM in Karlsruhe, die vom 30.9. \u2013 3.10.2021 stattfindet, pr\u00e4sentieren laut Veranstalter \u00fcber 350 Aussteller das gesamte Leistungsspektrum der Branche. Die Messe spontan ins Digitale zu verlegen ist f\u00fcr den Veranstalter keine Option. <span class=\"excerpt-more__dots\">&#8230;<\/span> <a class=\"excerpt-more__link\" href=\"https:\/\/www.krafthand.de\/truck\/artikel\/nufam-2021-get-things-moving-29050\/\" >weiter<\/a><\/p>\n","protected":false},"author":9,"featured_media":29051,"comment_status":"closed","ping_status":"closed","sticky":false,"template":"","format":"standard","meta":{"footnotes":""},"categories":[4236],"tags":[2537,447,202,407,4129,4262,4687],"settings":[3524,3523],"class_list":["post-29050","post","type-post","status-publish","format-standard","has-post-thumbnail","hentry","category-veranstaltungen","tag-josam","tag-karlsruhe","tag-koegel","tag-nufam","tag-oe-germany","tag-quantron","tag-saf"],"yoast_head":"<!-- This site is optimized with the Yoast SEO plugin v27.3 - https:\/\/yoast.com\/product\/yoast-seo-wordpress\/ -->\n<title>NUFAM 2021 \u2013 Get things moving! - Krafthand-Truck<\/title>\n<meta name=\"robots\" content=\"index, follow, max-snippet:-1, max-image-preview:large, max-video-preview:-1\" \/>\n<link rel=\"canonical\" href=\"https:\/\/www.krafthand.de\/truck\/artikel\/nufam-2021-get-things-moving-29050\/\" \/>\n<meta property=\"og:locale\" content=\"de_DE\" \/>\n<meta property=\"og:type\" content=\"article\" \/>\n<meta property=\"og:title\" content=\"NUFAM 2021 \u2013 Get things moving! - Krafthand-Truck\" \/>\n<meta property=\"og:description\" content=\"Im Herbst 2021 trifft sich die Nutzfahrzeugbranche wieder pers\u00f6nlich. Auf der siebten Nutzfahrzeugmesse NUFAM in Karlsruhe, die vom 30.9. \u2013 3.10.2021 stattfindet, pr\u00e4sentieren laut Veranstalter \u00fcber 350 Aussteller das gesamte Leistungsspektrum der Branche. Die Messe spontan ins Digitale zu verlegen ist f\u00fcr den Veranstalter keine Option. ... weiter\" \/>\n<meta property=\"og:url\" content=\"https:\/\/www.krafthand-truck.de\/artikel\/nufam-2021-get-things-moving-29050\/\" \/>\n<meta property=\"og:site_name\" content=\"Krafthand-Truck\" \/>\n<meta property=\"article:published_time\" content=\"2021-08-11T05:32:19+00:00\" \/>\n<meta property=\"article:modified_time\" content=\"2021-08-11T05:38:24+00:00\" \/>\n<meta property=\"og:image\" content=\"https:\/\/www.krafthand.de\/truck\/wp-content\/uploads\/2021\/08\/Nufam_Karlsruhe_2021_Krafthand_Truck.jpg\" \/>\n\t<meta property=\"og:image:width\" content=\"1200\" \/>\n\t<meta property=\"og:image:height\" content=\"649\" \/>\n\t<meta property=\"og:image:type\" content=\"image\/jpeg\" \/>\n<meta name=\"author\" content=\"georg.blenk@krafthand-medien.de\" \/>\n<meta name=\"twitter:card\" content=\"summary_large_image\" \/>\n<meta name=\"twitter:label1\" content=\"Verfasst von\" \/>\n\t<meta name=\"twitter:data1\" content=\"georg.blenk@krafthand-medien.de\" \/>\n\t<meta name=\"twitter:label2\" content=\"Gesch\u00e4tzte Lesezeit\" \/>\n\t<meta name=\"twitter:data2\" content=\"2\u00a0Minuten\" \/>\n<script type=\"application\/ld+json\" class=\"yoast-schema-graph\">{\"@context\":\"https:\\\/\\\/schema.org\",\"@graph\":[{\"@type\":\"Article\",\"@id\":\"https:\\\/\\\/www.krafthand.de\\\/truck\\\/artikel\\\/nufam-2021-get-things-moving-29050\\\/#article\",\"isPartOf\":{\"@id\":\"https:\\\/\\\/www.krafthand.de\\\/truck\\\/artikel\\\/nufam-2021-get-things-moving-29050\\\/\"},\"author\":{\"name\":\"georg.blenk@krafthand-medien.de\",\"@id\":\"https:\\\/\\\/www.krafthand.de\\\/truck\\\/#\\\/schema\\\/person\\\/51fa80b1c57034c4bf63f9f988fc24ce\"},\"headline\":\"NUFAM 2021 \u2013 Get things moving!\",\"datePublished\":\"2021-08-11T05:32:19+00:00\",\"dateModified\":\"2021-08-11T05:38:24+00:00\",\"mainEntityOfPage\":{\"@id\":\"https:\\\/\\\/www.krafthand.de\\\/truck\\\/artikel\\\/nufam-2021-get-things-moving-29050\\\/\"},\"wordCount\":315,\"image\":{\"@id\":\"https:\\\/\\\/www.krafthand.de\\\/truck\\\/artikel\\\/nufam-2021-get-things-moving-29050\\\/#primaryimage\"},\"thumbnailUrl\":\"https:\\\/\\\/static.krafthand-truck.de\\\/uploads\\\/2021\\\/08\\\/Nufam_Karlsruhe_2021_Krafthand_Truck.jpg\",\"keywords\":[\"Josam\",\"Karlsruhe\",\"K\u00f6gel\",\"Nufam\",\"OE Germany\",\"Quantron\",\"SAF\"],\"articleSection\":[\"Veranstaltungen\\\/Messen\"],\"inLanguage\":\"de\"},{\"@type\":\"WebPage\",\"@id\":\"https:\\\/\\\/www.krafthand.de\\\/truck\\\/artikel\\\/nufam-2021-get-things-moving-29050\\\/\",\"url\":\"https:\\\/\\\/www.krafthand.de\\\/truck\\\/artikel\\\/nufam-2021-get-things-moving-29050\\\/\",\"name\":\"NUFAM 2021 \u2013 Get things moving! - Krafthand-Truck\",\"isPartOf\":{\"@id\":\"https:\\\/\\\/www.krafthand.de\\\/truck\\\/#website\"},\"primaryImageOfPage\":{\"@id\":\"https:\\\/\\\/www.krafthand.de\\\/truck\\\/artikel\\\/nufam-2021-get-things-moving-29050\\\/#primaryimage\"},\"image\":{\"@id\":\"https:\\\/\\\/www.krafthand.de\\\/truck\\\/artikel\\\/nufam-2021-get-things-moving-29050\\\/#primaryimage\"},\"thumbnailUrl\":\"https:\\\/\\\/static.krafthand-truck.de\\\/uploads\\\/2021\\\/08\\\/Nufam_Karlsruhe_2021_Krafthand_Truck.jpg\",\"datePublished\":\"2021-08-11T05:32:19+00:00\",\"dateModified\":\"2021-08-11T05:38:24+00:00\",\"author\":{\"@id\":\"https:\\\/\\\/www.krafthand.de\\\/truck\\\/#\\\/schema\\\/person\\\/51fa80b1c57034c4bf63f9f988fc24ce\"},\"breadcrumb\":{\"@id\":\"https:\\\/\\\/www.krafthand.de\\\/truck\\\/artikel\\\/nufam-2021-get-things-moving-29050\\\/#breadcrumb\"},\"inLanguage\":\"de\",\"potentialAction\":[{\"@type\":\"ReadAction\",\"target\":[\"https:\\\/\\\/www.krafthand.de\\\/truck\\\/artikel\\\/nufam-2021-get-things-moving-29050\\\/\"]}]},{\"@type\":\"ImageObject\",\"inLanguage\":\"de\",\"@id\":\"https:\\\/\\\/www.krafthand.de\\\/truck\\\/artikel\\\/nufam-2021-get-things-moving-29050\\\/#primaryimage\",\"url\":\"https:\\\/\\\/static.krafthand-truck.de\\\/uploads\\\/2021\\\/08\\\/Nufam_Karlsruhe_2021_Krafthand_Truck.jpg\",\"contentUrl\":\"https:\\\/\\\/static.krafthand-truck.de\\\/uploads\\\/2021\\\/08\\\/Nufam_Karlsruhe_2021_Krafthand_Truck.jpg\",\"width\":1200,\"height\":649},{\"@type\":\"BreadcrumbList\",\"@id\":\"https:\\\/\\\/www.krafthand.de\\\/truck\\\/artikel\\\/nufam-2021-get-things-moving-29050\\\/#breadcrumb\",\"itemListElement\":[{\"@type\":\"ListItem\",\"position\":1,\"name\":\"Krafthand-Truck\",\"item\":\"https:\\\/\\\/www.krafthand.de\\\/truck\\\/\"},{\"@type\":\"ListItem\",\"position\":2,\"name\":\"Nfz-Branche\",\"item\":\"https:\\\/\\\/www.krafthand.de\\\/truck\\\/kategorie\\\/branche\\\/\"},{\"@type\":\"ListItem\",\"position\":3,\"name\":\"Veranstaltungen\\\/Messen\",\"item\":\"https:\\\/\\\/www.krafthand.de\\\/truck\\\/kategorie\\\/branche\\\/veranstaltungen\\\/\"},{\"@type\":\"ListItem\",\"position\":4,\"name\":\"NUFAM 2021 \u2013 Get things moving!\"}]},{\"@type\":\"WebSite\",\"@id\":\"https:\\\/\\\/www.krafthand.de\\\/truck\\\/#website\",\"url\":\"https:\\\/\\\/www.krafthand.de\\\/truck\\\/\",\"name\":\"Krafthand-Truck\",\"description\":\"\",\"potentialAction\":[{\"@type\":\"SearchAction\",\"target\":{\"@type\":\"EntryPoint\",\"urlTemplate\":\"https:\\\/\\\/www.krafthand.de\\\/truck\\\/?s={search_term_string}\"},\"query-input\":{\"@type\":\"PropertyValueSpecification\",\"valueRequired\":true,\"valueName\":\"search_term_string\"}}],\"inLanguage\":\"de\"},{\"@type\":\"Person\",\"@id\":\"https:\\\/\\\/www.krafthand.de\\\/truck\\\/#\\\/schema\\\/person\\\/51fa80b1c57034c4bf63f9f988fc24ce\",\"name\":\"georg.blenk@krafthand-medien.de\",\"image\":{\"@type\":\"ImageObject\",\"inLanguage\":\"de\",\"@id\":\"https:\\\/\\\/secure.gravatar.com\\\/avatar\\\/93713c30affe0aa95d3a4130e499bb1abee2eb31adbdd9ce2aa1543538490215?s=96&d=mm&r=g\",\"url\":\"https:\\\/\\\/secure.gravatar.com\\\/avatar\\\/93713c30affe0aa95d3a4130e499bb1abee2eb31adbdd9ce2aa1543538490215?s=96&d=mm&r=g\",\"contentUrl\":\"https:\\\/\\\/secure.gravatar.com\\\/avatar\\\/93713c30affe0aa95d3a4130e499bb1abee2eb31adbdd9ce2aa1543538490215?s=96&d=mm&r=g\",\"caption\":\"georg.blenk@krafthand-medien.de\"}}]}<\/script>\n<!-- \/ Yoast SEO plugin. -->","yoast_head_json":{"title":"NUFAM 2021 \u2013 Get things moving! - Krafthand-Truck","robots":{"index":"index","follow":"follow","max-snippet":"max-snippet:-1","max-image-preview":"max-image-preview:large","max-video-preview":"max-video-preview:-1"},"canonical":"https:\/\/www.krafthand.de\/truck\/artikel\/nufam-2021-get-things-moving-29050\/","og_locale":"de_DE","og_type":"article","og_title":"NUFAM 2021 \u2013 Get things moving! - Krafthand-Truck","og_description":"Im Herbst 2021 trifft sich die Nutzfahrzeugbranche wieder pers\u00f6nlich. Auf der siebten Nutzfahrzeugmesse NUFAM in Karlsruhe, die vom 30.9. \u2013 3.10.2021 stattfindet, pr\u00e4sentieren laut Veranstalter \u00fcber 350 Aussteller das gesamte Leistungsspektrum der Branche. Die Messe spontan ins Digitale zu verlegen ist f\u00fcr den Veranstalter keine Option. ... weiter","og_url":"https:\/\/www.krafthand-truck.de\/artikel\/nufam-2021-get-things-moving-29050\/","og_site_name":"Krafthand-Truck","article_published_time":"2021-08-11T05:32:19+00:00","article_modified_time":"2021-08-11T05:38:24+00:00","og_image":[{"width":1200,"height":649,"url":"https:\/\/www.krafthand.de\/truck\/wp-content\/uploads\/2021\/08\/Nufam_Karlsruhe_2021_Krafthand_Truck.jpg","type":"image\/jpeg"}],"author":"georg.blenk@krafthand-medien.de","twitter_card":"summary_large_image","twitter_misc":{"Verfasst von":"georg.blenk@krafthand-medien.de","Gesch\u00e4tzte Lesezeit":"2\u00a0Minuten"},"schema":{"@context":"https:\/\/schema.org","@graph":[{"@type":"Article","@id":"https:\/\/www.krafthand.de\/truck\/artikel\/nufam-2021-get-things-moving-29050\/#article","isPartOf":{"@id":"https:\/\/www.krafthand.de\/truck\/artikel\/nufam-2021-get-things-moving-29050\/"},"author":{"name":"georg.blenk@krafthand-medien.de","@id":"https:\/\/www.krafthand.de\/truck\/#\/schema\/person\/51fa80b1c57034c4bf63f9f988fc24ce"},"headline":"NUFAM 2021 \u2013 Get things moving!","datePublished":"2021-08-11T05:32:19+00:00","dateModified":"2021-08-11T05:38:24+00:00","mainEntityOfPage":{"@id":"https:\/\/www.krafthand.de\/truck\/artikel\/nufam-2021-get-things-moving-29050\/"},"wordCount":315,"image":{"@id":"https:\/\/www.krafthand.de\/truck\/artikel\/nufam-2021-get-things-moving-29050\/#primaryimage"},"thumbnailUrl":"https:\/\/static.krafthand-truck.de\/uploads\/2021\/08\/Nufam_Karlsruhe_2021_Krafthand_Truck.jpg","keywords":["Josam","Karlsruhe","K\u00f6gel","Nufam","OE Germany","Quantron","SAF"],"articleSection":["Veranstaltungen\/Messen"],"inLanguage":"de"},{"@type":"WebPage","@id":"https:\/\/www.krafthand.de\/truck\/artikel\/nufam-2021-get-things-moving-29050\/","url":"https:\/\/www.krafthand.de\/truck\/artikel\/nufam-2021-get-things-moving-29050\/","name":"NUFAM 2021 \u2013 Get things moving! - Krafthand-Truck","isPartOf":{"@id":"https:\/\/www.krafthand.de\/truck\/#website"},"primaryImageOfPage":{"@id":"https:\/\/www.krafthand.de\/truck\/artikel\/nufam-2021-get-things-moving-29050\/#primaryimage"},"image":{"@id":"https:\/\/www.krafthand.de\/truck\/artikel\/nufam-2021-get-things-moving-29050\/#primaryimage"},"thumbnailUrl":"https:\/\/static.krafthand-truck.de\/uploads\/2021\/08\/Nufam_Karlsruhe_2021_Krafthand_Truck.jpg","datePublished":"2021-08-11T05:32:19+00:00","dateModified":"2021-08-11T05:38:24+00:00","author":{"@id":"https:\/\/www.krafthand.de\/truck\/#\/schema\/person\/51fa80b1c57034c4bf63f9f988fc24ce"},"breadcrumb":{"@id":"https:\/\/www.krafthand.de\/truck\/artikel\/nufam-2021-get-things-moving-29050\/#breadcrumb"},"inLanguage":"de","potentialAction":[{"@type":"ReadAction","target":["https:\/\/www.krafthand.de\/truck\/artikel\/nufam-2021-get-things-moving-29050\/"]}]},{"@type":"ImageObject","inLanguage":"de","@id":"https:\/\/www.krafthand.de\/truck\/artikel\/nufam-2021-get-things-moving-29050\/#primaryimage","url":"https:\/\/static.krafthand-truck.de\/uploads\/2021\/08\/Nufam_Karlsruhe_2021_Krafthand_Truck.jpg","contentUrl":"https:\/\/static.krafthand-truck.de\/uploads\/2021\/08\/Nufam_Karlsruhe_2021_Krafthand_Truck.jpg","width":1200,"height":649},{"@type":"BreadcrumbList","@id":"https:\/\/www.krafthand.de\/truck\/artikel\/nufam-2021-get-things-moving-29050\/#breadcrumb","itemListElement":[{"@type":"ListItem","position":1,"name":"Krafthand-Truck","item":"https:\/\/www.krafthand.de\/truck\/"},{"@type":"ListItem","position":2,"name":"Nfz-Branche","item":"https:\/\/www.krafthand.de\/truck\/kategorie\/branche\/"},{"@type":"ListItem","position":3,"name":"Veranstaltungen\/Messen","item":"https:\/\/www.krafthand.de\/truck\/kategorie\/branche\/veranstaltungen\/"},{"@type":"ListItem","position":4,"name":"NUFAM 2021 \u2013 Get things moving!"}]},{"@type":"WebSite","@id":"https:\/\/www.krafthand.de\/truck\/#website","url":"https:\/\/www.krafthand.de\/truck\/","name":"Krafthand-Truck","description":"","potentialAction":[{"@type":"SearchAction","target":{"@type":"EntryPoint","urlTemplate":"https:\/\/www.krafthand.de\/truck\/?s={search_term_string}"},"query-input":{"@type":"PropertyValueSpecification","valueRequired":true,"valueName":"search_term_string"}}],"inLanguage":"de"},{"@type":"Person","@id":"https:\/\/www.krafthand.de\/truck\/#\/schema\/person\/51fa80b1c57034c4bf63f9f988fc24ce","name":"georg.blenk@krafthand-medien.de","image":{"@type":"ImageObject","inLanguage":"de","@id":"https:\/\/secure.gravatar.com\/avatar\/93713c30affe0aa95d3a4130e499bb1abee2eb31adbdd9ce2aa1543538490215?s=96&d=mm&r=g","url":"https:\/\/secure.gravatar.com\/avatar\/93713c30affe0aa95d3a4130e499bb1abee2eb31adbdd9ce2aa1543538490215?s=96&d=mm&r=g","contentUrl":"https:\/\/secure.gravatar.com\/avatar\/93713c30affe0aa95d3a4130e499bb1abee2eb31adbdd9ce2aa1543538490215?s=96&d=mm&r=g","caption":"georg.blenk@krafthand-medien.de"}}]}},"_links":{"self":[{"href":"https:\/\/www.krafthand.de\/truck\/wp-json\/wp\/v2\/posts\/29050","targetHints":{"allow":["GET"]}}],"collection":[{"href":"https:\/\/www.krafthand.de\/truck\/wp-json\/wp\/v2\/posts"}],"about":[{"href":"https:\/\/www.krafthand.de\/truck\/wp-json\/wp\/v2\/types\/post"}],"author":[{"embeddable":true,"href":"https:\/\/www.krafthand.de\/truck\/wp-json\/wp\/v2\/users\/9"}],"replies":[{"embeddable":true,"href":"https:\/\/www.krafthand.de\/truck\/wp-json\/wp\/v2\/comments?post=29050"}],"version-history":[{"count":5,"href":"https:\/\/www.krafthand.de\/truck\/wp-json\/wp\/v2\/posts\/29050\/revisions"}],"predecessor-version":[{"id":29057,"href":"https:\/\/www.krafthand.de\/truck\/wp-json\/wp\/v2\/posts\/29050\/revisions\/29057"}],"wp:featuredmedia":[{"embeddable":true,"href":"https:\/\/www.krafthand.de\/truck\/wp-json\/wp\/v2\/media\/29051"}],"wp:attachment":[{"href":"https:\/\/www.krafthand.de\/truck\/wp-json\/wp\/v2\/media?parent=29050"}],"wp:term":[{"taxonomy":"category","embeddable":true,"href":"https:\/\/www.krafthand.de\/truck\/wp-json\/wp\/v2\/categories?post=29050"},{"taxonomy":"post_tag","embeddable":true,"href":"https:\/\/www.krafthand.de\/truck\/wp-json\/wp\/v2\/tags?post=29050"},{"taxonomy":"settings","embeddable":true,"href":"https:\/\/www.krafthand.de\/truck\/wp-json\/wp\/v2\/settings?post=29050"}],"curies":[{"name":"wp","href":"https:\/\/api.w.org\/{rel}","templated":true}]}}