{"id":29032,"date":"2021-08-10T11:07:24","date_gmt":"2021-08-10T09:07:24","guid":{"rendered":"https:\/\/www.krafthand.de\/truck\/?p=29032"},"modified":"2021-08-11T07:44:02","modified_gmt":"2021-08-11T05:44:02","slug":"zukunftskongress-nutzfahrzeuge-2021","status":"publish","type":"post","link":"https:\/\/www.krafthand.de\/truck\/artikel\/zukunftskongress-nutzfahrzeuge-2021-29032\/","title":{"rendered":"Zukunftskongress Nutzfahrzeuge 2021"},"content":{"rendered":"<p>Der DEKRA Zukunftskongress Nutzfahrzeuge hat sich mit seinen drei Ausgaben seit 2015 als die zentrale Plattform zum Austausch innerhalb der Transport- und Logistikbranche etabliert. F\u00fcr den 30.11. und den 1.12.2021 ist die n\u00e4chste Veranstaltung geplant \u2013 erstmals als Hybrid-Event: M\u00f6glich ist die Teilnahme vor Ort in Berlin, aber auch online.<\/p>\n<p>Die Veranstaltung findet alle zwei Jahre statt und steht f\u00fcr hochkar\u00e4tige Experten aus der Fahrzeug- und Zulieferindustrie, der Politik sowie der Wissenschaft. Das Programm ist in diesem Jahr laut DEKRA in drei teilweise parallel verlaufende Themenstr\u00e4nge unterteilt: Nutzfahrzeug-Technologie, Digitalisierung und Letzte Meile. Insgesamt erwarten die Veranstalter mehr als 350 Experten, Wissenschaftler und Top-Manager namhafter Unternehmen aus der Nutzfahrzeugbranche \u2013 darunter viele von international ausgerichteten Unternehmen wie Continental, Dachser, Daimler Truck, Fleetboard Logistics, Hyundai, Goodyear Dunlop Tires, Knorr-Bremse, K\u00f6gel, Krone, Quantron SAF-Holland, Rhenus, Scania, Schmitz Cargobull, Shell, Volkswagen und ZF Friedrichshafen.<\/p>\n<p>Au\u00dferdem sind Speaker zahlreicher Verb\u00e4nde und europ\u00e4ischer Organisationen mit an Bord. Zugesagt haben bisher unter anderen Steffen Bilger (Parlamentarischer Staatssekret\u00e4r im Bundesministerium f\u00fcr Verkehr und Digitale Infrastruktur), Prof. Dr. Walter Eichendorf (Pr\u00e4sident des Deutschen Verkehrssicherheitsrates, DVR), Dr. Kurt-Christian Scheel (Gesch\u00e4ftsf\u00fchrer des Verbandes der Automobilindustrie, VDA) und Prof. Dr. Dirk Engelhardt Vorstandssprecher des Bundesverbandes G\u00fcterkraftverkehr, Logistik und Entsorgung, BGL).<\/p>\n<p>Auf dem Zukunftskongress wird auch in diesem Jahr der Europ\u00e4ische Sicherheitspreis Nutzfahrzeuge verliehen. Den Preis vergeben DEKRA, DVR und die Europ\u00e4ische Vereinigung f\u00fcr Unfallforschung und Unfallanalyse (EVU) j\u00e4hrlich gemeinsam an Pers\u00f6nlichkeiten, die sich mit ihren beruflichen Leistungen in besonderer Weise um die Sicherheit des Nutzfahrzeugs verdient gemacht haben. Weitere Informationen und die M\u00f6glichkeit zur Anmeldung gibt es unter<br \/>\nwww.zukunftskongress-nutzfahrzeuge.de.<\/p>\n<p>&nbsp;<\/p>\n\r\n\t\t\t\t<div class=\"post-author\">\r\n\t\t\t\t\t<div class=\"khm-cp-author clearfix\">\r\n\t\t\t\t\t\t<div class=\"khm-cp-author__content\">\r\n\t\t\t\t\t\t\t\tKontakt zum Autor:<br \/>\r\n\t\t\t\t\t\t\t\t<strong>Georg Blenk<\/strong>, 08247 \/ 3007-45 |  <a href=\"mailto:georg.blenk@krafthand-medien.de\">georg.blenk@krafthand-medien.de<\/a>\r\n\t\t\t\t\t\t\t<div class=\"khm-cp-author__image\">\r\n\t\t\t\t\t\t<img src=\"https:\/\/static.krafthand-truck.de\/uploads\/2021\/01\/Blenk_6104-250x300-1-removebg-preview.png\" class=\"img-responsive\">\r\n\t\t\t\t\t<\/div>\r\n\t\t\t\t\t\t<\/div>\r\n\t\t\t\t\t<\/div>\r\n\t\t\t\t<\/div>\r\n\t\t\t\t","protected":false},"excerpt":{"rendered":"<p>Der DEKRA Zukunftskongress Nutzfahrzeuge hat sich mit seinen drei Ausgaben seit 2015 als die zentrale Plattform zum Austausch innerhalb der Transport- und Logistikbranche etabliert. F\u00fcr den 30.11. und den 1.12.2021 ist die n\u00e4chste Veranstaltung als Hybrid-Event geplant. <span class=\"excerpt-more__dots\">&#8230;<\/span> <a class=\"excerpt-more__link\" href=\"https:\/\/www.krafthand.de\/truck\/artikel\/zukunftskongress-nutzfahrzeuge-2021-29032\/\" >weiter<\/a><\/p>\n","protected":false},"author":9,"featured_media":29034,"comment_status":"closed","ping_status":"closed","sticky":false,"template":"","format":"standard","meta":{"footnotes":""},"categories":[4235,4236],"tags":[1266,2151,4683],"settings":[3524,3523],"class_list":["post-29032","post","type-post","status-publish","format-standard","has-post-thumbnail","hentry","category-unternehmen","category-veranstaltungen","tag-berlin","tag-dekra","tag-zukunftskongress-nutzfahrzeuge"],"yoast_head":"<!-- This site is optimized with the Yoast SEO plugin v27.3 - https:\/\/yoast.com\/product\/yoast-seo-wordpress\/ -->\n<title>Zukunftskongress Nutzfahrzeuge 2021 - Krafthand-Truck<\/title>\n<meta name=\"robots\" content=\"index, follow, max-snippet:-1, max-image-preview:large, max-video-preview:-1\" \/>\n<link rel=\"canonical\" href=\"https:\/\/www.krafthand.de\/truck\/artikel\/zukunftskongress-nutzfahrzeuge-2021-29032\/\" \/>\n<meta property=\"og:locale\" content=\"de_DE\" \/>\n<meta property=\"og:type\" content=\"article\" \/>\n<meta property=\"og:title\" content=\"Zukunftskongress Nutzfahrzeuge 2021 - Krafthand-Truck\" \/>\n<meta property=\"og:description\" content=\"Der DEKRA Zukunftskongress Nutzfahrzeuge hat sich mit seinen drei Ausgaben seit 2015 als die zentrale Plattform zum Austausch innerhalb der Transport- und Logistikbranche etabliert. F\u00fcr den 30.11. und den 1.12.2021 ist die n\u00e4chste Veranstaltung als Hybrid-Event geplant. ... weiter\" \/>\n<meta property=\"og:url\" content=\"https:\/\/www.krafthand-truck.de\/artikel\/zukunftskongress-nutzfahrzeuge-2021-29032\/\" \/>\n<meta property=\"og:site_name\" content=\"Krafthand-Truck\" \/>\n<meta property=\"article:published_time\" content=\"2021-08-10T09:07:24+00:00\" \/>\n<meta property=\"article:modified_time\" content=\"2021-08-11T05:44:02+00:00\" \/>\n<meta property=\"og:image\" content=\"https:\/\/www.krafthand.de\/truck\/wp-content\/uploads\/2021\/08\/Dekra_Zukunftskongress_Nutzfahrzeuge_2021_KeyVisual_Krafthand_Truck.jpg\" \/>\n\t<meta property=\"og:image:width\" content=\"1200\" \/>\n\t<meta property=\"og:image:height\" content=\"800\" \/>\n\t<meta property=\"og:image:type\" content=\"image\/jpeg\" \/>\n<meta name=\"author\" content=\"georg.blenk@krafthand-medien.de\" \/>\n<meta name=\"twitter:card\" content=\"summary_large_image\" \/>\n<meta name=\"twitter:label1\" content=\"Verfasst von\" \/>\n\t<meta name=\"twitter:data1\" content=\"georg.blenk@krafthand-medien.de\" \/>\n\t<meta name=\"twitter:label2\" content=\"Gesch\u00e4tzte Lesezeit\" \/>\n\t<meta name=\"twitter:data2\" content=\"2\u00a0Minuten\" \/>\n<script type=\"application\/ld+json\" class=\"yoast-schema-graph\">{\"@context\":\"https:\\\/\\\/schema.org\",\"@graph\":[{\"@type\":\"Article\",\"@id\":\"https:\\\/\\\/www.krafthand.de\\\/truck\\\/artikel\\\/zukunftskongress-nutzfahrzeuge-2021-29032\\\/#article\",\"isPartOf\":{\"@id\":\"https:\\\/\\\/www.krafthand.de\\\/truck\\\/artikel\\\/zukunftskongress-nutzfahrzeuge-2021-29032\\\/\"},\"author\":{\"name\":\"georg.blenk@krafthand-medien.de\",\"@id\":\"https:\\\/\\\/www.krafthand.de\\\/truck\\\/#\\\/schema\\\/person\\\/51fa80b1c57034c4bf63f9f988fc24ce\"},\"headline\":\"Zukunftskongress Nutzfahrzeuge 2021\",\"datePublished\":\"2021-08-10T09:07:24+00:00\",\"dateModified\":\"2021-08-11T05:44:02+00:00\",\"mainEntityOfPage\":{\"@id\":\"https:\\\/\\\/www.krafthand.de\\\/truck\\\/artikel\\\/zukunftskongress-nutzfahrzeuge-2021-29032\\\/\"},\"wordCount\":278,\"image\":{\"@id\":\"https:\\\/\\\/www.krafthand.de\\\/truck\\\/artikel\\\/zukunftskongress-nutzfahrzeuge-2021-29032\\\/#primaryimage\"},\"thumbnailUrl\":\"https:\\\/\\\/static.krafthand-truck.de\\\/uploads\\\/2021\\\/08\\\/Dekra_Zukunftskongress_Nutzfahrzeuge_2021_KeyVisual_Krafthand_Truck.jpg\",\"keywords\":[\"Berlin\",\"Dekra\",\"Zukunftskongress Nutzfahrzeuge\"],\"articleSection\":[\"Unternehmen\",\"Veranstaltungen\\\/Messen\"],\"inLanguage\":\"de\"},{\"@type\":\"WebPage\",\"@id\":\"https:\\\/\\\/www.krafthand.de\\\/truck\\\/artikel\\\/zukunftskongress-nutzfahrzeuge-2021-29032\\\/\",\"url\":\"https:\\\/\\\/www.krafthand.de\\\/truck\\\/artikel\\\/zukunftskongress-nutzfahrzeuge-2021-29032\\\/\",\"name\":\"Zukunftskongress Nutzfahrzeuge 2021 - Krafthand-Truck\",\"isPartOf\":{\"@id\":\"https:\\\/\\\/www.krafthand.de\\\/truck\\\/#website\"},\"primaryImageOfPage\":{\"@id\":\"https:\\\/\\\/www.krafthand.de\\\/truck\\\/artikel\\\/zukunftskongress-nutzfahrzeuge-2021-29032\\\/#primaryimage\"},\"image\":{\"@id\":\"https:\\\/\\\/www.krafthand.de\\\/truck\\\/artikel\\\/zukunftskongress-nutzfahrzeuge-2021-29032\\\/#primaryimage\"},\"thumbnailUrl\":\"https:\\\/\\\/static.krafthand-truck.de\\\/uploads\\\/2021\\\/08\\\/Dekra_Zukunftskongress_Nutzfahrzeuge_2021_KeyVisual_Krafthand_Truck.jpg\",\"datePublished\":\"2021-08-10T09:07:24+00:00\",\"dateModified\":\"2021-08-11T05:44:02+00:00\",\"author\":{\"@id\":\"https:\\\/\\\/www.krafthand.de\\\/truck\\\/#\\\/schema\\\/person\\\/51fa80b1c57034c4bf63f9f988fc24ce\"},\"breadcrumb\":{\"@id\":\"https:\\\/\\\/www.krafthand.de\\\/truck\\\/artikel\\\/zukunftskongress-nutzfahrzeuge-2021-29032\\\/#breadcrumb\"},\"inLanguage\":\"de\",\"potentialAction\":[{\"@type\":\"ReadAction\",\"target\":[\"https:\\\/\\\/www.krafthand.de\\\/truck\\\/artikel\\\/zukunftskongress-nutzfahrzeuge-2021-29032\\\/\"]}]},{\"@type\":\"ImageObject\",\"inLanguage\":\"de\",\"@id\":\"https:\\\/\\\/www.krafthand.de\\\/truck\\\/artikel\\\/zukunftskongress-nutzfahrzeuge-2021-29032\\\/#primaryimage\",\"url\":\"https:\\\/\\\/static.krafthand-truck.de\\\/uploads\\\/2021\\\/08\\\/Dekra_Zukunftskongress_Nutzfahrzeuge_2021_KeyVisual_Krafthand_Truck.jpg\",\"contentUrl\":\"https:\\\/\\\/static.krafthand-truck.de\\\/uploads\\\/2021\\\/08\\\/Dekra_Zukunftskongress_Nutzfahrzeuge_2021_KeyVisual_Krafthand_Truck.jpg\",\"width\":1200,\"height\":800},{\"@type\":\"BreadcrumbList\",\"@id\":\"https:\\\/\\\/www.krafthand.de\\\/truck\\\/artikel\\\/zukunftskongress-nutzfahrzeuge-2021-29032\\\/#breadcrumb\",\"itemListElement\":[{\"@type\":\"ListItem\",\"position\":1,\"name\":\"Krafthand-Truck\",\"item\":\"https:\\\/\\\/www.krafthand.de\\\/truck\\\/\"},{\"@type\":\"ListItem\",\"position\":2,\"name\":\"Nfz-Branche\",\"item\":\"https:\\\/\\\/www.krafthand.de\\\/truck\\\/kategorie\\\/branche\\\/\"},{\"@type\":\"ListItem\",\"position\":3,\"name\":\"Veranstaltungen\\\/Messen\",\"item\":\"https:\\\/\\\/www.krafthand.de\\\/truck\\\/kategorie\\\/branche\\\/veranstaltungen\\\/\"},{\"@type\":\"ListItem\",\"position\":4,\"name\":\"Zukunftskongress Nutzfahrzeuge 2021\"}]},{\"@type\":\"WebSite\",\"@id\":\"https:\\\/\\\/www.krafthand.de\\\/truck\\\/#website\",\"url\":\"https:\\\/\\\/www.krafthand.de\\\/truck\\\/\",\"name\":\"Krafthand-Truck\",\"description\":\"\",\"potentialAction\":[{\"@type\":\"SearchAction\",\"target\":{\"@type\":\"EntryPoint\",\"urlTemplate\":\"https:\\\/\\\/www.krafthand.de\\\/truck\\\/?s={search_term_string}\"},\"query-input\":{\"@type\":\"PropertyValueSpecification\",\"valueRequired\":true,\"valueName\":\"search_term_string\"}}],\"inLanguage\":\"de\"},{\"@type\":\"Person\",\"@id\":\"https:\\\/\\\/www.krafthand.de\\\/truck\\\/#\\\/schema\\\/person\\\/51fa80b1c57034c4bf63f9f988fc24ce\",\"name\":\"georg.blenk@krafthand-medien.de\",\"image\":{\"@type\":\"ImageObject\",\"inLanguage\":\"de\",\"@id\":\"https:\\\/\\\/secure.gravatar.com\\\/avatar\\\/93713c30affe0aa95d3a4130e499bb1abee2eb31adbdd9ce2aa1543538490215?s=96&d=mm&r=g\",\"url\":\"https:\\\/\\\/secure.gravatar.com\\\/avatar\\\/93713c30affe0aa95d3a4130e499bb1abee2eb31adbdd9ce2aa1543538490215?s=96&d=mm&r=g\",\"contentUrl\":\"https:\\\/\\\/secure.gravatar.com\\\/avatar\\\/93713c30affe0aa95d3a4130e499bb1abee2eb31adbdd9ce2aa1543538490215?s=96&d=mm&r=g\",\"caption\":\"georg.blenk@krafthand-medien.de\"}}]}<\/script>\n<!-- \/ Yoast SEO plugin. -->","yoast_head_json":{"title":"Zukunftskongress Nutzfahrzeuge 2021 - Krafthand-Truck","robots":{"index":"index","follow":"follow","max-snippet":"max-snippet:-1","max-image-preview":"max-image-preview:large","max-video-preview":"max-video-preview:-1"},"canonical":"https:\/\/www.krafthand.de\/truck\/artikel\/zukunftskongress-nutzfahrzeuge-2021-29032\/","og_locale":"de_DE","og_type":"article","og_title":"Zukunftskongress Nutzfahrzeuge 2021 - Krafthand-Truck","og_description":"Der DEKRA Zukunftskongress Nutzfahrzeuge hat sich mit seinen drei Ausgaben seit 2015 als die zentrale Plattform zum Austausch innerhalb der Transport- und Logistikbranche etabliert. F\u00fcr den 30.11. und den 1.12.2021 ist die n\u00e4chste Veranstaltung als Hybrid-Event geplant. ... weiter","og_url":"https:\/\/www.krafthand-truck.de\/artikel\/zukunftskongress-nutzfahrzeuge-2021-29032\/","og_site_name":"Krafthand-Truck","article_published_time":"2021-08-10T09:07:24+00:00","article_modified_time":"2021-08-11T05:44:02+00:00","og_image":[{"width":1200,"height":800,"url":"https:\/\/www.krafthand.de\/truck\/wp-content\/uploads\/2021\/08\/Dekra_Zukunftskongress_Nutzfahrzeuge_2021_KeyVisual_Krafthand_Truck.jpg","type":"image\/jpeg"}],"author":"georg.blenk@krafthand-medien.de","twitter_card":"summary_large_image","twitter_misc":{"Verfasst von":"georg.blenk@krafthand-medien.de","Gesch\u00e4tzte Lesezeit":"2\u00a0Minuten"},"schema":{"@context":"https:\/\/schema.org","@graph":[{"@type":"Article","@id":"https:\/\/www.krafthand.de\/truck\/artikel\/zukunftskongress-nutzfahrzeuge-2021-29032\/#article","isPartOf":{"@id":"https:\/\/www.krafthand.de\/truck\/artikel\/zukunftskongress-nutzfahrzeuge-2021-29032\/"},"author":{"name":"georg.blenk@krafthand-medien.de","@id":"https:\/\/www.krafthand.de\/truck\/#\/schema\/person\/51fa80b1c57034c4bf63f9f988fc24ce"},"headline":"Zukunftskongress Nutzfahrzeuge 2021","datePublished":"2021-08-10T09:07:24+00:00","dateModified":"2021-08-11T05:44:02+00:00","mainEntityOfPage":{"@id":"https:\/\/www.krafthand.de\/truck\/artikel\/zukunftskongress-nutzfahrzeuge-2021-29032\/"},"wordCount":278,"image":{"@id":"https:\/\/www.krafthand.de\/truck\/artikel\/zukunftskongress-nutzfahrzeuge-2021-29032\/#primaryimage"},"thumbnailUrl":"https:\/\/static.krafthand-truck.de\/uploads\/2021\/08\/Dekra_Zukunftskongress_Nutzfahrzeuge_2021_KeyVisual_Krafthand_Truck.jpg","keywords":["Berlin","Dekra","Zukunftskongress Nutzfahrzeuge"],"articleSection":["Unternehmen","Veranstaltungen\/Messen"],"inLanguage":"de"},{"@type":"WebPage","@id":"https:\/\/www.krafthand.de\/truck\/artikel\/zukunftskongress-nutzfahrzeuge-2021-29032\/","url":"https:\/\/www.krafthand.de\/truck\/artikel\/zukunftskongress-nutzfahrzeuge-2021-29032\/","name":"Zukunftskongress Nutzfahrzeuge 2021 - Krafthand-Truck","isPartOf":{"@id":"https:\/\/www.krafthand.de\/truck\/#website"},"primaryImageOfPage":{"@id":"https:\/\/www.krafthand.de\/truck\/artikel\/zukunftskongress-nutzfahrzeuge-2021-29032\/#primaryimage"},"image":{"@id":"https:\/\/www.krafthand.de\/truck\/artikel\/zukunftskongress-nutzfahrzeuge-2021-29032\/#primaryimage"},"thumbnailUrl":"https:\/\/static.krafthand-truck.de\/uploads\/2021\/08\/Dekra_Zukunftskongress_Nutzfahrzeuge_2021_KeyVisual_Krafthand_Truck.jpg","datePublished":"2021-08-10T09:07:24+00:00","dateModified":"2021-08-11T05:44:02+00:00","author":{"@id":"https:\/\/www.krafthand.de\/truck\/#\/schema\/person\/51fa80b1c57034c4bf63f9f988fc24ce"},"breadcrumb":{"@id":"https:\/\/www.krafthand.de\/truck\/artikel\/zukunftskongress-nutzfahrzeuge-2021-29032\/#breadcrumb"},"inLanguage":"de","potentialAction":[{"@type":"ReadAction","target":["https:\/\/www.krafthand.de\/truck\/artikel\/zukunftskongress-nutzfahrzeuge-2021-29032\/"]}]},{"@type":"ImageObject","inLanguage":"de","@id":"https:\/\/www.krafthand.de\/truck\/artikel\/zukunftskongress-nutzfahrzeuge-2021-29032\/#primaryimage","url":"https:\/\/static.krafthand-truck.de\/uploads\/2021\/08\/Dekra_Zukunftskongress_Nutzfahrzeuge_2021_KeyVisual_Krafthand_Truck.jpg","contentUrl":"https:\/\/static.krafthand-truck.de\/uploads\/2021\/08\/Dekra_Zukunftskongress_Nutzfahrzeuge_2021_KeyVisual_Krafthand_Truck.jpg","width":1200,"height":800},{"@type":"BreadcrumbList","@id":"https:\/\/www.krafthand.de\/truck\/artikel\/zukunftskongress-nutzfahrzeuge-2021-29032\/#breadcrumb","itemListElement":[{"@type":"ListItem","position":1,"name":"Krafthand-Truck","item":"https:\/\/www.krafthand.de\/truck\/"},{"@type":"ListItem","position":2,"name":"Nfz-Branche","item":"https:\/\/www.krafthand.de\/truck\/kategorie\/branche\/"},{"@type":"ListItem","position":3,"name":"Veranstaltungen\/Messen","item":"https:\/\/www.krafthand.de\/truck\/kategorie\/branche\/veranstaltungen\/"},{"@type":"ListItem","position":4,"name":"Zukunftskongress Nutzfahrzeuge 2021"}]},{"@type":"WebSite","@id":"https:\/\/www.krafthand.de\/truck\/#website","url":"https:\/\/www.krafthand.de\/truck\/","name":"Krafthand-Truck","description":"","potentialAction":[{"@type":"SearchAction","target":{"@type":"EntryPoint","urlTemplate":"https:\/\/www.krafthand.de\/truck\/?s={search_term_string}"},"query-input":{"@type":"PropertyValueSpecification","valueRequired":true,"valueName":"search_term_string"}}],"inLanguage":"de"},{"@type":"Person","@id":"https:\/\/www.krafthand.de\/truck\/#\/schema\/person\/51fa80b1c57034c4bf63f9f988fc24ce","name":"georg.blenk@krafthand-medien.de","image":{"@type":"ImageObject","inLanguage":"de","@id":"https:\/\/secure.gravatar.com\/avatar\/93713c30affe0aa95d3a4130e499bb1abee2eb31adbdd9ce2aa1543538490215?s=96&d=mm&r=g","url":"https:\/\/secure.gravatar.com\/avatar\/93713c30affe0aa95d3a4130e499bb1abee2eb31adbdd9ce2aa1543538490215?s=96&d=mm&r=g","contentUrl":"https:\/\/secure.gravatar.com\/avatar\/93713c30affe0aa95d3a4130e499bb1abee2eb31adbdd9ce2aa1543538490215?s=96&d=mm&r=g","caption":"georg.blenk@krafthand-medien.de"}}]}},"_links":{"self":[{"href":"https:\/\/www.krafthand.de\/truck\/wp-json\/wp\/v2\/posts\/29032","targetHints":{"allow":["GET"]}}],"collection":[{"href":"https:\/\/www.krafthand.de\/truck\/wp-json\/wp\/v2\/posts"}],"about":[{"href":"https:\/\/www.krafthand.de\/truck\/wp-json\/wp\/v2\/types\/post"}],"author":[{"embeddable":true,"href":"https:\/\/www.krafthand.de\/truck\/wp-json\/wp\/v2\/users\/9"}],"replies":[{"embeddable":true,"href":"https:\/\/www.krafthand.de\/truck\/wp-json\/wp\/v2\/comments?post=29032"}],"version-history":[{"count":7,"href":"https:\/\/www.krafthand.de\/truck\/wp-json\/wp\/v2\/posts\/29032\/revisions"}],"predecessor-version":[{"id":29040,"href":"https:\/\/www.krafthand.de\/truck\/wp-json\/wp\/v2\/posts\/29032\/revisions\/29040"}],"wp:featuredmedia":[{"embeddable":true,"href":"https:\/\/www.krafthand.de\/truck\/wp-json\/wp\/v2\/media\/29034"}],"wp:attachment":[{"href":"https:\/\/www.krafthand.de\/truck\/wp-json\/wp\/v2\/media?parent=29032"}],"wp:term":[{"taxonomy":"category","embeddable":true,"href":"https:\/\/www.krafthand.de\/truck\/wp-json\/wp\/v2\/categories?post=29032"},{"taxonomy":"post_tag","embeddable":true,"href":"https:\/\/www.krafthand.de\/truck\/wp-json\/wp\/v2\/tags?post=29032"},{"taxonomy":"settings","embeddable":true,"href":"https:\/\/www.krafthand.de\/truck\/wp-json\/wp\/v2\/settings?post=29032"}],"curies":[{"name":"wp","href":"https:\/\/api.w.org\/{rel}","templated":true}]}}