{"id":28996,"date":"2021-08-09T14:53:05","date_gmt":"2021-08-09T12:53:05","guid":{"rendered":"https:\/\/www.krafthand.de\/truck\/?p=28996"},"modified":"2021-08-09T14:58:49","modified_gmt":"2021-08-09T12:58:49","slug":"gemeinsam-stark","status":"publish","type":"post","link":"https:\/\/www.krafthand.de\/truck\/artikel\/gemeinsam-stark-28996\/","title":{"rendered":"Gemeinsam stark"},"content":{"rendered":"<p class=\"01Flietext\" style=\"text-align: justify; margin: 0cm 41.4pt 0cm 0cm;\"><span style=\"font-size: 11.0pt; line-height: 135%; font-family: 'Arial',sans-serif;\">Die Quantron AG und Ev Dynamics b\u00fcndeln ihre Kr\u00e4fte und werden gegenseitige Aktion\u00e4re. Quantron ist Systemanbieter von batterie- und wasserstoffbetriebener E-Mobilit\u00e4t f\u00fcr Nutzfahrzeuge wie Lkw, Busse und Transporter mit Schwerpunkt auf der Elektrifizierung von Nutzfahrzeugen. Bei Ev Dynamics handelt es sich um ein europ\u00e4isch-asiatisches Konsortium von Unternehmen mit Spezialisierung auf Elektro- und wasserstoffbasierter Mobilit\u00e4t. <\/span><\/p>\n<p class=\"01Flietext\" style=\"text-align: justify; margin: 0cm 41.4pt 0cm 0cm;\"><span style=\"font-size: 11.0pt; line-height: 135%; font-family: 'Arial',sans-serif;\">Gemeinsam m\u00f6chten die <a href=\"https:\/\/www.quantron.net\/\" target=\"_blank\" rel=\"noopener\">Quantron AG<\/a> und Ev Dynamics Beschaffungs- und Lieferkettenm\u00f6glichkeiten f\u00fcr EV-Komponenten erschlie\u00dfen. Dar\u00fcber hinaus wird das Team von Ev Dynamics die Quantron AG bei Umr\u00fcstungen und technischen Entwicklungen unterst\u00fctzen. Zusammen werden laut Quantron die beiden Unternehmen eine Produktionskapazit\u00e4t von \u00fcber 10.000 Fahrzeuge pro Jahr haben. Nach Abschluss des Aktientausches hat Ev Dynamics etwa 14 Prozent des Aktienkapitals der Quantron AG. Mehrheitseigner ist weiterhin Andreas Haller, Gr\u00fcnder und Vorstand von Quantron.<\/span><\/p>\n<blockquote><p>\u201eQuantron und Ev Dynamics werden gemeinsam BEV- und FCEV- Fahrzeuge auf den Markt bringen. Quantron entwickelt die Produkte auf Basis unserer langj\u00e4hrigen Expertise in Deutschland und Europa. Die Produktion erfolgt durch Ev Dynamics. Damit wird Ev Dynamics eine wichtige Rolle bei unserer globalen Wachstumsstrategie spielen. Beide Unternehmen werden zudem strategische Partnerschaften mit Brennstoffzellen-Unternehmen evaluieren. Der Aktientausch ist ein weiterer Meilenstein f\u00fcr das strategische Wachstum beider Unternehmen\u201c, erkl\u00e4rt Andreas Haller, Gr\u00fcnder und Vorstand der Quantron AG:<\/p>\n<p>Miguel Valldecabres Polop, CEO von Ev Dynamics: \u201eQuantron passt ideal zu unserer Gruppe von EV-fokussierten Unternehmen. Quantron hat eine langj\u00e4hrige EV-Expertise f\u00fcr Nutzfahrzeuge und verf\u00fcgt \u00fcber einen hervorragenden Marktzugang in Europa. Ev Dynamics wird eine der Produktionsst\u00e4tten von Quantron werden&#8220;, so Miguel Valldecabres Polop, CEO von Ev Dynamics.<\/p><\/blockquote>\n<p><i>Den Beitrag finden Sie auch in der Print-Ausgabe 03\/2021 der <a href=\"https:\/\/www.krafthand.de\/truck\/magazin\/\" title=\"Zum Magazin\">Krafthand-Truck<\/a>.<\/i><\/p>","protected":false},"excerpt":{"rendered":"<p>Die Quantron AG und Ev Dynamics b\u00fcndeln ihre Kr\u00e4fte und werden gegenseitige Aktion\u00e4re. Quantron ist Systemanbieter von batterie- und wasserstoffbetriebener E-Mobilit\u00e4t f\u00fcr Nutzfahrzeuge wie Lkw, Busse und Transporter mit Schwerpunkt auf der Elektrifizierung von Nutzfahrzeugen. Bei Ev Dynamics handelt es sich um ein europ\u00e4isch-asiatisches Konsortium von Unternehmen mit Spezialisierung auf Elektro- und wasserstoffbasierter Mobilit\u00e4t. <span class=\"excerpt-more__dots\">&#8230;<\/span> <a class=\"excerpt-more__link\" href=\"https:\/\/www.krafthand.de\/truck\/artikel\/gemeinsam-stark-28996\/\" >weiter<\/a><\/p>\n","protected":false},"author":9,"featured_media":28997,"comment_status":"closed","ping_status":"closed","sticky":false,"template":"","format":"standard","meta":{"footnotes":""},"categories":[4238,4235],"tags":[4677,4178,4675,4676,4262],"settings":[3523],"class_list":["post-28996","post","type-post","status-publish","format-standard","has-post-thumbnail","hentry","category-koepfe","category-unternehmen","tag-andreas-haller","tag-e-truck","tag-ev-dynamics","tag-miguel-valldecabres-polop","tag-quantron"],"yoast_head":"<!-- This site is optimized with the Yoast SEO plugin v27.3 - https:\/\/yoast.com\/product\/yoast-seo-wordpress\/ -->\n<title>Gemeinsam stark - Krafthand-Truck<\/title>\n<meta name=\"robots\" content=\"index, follow, max-snippet:-1, max-image-preview:large, max-video-preview:-1\" \/>\n<link rel=\"canonical\" href=\"https:\/\/www.krafthand.de\/truck\/artikel\/gemeinsam-stark-28996\/\" \/>\n<meta property=\"og:locale\" content=\"de_DE\" \/>\n<meta property=\"og:type\" content=\"article\" \/>\n<meta property=\"og:title\" content=\"Gemeinsam stark - Krafthand-Truck\" \/>\n<meta property=\"og:description\" content=\"Die Quantron AG und Ev Dynamics b\u00fcndeln ihre Kr\u00e4fte und werden gegenseitige Aktion\u00e4re. Quantron ist Systemanbieter von batterie- und wasserstoffbetriebener E-Mobilit\u00e4t f\u00fcr Nutzfahrzeuge wie Lkw, Busse und Transporter mit Schwerpunkt auf der Elektrifizierung von Nutzfahrzeugen. Bei Ev Dynamics handelt es sich um ein europ\u00e4isch-asiatisches Konsortium von Unternehmen mit Spezialisierung auf Elektro- und wasserstoffbasierter Mobilit\u00e4t. ... weiter\" \/>\n<meta property=\"og:url\" content=\"https:\/\/www.krafthand-truck.de\/artikel\/gemeinsam-stark-28996\/\" \/>\n<meta property=\"og:site_name\" content=\"Krafthand-Truck\" \/>\n<meta property=\"article:published_time\" content=\"2021-08-09T12:53:05+00:00\" \/>\n<meta property=\"article:modified_time\" content=\"2021-08-09T12:58:49+00:00\" \/>\n<meta property=\"og:image\" content=\"https:\/\/www.krafthand.de\/truck\/wp-content\/uploads\/2021\/08\/Quantron_Haller_Ev_Dynamics.jpg\" \/>\n\t<meta property=\"og:image:width\" content=\"1200\" \/>\n\t<meta property=\"og:image:height\" content=\"679\" \/>\n\t<meta property=\"og:image:type\" content=\"image\/jpeg\" \/>\n<meta name=\"author\" content=\"georg.blenk@krafthand-medien.de\" \/>\n<meta name=\"twitter:card\" content=\"summary_large_image\" \/>\n<meta name=\"twitter:label1\" content=\"Verfasst von\" \/>\n\t<meta name=\"twitter:data1\" content=\"georg.blenk@krafthand-medien.de\" \/>\n\t<meta name=\"twitter:label2\" content=\"Gesch\u00e4tzte Lesezeit\" \/>\n\t<meta name=\"twitter:data2\" content=\"2\u00a0Minuten\" \/>\n<script type=\"application\/ld+json\" class=\"yoast-schema-graph\">{\"@context\":\"https:\\\/\\\/schema.org\",\"@graph\":[{\"@type\":\"Article\",\"@id\":\"https:\\\/\\\/www.krafthand.de\\\/truck\\\/artikel\\\/gemeinsam-stark-28996\\\/#article\",\"isPartOf\":{\"@id\":\"https:\\\/\\\/www.krafthand.de\\\/truck\\\/artikel\\\/gemeinsam-stark-28996\\\/\"},\"author\":{\"name\":\"georg.blenk@krafthand-medien.de\",\"@id\":\"https:\\\/\\\/www.krafthand.de\\\/truck\\\/#\\\/schema\\\/person\\\/51fa80b1c57034c4bf63f9f988fc24ce\"},\"headline\":\"Gemeinsam stark\",\"datePublished\":\"2021-08-09T12:53:05+00:00\",\"dateModified\":\"2021-08-09T12:58:49+00:00\",\"mainEntityOfPage\":{\"@id\":\"https:\\\/\\\/www.krafthand.de\\\/truck\\\/artikel\\\/gemeinsam-stark-28996\\\/\"},\"wordCount\":273,\"image\":{\"@id\":\"https:\\\/\\\/www.krafthand.de\\\/truck\\\/artikel\\\/gemeinsam-stark-28996\\\/#primaryimage\"},\"thumbnailUrl\":\"https:\\\/\\\/static.krafthand-truck.de\\\/uploads\\\/2021\\\/08\\\/Quantron_Haller_Ev_Dynamics.jpg\",\"keywords\":[\"Andreas Haller\",\"E-Truck\",\"Ev Dynamics\",\"Miguel Valldecabres Polop\",\"Quantron\"],\"articleSection\":[\"K\u00f6pfe\\\/Personen\",\"Unternehmen\"],\"inLanguage\":\"de\"},{\"@type\":\"WebPage\",\"@id\":\"https:\\\/\\\/www.krafthand.de\\\/truck\\\/artikel\\\/gemeinsam-stark-28996\\\/\",\"url\":\"https:\\\/\\\/www.krafthand.de\\\/truck\\\/artikel\\\/gemeinsam-stark-28996\\\/\",\"name\":\"Gemeinsam stark - Krafthand-Truck\",\"isPartOf\":{\"@id\":\"https:\\\/\\\/www.krafthand.de\\\/truck\\\/#website\"},\"primaryImageOfPage\":{\"@id\":\"https:\\\/\\\/www.krafthand.de\\\/truck\\\/artikel\\\/gemeinsam-stark-28996\\\/#primaryimage\"},\"image\":{\"@id\":\"https:\\\/\\\/www.krafthand.de\\\/truck\\\/artikel\\\/gemeinsam-stark-28996\\\/#primaryimage\"},\"thumbnailUrl\":\"https:\\\/\\\/static.krafthand-truck.de\\\/uploads\\\/2021\\\/08\\\/Quantron_Haller_Ev_Dynamics.jpg\",\"datePublished\":\"2021-08-09T12:53:05+00:00\",\"dateModified\":\"2021-08-09T12:58:49+00:00\",\"author\":{\"@id\":\"https:\\\/\\\/www.krafthand.de\\\/truck\\\/#\\\/schema\\\/person\\\/51fa80b1c57034c4bf63f9f988fc24ce\"},\"breadcrumb\":{\"@id\":\"https:\\\/\\\/www.krafthand.de\\\/truck\\\/artikel\\\/gemeinsam-stark-28996\\\/#breadcrumb\"},\"inLanguage\":\"de\",\"potentialAction\":[{\"@type\":\"ReadAction\",\"target\":[\"https:\\\/\\\/www.krafthand.de\\\/truck\\\/artikel\\\/gemeinsam-stark-28996\\\/\"]}]},{\"@type\":\"ImageObject\",\"inLanguage\":\"de\",\"@id\":\"https:\\\/\\\/www.krafthand.de\\\/truck\\\/artikel\\\/gemeinsam-stark-28996\\\/#primaryimage\",\"url\":\"https:\\\/\\\/static.krafthand-truck.de\\\/uploads\\\/2021\\\/08\\\/Quantron_Haller_Ev_Dynamics.jpg\",\"contentUrl\":\"https:\\\/\\\/static.krafthand-truck.de\\\/uploads\\\/2021\\\/08\\\/Quantron_Haller_Ev_Dynamics.jpg\",\"width\":1200,\"height\":679},{\"@type\":\"BreadcrumbList\",\"@id\":\"https:\\\/\\\/www.krafthand.de\\\/truck\\\/artikel\\\/gemeinsam-stark-28996\\\/#breadcrumb\",\"itemListElement\":[{\"@type\":\"ListItem\",\"position\":1,\"name\":\"Krafthand-Truck\",\"item\":\"https:\\\/\\\/www.krafthand.de\\\/truck\\\/\"},{\"@type\":\"ListItem\",\"position\":2,\"name\":\"Nfz-Branche\",\"item\":\"https:\\\/\\\/www.krafthand.de\\\/truck\\\/kategorie\\\/branche\\\/\"},{\"@type\":\"ListItem\",\"position\":3,\"name\":\"Unternehmen\",\"item\":\"https:\\\/\\\/www.krafthand.de\\\/truck\\\/kategorie\\\/branche\\\/unternehmen\\\/\"},{\"@type\":\"ListItem\",\"position\":4,\"name\":\"Gemeinsam stark\"}]},{\"@type\":\"WebSite\",\"@id\":\"https:\\\/\\\/www.krafthand.de\\\/truck\\\/#website\",\"url\":\"https:\\\/\\\/www.krafthand.de\\\/truck\\\/\",\"name\":\"Krafthand-Truck\",\"description\":\"\",\"potentialAction\":[{\"@type\":\"SearchAction\",\"target\":{\"@type\":\"EntryPoint\",\"urlTemplate\":\"https:\\\/\\\/www.krafthand.de\\\/truck\\\/?s={search_term_string}\"},\"query-input\":{\"@type\":\"PropertyValueSpecification\",\"valueRequired\":true,\"valueName\":\"search_term_string\"}}],\"inLanguage\":\"de\"},{\"@type\":\"Person\",\"@id\":\"https:\\\/\\\/www.krafthand.de\\\/truck\\\/#\\\/schema\\\/person\\\/51fa80b1c57034c4bf63f9f988fc24ce\",\"name\":\"georg.blenk@krafthand-medien.de\",\"image\":{\"@type\":\"ImageObject\",\"inLanguage\":\"de\",\"@id\":\"https:\\\/\\\/secure.gravatar.com\\\/avatar\\\/93713c30affe0aa95d3a4130e499bb1abee2eb31adbdd9ce2aa1543538490215?s=96&d=mm&r=g\",\"url\":\"https:\\\/\\\/secure.gravatar.com\\\/avatar\\\/93713c30affe0aa95d3a4130e499bb1abee2eb31adbdd9ce2aa1543538490215?s=96&d=mm&r=g\",\"contentUrl\":\"https:\\\/\\\/secure.gravatar.com\\\/avatar\\\/93713c30affe0aa95d3a4130e499bb1abee2eb31adbdd9ce2aa1543538490215?s=96&d=mm&r=g\",\"caption\":\"georg.blenk@krafthand-medien.de\"}}]}<\/script>\n<!-- \/ Yoast SEO plugin. -->","yoast_head_json":{"title":"Gemeinsam stark - Krafthand-Truck","robots":{"index":"index","follow":"follow","max-snippet":"max-snippet:-1","max-image-preview":"max-image-preview:large","max-video-preview":"max-video-preview:-1"},"canonical":"https:\/\/www.krafthand.de\/truck\/artikel\/gemeinsam-stark-28996\/","og_locale":"de_DE","og_type":"article","og_title":"Gemeinsam stark - Krafthand-Truck","og_description":"Die Quantron AG und Ev Dynamics b\u00fcndeln ihre Kr\u00e4fte und werden gegenseitige Aktion\u00e4re. Quantron ist Systemanbieter von batterie- und wasserstoffbetriebener E-Mobilit\u00e4t f\u00fcr Nutzfahrzeuge wie Lkw, Busse und Transporter mit Schwerpunkt auf der Elektrifizierung von Nutzfahrzeugen. Bei Ev Dynamics handelt es sich um ein europ\u00e4isch-asiatisches Konsortium von Unternehmen mit Spezialisierung auf Elektro- und wasserstoffbasierter Mobilit\u00e4t. ... weiter","og_url":"https:\/\/www.krafthand-truck.de\/artikel\/gemeinsam-stark-28996\/","og_site_name":"Krafthand-Truck","article_published_time":"2021-08-09T12:53:05+00:00","article_modified_time":"2021-08-09T12:58:49+00:00","og_image":[{"width":1200,"height":679,"url":"https:\/\/www.krafthand.de\/truck\/wp-content\/uploads\/2021\/08\/Quantron_Haller_Ev_Dynamics.jpg","type":"image\/jpeg"}],"author":"georg.blenk@krafthand-medien.de","twitter_card":"summary_large_image","twitter_misc":{"Verfasst von":"georg.blenk@krafthand-medien.de","Gesch\u00e4tzte Lesezeit":"2\u00a0Minuten"},"schema":{"@context":"https:\/\/schema.org","@graph":[{"@type":"Article","@id":"https:\/\/www.krafthand.de\/truck\/artikel\/gemeinsam-stark-28996\/#article","isPartOf":{"@id":"https:\/\/www.krafthand.de\/truck\/artikel\/gemeinsam-stark-28996\/"},"author":{"name":"georg.blenk@krafthand-medien.de","@id":"https:\/\/www.krafthand.de\/truck\/#\/schema\/person\/51fa80b1c57034c4bf63f9f988fc24ce"},"headline":"Gemeinsam stark","datePublished":"2021-08-09T12:53:05+00:00","dateModified":"2021-08-09T12:58:49+00:00","mainEntityOfPage":{"@id":"https:\/\/www.krafthand.de\/truck\/artikel\/gemeinsam-stark-28996\/"},"wordCount":273,"image":{"@id":"https:\/\/www.krafthand.de\/truck\/artikel\/gemeinsam-stark-28996\/#primaryimage"},"thumbnailUrl":"https:\/\/static.krafthand-truck.de\/uploads\/2021\/08\/Quantron_Haller_Ev_Dynamics.jpg","keywords":["Andreas Haller","E-Truck","Ev Dynamics","Miguel Valldecabres Polop","Quantron"],"articleSection":["K\u00f6pfe\/Personen","Unternehmen"],"inLanguage":"de"},{"@type":"WebPage","@id":"https:\/\/www.krafthand.de\/truck\/artikel\/gemeinsam-stark-28996\/","url":"https:\/\/www.krafthand.de\/truck\/artikel\/gemeinsam-stark-28996\/","name":"Gemeinsam stark - Krafthand-Truck","isPartOf":{"@id":"https:\/\/www.krafthand.de\/truck\/#website"},"primaryImageOfPage":{"@id":"https:\/\/www.krafthand.de\/truck\/artikel\/gemeinsam-stark-28996\/#primaryimage"},"image":{"@id":"https:\/\/www.krafthand.de\/truck\/artikel\/gemeinsam-stark-28996\/#primaryimage"},"thumbnailUrl":"https:\/\/static.krafthand-truck.de\/uploads\/2021\/08\/Quantron_Haller_Ev_Dynamics.jpg","datePublished":"2021-08-09T12:53:05+00:00","dateModified":"2021-08-09T12:58:49+00:00","author":{"@id":"https:\/\/www.krafthand.de\/truck\/#\/schema\/person\/51fa80b1c57034c4bf63f9f988fc24ce"},"breadcrumb":{"@id":"https:\/\/www.krafthand.de\/truck\/artikel\/gemeinsam-stark-28996\/#breadcrumb"},"inLanguage":"de","potentialAction":[{"@type":"ReadAction","target":["https:\/\/www.krafthand.de\/truck\/artikel\/gemeinsam-stark-28996\/"]}]},{"@type":"ImageObject","inLanguage":"de","@id":"https:\/\/www.krafthand.de\/truck\/artikel\/gemeinsam-stark-28996\/#primaryimage","url":"https:\/\/static.krafthand-truck.de\/uploads\/2021\/08\/Quantron_Haller_Ev_Dynamics.jpg","contentUrl":"https:\/\/static.krafthand-truck.de\/uploads\/2021\/08\/Quantron_Haller_Ev_Dynamics.jpg","width":1200,"height":679},{"@type":"BreadcrumbList","@id":"https:\/\/www.krafthand.de\/truck\/artikel\/gemeinsam-stark-28996\/#breadcrumb","itemListElement":[{"@type":"ListItem","position":1,"name":"Krafthand-Truck","item":"https:\/\/www.krafthand.de\/truck\/"},{"@type":"ListItem","position":2,"name":"Nfz-Branche","item":"https:\/\/www.krafthand.de\/truck\/kategorie\/branche\/"},{"@type":"ListItem","position":3,"name":"Unternehmen","item":"https:\/\/www.krafthand.de\/truck\/kategorie\/branche\/unternehmen\/"},{"@type":"ListItem","position":4,"name":"Gemeinsam stark"}]},{"@type":"WebSite","@id":"https:\/\/www.krafthand.de\/truck\/#website","url":"https:\/\/www.krafthand.de\/truck\/","name":"Krafthand-Truck","description":"","potentialAction":[{"@type":"SearchAction","target":{"@type":"EntryPoint","urlTemplate":"https:\/\/www.krafthand.de\/truck\/?s={search_term_string}"},"query-input":{"@type":"PropertyValueSpecification","valueRequired":true,"valueName":"search_term_string"}}],"inLanguage":"de"},{"@type":"Person","@id":"https:\/\/www.krafthand.de\/truck\/#\/schema\/person\/51fa80b1c57034c4bf63f9f988fc24ce","name":"georg.blenk@krafthand-medien.de","image":{"@type":"ImageObject","inLanguage":"de","@id":"https:\/\/secure.gravatar.com\/avatar\/93713c30affe0aa95d3a4130e499bb1abee2eb31adbdd9ce2aa1543538490215?s=96&d=mm&r=g","url":"https:\/\/secure.gravatar.com\/avatar\/93713c30affe0aa95d3a4130e499bb1abee2eb31adbdd9ce2aa1543538490215?s=96&d=mm&r=g","contentUrl":"https:\/\/secure.gravatar.com\/avatar\/93713c30affe0aa95d3a4130e499bb1abee2eb31adbdd9ce2aa1543538490215?s=96&d=mm&r=g","caption":"georg.blenk@krafthand-medien.de"}}]}},"_links":{"self":[{"href":"https:\/\/www.krafthand.de\/truck\/wp-json\/wp\/v2\/posts\/28996","targetHints":{"allow":["GET"]}}],"collection":[{"href":"https:\/\/www.krafthand.de\/truck\/wp-json\/wp\/v2\/posts"}],"about":[{"href":"https:\/\/www.krafthand.de\/truck\/wp-json\/wp\/v2\/types\/post"}],"author":[{"embeddable":true,"href":"https:\/\/www.krafthand.de\/truck\/wp-json\/wp\/v2\/users\/9"}],"replies":[{"embeddable":true,"href":"https:\/\/www.krafthand.de\/truck\/wp-json\/wp\/v2\/comments?post=28996"}],"version-history":[{"count":8,"href":"https:\/\/www.krafthand.de\/truck\/wp-json\/wp\/v2\/posts\/28996\/revisions"}],"predecessor-version":[{"id":29005,"href":"https:\/\/www.krafthand.de\/truck\/wp-json\/wp\/v2\/posts\/28996\/revisions\/29005"}],"wp:featuredmedia":[{"embeddable":true,"href":"https:\/\/www.krafthand.de\/truck\/wp-json\/wp\/v2\/media\/28997"}],"wp:attachment":[{"href":"https:\/\/www.krafthand.de\/truck\/wp-json\/wp\/v2\/media?parent=28996"}],"wp:term":[{"taxonomy":"category","embeddable":true,"href":"https:\/\/www.krafthand.de\/truck\/wp-json\/wp\/v2\/categories?post=28996"},{"taxonomy":"post_tag","embeddable":true,"href":"https:\/\/www.krafthand.de\/truck\/wp-json\/wp\/v2\/tags?post=28996"},{"taxonomy":"settings","embeddable":true,"href":"https:\/\/www.krafthand.de\/truck\/wp-json\/wp\/v2\/settings?post=28996"}],"curies":[{"name":"wp","href":"https:\/\/api.w.org\/{rel}","templated":true}]}}