{"id":28986,"date":"2021-08-06T11:36:02","date_gmt":"2021-08-06T09:36:02","guid":{"rendered":"https:\/\/www.krafthand.de\/truck\/?p=28986"},"modified":"2021-08-06T11:36:02","modified_gmt":"2021-08-06T09:36:02","slug":"tech-team-hilft-bei-problemstellungen","status":"publish","type":"post","link":"https:\/\/www.krafthand.de\/truck\/artikel\/tech-team-hilft-bei-problemstellungen-28986\/","title":{"rendered":"Tech-Team hilft bei Problemstellungen"},"content":{"rendered":"<p>Vor etwa f\u00fcnf Jahren hat der Heusenstammer Diagnosespezialist und Teilegro\u00dfh\u00e4ndler <a href=\"https:\/\/herthundbuss.com\/\" target=\"_blank\" rel=\"noopener\">Herth+Buss<\/a> sein Tech-Team gegr\u00fcndet. Mit zus\u00e4tzlichen Hilfestellungen bei technischen Fragen hat das Unternehmen nun den Service f\u00fcr ihre Kunden erweitert. Sowohl der Gro\u00dfhandel als auch die Nfz-Werkst\u00e4tten haben die M\u00f6glichkeit sich an das Tech-Team zu wenden. Es besteht aus drei Mitarbeitern aus dem Vertrieb, welche zus\u00e4tzlich zu ihren regul\u00e4ren Aufgaben den Support \u00fcbernehmen. Arthur G\u00fcnther, Fabio Napolitano und Paul Schamber haben eine technische Ausbildung genossen und verf\u00fcgen \u00fcber einen reichen Erfahrungsschatz.<\/p>\n<p>In den Gespr\u00e4chen ginge es laut Herth+Buss vor allem um die Anwendung und die Bedienung von Diagnosetools sowie um Updates. Es liefen aber auch zahlreiche Fragen zu den Universalteilen auf, mitunter wird auch nach einem Anschlussplan gefragt. Das Tech-Team von ist von Montag bis Freitag von 8 bis 17 Uhr unter der Telefonnummer 06104-608-250 zu erreichen.<\/p>\n<p><i>Den Beitrag finden Sie auch in der Print-Ausgabe 3\/2021 der <a href=\"https:\/\/www.krafthand.de\/truck\/magazin\/\" title=\"Zum Magazin\">Krafthand-Truck<\/a>.<\/i><\/p>","protected":false},"excerpt":{"rendered":"<p>Vor etwa f\u00fcnf Jahren hat der Heusenstammer Diagnosespezialist und Teilegro\u00dfh\u00e4ndler Herth+Buss sein Tech-Team gegr\u00fcndet. Mit zus\u00e4tzlichen Hilfestellungen bei technischen Fragen hat das Unternehmen nun den Service f\u00fcr ihre Kunden erweitert. <span class=\"excerpt-more__dots\">&#8230;<\/span> <a class=\"excerpt-more__link\" href=\"https:\/\/www.krafthand.de\/truck\/artikel\/tech-team-hilft-bei-problemstellungen-28986\/\" >weiter<\/a><\/p>\n","protected":false},"author":9,"featured_media":28987,"comment_status":"closed","ping_status":"closed","sticky":false,"template":"","format":"standard","meta":{"footnotes":""},"categories":[],"tags":[1167,2720,4672,1174,4673,4671],"settings":[3523],"class_list":["post-28986","post","type-post","status-publish","format-standard","has-post-thumbnail","hentry","tag-diagnose","tag-herthbuss","tag-hotline","tag-service","tag-tech-team","tag-techteam"],"yoast_head":"<!-- This site is optimized with the Yoast SEO plugin v27.3 - https:\/\/yoast.com\/product\/yoast-seo-wordpress\/ -->\n<title>Tech-Team hilft bei Problemstellungen - Krafthand-Truck<\/title>\n<meta name=\"robots\" content=\"index, follow, max-snippet:-1, max-image-preview:large, max-video-preview:-1\" \/>\n<link rel=\"canonical\" href=\"https:\/\/www.krafthand.de\/truck\/artikel\/tech-team-hilft-bei-problemstellungen-28986\/\" \/>\n<meta property=\"og:locale\" content=\"de_DE\" \/>\n<meta property=\"og:type\" content=\"article\" \/>\n<meta property=\"og:title\" content=\"Tech-Team hilft bei Problemstellungen - Krafthand-Truck\" \/>\n<meta property=\"og:description\" content=\"Vor etwa f\u00fcnf Jahren hat der Heusenstammer Diagnosespezialist und Teilegro\u00dfh\u00e4ndler Herth+Buss sein Tech-Team gegr\u00fcndet. Mit zus\u00e4tzlichen Hilfestellungen bei technischen Fragen hat das Unternehmen nun den Service f\u00fcr ihre Kunden erweitert. ... weiter\" \/>\n<meta property=\"og:url\" content=\"https:\/\/www.krafthand-truck.de\/artikel\/tech-team-hilft-bei-problemstellungen-28986\/\" \/>\n<meta property=\"og:site_name\" content=\"Krafthand-Truck\" \/>\n<meta property=\"article:published_time\" content=\"2021-08-06T09:36:02+00:00\" \/>\n<meta property=\"og:image\" content=\"https:\/\/www.krafthand.de\/truck\/wp-content\/uploads\/2021\/08\/Herth_Buss_Tech_Team_Krafthand_Truck.jpg\" \/>\n\t<meta property=\"og:image:width\" content=\"1200\" \/>\n\t<meta property=\"og:image:height\" content=\"800\" \/>\n\t<meta property=\"og:image:type\" content=\"image\/jpeg\" \/>\n<meta name=\"author\" content=\"georg.blenk@krafthand-medien.de\" \/>\n<meta name=\"twitter:card\" content=\"summary_large_image\" \/>\n<meta name=\"twitter:label1\" content=\"Verfasst von\" \/>\n\t<meta name=\"twitter:data1\" content=\"georg.blenk@krafthand-medien.de\" \/>\n\t<meta name=\"twitter:label2\" content=\"Gesch\u00e4tzte Lesezeit\" \/>\n\t<meta name=\"twitter:data2\" content=\"1\u00a0Minute\" \/>\n<script type=\"application\/ld+json\" class=\"yoast-schema-graph\">{\"@context\":\"https:\\\/\\\/schema.org\",\"@graph\":[{\"@type\":\"Article\",\"@id\":\"https:\\\/\\\/www.krafthand.de\\\/truck\\\/artikel\\\/tech-team-hilft-bei-problemstellungen-28986\\\/#article\",\"isPartOf\":{\"@id\":\"https:\\\/\\\/www.krafthand.de\\\/truck\\\/artikel\\\/tech-team-hilft-bei-problemstellungen-28986\\\/\"},\"author\":{\"name\":\"georg.blenk@krafthand-medien.de\",\"@id\":\"https:\\\/\\\/www.krafthand.de\\\/truck\\\/#\\\/schema\\\/person\\\/51fa80b1c57034c4bf63f9f988fc24ce\"},\"headline\":\"Tech-Team hilft bei Problemstellungen\",\"datePublished\":\"2021-08-06T09:36:02+00:00\",\"mainEntityOfPage\":{\"@id\":\"https:\\\/\\\/www.krafthand.de\\\/truck\\\/artikel\\\/tech-team-hilft-bei-problemstellungen-28986\\\/\"},\"wordCount\":156,\"image\":{\"@id\":\"https:\\\/\\\/www.krafthand.de\\\/truck\\\/artikel\\\/tech-team-hilft-bei-problemstellungen-28986\\\/#primaryimage\"},\"thumbnailUrl\":\"https:\\\/\\\/static.krafthand-truck.de\\\/uploads\\\/2021\\\/08\\\/Herth_Buss_Tech_Team_Krafthand_Truck.jpg\",\"keywords\":[\"Diagnose\",\"Herth+Buss\",\"Hotline\",\"Service\",\"Tech-Team\",\"Techteam\"],\"inLanguage\":\"de\"},{\"@type\":\"WebPage\",\"@id\":\"https:\\\/\\\/www.krafthand.de\\\/truck\\\/artikel\\\/tech-team-hilft-bei-problemstellungen-28986\\\/\",\"url\":\"https:\\\/\\\/www.krafthand.de\\\/truck\\\/artikel\\\/tech-team-hilft-bei-problemstellungen-28986\\\/\",\"name\":\"Tech-Team hilft bei Problemstellungen - Krafthand-Truck\",\"isPartOf\":{\"@id\":\"https:\\\/\\\/www.krafthand.de\\\/truck\\\/#website\"},\"primaryImageOfPage\":{\"@id\":\"https:\\\/\\\/www.krafthand.de\\\/truck\\\/artikel\\\/tech-team-hilft-bei-problemstellungen-28986\\\/#primaryimage\"},\"image\":{\"@id\":\"https:\\\/\\\/www.krafthand.de\\\/truck\\\/artikel\\\/tech-team-hilft-bei-problemstellungen-28986\\\/#primaryimage\"},\"thumbnailUrl\":\"https:\\\/\\\/static.krafthand-truck.de\\\/uploads\\\/2021\\\/08\\\/Herth_Buss_Tech_Team_Krafthand_Truck.jpg\",\"datePublished\":\"2021-08-06T09:36:02+00:00\",\"author\":{\"@id\":\"https:\\\/\\\/www.krafthand.de\\\/truck\\\/#\\\/schema\\\/person\\\/51fa80b1c57034c4bf63f9f988fc24ce\"},\"breadcrumb\":{\"@id\":\"https:\\\/\\\/www.krafthand.de\\\/truck\\\/artikel\\\/tech-team-hilft-bei-problemstellungen-28986\\\/#breadcrumb\"},\"inLanguage\":\"de\",\"potentialAction\":[{\"@type\":\"ReadAction\",\"target\":[\"https:\\\/\\\/www.krafthand.de\\\/truck\\\/artikel\\\/tech-team-hilft-bei-problemstellungen-28986\\\/\"]}]},{\"@type\":\"ImageObject\",\"inLanguage\":\"de\",\"@id\":\"https:\\\/\\\/www.krafthand.de\\\/truck\\\/artikel\\\/tech-team-hilft-bei-problemstellungen-28986\\\/#primaryimage\",\"url\":\"https:\\\/\\\/static.krafthand-truck.de\\\/uploads\\\/2021\\\/08\\\/Herth_Buss_Tech_Team_Krafthand_Truck.jpg\",\"contentUrl\":\"https:\\\/\\\/static.krafthand-truck.de\\\/uploads\\\/2021\\\/08\\\/Herth_Buss_Tech_Team_Krafthand_Truck.jpg\",\"width\":1200,\"height\":800},{\"@type\":\"BreadcrumbList\",\"@id\":\"https:\\\/\\\/www.krafthand.de\\\/truck\\\/artikel\\\/tech-team-hilft-bei-problemstellungen-28986\\\/#breadcrumb\",\"itemListElement\":[{\"@type\":\"ListItem\",\"position\":1,\"name\":\"Krafthand-Truck\",\"item\":\"https:\\\/\\\/www.krafthand.de\\\/truck\\\/\"},{\"@type\":\"ListItem\",\"position\":2,\"name\":\"Nfz-Service\",\"item\":\"https:\\\/\\\/www.krafthand.de\\\/truck\\\/kategorie\\\/nfz-service\\\/\"},{\"@type\":\"ListItem\",\"position\":3,\"name\":\"Tech-Team hilft bei Problemstellungen\"}]},{\"@type\":\"WebSite\",\"@id\":\"https:\\\/\\\/www.krafthand.de\\\/truck\\\/#website\",\"url\":\"https:\\\/\\\/www.krafthand.de\\\/truck\\\/\",\"name\":\"Krafthand-Truck\",\"description\":\"\",\"potentialAction\":[{\"@type\":\"SearchAction\",\"target\":{\"@type\":\"EntryPoint\",\"urlTemplate\":\"https:\\\/\\\/www.krafthand.de\\\/truck\\\/?s={search_term_string}\"},\"query-input\":{\"@type\":\"PropertyValueSpecification\",\"valueRequired\":true,\"valueName\":\"search_term_string\"}}],\"inLanguage\":\"de\"},{\"@type\":\"Person\",\"@id\":\"https:\\\/\\\/www.krafthand.de\\\/truck\\\/#\\\/schema\\\/person\\\/51fa80b1c57034c4bf63f9f988fc24ce\",\"name\":\"georg.blenk@krafthand-medien.de\",\"image\":{\"@type\":\"ImageObject\",\"inLanguage\":\"de\",\"@id\":\"https:\\\/\\\/secure.gravatar.com\\\/avatar\\\/93713c30affe0aa95d3a4130e499bb1abee2eb31adbdd9ce2aa1543538490215?s=96&d=mm&r=g\",\"url\":\"https:\\\/\\\/secure.gravatar.com\\\/avatar\\\/93713c30affe0aa95d3a4130e499bb1abee2eb31adbdd9ce2aa1543538490215?s=96&d=mm&r=g\",\"contentUrl\":\"https:\\\/\\\/secure.gravatar.com\\\/avatar\\\/93713c30affe0aa95d3a4130e499bb1abee2eb31adbdd9ce2aa1543538490215?s=96&d=mm&r=g\",\"caption\":\"georg.blenk@krafthand-medien.de\"}}]}<\/script>\n<!-- \/ Yoast SEO plugin. -->","yoast_head_json":{"title":"Tech-Team hilft bei Problemstellungen - Krafthand-Truck","robots":{"index":"index","follow":"follow","max-snippet":"max-snippet:-1","max-image-preview":"max-image-preview:large","max-video-preview":"max-video-preview:-1"},"canonical":"https:\/\/www.krafthand.de\/truck\/artikel\/tech-team-hilft-bei-problemstellungen-28986\/","og_locale":"de_DE","og_type":"article","og_title":"Tech-Team hilft bei Problemstellungen - Krafthand-Truck","og_description":"Vor etwa f\u00fcnf Jahren hat der Heusenstammer Diagnosespezialist und Teilegro\u00dfh\u00e4ndler Herth+Buss sein Tech-Team gegr\u00fcndet. Mit zus\u00e4tzlichen Hilfestellungen bei technischen Fragen hat das Unternehmen nun den Service f\u00fcr ihre Kunden erweitert. ... weiter","og_url":"https:\/\/www.krafthand-truck.de\/artikel\/tech-team-hilft-bei-problemstellungen-28986\/","og_site_name":"Krafthand-Truck","article_published_time":"2021-08-06T09:36:02+00:00","og_image":[{"width":1200,"height":800,"url":"https:\/\/www.krafthand.de\/truck\/wp-content\/uploads\/2021\/08\/Herth_Buss_Tech_Team_Krafthand_Truck.jpg","type":"image\/jpeg"}],"author":"georg.blenk@krafthand-medien.de","twitter_card":"summary_large_image","twitter_misc":{"Verfasst von":"georg.blenk@krafthand-medien.de","Gesch\u00e4tzte Lesezeit":"1\u00a0Minute"},"schema":{"@context":"https:\/\/schema.org","@graph":[{"@type":"Article","@id":"https:\/\/www.krafthand.de\/truck\/artikel\/tech-team-hilft-bei-problemstellungen-28986\/#article","isPartOf":{"@id":"https:\/\/www.krafthand.de\/truck\/artikel\/tech-team-hilft-bei-problemstellungen-28986\/"},"author":{"name":"georg.blenk@krafthand-medien.de","@id":"https:\/\/www.krafthand.de\/truck\/#\/schema\/person\/51fa80b1c57034c4bf63f9f988fc24ce"},"headline":"Tech-Team hilft bei Problemstellungen","datePublished":"2021-08-06T09:36:02+00:00","mainEntityOfPage":{"@id":"https:\/\/www.krafthand.de\/truck\/artikel\/tech-team-hilft-bei-problemstellungen-28986\/"},"wordCount":156,"image":{"@id":"https:\/\/www.krafthand.de\/truck\/artikel\/tech-team-hilft-bei-problemstellungen-28986\/#primaryimage"},"thumbnailUrl":"https:\/\/static.krafthand-truck.de\/uploads\/2021\/08\/Herth_Buss_Tech_Team_Krafthand_Truck.jpg","keywords":["Diagnose","Herth+Buss","Hotline","Service","Tech-Team","Techteam"],"inLanguage":"de"},{"@type":"WebPage","@id":"https:\/\/www.krafthand.de\/truck\/artikel\/tech-team-hilft-bei-problemstellungen-28986\/","url":"https:\/\/www.krafthand.de\/truck\/artikel\/tech-team-hilft-bei-problemstellungen-28986\/","name":"Tech-Team hilft bei Problemstellungen - Krafthand-Truck","isPartOf":{"@id":"https:\/\/www.krafthand.de\/truck\/#website"},"primaryImageOfPage":{"@id":"https:\/\/www.krafthand.de\/truck\/artikel\/tech-team-hilft-bei-problemstellungen-28986\/#primaryimage"},"image":{"@id":"https:\/\/www.krafthand.de\/truck\/artikel\/tech-team-hilft-bei-problemstellungen-28986\/#primaryimage"},"thumbnailUrl":"https:\/\/static.krafthand-truck.de\/uploads\/2021\/08\/Herth_Buss_Tech_Team_Krafthand_Truck.jpg","datePublished":"2021-08-06T09:36:02+00:00","author":{"@id":"https:\/\/www.krafthand.de\/truck\/#\/schema\/person\/51fa80b1c57034c4bf63f9f988fc24ce"},"breadcrumb":{"@id":"https:\/\/www.krafthand.de\/truck\/artikel\/tech-team-hilft-bei-problemstellungen-28986\/#breadcrumb"},"inLanguage":"de","potentialAction":[{"@type":"ReadAction","target":["https:\/\/www.krafthand.de\/truck\/artikel\/tech-team-hilft-bei-problemstellungen-28986\/"]}]},{"@type":"ImageObject","inLanguage":"de","@id":"https:\/\/www.krafthand.de\/truck\/artikel\/tech-team-hilft-bei-problemstellungen-28986\/#primaryimage","url":"https:\/\/static.krafthand-truck.de\/uploads\/2021\/08\/Herth_Buss_Tech_Team_Krafthand_Truck.jpg","contentUrl":"https:\/\/static.krafthand-truck.de\/uploads\/2021\/08\/Herth_Buss_Tech_Team_Krafthand_Truck.jpg","width":1200,"height":800},{"@type":"BreadcrumbList","@id":"https:\/\/www.krafthand.de\/truck\/artikel\/tech-team-hilft-bei-problemstellungen-28986\/#breadcrumb","itemListElement":[{"@type":"ListItem","position":1,"name":"Krafthand-Truck","item":"https:\/\/www.krafthand.de\/truck\/"},{"@type":"ListItem","position":2,"name":"Nfz-Service","item":"https:\/\/www.krafthand.de\/truck\/kategorie\/nfz-service\/"},{"@type":"ListItem","position":3,"name":"Tech-Team hilft bei Problemstellungen"}]},{"@type":"WebSite","@id":"https:\/\/www.krafthand.de\/truck\/#website","url":"https:\/\/www.krafthand.de\/truck\/","name":"Krafthand-Truck","description":"","potentialAction":[{"@type":"SearchAction","target":{"@type":"EntryPoint","urlTemplate":"https:\/\/www.krafthand.de\/truck\/?s={search_term_string}"},"query-input":{"@type":"PropertyValueSpecification","valueRequired":true,"valueName":"search_term_string"}}],"inLanguage":"de"},{"@type":"Person","@id":"https:\/\/www.krafthand.de\/truck\/#\/schema\/person\/51fa80b1c57034c4bf63f9f988fc24ce","name":"georg.blenk@krafthand-medien.de","image":{"@type":"ImageObject","inLanguage":"de","@id":"https:\/\/secure.gravatar.com\/avatar\/93713c30affe0aa95d3a4130e499bb1abee2eb31adbdd9ce2aa1543538490215?s=96&d=mm&r=g","url":"https:\/\/secure.gravatar.com\/avatar\/93713c30affe0aa95d3a4130e499bb1abee2eb31adbdd9ce2aa1543538490215?s=96&d=mm&r=g","contentUrl":"https:\/\/secure.gravatar.com\/avatar\/93713c30affe0aa95d3a4130e499bb1abee2eb31adbdd9ce2aa1543538490215?s=96&d=mm&r=g","caption":"georg.blenk@krafthand-medien.de"}}]}},"_links":{"self":[{"href":"https:\/\/www.krafthand.de\/truck\/wp-json\/wp\/v2\/posts\/28986","targetHints":{"allow":["GET"]}}],"collection":[{"href":"https:\/\/www.krafthand.de\/truck\/wp-json\/wp\/v2\/posts"}],"about":[{"href":"https:\/\/www.krafthand.de\/truck\/wp-json\/wp\/v2\/types\/post"}],"author":[{"embeddable":true,"href":"https:\/\/www.krafthand.de\/truck\/wp-json\/wp\/v2\/users\/9"}],"replies":[{"embeddable":true,"href":"https:\/\/www.krafthand.de\/truck\/wp-json\/wp\/v2\/comments?post=28986"}],"version-history":[{"count":1,"href":"https:\/\/www.krafthand.de\/truck\/wp-json\/wp\/v2\/posts\/28986\/revisions"}],"predecessor-version":[{"id":28988,"href":"https:\/\/www.krafthand.de\/truck\/wp-json\/wp\/v2\/posts\/28986\/revisions\/28988"}],"wp:featuredmedia":[{"embeddable":true,"href":"https:\/\/www.krafthand.de\/truck\/wp-json\/wp\/v2\/media\/28987"}],"wp:attachment":[{"href":"https:\/\/www.krafthand.de\/truck\/wp-json\/wp\/v2\/media?parent=28986"}],"wp:term":[{"taxonomy":"category","embeddable":true,"href":"https:\/\/www.krafthand.de\/truck\/wp-json\/wp\/v2\/categories?post=28986"},{"taxonomy":"post_tag","embeddable":true,"href":"https:\/\/www.krafthand.de\/truck\/wp-json\/wp\/v2\/tags?post=28986"},{"taxonomy":"settings","embeddable":true,"href":"https:\/\/www.krafthand.de\/truck\/wp-json\/wp\/v2\/settings?post=28986"}],"curies":[{"name":"wp","href":"https:\/\/api.w.org\/{rel}","templated":true}]}}