{"id":28956,"date":"2021-08-04T20:31:37","date_gmt":"2021-08-04T18:31:37","guid":{"rendered":"https:\/\/www.krafthand.de\/truck\/?p=28956"},"modified":"2021-11-26T15:09:56","modified_gmt":"2021-11-26T14:09:56","slug":"oe-germany-erstmals-auf-der-nufam","status":"publish","type":"post","link":"https:\/\/www.krafthand.de\/truck\/artikel\/oe-germany-erstmals-auf-der-nufam-28956\/","title":{"rendered":"OE-Germany erstmals auf der NUFAM"},"content":{"rendered":"<p>Der Spezialist f\u00fcr Diesel- und Gasmotoren, <a href=\"https:\/\/www.oe-germany.com\/de\/\" target=\"_blank\" rel=\"noopener\">OE-Germany<\/a>, stellt erstmals auf der NUFAM in Karlsruhe aus. Neben modernen Euro 5- und Gasmotoren sowie Applikationen und Shortblocks geh\u00f6rt ein breites Spektrum an Ersatzteilen in Erstausr\u00fcsterqualit\u00e4t zu der Angebotspalette des Unternehmens. Das Portfolio reicht von Kurbelgeh\u00e4usen und Kurbelwellen oder Zylinderk\u00f6pfen bis hin zu Nockenwellen, Schwungr\u00e4dern und Zahnkr\u00e4nzen, Kompressoren und vieles mehr.<\/p>\n<p>Im Rahmen der <a href=\"https:\/\/www.nufam.de\/de\/\" target=\"_blank\" rel=\"noopener\">NUFAM<\/a> fokussiert sich das Unternehmen auf die Pr\u00e4sentation von Verschlei\u00dfteilen. So werden L\u00f6sungen aus den Bereichen Wasserpumpen, \u00d6lwannen, \u00d6lk\u00fchler, Wasserpumpenfl\u00fcgelr\u00e4der und Dichtungen vorgestellt. Einsetzbar sind die Produkte unter anderem f\u00fcr Motoren der Marken Cummins, DAF, Deutz, Iveco, MAN, Mercedes-Benz, Renault, Scania und Volvo. Eine Besonderheit von OE-Germany ist, dass sich im Angebot auch viele Teile und komplexe L\u00f6sungen f\u00fcr \u00e4ltere Fahrzeugjahrg\u00e4nge finden.<\/p>\n<figure id=\"attachment_28959\" aria-describedby=\"caption-attachment-28959\" style=\"width: 420px\" class=\"wp-caption alignleft\"><a href=\"https:\/\/www.krafthand.de\/truck\/wp-content\/uploads\/2021\/08\/OE_Germany_Auszug-Produkte-NUFAM.jpg\" target=\"_blank\" rel=\"noopener\"><img fetchpriority=\"high\" decoding=\"async\" class=\"wp-image-28959\" src=\"https:\/\/www.krafthand.de\/truck\/wp-content\/uploads\/2021\/08\/OE_Germany_Auszug-Produkte-NUFAM-300x200.jpg\" alt=\"\" width=\"420\" height=\"280\" srcset=\"https:\/\/static.krafthand-truck.de\/uploads\/2021\/08\/OE_Germany_Auszug-Produkte-NUFAM-300x200.jpg 300w, https:\/\/static.krafthand-truck.de\/uploads\/2021\/08\/OE_Germany_Auszug-Produkte-NUFAM-1024x683.jpg 1024w, https:\/\/static.krafthand-truck.de\/uploads\/2021\/08\/OE_Germany_Auszug-Produkte-NUFAM-768x512.jpg 768w, https:\/\/static.krafthand-truck.de\/uploads\/2021\/08\/OE_Germany_Auszug-Produkte-NUFAM.jpg 1200w\" sizes=\"(max-width: 420px) 100vw, 420px\" \/><\/a><figcaption id=\"caption-attachment-28959\" class=\"wp-caption-text\">Auf der NUFAM liegt der Fokus von OE-Germany auf der Pr\u00e4sentation von Verschlei\u00dfteilen.<\/figcaption><\/figure>\n<h4>Motoren und Verschlei\u00dfteile im Blick<\/h4>\n<p>Neben den Ersatzteilen zeigt OE-Germany auf der NUFAM, was beim Einbau einer Wasserpumpe beachtet werden muss und wie Schadensf\u00e4lle zu Lagersch\u00e4den, Undichtigkeit oder \u00e4u\u00dferer Besch\u00e4digung f\u00fchren k\u00f6nnen. Zur Verf\u00fcgung gestellt werden zudem Informationen zum Aufbau sowie den Bau- und Betriebsarten von Wasserpumpen.<\/p>\n<p>Wie in 139 weiteren L\u00e4ndern ist OE-Germany auch in Deutschland umfassend aktiv und setzt als unabh\u00e4ngiger und freier Anbieter auf die Wirtschaftlichkeit der angebotenen L\u00f6sungen sowie eine hoche Marken- und Produktqualit\u00e4t. Ziel des Unternehmens sei es, im Independent Aftermarket aktiv dazu beizutragen, dass wichtige Transportsysteme und professionelle Mobilit\u00e4t einsatzbereit gehalten werden k\u00f6nnen. Einen Eindruck davon kann man sich auf der NUFAM vom 30. September bis zum 03. Oktober in Karslruhe, Halle 1, Stand D 115, machen.<\/p>\n","protected":false},"excerpt":{"rendered":"<p>Der Spezialist f\u00fcr Diesel- und Gasmotoren, OE-Germany, stellt erstmals auf der NUFAM in Karlsruhe aus. Neben modernen Euro 5- und Gasmotoren sowie Applikationen und Shortblocks geh\u00f6rt ein breites Spektrum an Ersatzteilen in Erstausr\u00fcsterqualit\u00e4t zu der Angebotspalette des Unternehmens. <span class=\"excerpt-more__dots\">&#8230;<\/span> <a class=\"excerpt-more__link\" href=\"https:\/\/www.krafthand.de\/truck\/artikel\/oe-germany-erstmals-auf-der-nufam-28956\/\" >weiter<\/a><\/p>\n","protected":false},"author":9,"featured_media":28957,"comment_status":"closed","ping_status":"closed","sticky":false,"template":"","format":"standard","meta":{"footnotes":""},"categories":[4229,4236],"tags":[4664,4665,4129,4667,4666,3636],"settings":[3523],"class_list":["post-28956","post","type-post","status-publish","format-standard","has-post-thumbnail","hentry","category-nfz-teile-systeme","category-veranstaltungen","tag-ersatzteile-dieselmotoren","tag-gasmotoren","tag-oe-germany","tag-schwungrad","tag-wasserpumpe","tag-zylinderkopf"],"yoast_head":"<!-- This site is optimized with the Yoast SEO plugin v27.3 - https:\/\/yoast.com\/product\/yoast-seo-wordpress\/ -->\n<title>OE-Germany erstmals auf der NUFAM - Krafthand-Truck<\/title>\n<meta name=\"robots\" content=\"index, follow, max-snippet:-1, max-image-preview:large, max-video-preview:-1\" \/>\n<link rel=\"canonical\" href=\"https:\/\/www.krafthand.de\/truck\/artikel\/oe-germany-erstmals-auf-der-nufam-28956\/\" \/>\n<meta property=\"og:locale\" content=\"de_DE\" \/>\n<meta property=\"og:type\" content=\"article\" \/>\n<meta property=\"og:title\" content=\"OE-Germany erstmals auf der NUFAM - Krafthand-Truck\" \/>\n<meta property=\"og:description\" content=\"Der Spezialist f\u00fcr Diesel- und Gasmotoren, OE-Germany, stellt erstmals auf der NUFAM in Karlsruhe aus. Neben modernen Euro 5- und Gasmotoren sowie Applikationen und Shortblocks geh\u00f6rt ein breites Spektrum an Ersatzteilen in Erstausr\u00fcsterqualit\u00e4t zu der Angebotspalette des Unternehmens. ... weiter\" \/>\n<meta property=\"og:url\" content=\"https:\/\/www.krafthand-truck.de\/artikel\/oe-germany-erstmals-auf-der-nufam-28956\/\" \/>\n<meta property=\"og:site_name\" content=\"Krafthand-Truck\" \/>\n<meta property=\"article:published_time\" content=\"2021-08-04T18:31:37+00:00\" \/>\n<meta property=\"article:modified_time\" content=\"2021-11-26T14:09:56+00:00\" \/>\n<meta property=\"og:image\" content=\"https:\/\/www.krafthand.de\/truck\/wp-content\/uploads\/2021\/08\/oe-germany_logo_Parts_and_Engines.jpg\" \/>\n\t<meta property=\"og:image:width\" content=\"1200\" \/>\n\t<meta property=\"og:image:height\" content=\"407\" \/>\n\t<meta property=\"og:image:type\" content=\"image\/jpeg\" \/>\n<meta name=\"author\" content=\"georg.blenk@krafthand-medien.de\" \/>\n<meta name=\"twitter:card\" content=\"summary_large_image\" \/>\n<meta name=\"twitter:label1\" content=\"Verfasst von\" \/>\n\t<meta name=\"twitter:data1\" content=\"georg.blenk@krafthand-medien.de\" \/>\n\t<meta name=\"twitter:label2\" content=\"Gesch\u00e4tzte Lesezeit\" \/>\n\t<meta name=\"twitter:data2\" content=\"2\u00a0Minuten\" \/>\n<script type=\"application\/ld+json\" class=\"yoast-schema-graph\">{\"@context\":\"https:\\\/\\\/schema.org\",\"@graph\":[{\"@type\":\"Article\",\"@id\":\"https:\\\/\\\/www.krafthand.de\\\/truck\\\/artikel\\\/oe-germany-erstmals-auf-der-nufam-28956\\\/#article\",\"isPartOf\":{\"@id\":\"https:\\\/\\\/www.krafthand.de\\\/truck\\\/artikel\\\/oe-germany-erstmals-auf-der-nufam-28956\\\/\"},\"author\":{\"name\":\"georg.blenk@krafthand-medien.de\",\"@id\":\"https:\\\/\\\/www.krafthand.de\\\/truck\\\/#\\\/schema\\\/person\\\/51fa80b1c57034c4bf63f9f988fc24ce\"},\"headline\":\"OE-Germany erstmals auf der NUFAM\",\"datePublished\":\"2021-08-04T18:31:37+00:00\",\"dateModified\":\"2021-11-26T14:09:56+00:00\",\"mainEntityOfPage\":{\"@id\":\"https:\\\/\\\/www.krafthand.de\\\/truck\\\/artikel\\\/oe-germany-erstmals-auf-der-nufam-28956\\\/\"},\"wordCount\":300,\"image\":{\"@id\":\"https:\\\/\\\/www.krafthand.de\\\/truck\\\/artikel\\\/oe-germany-erstmals-auf-der-nufam-28956\\\/#primaryimage\"},\"thumbnailUrl\":\"https:\\\/\\\/static.krafthand-truck.de\\\/uploads\\\/2021\\\/08\\\/oe-germany_logo_Parts_and_Engines.jpg\",\"keywords\":[\"Ersatzteile. Dieselmotoren\",\"Gasmotoren\",\"OE Germany\",\"Schwungrad\",\"Wasserpumpe\",\"Zylinderkopf\"],\"articleSection\":[\"Nfz-Teile\\\/Systeme\",\"Veranstaltungen\\\/Messen\"],\"inLanguage\":\"de\"},{\"@type\":\"WebPage\",\"@id\":\"https:\\\/\\\/www.krafthand.de\\\/truck\\\/artikel\\\/oe-germany-erstmals-auf-der-nufam-28956\\\/\",\"url\":\"https:\\\/\\\/www.krafthand.de\\\/truck\\\/artikel\\\/oe-germany-erstmals-auf-der-nufam-28956\\\/\",\"name\":\"OE-Germany erstmals auf der NUFAM - Krafthand-Truck\",\"isPartOf\":{\"@id\":\"https:\\\/\\\/www.krafthand.de\\\/truck\\\/#website\"},\"primaryImageOfPage\":{\"@id\":\"https:\\\/\\\/www.krafthand.de\\\/truck\\\/artikel\\\/oe-germany-erstmals-auf-der-nufam-28956\\\/#primaryimage\"},\"image\":{\"@id\":\"https:\\\/\\\/www.krafthand.de\\\/truck\\\/artikel\\\/oe-germany-erstmals-auf-der-nufam-28956\\\/#primaryimage\"},\"thumbnailUrl\":\"https:\\\/\\\/static.krafthand-truck.de\\\/uploads\\\/2021\\\/08\\\/oe-germany_logo_Parts_and_Engines.jpg\",\"datePublished\":\"2021-08-04T18:31:37+00:00\",\"dateModified\":\"2021-11-26T14:09:56+00:00\",\"author\":{\"@id\":\"https:\\\/\\\/www.krafthand.de\\\/truck\\\/#\\\/schema\\\/person\\\/51fa80b1c57034c4bf63f9f988fc24ce\"},\"breadcrumb\":{\"@id\":\"https:\\\/\\\/www.krafthand.de\\\/truck\\\/artikel\\\/oe-germany-erstmals-auf-der-nufam-28956\\\/#breadcrumb\"},\"inLanguage\":\"de\",\"potentialAction\":[{\"@type\":\"ReadAction\",\"target\":[\"https:\\\/\\\/www.krafthand.de\\\/truck\\\/artikel\\\/oe-germany-erstmals-auf-der-nufam-28956\\\/\"]}]},{\"@type\":\"ImageObject\",\"inLanguage\":\"de\",\"@id\":\"https:\\\/\\\/www.krafthand.de\\\/truck\\\/artikel\\\/oe-germany-erstmals-auf-der-nufam-28956\\\/#primaryimage\",\"url\":\"https:\\\/\\\/static.krafthand-truck.de\\\/uploads\\\/2021\\\/08\\\/oe-germany_logo_Parts_and_Engines.jpg\",\"contentUrl\":\"https:\\\/\\\/static.krafthand-truck.de\\\/uploads\\\/2021\\\/08\\\/oe-germany_logo_Parts_and_Engines.jpg\",\"width\":1200,\"height\":407},{\"@type\":\"BreadcrumbList\",\"@id\":\"https:\\\/\\\/www.krafthand.de\\\/truck\\\/artikel\\\/oe-germany-erstmals-auf-der-nufam-28956\\\/#breadcrumb\",\"itemListElement\":[{\"@type\":\"ListItem\",\"position\":1,\"name\":\"Krafthand-Truck\",\"item\":\"https:\\\/\\\/www.krafthand.de\\\/truck\\\/\"},{\"@type\":\"ListItem\",\"position\":2,\"name\":\"Nfz-Technik\",\"item\":\"https:\\\/\\\/www.krafthand.de\\\/truck\\\/kategorie\\\/nfz-technik\\\/\"},{\"@type\":\"ListItem\",\"position\":3,\"name\":\"Nfz-Teile\\\/Systeme\",\"item\":\"https:\\\/\\\/www.krafthand.de\\\/truck\\\/kategorie\\\/nfz-technik\\\/nfz-teile-systeme\\\/\"},{\"@type\":\"ListItem\",\"position\":4,\"name\":\"OE-Germany erstmals auf der NUFAM\"}]},{\"@type\":\"WebSite\",\"@id\":\"https:\\\/\\\/www.krafthand.de\\\/truck\\\/#website\",\"url\":\"https:\\\/\\\/www.krafthand.de\\\/truck\\\/\",\"name\":\"Krafthand-Truck\",\"description\":\"\",\"potentialAction\":[{\"@type\":\"SearchAction\",\"target\":{\"@type\":\"EntryPoint\",\"urlTemplate\":\"https:\\\/\\\/www.krafthand.de\\\/truck\\\/?s={search_term_string}\"},\"query-input\":{\"@type\":\"PropertyValueSpecification\",\"valueRequired\":true,\"valueName\":\"search_term_string\"}}],\"inLanguage\":\"de\"},{\"@type\":\"Person\",\"@id\":\"https:\\\/\\\/www.krafthand.de\\\/truck\\\/#\\\/schema\\\/person\\\/51fa80b1c57034c4bf63f9f988fc24ce\",\"name\":\"georg.blenk@krafthand-medien.de\",\"image\":{\"@type\":\"ImageObject\",\"inLanguage\":\"de\",\"@id\":\"https:\\\/\\\/secure.gravatar.com\\\/avatar\\\/93713c30affe0aa95d3a4130e499bb1abee2eb31adbdd9ce2aa1543538490215?s=96&d=mm&r=g\",\"url\":\"https:\\\/\\\/secure.gravatar.com\\\/avatar\\\/93713c30affe0aa95d3a4130e499bb1abee2eb31adbdd9ce2aa1543538490215?s=96&d=mm&r=g\",\"contentUrl\":\"https:\\\/\\\/secure.gravatar.com\\\/avatar\\\/93713c30affe0aa95d3a4130e499bb1abee2eb31adbdd9ce2aa1543538490215?s=96&d=mm&r=g\",\"caption\":\"georg.blenk@krafthand-medien.de\"}}]}<\/script>\n<!-- \/ Yoast SEO plugin. -->","yoast_head_json":{"title":"OE-Germany erstmals auf der NUFAM - Krafthand-Truck","robots":{"index":"index","follow":"follow","max-snippet":"max-snippet:-1","max-image-preview":"max-image-preview:large","max-video-preview":"max-video-preview:-1"},"canonical":"https:\/\/www.krafthand.de\/truck\/artikel\/oe-germany-erstmals-auf-der-nufam-28956\/","og_locale":"de_DE","og_type":"article","og_title":"OE-Germany erstmals auf der NUFAM - Krafthand-Truck","og_description":"Der Spezialist f\u00fcr Diesel- und Gasmotoren, OE-Germany, stellt erstmals auf der NUFAM in Karlsruhe aus. Neben modernen Euro 5- und Gasmotoren sowie Applikationen und Shortblocks geh\u00f6rt ein breites Spektrum an Ersatzteilen in Erstausr\u00fcsterqualit\u00e4t zu der Angebotspalette des Unternehmens. ... weiter","og_url":"https:\/\/www.krafthand-truck.de\/artikel\/oe-germany-erstmals-auf-der-nufam-28956\/","og_site_name":"Krafthand-Truck","article_published_time":"2021-08-04T18:31:37+00:00","article_modified_time":"2021-11-26T14:09:56+00:00","og_image":[{"width":1200,"height":407,"url":"https:\/\/www.krafthand.de\/truck\/wp-content\/uploads\/2021\/08\/oe-germany_logo_Parts_and_Engines.jpg","type":"image\/jpeg"}],"author":"georg.blenk@krafthand-medien.de","twitter_card":"summary_large_image","twitter_misc":{"Verfasst von":"georg.blenk@krafthand-medien.de","Gesch\u00e4tzte Lesezeit":"2\u00a0Minuten"},"schema":{"@context":"https:\/\/schema.org","@graph":[{"@type":"Article","@id":"https:\/\/www.krafthand.de\/truck\/artikel\/oe-germany-erstmals-auf-der-nufam-28956\/#article","isPartOf":{"@id":"https:\/\/www.krafthand.de\/truck\/artikel\/oe-germany-erstmals-auf-der-nufam-28956\/"},"author":{"name":"georg.blenk@krafthand-medien.de","@id":"https:\/\/www.krafthand.de\/truck\/#\/schema\/person\/51fa80b1c57034c4bf63f9f988fc24ce"},"headline":"OE-Germany erstmals auf der NUFAM","datePublished":"2021-08-04T18:31:37+00:00","dateModified":"2021-11-26T14:09:56+00:00","mainEntityOfPage":{"@id":"https:\/\/www.krafthand.de\/truck\/artikel\/oe-germany-erstmals-auf-der-nufam-28956\/"},"wordCount":300,"image":{"@id":"https:\/\/www.krafthand.de\/truck\/artikel\/oe-germany-erstmals-auf-der-nufam-28956\/#primaryimage"},"thumbnailUrl":"https:\/\/static.krafthand-truck.de\/uploads\/2021\/08\/oe-germany_logo_Parts_and_Engines.jpg","keywords":["Ersatzteile. Dieselmotoren","Gasmotoren","OE Germany","Schwungrad","Wasserpumpe","Zylinderkopf"],"articleSection":["Nfz-Teile\/Systeme","Veranstaltungen\/Messen"],"inLanguage":"de"},{"@type":"WebPage","@id":"https:\/\/www.krafthand.de\/truck\/artikel\/oe-germany-erstmals-auf-der-nufam-28956\/","url":"https:\/\/www.krafthand.de\/truck\/artikel\/oe-germany-erstmals-auf-der-nufam-28956\/","name":"OE-Germany erstmals auf der NUFAM - Krafthand-Truck","isPartOf":{"@id":"https:\/\/www.krafthand.de\/truck\/#website"},"primaryImageOfPage":{"@id":"https:\/\/www.krafthand.de\/truck\/artikel\/oe-germany-erstmals-auf-der-nufam-28956\/#primaryimage"},"image":{"@id":"https:\/\/www.krafthand.de\/truck\/artikel\/oe-germany-erstmals-auf-der-nufam-28956\/#primaryimage"},"thumbnailUrl":"https:\/\/static.krafthand-truck.de\/uploads\/2021\/08\/oe-germany_logo_Parts_and_Engines.jpg","datePublished":"2021-08-04T18:31:37+00:00","dateModified":"2021-11-26T14:09:56+00:00","author":{"@id":"https:\/\/www.krafthand.de\/truck\/#\/schema\/person\/51fa80b1c57034c4bf63f9f988fc24ce"},"breadcrumb":{"@id":"https:\/\/www.krafthand.de\/truck\/artikel\/oe-germany-erstmals-auf-der-nufam-28956\/#breadcrumb"},"inLanguage":"de","potentialAction":[{"@type":"ReadAction","target":["https:\/\/www.krafthand.de\/truck\/artikel\/oe-germany-erstmals-auf-der-nufam-28956\/"]}]},{"@type":"ImageObject","inLanguage":"de","@id":"https:\/\/www.krafthand.de\/truck\/artikel\/oe-germany-erstmals-auf-der-nufam-28956\/#primaryimage","url":"https:\/\/static.krafthand-truck.de\/uploads\/2021\/08\/oe-germany_logo_Parts_and_Engines.jpg","contentUrl":"https:\/\/static.krafthand-truck.de\/uploads\/2021\/08\/oe-germany_logo_Parts_and_Engines.jpg","width":1200,"height":407},{"@type":"BreadcrumbList","@id":"https:\/\/www.krafthand.de\/truck\/artikel\/oe-germany-erstmals-auf-der-nufam-28956\/#breadcrumb","itemListElement":[{"@type":"ListItem","position":1,"name":"Krafthand-Truck","item":"https:\/\/www.krafthand.de\/truck\/"},{"@type":"ListItem","position":2,"name":"Nfz-Technik","item":"https:\/\/www.krafthand.de\/truck\/kategorie\/nfz-technik\/"},{"@type":"ListItem","position":3,"name":"Nfz-Teile\/Systeme","item":"https:\/\/www.krafthand.de\/truck\/kategorie\/nfz-technik\/nfz-teile-systeme\/"},{"@type":"ListItem","position":4,"name":"OE-Germany erstmals auf der NUFAM"}]},{"@type":"WebSite","@id":"https:\/\/www.krafthand.de\/truck\/#website","url":"https:\/\/www.krafthand.de\/truck\/","name":"Krafthand-Truck","description":"","potentialAction":[{"@type":"SearchAction","target":{"@type":"EntryPoint","urlTemplate":"https:\/\/www.krafthand.de\/truck\/?s={search_term_string}"},"query-input":{"@type":"PropertyValueSpecification","valueRequired":true,"valueName":"search_term_string"}}],"inLanguage":"de"},{"@type":"Person","@id":"https:\/\/www.krafthand.de\/truck\/#\/schema\/person\/51fa80b1c57034c4bf63f9f988fc24ce","name":"georg.blenk@krafthand-medien.de","image":{"@type":"ImageObject","inLanguage":"de","@id":"https:\/\/secure.gravatar.com\/avatar\/93713c30affe0aa95d3a4130e499bb1abee2eb31adbdd9ce2aa1543538490215?s=96&d=mm&r=g","url":"https:\/\/secure.gravatar.com\/avatar\/93713c30affe0aa95d3a4130e499bb1abee2eb31adbdd9ce2aa1543538490215?s=96&d=mm&r=g","contentUrl":"https:\/\/secure.gravatar.com\/avatar\/93713c30affe0aa95d3a4130e499bb1abee2eb31adbdd9ce2aa1543538490215?s=96&d=mm&r=g","caption":"georg.blenk@krafthand-medien.de"}}]}},"_links":{"self":[{"href":"https:\/\/www.krafthand.de\/truck\/wp-json\/wp\/v2\/posts\/28956","targetHints":{"allow":["GET"]}}],"collection":[{"href":"https:\/\/www.krafthand.de\/truck\/wp-json\/wp\/v2\/posts"}],"about":[{"href":"https:\/\/www.krafthand.de\/truck\/wp-json\/wp\/v2\/types\/post"}],"author":[{"embeddable":true,"href":"https:\/\/www.krafthand.de\/truck\/wp-json\/wp\/v2\/users\/9"}],"replies":[{"embeddable":true,"href":"https:\/\/www.krafthand.de\/truck\/wp-json\/wp\/v2\/comments?post=28956"}],"version-history":[{"count":3,"href":"https:\/\/www.krafthand.de\/truck\/wp-json\/wp\/v2\/posts\/28956\/revisions"}],"predecessor-version":[{"id":28961,"href":"https:\/\/www.krafthand.de\/truck\/wp-json\/wp\/v2\/posts\/28956\/revisions\/28961"}],"wp:featuredmedia":[{"embeddable":true,"href":"https:\/\/www.krafthand.de\/truck\/wp-json\/wp\/v2\/media\/28957"}],"wp:attachment":[{"href":"https:\/\/www.krafthand.de\/truck\/wp-json\/wp\/v2\/media?parent=28956"}],"wp:term":[{"taxonomy":"category","embeddable":true,"href":"https:\/\/www.krafthand.de\/truck\/wp-json\/wp\/v2\/categories?post=28956"},{"taxonomy":"post_tag","embeddable":true,"href":"https:\/\/www.krafthand.de\/truck\/wp-json\/wp\/v2\/tags?post=28956"},{"taxonomy":"settings","embeddable":true,"href":"https:\/\/www.krafthand.de\/truck\/wp-json\/wp\/v2\/settings?post=28956"}],"curies":[{"name":"wp","href":"https:\/\/api.w.org\/{rel}","templated":true}]}}