{"id":28939,"date":"2021-08-04T10:19:49","date_gmt":"2021-08-04T08:19:49","guid":{"rendered":"https:\/\/www.krafthand.de\/truck\/?p=28939"},"modified":"2021-08-04T10:40:48","modified_gmt":"2021-08-04T08:40:48","slug":"bruessel-gibt-foerderprojekt-des-bmvi-frei-bpw-kommt-mit-eigenem-e-lkw","status":"publish","type":"post","link":"https:\/\/www.krafthand.de\/truck\/artikel\/bruessel-gibt-foerderprojekt-des-bmvi-frei-bpw-kommt-mit-eigenem-e-lkw-28939\/","title":{"rendered":"Br\u00fcssel gibt gr\u00fcnes Licht f\u00fcr F\u00f6rderprojekt &#8211; BPW kommt mit eigenem e-Lkw"},"content":{"rendered":"<p>Mit Beginn des neuen Jahres bringen die BPW Bergische Achsen KG und die Paul Nutzfahrzeuge GmbH einen eigenen batterie-elektrischen Lkw in der 7,49 Tonnen-Klasse auf den Markt. Der Zeitpunkt scheint f\u00fcr beide Unternehmen g\u00fcnstig, denn Br\u00fcssel gab k\u00fcrzlich gr\u00fcnes Licht f\u00fcr die F\u00f6rderung klimafreundlicher Nutzfahrzeuge. Demnach \u00fcbernimmt der Bund k\u00fcnftig bis zu 80 Prozent des Anschaffungs-Mehrpreises gegen\u00fcber einem Diesel-Lkw (Details siehe Infobox untenan).<\/p>\n<p>Zur\u00fcck zum batterie-elektrischen Lkw von <a href=\"https:\/\/www.bpw.de\/\" target=\"_blank\" rel=\"noopener\">BPW<\/a> und <a href=\"https:\/\/www.paul-nutzfahrzeuge.de\/home.html\" target=\"_blank\" rel=\"noopener\">Paul Nutzfahrzeuge<\/a>. Herzst\u00fcck des Lkws ist die Hinterachse von BPW: Die eTransport Achse ist den Angaben zufolge bauraumoptimiert und erzielt entsprechende Gewichtsvorteile, die der Zuladung zugutekommen sollen.\u00a0 Mit Kofferaufbau und Ladebordwand wird eine Zuladung von drei Tonnen erreicht. Auch hinsichtlich der digitalen Vernetzung und der Reichweite er\u00f6ffnet der Lkw dem Fahrzeugbetreiber laut BPW neue M\u00f6glichkeiten. Zwei Batteriepakete mit Kapazit\u00e4ten von 84 oder 126 kWh stehen zur Auswahl und sollen unter realen Alltagsbedingungen eine Reichweite von bis zu 200 Kilometer erm\u00f6glichen. Das Fahrzeug ist nach ISO 26262 entwickelt und erh\u00e4lt eine EG-Typgenehmigung. Ab Mitte 2022 kann BPW zufolge der neue Lkw in ganz Europa gekauft werden.<\/p>\n<h3>Vorstellung im Herbst<\/h3>\n<p>Entwickelt wird das Fahrzeug in enger Kooperation mit Paul Nutzfahrzeuge, Transportunternehmen, kommunalen Fahrzeugbetreibern und Lkw-Aufbauten-Herstellern. Die Montage erfolgt bei der Paul Nutzfahrzeuge GmbH, einem europ\u00e4ischen Spezialisten f\u00fcr Spezialfahrzeuge. Der neue Lkw f\u00e4hrt laut BPW unter einer eigenst\u00e4ndiger Marke vor und wird im Herbst erstmals vorgestellt.<\/p>\n<blockquote><p>\u201eBis zu 80 Prozent Mehrpreisf\u00f6rderung ist ein starkes Signal an die Transportindustrie \u2013 auf diese Weise macht sich die Anschaffung eines E-Lkw schnell bezahlt und bringt dauerhaft mehr Effizienz als ein Dieselfahrzeug. F\u00fcr den Industriestandort Deutschland ist dies ein weiterer Schritt in Sachen Nachhaltigkeit und Klimaschutz. Unser Lkw ist lokal emissionsfrei und keine Umbaul\u00f6sung, sondern ein serienreifes Neufahrzeug&#8220;, so Markus Schell, pers\u00f6nlich haftender gesch\u00e4ftsf\u00fchrender Gesellschafter der BPW Bergischen Achsen KG.<\/p><\/blockquote>\n<figure id=\"attachment_28951\" aria-describedby=\"caption-attachment-28951\" style=\"width: 420px\" class=\"wp-caption alignleft\"><a href=\"https:\/\/www.krafthand.de\/truck\/wp-content\/uploads\/2021\/08\/BPW-eTransport-7-5.jpg\" target=\"_blank\" rel=\"noopener\"><img fetchpriority=\"high\" decoding=\"async\" class=\"wp-image-28951\" src=\"https:\/\/www.krafthand.de\/truck\/wp-content\/uploads\/2021\/08\/BPW-eTransport-7-5-300x210.jpg\" alt=\"\" width=\"420\" height=\"293\" srcset=\"https:\/\/static.krafthand-truck.de\/uploads\/2021\/08\/BPW-eTransport-7-5-300x210.jpg 300w, https:\/\/static.krafthand-truck.de\/uploads\/2021\/08\/BPW-eTransport-7-5-1024x715.jpg 1024w, https:\/\/static.krafthand-truck.de\/uploads\/2021\/08\/BPW-eTransport-7-5-768x536.jpg 768w, https:\/\/static.krafthand-truck.de\/uploads\/2021\/08\/BPW-eTransport-7-5.jpg 1200w\" sizes=\"(max-width: 420px) 100vw, 420px\" \/><\/a><figcaption id=\"caption-attachment-28951\" class=\"wp-caption-text\">Elektrische Antriebsachse &#8218;eTransport&#8216;. Bild: BPW<\/figcaption><\/figure>\n<h3>Elektrische Antriebsachse &#8218;eTransport&#8216;<\/h3>\n<p>Die elektrische Antriebsachse &#8218;eTransport&#8216; hat sich im Markt bereits bew\u00e4hrt: bisher r\u00fcstet Paul Nutzfahrzeuge mit dieser BPW-L\u00f6sung vor allem kommunale Lkw von Diesel- auf Elektrobetrieb um. So ist unter anderem die Berliner Stadtreinigung mit 28 elektrifizierten Mercedes-Benz Vario erfolgreich auf Achse. Bew\u00e4hrt hat sich das Antriebskonzept auch im Dauereinsatz bei Paketdiensten, im St\u00fcckguttransport und in der Fashionlogistik. Nun geht erstmals ein Neufahrzeug mit der Antriebsachse von BPW in Serie. Mehr zum &#8218;e-Lkw&#8216; ist unter <a href=\"https:\/\/www.bpw-etransport-pioneers.de\" target=\"_blank\" rel=\"noopener\"><em>www.bpw-etransport-pioneers.de<\/em><\/a> zu erfahren.<em><strong><br \/>\n<\/strong><\/em><\/p>\n<p>&nbsp;<\/p>\n<div class=\"infobox box-grey\"><br \/>\n<strong>Gr\u00fcnes Licht aus Br\u00fcssel &#8211; F\u00f6rderaufruf startet in K\u00fcrze<br \/>\n<\/strong><\/p>\n<p>Die vom Bundesverkehrsministerium (BMVI) zur Notifizierung vorgelegte F\u00f6rderrichtlinie f\u00fcr Nutzfahrzeuge mit alternativen Antrieben kann nach der Genehmigung durch die Europ\u00e4ische Kommission starten. Damit steht f\u00fcr batterie-, brennstoffzellen- und (Oberleitungs-) hybridelektrische Fahrzeuge, entsprechende Tank- und Ladeinfrastruktur sowie Machbarkeitsstudien ein attraktives F\u00f6rderprogramm bereit. N\u00e4here Details der F\u00f6rderung regeln der Richtlinientext sowie der erste F\u00f6rderaufruf, die in K\u00fcrze ver\u00f6ffentlicht werden (Stand: 4.8.2021, Quelle BMVI)<\/p>\n<p>Die F\u00f6rderrichtlinie als Teil der Umsetzung des Gesamtkonzepts klimafreundliche Nutzfahrzeuge umfasst drei Elemente:<\/p>\n<ul>\n<li>F\u00f6rderung der Anschaffung von neuen klimafreundlichen Nutzfahrzeugen der EG-Fahrzeugklassen N1, N2 und N3 sowie auf alternative Antriebe umger\u00fcsteter Nutzfahrzeuge der EG-Fahrzeugklassen N2 und N3 in H\u00f6he von 80 Prozent der Investitionsmehrausgaben im Vergleich zu einem konventionellen Dieselfahrzeug<\/li>\n<li>F\u00f6rderung der f\u00fcr den Betrieb der klimafreundlichen Nutzfahrzeuge erforderlichen Tank- und Ladeinfrastruktur in H\u00f6he von 80 Prozent der zuwendungsf\u00e4higen projektbezogenen Gesamtausgaben<\/li>\n<li>F\u00f6rderung der Erstellung von Machbarkeitsstudien zu Einsatzm\u00f6glichkeiten von klimafreundlichen Nutzfahrzeugen sowie der Errichtung bzw. Erweiterung entsprechender Infrastruktur in H\u00f6he von 50 Prozent der zuwendungsf\u00e4higen projektbezogenen Ausgaben.<\/li>\n<\/ul>\n<p>Bis zum Jahr 2024 stellt das BMVI eigenen Angaben zufolge insgesamt rund 1,6 Milliarden Euro f\u00fcr die F\u00f6rderung der Anschaffung klimafreundlicher Nutzfahrzeuge sowie zrika 5 Milliarden Euro f\u00fcr den Aufbau der Tank- und Ladeinfrastruktur (Pkw und Lkw) bereit. Neben weiteren Ma\u00dfnahmen des BMVI zur F\u00f6rderung der Elektromobilit\u00e4t wird auch die neue F\u00f6rderrichtlinie aus diesen Titeln gespeist.<br \/>\n<\/div>\n<p>&nbsp;<\/p>\n\r\n\t\t\t\t<div class=\"post-author\">\r\n\t\t\t\t\t<div class=\"khm-cp-author clearfix\">\r\n\t\t\t\t\t\t<div class=\"khm-cp-author__content\">\r\n\t\t\t\t\t\t\t\tKontakt zum Autor:<br \/>\r\n\t\t\t\t\t\t\t\t<strong>Georg Blenk<\/strong>, 08247 \/ 3007-45 |  <a href=\"mailto:georg.blenk@krafthand-medien.de\">georg.blenk@krafthand-medien.de<\/a>\r\n\t\t\t\t\t\t\t<div class=\"khm-cp-author__image\">\r\n\t\t\t\t\t\t<img src=\"https:\/\/static.krafthand-truck.de\/uploads\/2021\/01\/Blenk_6104-250x300-1-removebg-preview.png\" class=\"img-responsive\">\r\n\t\t\t\t\t<\/div>\r\n\t\t\t\t\t\t<\/div>\r\n\t\t\t\t\t<\/div>\r\n\t\t\t\t<\/div>\r\n\t\t\t\t","protected":false},"excerpt":{"rendered":"<p>Mit Beginn des neuen Jahres bringen die BPW Bergische Achsen KG und die Paul Nutzfahrzeuge GmbH einen eigenen batterie-elektrischen Lkw in der 7,49 Tonnen-Klasse auf den Markt. Der Zeitpunkt scheint f\u00fcr beide Unternehmen g\u00fcnstig, Br\u00fcssel gab k\u00fcrzlich gr\u00fcnes Licht, der Bund \u00fcbernimmt k\u00fcnftig bis zu 80 Prozent des Anschaffungs-Mehrpreises gegen\u00fcber einem Diesel-Lkw. <span class=\"excerpt-more__dots\">&#8230;<\/span> <a class=\"excerpt-more__link\" href=\"https:\/\/www.krafthand.de\/truck\/artikel\/bruessel-gibt-foerderprojekt-des-bmvi-frei-bpw-kommt-mit-eigenem-e-lkw-28939\/\" >weiter<\/a><\/p>\n","protected":false},"author":9,"featured_media":28948,"comment_status":"closed","ping_status":"closed","sticky":false,"template":"","format":"standard","meta":{"footnotes":""},"categories":[4224,4235],"tags":[4249,173,4177,4663],"settings":[3524,3523],"class_list":["post-28939","post","type-post","status-publish","format-standard","has-post-thumbnail","hentry","category-e-antrieb","category-unternehmen","tag-bmvi","tag-bpw","tag-e-lkw","tag-foerdermittel"],"yoast_head":"<!-- This site is optimized with the Yoast SEO plugin v27.3 - https:\/\/yoast.com\/product\/yoast-seo-wordpress\/ -->\n<title>Br\u00fcssel gibt gr\u00fcnes Licht f\u00fcr F\u00f6rderprojekt - BPW kommt mit eigenem e-Lkw - Krafthand-Truck<\/title>\n<meta name=\"robots\" content=\"index, follow, max-snippet:-1, max-image-preview:large, max-video-preview:-1\" \/>\n<link rel=\"canonical\" href=\"https:\/\/www.krafthand.de\/truck\/artikel\/bruessel-gibt-foerderprojekt-des-bmvi-frei-bpw-kommt-mit-eigenem-e-lkw-28939\/\" \/>\n<meta property=\"og:locale\" content=\"de_DE\" \/>\n<meta property=\"og:type\" content=\"article\" \/>\n<meta property=\"og:title\" content=\"Br\u00fcssel gibt gr\u00fcnes Licht f\u00fcr F\u00f6rderprojekt - BPW kommt mit eigenem e-Lkw - Krafthand-Truck\" \/>\n<meta property=\"og:description\" content=\"Mit Beginn des neuen Jahres bringen die BPW Bergische Achsen KG und die Paul Nutzfahrzeuge GmbH einen eigenen batterie-elektrischen Lkw in der 7,49 Tonnen-Klasse auf den Markt. Der Zeitpunkt scheint f\u00fcr beide Unternehmen g\u00fcnstig, Br\u00fcssel gab k\u00fcrzlich gr\u00fcnes Licht, der Bund \u00fcbernimmt k\u00fcnftig bis zu 80 Prozent des Anschaffungs-Mehrpreises gegen\u00fcber einem Diesel-Lkw. ... weiter\" \/>\n<meta property=\"og:url\" content=\"https:\/\/www.krafthand-truck.de\/artikel\/bruessel-gibt-foerderprojekt-des-bmvi-frei-bpw-kommt-mit-eigenem-e-lkw-28939\/\" \/>\n<meta property=\"og:site_name\" content=\"Krafthand-Truck\" \/>\n<meta property=\"article:published_time\" content=\"2021-08-04T08:19:49+00:00\" \/>\n<meta property=\"article:modified_time\" content=\"2021-08-04T08:40:48+00:00\" \/>\n<meta property=\"og:image\" content=\"https:\/\/www.krafthand.de\/truck\/wp-content\/uploads\/2021\/08\/BPW_Paul_Nutzfahrzeuge_Erlkooenig_eLkw_Krafthand_Truck.jpg\" \/>\n\t<meta property=\"og:image:width\" content=\"1200\" \/>\n\t<meta property=\"og:image:height\" content=\"593\" \/>\n\t<meta property=\"og:image:type\" content=\"image\/jpeg\" \/>\n<meta name=\"author\" content=\"georg.blenk@krafthand-medien.de\" \/>\n<meta name=\"twitter:card\" content=\"summary_large_image\" \/>\n<meta name=\"twitter:label1\" content=\"Verfasst von\" \/>\n\t<meta name=\"twitter:data1\" content=\"georg.blenk@krafthand-medien.de\" \/>\n\t<meta name=\"twitter:label2\" content=\"Gesch\u00e4tzte Lesezeit\" \/>\n\t<meta name=\"twitter:data2\" content=\"3\u00a0Minuten\" \/>\n<script type=\"application\/ld+json\" class=\"yoast-schema-graph\">{\"@context\":\"https:\\\/\\\/schema.org\",\"@graph\":[{\"@type\":\"Article\",\"@id\":\"https:\\\/\\\/www.krafthand.de\\\/truck\\\/artikel\\\/bruessel-gibt-foerderprojekt-des-bmvi-frei-bpw-kommt-mit-eigenem-e-lkw-28939\\\/#article\",\"isPartOf\":{\"@id\":\"https:\\\/\\\/www.krafthand.de\\\/truck\\\/artikel\\\/bruessel-gibt-foerderprojekt-des-bmvi-frei-bpw-kommt-mit-eigenem-e-lkw-28939\\\/\"},\"author\":{\"name\":\"georg.blenk@krafthand-medien.de\",\"@id\":\"https:\\\/\\\/www.krafthand.de\\\/truck\\\/#\\\/schema\\\/person\\\/51fa80b1c57034c4bf63f9f988fc24ce\"},\"headline\":\"Br\u00fcssel gibt gr\u00fcnes Licht f\u00fcr F\u00f6rderprojekt &#8211; BPW kommt mit eigenem e-Lkw\",\"datePublished\":\"2021-08-04T08:19:49+00:00\",\"dateModified\":\"2021-08-04T08:40:48+00:00\",\"mainEntityOfPage\":{\"@id\":\"https:\\\/\\\/www.krafthand.de\\\/truck\\\/artikel\\\/bruessel-gibt-foerderprojekt-des-bmvi-frei-bpw-kommt-mit-eigenem-e-lkw-28939\\\/\"},\"wordCount\":677,\"image\":{\"@id\":\"https:\\\/\\\/www.krafthand.de\\\/truck\\\/artikel\\\/bruessel-gibt-foerderprojekt-des-bmvi-frei-bpw-kommt-mit-eigenem-e-lkw-28939\\\/#primaryimage\"},\"thumbnailUrl\":\"https:\\\/\\\/static.krafthand-truck.de\\\/uploads\\\/2021\\\/08\\\/BPW_Paul_Nutzfahrzeuge_Erlkooenig_eLkw_Krafthand_Truck.jpg\",\"keywords\":[\"BMVI\",\"BPW\",\"E-Lkw\",\"F\u00f6rdermittel\"],\"articleSection\":[\"E-Antrieb (BEV\\\/FCEV)\",\"Unternehmen\"],\"inLanguage\":\"de\"},{\"@type\":\"WebPage\",\"@id\":\"https:\\\/\\\/www.krafthand.de\\\/truck\\\/artikel\\\/bruessel-gibt-foerderprojekt-des-bmvi-frei-bpw-kommt-mit-eigenem-e-lkw-28939\\\/\",\"url\":\"https:\\\/\\\/www.krafthand.de\\\/truck\\\/artikel\\\/bruessel-gibt-foerderprojekt-des-bmvi-frei-bpw-kommt-mit-eigenem-e-lkw-28939\\\/\",\"name\":\"Br\u00fcssel gibt gr\u00fcnes Licht f\u00fcr F\u00f6rderprojekt - BPW kommt mit eigenem e-Lkw - Krafthand-Truck\",\"isPartOf\":{\"@id\":\"https:\\\/\\\/www.krafthand.de\\\/truck\\\/#website\"},\"primaryImageOfPage\":{\"@id\":\"https:\\\/\\\/www.krafthand.de\\\/truck\\\/artikel\\\/bruessel-gibt-foerderprojekt-des-bmvi-frei-bpw-kommt-mit-eigenem-e-lkw-28939\\\/#primaryimage\"},\"image\":{\"@id\":\"https:\\\/\\\/www.krafthand.de\\\/truck\\\/artikel\\\/bruessel-gibt-foerderprojekt-des-bmvi-frei-bpw-kommt-mit-eigenem-e-lkw-28939\\\/#primaryimage\"},\"thumbnailUrl\":\"https:\\\/\\\/static.krafthand-truck.de\\\/uploads\\\/2021\\\/08\\\/BPW_Paul_Nutzfahrzeuge_Erlkooenig_eLkw_Krafthand_Truck.jpg\",\"datePublished\":\"2021-08-04T08:19:49+00:00\",\"dateModified\":\"2021-08-04T08:40:48+00:00\",\"author\":{\"@id\":\"https:\\\/\\\/www.krafthand.de\\\/truck\\\/#\\\/schema\\\/person\\\/51fa80b1c57034c4bf63f9f988fc24ce\"},\"breadcrumb\":{\"@id\":\"https:\\\/\\\/www.krafthand.de\\\/truck\\\/artikel\\\/bruessel-gibt-foerderprojekt-des-bmvi-frei-bpw-kommt-mit-eigenem-e-lkw-28939\\\/#breadcrumb\"},\"inLanguage\":\"de\",\"potentialAction\":[{\"@type\":\"ReadAction\",\"target\":[\"https:\\\/\\\/www.krafthand.de\\\/truck\\\/artikel\\\/bruessel-gibt-foerderprojekt-des-bmvi-frei-bpw-kommt-mit-eigenem-e-lkw-28939\\\/\"]}]},{\"@type\":\"ImageObject\",\"inLanguage\":\"de\",\"@id\":\"https:\\\/\\\/www.krafthand.de\\\/truck\\\/artikel\\\/bruessel-gibt-foerderprojekt-des-bmvi-frei-bpw-kommt-mit-eigenem-e-lkw-28939\\\/#primaryimage\",\"url\":\"https:\\\/\\\/static.krafthand-truck.de\\\/uploads\\\/2021\\\/08\\\/BPW_Paul_Nutzfahrzeuge_Erlkooenig_eLkw_Krafthand_Truck.jpg\",\"contentUrl\":\"https:\\\/\\\/static.krafthand-truck.de\\\/uploads\\\/2021\\\/08\\\/BPW_Paul_Nutzfahrzeuge_Erlkooenig_eLkw_Krafthand_Truck.jpg\",\"width\":1200,\"height\":593},{\"@type\":\"BreadcrumbList\",\"@id\":\"https:\\\/\\\/www.krafthand.de\\\/truck\\\/artikel\\\/bruessel-gibt-foerderprojekt-des-bmvi-frei-bpw-kommt-mit-eigenem-e-lkw-28939\\\/#breadcrumb\",\"itemListElement\":[{\"@type\":\"ListItem\",\"position\":1,\"name\":\"Krafthand-Truck\",\"item\":\"https:\\\/\\\/www.krafthand.de\\\/truck\\\/\"},{\"@type\":\"ListItem\",\"position\":2,\"name\":\"Nfz-Branche\",\"item\":\"https:\\\/\\\/www.krafthand.de\\\/truck\\\/kategorie\\\/branche\\\/\"},{\"@type\":\"ListItem\",\"position\":3,\"name\":\"Unternehmen\",\"item\":\"https:\\\/\\\/www.krafthand.de\\\/truck\\\/kategorie\\\/branche\\\/unternehmen\\\/\"},{\"@type\":\"ListItem\",\"position\":4,\"name\":\"Br\u00fcssel gibt gr\u00fcnes Licht f\u00fcr F\u00f6rderprojekt &#8211; BPW kommt mit eigenem e-Lkw\"}]},{\"@type\":\"WebSite\",\"@id\":\"https:\\\/\\\/www.krafthand.de\\\/truck\\\/#website\",\"url\":\"https:\\\/\\\/www.krafthand.de\\\/truck\\\/\",\"name\":\"Krafthand-Truck\",\"description\":\"\",\"potentialAction\":[{\"@type\":\"SearchAction\",\"target\":{\"@type\":\"EntryPoint\",\"urlTemplate\":\"https:\\\/\\\/www.krafthand.de\\\/truck\\\/?s={search_term_string}\"},\"query-input\":{\"@type\":\"PropertyValueSpecification\",\"valueRequired\":true,\"valueName\":\"search_term_string\"}}],\"inLanguage\":\"de\"},{\"@type\":\"Person\",\"@id\":\"https:\\\/\\\/www.krafthand.de\\\/truck\\\/#\\\/schema\\\/person\\\/51fa80b1c57034c4bf63f9f988fc24ce\",\"name\":\"georg.blenk@krafthand-medien.de\",\"image\":{\"@type\":\"ImageObject\",\"inLanguage\":\"de\",\"@id\":\"https:\\\/\\\/secure.gravatar.com\\\/avatar\\\/93713c30affe0aa95d3a4130e499bb1abee2eb31adbdd9ce2aa1543538490215?s=96&d=mm&r=g\",\"url\":\"https:\\\/\\\/secure.gravatar.com\\\/avatar\\\/93713c30affe0aa95d3a4130e499bb1abee2eb31adbdd9ce2aa1543538490215?s=96&d=mm&r=g\",\"contentUrl\":\"https:\\\/\\\/secure.gravatar.com\\\/avatar\\\/93713c30affe0aa95d3a4130e499bb1abee2eb31adbdd9ce2aa1543538490215?s=96&d=mm&r=g\",\"caption\":\"georg.blenk@krafthand-medien.de\"}}]}<\/script>\n<!-- \/ Yoast SEO plugin. -->","yoast_head_json":{"title":"Br\u00fcssel gibt gr\u00fcnes Licht f\u00fcr F\u00f6rderprojekt - BPW kommt mit eigenem e-Lkw - Krafthand-Truck","robots":{"index":"index","follow":"follow","max-snippet":"max-snippet:-1","max-image-preview":"max-image-preview:large","max-video-preview":"max-video-preview:-1"},"canonical":"https:\/\/www.krafthand.de\/truck\/artikel\/bruessel-gibt-foerderprojekt-des-bmvi-frei-bpw-kommt-mit-eigenem-e-lkw-28939\/","og_locale":"de_DE","og_type":"article","og_title":"Br\u00fcssel gibt gr\u00fcnes Licht f\u00fcr F\u00f6rderprojekt - BPW kommt mit eigenem e-Lkw - Krafthand-Truck","og_description":"Mit Beginn des neuen Jahres bringen die BPW Bergische Achsen KG und die Paul Nutzfahrzeuge GmbH einen eigenen batterie-elektrischen Lkw in der 7,49 Tonnen-Klasse auf den Markt. Der Zeitpunkt scheint f\u00fcr beide Unternehmen g\u00fcnstig, Br\u00fcssel gab k\u00fcrzlich gr\u00fcnes Licht, der Bund \u00fcbernimmt k\u00fcnftig bis zu 80 Prozent des Anschaffungs-Mehrpreises gegen\u00fcber einem Diesel-Lkw. ... weiter","og_url":"https:\/\/www.krafthand-truck.de\/artikel\/bruessel-gibt-foerderprojekt-des-bmvi-frei-bpw-kommt-mit-eigenem-e-lkw-28939\/","og_site_name":"Krafthand-Truck","article_published_time":"2021-08-04T08:19:49+00:00","article_modified_time":"2021-08-04T08:40:48+00:00","og_image":[{"width":1200,"height":593,"url":"https:\/\/www.krafthand.de\/truck\/wp-content\/uploads\/2021\/08\/BPW_Paul_Nutzfahrzeuge_Erlkooenig_eLkw_Krafthand_Truck.jpg","type":"image\/jpeg"}],"author":"georg.blenk@krafthand-medien.de","twitter_card":"summary_large_image","twitter_misc":{"Verfasst von":"georg.blenk@krafthand-medien.de","Gesch\u00e4tzte Lesezeit":"3\u00a0Minuten"},"schema":{"@context":"https:\/\/schema.org","@graph":[{"@type":"Article","@id":"https:\/\/www.krafthand.de\/truck\/artikel\/bruessel-gibt-foerderprojekt-des-bmvi-frei-bpw-kommt-mit-eigenem-e-lkw-28939\/#article","isPartOf":{"@id":"https:\/\/www.krafthand.de\/truck\/artikel\/bruessel-gibt-foerderprojekt-des-bmvi-frei-bpw-kommt-mit-eigenem-e-lkw-28939\/"},"author":{"name":"georg.blenk@krafthand-medien.de","@id":"https:\/\/www.krafthand.de\/truck\/#\/schema\/person\/51fa80b1c57034c4bf63f9f988fc24ce"},"headline":"Br\u00fcssel gibt gr\u00fcnes Licht f\u00fcr F\u00f6rderprojekt &#8211; BPW kommt mit eigenem e-Lkw","datePublished":"2021-08-04T08:19:49+00:00","dateModified":"2021-08-04T08:40:48+00:00","mainEntityOfPage":{"@id":"https:\/\/www.krafthand.de\/truck\/artikel\/bruessel-gibt-foerderprojekt-des-bmvi-frei-bpw-kommt-mit-eigenem-e-lkw-28939\/"},"wordCount":677,"image":{"@id":"https:\/\/www.krafthand.de\/truck\/artikel\/bruessel-gibt-foerderprojekt-des-bmvi-frei-bpw-kommt-mit-eigenem-e-lkw-28939\/#primaryimage"},"thumbnailUrl":"https:\/\/static.krafthand-truck.de\/uploads\/2021\/08\/BPW_Paul_Nutzfahrzeuge_Erlkooenig_eLkw_Krafthand_Truck.jpg","keywords":["BMVI","BPW","E-Lkw","F\u00f6rdermittel"],"articleSection":["E-Antrieb (BEV\/FCEV)","Unternehmen"],"inLanguage":"de"},{"@type":"WebPage","@id":"https:\/\/www.krafthand.de\/truck\/artikel\/bruessel-gibt-foerderprojekt-des-bmvi-frei-bpw-kommt-mit-eigenem-e-lkw-28939\/","url":"https:\/\/www.krafthand.de\/truck\/artikel\/bruessel-gibt-foerderprojekt-des-bmvi-frei-bpw-kommt-mit-eigenem-e-lkw-28939\/","name":"Br\u00fcssel gibt gr\u00fcnes Licht f\u00fcr F\u00f6rderprojekt - BPW kommt mit eigenem e-Lkw - Krafthand-Truck","isPartOf":{"@id":"https:\/\/www.krafthand.de\/truck\/#website"},"primaryImageOfPage":{"@id":"https:\/\/www.krafthand.de\/truck\/artikel\/bruessel-gibt-foerderprojekt-des-bmvi-frei-bpw-kommt-mit-eigenem-e-lkw-28939\/#primaryimage"},"image":{"@id":"https:\/\/www.krafthand.de\/truck\/artikel\/bruessel-gibt-foerderprojekt-des-bmvi-frei-bpw-kommt-mit-eigenem-e-lkw-28939\/#primaryimage"},"thumbnailUrl":"https:\/\/static.krafthand-truck.de\/uploads\/2021\/08\/BPW_Paul_Nutzfahrzeuge_Erlkooenig_eLkw_Krafthand_Truck.jpg","datePublished":"2021-08-04T08:19:49+00:00","dateModified":"2021-08-04T08:40:48+00:00","author":{"@id":"https:\/\/www.krafthand.de\/truck\/#\/schema\/person\/51fa80b1c57034c4bf63f9f988fc24ce"},"breadcrumb":{"@id":"https:\/\/www.krafthand.de\/truck\/artikel\/bruessel-gibt-foerderprojekt-des-bmvi-frei-bpw-kommt-mit-eigenem-e-lkw-28939\/#breadcrumb"},"inLanguage":"de","potentialAction":[{"@type":"ReadAction","target":["https:\/\/www.krafthand.de\/truck\/artikel\/bruessel-gibt-foerderprojekt-des-bmvi-frei-bpw-kommt-mit-eigenem-e-lkw-28939\/"]}]},{"@type":"ImageObject","inLanguage":"de","@id":"https:\/\/www.krafthand.de\/truck\/artikel\/bruessel-gibt-foerderprojekt-des-bmvi-frei-bpw-kommt-mit-eigenem-e-lkw-28939\/#primaryimage","url":"https:\/\/static.krafthand-truck.de\/uploads\/2021\/08\/BPW_Paul_Nutzfahrzeuge_Erlkooenig_eLkw_Krafthand_Truck.jpg","contentUrl":"https:\/\/static.krafthand-truck.de\/uploads\/2021\/08\/BPW_Paul_Nutzfahrzeuge_Erlkooenig_eLkw_Krafthand_Truck.jpg","width":1200,"height":593},{"@type":"BreadcrumbList","@id":"https:\/\/www.krafthand.de\/truck\/artikel\/bruessel-gibt-foerderprojekt-des-bmvi-frei-bpw-kommt-mit-eigenem-e-lkw-28939\/#breadcrumb","itemListElement":[{"@type":"ListItem","position":1,"name":"Krafthand-Truck","item":"https:\/\/www.krafthand.de\/truck\/"},{"@type":"ListItem","position":2,"name":"Nfz-Branche","item":"https:\/\/www.krafthand.de\/truck\/kategorie\/branche\/"},{"@type":"ListItem","position":3,"name":"Unternehmen","item":"https:\/\/www.krafthand.de\/truck\/kategorie\/branche\/unternehmen\/"},{"@type":"ListItem","position":4,"name":"Br\u00fcssel gibt gr\u00fcnes Licht f\u00fcr F\u00f6rderprojekt &#8211; BPW kommt mit eigenem e-Lkw"}]},{"@type":"WebSite","@id":"https:\/\/www.krafthand.de\/truck\/#website","url":"https:\/\/www.krafthand.de\/truck\/","name":"Krafthand-Truck","description":"","potentialAction":[{"@type":"SearchAction","target":{"@type":"EntryPoint","urlTemplate":"https:\/\/www.krafthand.de\/truck\/?s={search_term_string}"},"query-input":{"@type":"PropertyValueSpecification","valueRequired":true,"valueName":"search_term_string"}}],"inLanguage":"de"},{"@type":"Person","@id":"https:\/\/www.krafthand.de\/truck\/#\/schema\/person\/51fa80b1c57034c4bf63f9f988fc24ce","name":"georg.blenk@krafthand-medien.de","image":{"@type":"ImageObject","inLanguage":"de","@id":"https:\/\/secure.gravatar.com\/avatar\/93713c30affe0aa95d3a4130e499bb1abee2eb31adbdd9ce2aa1543538490215?s=96&d=mm&r=g","url":"https:\/\/secure.gravatar.com\/avatar\/93713c30affe0aa95d3a4130e499bb1abee2eb31adbdd9ce2aa1543538490215?s=96&d=mm&r=g","contentUrl":"https:\/\/secure.gravatar.com\/avatar\/93713c30affe0aa95d3a4130e499bb1abee2eb31adbdd9ce2aa1543538490215?s=96&d=mm&r=g","caption":"georg.blenk@krafthand-medien.de"}}]}},"_links":{"self":[{"href":"https:\/\/www.krafthand.de\/truck\/wp-json\/wp\/v2\/posts\/28939","targetHints":{"allow":["GET"]}}],"collection":[{"href":"https:\/\/www.krafthand.de\/truck\/wp-json\/wp\/v2\/posts"}],"about":[{"href":"https:\/\/www.krafthand.de\/truck\/wp-json\/wp\/v2\/types\/post"}],"author":[{"embeddable":true,"href":"https:\/\/www.krafthand.de\/truck\/wp-json\/wp\/v2\/users\/9"}],"replies":[{"embeddable":true,"href":"https:\/\/www.krafthand.de\/truck\/wp-json\/wp\/v2\/comments?post=28939"}],"version-history":[{"count":14,"href":"https:\/\/www.krafthand.de\/truck\/wp-json\/wp\/v2\/posts\/28939\/revisions"}],"predecessor-version":[{"id":28955,"href":"https:\/\/www.krafthand.de\/truck\/wp-json\/wp\/v2\/posts\/28939\/revisions\/28955"}],"wp:featuredmedia":[{"embeddable":true,"href":"https:\/\/www.krafthand.de\/truck\/wp-json\/wp\/v2\/media\/28948"}],"wp:attachment":[{"href":"https:\/\/www.krafthand.de\/truck\/wp-json\/wp\/v2\/media?parent=28939"}],"wp:term":[{"taxonomy":"category","embeddable":true,"href":"https:\/\/www.krafthand.de\/truck\/wp-json\/wp\/v2\/categories?post=28939"},{"taxonomy":"post_tag","embeddable":true,"href":"https:\/\/www.krafthand.de\/truck\/wp-json\/wp\/v2\/tags?post=28939"},{"taxonomy":"settings","embeddable":true,"href":"https:\/\/www.krafthand.de\/truck\/wp-json\/wp\/v2\/settings?post=28939"}],"curies":[{"name":"wp","href":"https:\/\/api.w.org\/{rel}","templated":true}]}}