{"id":28917,"date":"2021-08-03T08:43:27","date_gmt":"2021-08-03T06:43:27","guid":{"rendered":"https:\/\/www.krafthand.de\/truck\/?p=28917"},"modified":"2021-08-03T08:43:27","modified_gmt":"2021-08-03T06:43:27","slug":"alternative-zu-original-ersatzteilen","status":"publish","type":"post","link":"https:\/\/www.krafthand.de\/truck\/artikel\/alternative-zu-original-ersatzteilen-28917\/","title":{"rendered":"Alternative zu Original-Ersatzteilen"},"content":{"rendered":"<p>Anfang 2021 hat der Trailer-Spezialist Krone mit der Eigenmarke \u201aKrone-Trusted\u2018 ein neues Ersatzteilprogramm vorgestellt, mit dem Ziel eine preiswerte Alternative zu Original-Ersatzteilen ohne Qualit\u00e4tseinbu\u00dfen anzubieten. Die neue Marke sei laut Krone von den Transportunternehmen und den Nfz-Werkst\u00e4tten sehr gut angenommen worden, eine Vielzahl an Kunden habe bereits eine Order get\u00e4tigt und z\u00e4hle seitdem zu den regelm\u00e4\u00dfigen Bestellern im Krone Spare Parts Online-Shop (<a href=\"https:\/\/www.krone-trailerparts.com\/trusted\" target=\"_blank\" rel=\"noopener\">www.krone-trailerparts.com<\/a>).<\/p>\n<blockquote><p>\u201eWenn es um eine zeitwertgerechte Reparatur geht, sch\u00e4tzen unsere Kunden vor allem die Qualit\u00e4t, die sie von Krone gewohnt sind und die wir mit der Marke \u201aKrone-Trusted\u2018 zur Verf\u00fcgung stellen k\u00f6nnen\u201c, so Ewald Gronewald, Vertriebsleiter DACH Spare Parts\/Krone-Trusted.<\/p><\/blockquote>\n<p>Krone bezieht die Ersatzteile den Angaben zufolge direkt von verschiedenen namhaften Herstellern wie zum Beispiel BPW, SAF oder Jost, die bei Krone auch in der Erstausr\u00fcstung ans Band liefern. Das Sortiment reiche von Achsteilen und ABS-Sensoren \u00fcber Bremstrommeln und Luftfederb\u00e4lge bis hin zu Scheibenbremsbel\u00e4gen. Bis August 2021 soll der Onlineshop laut Krone auf \u00fcber 300 verschiedene Ersatzteile der Marke Krone-Trusted aufgestockt werden und damit mehr als 80 Prozent der g\u00e4ngigen Verschlei\u00dfteile abdecken. Im \u00dcbrigen gew\u00e4hrt Krone auf alle Teile eine Garantie von zw\u00f6lf Monaten.<\/p>\n<p><i>Den Beitrag finden Sie auch in der Print-Ausgabe 3\/2021 der <a href=\"https:\/\/www.krafthand.de\/truck\/magazin\/\" title=\"Zum Magazin\">Krafthand-Truck<\/a>.<\/i><\/p>","protected":false},"excerpt":{"rendered":"<p>Anfang 2021 hat der Trailer-Spezialist Krone mit der Eigenmarke \u201aKrone-Trusted\u2018 ein neues Ersatzteilprogramm vorgestellt. Bis dato ist die neue Marke laut Krone von den Transportunternehmen und den Nfz-Werkst\u00e4tten sehr gut angenommen worden. <span class=\"excerpt-more__dots\">&#8230;<\/span> <a class=\"excerpt-more__link\" href=\"https:\/\/www.krafthand.de\/truck\/artikel\/alternative-zu-original-ersatzteilen-28917\/\" >weiter<\/a><\/p>\n","protected":false},"author":9,"featured_media":28918,"comment_status":"closed","ping_status":"closed","sticky":false,"template":"","format":"standard","meta":{"footnotes":""},"categories":[4238,4229],"tags":[510,4657,388,4656,4655],"settings":[3523],"class_list":["post-28917","post","type-post","status-publish","format-standard","has-post-thumbnail","hentry","category-koepfe","category-nfz-teile-systeme","tag-ersatzteile","tag-ewald-gronewald","tag-krone","tag-krone-trusted","tag-oe-teile"],"yoast_head":"<!-- This site is optimized with the Yoast SEO plugin v27.3 - https:\/\/yoast.com\/product\/yoast-seo-wordpress\/ -->\n<title>Alternative zu Original-Ersatzteilen - Krafthand-Truck<\/title>\n<meta name=\"robots\" content=\"index, follow, max-snippet:-1, max-image-preview:large, max-video-preview:-1\" \/>\n<link rel=\"canonical\" href=\"https:\/\/www.krafthand.de\/truck\/artikel\/alternative-zu-original-ersatzteilen-28917\/\" \/>\n<meta property=\"og:locale\" content=\"de_DE\" \/>\n<meta property=\"og:type\" content=\"article\" \/>\n<meta property=\"og:title\" content=\"Alternative zu Original-Ersatzteilen - Krafthand-Truck\" \/>\n<meta property=\"og:description\" content=\"Anfang 2021 hat der Trailer-Spezialist Krone mit der Eigenmarke \u201aKrone-Trusted\u2018 ein neues Ersatzteilprogramm vorgestellt. Bis dato ist die neue Marke laut Krone von den Transportunternehmen und den Nfz-Werkst\u00e4tten sehr gut angenommen worden. ... weiter\" \/>\n<meta property=\"og:url\" content=\"https:\/\/www.krafthand-truck.de\/artikel\/alternative-zu-original-ersatzteilen-28917\/\" \/>\n<meta property=\"og:site_name\" content=\"Krafthand-Truck\" \/>\n<meta property=\"article:published_time\" content=\"2021-08-03T06:43:27+00:00\" \/>\n<meta property=\"og:image\" content=\"https:\/\/www.krafthand.de\/truck\/wp-content\/uploads\/2021\/08\/Krone_Ewald_Kronewald_Krafthand_Truck.jpg\" \/>\n\t<meta property=\"og:image:width\" content=\"1089\" \/>\n\t<meta property=\"og:image:height\" content=\"845\" \/>\n\t<meta property=\"og:image:type\" content=\"image\/jpeg\" \/>\n<meta name=\"author\" content=\"georg.blenk@krafthand-medien.de\" \/>\n<meta name=\"twitter:card\" content=\"summary_large_image\" \/>\n<meta name=\"twitter:label1\" content=\"Verfasst von\" \/>\n\t<meta name=\"twitter:data1\" content=\"georg.blenk@krafthand-medien.de\" \/>\n\t<meta name=\"twitter:label2\" content=\"Gesch\u00e4tzte Lesezeit\" \/>\n\t<meta name=\"twitter:data2\" content=\"1\u00a0Minute\" \/>\n<script type=\"application\/ld+json\" class=\"yoast-schema-graph\">{\"@context\":\"https:\\\/\\\/schema.org\",\"@graph\":[{\"@type\":\"Article\",\"@id\":\"https:\\\/\\\/www.krafthand.de\\\/truck\\\/artikel\\\/alternative-zu-original-ersatzteilen-28917\\\/#article\",\"isPartOf\":{\"@id\":\"https:\\\/\\\/www.krafthand.de\\\/truck\\\/artikel\\\/alternative-zu-original-ersatzteilen-28917\\\/\"},\"author\":{\"name\":\"georg.blenk@krafthand-medien.de\",\"@id\":\"https:\\\/\\\/www.krafthand.de\\\/truck\\\/#\\\/schema\\\/person\\\/51fa80b1c57034c4bf63f9f988fc24ce\"},\"headline\":\"Alternative zu Original-Ersatzteilen\",\"datePublished\":\"2021-08-03T06:43:27+00:00\",\"mainEntityOfPage\":{\"@id\":\"https:\\\/\\\/www.krafthand.de\\\/truck\\\/artikel\\\/alternative-zu-original-ersatzteilen-28917\\\/\"},\"wordCount\":204,\"image\":{\"@id\":\"https:\\\/\\\/www.krafthand.de\\\/truck\\\/artikel\\\/alternative-zu-original-ersatzteilen-28917\\\/#primaryimage\"},\"thumbnailUrl\":\"https:\\\/\\\/static.krafthand-truck.de\\\/uploads\\\/2021\\\/08\\\/Krone_Ewald_Kronewald_Krafthand_Truck.jpg\",\"keywords\":[\"Ersatzteile\",\"Ewald Gronewald\",\"Krone\",\"Krone-Trusted\",\"OE-Teile\"],\"articleSection\":[\"K\u00f6pfe\\\/Personen\",\"Nfz-Teile\\\/Systeme\"],\"inLanguage\":\"de\"},{\"@type\":\"WebPage\",\"@id\":\"https:\\\/\\\/www.krafthand.de\\\/truck\\\/artikel\\\/alternative-zu-original-ersatzteilen-28917\\\/\",\"url\":\"https:\\\/\\\/www.krafthand.de\\\/truck\\\/artikel\\\/alternative-zu-original-ersatzteilen-28917\\\/\",\"name\":\"Alternative zu Original-Ersatzteilen - Krafthand-Truck\",\"isPartOf\":{\"@id\":\"https:\\\/\\\/www.krafthand.de\\\/truck\\\/#website\"},\"primaryImageOfPage\":{\"@id\":\"https:\\\/\\\/www.krafthand.de\\\/truck\\\/artikel\\\/alternative-zu-original-ersatzteilen-28917\\\/#primaryimage\"},\"image\":{\"@id\":\"https:\\\/\\\/www.krafthand.de\\\/truck\\\/artikel\\\/alternative-zu-original-ersatzteilen-28917\\\/#primaryimage\"},\"thumbnailUrl\":\"https:\\\/\\\/static.krafthand-truck.de\\\/uploads\\\/2021\\\/08\\\/Krone_Ewald_Kronewald_Krafthand_Truck.jpg\",\"datePublished\":\"2021-08-03T06:43:27+00:00\",\"author\":{\"@id\":\"https:\\\/\\\/www.krafthand.de\\\/truck\\\/#\\\/schema\\\/person\\\/51fa80b1c57034c4bf63f9f988fc24ce\"},\"breadcrumb\":{\"@id\":\"https:\\\/\\\/www.krafthand.de\\\/truck\\\/artikel\\\/alternative-zu-original-ersatzteilen-28917\\\/#breadcrumb\"},\"inLanguage\":\"de\",\"potentialAction\":[{\"@type\":\"ReadAction\",\"target\":[\"https:\\\/\\\/www.krafthand.de\\\/truck\\\/artikel\\\/alternative-zu-original-ersatzteilen-28917\\\/\"]}]},{\"@type\":\"ImageObject\",\"inLanguage\":\"de\",\"@id\":\"https:\\\/\\\/www.krafthand.de\\\/truck\\\/artikel\\\/alternative-zu-original-ersatzteilen-28917\\\/#primaryimage\",\"url\":\"https:\\\/\\\/static.krafthand-truck.de\\\/uploads\\\/2021\\\/08\\\/Krone_Ewald_Kronewald_Krafthand_Truck.jpg\",\"contentUrl\":\"https:\\\/\\\/static.krafthand-truck.de\\\/uploads\\\/2021\\\/08\\\/Krone_Ewald_Kronewald_Krafthand_Truck.jpg\",\"width\":1089,\"height\":845},{\"@type\":\"BreadcrumbList\",\"@id\":\"https:\\\/\\\/www.krafthand.de\\\/truck\\\/artikel\\\/alternative-zu-original-ersatzteilen-28917\\\/#breadcrumb\",\"itemListElement\":[{\"@type\":\"ListItem\",\"position\":1,\"name\":\"Krafthand-Truck\",\"item\":\"https:\\\/\\\/www.krafthand.de\\\/truck\\\/\"},{\"@type\":\"ListItem\",\"position\":2,\"name\":\"Nfz-Technik\",\"item\":\"https:\\\/\\\/www.krafthand.de\\\/truck\\\/kategorie\\\/nfz-technik\\\/\"},{\"@type\":\"ListItem\",\"position\":3,\"name\":\"Nfz-Teile\\\/Systeme\",\"item\":\"https:\\\/\\\/www.krafthand.de\\\/truck\\\/kategorie\\\/nfz-technik\\\/nfz-teile-systeme\\\/\"},{\"@type\":\"ListItem\",\"position\":4,\"name\":\"Alternative zu Original-Ersatzteilen\"}]},{\"@type\":\"WebSite\",\"@id\":\"https:\\\/\\\/www.krafthand.de\\\/truck\\\/#website\",\"url\":\"https:\\\/\\\/www.krafthand.de\\\/truck\\\/\",\"name\":\"Krafthand-Truck\",\"description\":\"\",\"potentialAction\":[{\"@type\":\"SearchAction\",\"target\":{\"@type\":\"EntryPoint\",\"urlTemplate\":\"https:\\\/\\\/www.krafthand.de\\\/truck\\\/?s={search_term_string}\"},\"query-input\":{\"@type\":\"PropertyValueSpecification\",\"valueRequired\":true,\"valueName\":\"search_term_string\"}}],\"inLanguage\":\"de\"},{\"@type\":\"Person\",\"@id\":\"https:\\\/\\\/www.krafthand.de\\\/truck\\\/#\\\/schema\\\/person\\\/51fa80b1c57034c4bf63f9f988fc24ce\",\"name\":\"georg.blenk@krafthand-medien.de\",\"image\":{\"@type\":\"ImageObject\",\"inLanguage\":\"de\",\"@id\":\"https:\\\/\\\/secure.gravatar.com\\\/avatar\\\/93713c30affe0aa95d3a4130e499bb1abee2eb31adbdd9ce2aa1543538490215?s=96&d=mm&r=g\",\"url\":\"https:\\\/\\\/secure.gravatar.com\\\/avatar\\\/93713c30affe0aa95d3a4130e499bb1abee2eb31adbdd9ce2aa1543538490215?s=96&d=mm&r=g\",\"contentUrl\":\"https:\\\/\\\/secure.gravatar.com\\\/avatar\\\/93713c30affe0aa95d3a4130e499bb1abee2eb31adbdd9ce2aa1543538490215?s=96&d=mm&r=g\",\"caption\":\"georg.blenk@krafthand-medien.de\"}}]}<\/script>\n<!-- \/ Yoast SEO plugin. -->","yoast_head_json":{"title":"Alternative zu Original-Ersatzteilen - Krafthand-Truck","robots":{"index":"index","follow":"follow","max-snippet":"max-snippet:-1","max-image-preview":"max-image-preview:large","max-video-preview":"max-video-preview:-1"},"canonical":"https:\/\/www.krafthand.de\/truck\/artikel\/alternative-zu-original-ersatzteilen-28917\/","og_locale":"de_DE","og_type":"article","og_title":"Alternative zu Original-Ersatzteilen - Krafthand-Truck","og_description":"Anfang 2021 hat der Trailer-Spezialist Krone mit der Eigenmarke \u201aKrone-Trusted\u2018 ein neues Ersatzteilprogramm vorgestellt. Bis dato ist die neue Marke laut Krone von den Transportunternehmen und den Nfz-Werkst\u00e4tten sehr gut angenommen worden. ... weiter","og_url":"https:\/\/www.krafthand-truck.de\/artikel\/alternative-zu-original-ersatzteilen-28917\/","og_site_name":"Krafthand-Truck","article_published_time":"2021-08-03T06:43:27+00:00","og_image":[{"width":1089,"height":845,"url":"https:\/\/www.krafthand.de\/truck\/wp-content\/uploads\/2021\/08\/Krone_Ewald_Kronewald_Krafthand_Truck.jpg","type":"image\/jpeg"}],"author":"georg.blenk@krafthand-medien.de","twitter_card":"summary_large_image","twitter_misc":{"Verfasst von":"georg.blenk@krafthand-medien.de","Gesch\u00e4tzte Lesezeit":"1\u00a0Minute"},"schema":{"@context":"https:\/\/schema.org","@graph":[{"@type":"Article","@id":"https:\/\/www.krafthand.de\/truck\/artikel\/alternative-zu-original-ersatzteilen-28917\/#article","isPartOf":{"@id":"https:\/\/www.krafthand.de\/truck\/artikel\/alternative-zu-original-ersatzteilen-28917\/"},"author":{"name":"georg.blenk@krafthand-medien.de","@id":"https:\/\/www.krafthand.de\/truck\/#\/schema\/person\/51fa80b1c57034c4bf63f9f988fc24ce"},"headline":"Alternative zu Original-Ersatzteilen","datePublished":"2021-08-03T06:43:27+00:00","mainEntityOfPage":{"@id":"https:\/\/www.krafthand.de\/truck\/artikel\/alternative-zu-original-ersatzteilen-28917\/"},"wordCount":204,"image":{"@id":"https:\/\/www.krafthand.de\/truck\/artikel\/alternative-zu-original-ersatzteilen-28917\/#primaryimage"},"thumbnailUrl":"https:\/\/static.krafthand-truck.de\/uploads\/2021\/08\/Krone_Ewald_Kronewald_Krafthand_Truck.jpg","keywords":["Ersatzteile","Ewald Gronewald","Krone","Krone-Trusted","OE-Teile"],"articleSection":["K\u00f6pfe\/Personen","Nfz-Teile\/Systeme"],"inLanguage":"de"},{"@type":"WebPage","@id":"https:\/\/www.krafthand.de\/truck\/artikel\/alternative-zu-original-ersatzteilen-28917\/","url":"https:\/\/www.krafthand.de\/truck\/artikel\/alternative-zu-original-ersatzteilen-28917\/","name":"Alternative zu Original-Ersatzteilen - Krafthand-Truck","isPartOf":{"@id":"https:\/\/www.krafthand.de\/truck\/#website"},"primaryImageOfPage":{"@id":"https:\/\/www.krafthand.de\/truck\/artikel\/alternative-zu-original-ersatzteilen-28917\/#primaryimage"},"image":{"@id":"https:\/\/www.krafthand.de\/truck\/artikel\/alternative-zu-original-ersatzteilen-28917\/#primaryimage"},"thumbnailUrl":"https:\/\/static.krafthand-truck.de\/uploads\/2021\/08\/Krone_Ewald_Kronewald_Krafthand_Truck.jpg","datePublished":"2021-08-03T06:43:27+00:00","author":{"@id":"https:\/\/www.krafthand.de\/truck\/#\/schema\/person\/51fa80b1c57034c4bf63f9f988fc24ce"},"breadcrumb":{"@id":"https:\/\/www.krafthand.de\/truck\/artikel\/alternative-zu-original-ersatzteilen-28917\/#breadcrumb"},"inLanguage":"de","potentialAction":[{"@type":"ReadAction","target":["https:\/\/www.krafthand.de\/truck\/artikel\/alternative-zu-original-ersatzteilen-28917\/"]}]},{"@type":"ImageObject","inLanguage":"de","@id":"https:\/\/www.krafthand.de\/truck\/artikel\/alternative-zu-original-ersatzteilen-28917\/#primaryimage","url":"https:\/\/static.krafthand-truck.de\/uploads\/2021\/08\/Krone_Ewald_Kronewald_Krafthand_Truck.jpg","contentUrl":"https:\/\/static.krafthand-truck.de\/uploads\/2021\/08\/Krone_Ewald_Kronewald_Krafthand_Truck.jpg","width":1089,"height":845},{"@type":"BreadcrumbList","@id":"https:\/\/www.krafthand.de\/truck\/artikel\/alternative-zu-original-ersatzteilen-28917\/#breadcrumb","itemListElement":[{"@type":"ListItem","position":1,"name":"Krafthand-Truck","item":"https:\/\/www.krafthand.de\/truck\/"},{"@type":"ListItem","position":2,"name":"Nfz-Technik","item":"https:\/\/www.krafthand.de\/truck\/kategorie\/nfz-technik\/"},{"@type":"ListItem","position":3,"name":"Nfz-Teile\/Systeme","item":"https:\/\/www.krafthand.de\/truck\/kategorie\/nfz-technik\/nfz-teile-systeme\/"},{"@type":"ListItem","position":4,"name":"Alternative zu Original-Ersatzteilen"}]},{"@type":"WebSite","@id":"https:\/\/www.krafthand.de\/truck\/#website","url":"https:\/\/www.krafthand.de\/truck\/","name":"Krafthand-Truck","description":"","potentialAction":[{"@type":"SearchAction","target":{"@type":"EntryPoint","urlTemplate":"https:\/\/www.krafthand.de\/truck\/?s={search_term_string}"},"query-input":{"@type":"PropertyValueSpecification","valueRequired":true,"valueName":"search_term_string"}}],"inLanguage":"de"},{"@type":"Person","@id":"https:\/\/www.krafthand.de\/truck\/#\/schema\/person\/51fa80b1c57034c4bf63f9f988fc24ce","name":"georg.blenk@krafthand-medien.de","image":{"@type":"ImageObject","inLanguage":"de","@id":"https:\/\/secure.gravatar.com\/avatar\/93713c30affe0aa95d3a4130e499bb1abee2eb31adbdd9ce2aa1543538490215?s=96&d=mm&r=g","url":"https:\/\/secure.gravatar.com\/avatar\/93713c30affe0aa95d3a4130e499bb1abee2eb31adbdd9ce2aa1543538490215?s=96&d=mm&r=g","contentUrl":"https:\/\/secure.gravatar.com\/avatar\/93713c30affe0aa95d3a4130e499bb1abee2eb31adbdd9ce2aa1543538490215?s=96&d=mm&r=g","caption":"georg.blenk@krafthand-medien.de"}}]}},"_links":{"self":[{"href":"https:\/\/www.krafthand.de\/truck\/wp-json\/wp\/v2\/posts\/28917","targetHints":{"allow":["GET"]}}],"collection":[{"href":"https:\/\/www.krafthand.de\/truck\/wp-json\/wp\/v2\/posts"}],"about":[{"href":"https:\/\/www.krafthand.de\/truck\/wp-json\/wp\/v2\/types\/post"}],"author":[{"embeddable":true,"href":"https:\/\/www.krafthand.de\/truck\/wp-json\/wp\/v2\/users\/9"}],"replies":[{"embeddable":true,"href":"https:\/\/www.krafthand.de\/truck\/wp-json\/wp\/v2\/comments?post=28917"}],"version-history":[{"count":1,"href":"https:\/\/www.krafthand.de\/truck\/wp-json\/wp\/v2\/posts\/28917\/revisions"}],"predecessor-version":[{"id":28919,"href":"https:\/\/www.krafthand.de\/truck\/wp-json\/wp\/v2\/posts\/28917\/revisions\/28919"}],"wp:featuredmedia":[{"embeddable":true,"href":"https:\/\/www.krafthand.de\/truck\/wp-json\/wp\/v2\/media\/28918"}],"wp:attachment":[{"href":"https:\/\/www.krafthand.de\/truck\/wp-json\/wp\/v2\/media?parent=28917"}],"wp:term":[{"taxonomy":"category","embeddable":true,"href":"https:\/\/www.krafthand.de\/truck\/wp-json\/wp\/v2\/categories?post=28917"},{"taxonomy":"post_tag","embeddable":true,"href":"https:\/\/www.krafthand.de\/truck\/wp-json\/wp\/v2\/tags?post=28917"},{"taxonomy":"settings","embeddable":true,"href":"https:\/\/www.krafthand.de\/truck\/wp-json\/wp\/v2\/settings?post=28917"}],"curies":[{"name":"wp","href":"https:\/\/api.w.org\/{rel}","templated":true}]}}