{"id":28870,"date":"2021-07-29T10:07:06","date_gmt":"2021-07-29T08:07:06","guid":{"rendered":"https:\/\/www.krafthand.de\/truck\/?p=28870"},"modified":"2021-11-30T13:45:02","modified_gmt":"2021-11-30T12:45:02","slug":"neue-navigationsgeraete-fuer-berufskraftfahrer","status":"publish","type":"post","link":"https:\/\/www.krafthand.de\/truck\/artikel\/neue-navigationsgeraete-fuer-berufskraftfahrer-28870\/","title":{"rendered":"Neue Navigationsger\u00e4te f\u00fcr Berufskraftfahrer"},"content":{"rendered":"<p>Mit den neuen Lkw-Navigationsger\u00e4ten d\u0113zl LGV700, LGV800 und LGV1000 hat Garmin drei neue Modelle vorgestellt. Berufskraftfahrer sollen von gro\u00dfen Displays, vorinstallierten Europakarten oder einer fahrzeugspezifischen Routenf\u00fchrung profitieren.<\/p>\n<p>Laut <a href=\"https:\/\/www.garmin.com\/de-DE\/\" target=\"_blank\" rel=\"noopener\">Garmin<\/a> lassen sich auf den extra gro\u00dfen 6,95-, 8- und 10 Zoll-Touchdisplays die fahrzeugspezifischen Routen besonders gut ablesen. Dank vorinstallierter Lkw-, Sattelzug-, Bus- oder Autoprofile erh\u00e4lt der Fahrer spezifische Routenf\u00fchrungen pr\u00e4sentiert, basierend auf den individuellen Fahrzeugdaten wie Abmessungen, Gewicht, Anh\u00e4ngertyp, Gefahrgutangaben, Tunnelbeschr\u00e4nkungscode und weiteren Fahrzeugmerkmalen. Dar\u00fcber hinaus sind auch spezielle Park- und Stellpl\u00e4tze f\u00fcr Lkws von <a href=\"https:\/\/www.truckparkingeurope.com\/de\/\" target=\"_blank\" rel=\"noopener\">Truck Parking Europe<\/a> vorinstalliert und bieten damit eine gro\u00dfe Auswahl f\u00fcr Ruhezeiten und Fahrpausen. In Verbindung mit der Drive App lassen sich den Angaben zufolge Informationen zu Kapazit\u00e4t, aktuellen Verf\u00fcgbarkeiten, verf\u00fcgbaren Services sowie entsprechende Bewertungen abrufen .<\/p>\n<figure id=\"attachment_28876\" aria-describedby=\"caption-attachment-28876\" style=\"width: 420px\" class=\"wp-caption alignright\"><a href=\"https:\/\/www.krafthand.de\/truck\/wp-content\/uploads\/2021\/07\/Garmin_dezlLGV700_TruckParkingEurope-c-Garmin-Deutschland-GmbH.jpg\" target=\"_blank\" rel=\"noopener\"><img fetchpriority=\"high\" decoding=\"async\" class=\"wp-image-28876\" src=\"https:\/\/www.krafthand.de\/truck\/wp-content\/uploads\/2021\/07\/Garmin_dezlLGV700_TruckParkingEurope-c-Garmin-Deutschland-GmbH-300x194.jpg\" alt=\"\" width=\"420\" height=\"272\" srcset=\"https:\/\/static.krafthand-truck.de\/uploads\/2021\/07\/Garmin_dezlLGV700_TruckParkingEurope-c-Garmin-Deutschland-GmbH-300x194.jpg 300w, https:\/\/static.krafthand-truck.de\/uploads\/2021\/07\/Garmin_dezlLGV700_TruckParkingEurope-c-Garmin-Deutschland-GmbH-768x497.jpg 768w, https:\/\/static.krafthand-truck.de\/uploads\/2021\/07\/Garmin_dezlLGV700_TruckParkingEurope-c-Garmin-Deutschland-GmbH.jpg 800w\" sizes=\"(max-width: 420px) 100vw, 420px\" \/><\/a><figcaption id=\"caption-attachment-28876\" class=\"wp-caption-text\">Auf den neuen Navis stehen ein Vielzahl von Park- und Stellpl\u00e4tzen f\u00fcr Lkws von Truck Parking Europe zur Verf\u00fcgung. Bild: Garmin<\/figcaption><\/figure>\n<h3>Europaweit informiert<\/h3>\n<p>Alle d\u0113zl-Modelle verf\u00fcgen laut Garmin \u00fcber 3D-Karten f\u00fcr 46 L\u00e4nder in Europa. Vor Ablauf der Lenkzeit schl\u00e4gt das Navigationsger\u00e4t eine passende Ausfahrt inklusive Lkw-POIs f\u00fcr die Rast vor. Der Fahrtzeit-Timer zeigt zudem die t\u00e4glichen Fahrstunden, Gesamtfahrstunden sowie die Zeit bis zur n\u00e4chsten Pause an. Karten- sowie Software-Updates lassen sich \u00fcber das integrierte WLAN durchf\u00fchren.<\/p>\n<h3>Sicherheits-Features<\/h3>\n<p>Die neuen d\u0113zl-Modelle liefern zus\u00e4tzliche, sicherheitsrelevante Informationen, wie beispielsweise Hinweise zu vorausliegenden Kurven, Schulzonen, Bahn\u00fcberg\u00e4ngen, Wildwechsel, Tempowechsel, Seitenwinden, engen Stra\u00dfen oder starken Steigungen und Gef\u00e4llen. \u00dcber die\u00a0 Sprachsteuerung lassen sich zudem Ziele nennen, Adressen und POIs suchen oder andere Funktionen nutzen, ohne dabei die H\u00e4nde vom Steuer nehmen zu m\u00fcssen. Dar\u00fcber hinaus verf\u00fcgen alle Modelle \u00fcber eine Bluetooth-Freisprechfunktion, Verkehrsinformationen in Echtzeit, eine aktive Fahrspuranzeige und 3D-Abbiegehinweise. Die neuesten Navigationsger\u00e4te der d\u0113zl-Serie zeigen au\u00dferdem potenzielle Be-\/Entladezonen kurz vor der Zielerreichung an und blendet beliebte Lkw-Streckenabschnitte entlang der Route ein.<\/p>\n<p>Die Modelle d\u0113zl LGV800 und LGV1000 enthalten eine Schwerlasthalterung mit Saugnapf und magnetischer Adapterplatte mit Stromversorgung, eine Schraubhalterung sowie eine RAM-System kompatible AMPS-Platte. Ohne Stromversorgung haben die Modelle eine Akkulaufzeit von bis zu zwei Stunden und sind mit diversen R\u00fcckfahrkameras von Garmin kompatibel.<\/p>\n\r\n\t\t\t\t<div class=\"post-author\">\r\n\t\t\t\t\t<div class=\"khm-cp-author clearfix\">\r\n\t\t\t\t\t\t<div class=\"khm-cp-author__content\">\r\n\t\t\t\t\t\t\t\tKontakt zum Autor:<br \/>\r\n\t\t\t\t\t\t\t\t<strong>Georg Blenk<\/strong>, 08247 \/ 3007-45 |  <a href=\"mailto:georg.blenk@krafthand-medien.de\">georg.blenk@krafthand-medien.de<\/a>\r\n\t\t\t\t\t\t\t<div class=\"khm-cp-author__image\">\r\n\t\t\t\t\t\t<img src=\"https:\/\/static.krafthand-truck.de\/uploads\/2021\/01\/Blenk_6104-250x300-1-removebg-preview.png\" class=\"img-responsive\">\r\n\t\t\t\t\t<\/div>\r\n\t\t\t\t\t\t<\/div>\r\n\t\t\t\t\t<\/div>\r\n\t\t\t\t<\/div>\r\n\t\t\t\t","protected":false},"excerpt":{"rendered":"<p>Mit den neuen Lkw-Navigationsger\u00e4ten d\u0113zl LGV700, LGV800 und LGV1000 hat Garmin drei neue Modelle vorgestellt. Berufskraftfahrer sollen von gro\u00dfen Displays, vorinstallierten Europakarten oder einer fahrzeugspezifischen Routenf\u00fchrung profitieren. <span class=\"excerpt-more__dots\">&#8230;<\/span> <a class=\"excerpt-more__link\" href=\"https:\/\/www.krafthand.de\/truck\/artikel\/neue-navigationsgeraete-fuer-berufskraftfahrer-28870\/\" >weiter<\/a><\/p>\n","protected":false},"author":9,"featured_media":28874,"comment_status":"closed","ping_status":"closed","sticky":false,"template":"","format":"standard","meta":{"footnotes":""},"categories":[4233],"tags":[4650,4649,4652,4651,1431],"settings":[3524],"class_list":["post-28870","post","type-post","status-publish","format-standard","has-post-thumbnail","hentry","category-navigation","tag-dezl-lgv700","tag-garmin","tag-lgv1000","tag-lgv800","tag-navigation"],"yoast_head":"<!-- This site is optimized with the Yoast SEO plugin v27.3 - https:\/\/yoast.com\/product\/yoast-seo-wordpress\/ -->\n<title>Neue Navigationsger\u00e4te f\u00fcr Berufskraftfahrer - Krafthand-Truck<\/title>\n<meta name=\"robots\" content=\"index, follow, max-snippet:-1, max-image-preview:large, max-video-preview:-1\" \/>\n<link rel=\"canonical\" href=\"https:\/\/www.krafthand.de\/truck\/artikel\/neue-navigationsgeraete-fuer-berufskraftfahrer-28870\/\" \/>\n<meta property=\"og:locale\" content=\"de_DE\" \/>\n<meta property=\"og:type\" content=\"article\" \/>\n<meta property=\"og:title\" content=\"Neue Navigationsger\u00e4te f\u00fcr Berufskraftfahrer - Krafthand-Truck\" \/>\n<meta property=\"og:description\" content=\"Mit den neuen Lkw-Navigationsger\u00e4ten d\u0113zl LGV700, LGV800 und LGV1000 hat Garmin drei neue Modelle vorgestellt. Berufskraftfahrer sollen von gro\u00dfen Displays, vorinstallierten Europakarten oder einer fahrzeugspezifischen Routenf\u00fchrung profitieren. ... weiter\" \/>\n<meta property=\"og:url\" content=\"https:\/\/www.krafthand-truck.de\/artikel\/neue-navigationsgeraete-fuer-berufskraftfahrer-28870\/\" \/>\n<meta property=\"og:site_name\" content=\"Krafthand-Truck\" \/>\n<meta property=\"article:published_time\" content=\"2021-07-29T08:07:06+00:00\" \/>\n<meta property=\"article:modified_time\" content=\"2021-11-30T12:45:02+00:00\" \/>\n<meta property=\"og:image\" content=\"https:\/\/static.krafthand-truck.de\/uploads\/2021\/07\/Garmin_20200214_Support_AUT_0045_RGB.jpg\" \/>\n\t<meta property=\"og:image:width\" content=\"1200\" \/>\n\t<meta property=\"og:image:height\" content=\"748\" \/>\n\t<meta property=\"og:image:type\" content=\"image\/jpeg\" \/>\n<meta name=\"author\" content=\"georg.blenk@krafthand-medien.de\" \/>\n<meta name=\"twitter:card\" content=\"summary_large_image\" \/>\n<meta name=\"twitter:label1\" content=\"Verfasst von\" \/>\n\t<meta name=\"twitter:data1\" content=\"georg.blenk@krafthand-medien.de\" \/>\n\t<meta name=\"twitter:label2\" content=\"Gesch\u00e4tzte Lesezeit\" \/>\n\t<meta name=\"twitter:data2\" content=\"2\u00a0Minuten\" \/>\n<script type=\"application\/ld+json\" class=\"yoast-schema-graph\">{\"@context\":\"https:\\\/\\\/schema.org\",\"@graph\":[{\"@type\":\"Article\",\"@id\":\"https:\\\/\\\/www.krafthand.de\\\/truck\\\/artikel\\\/neue-navigationsgeraete-fuer-berufskraftfahrer-28870\\\/#article\",\"isPartOf\":{\"@id\":\"https:\\\/\\\/www.krafthand.de\\\/truck\\\/artikel\\\/neue-navigationsgeraete-fuer-berufskraftfahrer-28870\\\/\"},\"author\":{\"name\":\"georg.blenk@krafthand-medien.de\",\"@id\":\"https:\\\/\\\/www.krafthand.de\\\/truck\\\/#\\\/schema\\\/person\\\/51fa80b1c57034c4bf63f9f988fc24ce\"},\"headline\":\"Neue Navigationsger\u00e4te f\u00fcr Berufskraftfahrer\",\"datePublished\":\"2021-07-29T08:07:06+00:00\",\"dateModified\":\"2021-11-30T12:45:02+00:00\",\"mainEntityOfPage\":{\"@id\":\"https:\\\/\\\/www.krafthand.de\\\/truck\\\/artikel\\\/neue-navigationsgeraete-fuer-berufskraftfahrer-28870\\\/\"},\"wordCount\":387,\"image\":{\"@id\":\"https:\\\/\\\/www.krafthand.de\\\/truck\\\/artikel\\\/neue-navigationsgeraete-fuer-berufskraftfahrer-28870\\\/#primaryimage\"},\"thumbnailUrl\":\"https:\\\/\\\/static.krafthand-truck.de\\\/uploads\\\/2021\\\/07\\\/Garmin_20200214_Support_AUT_0045_RGB.jpg\",\"keywords\":[\"d\u0113zl LGV700\",\"Garmin\",\"LGV1000\",\"LGV800\",\"Navigation\"],\"articleSection\":[\"Telematik \\\/ Navigation\"],\"inLanguage\":\"de\"},{\"@type\":\"WebPage\",\"@id\":\"https:\\\/\\\/www.krafthand.de\\\/truck\\\/artikel\\\/neue-navigationsgeraete-fuer-berufskraftfahrer-28870\\\/\",\"url\":\"https:\\\/\\\/www.krafthand.de\\\/truck\\\/artikel\\\/neue-navigationsgeraete-fuer-berufskraftfahrer-28870\\\/\",\"name\":\"Neue Navigationsger\u00e4te f\u00fcr Berufskraftfahrer - Krafthand-Truck\",\"isPartOf\":{\"@id\":\"https:\\\/\\\/www.krafthand.de\\\/truck\\\/#website\"},\"primaryImageOfPage\":{\"@id\":\"https:\\\/\\\/www.krafthand.de\\\/truck\\\/artikel\\\/neue-navigationsgeraete-fuer-berufskraftfahrer-28870\\\/#primaryimage\"},\"image\":{\"@id\":\"https:\\\/\\\/www.krafthand.de\\\/truck\\\/artikel\\\/neue-navigationsgeraete-fuer-berufskraftfahrer-28870\\\/#primaryimage\"},\"thumbnailUrl\":\"https:\\\/\\\/static.krafthand-truck.de\\\/uploads\\\/2021\\\/07\\\/Garmin_20200214_Support_AUT_0045_RGB.jpg\",\"datePublished\":\"2021-07-29T08:07:06+00:00\",\"dateModified\":\"2021-11-30T12:45:02+00:00\",\"author\":{\"@id\":\"https:\\\/\\\/www.krafthand.de\\\/truck\\\/#\\\/schema\\\/person\\\/51fa80b1c57034c4bf63f9f988fc24ce\"},\"breadcrumb\":{\"@id\":\"https:\\\/\\\/www.krafthand.de\\\/truck\\\/artikel\\\/neue-navigationsgeraete-fuer-berufskraftfahrer-28870\\\/#breadcrumb\"},\"inLanguage\":\"de\",\"potentialAction\":[{\"@type\":\"ReadAction\",\"target\":[\"https:\\\/\\\/www.krafthand.de\\\/truck\\\/artikel\\\/neue-navigationsgeraete-fuer-berufskraftfahrer-28870\\\/\"]}]},{\"@type\":\"ImageObject\",\"inLanguage\":\"de\",\"@id\":\"https:\\\/\\\/www.krafthand.de\\\/truck\\\/artikel\\\/neue-navigationsgeraete-fuer-berufskraftfahrer-28870\\\/#primaryimage\",\"url\":\"https:\\\/\\\/static.krafthand-truck.de\\\/uploads\\\/2021\\\/07\\\/Garmin_20200214_Support_AUT_0045_RGB.jpg\",\"contentUrl\":\"https:\\\/\\\/static.krafthand-truck.de\\\/uploads\\\/2021\\\/07\\\/Garmin_20200214_Support_AUT_0045_RGB.jpg\",\"width\":1200,\"height\":748},{\"@type\":\"BreadcrumbList\",\"@id\":\"https:\\\/\\\/www.krafthand.de\\\/truck\\\/artikel\\\/neue-navigationsgeraete-fuer-berufskraftfahrer-28870\\\/#breadcrumb\",\"itemListElement\":[{\"@type\":\"ListItem\",\"position\":1,\"name\":\"Krafthand-Truck\",\"item\":\"https:\\\/\\\/www.krafthand.de\\\/truck\\\/\"},{\"@type\":\"ListItem\",\"position\":2,\"name\":\"IT+Fuhrpark\",\"item\":\"https:\\\/\\\/www.krafthand.de\\\/truck\\\/kategorie\\\/fuhrpark\\\/\"},{\"@type\":\"ListItem\",\"position\":3,\"name\":\"Telematik \\\/ Navigation\",\"item\":\"https:\\\/\\\/www.krafthand.de\\\/truck\\\/kategorie\\\/fuhrpark\\\/navigation\\\/\"},{\"@type\":\"ListItem\",\"position\":4,\"name\":\"Neue Navigationsger\u00e4te f\u00fcr Berufskraftfahrer\"}]},{\"@type\":\"WebSite\",\"@id\":\"https:\\\/\\\/www.krafthand.de\\\/truck\\\/#website\",\"url\":\"https:\\\/\\\/www.krafthand.de\\\/truck\\\/\",\"name\":\"Krafthand-Truck\",\"description\":\"\",\"potentialAction\":[{\"@type\":\"SearchAction\",\"target\":{\"@type\":\"EntryPoint\",\"urlTemplate\":\"https:\\\/\\\/www.krafthand.de\\\/truck\\\/?s={search_term_string}\"},\"query-input\":{\"@type\":\"PropertyValueSpecification\",\"valueRequired\":true,\"valueName\":\"search_term_string\"}}],\"inLanguage\":\"de\"},{\"@type\":\"Person\",\"@id\":\"https:\\\/\\\/www.krafthand.de\\\/truck\\\/#\\\/schema\\\/person\\\/51fa80b1c57034c4bf63f9f988fc24ce\",\"name\":\"georg.blenk@krafthand-medien.de\",\"image\":{\"@type\":\"ImageObject\",\"inLanguage\":\"de\",\"@id\":\"https:\\\/\\\/secure.gravatar.com\\\/avatar\\\/93713c30affe0aa95d3a4130e499bb1abee2eb31adbdd9ce2aa1543538490215?s=96&d=mm&r=g\",\"url\":\"https:\\\/\\\/secure.gravatar.com\\\/avatar\\\/93713c30affe0aa95d3a4130e499bb1abee2eb31adbdd9ce2aa1543538490215?s=96&d=mm&r=g\",\"contentUrl\":\"https:\\\/\\\/secure.gravatar.com\\\/avatar\\\/93713c30affe0aa95d3a4130e499bb1abee2eb31adbdd9ce2aa1543538490215?s=96&d=mm&r=g\",\"caption\":\"georg.blenk@krafthand-medien.de\"}}]}<\/script>\n<!-- \/ Yoast SEO plugin. -->","yoast_head_json":{"title":"Neue Navigationsger\u00e4te f\u00fcr Berufskraftfahrer - Krafthand-Truck","robots":{"index":"index","follow":"follow","max-snippet":"max-snippet:-1","max-image-preview":"max-image-preview:large","max-video-preview":"max-video-preview:-1"},"canonical":"https:\/\/www.krafthand.de\/truck\/artikel\/neue-navigationsgeraete-fuer-berufskraftfahrer-28870\/","og_locale":"de_DE","og_type":"article","og_title":"Neue Navigationsger\u00e4te f\u00fcr Berufskraftfahrer - Krafthand-Truck","og_description":"Mit den neuen Lkw-Navigationsger\u00e4ten d\u0113zl LGV700, LGV800 und LGV1000 hat Garmin drei neue Modelle vorgestellt. Berufskraftfahrer sollen von gro\u00dfen Displays, vorinstallierten Europakarten oder einer fahrzeugspezifischen Routenf\u00fchrung profitieren. ... weiter","og_url":"https:\/\/www.krafthand-truck.de\/artikel\/neue-navigationsgeraete-fuer-berufskraftfahrer-28870\/","og_site_name":"Krafthand-Truck","article_published_time":"2021-07-29T08:07:06+00:00","article_modified_time":"2021-11-30T12:45:02+00:00","og_image":[{"width":1200,"height":748,"url":"https:\/\/static.krafthand-truck.de\/uploads\/2021\/07\/Garmin_20200214_Support_AUT_0045_RGB.jpg","type":"image\/jpeg"}],"author":"georg.blenk@krafthand-medien.de","twitter_card":"summary_large_image","twitter_misc":{"Verfasst von":"georg.blenk@krafthand-medien.de","Gesch\u00e4tzte Lesezeit":"2\u00a0Minuten"},"schema":{"@context":"https:\/\/schema.org","@graph":[{"@type":"Article","@id":"https:\/\/www.krafthand.de\/truck\/artikel\/neue-navigationsgeraete-fuer-berufskraftfahrer-28870\/#article","isPartOf":{"@id":"https:\/\/www.krafthand.de\/truck\/artikel\/neue-navigationsgeraete-fuer-berufskraftfahrer-28870\/"},"author":{"name":"georg.blenk@krafthand-medien.de","@id":"https:\/\/www.krafthand.de\/truck\/#\/schema\/person\/51fa80b1c57034c4bf63f9f988fc24ce"},"headline":"Neue Navigationsger\u00e4te f\u00fcr Berufskraftfahrer","datePublished":"2021-07-29T08:07:06+00:00","dateModified":"2021-11-30T12:45:02+00:00","mainEntityOfPage":{"@id":"https:\/\/www.krafthand.de\/truck\/artikel\/neue-navigationsgeraete-fuer-berufskraftfahrer-28870\/"},"wordCount":387,"image":{"@id":"https:\/\/www.krafthand.de\/truck\/artikel\/neue-navigationsgeraete-fuer-berufskraftfahrer-28870\/#primaryimage"},"thumbnailUrl":"https:\/\/static.krafthand-truck.de\/uploads\/2021\/07\/Garmin_20200214_Support_AUT_0045_RGB.jpg","keywords":["d\u0113zl LGV700","Garmin","LGV1000","LGV800","Navigation"],"articleSection":["Telematik \/ Navigation"],"inLanguage":"de"},{"@type":"WebPage","@id":"https:\/\/www.krafthand.de\/truck\/artikel\/neue-navigationsgeraete-fuer-berufskraftfahrer-28870\/","url":"https:\/\/www.krafthand.de\/truck\/artikel\/neue-navigationsgeraete-fuer-berufskraftfahrer-28870\/","name":"Neue Navigationsger\u00e4te f\u00fcr Berufskraftfahrer - Krafthand-Truck","isPartOf":{"@id":"https:\/\/www.krafthand.de\/truck\/#website"},"primaryImageOfPage":{"@id":"https:\/\/www.krafthand.de\/truck\/artikel\/neue-navigationsgeraete-fuer-berufskraftfahrer-28870\/#primaryimage"},"image":{"@id":"https:\/\/www.krafthand.de\/truck\/artikel\/neue-navigationsgeraete-fuer-berufskraftfahrer-28870\/#primaryimage"},"thumbnailUrl":"https:\/\/static.krafthand-truck.de\/uploads\/2021\/07\/Garmin_20200214_Support_AUT_0045_RGB.jpg","datePublished":"2021-07-29T08:07:06+00:00","dateModified":"2021-11-30T12:45:02+00:00","author":{"@id":"https:\/\/www.krafthand.de\/truck\/#\/schema\/person\/51fa80b1c57034c4bf63f9f988fc24ce"},"breadcrumb":{"@id":"https:\/\/www.krafthand.de\/truck\/artikel\/neue-navigationsgeraete-fuer-berufskraftfahrer-28870\/#breadcrumb"},"inLanguage":"de","potentialAction":[{"@type":"ReadAction","target":["https:\/\/www.krafthand.de\/truck\/artikel\/neue-navigationsgeraete-fuer-berufskraftfahrer-28870\/"]}]},{"@type":"ImageObject","inLanguage":"de","@id":"https:\/\/www.krafthand.de\/truck\/artikel\/neue-navigationsgeraete-fuer-berufskraftfahrer-28870\/#primaryimage","url":"https:\/\/static.krafthand-truck.de\/uploads\/2021\/07\/Garmin_20200214_Support_AUT_0045_RGB.jpg","contentUrl":"https:\/\/static.krafthand-truck.de\/uploads\/2021\/07\/Garmin_20200214_Support_AUT_0045_RGB.jpg","width":1200,"height":748},{"@type":"BreadcrumbList","@id":"https:\/\/www.krafthand.de\/truck\/artikel\/neue-navigationsgeraete-fuer-berufskraftfahrer-28870\/#breadcrumb","itemListElement":[{"@type":"ListItem","position":1,"name":"Krafthand-Truck","item":"https:\/\/www.krafthand.de\/truck\/"},{"@type":"ListItem","position":2,"name":"IT+Fuhrpark","item":"https:\/\/www.krafthand.de\/truck\/kategorie\/fuhrpark\/"},{"@type":"ListItem","position":3,"name":"Telematik \/ Navigation","item":"https:\/\/www.krafthand.de\/truck\/kategorie\/fuhrpark\/navigation\/"},{"@type":"ListItem","position":4,"name":"Neue Navigationsger\u00e4te f\u00fcr Berufskraftfahrer"}]},{"@type":"WebSite","@id":"https:\/\/www.krafthand.de\/truck\/#website","url":"https:\/\/www.krafthand.de\/truck\/","name":"Krafthand-Truck","description":"","potentialAction":[{"@type":"SearchAction","target":{"@type":"EntryPoint","urlTemplate":"https:\/\/www.krafthand.de\/truck\/?s={search_term_string}"},"query-input":{"@type":"PropertyValueSpecification","valueRequired":true,"valueName":"search_term_string"}}],"inLanguage":"de"},{"@type":"Person","@id":"https:\/\/www.krafthand.de\/truck\/#\/schema\/person\/51fa80b1c57034c4bf63f9f988fc24ce","name":"georg.blenk@krafthand-medien.de","image":{"@type":"ImageObject","inLanguage":"de","@id":"https:\/\/secure.gravatar.com\/avatar\/93713c30affe0aa95d3a4130e499bb1abee2eb31adbdd9ce2aa1543538490215?s=96&d=mm&r=g","url":"https:\/\/secure.gravatar.com\/avatar\/93713c30affe0aa95d3a4130e499bb1abee2eb31adbdd9ce2aa1543538490215?s=96&d=mm&r=g","contentUrl":"https:\/\/secure.gravatar.com\/avatar\/93713c30affe0aa95d3a4130e499bb1abee2eb31adbdd9ce2aa1543538490215?s=96&d=mm&r=g","caption":"georg.blenk@krafthand-medien.de"}}]}},"_links":{"self":[{"href":"https:\/\/www.krafthand.de\/truck\/wp-json\/wp\/v2\/posts\/28870","targetHints":{"allow":["GET"]}}],"collection":[{"href":"https:\/\/www.krafthand.de\/truck\/wp-json\/wp\/v2\/posts"}],"about":[{"href":"https:\/\/www.krafthand.de\/truck\/wp-json\/wp\/v2\/types\/post"}],"author":[{"embeddable":true,"href":"https:\/\/www.krafthand.de\/truck\/wp-json\/wp\/v2\/users\/9"}],"replies":[{"embeddable":true,"href":"https:\/\/www.krafthand.de\/truck\/wp-json\/wp\/v2\/comments?post=28870"}],"version-history":[{"count":9,"href":"https:\/\/www.krafthand.de\/truck\/wp-json\/wp\/v2\/posts\/28870\/revisions"}],"predecessor-version":[{"id":28881,"href":"https:\/\/www.krafthand.de\/truck\/wp-json\/wp\/v2\/posts\/28870\/revisions\/28881"}],"wp:featuredmedia":[{"embeddable":true,"href":"https:\/\/www.krafthand.de\/truck\/wp-json\/wp\/v2\/media\/28874"}],"wp:attachment":[{"href":"https:\/\/www.krafthand.de\/truck\/wp-json\/wp\/v2\/media?parent=28870"}],"wp:term":[{"taxonomy":"category","embeddable":true,"href":"https:\/\/www.krafthand.de\/truck\/wp-json\/wp\/v2\/categories?post=28870"},{"taxonomy":"post_tag","embeddable":true,"href":"https:\/\/www.krafthand.de\/truck\/wp-json\/wp\/v2\/tags?post=28870"},{"taxonomy":"settings","embeddable":true,"href":"https:\/\/www.krafthand.de\/truck\/wp-json\/wp\/v2\/settings?post=28870"}],"curies":[{"name":"wp","href":"https:\/\/api.w.org\/{rel}","templated":true}]}}