{"id":28854,"date":"2021-07-28T16:54:53","date_gmt":"2021-07-28T14:54:53","guid":{"rendered":"https:\/\/www.krafthand.de\/truck\/?p=28854"},"modified":"2021-07-28T16:54:53","modified_gmt":"2021-07-28T14:54:53","slug":"neuer-satteltieflader-fuer-fahrzeugtransporte","status":"publish","type":"post","link":"https:\/\/www.krafthand.de\/truck\/artikel\/neuer-satteltieflader-fuer-fahrzeugtransporte-28854\/","title":{"rendered":"Neuer Satteltieflader f\u00fcr Fahrzeugtransporte"},"content":{"rendered":"<p>Mit dem SES 210 Spezial \u201aSchatztr\u00e4ger\u2018 hat der Trailer-Spezialist <a href=\"https:\/\/www.fliegl-fahrzeugbau.de\/index.cfm?cid=272\" target=\"_blank\" rel=\"noopener\">Fliegl<\/a> einen neuen Satteltieflader f\u00fcr Fahrzeugtransporte vorgestellt. Der H\u00e4nger eignet sich laut Fliegl optimal f\u00fcr die Pannenhilfe oder f\u00fcr \u00dcberf\u00fchrungs- oder Auslieferungsfahrten, unabh\u00e4ngig davon ob es sich um Zugmaschinen, Landmaschinen, Wohnmobile oder Oldtimer handelt.<br \/>\nObwohl der H\u00e4nger mit nur einer Achse auskommt, kann er eine Ladung von bis zu 14 Tonnen aufnehmen. Die Seilwinde hat eine Zugkraft von 5,5 Tonnen und ist am Hals des Satteltiefladers angebracht. Bei Bedarf l\u00e4sst sich die Zugkraft durch Umlenkung noch erh\u00f6hen. Der weit ausgeschnittene Rahmenhals erm\u00f6glicht laut Fliegl auch mit 3-achsigen Zugmaschinen ein unkompliziertes rangieren. Der rutschfeste, integrierte Aufstieg sorgt f\u00fcr ungehinderte Erreichbarkeit von Seilwinde, Staukasten und Plattform. Fliegl liefert zus\u00e4tzlich eine gro\u00dfe Auswahl an Zubeh\u00f6r und Anbauteilen um den \u201aSES 210 Spezial\u2018 dem jeweiligen Einsatzzweck anzupassen.<\/p>\n<p><i>Den Beitrag finden Sie auch in der Print-Ausgabe 3\/2021 der <a href=\"https:\/\/www.krafthand.de\/truck\/magazin\/\" title=\"Zum Magazin\">Krafthand-Truck<\/a>.<\/i><\/p>","protected":false},"excerpt":{"rendered":"<p>Mit dem SES 210 Spezial \u201aSchatztr\u00e4ger\u2018 hat der Trailer-Spezialist Fliegl einen neuen Satteltieflader f\u00fcr Fahrzeugtransporte vorgestellt. Der H\u00e4nger eignet sich laut Fliegl optimal f\u00fcr die Pannenhilfe oder f\u00fcr \u00dcberf\u00fchrungs- oder Auslieferungsfahrten, unabh\u00e4ngig davon ob es sich um Zugmaschinen, Landmaschinen, Wohnmobile oder Oldtimer handelt. Obwohl der H\u00e4nger mit nur einer Achse auskommt, kann er eine Ladung <span class=\"excerpt-more__dots\">&#8230;<\/span> <a class=\"excerpt-more__link\" href=\"https:\/\/www.krafthand.de\/truck\/artikel\/neuer-satteltieflader-fuer-fahrzeugtransporte-28854\/\" >weiter<\/a><\/p>\n","protected":false},"author":9,"featured_media":28856,"comment_status":"closed","ping_status":"closed","sticky":false,"template":"","format":"standard","meta":{"footnotes":""},"categories":[4235],"tags":[1690,4643,4644,4645],"settings":[3523],"class_list":["post-28854","post","type-post","status-publish","format-standard","has-post-thumbnail","hentry","category-unternehmen","tag-fliegl","tag-satteltieflader","tag-schatztraeger","tag-ses-210-spezial"],"yoast_head":"<!-- This site is optimized with the Yoast SEO plugin v27.3 - https:\/\/yoast.com\/product\/yoast-seo-wordpress\/ -->\n<title>Neuer Satteltieflader f\u00fcr Fahrzeugtransporte - Krafthand-Truck<\/title>\n<meta name=\"robots\" content=\"index, follow, max-snippet:-1, max-image-preview:large, max-video-preview:-1\" \/>\n<link rel=\"canonical\" href=\"https:\/\/www.krafthand.de\/truck\/artikel\/neuer-satteltieflader-fuer-fahrzeugtransporte-28854\/\" \/>\n<meta property=\"og:locale\" content=\"de_DE\" \/>\n<meta property=\"og:type\" content=\"article\" \/>\n<meta property=\"og:title\" content=\"Neuer Satteltieflader f\u00fcr Fahrzeugtransporte - Krafthand-Truck\" \/>\n<meta property=\"og:description\" content=\"Mit dem SES 210 Spezial \u201aSchatztr\u00e4ger\u2018 hat der Trailer-Spezialist Fliegl einen neuen Satteltieflader f\u00fcr Fahrzeugtransporte vorgestellt. Der H\u00e4nger eignet sich laut Fliegl optimal f\u00fcr die Pannenhilfe oder f\u00fcr \u00dcberf\u00fchrungs- oder Auslieferungsfahrten, unabh\u00e4ngig davon ob es sich um Zugmaschinen, Landmaschinen, Wohnmobile oder Oldtimer handelt. Obwohl der H\u00e4nger mit nur einer Achse auskommt, kann er eine Ladung ... weiter\" \/>\n<meta property=\"og:url\" content=\"https:\/\/www.krafthand-truck.de\/artikel\/neuer-satteltieflader-fuer-fahrzeugtransporte-28854\/\" \/>\n<meta property=\"og:site_name\" content=\"Krafthand-Truck\" \/>\n<meta property=\"article:published_time\" content=\"2021-07-28T14:54:53+00:00\" \/>\n<meta property=\"og:image\" content=\"https:\/\/www.krafthand.de\/truck\/wp-content\/uploads\/2021\/07\/Fliegl_Satteltieflader.jpg\" \/>\n\t<meta property=\"og:image:width\" content=\"1200\" \/>\n\t<meta property=\"og:image:height\" content=\"600\" \/>\n\t<meta property=\"og:image:type\" content=\"image\/jpeg\" \/>\n<meta name=\"author\" content=\"georg.blenk@krafthand-medien.de\" \/>\n<meta name=\"twitter:card\" content=\"summary_large_image\" \/>\n<meta name=\"twitter:label1\" content=\"Verfasst von\" \/>\n\t<meta name=\"twitter:data1\" content=\"georg.blenk@krafthand-medien.de\" \/>\n\t<meta name=\"twitter:label2\" content=\"Gesch\u00e4tzte Lesezeit\" \/>\n\t<meta name=\"twitter:data2\" content=\"1\u00a0Minute\" \/>\n<script type=\"application\/ld+json\" class=\"yoast-schema-graph\">{\"@context\":\"https:\\\/\\\/schema.org\",\"@graph\":[{\"@type\":\"Article\",\"@id\":\"https:\\\/\\\/www.krafthand.de\\\/truck\\\/artikel\\\/neuer-satteltieflader-fuer-fahrzeugtransporte-28854\\\/#article\",\"isPartOf\":{\"@id\":\"https:\\\/\\\/www.krafthand.de\\\/truck\\\/artikel\\\/neuer-satteltieflader-fuer-fahrzeugtransporte-28854\\\/\"},\"author\":{\"name\":\"georg.blenk@krafthand-medien.de\",\"@id\":\"https:\\\/\\\/www.krafthand.de\\\/truck\\\/#\\\/schema\\\/person\\\/51fa80b1c57034c4bf63f9f988fc24ce\"},\"headline\":\"Neuer Satteltieflader f\u00fcr Fahrzeugtransporte\",\"datePublished\":\"2021-07-28T14:54:53+00:00\",\"mainEntityOfPage\":{\"@id\":\"https:\\\/\\\/www.krafthand.de\\\/truck\\\/artikel\\\/neuer-satteltieflader-fuer-fahrzeugtransporte-28854\\\/\"},\"wordCount\":148,\"image\":{\"@id\":\"https:\\\/\\\/www.krafthand.de\\\/truck\\\/artikel\\\/neuer-satteltieflader-fuer-fahrzeugtransporte-28854\\\/#primaryimage\"},\"thumbnailUrl\":\"https:\\\/\\\/static.krafthand-truck.de\\\/uploads\\\/2021\\\/07\\\/Fliegl_Satteltieflader.jpg\",\"keywords\":[\"Fliegl\",\"Satteltieflader\",\"Schatztr\u00e4ger\",\"SES 210 Spezial\"],\"articleSection\":[\"Unternehmen\"],\"inLanguage\":\"de\"},{\"@type\":\"WebPage\",\"@id\":\"https:\\\/\\\/www.krafthand.de\\\/truck\\\/artikel\\\/neuer-satteltieflader-fuer-fahrzeugtransporte-28854\\\/\",\"url\":\"https:\\\/\\\/www.krafthand.de\\\/truck\\\/artikel\\\/neuer-satteltieflader-fuer-fahrzeugtransporte-28854\\\/\",\"name\":\"Neuer Satteltieflader f\u00fcr Fahrzeugtransporte - Krafthand-Truck\",\"isPartOf\":{\"@id\":\"https:\\\/\\\/www.krafthand.de\\\/truck\\\/#website\"},\"primaryImageOfPage\":{\"@id\":\"https:\\\/\\\/www.krafthand.de\\\/truck\\\/artikel\\\/neuer-satteltieflader-fuer-fahrzeugtransporte-28854\\\/#primaryimage\"},\"image\":{\"@id\":\"https:\\\/\\\/www.krafthand.de\\\/truck\\\/artikel\\\/neuer-satteltieflader-fuer-fahrzeugtransporte-28854\\\/#primaryimage\"},\"thumbnailUrl\":\"https:\\\/\\\/static.krafthand-truck.de\\\/uploads\\\/2021\\\/07\\\/Fliegl_Satteltieflader.jpg\",\"datePublished\":\"2021-07-28T14:54:53+00:00\",\"author\":{\"@id\":\"https:\\\/\\\/www.krafthand.de\\\/truck\\\/#\\\/schema\\\/person\\\/51fa80b1c57034c4bf63f9f988fc24ce\"},\"breadcrumb\":{\"@id\":\"https:\\\/\\\/www.krafthand.de\\\/truck\\\/artikel\\\/neuer-satteltieflader-fuer-fahrzeugtransporte-28854\\\/#breadcrumb\"},\"inLanguage\":\"de\",\"potentialAction\":[{\"@type\":\"ReadAction\",\"target\":[\"https:\\\/\\\/www.krafthand.de\\\/truck\\\/artikel\\\/neuer-satteltieflader-fuer-fahrzeugtransporte-28854\\\/\"]}]},{\"@type\":\"ImageObject\",\"inLanguage\":\"de\",\"@id\":\"https:\\\/\\\/www.krafthand.de\\\/truck\\\/artikel\\\/neuer-satteltieflader-fuer-fahrzeugtransporte-28854\\\/#primaryimage\",\"url\":\"https:\\\/\\\/static.krafthand-truck.de\\\/uploads\\\/2021\\\/07\\\/Fliegl_Satteltieflader.jpg\",\"contentUrl\":\"https:\\\/\\\/static.krafthand-truck.de\\\/uploads\\\/2021\\\/07\\\/Fliegl_Satteltieflader.jpg\",\"width\":1200,\"height\":600},{\"@type\":\"BreadcrumbList\",\"@id\":\"https:\\\/\\\/www.krafthand.de\\\/truck\\\/artikel\\\/neuer-satteltieflader-fuer-fahrzeugtransporte-28854\\\/#breadcrumb\",\"itemListElement\":[{\"@type\":\"ListItem\",\"position\":1,\"name\":\"Krafthand-Truck\",\"item\":\"https:\\\/\\\/www.krafthand.de\\\/truck\\\/\"},{\"@type\":\"ListItem\",\"position\":2,\"name\":\"Nfz-Branche\",\"item\":\"https:\\\/\\\/www.krafthand.de\\\/truck\\\/kategorie\\\/branche\\\/\"},{\"@type\":\"ListItem\",\"position\":3,\"name\":\"Unternehmen\",\"item\":\"https:\\\/\\\/www.krafthand.de\\\/truck\\\/kategorie\\\/branche\\\/unternehmen\\\/\"},{\"@type\":\"ListItem\",\"position\":4,\"name\":\"Neuer Satteltieflader f\u00fcr Fahrzeugtransporte\"}]},{\"@type\":\"WebSite\",\"@id\":\"https:\\\/\\\/www.krafthand.de\\\/truck\\\/#website\",\"url\":\"https:\\\/\\\/www.krafthand.de\\\/truck\\\/\",\"name\":\"Krafthand-Truck\",\"description\":\"\",\"potentialAction\":[{\"@type\":\"SearchAction\",\"target\":{\"@type\":\"EntryPoint\",\"urlTemplate\":\"https:\\\/\\\/www.krafthand.de\\\/truck\\\/?s={search_term_string}\"},\"query-input\":{\"@type\":\"PropertyValueSpecification\",\"valueRequired\":true,\"valueName\":\"search_term_string\"}}],\"inLanguage\":\"de\"},{\"@type\":\"Person\",\"@id\":\"https:\\\/\\\/www.krafthand.de\\\/truck\\\/#\\\/schema\\\/person\\\/51fa80b1c57034c4bf63f9f988fc24ce\",\"name\":\"georg.blenk@krafthand-medien.de\",\"image\":{\"@type\":\"ImageObject\",\"inLanguage\":\"de\",\"@id\":\"https:\\\/\\\/secure.gravatar.com\\\/avatar\\\/93713c30affe0aa95d3a4130e499bb1abee2eb31adbdd9ce2aa1543538490215?s=96&d=mm&r=g\",\"url\":\"https:\\\/\\\/secure.gravatar.com\\\/avatar\\\/93713c30affe0aa95d3a4130e499bb1abee2eb31adbdd9ce2aa1543538490215?s=96&d=mm&r=g\",\"contentUrl\":\"https:\\\/\\\/secure.gravatar.com\\\/avatar\\\/93713c30affe0aa95d3a4130e499bb1abee2eb31adbdd9ce2aa1543538490215?s=96&d=mm&r=g\",\"caption\":\"georg.blenk@krafthand-medien.de\"}}]}<\/script>\n<!-- \/ Yoast SEO plugin. -->","yoast_head_json":{"title":"Neuer Satteltieflader f\u00fcr Fahrzeugtransporte - Krafthand-Truck","robots":{"index":"index","follow":"follow","max-snippet":"max-snippet:-1","max-image-preview":"max-image-preview:large","max-video-preview":"max-video-preview:-1"},"canonical":"https:\/\/www.krafthand.de\/truck\/artikel\/neuer-satteltieflader-fuer-fahrzeugtransporte-28854\/","og_locale":"de_DE","og_type":"article","og_title":"Neuer Satteltieflader f\u00fcr Fahrzeugtransporte - Krafthand-Truck","og_description":"Mit dem SES 210 Spezial \u201aSchatztr\u00e4ger\u2018 hat der Trailer-Spezialist Fliegl einen neuen Satteltieflader f\u00fcr Fahrzeugtransporte vorgestellt. Der H\u00e4nger eignet sich laut Fliegl optimal f\u00fcr die Pannenhilfe oder f\u00fcr \u00dcberf\u00fchrungs- oder Auslieferungsfahrten, unabh\u00e4ngig davon ob es sich um Zugmaschinen, Landmaschinen, Wohnmobile oder Oldtimer handelt. Obwohl der H\u00e4nger mit nur einer Achse auskommt, kann er eine Ladung ... weiter","og_url":"https:\/\/www.krafthand-truck.de\/artikel\/neuer-satteltieflader-fuer-fahrzeugtransporte-28854\/","og_site_name":"Krafthand-Truck","article_published_time":"2021-07-28T14:54:53+00:00","og_image":[{"width":1200,"height":600,"url":"https:\/\/www.krafthand.de\/truck\/wp-content\/uploads\/2021\/07\/Fliegl_Satteltieflader.jpg","type":"image\/jpeg"}],"author":"georg.blenk@krafthand-medien.de","twitter_card":"summary_large_image","twitter_misc":{"Verfasst von":"georg.blenk@krafthand-medien.de","Gesch\u00e4tzte Lesezeit":"1\u00a0Minute"},"schema":{"@context":"https:\/\/schema.org","@graph":[{"@type":"Article","@id":"https:\/\/www.krafthand.de\/truck\/artikel\/neuer-satteltieflader-fuer-fahrzeugtransporte-28854\/#article","isPartOf":{"@id":"https:\/\/www.krafthand.de\/truck\/artikel\/neuer-satteltieflader-fuer-fahrzeugtransporte-28854\/"},"author":{"name":"georg.blenk@krafthand-medien.de","@id":"https:\/\/www.krafthand.de\/truck\/#\/schema\/person\/51fa80b1c57034c4bf63f9f988fc24ce"},"headline":"Neuer Satteltieflader f\u00fcr Fahrzeugtransporte","datePublished":"2021-07-28T14:54:53+00:00","mainEntityOfPage":{"@id":"https:\/\/www.krafthand.de\/truck\/artikel\/neuer-satteltieflader-fuer-fahrzeugtransporte-28854\/"},"wordCount":148,"image":{"@id":"https:\/\/www.krafthand.de\/truck\/artikel\/neuer-satteltieflader-fuer-fahrzeugtransporte-28854\/#primaryimage"},"thumbnailUrl":"https:\/\/static.krafthand-truck.de\/uploads\/2021\/07\/Fliegl_Satteltieflader.jpg","keywords":["Fliegl","Satteltieflader","Schatztr\u00e4ger","SES 210 Spezial"],"articleSection":["Unternehmen"],"inLanguage":"de"},{"@type":"WebPage","@id":"https:\/\/www.krafthand.de\/truck\/artikel\/neuer-satteltieflader-fuer-fahrzeugtransporte-28854\/","url":"https:\/\/www.krafthand.de\/truck\/artikel\/neuer-satteltieflader-fuer-fahrzeugtransporte-28854\/","name":"Neuer Satteltieflader f\u00fcr Fahrzeugtransporte - Krafthand-Truck","isPartOf":{"@id":"https:\/\/www.krafthand.de\/truck\/#website"},"primaryImageOfPage":{"@id":"https:\/\/www.krafthand.de\/truck\/artikel\/neuer-satteltieflader-fuer-fahrzeugtransporte-28854\/#primaryimage"},"image":{"@id":"https:\/\/www.krafthand.de\/truck\/artikel\/neuer-satteltieflader-fuer-fahrzeugtransporte-28854\/#primaryimage"},"thumbnailUrl":"https:\/\/static.krafthand-truck.de\/uploads\/2021\/07\/Fliegl_Satteltieflader.jpg","datePublished":"2021-07-28T14:54:53+00:00","author":{"@id":"https:\/\/www.krafthand.de\/truck\/#\/schema\/person\/51fa80b1c57034c4bf63f9f988fc24ce"},"breadcrumb":{"@id":"https:\/\/www.krafthand.de\/truck\/artikel\/neuer-satteltieflader-fuer-fahrzeugtransporte-28854\/#breadcrumb"},"inLanguage":"de","potentialAction":[{"@type":"ReadAction","target":["https:\/\/www.krafthand.de\/truck\/artikel\/neuer-satteltieflader-fuer-fahrzeugtransporte-28854\/"]}]},{"@type":"ImageObject","inLanguage":"de","@id":"https:\/\/www.krafthand.de\/truck\/artikel\/neuer-satteltieflader-fuer-fahrzeugtransporte-28854\/#primaryimage","url":"https:\/\/static.krafthand-truck.de\/uploads\/2021\/07\/Fliegl_Satteltieflader.jpg","contentUrl":"https:\/\/static.krafthand-truck.de\/uploads\/2021\/07\/Fliegl_Satteltieflader.jpg","width":1200,"height":600},{"@type":"BreadcrumbList","@id":"https:\/\/www.krafthand.de\/truck\/artikel\/neuer-satteltieflader-fuer-fahrzeugtransporte-28854\/#breadcrumb","itemListElement":[{"@type":"ListItem","position":1,"name":"Krafthand-Truck","item":"https:\/\/www.krafthand.de\/truck\/"},{"@type":"ListItem","position":2,"name":"Nfz-Branche","item":"https:\/\/www.krafthand.de\/truck\/kategorie\/branche\/"},{"@type":"ListItem","position":3,"name":"Unternehmen","item":"https:\/\/www.krafthand.de\/truck\/kategorie\/branche\/unternehmen\/"},{"@type":"ListItem","position":4,"name":"Neuer Satteltieflader f\u00fcr Fahrzeugtransporte"}]},{"@type":"WebSite","@id":"https:\/\/www.krafthand.de\/truck\/#website","url":"https:\/\/www.krafthand.de\/truck\/","name":"Krafthand-Truck","description":"","potentialAction":[{"@type":"SearchAction","target":{"@type":"EntryPoint","urlTemplate":"https:\/\/www.krafthand.de\/truck\/?s={search_term_string}"},"query-input":{"@type":"PropertyValueSpecification","valueRequired":true,"valueName":"search_term_string"}}],"inLanguage":"de"},{"@type":"Person","@id":"https:\/\/www.krafthand.de\/truck\/#\/schema\/person\/51fa80b1c57034c4bf63f9f988fc24ce","name":"georg.blenk@krafthand-medien.de","image":{"@type":"ImageObject","inLanguage":"de","@id":"https:\/\/secure.gravatar.com\/avatar\/93713c30affe0aa95d3a4130e499bb1abee2eb31adbdd9ce2aa1543538490215?s=96&d=mm&r=g","url":"https:\/\/secure.gravatar.com\/avatar\/93713c30affe0aa95d3a4130e499bb1abee2eb31adbdd9ce2aa1543538490215?s=96&d=mm&r=g","contentUrl":"https:\/\/secure.gravatar.com\/avatar\/93713c30affe0aa95d3a4130e499bb1abee2eb31adbdd9ce2aa1543538490215?s=96&d=mm&r=g","caption":"georg.blenk@krafthand-medien.de"}}]}},"_links":{"self":[{"href":"https:\/\/www.krafthand.de\/truck\/wp-json\/wp\/v2\/posts\/28854","targetHints":{"allow":["GET"]}}],"collection":[{"href":"https:\/\/www.krafthand.de\/truck\/wp-json\/wp\/v2\/posts"}],"about":[{"href":"https:\/\/www.krafthand.de\/truck\/wp-json\/wp\/v2\/types\/post"}],"author":[{"embeddable":true,"href":"https:\/\/www.krafthand.de\/truck\/wp-json\/wp\/v2\/users\/9"}],"replies":[{"embeddable":true,"href":"https:\/\/www.krafthand.de\/truck\/wp-json\/wp\/v2\/comments?post=28854"}],"version-history":[{"count":2,"href":"https:\/\/www.krafthand.de\/truck\/wp-json\/wp\/v2\/posts\/28854\/revisions"}],"predecessor-version":[{"id":28857,"href":"https:\/\/www.krafthand.de\/truck\/wp-json\/wp\/v2\/posts\/28854\/revisions\/28857"}],"wp:featuredmedia":[{"embeddable":true,"href":"https:\/\/www.krafthand.de\/truck\/wp-json\/wp\/v2\/media\/28856"}],"wp:attachment":[{"href":"https:\/\/www.krafthand.de\/truck\/wp-json\/wp\/v2\/media?parent=28854"}],"wp:term":[{"taxonomy":"category","embeddable":true,"href":"https:\/\/www.krafthand.de\/truck\/wp-json\/wp\/v2\/categories?post=28854"},{"taxonomy":"post_tag","embeddable":true,"href":"https:\/\/www.krafthand.de\/truck\/wp-json\/wp\/v2\/tags?post=28854"},{"taxonomy":"settings","embeddable":true,"href":"https:\/\/www.krafthand.de\/truck\/wp-json\/wp\/v2\/settings?post=28854"}],"curies":[{"name":"wp","href":"https:\/\/api.w.org\/{rel}","templated":true}]}}