{"id":28850,"date":"2021-07-27T16:07:09","date_gmt":"2021-07-27T14:07:09","guid":{"rendered":"https:\/\/www.krafthand.de\/truck\/?p=28850"},"modified":"2021-07-27T16:07:09","modified_gmt":"2021-07-27T14:07:09","slug":"werkstattwagen-mit-system","status":"publish","type":"post","link":"https:\/\/www.krafthand.de\/truck\/artikel\/werkstattwagen-mit-system-28850\/","title":{"rendered":"Werkstattwagen mit System"},"content":{"rendered":"<p>W\u00fcrth hat mit dem neuen Werkstattwagen Pro 8.4 eine Systeml\u00f6sung f\u00fcr den Werkstatt-Profi vorgestellt. Die wesentlichen Merkmale des neuen Wagens sind laut W\u00fcrth die hochwertige Verarbeitungsqualit\u00e4t, das Design, vielf\u00e4ltigste Ausstattungsm\u00f6glichkeiten sowie ein dreistufiges Verriegelungskonzept.<br \/>\nVon Systemwagen spricht W\u00fcrth, da der Werkstattwagen mit den Abmessungen genau auf das Rasterma\u00df des hauseigenen ORSY-Sortiments abgestimmt ist und daher mit unterschiedlichsten Werkzeugen, Maschinen oder Kleinteilboxen best\u00fcckt werden kann.<\/p>\n<h3>Gesamtgewicht bis zu 250 kg<\/h3>\n<p>Der Kunde hat die Auswahl zwischen sechs, sieben oder acht Schubladen, die je eine Belastbarkeit von 30 Kilogramm aufweisen. Zudem l\u00e4sst sich der Wagen laut <a href=\"https:\/\/www.wuerth.de\/\" target=\"_blank\" rel=\"noopener\">W\u00fcrth<\/a> mit Hilfe der ergonomisch geformten und f\u00fcr eine optimierte Kraft\u00fcbertragung individuell einstellbaren Griffh\u00f6rnchen sowie den beiden Lenkrollen, auch voll beladen ohne gro\u00dfe Anstrengungen man\u00f6vrieren.<\/p>\n<p>Um auch bei ungleichm\u00e4\u00dfig verteilter Beladung eine hohe Stand- und Kippsicherheit zu gew\u00e4hrleisten, sorgt das verbaute Verriegelungskonzept daf\u00fcr, dass sich stets nur eine Schublade \u00f6ffnen l\u00e4sst. Die ebenfalls integrierte Zentralverriegelung mit Zylinderschloss stellt sicher, dass bei Abwesenheit alle eingelagerten Gegenst\u00e4nde vor unbefugtem Zugriff gesch\u00fctzt sind. Last but not least erlauben au\u00dfen am Wagen montierte Lochbleche das Anbringen von weiterem Zubeh\u00f6r, wie Werkzeughalter, Kabel, Dosen, Klemmbretter oder sogar Laptops.<\/p>\n<p><i>Den Beitrag finden Sie auch in der Print-Ausgabe 3\/2021 der <a href=\"https:\/\/www.krafthand.de\/truck\/magazin\/\" title=\"Zum Magazin\">Krafthand-Truck<\/a>.<\/i><\/p>","protected":false},"excerpt":{"rendered":"<p>W\u00fcrth hat mit dem neuen Werkstattwagen Pro 8.4 eine Systeml\u00f6sung f\u00fcr den Werkstatt-Profi vorgestellt. Die wesentlichen Merkmale des neuen Wagens sind laut W\u00fcrth die hochwertige Verarbeitungsqualit\u00e4t, das Design, vielf\u00e4ltigste Ausstattungsm\u00f6glichkeiten sowie ein dreistufiges Verriegelungskonzept. <span class=\"excerpt-more__dots\">&#8230;<\/span> <a class=\"excerpt-more__link\" href=\"https:\/\/www.krafthand.de\/truck\/artikel\/werkstattwagen-mit-system-28850\/\" >weiter<\/a><\/p>\n","protected":false},"author":9,"featured_media":28851,"comment_status":"closed","ping_status":"closed","sticky":false,"template":"","format":"standard","meta":{"footnotes":""},"categories":[4220,4221],"tags":[4642,4503,322],"settings":[3523],"class_list":["post-28850","post","type-post","status-publish","format-standard","has-post-thumbnail","hentry","category-werkstattausruestung","category-werkzeuge","tag-orsy","tag-werkstattwagen","tag-wuerth"],"yoast_head":"<!-- This site is optimized with the Yoast SEO plugin v27.3 - https:\/\/yoast.com\/product\/yoast-seo-wordpress\/ -->\n<title>Werkstattwagen mit System - Krafthand-Truck<\/title>\n<meta name=\"robots\" content=\"index, follow, max-snippet:-1, max-image-preview:large, max-video-preview:-1\" \/>\n<link rel=\"canonical\" href=\"https:\/\/www.krafthand.de\/truck\/artikel\/werkstattwagen-mit-system-28850\/\" \/>\n<meta property=\"og:locale\" content=\"de_DE\" \/>\n<meta property=\"og:type\" content=\"article\" \/>\n<meta property=\"og:title\" content=\"Werkstattwagen mit System - Krafthand-Truck\" \/>\n<meta property=\"og:description\" content=\"W\u00fcrth hat mit dem neuen Werkstattwagen Pro 8.4 eine Systeml\u00f6sung f\u00fcr den Werkstatt-Profi vorgestellt. Die wesentlichen Merkmale des neuen Wagens sind laut W\u00fcrth die hochwertige Verarbeitungsqualit\u00e4t, das Design, vielf\u00e4ltigste Ausstattungsm\u00f6glichkeiten sowie ein dreistufiges Verriegelungskonzept. ... weiter\" \/>\n<meta property=\"og:url\" content=\"https:\/\/www.krafthand-truck.de\/artikel\/werkstattwagen-mit-system-28850\/\" \/>\n<meta property=\"og:site_name\" content=\"Krafthand-Truck\" \/>\n<meta property=\"article:published_time\" content=\"2021-07-27T14:07:09+00:00\" \/>\n<meta property=\"og:image\" content=\"https:\/\/www.krafthand.de\/truck\/wp-content\/uploads\/2021\/07\/Wuerth_Werkstattwagen_8_4_ORSY_Krafthand_Truck.jpg\" \/>\n\t<meta property=\"og:image:width\" content=\"1200\" \/>\n\t<meta property=\"og:image:height\" content=\"840\" \/>\n\t<meta property=\"og:image:type\" content=\"image\/jpeg\" \/>\n<meta name=\"author\" content=\"georg.blenk@krafthand-medien.de\" \/>\n<meta name=\"twitter:card\" content=\"summary_large_image\" \/>\n<meta name=\"twitter:label1\" content=\"Verfasst von\" \/>\n\t<meta name=\"twitter:data1\" content=\"georg.blenk@krafthand-medien.de\" \/>\n\t<meta name=\"twitter:label2\" content=\"Gesch\u00e4tzte Lesezeit\" \/>\n\t<meta name=\"twitter:data2\" content=\"1\u00a0Minute\" \/>\n<script type=\"application\/ld+json\" class=\"yoast-schema-graph\">{\"@context\":\"https:\\\/\\\/schema.org\",\"@graph\":[{\"@type\":\"Article\",\"@id\":\"https:\\\/\\\/www.krafthand.de\\\/truck\\\/artikel\\\/werkstattwagen-mit-system-28850\\\/#article\",\"isPartOf\":{\"@id\":\"https:\\\/\\\/www.krafthand.de\\\/truck\\\/artikel\\\/werkstattwagen-mit-system-28850\\\/\"},\"author\":{\"name\":\"georg.blenk@krafthand-medien.de\",\"@id\":\"https:\\\/\\\/www.krafthand.de\\\/truck\\\/#\\\/schema\\\/person\\\/51fa80b1c57034c4bf63f9f988fc24ce\"},\"headline\":\"Werkstattwagen mit System\",\"datePublished\":\"2021-07-27T14:07:09+00:00\",\"mainEntityOfPage\":{\"@id\":\"https:\\\/\\\/www.krafthand.de\\\/truck\\\/artikel\\\/werkstattwagen-mit-system-28850\\\/\"},\"wordCount\":211,\"image\":{\"@id\":\"https:\\\/\\\/www.krafthand.de\\\/truck\\\/artikel\\\/werkstattwagen-mit-system-28850\\\/#primaryimage\"},\"thumbnailUrl\":\"https:\\\/\\\/static.krafthand-truck.de\\\/uploads\\\/2021\\\/07\\\/Wuerth_Werkstattwagen_8_4_ORSY_Krafthand_Truck.jpg\",\"keywords\":[\"Orsy\",\"Werkstattwagen\",\"W\u00fcrth\"],\"articleSection\":[\"Werkstattausr\u00fcstung\",\"Werkzeuge\\\/Tools\"],\"inLanguage\":\"de\"},{\"@type\":\"WebPage\",\"@id\":\"https:\\\/\\\/www.krafthand.de\\\/truck\\\/artikel\\\/werkstattwagen-mit-system-28850\\\/\",\"url\":\"https:\\\/\\\/www.krafthand.de\\\/truck\\\/artikel\\\/werkstattwagen-mit-system-28850\\\/\",\"name\":\"Werkstattwagen mit System - Krafthand-Truck\",\"isPartOf\":{\"@id\":\"https:\\\/\\\/www.krafthand.de\\\/truck\\\/#website\"},\"primaryImageOfPage\":{\"@id\":\"https:\\\/\\\/www.krafthand.de\\\/truck\\\/artikel\\\/werkstattwagen-mit-system-28850\\\/#primaryimage\"},\"image\":{\"@id\":\"https:\\\/\\\/www.krafthand.de\\\/truck\\\/artikel\\\/werkstattwagen-mit-system-28850\\\/#primaryimage\"},\"thumbnailUrl\":\"https:\\\/\\\/static.krafthand-truck.de\\\/uploads\\\/2021\\\/07\\\/Wuerth_Werkstattwagen_8_4_ORSY_Krafthand_Truck.jpg\",\"datePublished\":\"2021-07-27T14:07:09+00:00\",\"author\":{\"@id\":\"https:\\\/\\\/www.krafthand.de\\\/truck\\\/#\\\/schema\\\/person\\\/51fa80b1c57034c4bf63f9f988fc24ce\"},\"breadcrumb\":{\"@id\":\"https:\\\/\\\/www.krafthand.de\\\/truck\\\/artikel\\\/werkstattwagen-mit-system-28850\\\/#breadcrumb\"},\"inLanguage\":\"de\",\"potentialAction\":[{\"@type\":\"ReadAction\",\"target\":[\"https:\\\/\\\/www.krafthand.de\\\/truck\\\/artikel\\\/werkstattwagen-mit-system-28850\\\/\"]}]},{\"@type\":\"ImageObject\",\"inLanguage\":\"de\",\"@id\":\"https:\\\/\\\/www.krafthand.de\\\/truck\\\/artikel\\\/werkstattwagen-mit-system-28850\\\/#primaryimage\",\"url\":\"https:\\\/\\\/static.krafthand-truck.de\\\/uploads\\\/2021\\\/07\\\/Wuerth_Werkstattwagen_8_4_ORSY_Krafthand_Truck.jpg\",\"contentUrl\":\"https:\\\/\\\/static.krafthand-truck.de\\\/uploads\\\/2021\\\/07\\\/Wuerth_Werkstattwagen_8_4_ORSY_Krafthand_Truck.jpg\",\"width\":1200,\"height\":840},{\"@type\":\"BreadcrumbList\",\"@id\":\"https:\\\/\\\/www.krafthand.de\\\/truck\\\/artikel\\\/werkstattwagen-mit-system-28850\\\/#breadcrumb\",\"itemListElement\":[{\"@type\":\"ListItem\",\"position\":1,\"name\":\"Krafthand-Truck\",\"item\":\"https:\\\/\\\/www.krafthand.de\\\/truck\\\/\"},{\"@type\":\"ListItem\",\"position\":2,\"name\":\"Nfz-Service\",\"item\":\"https:\\\/\\\/www.krafthand.de\\\/truck\\\/kategorie\\\/nfz-service\\\/\"},{\"@type\":\"ListItem\",\"position\":3,\"name\":\"Werkzeuge\\\/Tools\",\"item\":\"https:\\\/\\\/www.krafthand.de\\\/truck\\\/kategorie\\\/nfz-service\\\/werkzeuge\\\/\"},{\"@type\":\"ListItem\",\"position\":4,\"name\":\"Werkstattwagen mit System\"}]},{\"@type\":\"WebSite\",\"@id\":\"https:\\\/\\\/www.krafthand.de\\\/truck\\\/#website\",\"url\":\"https:\\\/\\\/www.krafthand.de\\\/truck\\\/\",\"name\":\"Krafthand-Truck\",\"description\":\"\",\"potentialAction\":[{\"@type\":\"SearchAction\",\"target\":{\"@type\":\"EntryPoint\",\"urlTemplate\":\"https:\\\/\\\/www.krafthand.de\\\/truck\\\/?s={search_term_string}\"},\"query-input\":{\"@type\":\"PropertyValueSpecification\",\"valueRequired\":true,\"valueName\":\"search_term_string\"}}],\"inLanguage\":\"de\"},{\"@type\":\"Person\",\"@id\":\"https:\\\/\\\/www.krafthand.de\\\/truck\\\/#\\\/schema\\\/person\\\/51fa80b1c57034c4bf63f9f988fc24ce\",\"name\":\"georg.blenk@krafthand-medien.de\",\"image\":{\"@type\":\"ImageObject\",\"inLanguage\":\"de\",\"@id\":\"https:\\\/\\\/secure.gravatar.com\\\/avatar\\\/93713c30affe0aa95d3a4130e499bb1abee2eb31adbdd9ce2aa1543538490215?s=96&d=mm&r=g\",\"url\":\"https:\\\/\\\/secure.gravatar.com\\\/avatar\\\/93713c30affe0aa95d3a4130e499bb1abee2eb31adbdd9ce2aa1543538490215?s=96&d=mm&r=g\",\"contentUrl\":\"https:\\\/\\\/secure.gravatar.com\\\/avatar\\\/93713c30affe0aa95d3a4130e499bb1abee2eb31adbdd9ce2aa1543538490215?s=96&d=mm&r=g\",\"caption\":\"georg.blenk@krafthand-medien.de\"}}]}<\/script>\n<!-- \/ Yoast SEO plugin. -->","yoast_head_json":{"title":"Werkstattwagen mit System - Krafthand-Truck","robots":{"index":"index","follow":"follow","max-snippet":"max-snippet:-1","max-image-preview":"max-image-preview:large","max-video-preview":"max-video-preview:-1"},"canonical":"https:\/\/www.krafthand.de\/truck\/artikel\/werkstattwagen-mit-system-28850\/","og_locale":"de_DE","og_type":"article","og_title":"Werkstattwagen mit System - Krafthand-Truck","og_description":"W\u00fcrth hat mit dem neuen Werkstattwagen Pro 8.4 eine Systeml\u00f6sung f\u00fcr den Werkstatt-Profi vorgestellt. Die wesentlichen Merkmale des neuen Wagens sind laut W\u00fcrth die hochwertige Verarbeitungsqualit\u00e4t, das Design, vielf\u00e4ltigste Ausstattungsm\u00f6glichkeiten sowie ein dreistufiges Verriegelungskonzept. ... weiter","og_url":"https:\/\/www.krafthand-truck.de\/artikel\/werkstattwagen-mit-system-28850\/","og_site_name":"Krafthand-Truck","article_published_time":"2021-07-27T14:07:09+00:00","og_image":[{"width":1200,"height":840,"url":"https:\/\/www.krafthand.de\/truck\/wp-content\/uploads\/2021\/07\/Wuerth_Werkstattwagen_8_4_ORSY_Krafthand_Truck.jpg","type":"image\/jpeg"}],"author":"georg.blenk@krafthand-medien.de","twitter_card":"summary_large_image","twitter_misc":{"Verfasst von":"georg.blenk@krafthand-medien.de","Gesch\u00e4tzte Lesezeit":"1\u00a0Minute"},"schema":{"@context":"https:\/\/schema.org","@graph":[{"@type":"Article","@id":"https:\/\/www.krafthand.de\/truck\/artikel\/werkstattwagen-mit-system-28850\/#article","isPartOf":{"@id":"https:\/\/www.krafthand.de\/truck\/artikel\/werkstattwagen-mit-system-28850\/"},"author":{"name":"georg.blenk@krafthand-medien.de","@id":"https:\/\/www.krafthand.de\/truck\/#\/schema\/person\/51fa80b1c57034c4bf63f9f988fc24ce"},"headline":"Werkstattwagen mit System","datePublished":"2021-07-27T14:07:09+00:00","mainEntityOfPage":{"@id":"https:\/\/www.krafthand.de\/truck\/artikel\/werkstattwagen-mit-system-28850\/"},"wordCount":211,"image":{"@id":"https:\/\/www.krafthand.de\/truck\/artikel\/werkstattwagen-mit-system-28850\/#primaryimage"},"thumbnailUrl":"https:\/\/static.krafthand-truck.de\/uploads\/2021\/07\/Wuerth_Werkstattwagen_8_4_ORSY_Krafthand_Truck.jpg","keywords":["Orsy","Werkstattwagen","W\u00fcrth"],"articleSection":["Werkstattausr\u00fcstung","Werkzeuge\/Tools"],"inLanguage":"de"},{"@type":"WebPage","@id":"https:\/\/www.krafthand.de\/truck\/artikel\/werkstattwagen-mit-system-28850\/","url":"https:\/\/www.krafthand.de\/truck\/artikel\/werkstattwagen-mit-system-28850\/","name":"Werkstattwagen mit System - Krafthand-Truck","isPartOf":{"@id":"https:\/\/www.krafthand.de\/truck\/#website"},"primaryImageOfPage":{"@id":"https:\/\/www.krafthand.de\/truck\/artikel\/werkstattwagen-mit-system-28850\/#primaryimage"},"image":{"@id":"https:\/\/www.krafthand.de\/truck\/artikel\/werkstattwagen-mit-system-28850\/#primaryimage"},"thumbnailUrl":"https:\/\/static.krafthand-truck.de\/uploads\/2021\/07\/Wuerth_Werkstattwagen_8_4_ORSY_Krafthand_Truck.jpg","datePublished":"2021-07-27T14:07:09+00:00","author":{"@id":"https:\/\/www.krafthand.de\/truck\/#\/schema\/person\/51fa80b1c57034c4bf63f9f988fc24ce"},"breadcrumb":{"@id":"https:\/\/www.krafthand.de\/truck\/artikel\/werkstattwagen-mit-system-28850\/#breadcrumb"},"inLanguage":"de","potentialAction":[{"@type":"ReadAction","target":["https:\/\/www.krafthand.de\/truck\/artikel\/werkstattwagen-mit-system-28850\/"]}]},{"@type":"ImageObject","inLanguage":"de","@id":"https:\/\/www.krafthand.de\/truck\/artikel\/werkstattwagen-mit-system-28850\/#primaryimage","url":"https:\/\/static.krafthand-truck.de\/uploads\/2021\/07\/Wuerth_Werkstattwagen_8_4_ORSY_Krafthand_Truck.jpg","contentUrl":"https:\/\/static.krafthand-truck.de\/uploads\/2021\/07\/Wuerth_Werkstattwagen_8_4_ORSY_Krafthand_Truck.jpg","width":1200,"height":840},{"@type":"BreadcrumbList","@id":"https:\/\/www.krafthand.de\/truck\/artikel\/werkstattwagen-mit-system-28850\/#breadcrumb","itemListElement":[{"@type":"ListItem","position":1,"name":"Krafthand-Truck","item":"https:\/\/www.krafthand.de\/truck\/"},{"@type":"ListItem","position":2,"name":"Nfz-Service","item":"https:\/\/www.krafthand.de\/truck\/kategorie\/nfz-service\/"},{"@type":"ListItem","position":3,"name":"Werkzeuge\/Tools","item":"https:\/\/www.krafthand.de\/truck\/kategorie\/nfz-service\/werkzeuge\/"},{"@type":"ListItem","position":4,"name":"Werkstattwagen mit System"}]},{"@type":"WebSite","@id":"https:\/\/www.krafthand.de\/truck\/#website","url":"https:\/\/www.krafthand.de\/truck\/","name":"Krafthand-Truck","description":"","potentialAction":[{"@type":"SearchAction","target":{"@type":"EntryPoint","urlTemplate":"https:\/\/www.krafthand.de\/truck\/?s={search_term_string}"},"query-input":{"@type":"PropertyValueSpecification","valueRequired":true,"valueName":"search_term_string"}}],"inLanguage":"de"},{"@type":"Person","@id":"https:\/\/www.krafthand.de\/truck\/#\/schema\/person\/51fa80b1c57034c4bf63f9f988fc24ce","name":"georg.blenk@krafthand-medien.de","image":{"@type":"ImageObject","inLanguage":"de","@id":"https:\/\/secure.gravatar.com\/avatar\/93713c30affe0aa95d3a4130e499bb1abee2eb31adbdd9ce2aa1543538490215?s=96&d=mm&r=g","url":"https:\/\/secure.gravatar.com\/avatar\/93713c30affe0aa95d3a4130e499bb1abee2eb31adbdd9ce2aa1543538490215?s=96&d=mm&r=g","contentUrl":"https:\/\/secure.gravatar.com\/avatar\/93713c30affe0aa95d3a4130e499bb1abee2eb31adbdd9ce2aa1543538490215?s=96&d=mm&r=g","caption":"georg.blenk@krafthand-medien.de"}}]}},"_links":{"self":[{"href":"https:\/\/www.krafthand.de\/truck\/wp-json\/wp\/v2\/posts\/28850","targetHints":{"allow":["GET"]}}],"collection":[{"href":"https:\/\/www.krafthand.de\/truck\/wp-json\/wp\/v2\/posts"}],"about":[{"href":"https:\/\/www.krafthand.de\/truck\/wp-json\/wp\/v2\/types\/post"}],"author":[{"embeddable":true,"href":"https:\/\/www.krafthand.de\/truck\/wp-json\/wp\/v2\/users\/9"}],"replies":[{"embeddable":true,"href":"https:\/\/www.krafthand.de\/truck\/wp-json\/wp\/v2\/comments?post=28850"}],"version-history":[{"count":1,"href":"https:\/\/www.krafthand.de\/truck\/wp-json\/wp\/v2\/posts\/28850\/revisions"}],"predecessor-version":[{"id":28852,"href":"https:\/\/www.krafthand.de\/truck\/wp-json\/wp\/v2\/posts\/28850\/revisions\/28852"}],"wp:featuredmedia":[{"embeddable":true,"href":"https:\/\/www.krafthand.de\/truck\/wp-json\/wp\/v2\/media\/28851"}],"wp:attachment":[{"href":"https:\/\/www.krafthand.de\/truck\/wp-json\/wp\/v2\/media?parent=28850"}],"wp:term":[{"taxonomy":"category","embeddable":true,"href":"https:\/\/www.krafthand.de\/truck\/wp-json\/wp\/v2\/categories?post=28850"},{"taxonomy":"post_tag","embeddable":true,"href":"https:\/\/www.krafthand.de\/truck\/wp-json\/wp\/v2\/tags?post=28850"},{"taxonomy":"settings","embeddable":true,"href":"https:\/\/www.krafthand.de\/truck\/wp-json\/wp\/v2\/settings?post=28850"}],"curies":[{"name":"wp","href":"https:\/\/api.w.org\/{rel}","templated":true}]}}