{"id":28789,"date":"2021-07-14T14:50:17","date_gmt":"2021-07-14T12:50:17","guid":{"rendered":"https:\/\/www.krafthand.de\/truck\/?p=28789"},"modified":"2021-11-26T15:37:28","modified_gmt":"2021-11-26T14:37:28","slug":"xf-xg-und-xg-mit-gelungenen-start","status":"publish","type":"post","link":"https:\/\/www.krafthand.de\/truck\/artikel\/xf-xg-und-xg-mit-gelungenen-start-28789\/","title":{"rendered":"XF, XG und XG+ mit gelungenen Start"},"content":{"rendered":"<p>Vergangene Woche stellte der Niederl\u00e4ndische Lkw-Hersteller DAF, der zur Paccar-Gruppe geh\u00f6rt, seine neue Fahrzeuggeneration XF, XG und XG+ vor. Es handelt sich dabei laut DAF \u00fcber die ersten Lkw auf dem Markt, die vollst\u00e4ndig von den neuen europ\u00e4ischen Vorschriften f\u00fcr Ma\u00dfe und Gewichte profitieren. Diese erlauben beispielsweise l\u00e4ngere Lkw-Kabinen, um die Sicherheit und den Fahrkomfort zu verbessern. Laut DAF sind seit der Pr\u00e4sentation bereits 1.000 Vorbestellungen zu den neuen Modellen eingegangen und dies obwohl die neue Fahrzeuggeneration erst im Oktober in Produktion geht.<\/p>\n<blockquote><p>\u201eNoch nie in unserer mehr als 90-j\u00e4hrigen Geschichte wurden derart schnell 1.000 Vorbestellungen nach der offiziellen Markteinf\u00fchrung erreicht&#8220;, erkl\u00e4rt Richard Zink, Mitglied der DAF-Gesch\u00e4ftsf\u00fchrung und verantwortlich f\u00fcr Marketing &amp; Vertrieb.<\/p><\/blockquote>\n<h4>Verbesserte Aerodynamik, verbesserte Sicht<\/h4>\n<p>Eigenschaften wie, optimierte Radien, ein sich verj\u00fcngendes Fahrerhausdesign, eine gew\u00f6lbte Windschutzscheibe und eine um 16 cm verl\u00e4ngerte Frontpartie, f\u00fchren laut <a href=\"https:\/\/www.daftrucks.de\/de-de\" target=\"_blank\" rel=\"noopener\">DAF<\/a> bei den neuen Modellen zu einer stark verbesserten Aerodynamik, eine bis zu zehn-prozentige Kraftstofferparnis sei dadurch m\u00f6glich. Auch bei der Verkehrssicherheit m\u00f6chte DAF punkten: So wurde durch die extrem niedrige G\u00fcrtellinie der Seitenfenster und dem zus\u00e4tzlichen Bordsteinfenster in der Beifahrert\u00fcr die Direktsicht verbessert. Das neue Kameraspiegel-System und der Eckkameraspiegel sorgt zus\u00e4tzlich f\u00fcr mehr Sicherheit.<\/p>\n<h4>Komfortzone<\/h4>\n<p>F\u00fcr mehr Flexibilit\u00e4t und mehr Komfort sorgen beim XF, XG und XG+ laut DAF drehbare Sitze, eine erstmals volldigitale Instrumententafel, ein Relax-Bett, die Ambiente-Innenbeleuchtung sowie der gro\u00dfe Innenraum (12,5 m3 beim XG+). Die neuen Modell basiere auf einem neuen Plattformkonzept, welches ebenso als Basis f\u00fcr\u00a0 batterieelektrische und Wasserstoff-Antriebe dient. Die Entwicklung dahingehend laufe derzeit bei DAF.<\/p>\n\r\n\t\t\t\t<div class=\"post-author\">\r\n\t\t\t\t\t<div class=\"khm-cp-author clearfix\">\r\n\t\t\t\t\t\t<div class=\"khm-cp-author__content\">\r\n\t\t\t\t\t\t\t\tKontakt zum Autor:<br \/>\r\n\t\t\t\t\t\t\t\t<strong>Georg Blenk<\/strong>, 08247 \/ 3007-45 |  <a href=\"mailto:georg.blenk@krafthand-medien.de\">georg.blenk@krafthand-medien.de<\/a>\r\n\t\t\t\t\t\t\t<div class=\"khm-cp-author__image\">\r\n\t\t\t\t\t\t<img src=\"https:\/\/static.krafthand-truck.de\/uploads\/2021\/01\/Blenk_6104-250x300-1-removebg-preview.png\" class=\"img-responsive\">\r\n\t\t\t\t\t<\/div>\r\n\t\t\t\t\t\t<\/div>\r\n\t\t\t\t\t<\/div>\r\n\t\t\t\t<\/div>\r\n\t\t\t\t","protected":false},"excerpt":{"rendered":"<p>Vergangene Woche stellte der Niederl\u00e4ndische Lkw-Hersteller DAF, der zur Paccar-Gruppe geh\u00f6rt, seine neue Fahrzeuggeneration XF, XG und XG+ vor. Laut DAF sind seit der Pr\u00e4sentation bereits 1.000 Vorbestellungen zu den neuen Modellen eingegangen und dies obwohl die neue Fahrzeuggeneration erst im Oktober in Produktion geht. <span class=\"excerpt-more__dots\">&#8230;<\/span> <a class=\"excerpt-more__link\" href=\"https:\/\/www.krafthand.de\/truck\/artikel\/xf-xg-und-xg-mit-gelungenen-start-28789\/\" >weiter<\/a><\/p>\n","protected":false},"author":9,"featured_media":28792,"comment_status":"closed","ping_status":"closed","sticky":false,"template":"","format":"standard","meta":{"footnotes":""},"categories":[4915],"tags":[839,4628,4626,4627],"settings":[3524,3523],"class_list":["post-28789","post","type-post","status-publish","format-standard","has-post-thumbnail","hentry","category-neue-fahrzeuge","tag-daf","tag-richard-zink","tag-xf","tag-xg-und-xg"],"yoast_head":"<!-- This site is optimized with the Yoast SEO plugin v27.3 - https:\/\/yoast.com\/product\/yoast-seo-wordpress\/ -->\n<title>XF, XG und XG+ mit gelungenen Start - Krafthand-Truck<\/title>\n<meta name=\"robots\" content=\"index, follow, max-snippet:-1, max-image-preview:large, max-video-preview:-1\" \/>\n<link rel=\"canonical\" href=\"https:\/\/www.krafthand.de\/truck\/artikel\/xf-xg-und-xg-mit-gelungenen-start-28789\/\" \/>\n<meta property=\"og:locale\" content=\"de_DE\" \/>\n<meta property=\"og:type\" content=\"article\" \/>\n<meta property=\"og:title\" content=\"XF, XG und XG+ mit gelungenen Start - Krafthand-Truck\" \/>\n<meta property=\"og:description\" content=\"Vergangene Woche stellte der Niederl\u00e4ndische Lkw-Hersteller DAF, der zur Paccar-Gruppe geh\u00f6rt, seine neue Fahrzeuggeneration XF, XG und XG+ vor. Laut DAF sind seit der Pr\u00e4sentation bereits 1.000 Vorbestellungen zu den neuen Modellen eingegangen und dies obwohl die neue Fahrzeuggeneration erst im Oktober in Produktion geht. ... weiter\" \/>\n<meta property=\"og:url\" content=\"https:\/\/www.krafthand-truck.de\/artikel\/xf-xg-und-xg-mit-gelungenen-start-28789\/\" \/>\n<meta property=\"og:site_name\" content=\"Krafthand-Truck\" \/>\n<meta property=\"article:published_time\" content=\"2021-07-14T12:50:17+00:00\" \/>\n<meta property=\"article:modified_time\" content=\"2021-11-26T14:37:28+00:00\" \/>\n<meta property=\"og:image\" content=\"https:\/\/www.krafthand.de\/truck\/wp-content\/uploads\/2021\/07\/02-The-New-Generation-DAF-trucks-2021-From-left-to-right-XF-XG-and-XGplus.jpg\" \/>\n\t<meta property=\"og:image:width\" content=\"1200\" \/>\n\t<meta property=\"og:image:height\" content=\"742\" \/>\n\t<meta property=\"og:image:type\" content=\"image\/jpeg\" \/>\n<meta name=\"author\" content=\"georg.blenk@krafthand-medien.de\" \/>\n<meta name=\"twitter:card\" content=\"summary_large_image\" \/>\n<meta name=\"twitter:label1\" content=\"Verfasst von\" \/>\n\t<meta name=\"twitter:data1\" content=\"georg.blenk@krafthand-medien.de\" \/>\n\t<meta name=\"twitter:label2\" content=\"Gesch\u00e4tzte Lesezeit\" \/>\n\t<meta name=\"twitter:data2\" content=\"2\u00a0Minuten\" \/>\n<script type=\"application\/ld+json\" class=\"yoast-schema-graph\">{\"@context\":\"https:\\\/\\\/schema.org\",\"@graph\":[{\"@type\":\"Article\",\"@id\":\"https:\\\/\\\/www.krafthand.de\\\/truck\\\/artikel\\\/xf-xg-und-xg-mit-gelungenen-start-28789\\\/#article\",\"isPartOf\":{\"@id\":\"https:\\\/\\\/www.krafthand.de\\\/truck\\\/artikel\\\/xf-xg-und-xg-mit-gelungenen-start-28789\\\/\"},\"author\":{\"name\":\"georg.blenk@krafthand-medien.de\",\"@id\":\"https:\\\/\\\/www.krafthand.de\\\/truck\\\/#\\\/schema\\\/person\\\/51fa80b1c57034c4bf63f9f988fc24ce\"},\"headline\":\"XF, XG und XG+ mit gelungenen Start\",\"datePublished\":\"2021-07-14T12:50:17+00:00\",\"dateModified\":\"2021-11-26T14:37:28+00:00\",\"mainEntityOfPage\":{\"@id\":\"https:\\\/\\\/www.krafthand.de\\\/truck\\\/artikel\\\/xf-xg-und-xg-mit-gelungenen-start-28789\\\/\"},\"wordCount\":281,\"image\":{\"@id\":\"https:\\\/\\\/www.krafthand.de\\\/truck\\\/artikel\\\/xf-xg-und-xg-mit-gelungenen-start-28789\\\/#primaryimage\"},\"thumbnailUrl\":\"https:\\\/\\\/static.krafthand-truck.de\\\/uploads\\\/2021\\\/07\\\/02-The-New-Generation-DAF-trucks-2021-From-left-to-right-XF-XG-and-XGplus.jpg\",\"keywords\":[\"DAF\",\"Richard Zink\",\"XF\",\"XG und XG+\"],\"articleSection\":[\"Neue Fahrzeuge\"],\"inLanguage\":\"de\"},{\"@type\":\"WebPage\",\"@id\":\"https:\\\/\\\/www.krafthand.de\\\/truck\\\/artikel\\\/xf-xg-und-xg-mit-gelungenen-start-28789\\\/\",\"url\":\"https:\\\/\\\/www.krafthand.de\\\/truck\\\/artikel\\\/xf-xg-und-xg-mit-gelungenen-start-28789\\\/\",\"name\":\"XF, XG und XG+ mit gelungenen Start - Krafthand-Truck\",\"isPartOf\":{\"@id\":\"https:\\\/\\\/www.krafthand.de\\\/truck\\\/#website\"},\"primaryImageOfPage\":{\"@id\":\"https:\\\/\\\/www.krafthand.de\\\/truck\\\/artikel\\\/xf-xg-und-xg-mit-gelungenen-start-28789\\\/#primaryimage\"},\"image\":{\"@id\":\"https:\\\/\\\/www.krafthand.de\\\/truck\\\/artikel\\\/xf-xg-und-xg-mit-gelungenen-start-28789\\\/#primaryimage\"},\"thumbnailUrl\":\"https:\\\/\\\/static.krafthand-truck.de\\\/uploads\\\/2021\\\/07\\\/02-The-New-Generation-DAF-trucks-2021-From-left-to-right-XF-XG-and-XGplus.jpg\",\"datePublished\":\"2021-07-14T12:50:17+00:00\",\"dateModified\":\"2021-11-26T14:37:28+00:00\",\"author\":{\"@id\":\"https:\\\/\\\/www.krafthand.de\\\/truck\\\/#\\\/schema\\\/person\\\/51fa80b1c57034c4bf63f9f988fc24ce\"},\"breadcrumb\":{\"@id\":\"https:\\\/\\\/www.krafthand.de\\\/truck\\\/artikel\\\/xf-xg-und-xg-mit-gelungenen-start-28789\\\/#breadcrumb\"},\"inLanguage\":\"de\",\"potentialAction\":[{\"@type\":\"ReadAction\",\"target\":[\"https:\\\/\\\/www.krafthand.de\\\/truck\\\/artikel\\\/xf-xg-und-xg-mit-gelungenen-start-28789\\\/\"]}]},{\"@type\":\"ImageObject\",\"inLanguage\":\"de\",\"@id\":\"https:\\\/\\\/www.krafthand.de\\\/truck\\\/artikel\\\/xf-xg-und-xg-mit-gelungenen-start-28789\\\/#primaryimage\",\"url\":\"https:\\\/\\\/static.krafthand-truck.de\\\/uploads\\\/2021\\\/07\\\/02-The-New-Generation-DAF-trucks-2021-From-left-to-right-XF-XG-and-XGplus.jpg\",\"contentUrl\":\"https:\\\/\\\/static.krafthand-truck.de\\\/uploads\\\/2021\\\/07\\\/02-The-New-Generation-DAF-trucks-2021-From-left-to-right-XF-XG-and-XGplus.jpg\",\"width\":1200,\"height\":742},{\"@type\":\"BreadcrumbList\",\"@id\":\"https:\\\/\\\/www.krafthand.de\\\/truck\\\/artikel\\\/xf-xg-und-xg-mit-gelungenen-start-28789\\\/#breadcrumb\",\"itemListElement\":[{\"@type\":\"ListItem\",\"position\":1,\"name\":\"Krafthand-Truck\",\"item\":\"https:\\\/\\\/www.krafthand.de\\\/truck\\\/\"},{\"@type\":\"ListItem\",\"position\":2,\"name\":\"IT+Fuhrpark\",\"item\":\"https:\\\/\\\/www.krafthand.de\\\/truck\\\/kategorie\\\/fuhrpark\\\/\"},{\"@type\":\"ListItem\",\"position\":3,\"name\":\"Neue Fahrzeuge\",\"item\":\"https:\\\/\\\/www.krafthand.de\\\/truck\\\/kategorie\\\/fuhrpark\\\/neue-fahrzeuge\\\/\"},{\"@type\":\"ListItem\",\"position\":4,\"name\":\"XF, XG und XG+ mit gelungenen Start\"}]},{\"@type\":\"WebSite\",\"@id\":\"https:\\\/\\\/www.krafthand.de\\\/truck\\\/#website\",\"url\":\"https:\\\/\\\/www.krafthand.de\\\/truck\\\/\",\"name\":\"Krafthand-Truck\",\"description\":\"\",\"potentialAction\":[{\"@type\":\"SearchAction\",\"target\":{\"@type\":\"EntryPoint\",\"urlTemplate\":\"https:\\\/\\\/www.krafthand.de\\\/truck\\\/?s={search_term_string}\"},\"query-input\":{\"@type\":\"PropertyValueSpecification\",\"valueRequired\":true,\"valueName\":\"search_term_string\"}}],\"inLanguage\":\"de\"},{\"@type\":\"Person\",\"@id\":\"https:\\\/\\\/www.krafthand.de\\\/truck\\\/#\\\/schema\\\/person\\\/51fa80b1c57034c4bf63f9f988fc24ce\",\"name\":\"georg.blenk@krafthand-medien.de\",\"image\":{\"@type\":\"ImageObject\",\"inLanguage\":\"de\",\"@id\":\"https:\\\/\\\/secure.gravatar.com\\\/avatar\\\/93713c30affe0aa95d3a4130e499bb1abee2eb31adbdd9ce2aa1543538490215?s=96&d=mm&r=g\",\"url\":\"https:\\\/\\\/secure.gravatar.com\\\/avatar\\\/93713c30affe0aa95d3a4130e499bb1abee2eb31adbdd9ce2aa1543538490215?s=96&d=mm&r=g\",\"contentUrl\":\"https:\\\/\\\/secure.gravatar.com\\\/avatar\\\/93713c30affe0aa95d3a4130e499bb1abee2eb31adbdd9ce2aa1543538490215?s=96&d=mm&r=g\",\"caption\":\"georg.blenk@krafthand-medien.de\"}}]}<\/script>\n<!-- \/ Yoast SEO plugin. -->","yoast_head_json":{"title":"XF, XG und XG+ mit gelungenen Start - Krafthand-Truck","robots":{"index":"index","follow":"follow","max-snippet":"max-snippet:-1","max-image-preview":"max-image-preview:large","max-video-preview":"max-video-preview:-1"},"canonical":"https:\/\/www.krafthand.de\/truck\/artikel\/xf-xg-und-xg-mit-gelungenen-start-28789\/","og_locale":"de_DE","og_type":"article","og_title":"XF, XG und XG+ mit gelungenen Start - Krafthand-Truck","og_description":"Vergangene Woche stellte der Niederl\u00e4ndische Lkw-Hersteller DAF, der zur Paccar-Gruppe geh\u00f6rt, seine neue Fahrzeuggeneration XF, XG und XG+ vor. Laut DAF sind seit der Pr\u00e4sentation bereits 1.000 Vorbestellungen zu den neuen Modellen eingegangen und dies obwohl die neue Fahrzeuggeneration erst im Oktober in Produktion geht. ... weiter","og_url":"https:\/\/www.krafthand-truck.de\/artikel\/xf-xg-und-xg-mit-gelungenen-start-28789\/","og_site_name":"Krafthand-Truck","article_published_time":"2021-07-14T12:50:17+00:00","article_modified_time":"2021-11-26T14:37:28+00:00","og_image":[{"width":1200,"height":742,"url":"https:\/\/www.krafthand.de\/truck\/wp-content\/uploads\/2021\/07\/02-The-New-Generation-DAF-trucks-2021-From-left-to-right-XF-XG-and-XGplus.jpg","type":"image\/jpeg"}],"author":"georg.blenk@krafthand-medien.de","twitter_card":"summary_large_image","twitter_misc":{"Verfasst von":"georg.blenk@krafthand-medien.de","Gesch\u00e4tzte Lesezeit":"2\u00a0Minuten"},"schema":{"@context":"https:\/\/schema.org","@graph":[{"@type":"Article","@id":"https:\/\/www.krafthand.de\/truck\/artikel\/xf-xg-und-xg-mit-gelungenen-start-28789\/#article","isPartOf":{"@id":"https:\/\/www.krafthand.de\/truck\/artikel\/xf-xg-und-xg-mit-gelungenen-start-28789\/"},"author":{"name":"georg.blenk@krafthand-medien.de","@id":"https:\/\/www.krafthand.de\/truck\/#\/schema\/person\/51fa80b1c57034c4bf63f9f988fc24ce"},"headline":"XF, XG und XG+ mit gelungenen Start","datePublished":"2021-07-14T12:50:17+00:00","dateModified":"2021-11-26T14:37:28+00:00","mainEntityOfPage":{"@id":"https:\/\/www.krafthand.de\/truck\/artikel\/xf-xg-und-xg-mit-gelungenen-start-28789\/"},"wordCount":281,"image":{"@id":"https:\/\/www.krafthand.de\/truck\/artikel\/xf-xg-und-xg-mit-gelungenen-start-28789\/#primaryimage"},"thumbnailUrl":"https:\/\/static.krafthand-truck.de\/uploads\/2021\/07\/02-The-New-Generation-DAF-trucks-2021-From-left-to-right-XF-XG-and-XGplus.jpg","keywords":["DAF","Richard Zink","XF","XG und XG+"],"articleSection":["Neue Fahrzeuge"],"inLanguage":"de"},{"@type":"WebPage","@id":"https:\/\/www.krafthand.de\/truck\/artikel\/xf-xg-und-xg-mit-gelungenen-start-28789\/","url":"https:\/\/www.krafthand.de\/truck\/artikel\/xf-xg-und-xg-mit-gelungenen-start-28789\/","name":"XF, XG und XG+ mit gelungenen Start - Krafthand-Truck","isPartOf":{"@id":"https:\/\/www.krafthand.de\/truck\/#website"},"primaryImageOfPage":{"@id":"https:\/\/www.krafthand.de\/truck\/artikel\/xf-xg-und-xg-mit-gelungenen-start-28789\/#primaryimage"},"image":{"@id":"https:\/\/www.krafthand.de\/truck\/artikel\/xf-xg-und-xg-mit-gelungenen-start-28789\/#primaryimage"},"thumbnailUrl":"https:\/\/static.krafthand-truck.de\/uploads\/2021\/07\/02-The-New-Generation-DAF-trucks-2021-From-left-to-right-XF-XG-and-XGplus.jpg","datePublished":"2021-07-14T12:50:17+00:00","dateModified":"2021-11-26T14:37:28+00:00","author":{"@id":"https:\/\/www.krafthand.de\/truck\/#\/schema\/person\/51fa80b1c57034c4bf63f9f988fc24ce"},"breadcrumb":{"@id":"https:\/\/www.krafthand.de\/truck\/artikel\/xf-xg-und-xg-mit-gelungenen-start-28789\/#breadcrumb"},"inLanguage":"de","potentialAction":[{"@type":"ReadAction","target":["https:\/\/www.krafthand.de\/truck\/artikel\/xf-xg-und-xg-mit-gelungenen-start-28789\/"]}]},{"@type":"ImageObject","inLanguage":"de","@id":"https:\/\/www.krafthand.de\/truck\/artikel\/xf-xg-und-xg-mit-gelungenen-start-28789\/#primaryimage","url":"https:\/\/static.krafthand-truck.de\/uploads\/2021\/07\/02-The-New-Generation-DAF-trucks-2021-From-left-to-right-XF-XG-and-XGplus.jpg","contentUrl":"https:\/\/static.krafthand-truck.de\/uploads\/2021\/07\/02-The-New-Generation-DAF-trucks-2021-From-left-to-right-XF-XG-and-XGplus.jpg","width":1200,"height":742},{"@type":"BreadcrumbList","@id":"https:\/\/www.krafthand.de\/truck\/artikel\/xf-xg-und-xg-mit-gelungenen-start-28789\/#breadcrumb","itemListElement":[{"@type":"ListItem","position":1,"name":"Krafthand-Truck","item":"https:\/\/www.krafthand.de\/truck\/"},{"@type":"ListItem","position":2,"name":"IT+Fuhrpark","item":"https:\/\/www.krafthand.de\/truck\/kategorie\/fuhrpark\/"},{"@type":"ListItem","position":3,"name":"Neue Fahrzeuge","item":"https:\/\/www.krafthand.de\/truck\/kategorie\/fuhrpark\/neue-fahrzeuge\/"},{"@type":"ListItem","position":4,"name":"XF, XG und XG+ mit gelungenen Start"}]},{"@type":"WebSite","@id":"https:\/\/www.krafthand.de\/truck\/#website","url":"https:\/\/www.krafthand.de\/truck\/","name":"Krafthand-Truck","description":"","potentialAction":[{"@type":"SearchAction","target":{"@type":"EntryPoint","urlTemplate":"https:\/\/www.krafthand.de\/truck\/?s={search_term_string}"},"query-input":{"@type":"PropertyValueSpecification","valueRequired":true,"valueName":"search_term_string"}}],"inLanguage":"de"},{"@type":"Person","@id":"https:\/\/www.krafthand.de\/truck\/#\/schema\/person\/51fa80b1c57034c4bf63f9f988fc24ce","name":"georg.blenk@krafthand-medien.de","image":{"@type":"ImageObject","inLanguage":"de","@id":"https:\/\/secure.gravatar.com\/avatar\/93713c30affe0aa95d3a4130e499bb1abee2eb31adbdd9ce2aa1543538490215?s=96&d=mm&r=g","url":"https:\/\/secure.gravatar.com\/avatar\/93713c30affe0aa95d3a4130e499bb1abee2eb31adbdd9ce2aa1543538490215?s=96&d=mm&r=g","contentUrl":"https:\/\/secure.gravatar.com\/avatar\/93713c30affe0aa95d3a4130e499bb1abee2eb31adbdd9ce2aa1543538490215?s=96&d=mm&r=g","caption":"georg.blenk@krafthand-medien.de"}}]}},"_links":{"self":[{"href":"https:\/\/www.krafthand.de\/truck\/wp-json\/wp\/v2\/posts\/28789","targetHints":{"allow":["GET"]}}],"collection":[{"href":"https:\/\/www.krafthand.de\/truck\/wp-json\/wp\/v2\/posts"}],"about":[{"href":"https:\/\/www.krafthand.de\/truck\/wp-json\/wp\/v2\/types\/post"}],"author":[{"embeddable":true,"href":"https:\/\/www.krafthand.de\/truck\/wp-json\/wp\/v2\/users\/9"}],"replies":[{"embeddable":true,"href":"https:\/\/www.krafthand.de\/truck\/wp-json\/wp\/v2\/comments?post=28789"}],"version-history":[{"count":5,"href":"https:\/\/www.krafthand.de\/truck\/wp-json\/wp\/v2\/posts\/28789\/revisions"}],"predecessor-version":[{"id":28795,"href":"https:\/\/www.krafthand.de\/truck\/wp-json\/wp\/v2\/posts\/28789\/revisions\/28795"}],"wp:featuredmedia":[{"embeddable":true,"href":"https:\/\/www.krafthand.de\/truck\/wp-json\/wp\/v2\/media\/28792"}],"wp:attachment":[{"href":"https:\/\/www.krafthand.de\/truck\/wp-json\/wp\/v2\/media?parent=28789"}],"wp:term":[{"taxonomy":"category","embeddable":true,"href":"https:\/\/www.krafthand.de\/truck\/wp-json\/wp\/v2\/categories?post=28789"},{"taxonomy":"post_tag","embeddable":true,"href":"https:\/\/www.krafthand.de\/truck\/wp-json\/wp\/v2\/tags?post=28789"},{"taxonomy":"settings","embeddable":true,"href":"https:\/\/www.krafthand.de\/truck\/wp-json\/wp\/v2\/settings?post=28789"}],"curies":[{"name":"wp","href":"https:\/\/api.w.org\/{rel}","templated":true}]}}