{"id":28685,"date":"2021-07-08T16:37:39","date_gmt":"2021-07-08T14:37:39","guid":{"rendered":"https:\/\/www.krafthand.de\/truck\/?p=28685"},"modified":"2021-07-08T16:38:09","modified_gmt":"2021-07-08T14:38:09","slug":"nvg-gewinnt-volvo-action-service-dealer-of-the-year-award","status":"publish","type":"post","link":"https:\/\/www.krafthand.de\/truck\/artikel\/nvg-gewinnt-volvo-action-service-dealer-of-the-year-award-28685\/","title":{"rendered":"NVG gewinnt Volvo Action Service Dealer of the Year Award"},"content":{"rendered":"<p>Der Action Service der NVG Nutzfahrzeugvertriebs GmbH hat sich mit seinem schnellen und professionellen Einsatz als der beste in Europa erneut an die Spitze gesetzt und wurde hierf\u00fcr zum zweiten Mal in Folge mit dem Volvo Action Service (VAS) Award ausgezeichnet. Die Auszeichnung geht damit zum dritten Mal in Folge nach Deutschland.<\/p>\n<p>\u201eWir sind \u00fcbergl\u00fccklich und stolz diese Auszeichnung ein zweites Mal in Folge gewonnen zu haben. Es ist eigentlich selbstverst\u00e4ndlich, dass wir immer unser Bestes geben, um unsere Kunden mobil zu halten. Oft vergisst man, was es hei\u00dft, 365 Tage 24 Stunden f\u00fcr unsere Kunden da zu sein. Mein Dank gilt allen Mitarbeitern vom Volvo Action Service und nat\u00fcrlich im besonderen Ma\u00dfe unseren Notdienstmechanikern, die Tag und Nacht f\u00fcr uns im Einsatz sind.\u201c sagt Tino Stockhoff, Betriebsleiter, <a href=\"https:\/\/www.nvgtrucks.de\/\" target=\"_blank\" rel=\"noopener\">NVG Nutzfahrzeugvertriebs GmbH<\/a> in Hamm.<\/p>\n<p>Auch in einem herausfordernden Jahr, wie dem letzten, sind die Kolleg:innen vom Volvo Action Service 24\/7 f\u00fcr die Kund:innen auf den Stra\u00dfen im Einsatz. Diese schnelle Hilfe durch den VAS z\u00e4hlt zu der wichtigsten Einheit im gesamten Volvo Trucks Servicenetz. Er liefert schnelle Unterst\u00fctzung bei Pannen und Unf\u00e4llen mit einem Lkw.<\/p>\n<p>Eine Pr\u00e4senzveranstaltung f\u00fcr den Volvo Action Service Award konnte aufgrund der immer noch geltenden Beschr\u00e4nkungen leider das zweite Jahr in Folge nicht stattfinden. Deshalb wurden die Gewinner bei einem digitalen Treffen mit europ\u00e4ischen Service-Managern und Vertretern der Vertriebsgebiete bekannt gegeben. Roger Alm, Pr\u00e4sident von Volvo Trucks, h\u00e4tte diese Auszeichnung gerne pers\u00f6nlich in einem entsprechenden Rahmen \u00fcberreicht. Aufgrund der noch andauernden Umst\u00e4nde lie\u00df er es sich jedoch nicht nehmen, NVG \u00fcber eine Videobotschaft zu gratulieren.<\/p>\n<blockquote><p>\u201eIch m\u00f6chte Ihnen allen herzlich zu Ihrer fantastischen Arbeit beim Volvo Action Service gratulieren. Bitte setzen Sie diese gro\u00dfartige Arbeit f\u00fcr Volvo Trucks und unsere Kund:innen fort\u201c, so Roger Alm.<\/p><\/blockquote>\n<p>Neben der Anerkennung erh\u00e4lt die Siegerwerkstatt eine Volvo Action Service European Dealer of the Year Troph\u00e4e und als zus\u00e4tzlichen Preis eine Einladung in das Werk von Volvo Trucks nach Gent.<\/p>\n","protected":false},"excerpt":{"rendered":"<p>Die NVG Nutzfahrzeugvertriebs GmbH aus Hamm in Nordrhein-Westfalen, gewinnt zum zweiten Mal in Folge den europaweiten Action Service Dealer of the Year Award von Volvo Trucks. <span class=\"excerpt-more__dots\">&#8230;<\/span> <a class=\"excerpt-more__link\" href=\"https:\/\/www.krafthand.de\/truck\/artikel\/nvg-gewinnt-volvo-action-service-dealer-of-the-year-award-28685\/\" >weiter<\/a><\/p>\n","protected":false},"author":9,"featured_media":28686,"comment_status":"closed","ping_status":"closed","sticky":false,"template":"","format":"standard","meta":{"footnotes":""},"categories":[4238,4235],"tags":[4612,4610,4608,4607,4613,4611,4614,4609],"settings":[3523],"class_list":["post-28685","post","type-post","status-publish","format-standard","has-post-thumbnail","hentry","category-koepfe","category-unternehmen","tag-alexander-baule","tag-auszeichnung","tag-nvg","tag-nvg-nutzfahrzeugvertriebs-gmbh","tag-paul-horstmann","tag-roger-alm","tag-tino-stockhoff","tag-volvo-action-service-dealer-of-the-year-award"],"yoast_head":"<!-- This site is optimized with the Yoast SEO plugin v27.3 - https:\/\/yoast.com\/product\/yoast-seo-wordpress\/ -->\n<title>NVG gewinnt Volvo Action Service Dealer of the Year Award - Krafthand-Truck<\/title>\n<meta name=\"robots\" content=\"index, follow, max-snippet:-1, max-image-preview:large, max-video-preview:-1\" \/>\n<link rel=\"canonical\" href=\"https:\/\/www.krafthand.de\/truck\/artikel\/nvg-gewinnt-volvo-action-service-dealer-of-the-year-award-28685\/\" \/>\n<meta property=\"og:locale\" content=\"de_DE\" \/>\n<meta property=\"og:type\" content=\"article\" \/>\n<meta property=\"og:title\" content=\"NVG gewinnt Volvo Action Service Dealer of the Year Award - Krafthand-Truck\" \/>\n<meta property=\"og:description\" content=\"Die NVG Nutzfahrzeugvertriebs GmbH aus Hamm in Nordrhein-Westfalen, gewinnt zum zweiten Mal in Folge den europaweiten Action Service Dealer of the Year Award von Volvo Trucks. ... weiter\" \/>\n<meta property=\"og:url\" content=\"https:\/\/www.krafthand-truck.de\/artikel\/nvg-gewinnt-volvo-action-service-dealer-of-the-year-award-28685\/\" \/>\n<meta property=\"og:site_name\" content=\"Krafthand-Truck\" \/>\n<meta property=\"article:published_time\" content=\"2021-07-08T14:37:39+00:00\" \/>\n<meta property=\"article:modified_time\" content=\"2021-07-08T14:38:09+00:00\" \/>\n<meta property=\"og:image\" content=\"https:\/\/www.krafthand.de\/truck\/wp-content\/uploads\/2021\/07\/Volvo_Trucks_NVG_Service_Dealer_of_the_year.jpg\" \/>\n\t<meta property=\"og:image:width\" content=\"1200\" \/>\n\t<meta property=\"og:image:height\" content=\"834\" \/>\n\t<meta property=\"og:image:type\" content=\"image\/jpeg\" \/>\n<meta name=\"author\" content=\"georg.blenk@krafthand-medien.de\" \/>\n<meta name=\"twitter:card\" content=\"summary_large_image\" \/>\n<meta name=\"twitter:label1\" content=\"Verfasst von\" \/>\n\t<meta name=\"twitter:data1\" content=\"georg.blenk@krafthand-medien.de\" \/>\n\t<meta name=\"twitter:label2\" content=\"Gesch\u00e4tzte Lesezeit\" \/>\n\t<meta name=\"twitter:data2\" content=\"2\u00a0Minuten\" \/>\n<script type=\"application\/ld+json\" class=\"yoast-schema-graph\">{\"@context\":\"https:\\\/\\\/schema.org\",\"@graph\":[{\"@type\":\"Article\",\"@id\":\"https:\\\/\\\/www.krafthand.de\\\/truck\\\/artikel\\\/nvg-gewinnt-volvo-action-service-dealer-of-the-year-award-28685\\\/#article\",\"isPartOf\":{\"@id\":\"https:\\\/\\\/www.krafthand.de\\\/truck\\\/artikel\\\/nvg-gewinnt-volvo-action-service-dealer-of-the-year-award-28685\\\/\"},\"author\":{\"name\":\"georg.blenk@krafthand-medien.de\",\"@id\":\"https:\\\/\\\/www.krafthand.de\\\/truck\\\/#\\\/schema\\\/person\\\/51fa80b1c57034c4bf63f9f988fc24ce\"},\"headline\":\"NVG gewinnt Volvo Action Service Dealer of the Year Award\",\"datePublished\":\"2021-07-08T14:37:39+00:00\",\"dateModified\":\"2021-07-08T14:38:09+00:00\",\"mainEntityOfPage\":{\"@id\":\"https:\\\/\\\/www.krafthand.de\\\/truck\\\/artikel\\\/nvg-gewinnt-volvo-action-service-dealer-of-the-year-award-28685\\\/\"},\"wordCount\":355,\"image\":{\"@id\":\"https:\\\/\\\/www.krafthand.de\\\/truck\\\/artikel\\\/nvg-gewinnt-volvo-action-service-dealer-of-the-year-award-28685\\\/#primaryimage\"},\"thumbnailUrl\":\"https:\\\/\\\/static.krafthand-truck.de\\\/uploads\\\/2021\\\/07\\\/Volvo_Trucks_NVG_Service_Dealer_of_the_year.jpg\",\"keywords\":[\"Alexander Baule\",\"Auszeichnung\",\"NVG\",\"NVG Nutzfahrzeugvertriebs GmbH\",\"Paul Horstmann\",\"Roger Alm\",\"Tino Stockhoff\",\"Volvo Action Service Dealer of the Year Award\"],\"articleSection\":[\"K\u00f6pfe\\\/Personen\",\"Unternehmen\"],\"inLanguage\":\"de\"},{\"@type\":\"WebPage\",\"@id\":\"https:\\\/\\\/www.krafthand.de\\\/truck\\\/artikel\\\/nvg-gewinnt-volvo-action-service-dealer-of-the-year-award-28685\\\/\",\"url\":\"https:\\\/\\\/www.krafthand.de\\\/truck\\\/artikel\\\/nvg-gewinnt-volvo-action-service-dealer-of-the-year-award-28685\\\/\",\"name\":\"NVG gewinnt Volvo Action Service Dealer of the Year Award - Krafthand-Truck\",\"isPartOf\":{\"@id\":\"https:\\\/\\\/www.krafthand.de\\\/truck\\\/#website\"},\"primaryImageOfPage\":{\"@id\":\"https:\\\/\\\/www.krafthand.de\\\/truck\\\/artikel\\\/nvg-gewinnt-volvo-action-service-dealer-of-the-year-award-28685\\\/#primaryimage\"},\"image\":{\"@id\":\"https:\\\/\\\/www.krafthand.de\\\/truck\\\/artikel\\\/nvg-gewinnt-volvo-action-service-dealer-of-the-year-award-28685\\\/#primaryimage\"},\"thumbnailUrl\":\"https:\\\/\\\/static.krafthand-truck.de\\\/uploads\\\/2021\\\/07\\\/Volvo_Trucks_NVG_Service_Dealer_of_the_year.jpg\",\"datePublished\":\"2021-07-08T14:37:39+00:00\",\"dateModified\":\"2021-07-08T14:38:09+00:00\",\"author\":{\"@id\":\"https:\\\/\\\/www.krafthand.de\\\/truck\\\/#\\\/schema\\\/person\\\/51fa80b1c57034c4bf63f9f988fc24ce\"},\"breadcrumb\":{\"@id\":\"https:\\\/\\\/www.krafthand.de\\\/truck\\\/artikel\\\/nvg-gewinnt-volvo-action-service-dealer-of-the-year-award-28685\\\/#breadcrumb\"},\"inLanguage\":\"de\",\"potentialAction\":[{\"@type\":\"ReadAction\",\"target\":[\"https:\\\/\\\/www.krafthand.de\\\/truck\\\/artikel\\\/nvg-gewinnt-volvo-action-service-dealer-of-the-year-award-28685\\\/\"]}]},{\"@type\":\"ImageObject\",\"inLanguage\":\"de\",\"@id\":\"https:\\\/\\\/www.krafthand.de\\\/truck\\\/artikel\\\/nvg-gewinnt-volvo-action-service-dealer-of-the-year-award-28685\\\/#primaryimage\",\"url\":\"https:\\\/\\\/static.krafthand-truck.de\\\/uploads\\\/2021\\\/07\\\/Volvo_Trucks_NVG_Service_Dealer_of_the_year.jpg\",\"contentUrl\":\"https:\\\/\\\/static.krafthand-truck.de\\\/uploads\\\/2021\\\/07\\\/Volvo_Trucks_NVG_Service_Dealer_of_the_year.jpg\",\"width\":1200,\"height\":834},{\"@type\":\"BreadcrumbList\",\"@id\":\"https:\\\/\\\/www.krafthand.de\\\/truck\\\/artikel\\\/nvg-gewinnt-volvo-action-service-dealer-of-the-year-award-28685\\\/#breadcrumb\",\"itemListElement\":[{\"@type\":\"ListItem\",\"position\":1,\"name\":\"Krafthand-Truck\",\"item\":\"https:\\\/\\\/www.krafthand.de\\\/truck\\\/\"},{\"@type\":\"ListItem\",\"position\":2,\"name\":\"Nfz-Branche\",\"item\":\"https:\\\/\\\/www.krafthand.de\\\/truck\\\/kategorie\\\/branche\\\/\"},{\"@type\":\"ListItem\",\"position\":3,\"name\":\"Unternehmen\",\"item\":\"https:\\\/\\\/www.krafthand.de\\\/truck\\\/kategorie\\\/branche\\\/unternehmen\\\/\"},{\"@type\":\"ListItem\",\"position\":4,\"name\":\"NVG gewinnt Volvo Action Service Dealer of the Year Award\"}]},{\"@type\":\"WebSite\",\"@id\":\"https:\\\/\\\/www.krafthand.de\\\/truck\\\/#website\",\"url\":\"https:\\\/\\\/www.krafthand.de\\\/truck\\\/\",\"name\":\"Krafthand-Truck\",\"description\":\"\",\"potentialAction\":[{\"@type\":\"SearchAction\",\"target\":{\"@type\":\"EntryPoint\",\"urlTemplate\":\"https:\\\/\\\/www.krafthand.de\\\/truck\\\/?s={search_term_string}\"},\"query-input\":{\"@type\":\"PropertyValueSpecification\",\"valueRequired\":true,\"valueName\":\"search_term_string\"}}],\"inLanguage\":\"de\"},{\"@type\":\"Person\",\"@id\":\"https:\\\/\\\/www.krafthand.de\\\/truck\\\/#\\\/schema\\\/person\\\/51fa80b1c57034c4bf63f9f988fc24ce\",\"name\":\"georg.blenk@krafthand-medien.de\",\"image\":{\"@type\":\"ImageObject\",\"inLanguage\":\"de\",\"@id\":\"https:\\\/\\\/secure.gravatar.com\\\/avatar\\\/93713c30affe0aa95d3a4130e499bb1abee2eb31adbdd9ce2aa1543538490215?s=96&d=mm&r=g\",\"url\":\"https:\\\/\\\/secure.gravatar.com\\\/avatar\\\/93713c30affe0aa95d3a4130e499bb1abee2eb31adbdd9ce2aa1543538490215?s=96&d=mm&r=g\",\"contentUrl\":\"https:\\\/\\\/secure.gravatar.com\\\/avatar\\\/93713c30affe0aa95d3a4130e499bb1abee2eb31adbdd9ce2aa1543538490215?s=96&d=mm&r=g\",\"caption\":\"georg.blenk@krafthand-medien.de\"}}]}<\/script>\n<!-- \/ Yoast SEO plugin. -->","yoast_head_json":{"title":"NVG gewinnt Volvo Action Service Dealer of the Year Award - Krafthand-Truck","robots":{"index":"index","follow":"follow","max-snippet":"max-snippet:-1","max-image-preview":"max-image-preview:large","max-video-preview":"max-video-preview:-1"},"canonical":"https:\/\/www.krafthand.de\/truck\/artikel\/nvg-gewinnt-volvo-action-service-dealer-of-the-year-award-28685\/","og_locale":"de_DE","og_type":"article","og_title":"NVG gewinnt Volvo Action Service Dealer of the Year Award - Krafthand-Truck","og_description":"Die NVG Nutzfahrzeugvertriebs GmbH aus Hamm in Nordrhein-Westfalen, gewinnt zum zweiten Mal in Folge den europaweiten Action Service Dealer of the Year Award von Volvo Trucks. ... weiter","og_url":"https:\/\/www.krafthand-truck.de\/artikel\/nvg-gewinnt-volvo-action-service-dealer-of-the-year-award-28685\/","og_site_name":"Krafthand-Truck","article_published_time":"2021-07-08T14:37:39+00:00","article_modified_time":"2021-07-08T14:38:09+00:00","og_image":[{"width":1200,"height":834,"url":"https:\/\/www.krafthand.de\/truck\/wp-content\/uploads\/2021\/07\/Volvo_Trucks_NVG_Service_Dealer_of_the_year.jpg","type":"image\/jpeg"}],"author":"georg.blenk@krafthand-medien.de","twitter_card":"summary_large_image","twitter_misc":{"Verfasst von":"georg.blenk@krafthand-medien.de","Gesch\u00e4tzte Lesezeit":"2\u00a0Minuten"},"schema":{"@context":"https:\/\/schema.org","@graph":[{"@type":"Article","@id":"https:\/\/www.krafthand.de\/truck\/artikel\/nvg-gewinnt-volvo-action-service-dealer-of-the-year-award-28685\/#article","isPartOf":{"@id":"https:\/\/www.krafthand.de\/truck\/artikel\/nvg-gewinnt-volvo-action-service-dealer-of-the-year-award-28685\/"},"author":{"name":"georg.blenk@krafthand-medien.de","@id":"https:\/\/www.krafthand.de\/truck\/#\/schema\/person\/51fa80b1c57034c4bf63f9f988fc24ce"},"headline":"NVG gewinnt Volvo Action Service Dealer of the Year Award","datePublished":"2021-07-08T14:37:39+00:00","dateModified":"2021-07-08T14:38:09+00:00","mainEntityOfPage":{"@id":"https:\/\/www.krafthand.de\/truck\/artikel\/nvg-gewinnt-volvo-action-service-dealer-of-the-year-award-28685\/"},"wordCount":355,"image":{"@id":"https:\/\/www.krafthand.de\/truck\/artikel\/nvg-gewinnt-volvo-action-service-dealer-of-the-year-award-28685\/#primaryimage"},"thumbnailUrl":"https:\/\/static.krafthand-truck.de\/uploads\/2021\/07\/Volvo_Trucks_NVG_Service_Dealer_of_the_year.jpg","keywords":["Alexander Baule","Auszeichnung","NVG","NVG Nutzfahrzeugvertriebs GmbH","Paul Horstmann","Roger Alm","Tino Stockhoff","Volvo Action Service Dealer of the Year Award"],"articleSection":["K\u00f6pfe\/Personen","Unternehmen"],"inLanguage":"de"},{"@type":"WebPage","@id":"https:\/\/www.krafthand.de\/truck\/artikel\/nvg-gewinnt-volvo-action-service-dealer-of-the-year-award-28685\/","url":"https:\/\/www.krafthand.de\/truck\/artikel\/nvg-gewinnt-volvo-action-service-dealer-of-the-year-award-28685\/","name":"NVG gewinnt Volvo Action Service Dealer of the Year Award - Krafthand-Truck","isPartOf":{"@id":"https:\/\/www.krafthand.de\/truck\/#website"},"primaryImageOfPage":{"@id":"https:\/\/www.krafthand.de\/truck\/artikel\/nvg-gewinnt-volvo-action-service-dealer-of-the-year-award-28685\/#primaryimage"},"image":{"@id":"https:\/\/www.krafthand.de\/truck\/artikel\/nvg-gewinnt-volvo-action-service-dealer-of-the-year-award-28685\/#primaryimage"},"thumbnailUrl":"https:\/\/static.krafthand-truck.de\/uploads\/2021\/07\/Volvo_Trucks_NVG_Service_Dealer_of_the_year.jpg","datePublished":"2021-07-08T14:37:39+00:00","dateModified":"2021-07-08T14:38:09+00:00","author":{"@id":"https:\/\/www.krafthand.de\/truck\/#\/schema\/person\/51fa80b1c57034c4bf63f9f988fc24ce"},"breadcrumb":{"@id":"https:\/\/www.krafthand.de\/truck\/artikel\/nvg-gewinnt-volvo-action-service-dealer-of-the-year-award-28685\/#breadcrumb"},"inLanguage":"de","potentialAction":[{"@type":"ReadAction","target":["https:\/\/www.krafthand.de\/truck\/artikel\/nvg-gewinnt-volvo-action-service-dealer-of-the-year-award-28685\/"]}]},{"@type":"ImageObject","inLanguage":"de","@id":"https:\/\/www.krafthand.de\/truck\/artikel\/nvg-gewinnt-volvo-action-service-dealer-of-the-year-award-28685\/#primaryimage","url":"https:\/\/static.krafthand-truck.de\/uploads\/2021\/07\/Volvo_Trucks_NVG_Service_Dealer_of_the_year.jpg","contentUrl":"https:\/\/static.krafthand-truck.de\/uploads\/2021\/07\/Volvo_Trucks_NVG_Service_Dealer_of_the_year.jpg","width":1200,"height":834},{"@type":"BreadcrumbList","@id":"https:\/\/www.krafthand.de\/truck\/artikel\/nvg-gewinnt-volvo-action-service-dealer-of-the-year-award-28685\/#breadcrumb","itemListElement":[{"@type":"ListItem","position":1,"name":"Krafthand-Truck","item":"https:\/\/www.krafthand.de\/truck\/"},{"@type":"ListItem","position":2,"name":"Nfz-Branche","item":"https:\/\/www.krafthand.de\/truck\/kategorie\/branche\/"},{"@type":"ListItem","position":3,"name":"Unternehmen","item":"https:\/\/www.krafthand.de\/truck\/kategorie\/branche\/unternehmen\/"},{"@type":"ListItem","position":4,"name":"NVG gewinnt Volvo Action Service Dealer of the Year Award"}]},{"@type":"WebSite","@id":"https:\/\/www.krafthand.de\/truck\/#website","url":"https:\/\/www.krafthand.de\/truck\/","name":"Krafthand-Truck","description":"","potentialAction":[{"@type":"SearchAction","target":{"@type":"EntryPoint","urlTemplate":"https:\/\/www.krafthand.de\/truck\/?s={search_term_string}"},"query-input":{"@type":"PropertyValueSpecification","valueRequired":true,"valueName":"search_term_string"}}],"inLanguage":"de"},{"@type":"Person","@id":"https:\/\/www.krafthand.de\/truck\/#\/schema\/person\/51fa80b1c57034c4bf63f9f988fc24ce","name":"georg.blenk@krafthand-medien.de","image":{"@type":"ImageObject","inLanguage":"de","@id":"https:\/\/secure.gravatar.com\/avatar\/93713c30affe0aa95d3a4130e499bb1abee2eb31adbdd9ce2aa1543538490215?s=96&d=mm&r=g","url":"https:\/\/secure.gravatar.com\/avatar\/93713c30affe0aa95d3a4130e499bb1abee2eb31adbdd9ce2aa1543538490215?s=96&d=mm&r=g","contentUrl":"https:\/\/secure.gravatar.com\/avatar\/93713c30affe0aa95d3a4130e499bb1abee2eb31adbdd9ce2aa1543538490215?s=96&d=mm&r=g","caption":"georg.blenk@krafthand-medien.de"}}]}},"_links":{"self":[{"href":"https:\/\/www.krafthand.de\/truck\/wp-json\/wp\/v2\/posts\/28685","targetHints":{"allow":["GET"]}}],"collection":[{"href":"https:\/\/www.krafthand.de\/truck\/wp-json\/wp\/v2\/posts"}],"about":[{"href":"https:\/\/www.krafthand.de\/truck\/wp-json\/wp\/v2\/types\/post"}],"author":[{"embeddable":true,"href":"https:\/\/www.krafthand.de\/truck\/wp-json\/wp\/v2\/users\/9"}],"replies":[{"embeddable":true,"href":"https:\/\/www.krafthand.de\/truck\/wp-json\/wp\/v2\/comments?post=28685"}],"version-history":[{"count":2,"href":"https:\/\/www.krafthand.de\/truck\/wp-json\/wp\/v2\/posts\/28685\/revisions"}],"predecessor-version":[{"id":28688,"href":"https:\/\/www.krafthand.de\/truck\/wp-json\/wp\/v2\/posts\/28685\/revisions\/28688"}],"wp:featuredmedia":[{"embeddable":true,"href":"https:\/\/www.krafthand.de\/truck\/wp-json\/wp\/v2\/media\/28686"}],"wp:attachment":[{"href":"https:\/\/www.krafthand.de\/truck\/wp-json\/wp\/v2\/media?parent=28685"}],"wp:term":[{"taxonomy":"category","embeddable":true,"href":"https:\/\/www.krafthand.de\/truck\/wp-json\/wp\/v2\/categories?post=28685"},{"taxonomy":"post_tag","embeddable":true,"href":"https:\/\/www.krafthand.de\/truck\/wp-json\/wp\/v2\/tags?post=28685"},{"taxonomy":"settings","embeddable":true,"href":"https:\/\/www.krafthand.de\/truck\/wp-json\/wp\/v2\/settings?post=28685"}],"curies":[{"name":"wp","href":"https:\/\/api.w.org\/{rel}","templated":true}]}}