{"id":28663,"date":"2021-07-07T16:50:23","date_gmt":"2021-07-07T14:50:23","guid":{"rendered":"https:\/\/www.krafthand.de\/truck\/?p=28663"},"modified":"2021-07-07T16:50:23","modified_gmt":"2021-07-07T14:50:23","slug":"neuer-internetauftritt","status":"publish","type":"post","link":"https:\/\/www.krafthand.de\/truck\/artikel\/neuer-internetauftritt-28663\/","title":{"rendered":"Neuer Internetauftritt"},"content":{"rendered":"<p>Der Nutzfahrzeugteileh\u00e4ndler Winkler hat seinen Internetauftritt \u00fcberarbeitet und die Domains winkler.de und winkler-parts.ch unter einer Adresse verkn\u00fcpft. Zuk\u00fcnftig finden alle Kunden und Interessierte den Nutzfahrzeugteileh\u00e4ndler im Web unter winkler.com und den Onlineshop unter shop.winkler.com. Internationalen Kunden steht die Seite auch auf Englisch, Franz\u00f6sisch, Polnisch, Tschechisch, Slowakisch oder Lettisch zur Verf\u00fcgung. Das St\u00f6bern im Onlineshop ist jetzt durch das komplette Sortiment auch ohne Registrierung m\u00f6glich. Im Bereich &#8218;Mein Konto&#8216; k\u00f6nnen Kunden ihre Retouren anmelden und jederzeit ihre Bestellungen einsehen.<\/p>\n<h3>Tipps und Hintergrundinfos<\/h3>\n<p>Auf der neuen Website sind zus\u00e4tzlich technische Hintergrundinformationen und Anwendertipps sowie eine Auswahl an Produkten des Onlineshop-Sortiments zu finden. Der Nutzer kann sowohl Praxistipps und \u00dcbersichtsposter herunterladen und f\u00fcr den sp\u00e4teren Gebrauch speichern, als auch Anwenderbrosch\u00fcren online lesen und bestellen. Zus\u00e4tzlich sind alle Winkler Kataloge und Aktionsflyer von der Webseite aus abrufbar. Trotz des inhaltlichen Volumens f\u00e4nden sich Besucher auf <a href=\"https:\/\/winkler.com\/de\/\" target=\"_blank\" rel=\"noopener\">winkler.com<\/a> immer zurecht &#8211; denn dank der neuen Suchfunktion k\u00f6nnten sie den Onlineshop und die Webseite gleichzeitig durchst\u00f6bern. K\u00e4men dennoch Fragen auf, so kann der User den pers\u00f6nliche Kontakt\u00a0 zu einem Fachberater aufnehmen.<\/p>\n<blockquote><p>\u201eAb sofort finden Kunden alles an einem Platz. Durch die Verkn\u00fcpfung mit dem Onlineshop haben sie ein ungehindertes Einkaufserlebnis. Das ist digitaler Service, der passt\u201c, freut sich J\u00f6rg Rentschler, Gesch\u00e4ftsleitung Produktmanagement und Marketing bei Winkler.<\/p><\/blockquote>\n","protected":false},"excerpt":{"rendered":"<p>Der Nutzfahrzeugteileh\u00e4ndler Winkler hat seinen Internetauftritt \u00fcberarbeitet und die Domains winkler.de und winkler-parts.ch unter einer Adresse verkn\u00fcpft. Zuk\u00fcnftig finden alle Kunden und Interessierte den Nutzfahrzeugteileh\u00e4ndler im Web unter winkler.com und den Onlineshop unter shop.winkler.com. <span class=\"excerpt-more__dots\">&#8230;<\/span> <a class=\"excerpt-more__link\" href=\"https:\/\/www.krafthand.de\/truck\/artikel\/neuer-internetauftritt-28663\/\" >weiter<\/a><\/p>\n","protected":false},"author":9,"featured_media":28664,"comment_status":"closed","ping_status":"closed","sticky":false,"template":"","format":"standard","meta":{"footnotes":""},"categories":[4235],"tags":[4604,19,4605,4606,460],"settings":[],"class_list":["post-28663","post","type-post","status-publish","format-standard","has-post-thumbnail","hentry","category-unternehmen","tag-joerg-rentschler","tag-online-shop","tag-relaunch","tag-webseite","tag-winkler"],"yoast_head":"<!-- This site is optimized with the Yoast SEO plugin v27.3 - https:\/\/yoast.com\/product\/yoast-seo-wordpress\/ -->\n<title>Neuer Internetauftritt - Krafthand-Truck<\/title>\n<meta name=\"robots\" content=\"index, follow, max-snippet:-1, max-image-preview:large, max-video-preview:-1\" \/>\n<link rel=\"canonical\" href=\"https:\/\/www.krafthand.de\/truck\/artikel\/neuer-internetauftritt-28663\/\" \/>\n<meta property=\"og:locale\" content=\"de_DE\" \/>\n<meta property=\"og:type\" content=\"article\" \/>\n<meta property=\"og:title\" content=\"Neuer Internetauftritt - Krafthand-Truck\" \/>\n<meta property=\"og:description\" content=\"Der Nutzfahrzeugteileh\u00e4ndler Winkler hat seinen Internetauftritt \u00fcberarbeitet und die Domains winkler.de und winkler-parts.ch unter einer Adresse verkn\u00fcpft. Zuk\u00fcnftig finden alle Kunden und Interessierte den Nutzfahrzeugteileh\u00e4ndler im Web unter winkler.com und den Onlineshop unter shop.winkler.com. ... weiter\" \/>\n<meta property=\"og:url\" content=\"https:\/\/www.krafthand-truck.de\/artikel\/neuer-internetauftritt-28663\/\" \/>\n<meta property=\"og:site_name\" content=\"Krafthand-Truck\" \/>\n<meta property=\"article:published_time\" content=\"2021-07-07T14:50:23+00:00\" \/>\n<meta property=\"og:image\" content=\"https:\/\/www.krafthand.de\/truck\/wp-content\/uploads\/2021\/07\/Relaunch_winkler_com_hop_winkler_com.jpg\" \/>\n\t<meta property=\"og:image:width\" content=\"1124\" \/>\n\t<meta property=\"og:image:height\" content=\"650\" \/>\n\t<meta property=\"og:image:type\" content=\"image\/jpeg\" \/>\n<meta name=\"author\" content=\"georg.blenk@krafthand-medien.de\" \/>\n<meta name=\"twitter:card\" content=\"summary_large_image\" \/>\n<meta name=\"twitter:label1\" content=\"Verfasst von\" \/>\n\t<meta name=\"twitter:data1\" content=\"georg.blenk@krafthand-medien.de\" \/>\n\t<meta name=\"twitter:label2\" content=\"Gesch\u00e4tzte Lesezeit\" \/>\n\t<meta name=\"twitter:data2\" content=\"1\u00a0Minute\" \/>\n<script type=\"application\/ld+json\" class=\"yoast-schema-graph\">{\"@context\":\"https:\\\/\\\/schema.org\",\"@graph\":[{\"@type\":\"Article\",\"@id\":\"https:\\\/\\\/www.krafthand.de\\\/truck\\\/artikel\\\/neuer-internetauftritt-28663\\\/#article\",\"isPartOf\":{\"@id\":\"https:\\\/\\\/www.krafthand.de\\\/truck\\\/artikel\\\/neuer-internetauftritt-28663\\\/\"},\"author\":{\"name\":\"georg.blenk@krafthand-medien.de\",\"@id\":\"https:\\\/\\\/www.krafthand.de\\\/truck\\\/#\\\/schema\\\/person\\\/51fa80b1c57034c4bf63f9f988fc24ce\"},\"headline\":\"Neuer Internetauftritt\",\"datePublished\":\"2021-07-07T14:50:23+00:00\",\"mainEntityOfPage\":{\"@id\":\"https:\\\/\\\/www.krafthand.de\\\/truck\\\/artikel\\\/neuer-internetauftritt-28663\\\/\"},\"wordCount\":239,\"image\":{\"@id\":\"https:\\\/\\\/www.krafthand.de\\\/truck\\\/artikel\\\/neuer-internetauftritt-28663\\\/#primaryimage\"},\"thumbnailUrl\":\"https:\\\/\\\/static.krafthand-truck.de\\\/uploads\\\/2021\\\/07\\\/Relaunch_winkler_com_hop_winkler_com.jpg\",\"keywords\":[\"J\u00f6rg Rentschler\",\"Online-Shop\",\"Relaunch\",\"Webseite\",\"Winkler\"],\"articleSection\":[\"Unternehmen\"],\"inLanguage\":\"de\"},{\"@type\":\"WebPage\",\"@id\":\"https:\\\/\\\/www.krafthand.de\\\/truck\\\/artikel\\\/neuer-internetauftritt-28663\\\/\",\"url\":\"https:\\\/\\\/www.krafthand.de\\\/truck\\\/artikel\\\/neuer-internetauftritt-28663\\\/\",\"name\":\"Neuer Internetauftritt - Krafthand-Truck\",\"isPartOf\":{\"@id\":\"https:\\\/\\\/www.krafthand.de\\\/truck\\\/#website\"},\"primaryImageOfPage\":{\"@id\":\"https:\\\/\\\/www.krafthand.de\\\/truck\\\/artikel\\\/neuer-internetauftritt-28663\\\/#primaryimage\"},\"image\":{\"@id\":\"https:\\\/\\\/www.krafthand.de\\\/truck\\\/artikel\\\/neuer-internetauftritt-28663\\\/#primaryimage\"},\"thumbnailUrl\":\"https:\\\/\\\/static.krafthand-truck.de\\\/uploads\\\/2021\\\/07\\\/Relaunch_winkler_com_hop_winkler_com.jpg\",\"datePublished\":\"2021-07-07T14:50:23+00:00\",\"author\":{\"@id\":\"https:\\\/\\\/www.krafthand.de\\\/truck\\\/#\\\/schema\\\/person\\\/51fa80b1c57034c4bf63f9f988fc24ce\"},\"breadcrumb\":{\"@id\":\"https:\\\/\\\/www.krafthand.de\\\/truck\\\/artikel\\\/neuer-internetauftritt-28663\\\/#breadcrumb\"},\"inLanguage\":\"de\",\"potentialAction\":[{\"@type\":\"ReadAction\",\"target\":[\"https:\\\/\\\/www.krafthand.de\\\/truck\\\/artikel\\\/neuer-internetauftritt-28663\\\/\"]}]},{\"@type\":\"ImageObject\",\"inLanguage\":\"de\",\"@id\":\"https:\\\/\\\/www.krafthand.de\\\/truck\\\/artikel\\\/neuer-internetauftritt-28663\\\/#primaryimage\",\"url\":\"https:\\\/\\\/static.krafthand-truck.de\\\/uploads\\\/2021\\\/07\\\/Relaunch_winkler_com_hop_winkler_com.jpg\",\"contentUrl\":\"https:\\\/\\\/static.krafthand-truck.de\\\/uploads\\\/2021\\\/07\\\/Relaunch_winkler_com_hop_winkler_com.jpg\",\"width\":1124,\"height\":650},{\"@type\":\"BreadcrumbList\",\"@id\":\"https:\\\/\\\/www.krafthand.de\\\/truck\\\/artikel\\\/neuer-internetauftritt-28663\\\/#breadcrumb\",\"itemListElement\":[{\"@type\":\"ListItem\",\"position\":1,\"name\":\"Krafthand-Truck\",\"item\":\"https:\\\/\\\/www.krafthand.de\\\/truck\\\/\"},{\"@type\":\"ListItem\",\"position\":2,\"name\":\"Nfz-Branche\",\"item\":\"https:\\\/\\\/www.krafthand.de\\\/truck\\\/kategorie\\\/branche\\\/\"},{\"@type\":\"ListItem\",\"position\":3,\"name\":\"Unternehmen\",\"item\":\"https:\\\/\\\/www.krafthand.de\\\/truck\\\/kategorie\\\/branche\\\/unternehmen\\\/\"},{\"@type\":\"ListItem\",\"position\":4,\"name\":\"Neuer Internetauftritt\"}]},{\"@type\":\"WebSite\",\"@id\":\"https:\\\/\\\/www.krafthand.de\\\/truck\\\/#website\",\"url\":\"https:\\\/\\\/www.krafthand.de\\\/truck\\\/\",\"name\":\"Krafthand-Truck\",\"description\":\"\",\"potentialAction\":[{\"@type\":\"SearchAction\",\"target\":{\"@type\":\"EntryPoint\",\"urlTemplate\":\"https:\\\/\\\/www.krafthand.de\\\/truck\\\/?s={search_term_string}\"},\"query-input\":{\"@type\":\"PropertyValueSpecification\",\"valueRequired\":true,\"valueName\":\"search_term_string\"}}],\"inLanguage\":\"de\"},{\"@type\":\"Person\",\"@id\":\"https:\\\/\\\/www.krafthand.de\\\/truck\\\/#\\\/schema\\\/person\\\/51fa80b1c57034c4bf63f9f988fc24ce\",\"name\":\"georg.blenk@krafthand-medien.de\",\"image\":{\"@type\":\"ImageObject\",\"inLanguage\":\"de\",\"@id\":\"https:\\\/\\\/secure.gravatar.com\\\/avatar\\\/93713c30affe0aa95d3a4130e499bb1abee2eb31adbdd9ce2aa1543538490215?s=96&d=mm&r=g\",\"url\":\"https:\\\/\\\/secure.gravatar.com\\\/avatar\\\/93713c30affe0aa95d3a4130e499bb1abee2eb31adbdd9ce2aa1543538490215?s=96&d=mm&r=g\",\"contentUrl\":\"https:\\\/\\\/secure.gravatar.com\\\/avatar\\\/93713c30affe0aa95d3a4130e499bb1abee2eb31adbdd9ce2aa1543538490215?s=96&d=mm&r=g\",\"caption\":\"georg.blenk@krafthand-medien.de\"}}]}<\/script>\n<!-- \/ Yoast SEO plugin. -->","yoast_head_json":{"title":"Neuer Internetauftritt - Krafthand-Truck","robots":{"index":"index","follow":"follow","max-snippet":"max-snippet:-1","max-image-preview":"max-image-preview:large","max-video-preview":"max-video-preview:-1"},"canonical":"https:\/\/www.krafthand.de\/truck\/artikel\/neuer-internetauftritt-28663\/","og_locale":"de_DE","og_type":"article","og_title":"Neuer Internetauftritt - Krafthand-Truck","og_description":"Der Nutzfahrzeugteileh\u00e4ndler Winkler hat seinen Internetauftritt \u00fcberarbeitet und die Domains winkler.de und winkler-parts.ch unter einer Adresse verkn\u00fcpft. Zuk\u00fcnftig finden alle Kunden und Interessierte den Nutzfahrzeugteileh\u00e4ndler im Web unter winkler.com und den Onlineshop unter shop.winkler.com. ... weiter","og_url":"https:\/\/www.krafthand-truck.de\/artikel\/neuer-internetauftritt-28663\/","og_site_name":"Krafthand-Truck","article_published_time":"2021-07-07T14:50:23+00:00","og_image":[{"width":1124,"height":650,"url":"https:\/\/www.krafthand.de\/truck\/wp-content\/uploads\/2021\/07\/Relaunch_winkler_com_hop_winkler_com.jpg","type":"image\/jpeg"}],"author":"georg.blenk@krafthand-medien.de","twitter_card":"summary_large_image","twitter_misc":{"Verfasst von":"georg.blenk@krafthand-medien.de","Gesch\u00e4tzte Lesezeit":"1\u00a0Minute"},"schema":{"@context":"https:\/\/schema.org","@graph":[{"@type":"Article","@id":"https:\/\/www.krafthand.de\/truck\/artikel\/neuer-internetauftritt-28663\/#article","isPartOf":{"@id":"https:\/\/www.krafthand.de\/truck\/artikel\/neuer-internetauftritt-28663\/"},"author":{"name":"georg.blenk@krafthand-medien.de","@id":"https:\/\/www.krafthand.de\/truck\/#\/schema\/person\/51fa80b1c57034c4bf63f9f988fc24ce"},"headline":"Neuer Internetauftritt","datePublished":"2021-07-07T14:50:23+00:00","mainEntityOfPage":{"@id":"https:\/\/www.krafthand.de\/truck\/artikel\/neuer-internetauftritt-28663\/"},"wordCount":239,"image":{"@id":"https:\/\/www.krafthand.de\/truck\/artikel\/neuer-internetauftritt-28663\/#primaryimage"},"thumbnailUrl":"https:\/\/static.krafthand-truck.de\/uploads\/2021\/07\/Relaunch_winkler_com_hop_winkler_com.jpg","keywords":["J\u00f6rg Rentschler","Online-Shop","Relaunch","Webseite","Winkler"],"articleSection":["Unternehmen"],"inLanguage":"de"},{"@type":"WebPage","@id":"https:\/\/www.krafthand.de\/truck\/artikel\/neuer-internetauftritt-28663\/","url":"https:\/\/www.krafthand.de\/truck\/artikel\/neuer-internetauftritt-28663\/","name":"Neuer Internetauftritt - Krafthand-Truck","isPartOf":{"@id":"https:\/\/www.krafthand.de\/truck\/#website"},"primaryImageOfPage":{"@id":"https:\/\/www.krafthand.de\/truck\/artikel\/neuer-internetauftritt-28663\/#primaryimage"},"image":{"@id":"https:\/\/www.krafthand.de\/truck\/artikel\/neuer-internetauftritt-28663\/#primaryimage"},"thumbnailUrl":"https:\/\/static.krafthand-truck.de\/uploads\/2021\/07\/Relaunch_winkler_com_hop_winkler_com.jpg","datePublished":"2021-07-07T14:50:23+00:00","author":{"@id":"https:\/\/www.krafthand.de\/truck\/#\/schema\/person\/51fa80b1c57034c4bf63f9f988fc24ce"},"breadcrumb":{"@id":"https:\/\/www.krafthand.de\/truck\/artikel\/neuer-internetauftritt-28663\/#breadcrumb"},"inLanguage":"de","potentialAction":[{"@type":"ReadAction","target":["https:\/\/www.krafthand.de\/truck\/artikel\/neuer-internetauftritt-28663\/"]}]},{"@type":"ImageObject","inLanguage":"de","@id":"https:\/\/www.krafthand.de\/truck\/artikel\/neuer-internetauftritt-28663\/#primaryimage","url":"https:\/\/static.krafthand-truck.de\/uploads\/2021\/07\/Relaunch_winkler_com_hop_winkler_com.jpg","contentUrl":"https:\/\/static.krafthand-truck.de\/uploads\/2021\/07\/Relaunch_winkler_com_hop_winkler_com.jpg","width":1124,"height":650},{"@type":"BreadcrumbList","@id":"https:\/\/www.krafthand.de\/truck\/artikel\/neuer-internetauftritt-28663\/#breadcrumb","itemListElement":[{"@type":"ListItem","position":1,"name":"Krafthand-Truck","item":"https:\/\/www.krafthand.de\/truck\/"},{"@type":"ListItem","position":2,"name":"Nfz-Branche","item":"https:\/\/www.krafthand.de\/truck\/kategorie\/branche\/"},{"@type":"ListItem","position":3,"name":"Unternehmen","item":"https:\/\/www.krafthand.de\/truck\/kategorie\/branche\/unternehmen\/"},{"@type":"ListItem","position":4,"name":"Neuer Internetauftritt"}]},{"@type":"WebSite","@id":"https:\/\/www.krafthand.de\/truck\/#website","url":"https:\/\/www.krafthand.de\/truck\/","name":"Krafthand-Truck","description":"","potentialAction":[{"@type":"SearchAction","target":{"@type":"EntryPoint","urlTemplate":"https:\/\/www.krafthand.de\/truck\/?s={search_term_string}"},"query-input":{"@type":"PropertyValueSpecification","valueRequired":true,"valueName":"search_term_string"}}],"inLanguage":"de"},{"@type":"Person","@id":"https:\/\/www.krafthand.de\/truck\/#\/schema\/person\/51fa80b1c57034c4bf63f9f988fc24ce","name":"georg.blenk@krafthand-medien.de","image":{"@type":"ImageObject","inLanguage":"de","@id":"https:\/\/secure.gravatar.com\/avatar\/93713c30affe0aa95d3a4130e499bb1abee2eb31adbdd9ce2aa1543538490215?s=96&d=mm&r=g","url":"https:\/\/secure.gravatar.com\/avatar\/93713c30affe0aa95d3a4130e499bb1abee2eb31adbdd9ce2aa1543538490215?s=96&d=mm&r=g","contentUrl":"https:\/\/secure.gravatar.com\/avatar\/93713c30affe0aa95d3a4130e499bb1abee2eb31adbdd9ce2aa1543538490215?s=96&d=mm&r=g","caption":"georg.blenk@krafthand-medien.de"}}]}},"_links":{"self":[{"href":"https:\/\/www.krafthand.de\/truck\/wp-json\/wp\/v2\/posts\/28663","targetHints":{"allow":["GET"]}}],"collection":[{"href":"https:\/\/www.krafthand.de\/truck\/wp-json\/wp\/v2\/posts"}],"about":[{"href":"https:\/\/www.krafthand.de\/truck\/wp-json\/wp\/v2\/types\/post"}],"author":[{"embeddable":true,"href":"https:\/\/www.krafthand.de\/truck\/wp-json\/wp\/v2\/users\/9"}],"replies":[{"embeddable":true,"href":"https:\/\/www.krafthand.de\/truck\/wp-json\/wp\/v2\/comments?post=28663"}],"version-history":[{"count":10,"href":"https:\/\/www.krafthand.de\/truck\/wp-json\/wp\/v2\/posts\/28663\/revisions"}],"predecessor-version":[{"id":28674,"href":"https:\/\/www.krafthand.de\/truck\/wp-json\/wp\/v2\/posts\/28663\/revisions\/28674"}],"wp:featuredmedia":[{"embeddable":true,"href":"https:\/\/www.krafthand.de\/truck\/wp-json\/wp\/v2\/media\/28664"}],"wp:attachment":[{"href":"https:\/\/www.krafthand.de\/truck\/wp-json\/wp\/v2\/media?parent=28663"}],"wp:term":[{"taxonomy":"category","embeddable":true,"href":"https:\/\/www.krafthand.de\/truck\/wp-json\/wp\/v2\/categories?post=28663"},{"taxonomy":"post_tag","embeddable":true,"href":"https:\/\/www.krafthand.de\/truck\/wp-json\/wp\/v2\/tags?post=28663"},{"taxonomy":"settings","embeddable":true,"href":"https:\/\/www.krafthand.de\/truck\/wp-json\/wp\/v2\/settings?post=28663"}],"curies":[{"name":"wp","href":"https:\/\/api.w.org\/{rel}","templated":true}]}}