{"id":28647,"date":"2021-07-07T17:23:09","date_gmt":"2021-07-07T15:23:09","guid":{"rendered":"https:\/\/www.krafthand.de\/truck\/?p=28647"},"modified":"2021-11-28T09:13:44","modified_gmt":"2021-11-28T08:13:44","slug":"neue-voll-led-heckleuchten-fuer-lkw","status":"publish","type":"post","link":"https:\/\/www.krafthand.de\/truck\/artikel\/neue-voll-led-heckleuchten-fuer-lkw-28647\/","title":{"rendered":"Neue Voll-LED-Heckleuchten f\u00fcr Lkw und Trailer"},"content":{"rendered":"<p>Hella hat eine Voll-LED-Heckleuchte f\u00fcr 24-Volt Trucks und Trailer mit einem modularen Konzept vorgestellt. So l\u00e4sst sich den Angaben zufolge der patentierte LED-Lichtvorhang, der das Schlusslicht der Voll-LED-Heckleuchte realisiert,\u00a0 jetzt erstmals individuell gestalten. Beispielsweise lassen sich grafische Strukturen wie Punkte, Streifen und Formen aufdrucken.<\/p>\n<blockquote><p>\u201eDas Schlusslicht wird damit zum zentralen Blickfang und unterst\u00fctzt das Branding der Hersteller auf der Stra\u00dfe. Lkw und Trailer werden quasi zum Unikat\u201c, erz\u00e4hlt Georg Fink, Vertriebsleiter f\u00fcr Trailer bei Hella.<\/p><\/blockquote>\n<p>Daneben k\u00f6nnen die Lkw-Hersteller etwa die Farbe des Tragrahmens frei w\u00e4hlen und beispielsweise entsprechend der Unternehmensfarben gestalten. <em>\u201eDie dar\u00fcber liegende Lichtscheibe ist in rot oder klar verf\u00fcgbar, sodass die farbliche Gestaltung sichtbar wird\u201c<\/em>, sagt Fink. Als weitere Individualisierungsm\u00f6glichkeit k\u00f6nnen Hersteller w\u00e4hlen, ob das Blinklicht standardm\u00e4\u00dfig oder dynamisch ausgef\u00fchrt sein soll.<\/p>\n<h3>Technische Details<\/h3>\n<figure id=\"attachment_28653\" aria-describedby=\"caption-attachment-28653\" style=\"width: 420px\" class=\"wp-caption alignleft\"><a href=\"https:\/\/www.krafthand.de\/truck\/wp-content\/uploads\/2021\/07\/Hella_Voll_LED-Heckleuchte_24V_Krafthand_Truck.jpg\" target=\"_blank\" rel=\"noopener\"><img fetchpriority=\"high\" decoding=\"async\" class=\"wp-image-28653\" src=\"https:\/\/www.krafthand.de\/truck\/wp-content\/uploads\/2021\/07\/Hella_Voll_LED-Heckleuchte_24V_Krafthand_Truck-300x212.jpg\" alt=\"\" width=\"420\" height=\"297\" srcset=\"https:\/\/static.krafthand-truck.de\/uploads\/2021\/07\/Hella_Voll_LED-Heckleuchte_24V_Krafthand_Truck-300x212.jpg 300w, https:\/\/static.krafthand-truck.de\/uploads\/2021\/07\/Hella_Voll_LED-Heckleuchte_24V_Krafthand_Truck-1024x724.jpg 1024w, https:\/\/static.krafthand-truck.de\/uploads\/2021\/07\/Hella_Voll_LED-Heckleuchte_24V_Krafthand_Truck-768x543.jpg 768w, https:\/\/static.krafthand-truck.de\/uploads\/2021\/07\/Hella_Voll_LED-Heckleuchte_24V_Krafthand_Truck.jpg 1200w\" sizes=\"(max-width: 420px) 100vw, 420px\" \/><\/a><figcaption id=\"caption-attachment-28653\" class=\"wp-caption-text\">Voll-LED-Heckleuchte f\u00fcr 24V-Truck- und Traileranwendungen. Bild: Hella<\/figcaption><\/figure>\n<p>Neben den Individualisierungsoptionen hat Hella auch die Lichtvorhang-Technologie selbst weiterentwickelt. Das Ergebnis sei ein deutlich homogeneres Erscheinungsbild des Schlusslichts, da es ohne separate Optiken auskomme. Der Lichtvorhang ist zudem laut Hella mit 144 Quadratzentimeter fast doppelt so gro\u00df wie bei Vorg\u00e4ngermodellen \u2013 damit ist das Schlusslicht selbst in der D\u00e4mmerung oder bei Nebel auch aus der Ferne jederzeit sichtbar.<br \/>\nAuf einem Bauraum von 55,5 Millimeter Tiefe verf\u00fcgt die Voll-LED-Heckleuchte \u00fcber weitere technische Eigenschaften. So lassen sich laut Hella dank mechanischer Schnittstellen f\u00fcr Sensorik etwa auf beiden Seiten Ultraschallsensoren anschlie\u00dfen, um etwa einen Einparkassistenten zu realisieren. Au\u00dferdem sind die Steuerung f\u00fcr blinkende Seitenmarkierungsleuchten, die Blinkleuchtenausfallkontrolle und die Lastsimulation zur \u00dcberwachung von Brems- und Blinklicht direkt in das System integriert. Dadurch seien keine zus\u00e4tzlichen Steuerger\u00e4te mehr notwendig, was den Verkabelungsaufwand deutlich reduziere und Kosten spare.<\/p>\n<h3>Staubdicht, druckresistent<\/h3>\n<p>Die Voll-LED-Heckleuchte ist f\u00fcr den Spannungsbereich von 24 Volt ausgelegt. Die zweifarbige Au\u00dfenlichtscheibe ist aus schlagfestem Polycarbonat (PC) und mit dem Geh\u00e4use verklebt. Insgesamt erreicht die Heckleuchte den Schutzgrad IP 6K9K \u2013 das bedeutet, dass sie nicht nur staubdicht ist, sondern auch resistent gegen die Reinigung mit Wasser unter hohem Druck. Die Leuchte entspricht zudem dem Automotive-Standard (ISO 26262). Die Leuchte ist laut Hella mit oder ohne Gummiarm verf\u00fcgbar. Als Standard-Schnittstelle zum Fahrzeug verf\u00fcgt sie dar\u00fcber hianus \u00fcber einen zentralen 7-poligen DIN-Stecker und 2-polige AMP-Superseal-Stecker f\u00fcr Zusatzlichtfunktionen.<\/p>\n\r\n\t\t\t\t<div class=\"post-author\">\r\n\t\t\t\t\t<div class=\"khm-cp-author clearfix\">\r\n\t\t\t\t\t\t<div class=\"khm-cp-author__content\">\r\n\t\t\t\t\t\t\t\tKontakt zum Autor:<br \/>\r\n\t\t\t\t\t\t\t\t<strong>Georg Blenk<\/strong>, 08247 \/ 3007-45 |  <a href=\"mailto:georg.blenk@krafthand-medien.de\">georg.blenk@krafthand-medien.de<\/a>\r\n\t\t\t\t\t\t\t<div class=\"khm-cp-author__image\">\r\n\t\t\t\t\t\t<img src=\"https:\/\/static.krafthand-truck.de\/uploads\/2021\/01\/Blenk_6104-250x300-1-removebg-preview.png\" class=\"img-responsive\">\r\n\t\t\t\t\t<\/div>\r\n\t\t\t\t\t\t<\/div>\r\n\t\t\t\t\t<\/div>\r\n\t\t\t\t<\/div>\r\n\t\t\t\t","protected":false},"excerpt":{"rendered":"<p>Hella hat eine Voll-LED-Heckleuchte f\u00fcr 24-Volt Trucks und Trailer mit einem modularen Konzept vorgestellt. So l\u00e4sst sich den Angaben zufolge der patentierte LED-Lichtvorhang, der das Schlusslicht der Voll-LED-Heckleuchte realisiert,\u00a0 jetzt erstmals individuell gestalten. Beispielsweise lassen sich grafische Strukturen wie Punkte, Streifen und Formen aufdrucken. \u201eDas Schlusslicht wird damit zum zentralen Blickfang und unterst\u00fctzt das Branding <span class=\"excerpt-more__dots\">&#8230;<\/span> <a class=\"excerpt-more__link\" href=\"https:\/\/www.krafthand.de\/truck\/artikel\/neue-voll-led-heckleuchten-fuer-lkw-28647\/\" >weiter<\/a><\/p>\n","protected":false},"author":9,"featured_media":28652,"comment_status":"closed","ping_status":"closed","sticky":false,"template":"","format":"standard","meta":{"footnotes":""},"categories":[4912,4229],"tags":[4602,4601,597,264,4603],"settings":[3524,3523],"class_list":["post-28647","post","type-post","status-publish","format-standard","has-post-thumbnail","hentry","category-ersatzteile-zubehoer","category-nfz-teile-systeme","tag-georg-fink","tag-heckleuchte","tag-hella","tag-led","tag-trailer-heckleuchte"],"yoast_head":"<!-- This site is optimized with the Yoast SEO plugin v27.3 - https:\/\/yoast.com\/product\/yoast-seo-wordpress\/ -->\n<title>Neue Voll-LED-Heckleuchten f\u00fcr Lkw und Trailer - Krafthand-Truck<\/title>\n<meta name=\"robots\" content=\"index, follow, max-snippet:-1, max-image-preview:large, max-video-preview:-1\" \/>\n<link rel=\"canonical\" href=\"https:\/\/www.krafthand.de\/truck\/artikel\/neue-voll-led-heckleuchten-fuer-lkw-28647\/\" \/>\n<meta property=\"og:locale\" content=\"de_DE\" \/>\n<meta property=\"og:type\" content=\"article\" \/>\n<meta property=\"og:title\" content=\"Neue Voll-LED-Heckleuchten f\u00fcr Lkw und Trailer - Krafthand-Truck\" \/>\n<meta property=\"og:description\" content=\"Hella hat eine Voll-LED-Heckleuchte f\u00fcr 24-Volt Trucks und Trailer mit einem modularen Konzept vorgestellt. So l\u00e4sst sich den Angaben zufolge der patentierte LED-Lichtvorhang, der das Schlusslicht der Voll-LED-Heckleuchte realisiert,\u00a0 jetzt erstmals individuell gestalten. Beispielsweise lassen sich grafische Strukturen wie Punkte, Streifen und Formen aufdrucken. \u201eDas Schlusslicht wird damit zum zentralen Blickfang und unterst\u00fctzt das Branding ... weiter\" \/>\n<meta property=\"og:url\" content=\"https:\/\/www.krafthand-truck.de\/artikel\/neue-voll-led-heckleuchten-fuer-lkw-28647\/\" \/>\n<meta property=\"og:site_name\" content=\"Krafthand-Truck\" \/>\n<meta property=\"article:published_time\" content=\"2021-07-07T15:23:09+00:00\" \/>\n<meta property=\"article:modified_time\" content=\"2021-11-28T08:13:44+00:00\" \/>\n<meta property=\"og:image\" content=\"https:\/\/www.krafthand.de\/truck\/wp-content\/uploads\/2021\/07\/Hella_Voll_LED_Heckleuchte_Krafthand_Truck_01.jpg\" \/>\n\t<meta property=\"og:image:width\" content=\"1200\" \/>\n\t<meta property=\"og:image:height\" content=\"675\" \/>\n\t<meta property=\"og:image:type\" content=\"image\/jpeg\" \/>\n<meta name=\"author\" content=\"georg.blenk@krafthand-medien.de\" \/>\n<meta name=\"twitter:card\" content=\"summary_large_image\" \/>\n<meta name=\"twitter:label1\" content=\"Verfasst von\" \/>\n\t<meta name=\"twitter:data1\" content=\"georg.blenk@krafthand-medien.de\" \/>\n\t<meta name=\"twitter:label2\" content=\"Gesch\u00e4tzte Lesezeit\" \/>\n\t<meta name=\"twitter:data2\" content=\"2\u00a0Minuten\" \/>\n<script type=\"application\/ld+json\" class=\"yoast-schema-graph\">{\"@context\":\"https:\\\/\\\/schema.org\",\"@graph\":[{\"@type\":\"Article\",\"@id\":\"https:\\\/\\\/www.krafthand.de\\\/truck\\\/artikel\\\/neue-voll-led-heckleuchten-fuer-lkw-28647\\\/#article\",\"isPartOf\":{\"@id\":\"https:\\\/\\\/www.krafthand.de\\\/truck\\\/artikel\\\/neue-voll-led-heckleuchten-fuer-lkw-28647\\\/\"},\"author\":{\"name\":\"georg.blenk@krafthand-medien.de\",\"@id\":\"https:\\\/\\\/www.krafthand.de\\\/truck\\\/#\\\/schema\\\/person\\\/51fa80b1c57034c4bf63f9f988fc24ce\"},\"headline\":\"Neue Voll-LED-Heckleuchten f\u00fcr Lkw und Trailer\",\"datePublished\":\"2021-07-07T15:23:09+00:00\",\"dateModified\":\"2021-11-28T08:13:44+00:00\",\"mainEntityOfPage\":{\"@id\":\"https:\\\/\\\/www.krafthand.de\\\/truck\\\/artikel\\\/neue-voll-led-heckleuchten-fuer-lkw-28647\\\/\"},\"wordCount\":397,\"image\":{\"@id\":\"https:\\\/\\\/www.krafthand.de\\\/truck\\\/artikel\\\/neue-voll-led-heckleuchten-fuer-lkw-28647\\\/#primaryimage\"},\"thumbnailUrl\":\"https:\\\/\\\/static.krafthand-truck.de\\\/uploads\\\/2021\\\/07\\\/Hella_Voll_LED_Heckleuchte_Krafthand_Truck_01.jpg\",\"keywords\":[\"Georg Fink\",\"Heckleuchte\",\"Hella\",\"LED\",\"Trailer-Heckleuchte\"],\"articleSection\":[\"Ersatzteile\\\/Zubeh\u00f6r\",\"Nfz-Teile\\\/Systeme\"],\"inLanguage\":\"de\"},{\"@type\":\"WebPage\",\"@id\":\"https:\\\/\\\/www.krafthand.de\\\/truck\\\/artikel\\\/neue-voll-led-heckleuchten-fuer-lkw-28647\\\/\",\"url\":\"https:\\\/\\\/www.krafthand.de\\\/truck\\\/artikel\\\/neue-voll-led-heckleuchten-fuer-lkw-28647\\\/\",\"name\":\"Neue Voll-LED-Heckleuchten f\u00fcr Lkw und Trailer - Krafthand-Truck\",\"isPartOf\":{\"@id\":\"https:\\\/\\\/www.krafthand.de\\\/truck\\\/#website\"},\"primaryImageOfPage\":{\"@id\":\"https:\\\/\\\/www.krafthand.de\\\/truck\\\/artikel\\\/neue-voll-led-heckleuchten-fuer-lkw-28647\\\/#primaryimage\"},\"image\":{\"@id\":\"https:\\\/\\\/www.krafthand.de\\\/truck\\\/artikel\\\/neue-voll-led-heckleuchten-fuer-lkw-28647\\\/#primaryimage\"},\"thumbnailUrl\":\"https:\\\/\\\/static.krafthand-truck.de\\\/uploads\\\/2021\\\/07\\\/Hella_Voll_LED_Heckleuchte_Krafthand_Truck_01.jpg\",\"datePublished\":\"2021-07-07T15:23:09+00:00\",\"dateModified\":\"2021-11-28T08:13:44+00:00\",\"author\":{\"@id\":\"https:\\\/\\\/www.krafthand.de\\\/truck\\\/#\\\/schema\\\/person\\\/51fa80b1c57034c4bf63f9f988fc24ce\"},\"breadcrumb\":{\"@id\":\"https:\\\/\\\/www.krafthand.de\\\/truck\\\/artikel\\\/neue-voll-led-heckleuchten-fuer-lkw-28647\\\/#breadcrumb\"},\"inLanguage\":\"de\",\"potentialAction\":[{\"@type\":\"ReadAction\",\"target\":[\"https:\\\/\\\/www.krafthand.de\\\/truck\\\/artikel\\\/neue-voll-led-heckleuchten-fuer-lkw-28647\\\/\"]}]},{\"@type\":\"ImageObject\",\"inLanguage\":\"de\",\"@id\":\"https:\\\/\\\/www.krafthand.de\\\/truck\\\/artikel\\\/neue-voll-led-heckleuchten-fuer-lkw-28647\\\/#primaryimage\",\"url\":\"https:\\\/\\\/static.krafthand-truck.de\\\/uploads\\\/2021\\\/07\\\/Hella_Voll_LED_Heckleuchte_Krafthand_Truck_01.jpg\",\"contentUrl\":\"https:\\\/\\\/static.krafthand-truck.de\\\/uploads\\\/2021\\\/07\\\/Hella_Voll_LED_Heckleuchte_Krafthand_Truck_01.jpg\",\"width\":1200,\"height\":675},{\"@type\":\"BreadcrumbList\",\"@id\":\"https:\\\/\\\/www.krafthand.de\\\/truck\\\/artikel\\\/neue-voll-led-heckleuchten-fuer-lkw-28647\\\/#breadcrumb\",\"itemListElement\":[{\"@type\":\"ListItem\",\"position\":1,\"name\":\"Krafthand-Truck\",\"item\":\"https:\\\/\\\/www.krafthand.de\\\/truck\\\/\"},{\"@type\":\"ListItem\",\"position\":2,\"name\":\"Nfz-Technik\",\"item\":\"https:\\\/\\\/www.krafthand.de\\\/truck\\\/kategorie\\\/nfz-technik\\\/\"},{\"@type\":\"ListItem\",\"position\":3,\"name\":\"Nfz-Teile\\\/Systeme\",\"item\":\"https:\\\/\\\/www.krafthand.de\\\/truck\\\/kategorie\\\/nfz-technik\\\/nfz-teile-systeme\\\/\"},{\"@type\":\"ListItem\",\"position\":4,\"name\":\"Neue Voll-LED-Heckleuchten f\u00fcr Lkw und Trailer\"}]},{\"@type\":\"WebSite\",\"@id\":\"https:\\\/\\\/www.krafthand.de\\\/truck\\\/#website\",\"url\":\"https:\\\/\\\/www.krafthand.de\\\/truck\\\/\",\"name\":\"Krafthand-Truck\",\"description\":\"\",\"potentialAction\":[{\"@type\":\"SearchAction\",\"target\":{\"@type\":\"EntryPoint\",\"urlTemplate\":\"https:\\\/\\\/www.krafthand.de\\\/truck\\\/?s={search_term_string}\"},\"query-input\":{\"@type\":\"PropertyValueSpecification\",\"valueRequired\":true,\"valueName\":\"search_term_string\"}}],\"inLanguage\":\"de\"},{\"@type\":\"Person\",\"@id\":\"https:\\\/\\\/www.krafthand.de\\\/truck\\\/#\\\/schema\\\/person\\\/51fa80b1c57034c4bf63f9f988fc24ce\",\"name\":\"georg.blenk@krafthand-medien.de\",\"image\":{\"@type\":\"ImageObject\",\"inLanguage\":\"de\",\"@id\":\"https:\\\/\\\/secure.gravatar.com\\\/avatar\\\/93713c30affe0aa95d3a4130e499bb1abee2eb31adbdd9ce2aa1543538490215?s=96&d=mm&r=g\",\"url\":\"https:\\\/\\\/secure.gravatar.com\\\/avatar\\\/93713c30affe0aa95d3a4130e499bb1abee2eb31adbdd9ce2aa1543538490215?s=96&d=mm&r=g\",\"contentUrl\":\"https:\\\/\\\/secure.gravatar.com\\\/avatar\\\/93713c30affe0aa95d3a4130e499bb1abee2eb31adbdd9ce2aa1543538490215?s=96&d=mm&r=g\",\"caption\":\"georg.blenk@krafthand-medien.de\"}}]}<\/script>\n<!-- \/ Yoast SEO plugin. -->","yoast_head_json":{"title":"Neue Voll-LED-Heckleuchten f\u00fcr Lkw und Trailer - Krafthand-Truck","robots":{"index":"index","follow":"follow","max-snippet":"max-snippet:-1","max-image-preview":"max-image-preview:large","max-video-preview":"max-video-preview:-1"},"canonical":"https:\/\/www.krafthand.de\/truck\/artikel\/neue-voll-led-heckleuchten-fuer-lkw-28647\/","og_locale":"de_DE","og_type":"article","og_title":"Neue Voll-LED-Heckleuchten f\u00fcr Lkw und Trailer - Krafthand-Truck","og_description":"Hella hat eine Voll-LED-Heckleuchte f\u00fcr 24-Volt Trucks und Trailer mit einem modularen Konzept vorgestellt. So l\u00e4sst sich den Angaben zufolge der patentierte LED-Lichtvorhang, der das Schlusslicht der Voll-LED-Heckleuchte realisiert,\u00a0 jetzt erstmals individuell gestalten. Beispielsweise lassen sich grafische Strukturen wie Punkte, Streifen und Formen aufdrucken. \u201eDas Schlusslicht wird damit zum zentralen Blickfang und unterst\u00fctzt das Branding ... weiter","og_url":"https:\/\/www.krafthand-truck.de\/artikel\/neue-voll-led-heckleuchten-fuer-lkw-28647\/","og_site_name":"Krafthand-Truck","article_published_time":"2021-07-07T15:23:09+00:00","article_modified_time":"2021-11-28T08:13:44+00:00","og_image":[{"width":1200,"height":675,"url":"https:\/\/www.krafthand.de\/truck\/wp-content\/uploads\/2021\/07\/Hella_Voll_LED_Heckleuchte_Krafthand_Truck_01.jpg","type":"image\/jpeg"}],"author":"georg.blenk@krafthand-medien.de","twitter_card":"summary_large_image","twitter_misc":{"Verfasst von":"georg.blenk@krafthand-medien.de","Gesch\u00e4tzte Lesezeit":"2\u00a0Minuten"},"schema":{"@context":"https:\/\/schema.org","@graph":[{"@type":"Article","@id":"https:\/\/www.krafthand.de\/truck\/artikel\/neue-voll-led-heckleuchten-fuer-lkw-28647\/#article","isPartOf":{"@id":"https:\/\/www.krafthand.de\/truck\/artikel\/neue-voll-led-heckleuchten-fuer-lkw-28647\/"},"author":{"name":"georg.blenk@krafthand-medien.de","@id":"https:\/\/www.krafthand.de\/truck\/#\/schema\/person\/51fa80b1c57034c4bf63f9f988fc24ce"},"headline":"Neue Voll-LED-Heckleuchten f\u00fcr Lkw und Trailer","datePublished":"2021-07-07T15:23:09+00:00","dateModified":"2021-11-28T08:13:44+00:00","mainEntityOfPage":{"@id":"https:\/\/www.krafthand.de\/truck\/artikel\/neue-voll-led-heckleuchten-fuer-lkw-28647\/"},"wordCount":397,"image":{"@id":"https:\/\/www.krafthand.de\/truck\/artikel\/neue-voll-led-heckleuchten-fuer-lkw-28647\/#primaryimage"},"thumbnailUrl":"https:\/\/static.krafthand-truck.de\/uploads\/2021\/07\/Hella_Voll_LED_Heckleuchte_Krafthand_Truck_01.jpg","keywords":["Georg Fink","Heckleuchte","Hella","LED","Trailer-Heckleuchte"],"articleSection":["Ersatzteile\/Zubeh\u00f6r","Nfz-Teile\/Systeme"],"inLanguage":"de"},{"@type":"WebPage","@id":"https:\/\/www.krafthand.de\/truck\/artikel\/neue-voll-led-heckleuchten-fuer-lkw-28647\/","url":"https:\/\/www.krafthand.de\/truck\/artikel\/neue-voll-led-heckleuchten-fuer-lkw-28647\/","name":"Neue Voll-LED-Heckleuchten f\u00fcr Lkw und Trailer - Krafthand-Truck","isPartOf":{"@id":"https:\/\/www.krafthand.de\/truck\/#website"},"primaryImageOfPage":{"@id":"https:\/\/www.krafthand.de\/truck\/artikel\/neue-voll-led-heckleuchten-fuer-lkw-28647\/#primaryimage"},"image":{"@id":"https:\/\/www.krafthand.de\/truck\/artikel\/neue-voll-led-heckleuchten-fuer-lkw-28647\/#primaryimage"},"thumbnailUrl":"https:\/\/static.krafthand-truck.de\/uploads\/2021\/07\/Hella_Voll_LED_Heckleuchte_Krafthand_Truck_01.jpg","datePublished":"2021-07-07T15:23:09+00:00","dateModified":"2021-11-28T08:13:44+00:00","author":{"@id":"https:\/\/www.krafthand.de\/truck\/#\/schema\/person\/51fa80b1c57034c4bf63f9f988fc24ce"},"breadcrumb":{"@id":"https:\/\/www.krafthand.de\/truck\/artikel\/neue-voll-led-heckleuchten-fuer-lkw-28647\/#breadcrumb"},"inLanguage":"de","potentialAction":[{"@type":"ReadAction","target":["https:\/\/www.krafthand.de\/truck\/artikel\/neue-voll-led-heckleuchten-fuer-lkw-28647\/"]}]},{"@type":"ImageObject","inLanguage":"de","@id":"https:\/\/www.krafthand.de\/truck\/artikel\/neue-voll-led-heckleuchten-fuer-lkw-28647\/#primaryimage","url":"https:\/\/static.krafthand-truck.de\/uploads\/2021\/07\/Hella_Voll_LED_Heckleuchte_Krafthand_Truck_01.jpg","contentUrl":"https:\/\/static.krafthand-truck.de\/uploads\/2021\/07\/Hella_Voll_LED_Heckleuchte_Krafthand_Truck_01.jpg","width":1200,"height":675},{"@type":"BreadcrumbList","@id":"https:\/\/www.krafthand.de\/truck\/artikel\/neue-voll-led-heckleuchten-fuer-lkw-28647\/#breadcrumb","itemListElement":[{"@type":"ListItem","position":1,"name":"Krafthand-Truck","item":"https:\/\/www.krafthand.de\/truck\/"},{"@type":"ListItem","position":2,"name":"Nfz-Technik","item":"https:\/\/www.krafthand.de\/truck\/kategorie\/nfz-technik\/"},{"@type":"ListItem","position":3,"name":"Nfz-Teile\/Systeme","item":"https:\/\/www.krafthand.de\/truck\/kategorie\/nfz-technik\/nfz-teile-systeme\/"},{"@type":"ListItem","position":4,"name":"Neue Voll-LED-Heckleuchten f\u00fcr Lkw und Trailer"}]},{"@type":"WebSite","@id":"https:\/\/www.krafthand.de\/truck\/#website","url":"https:\/\/www.krafthand.de\/truck\/","name":"Krafthand-Truck","description":"","potentialAction":[{"@type":"SearchAction","target":{"@type":"EntryPoint","urlTemplate":"https:\/\/www.krafthand.de\/truck\/?s={search_term_string}"},"query-input":{"@type":"PropertyValueSpecification","valueRequired":true,"valueName":"search_term_string"}}],"inLanguage":"de"},{"@type":"Person","@id":"https:\/\/www.krafthand.de\/truck\/#\/schema\/person\/51fa80b1c57034c4bf63f9f988fc24ce","name":"georg.blenk@krafthand-medien.de","image":{"@type":"ImageObject","inLanguage":"de","@id":"https:\/\/secure.gravatar.com\/avatar\/93713c30affe0aa95d3a4130e499bb1abee2eb31adbdd9ce2aa1543538490215?s=96&d=mm&r=g","url":"https:\/\/secure.gravatar.com\/avatar\/93713c30affe0aa95d3a4130e499bb1abee2eb31adbdd9ce2aa1543538490215?s=96&d=mm&r=g","contentUrl":"https:\/\/secure.gravatar.com\/avatar\/93713c30affe0aa95d3a4130e499bb1abee2eb31adbdd9ce2aa1543538490215?s=96&d=mm&r=g","caption":"georg.blenk@krafthand-medien.de"}}]}},"_links":{"self":[{"href":"https:\/\/www.krafthand.de\/truck\/wp-json\/wp\/v2\/posts\/28647","targetHints":{"allow":["GET"]}}],"collection":[{"href":"https:\/\/www.krafthand.de\/truck\/wp-json\/wp\/v2\/posts"}],"about":[{"href":"https:\/\/www.krafthand.de\/truck\/wp-json\/wp\/v2\/types\/post"}],"author":[{"embeddable":true,"href":"https:\/\/www.krafthand.de\/truck\/wp-json\/wp\/v2\/users\/9"}],"replies":[{"embeddable":true,"href":"https:\/\/www.krafthand.de\/truck\/wp-json\/wp\/v2\/comments?post=28647"}],"version-history":[{"count":11,"href":"https:\/\/www.krafthand.de\/truck\/wp-json\/wp\/v2\/posts\/28647\/revisions"}],"predecessor-version":[{"id":28675,"href":"https:\/\/www.krafthand.de\/truck\/wp-json\/wp\/v2\/posts\/28647\/revisions\/28675"}],"wp:featuredmedia":[{"embeddable":true,"href":"https:\/\/www.krafthand.de\/truck\/wp-json\/wp\/v2\/media\/28652"}],"wp:attachment":[{"href":"https:\/\/www.krafthand.de\/truck\/wp-json\/wp\/v2\/media?parent=28647"}],"wp:term":[{"taxonomy":"category","embeddable":true,"href":"https:\/\/www.krafthand.de\/truck\/wp-json\/wp\/v2\/categories?post=28647"},{"taxonomy":"post_tag","embeddable":true,"href":"https:\/\/www.krafthand.de\/truck\/wp-json\/wp\/v2\/tags?post=28647"},{"taxonomy":"settings","embeddable":true,"href":"https:\/\/www.krafthand.de\/truck\/wp-json\/wp\/v2\/settings?post=28647"}],"curies":[{"name":"wp","href":"https:\/\/api.w.org\/{rel}","templated":true}]}}