{"id":28630,"date":"2021-07-02T13:06:58","date_gmt":"2021-07-02T11:06:58","guid":{"rendered":"https:\/\/www.krafthand.de\/truck\/?p=28630"},"modified":"2021-07-02T13:06:58","modified_gmt":"2021-07-02T11:06:58","slug":"us-lkw-hersteller-navistar-gehoert-zur-traton-group","status":"publish","type":"post","link":"https:\/\/www.krafthand.de\/truck\/artikel\/us-lkw-hersteller-navistar-gehoert-zur-traton-group-28630\/","title":{"rendered":"US-Lkw-Hersteller Navistar geh\u00f6rt zur Traton-Group"},"content":{"rendered":"<p>Die Traton Group, die mehrheitlich zur Volkswagen AG geh\u00f6rt, hat neben MAN, Scania, Volkswagen Caminh\u00f5es e \u00d4nibus und RIO nun mit Navistar ein neues Familienmitglied bekommen. Die Verschmelzung des US-Nutzfahrzeugherstellers mit Traton wurde k\u00fcrzlich wirksam. Alle Navistar-Stammaktien sind nun im Besitz der Traton Group. Im Laufe des Juli 2021 soll den Angaben von Traton zufolge Navistar von der B\u00f6rse genommen und bei der US-B\u00f6rsenaufsicht SEC deregistriert werden.<\/p>\n<blockquote><p>\u201eDie Kollegen von Navistar sind nun ein Teil der globalen Traton-Familie. Wir werden gemeinsam intensiv am nachhaltigen Transport der Zukunft arbeiten\u201c, so Traton CEO Matthias Gr\u00fcndler und f\u00fcgte hinzu: \u201eDass dieser Zusammenschluss trotz der Widrigkeiten der COVID-19-Pandemie so schnell und reibungslos zum Erfolg gebracht wurde, ist eine beeindruckende Team-Leistung auf beiden Seiten des Atlantiks. Daf\u00fcr danke ich jedem einzelnen Beteiligten.\u201c<\/p>\n<p>\u201eIn den vergangenen f\u00fcnf Jahren haben Navistar und die Traton-Marken sehr gut zusammengearbeitet, und wir freuen uns, nun Teil der globalen Traton Group zu werden\u201c, so Persio Lisboa, Pr\u00e4sident und CEO von Navistar. \u201eUnser einheitliches Verst\u00e4ndnis von der Zukunft des Transportwesens und unsere gemeinsame Vergangenheit schaffen eine sehr solide Basis f\u00fcr unseren gemeinsamen Weg nach vorn. Die Transportbranche ver\u00e4ndert sich rasant. Und diesen Wandel werden wir gemeinsam gestalten.. Das Navistar-Team ist bereit f\u00fcr den n\u00e4chsten Schritt der Zusammenarbeit.\u201c<\/p><\/blockquote>\n<p>Traton und Navistar arbeiten bereits seit 2017 im Rahmen einer strategischen Allianz zusammen. Als neue Marke der Traton Group wird Navistar laut Traton jetzt die wachsenden Anforderungen des Marktes besser bew\u00e4ltigen und seinen Kunden noch bessere Angebote unterbreiten k\u00f6nnen, vor allem beim Wechsel hin zur Elektromobilit\u00e4t und der Etablierung des autonomen Fahrens. Durch den Zusammenschluss entsteht laut Traton ein f\u00fchrendes Unternehmen mit globaler Reichweite und komplement\u00e4ren F\u00e4higkeiten. Der Kaufpreis betr\u00e4gt den Angaben zufolge rund 3,7 Mrd USD.<\/p>\n","protected":false},"excerpt":{"rendered":"<p>Die Traton Group, die mehrheitlich zur Volkswagen AG geh\u00f6rt, hat neben MAN, Scania, Volkswagen Caminh\u00f5es e \u00d4nibus und RIO nun mit Navistar ein neues Familienmitglied bekommen. Die Verschmelzung des US-Nutzfahrzeugherstellers mit Traton wurde k\u00fcrzlich wirksam. <span class=\"excerpt-more__dots\">&#8230;<\/span> <a class=\"excerpt-more__link\" href=\"https:\/\/www.krafthand.de\/truck\/artikel\/us-lkw-hersteller-navistar-gehoert-zur-traton-group-28630\/\" >weiter<\/a><\/p>\n","protected":false},"author":9,"featured_media":28636,"comment_status":"closed","ping_status":"closed","sticky":false,"template":"","format":"standard","meta":{"footnotes":""},"categories":[4238,4235],"tags":[152,4598,4600,4599,136,4250],"settings":[3523],"class_list":["post-28630","post","type-post","status-publish","format-standard","has-post-thumbnail","hentry","category-koepfe","category-unternehmen","tag-man","tag-matthias-gruendler","tag-navistar","tag-persio-lisboa","tag-scania","tag-traton"],"yoast_head":"<!-- This site is optimized with the Yoast SEO plugin v27.3 - https:\/\/yoast.com\/product\/yoast-seo-wordpress\/ -->\n<title>US-Lkw-Hersteller Navistar geh\u00f6rt zur Traton-Group - Krafthand-Truck<\/title>\n<meta name=\"robots\" content=\"index, follow, max-snippet:-1, max-image-preview:large, max-video-preview:-1\" \/>\n<link rel=\"canonical\" href=\"https:\/\/www.krafthand.de\/truck\/artikel\/us-lkw-hersteller-navistar-gehoert-zur-traton-group-28630\/\" \/>\n<meta property=\"og:locale\" content=\"de_DE\" \/>\n<meta property=\"og:type\" content=\"article\" \/>\n<meta property=\"og:title\" content=\"US-Lkw-Hersteller Navistar geh\u00f6rt zur Traton-Group - Krafthand-Truck\" \/>\n<meta property=\"og:description\" content=\"Die Traton Group, die mehrheitlich zur Volkswagen AG geh\u00f6rt, hat neben MAN, Scania, Volkswagen Caminh\u00f5es e \u00d4nibus und RIO nun mit Navistar ein neues Familienmitglied bekommen. Die Verschmelzung des US-Nutzfahrzeugherstellers mit Traton wurde k\u00fcrzlich wirksam. ... weiter\" \/>\n<meta property=\"og:url\" content=\"https:\/\/www.krafthand-truck.de\/artikel\/us-lkw-hersteller-navistar-gehoert-zur-traton-group-28630\/\" \/>\n<meta property=\"og:site_name\" content=\"Krafthand-Truck\" \/>\n<meta property=\"article:published_time\" content=\"2021-07-02T11:06:58+00:00\" \/>\n<meta property=\"og:image\" content=\"https:\/\/www.krafthand.de\/truck\/wp-content\/uploads\/2021\/07\/Merger_Matthias_Gruendler-CEO-TRATON-SE-left_Persio_Lisboa-CEO-Navistar-Inc.-right-scaled.jpg\" \/>\n\t<meta property=\"og:image:width\" content=\"2560\" \/>\n\t<meta property=\"og:image:height\" content=\"1440\" \/>\n\t<meta property=\"og:image:type\" content=\"image\/jpeg\" \/>\n<meta name=\"author\" content=\"georg.blenk@krafthand-medien.de\" \/>\n<meta name=\"twitter:card\" content=\"summary_large_image\" \/>\n<meta name=\"twitter:label1\" content=\"Verfasst von\" \/>\n\t<meta name=\"twitter:data1\" content=\"georg.blenk@krafthand-medien.de\" \/>\n\t<meta name=\"twitter:label2\" content=\"Gesch\u00e4tzte Lesezeit\" \/>\n\t<meta name=\"twitter:data2\" content=\"2\u00a0Minuten\" \/>\n<script type=\"application\/ld+json\" class=\"yoast-schema-graph\">{\"@context\":\"https:\\\/\\\/schema.org\",\"@graph\":[{\"@type\":\"Article\",\"@id\":\"https:\\\/\\\/www.krafthand.de\\\/truck\\\/artikel\\\/us-lkw-hersteller-navistar-gehoert-zur-traton-group-28630\\\/#article\",\"isPartOf\":{\"@id\":\"https:\\\/\\\/www.krafthand.de\\\/truck\\\/artikel\\\/us-lkw-hersteller-navistar-gehoert-zur-traton-group-28630\\\/\"},\"author\":{\"name\":\"georg.blenk@krafthand-medien.de\",\"@id\":\"https:\\\/\\\/www.krafthand.de\\\/truck\\\/#\\\/schema\\\/person\\\/51fa80b1c57034c4bf63f9f988fc24ce\"},\"headline\":\"US-Lkw-Hersteller Navistar geh\u00f6rt zur Traton-Group\",\"datePublished\":\"2021-07-02T11:06:58+00:00\",\"mainEntityOfPage\":{\"@id\":\"https:\\\/\\\/www.krafthand.de\\\/truck\\\/artikel\\\/us-lkw-hersteller-navistar-gehoert-zur-traton-group-28630\\\/\"},\"wordCount\":308,\"image\":{\"@id\":\"https:\\\/\\\/www.krafthand.de\\\/truck\\\/artikel\\\/us-lkw-hersteller-navistar-gehoert-zur-traton-group-28630\\\/#primaryimage\"},\"thumbnailUrl\":\"https:\\\/\\\/static.krafthand-truck.de\\\/uploads\\\/2021\\\/07\\\/Merger_Matthias_Gruendler-CEO-TRATON-SE-left_Persio_Lisboa-CEO-Navistar-Inc.-right-scaled.jpg\",\"keywords\":[\"MAN\",\"Matthias Gr\u00fcndler\",\"Navistar\",\"Persio Lisboa\",\"Scania\",\"Traton\"],\"articleSection\":[\"K\u00f6pfe\\\/Personen\",\"Unternehmen\"],\"inLanguage\":\"de\"},{\"@type\":\"WebPage\",\"@id\":\"https:\\\/\\\/www.krafthand.de\\\/truck\\\/artikel\\\/us-lkw-hersteller-navistar-gehoert-zur-traton-group-28630\\\/\",\"url\":\"https:\\\/\\\/www.krafthand.de\\\/truck\\\/artikel\\\/us-lkw-hersteller-navistar-gehoert-zur-traton-group-28630\\\/\",\"name\":\"US-Lkw-Hersteller Navistar geh\u00f6rt zur Traton-Group - Krafthand-Truck\",\"isPartOf\":{\"@id\":\"https:\\\/\\\/www.krafthand.de\\\/truck\\\/#website\"},\"primaryImageOfPage\":{\"@id\":\"https:\\\/\\\/www.krafthand.de\\\/truck\\\/artikel\\\/us-lkw-hersteller-navistar-gehoert-zur-traton-group-28630\\\/#primaryimage\"},\"image\":{\"@id\":\"https:\\\/\\\/www.krafthand.de\\\/truck\\\/artikel\\\/us-lkw-hersteller-navistar-gehoert-zur-traton-group-28630\\\/#primaryimage\"},\"thumbnailUrl\":\"https:\\\/\\\/static.krafthand-truck.de\\\/uploads\\\/2021\\\/07\\\/Merger_Matthias_Gruendler-CEO-TRATON-SE-left_Persio_Lisboa-CEO-Navistar-Inc.-right-scaled.jpg\",\"datePublished\":\"2021-07-02T11:06:58+00:00\",\"author\":{\"@id\":\"https:\\\/\\\/www.krafthand.de\\\/truck\\\/#\\\/schema\\\/person\\\/51fa80b1c57034c4bf63f9f988fc24ce\"},\"breadcrumb\":{\"@id\":\"https:\\\/\\\/www.krafthand.de\\\/truck\\\/artikel\\\/us-lkw-hersteller-navistar-gehoert-zur-traton-group-28630\\\/#breadcrumb\"},\"inLanguage\":\"de\",\"potentialAction\":[{\"@type\":\"ReadAction\",\"target\":[\"https:\\\/\\\/www.krafthand.de\\\/truck\\\/artikel\\\/us-lkw-hersteller-navistar-gehoert-zur-traton-group-28630\\\/\"]}]},{\"@type\":\"ImageObject\",\"inLanguage\":\"de\",\"@id\":\"https:\\\/\\\/www.krafthand.de\\\/truck\\\/artikel\\\/us-lkw-hersteller-navistar-gehoert-zur-traton-group-28630\\\/#primaryimage\",\"url\":\"https:\\\/\\\/static.krafthand-truck.de\\\/uploads\\\/2021\\\/07\\\/Merger_Matthias_Gruendler-CEO-TRATON-SE-left_Persio_Lisboa-CEO-Navistar-Inc.-right-scaled.jpg\",\"contentUrl\":\"https:\\\/\\\/static.krafthand-truck.de\\\/uploads\\\/2021\\\/07\\\/Merger_Matthias_Gruendler-CEO-TRATON-SE-left_Persio_Lisboa-CEO-Navistar-Inc.-right-scaled.jpg\",\"width\":2560,\"height\":1440},{\"@type\":\"BreadcrumbList\",\"@id\":\"https:\\\/\\\/www.krafthand.de\\\/truck\\\/artikel\\\/us-lkw-hersteller-navistar-gehoert-zur-traton-group-28630\\\/#breadcrumb\",\"itemListElement\":[{\"@type\":\"ListItem\",\"position\":1,\"name\":\"Krafthand-Truck\",\"item\":\"https:\\\/\\\/www.krafthand.de\\\/truck\\\/\"},{\"@type\":\"ListItem\",\"position\":2,\"name\":\"Nfz-Branche\",\"item\":\"https:\\\/\\\/www.krafthand.de\\\/truck\\\/kategorie\\\/branche\\\/\"},{\"@type\":\"ListItem\",\"position\":3,\"name\":\"Unternehmen\",\"item\":\"https:\\\/\\\/www.krafthand.de\\\/truck\\\/kategorie\\\/branche\\\/unternehmen\\\/\"},{\"@type\":\"ListItem\",\"position\":4,\"name\":\"US-Lkw-Hersteller Navistar geh\u00f6rt zur Traton-Group\"}]},{\"@type\":\"WebSite\",\"@id\":\"https:\\\/\\\/www.krafthand.de\\\/truck\\\/#website\",\"url\":\"https:\\\/\\\/www.krafthand.de\\\/truck\\\/\",\"name\":\"Krafthand-Truck\",\"description\":\"\",\"potentialAction\":[{\"@type\":\"SearchAction\",\"target\":{\"@type\":\"EntryPoint\",\"urlTemplate\":\"https:\\\/\\\/www.krafthand.de\\\/truck\\\/?s={search_term_string}\"},\"query-input\":{\"@type\":\"PropertyValueSpecification\",\"valueRequired\":true,\"valueName\":\"search_term_string\"}}],\"inLanguage\":\"de\"},{\"@type\":\"Person\",\"@id\":\"https:\\\/\\\/www.krafthand.de\\\/truck\\\/#\\\/schema\\\/person\\\/51fa80b1c57034c4bf63f9f988fc24ce\",\"name\":\"georg.blenk@krafthand-medien.de\",\"image\":{\"@type\":\"ImageObject\",\"inLanguage\":\"de\",\"@id\":\"https:\\\/\\\/secure.gravatar.com\\\/avatar\\\/93713c30affe0aa95d3a4130e499bb1abee2eb31adbdd9ce2aa1543538490215?s=96&d=mm&r=g\",\"url\":\"https:\\\/\\\/secure.gravatar.com\\\/avatar\\\/93713c30affe0aa95d3a4130e499bb1abee2eb31adbdd9ce2aa1543538490215?s=96&d=mm&r=g\",\"contentUrl\":\"https:\\\/\\\/secure.gravatar.com\\\/avatar\\\/93713c30affe0aa95d3a4130e499bb1abee2eb31adbdd9ce2aa1543538490215?s=96&d=mm&r=g\",\"caption\":\"georg.blenk@krafthand-medien.de\"}}]}<\/script>\n<!-- \/ Yoast SEO plugin. -->","yoast_head_json":{"title":"US-Lkw-Hersteller Navistar geh\u00f6rt zur Traton-Group - Krafthand-Truck","robots":{"index":"index","follow":"follow","max-snippet":"max-snippet:-1","max-image-preview":"max-image-preview:large","max-video-preview":"max-video-preview:-1"},"canonical":"https:\/\/www.krafthand.de\/truck\/artikel\/us-lkw-hersteller-navistar-gehoert-zur-traton-group-28630\/","og_locale":"de_DE","og_type":"article","og_title":"US-Lkw-Hersteller Navistar geh\u00f6rt zur Traton-Group - Krafthand-Truck","og_description":"Die Traton Group, die mehrheitlich zur Volkswagen AG geh\u00f6rt, hat neben MAN, Scania, Volkswagen Caminh\u00f5es e \u00d4nibus und RIO nun mit Navistar ein neues Familienmitglied bekommen. Die Verschmelzung des US-Nutzfahrzeugherstellers mit Traton wurde k\u00fcrzlich wirksam. ... weiter","og_url":"https:\/\/www.krafthand-truck.de\/artikel\/us-lkw-hersteller-navistar-gehoert-zur-traton-group-28630\/","og_site_name":"Krafthand-Truck","article_published_time":"2021-07-02T11:06:58+00:00","og_image":[{"width":2560,"height":1440,"url":"https:\/\/www.krafthand.de\/truck\/wp-content\/uploads\/2021\/07\/Merger_Matthias_Gruendler-CEO-TRATON-SE-left_Persio_Lisboa-CEO-Navistar-Inc.-right-scaled.jpg","type":"image\/jpeg"}],"author":"georg.blenk@krafthand-medien.de","twitter_card":"summary_large_image","twitter_misc":{"Verfasst von":"georg.blenk@krafthand-medien.de","Gesch\u00e4tzte Lesezeit":"2\u00a0Minuten"},"schema":{"@context":"https:\/\/schema.org","@graph":[{"@type":"Article","@id":"https:\/\/www.krafthand.de\/truck\/artikel\/us-lkw-hersteller-navistar-gehoert-zur-traton-group-28630\/#article","isPartOf":{"@id":"https:\/\/www.krafthand.de\/truck\/artikel\/us-lkw-hersteller-navistar-gehoert-zur-traton-group-28630\/"},"author":{"name":"georg.blenk@krafthand-medien.de","@id":"https:\/\/www.krafthand.de\/truck\/#\/schema\/person\/51fa80b1c57034c4bf63f9f988fc24ce"},"headline":"US-Lkw-Hersteller Navistar geh\u00f6rt zur Traton-Group","datePublished":"2021-07-02T11:06:58+00:00","mainEntityOfPage":{"@id":"https:\/\/www.krafthand.de\/truck\/artikel\/us-lkw-hersteller-navistar-gehoert-zur-traton-group-28630\/"},"wordCount":308,"image":{"@id":"https:\/\/www.krafthand.de\/truck\/artikel\/us-lkw-hersteller-navistar-gehoert-zur-traton-group-28630\/#primaryimage"},"thumbnailUrl":"https:\/\/static.krafthand-truck.de\/uploads\/2021\/07\/Merger_Matthias_Gruendler-CEO-TRATON-SE-left_Persio_Lisboa-CEO-Navistar-Inc.-right-scaled.jpg","keywords":["MAN","Matthias Gr\u00fcndler","Navistar","Persio Lisboa","Scania","Traton"],"articleSection":["K\u00f6pfe\/Personen","Unternehmen"],"inLanguage":"de"},{"@type":"WebPage","@id":"https:\/\/www.krafthand.de\/truck\/artikel\/us-lkw-hersteller-navistar-gehoert-zur-traton-group-28630\/","url":"https:\/\/www.krafthand.de\/truck\/artikel\/us-lkw-hersteller-navistar-gehoert-zur-traton-group-28630\/","name":"US-Lkw-Hersteller Navistar geh\u00f6rt zur Traton-Group - Krafthand-Truck","isPartOf":{"@id":"https:\/\/www.krafthand.de\/truck\/#website"},"primaryImageOfPage":{"@id":"https:\/\/www.krafthand.de\/truck\/artikel\/us-lkw-hersteller-navistar-gehoert-zur-traton-group-28630\/#primaryimage"},"image":{"@id":"https:\/\/www.krafthand.de\/truck\/artikel\/us-lkw-hersteller-navistar-gehoert-zur-traton-group-28630\/#primaryimage"},"thumbnailUrl":"https:\/\/static.krafthand-truck.de\/uploads\/2021\/07\/Merger_Matthias_Gruendler-CEO-TRATON-SE-left_Persio_Lisboa-CEO-Navistar-Inc.-right-scaled.jpg","datePublished":"2021-07-02T11:06:58+00:00","author":{"@id":"https:\/\/www.krafthand.de\/truck\/#\/schema\/person\/51fa80b1c57034c4bf63f9f988fc24ce"},"breadcrumb":{"@id":"https:\/\/www.krafthand.de\/truck\/artikel\/us-lkw-hersteller-navistar-gehoert-zur-traton-group-28630\/#breadcrumb"},"inLanguage":"de","potentialAction":[{"@type":"ReadAction","target":["https:\/\/www.krafthand.de\/truck\/artikel\/us-lkw-hersteller-navistar-gehoert-zur-traton-group-28630\/"]}]},{"@type":"ImageObject","inLanguage":"de","@id":"https:\/\/www.krafthand.de\/truck\/artikel\/us-lkw-hersteller-navistar-gehoert-zur-traton-group-28630\/#primaryimage","url":"https:\/\/static.krafthand-truck.de\/uploads\/2021\/07\/Merger_Matthias_Gruendler-CEO-TRATON-SE-left_Persio_Lisboa-CEO-Navistar-Inc.-right-scaled.jpg","contentUrl":"https:\/\/static.krafthand-truck.de\/uploads\/2021\/07\/Merger_Matthias_Gruendler-CEO-TRATON-SE-left_Persio_Lisboa-CEO-Navistar-Inc.-right-scaled.jpg","width":2560,"height":1440},{"@type":"BreadcrumbList","@id":"https:\/\/www.krafthand.de\/truck\/artikel\/us-lkw-hersteller-navistar-gehoert-zur-traton-group-28630\/#breadcrumb","itemListElement":[{"@type":"ListItem","position":1,"name":"Krafthand-Truck","item":"https:\/\/www.krafthand.de\/truck\/"},{"@type":"ListItem","position":2,"name":"Nfz-Branche","item":"https:\/\/www.krafthand.de\/truck\/kategorie\/branche\/"},{"@type":"ListItem","position":3,"name":"Unternehmen","item":"https:\/\/www.krafthand.de\/truck\/kategorie\/branche\/unternehmen\/"},{"@type":"ListItem","position":4,"name":"US-Lkw-Hersteller Navistar geh\u00f6rt zur Traton-Group"}]},{"@type":"WebSite","@id":"https:\/\/www.krafthand.de\/truck\/#website","url":"https:\/\/www.krafthand.de\/truck\/","name":"Krafthand-Truck","description":"","potentialAction":[{"@type":"SearchAction","target":{"@type":"EntryPoint","urlTemplate":"https:\/\/www.krafthand.de\/truck\/?s={search_term_string}"},"query-input":{"@type":"PropertyValueSpecification","valueRequired":true,"valueName":"search_term_string"}}],"inLanguage":"de"},{"@type":"Person","@id":"https:\/\/www.krafthand.de\/truck\/#\/schema\/person\/51fa80b1c57034c4bf63f9f988fc24ce","name":"georg.blenk@krafthand-medien.de","image":{"@type":"ImageObject","inLanguage":"de","@id":"https:\/\/secure.gravatar.com\/avatar\/93713c30affe0aa95d3a4130e499bb1abee2eb31adbdd9ce2aa1543538490215?s=96&d=mm&r=g","url":"https:\/\/secure.gravatar.com\/avatar\/93713c30affe0aa95d3a4130e499bb1abee2eb31adbdd9ce2aa1543538490215?s=96&d=mm&r=g","contentUrl":"https:\/\/secure.gravatar.com\/avatar\/93713c30affe0aa95d3a4130e499bb1abee2eb31adbdd9ce2aa1543538490215?s=96&d=mm&r=g","caption":"georg.blenk@krafthand-medien.de"}}]}},"_links":{"self":[{"href":"https:\/\/www.krafthand.de\/truck\/wp-json\/wp\/v2\/posts\/28630","targetHints":{"allow":["GET"]}}],"collection":[{"href":"https:\/\/www.krafthand.de\/truck\/wp-json\/wp\/v2\/posts"}],"about":[{"href":"https:\/\/www.krafthand.de\/truck\/wp-json\/wp\/v2\/types\/post"}],"author":[{"embeddable":true,"href":"https:\/\/www.krafthand.de\/truck\/wp-json\/wp\/v2\/users\/9"}],"replies":[{"embeddable":true,"href":"https:\/\/www.krafthand.de\/truck\/wp-json\/wp\/v2\/comments?post=28630"}],"version-history":[{"count":6,"href":"https:\/\/www.krafthand.de\/truck\/wp-json\/wp\/v2\/posts\/28630\/revisions"}],"predecessor-version":[{"id":28637,"href":"https:\/\/www.krafthand.de\/truck\/wp-json\/wp\/v2\/posts\/28630\/revisions\/28637"}],"wp:featuredmedia":[{"embeddable":true,"href":"https:\/\/www.krafthand.de\/truck\/wp-json\/wp\/v2\/media\/28636"}],"wp:attachment":[{"href":"https:\/\/www.krafthand.de\/truck\/wp-json\/wp\/v2\/media?parent=28630"}],"wp:term":[{"taxonomy":"category","embeddable":true,"href":"https:\/\/www.krafthand.de\/truck\/wp-json\/wp\/v2\/categories?post=28630"},{"taxonomy":"post_tag","embeddable":true,"href":"https:\/\/www.krafthand.de\/truck\/wp-json\/wp\/v2\/tags?post=28630"},{"taxonomy":"settings","embeddable":true,"href":"https:\/\/www.krafthand.de\/truck\/wp-json\/wp\/v2\/settings?post=28630"}],"curies":[{"name":"wp","href":"https:\/\/api.w.org\/{rel}","templated":true}]}}