{"id":28563,"date":"2021-06-30T11:30:07","date_gmt":"2021-06-30T09:30:07","guid":{"rendered":"https:\/\/www.krafthand.de\/truck\/?p=28563"},"modified":"2021-11-26T15:30:11","modified_gmt":"2021-11-26T14:30:11","slug":"der-eacros-feiert-weltpremiere","status":"publish","type":"post","link":"https:\/\/www.krafthand.de\/truck\/artikel\/der-eacros-feiert-weltpremiere-28563\/","title":{"rendered":"Der eActros feiert Weltpremiere"},"content":{"rendered":"<p>Mercedes-Benz Trucks hat heute den batterieelektrischen eActros f\u00fcr den schweren Verteilerverkehr der Welt\u00f6ffentlichkeit vorgestellt. Mit dem ersten elektrischen Serien-Lkw m\u00f6chte Mercedes-Benz Trucks eine neue \u00c4ra einleuten. Nachdem Mercedes-Benz Trucks bereits auf der Nutzfahrzeug IAA 2016 in Hannover das Konzeptfahrzeug eines schweren Verteiler-Lkw f\u00fcr den urbanen Raum vorgestellt hatte, gingen ab 2018 zehn Prototypen des eActros in die Praxis-Erprobung bei Kunden in Deutschland und weiteren europ\u00e4ischen L\u00e4ndern. Ziel der \u201eeActros Innovationsflotte\u201c war es, ab 2021 einen serienreifen eActros auf den Markt zu bringen. \u201eDie Partnerschaft mit unseren Kunden stand im Mittelpunkt der Entwicklung des eActros. Alles, was wir durch die Innovationsflotte im Vorfeld gelernt haben, geht jetzt in Serie. Das Serienmodell ist im Vergleich zu den Prototypen in einigen Punkten wie Reichweite, Antriebsleistung und Sicherheit nochmals deutlich besser\u201c, erl\u00e4utert Andreas von Wallfeld, Leiter Marketing, Vertrieb und Services von Mercedes-Benz Lkw.<\/p>\n<blockquote><p>\u201eWir m\u00fcssen anerkennen, dass Transport ein Teil des Problems ist, wenn es um den Klimawandel geht. Gleichzeitig k\u00f6nnen und werden wir Teil der L\u00f6sung sein. Den Anfang macht unser Mercedes-Benz eActros \u2013 der erste elektrische Serien-Lkw mit Stern, der \u00fcber eine halbe Million Testkilometer auf \u00f6ffentlichen Stra\u00dfen zur\u00fcckgelegt hat\u201c, so <strong>Karin R\u00e5dstr\u00f6m<\/strong>, Vorstandsmitglied der Daimler Truck AG, verantwortlich f\u00fcr Mercedes-Benz Trucks. \u201eDer eActros und unsere dazugeh\u00f6rigen Services sind f\u00fcr Mercedes-Benz Trucks und unsere Kunden ein gro\u00dfer Schritt in Richtung CO2-neutraler Stra\u00dfeng\u00fcterverkehr.\u201c<\/p><\/blockquote>\n<h3><strong>Technik<\/strong><\/h3>\n<p><em>&#8222;Wir haben alles das was perfekt funktioniert vom Actros \u00fcbernommen und haben einen vollelektrischen Antriebsstrang integriert&#8220;<\/em>, so Christian Oesterle, verantwortlich f\u00fcr die Software- und Funktionsentwicklung beim eActros. Technologisches Herzst\u00fcck des eActros ist also die Antriebseinheit mit zwei integrierten Elektromotoren samt Zwei-Gang-Getriebe. Die beiden Motoren sorgen laut Mercedes f\u00fcr einen eindrucksvollen Fahrkomfort und eine hohe Fahrdynamik, zugleich erlaubt der leise und emissionsfreie elektrische Antrieb auch Nachtanlieferungen sowie die Einfahrt in Innenst\u00e4dte, in denen es Dieselfahrverbote gibt. Seine Energie sch\u00f6pft der eActros je nach Ausf\u00fchrung aus drei oder vier jeweils rund 105 kWh starken Batteriepaketen. <em>&#8222;Trotz der horizonalen Platzierung der Batteriepakete unterhalb des Rahmens, besitzt der eActros eine gute Bodenfreiheit&#8220;<\/em>, erg\u00e4nzt Testingenieurin Fransziska Keller im &#8218;Tech-Talk&#8216; von Mercedes-Benz-Trucks. Die maximale Kapazit\u00e4t von zirca 420 kWh erm\u00f6glicht den Angaben zufolge dabei eine Reichweite von bis zu 400 Kilometern. Der eActros kann mit bis zu 160 kW geladen werden: Die drei Batteriepakete ben\u00f6tigen an einer \u00fcblichen DC-Schnelllades\u00e4ule mit 400A Ladestrom etwas mehr als eine Stunde, um von 20 auf 80 Prozent geladen zu werden . \u201eDamit ist der eActros mit Blick auf Verf\u00fcgbarkeit und Leistungserbringung f\u00fcr den t\u00e4glichen Einsatz im Verteilerverkehr bestens ger\u00fcstet\u201c, erg\u00e4nzt von Wallfeld. Ein Batteriepaket wiegt laut Mercedes-Benz Trucks rund 740 kg. Dabei soll die Ladekapazit\u00e4t im Vergleich zum klassischen Actros aufgrund des gewichts der Packs nicht beeintr\u00e4chtigt werden. Was die TCO-Thematik gegen\u00fcber einem Diesel-Actros angeht, hinge dies stark von den nationalen Gegebenheiten und den lokalen Rahmenbedingungen ab, so ein Mercedes-Sprecher. Man sei aber bereits jetzt auf einem guten Weg in Richtung Konkurrenzf\u00e4higkeit.<\/p>\n<p>&nbsp;<\/p>\n<div class=\"gallery-container\"><div class=\"owl-carousel owl-theme\">\r\n        <div>\r\n        \t<img decoding=\"async\" src=\"https:\/\/static.krafthand-truck.de\/uploads\/2021\/06\/21C0327_012-1024x683.jpg\" alt=\"\" \/>\r\n          <a href=\"https:\/\/static.krafthand-truck.de\/uploads\/2021\/06\/21C0327_012-1024x683.jpg\" data-featherlight=\"gallery_69f57c06c9c77\" class=\"gallery-expand\" data-title=\"Der neue eActros wird ab 1.10.2021 im gr\u00f6\u00dften Lkw-Montagewerk von Mercedes-Benz Trucks in W\u00f6rth am Rhein produziert.\"><i class=\"fa fa-expand\" aria-hidden=\"true\"><\/i><\/a>\r\n        \t<div class=\"gallery-caption wp-caption-text\"><p>Der neue eActros wird ab 1.10.2021 im gr\u00f6\u00dften Lkw-Montagewerk von Mercedes-Benz Trucks in W\u00f6rth am Rhein produziert.<\/p>\n<\/div>\r\n        <\/div>\r\n        <div>\r\n        \t<img decoding=\"async\" src=\"https:\/\/static.krafthand-truck.de\/uploads\/2021\/06\/21C0349_036-1024x666.jpg\" alt=\"\" \/>\r\n          <a href=\"https:\/\/static.krafthand-truck.de\/uploads\/2021\/06\/21C0349_036-1024x666.jpg\" data-featherlight=\"gallery_69f57c06c9c77\" class=\"gallery-expand\" data-title=\"Im Vorfeld der offiziellen Vorstellung liefen umfangreiche Tests im Echtbetrieb.\"><i class=\"fa fa-expand\" aria-hidden=\"true\"><\/i><\/a>\r\n        \t<div class=\"gallery-caption wp-caption-text\"><p>Im Vorfeld der offiziellen Vorstellung liefen umfangreiche Tests im Echtbetrieb.<\/p>\n<\/div>\r\n        <\/div>\r\n        <div>\r\n        \t<img decoding=\"async\" src=\"https:\/\/static.krafthand-truck.de\/uploads\/2021\/06\/21C0349_057-1-1024x683.jpg\" alt=\"\" \/>\r\n          <a href=\"https:\/\/static.krafthand-truck.de\/uploads\/2021\/06\/21C0349_057-1-1024x683.jpg\" data-featherlight=\"gallery_69f57c06c9c77\" class=\"gallery-expand\" data-title=\"Arbeitsplatz: Das Cockpit des eActros kommt voll digital daher.\"><i class=\"fa fa-expand\" aria-hidden=\"true\"><\/i><\/a>\r\n        \t<div class=\"gallery-caption wp-caption-text\"><p>Arbeitsplatz: Das Cockpit des eActros kommt voll digital daher.<\/p>\n<\/div>\r\n        <\/div>\r\n        <div>\r\n        \t<img decoding=\"async\" src=\"https:\/\/static.krafthand-truck.de\/uploads\/2021\/06\/21C0349_005-1024x683.jpg\" alt=\"\" \/>\r\n          <a href=\"https:\/\/static.krafthand-truck.de\/uploads\/2021\/06\/21C0349_005-1024x683.jpg\" data-featherlight=\"gallery_69f57c06c9c77\" class=\"gallery-expand\" data-title=\"Ladezustandskontrolle: Die Reichweite soll bis zu 400 km betragen.\"><i class=\"fa fa-expand\" aria-hidden=\"true\"><\/i><\/a>\r\n        \t<div class=\"gallery-caption wp-caption-text\"><p>Ladezustandskontrolle: Die Reichweite soll bis zu 400 km betragen.<\/p>\n<\/div>\r\n        <\/div>\r\n        <div>\r\n        \t<img decoding=\"async\" src=\"https:\/\/static.krafthand-truck.de\/uploads\/2021\/06\/21C0327_004-1024x683.jpg\" alt=\"\" \/>\r\n          <a href=\"https:\/\/static.krafthand-truck.de\/uploads\/2021\/06\/21C0327_004-1024x683.jpg\" data-featherlight=\"gallery_69f57c06c9c77\" class=\"gallery-expand\" data-title=\"Die drei Batteriepakete ben\u00f6tigen an einer \u00fcblichen DC-Schnelllades\u00e4ule mit 400A Ladestrom etwas mehr als eine Stunde, um von 20 auf 80 Prozent geladen zu werden .\"><i class=\"fa fa-expand\" aria-hidden=\"true\"><\/i><\/a>\r\n        \t<div class=\"gallery-caption wp-caption-text\"><p>Die drei Batteriepakete ben\u00f6tigen an einer \u00fcblichen DC-Schnelllades\u00e4ule mit 400A Ladestrom etwas mehr als eine Stunde, um von 20 auf 80 Prozent geladen zu werden .<\/p>\n<\/div>\r\n        <\/div>\r\n        <div>\r\n        \t<img decoding=\"async\" src=\"https:\/\/static.krafthand-truck.de\/uploads\/2021\/06\/21C0349_063-1024x681.jpg\" alt=\"\" \/>\r\n          <a href=\"https:\/\/static.krafthand-truck.de\/uploads\/2021\/06\/21C0349_063-1024x681.jpg\" data-featherlight=\"gallery_69f57c06c9c77\" class=\"gallery-expand\" data-title=\"Batteriepakete und Hochvoltleitungen beim eActros\"><i class=\"fa fa-expand\" aria-hidden=\"true\"><\/i><\/a>\r\n        \t<div class=\"gallery-caption wp-caption-text\"><p>Batteriepakete und Hochvoltleitungen beim eActros<\/p>\n<\/div>\r\n        <\/div>\r\n        <div>\r\n        \t<img decoding=\"async\" src=\"https:\/\/static.krafthand-truck.de\/uploads\/2021\/06\/21C0327_002-1024x509.jpg\" alt=\"\" \/>\r\n          <a href=\"https:\/\/static.krafthand-truck.de\/uploads\/2021\/06\/21C0327_002-1024x509.jpg\" data-featherlight=\"gallery_69f57c06c9c77\" class=\"gallery-expand\" data-title=\"Mercedes-Benz Trucks hat eine strategische Partnerschaft f\u00fcr Ladeinfrastruktur mit Siemens Smart Infrastructure, ENGIE und EVBox Group abgeschlossen.\"><i class=\"fa fa-expand\" aria-hidden=\"true\"><\/i><\/a>\r\n        \t<div class=\"gallery-caption wp-caption-text\"><p>Mercedes-Benz Trucks hat eine strategische Partnerschaft f\u00fcr Ladeinfrastruktur mit Siemens Smart Infrastructure, ENGIE und EVBox Group abgeschlossen.<\/p>\n<\/div>\r\n        <\/div><\/div><\/div>\r\n\t<script>\r\n\t\tjQuery(document).ready(function($){\r\n      setTimeout(function(){\r\n  \t\t\t$(\".owl-carousel\").owlCarousel({\r\n  \t\t\t\tloop:true,\r\n    \t\t\tmargin:10,\r\n    \t\t\tresponsiveClass:true,\r\n    \t\t\titems:1,\r\n    \t\t\tautoHeight: true,\r\n          nav: true,\r\n          URLhashListener: true,\r\n          startPosition: \"URLHash\",\r\n          navText: [\r\n            \"<i class='fa fa-chevron-left'><\/i>\",\r\n            \"<i class='fa fa-chevron-right'><\/i>\"\r\n          ],\r\n  \t\t\t});\r\n      }, 2000);\r\n\t\t});\r\n\t<\/script>\r\n\t\n<h3>Zusatzservices<\/h3>\n<p>Um Transportunternehmer beim Umstieg auf die E-Mobilit\u00e4t bei jedem Schritt zu unterst\u00fctzen, hat Mercedes-Benz Trucks den eActros in ein Gesamtsystem eingebettet, das auch Beratungs- und Serviceangebote f\u00fcr Kunden und damit eine bestm\u00f6gliche Fahrzeugnutzung, die Optimierung der Gesamtkosten sowie den Aufbau einer Ladeinfrastruktur umfasst. Dar\u00fcber hinaus zeichnet sich der Elektro-Lkw durch sein hohes Ma\u00df an Digitalisierung und Konnektivit\u00e4t aus.<\/p>\n<h3>Sicherheit &#8211; Assistenzsysteme<\/h3>\n<p>Dies gilt auch f\u00fcr die Fahrzeugsicherheit. Bereits mit der j\u00fcngsten Actros-Generation mit konventionellem Dieselantrieb hat Mercedes-Benz Trucks eindrucksvoll aufgezeigt, welches Sicherheitsniveau heute auf der Stra\u00dfe m\u00f6glich ist und mit welchen Ma\u00dfnahmen der Hersteller seine Vision vom unfallfreien Fahren verfolgt. Beim eActros hat Mercedes-Benz Trucks dabei nicht nur die aktive Sicherheit im Blick, etwa in Form von serienm\u00e4\u00dfig verbauten Systemen wie MirrorCam, Abbiege-Assistent S1R oder Notbremsassistent Active Brake Assist (ABA) der f\u00fcnften Generation mit Fu\u00dfg\u00e4ngererkennung, sondern auch die mit Elektrofahrzeugen beziehungsweise Hochvolt-Systemen verbundenen Herausforderungen.<\/p>\n<h3>Produktionsstart &#8211; Verf\u00fcgbarkeit<\/h3>\n<p>Produziert wird das Serienmodell ab dem 1. Oktober 2021 im gr\u00f6\u00dften Lkw-Montagewerk von Mercedes-Benz Trucks in W\u00f6rth am Rhein. F\u00fcr die neuen Produktionsprozesse sind dort in den letzten Monaten intensive Vorbereitungen getroffen worden. Hierzu geh\u00f6rte unter anderem das Errichten einer neuen Montagelinie. In einem ersten Schritt ist das Serienmodell des eActros in Deutschland, \u00d6sterreich, der Schweiz, Italien, Spanien, Frankreich, den Niederlanden, Belgien, Gro\u00dfbritannien, D\u00e4nemark, Norwegen und Schweden verf\u00fcgbar. Weitere M\u00e4rkte werden laut Mercedes-Benz-Trucks folgen.<\/p>\n\r\n\t\t\t\t<div class=\"post-author\">\r\n\t\t\t\t\t<div class=\"khm-cp-author clearfix\">\r\n\t\t\t\t\t\t<div class=\"khm-cp-author__content\">\r\n\t\t\t\t\t\t\t\tKontakt zum Autor:<br \/>\r\n\t\t\t\t\t\t\t\t<strong>Georg Blenk<\/strong>, 08247 \/ 3007-45 |  <a href=\"mailto:georg.blenk@krafthand-medien.de\">georg.blenk@krafthand-medien.de<\/a>\r\n\t\t\t\t\t\t\t<div class=\"khm-cp-author__image\">\r\n\t\t\t\t\t\t<img src=\"https:\/\/static.krafthand-truck.de\/uploads\/2021\/01\/Blenk_6104-250x300-1-removebg-preview.png\" class=\"img-responsive\">\r\n\t\t\t\t\t<\/div>\r\n\t\t\t\t\t\t<\/div>\r\n\t\t\t\t\t<\/div>\r\n\t\t\t\t<\/div>\r\n\t\t\t\t","protected":false},"excerpt":{"rendered":"<p>Mercedes-Benz Trucks hat heute den batterieelektrischen eActros f\u00fcr den schweren Verteilerverkehr der Welt\u00f6ffentlichkeit vorgestellt. Mit dem ersten elektrischen Serien-Lkw m\u00f6chte Mercedes-Benz Trucks eine neue \u00c4ra einleuten. Die Serienproduktion startet am 1. Oktober 2021 im gr\u00f6\u00dften Lkw-Montagewerk von Mercedes-Benz Trucks in W\u00f6rth am Rhein. <span class=\"excerpt-more__dots\">&#8230;<\/span> <a class=\"excerpt-more__link\" href=\"https:\/\/www.krafthand.de\/truck\/artikel\/der-eacros-feiert-weltpremiere-28563\/\" >weiter<\/a><\/p>\n","protected":false},"author":9,"featured_media":28567,"comment_status":"closed","ping_status":"closed","sticky":false,"template":"","format":"standard","meta":{"footnotes":""},"categories":[4224,4915],"tags":[4594,4595,4450,4168,2597],"settings":[3524,3523],"class_list":["post-28563","post","type-post","status-publish","format-standard","has-post-thumbnail","hentry","category-e-antrieb","category-neue-fahrzeuge","tag-andreas-von-wallfeld","tag-christian-oesterle","tag-eactros","tag-karin-radstroem","tag-weltpremiere"],"yoast_head":"<!-- This site is optimized with the Yoast SEO plugin v27.3 - https:\/\/yoast.com\/product\/yoast-seo-wordpress\/ -->\n<title>Der eActros feiert Weltpremiere - Krafthand-Truck<\/title>\n<meta name=\"robots\" content=\"index, follow, max-snippet:-1, max-image-preview:large, max-video-preview:-1\" \/>\n<link rel=\"canonical\" href=\"https:\/\/www.krafthand.de\/truck\/artikel\/der-eacros-feiert-weltpremiere-28563\/\" \/>\n<meta property=\"og:locale\" content=\"de_DE\" \/>\n<meta property=\"og:type\" content=\"article\" \/>\n<meta property=\"og:title\" content=\"Der eActros feiert Weltpremiere - Krafthand-Truck\" \/>\n<meta property=\"og:description\" content=\"Mercedes-Benz Trucks hat heute den batterieelektrischen eActros f\u00fcr den schweren Verteilerverkehr der Welt\u00f6ffentlichkeit vorgestellt. Mit dem ersten elektrischen Serien-Lkw m\u00f6chte Mercedes-Benz Trucks eine neue \u00c4ra einleuten. Die Serienproduktion startet am 1. Oktober 2021 im gr\u00f6\u00dften Lkw-Montagewerk von Mercedes-Benz Trucks in W\u00f6rth am Rhein. ... weiter\" \/>\n<meta property=\"og:url\" content=\"https:\/\/www.krafthand-truck.de\/artikel\/der-eacros-feiert-weltpremiere-28563\/\" \/>\n<meta property=\"og:site_name\" content=\"Krafthand-Truck\" \/>\n<meta property=\"article:published_time\" content=\"2021-06-30T09:30:07+00:00\" \/>\n<meta property=\"article:modified_time\" content=\"2021-11-26T14:30:11+00:00\" \/>\n<meta property=\"og:image\" content=\"https:\/\/www.krafthand.de\/truck\/wp-content\/uploads\/2021\/06\/21C0349_025.jpg\" \/>\n\t<meta property=\"og:image:width\" content=\"1200\" \/>\n\t<meta property=\"og:image:height\" content=\"798\" \/>\n\t<meta property=\"og:image:type\" content=\"image\/jpeg\" \/>\n<meta name=\"author\" content=\"georg.blenk@krafthand-medien.de\" \/>\n<meta name=\"twitter:card\" content=\"summary_large_image\" \/>\n<meta name=\"twitter:label1\" content=\"Verfasst von\" \/>\n\t<meta name=\"twitter:data1\" content=\"georg.blenk@krafthand-medien.de\" \/>\n\t<meta name=\"twitter:label2\" content=\"Gesch\u00e4tzte Lesezeit\" \/>\n\t<meta name=\"twitter:data2\" content=\"4\u00a0Minuten\" \/>\n<script type=\"application\/ld+json\" class=\"yoast-schema-graph\">{\"@context\":\"https:\\\/\\\/schema.org\",\"@graph\":[{\"@type\":\"Article\",\"@id\":\"https:\\\/\\\/www.krafthand.de\\\/truck\\\/artikel\\\/der-eacros-feiert-weltpremiere-28563\\\/#article\",\"isPartOf\":{\"@id\":\"https:\\\/\\\/www.krafthand.de\\\/truck\\\/artikel\\\/der-eacros-feiert-weltpremiere-28563\\\/\"},\"author\":{\"name\":\"georg.blenk@krafthand-medien.de\",\"@id\":\"https:\\\/\\\/www.krafthand.de\\\/truck\\\/#\\\/schema\\\/person\\\/51fa80b1c57034c4bf63f9f988fc24ce\"},\"headline\":\"Der eActros feiert Weltpremiere\",\"datePublished\":\"2021-06-30T09:30:07+00:00\",\"dateModified\":\"2021-11-26T14:30:11+00:00\",\"mainEntityOfPage\":{\"@id\":\"https:\\\/\\\/www.krafthand.de\\\/truck\\\/artikel\\\/der-eacros-feiert-weltpremiere-28563\\\/\"},\"wordCount\":754,\"image\":{\"@id\":\"https:\\\/\\\/www.krafthand.de\\\/truck\\\/artikel\\\/der-eacros-feiert-weltpremiere-28563\\\/#primaryimage\"},\"thumbnailUrl\":\"https:\\\/\\\/static.krafthand-truck.de\\\/uploads\\\/2021\\\/06\\\/21C0349_025.jpg\",\"keywords\":[\"Andreas von Wallfeld\",\"Christian Oesterle\",\"eActros\",\"Karin R\u00e5dstr\u00f6m\",\"Weltpremiere\"],\"articleSection\":[\"E-Antrieb (BEV\\\/FCEV)\",\"Neue Fahrzeuge\"],\"inLanguage\":\"de\"},{\"@type\":\"WebPage\",\"@id\":\"https:\\\/\\\/www.krafthand.de\\\/truck\\\/artikel\\\/der-eacros-feiert-weltpremiere-28563\\\/\",\"url\":\"https:\\\/\\\/www.krafthand.de\\\/truck\\\/artikel\\\/der-eacros-feiert-weltpremiere-28563\\\/\",\"name\":\"Der eActros feiert Weltpremiere - Krafthand-Truck\",\"isPartOf\":{\"@id\":\"https:\\\/\\\/www.krafthand.de\\\/truck\\\/#website\"},\"primaryImageOfPage\":{\"@id\":\"https:\\\/\\\/www.krafthand.de\\\/truck\\\/artikel\\\/der-eacros-feiert-weltpremiere-28563\\\/#primaryimage\"},\"image\":{\"@id\":\"https:\\\/\\\/www.krafthand.de\\\/truck\\\/artikel\\\/der-eacros-feiert-weltpremiere-28563\\\/#primaryimage\"},\"thumbnailUrl\":\"https:\\\/\\\/static.krafthand-truck.de\\\/uploads\\\/2021\\\/06\\\/21C0349_025.jpg\",\"datePublished\":\"2021-06-30T09:30:07+00:00\",\"dateModified\":\"2021-11-26T14:30:11+00:00\",\"author\":{\"@id\":\"https:\\\/\\\/www.krafthand.de\\\/truck\\\/#\\\/schema\\\/person\\\/51fa80b1c57034c4bf63f9f988fc24ce\"},\"breadcrumb\":{\"@id\":\"https:\\\/\\\/www.krafthand.de\\\/truck\\\/artikel\\\/der-eacros-feiert-weltpremiere-28563\\\/#breadcrumb\"},\"inLanguage\":\"de\",\"potentialAction\":[{\"@type\":\"ReadAction\",\"target\":[\"https:\\\/\\\/www.krafthand.de\\\/truck\\\/artikel\\\/der-eacros-feiert-weltpremiere-28563\\\/\"]}]},{\"@type\":\"ImageObject\",\"inLanguage\":\"de\",\"@id\":\"https:\\\/\\\/www.krafthand.de\\\/truck\\\/artikel\\\/der-eacros-feiert-weltpremiere-28563\\\/#primaryimage\",\"url\":\"https:\\\/\\\/static.krafthand-truck.de\\\/uploads\\\/2021\\\/06\\\/21C0349_025.jpg\",\"contentUrl\":\"https:\\\/\\\/static.krafthand-truck.de\\\/uploads\\\/2021\\\/06\\\/21C0349_025.jpg\",\"width\":1200,\"height\":798},{\"@type\":\"BreadcrumbList\",\"@id\":\"https:\\\/\\\/www.krafthand.de\\\/truck\\\/artikel\\\/der-eacros-feiert-weltpremiere-28563\\\/#breadcrumb\",\"itemListElement\":[{\"@type\":\"ListItem\",\"position\":1,\"name\":\"Krafthand-Truck\",\"item\":\"https:\\\/\\\/www.krafthand.de\\\/truck\\\/\"},{\"@type\":\"ListItem\",\"position\":2,\"name\":\"Nfz-Technik\",\"item\":\"https:\\\/\\\/www.krafthand.de\\\/truck\\\/kategorie\\\/nfz-technik\\\/\"},{\"@type\":\"ListItem\",\"position\":3,\"name\":\"E-Antrieb (BEV\\\/FCEV)\",\"item\":\"https:\\\/\\\/www.krafthand.de\\\/truck\\\/kategorie\\\/nfz-technik\\\/e-antrieb\\\/\"},{\"@type\":\"ListItem\",\"position\":4,\"name\":\"Der eActros feiert Weltpremiere\"}]},{\"@type\":\"WebSite\",\"@id\":\"https:\\\/\\\/www.krafthand.de\\\/truck\\\/#website\",\"url\":\"https:\\\/\\\/www.krafthand.de\\\/truck\\\/\",\"name\":\"Krafthand-Truck\",\"description\":\"\",\"potentialAction\":[{\"@type\":\"SearchAction\",\"target\":{\"@type\":\"EntryPoint\",\"urlTemplate\":\"https:\\\/\\\/www.krafthand.de\\\/truck\\\/?s={search_term_string}\"},\"query-input\":{\"@type\":\"PropertyValueSpecification\",\"valueRequired\":true,\"valueName\":\"search_term_string\"}}],\"inLanguage\":\"de\"},{\"@type\":\"Person\",\"@id\":\"https:\\\/\\\/www.krafthand.de\\\/truck\\\/#\\\/schema\\\/person\\\/51fa80b1c57034c4bf63f9f988fc24ce\",\"name\":\"georg.blenk@krafthand-medien.de\",\"image\":{\"@type\":\"ImageObject\",\"inLanguage\":\"de\",\"@id\":\"https:\\\/\\\/secure.gravatar.com\\\/avatar\\\/93713c30affe0aa95d3a4130e499bb1abee2eb31adbdd9ce2aa1543538490215?s=96&d=mm&r=g\",\"url\":\"https:\\\/\\\/secure.gravatar.com\\\/avatar\\\/93713c30affe0aa95d3a4130e499bb1abee2eb31adbdd9ce2aa1543538490215?s=96&d=mm&r=g\",\"contentUrl\":\"https:\\\/\\\/secure.gravatar.com\\\/avatar\\\/93713c30affe0aa95d3a4130e499bb1abee2eb31adbdd9ce2aa1543538490215?s=96&d=mm&r=g\",\"caption\":\"georg.blenk@krafthand-medien.de\"}}]}<\/script>\n<!-- \/ Yoast SEO plugin. -->","yoast_head_json":{"title":"Der eActros feiert Weltpremiere - Krafthand-Truck","robots":{"index":"index","follow":"follow","max-snippet":"max-snippet:-1","max-image-preview":"max-image-preview:large","max-video-preview":"max-video-preview:-1"},"canonical":"https:\/\/www.krafthand.de\/truck\/artikel\/der-eacros-feiert-weltpremiere-28563\/","og_locale":"de_DE","og_type":"article","og_title":"Der eActros feiert Weltpremiere - Krafthand-Truck","og_description":"Mercedes-Benz Trucks hat heute den batterieelektrischen eActros f\u00fcr den schweren Verteilerverkehr der Welt\u00f6ffentlichkeit vorgestellt. Mit dem ersten elektrischen Serien-Lkw m\u00f6chte Mercedes-Benz Trucks eine neue \u00c4ra einleuten. Die Serienproduktion startet am 1. Oktober 2021 im gr\u00f6\u00dften Lkw-Montagewerk von Mercedes-Benz Trucks in W\u00f6rth am Rhein. ... weiter","og_url":"https:\/\/www.krafthand-truck.de\/artikel\/der-eacros-feiert-weltpremiere-28563\/","og_site_name":"Krafthand-Truck","article_published_time":"2021-06-30T09:30:07+00:00","article_modified_time":"2021-11-26T14:30:11+00:00","og_image":[{"width":1200,"height":798,"url":"https:\/\/www.krafthand.de\/truck\/wp-content\/uploads\/2021\/06\/21C0349_025.jpg","type":"image\/jpeg"}],"author":"georg.blenk@krafthand-medien.de","twitter_card":"summary_large_image","twitter_misc":{"Verfasst von":"georg.blenk@krafthand-medien.de","Gesch\u00e4tzte Lesezeit":"4\u00a0Minuten"},"schema":{"@context":"https:\/\/schema.org","@graph":[{"@type":"Article","@id":"https:\/\/www.krafthand.de\/truck\/artikel\/der-eacros-feiert-weltpremiere-28563\/#article","isPartOf":{"@id":"https:\/\/www.krafthand.de\/truck\/artikel\/der-eacros-feiert-weltpremiere-28563\/"},"author":{"name":"georg.blenk@krafthand-medien.de","@id":"https:\/\/www.krafthand.de\/truck\/#\/schema\/person\/51fa80b1c57034c4bf63f9f988fc24ce"},"headline":"Der eActros feiert Weltpremiere","datePublished":"2021-06-30T09:30:07+00:00","dateModified":"2021-11-26T14:30:11+00:00","mainEntityOfPage":{"@id":"https:\/\/www.krafthand.de\/truck\/artikel\/der-eacros-feiert-weltpremiere-28563\/"},"wordCount":754,"image":{"@id":"https:\/\/www.krafthand.de\/truck\/artikel\/der-eacros-feiert-weltpremiere-28563\/#primaryimage"},"thumbnailUrl":"https:\/\/static.krafthand-truck.de\/uploads\/2021\/06\/21C0349_025.jpg","keywords":["Andreas von Wallfeld","Christian Oesterle","eActros","Karin R\u00e5dstr\u00f6m","Weltpremiere"],"articleSection":["E-Antrieb (BEV\/FCEV)","Neue Fahrzeuge"],"inLanguage":"de"},{"@type":"WebPage","@id":"https:\/\/www.krafthand.de\/truck\/artikel\/der-eacros-feiert-weltpremiere-28563\/","url":"https:\/\/www.krafthand.de\/truck\/artikel\/der-eacros-feiert-weltpremiere-28563\/","name":"Der eActros feiert Weltpremiere - Krafthand-Truck","isPartOf":{"@id":"https:\/\/www.krafthand.de\/truck\/#website"},"primaryImageOfPage":{"@id":"https:\/\/www.krafthand.de\/truck\/artikel\/der-eacros-feiert-weltpremiere-28563\/#primaryimage"},"image":{"@id":"https:\/\/www.krafthand.de\/truck\/artikel\/der-eacros-feiert-weltpremiere-28563\/#primaryimage"},"thumbnailUrl":"https:\/\/static.krafthand-truck.de\/uploads\/2021\/06\/21C0349_025.jpg","datePublished":"2021-06-30T09:30:07+00:00","dateModified":"2021-11-26T14:30:11+00:00","author":{"@id":"https:\/\/www.krafthand.de\/truck\/#\/schema\/person\/51fa80b1c57034c4bf63f9f988fc24ce"},"breadcrumb":{"@id":"https:\/\/www.krafthand.de\/truck\/artikel\/der-eacros-feiert-weltpremiere-28563\/#breadcrumb"},"inLanguage":"de","potentialAction":[{"@type":"ReadAction","target":["https:\/\/www.krafthand.de\/truck\/artikel\/der-eacros-feiert-weltpremiere-28563\/"]}]},{"@type":"ImageObject","inLanguage":"de","@id":"https:\/\/www.krafthand.de\/truck\/artikel\/der-eacros-feiert-weltpremiere-28563\/#primaryimage","url":"https:\/\/static.krafthand-truck.de\/uploads\/2021\/06\/21C0349_025.jpg","contentUrl":"https:\/\/static.krafthand-truck.de\/uploads\/2021\/06\/21C0349_025.jpg","width":1200,"height":798},{"@type":"BreadcrumbList","@id":"https:\/\/www.krafthand.de\/truck\/artikel\/der-eacros-feiert-weltpremiere-28563\/#breadcrumb","itemListElement":[{"@type":"ListItem","position":1,"name":"Krafthand-Truck","item":"https:\/\/www.krafthand.de\/truck\/"},{"@type":"ListItem","position":2,"name":"Nfz-Technik","item":"https:\/\/www.krafthand.de\/truck\/kategorie\/nfz-technik\/"},{"@type":"ListItem","position":3,"name":"E-Antrieb (BEV\/FCEV)","item":"https:\/\/www.krafthand.de\/truck\/kategorie\/nfz-technik\/e-antrieb\/"},{"@type":"ListItem","position":4,"name":"Der eActros feiert Weltpremiere"}]},{"@type":"WebSite","@id":"https:\/\/www.krafthand.de\/truck\/#website","url":"https:\/\/www.krafthand.de\/truck\/","name":"Krafthand-Truck","description":"","potentialAction":[{"@type":"SearchAction","target":{"@type":"EntryPoint","urlTemplate":"https:\/\/www.krafthand.de\/truck\/?s={search_term_string}"},"query-input":{"@type":"PropertyValueSpecification","valueRequired":true,"valueName":"search_term_string"}}],"inLanguage":"de"},{"@type":"Person","@id":"https:\/\/www.krafthand.de\/truck\/#\/schema\/person\/51fa80b1c57034c4bf63f9f988fc24ce","name":"georg.blenk@krafthand-medien.de","image":{"@type":"ImageObject","inLanguage":"de","@id":"https:\/\/secure.gravatar.com\/avatar\/93713c30affe0aa95d3a4130e499bb1abee2eb31adbdd9ce2aa1543538490215?s=96&d=mm&r=g","url":"https:\/\/secure.gravatar.com\/avatar\/93713c30affe0aa95d3a4130e499bb1abee2eb31adbdd9ce2aa1543538490215?s=96&d=mm&r=g","contentUrl":"https:\/\/secure.gravatar.com\/avatar\/93713c30affe0aa95d3a4130e499bb1abee2eb31adbdd9ce2aa1543538490215?s=96&d=mm&r=g","caption":"georg.blenk@krafthand-medien.de"}}]}},"_links":{"self":[{"href":"https:\/\/www.krafthand.de\/truck\/wp-json\/wp\/v2\/posts\/28563","targetHints":{"allow":["GET"]}}],"collection":[{"href":"https:\/\/www.krafthand.de\/truck\/wp-json\/wp\/v2\/posts"}],"about":[{"href":"https:\/\/www.krafthand.de\/truck\/wp-json\/wp\/v2\/types\/post"}],"author":[{"embeddable":true,"href":"https:\/\/www.krafthand.de\/truck\/wp-json\/wp\/v2\/users\/9"}],"replies":[{"embeddable":true,"href":"https:\/\/www.krafthand.de\/truck\/wp-json\/wp\/v2\/comments?post=28563"}],"version-history":[{"count":14,"href":"https:\/\/www.krafthand.de\/truck\/wp-json\/wp\/v2\/posts\/28563\/revisions"}],"predecessor-version":[{"id":28591,"href":"https:\/\/www.krafthand.de\/truck\/wp-json\/wp\/v2\/posts\/28563\/revisions\/28591"}],"wp:featuredmedia":[{"embeddable":true,"href":"https:\/\/www.krafthand.de\/truck\/wp-json\/wp\/v2\/media\/28567"}],"wp:attachment":[{"href":"https:\/\/www.krafthand.de\/truck\/wp-json\/wp\/v2\/media?parent=28563"}],"wp:term":[{"taxonomy":"category","embeddable":true,"href":"https:\/\/www.krafthand.de\/truck\/wp-json\/wp\/v2\/categories?post=28563"},{"taxonomy":"post_tag","embeddable":true,"href":"https:\/\/www.krafthand.de\/truck\/wp-json\/wp\/v2\/tags?post=28563"},{"taxonomy":"settings","embeddable":true,"href":"https:\/\/www.krafthand.de\/truck\/wp-json\/wp\/v2\/settings?post=28563"}],"curies":[{"name":"wp","href":"https:\/\/api.w.org\/{rel}","templated":true}]}}