{"id":28550,"date":"2021-06-29T15:25:02","date_gmt":"2021-06-29T13:25:02","guid":{"rendered":"https:\/\/www.krafthand.de\/truck\/?p=28550"},"modified":"2021-06-29T15:36:16","modified_gmt":"2021-06-29T13:36:16","slug":"knorr-bremse-bestaetigt-interesse-an-hella","status":"publish","type":"post","link":"https:\/\/www.krafthand.de\/truck\/artikel\/knorr-bremse-bestaetigt-interesse-an-hella-28550\/","title":{"rendered":"Knorr-Bremse best\u00e4tigt Interesse an Hella"},"content":{"rendered":"<div>\n<p>Die <a href=\"https:\/\/www.knorr-bremse.de\/de\/commercialvehicles\/introductionpage.jsp\" target=\"_blank\" rel=\"noopener\">Knorr-Bremse AG<\/a>, Spezialist f\u00fcr Nutzfahrzeugbremsen, hat offiziell best\u00e4tigt, dass sie grunds\u00e4tzlich am Erwerb des von der Gr\u00fcnderfamilie gehaltenen Pakets von 60 Prozent der Aktien der <a href=\"https:\/\/www.hella.com\/hella-com\/de\/index.html\" target=\"_blank\" rel=\"noopener\">Hella GmbH &amp; Co. KGaA<\/a> interessiert ist.<\/p>\n<\/div>\n<div><\/div>\n<div>\n<p>Die Gespr\u00e4che befinden sich den Angaben von Knorr-Bremse zufolge in einem sehr fr\u00fchen Stadium. Es k\u00f6nne zu diesem Zeitpunkt nicht abgesehen werden, ob es tats\u00e4chlich zu einer Transaktion kommt. Schon seit geraumer Zeit wird \u00fcber einen Anteilsverkauf spekuliert, nun scheinen sich die Spekulationen zu verdichten.<\/p>\n<\/div>\n","protected":false},"excerpt":{"rendered":"<p>Die Knorr-Bremse AG, Spezialist f\u00fcr Nutzfahrzeugbremsen, hat offiziell best\u00e4tigt, dass sie grunds\u00e4tzlich am Erwerb des von der Gr\u00fcnderfamilie gehaltenen Pakets von 60 Prozent der Aktien der Hella GmbH &#038; Co. KGaA interessiert ist. <span class=\"excerpt-more__dots\">&#8230;<\/span> <a class=\"excerpt-more__link\" href=\"https:\/\/www.krafthand.de\/truck\/artikel\/knorr-bremse-bestaetigt-interesse-an-hella-28550\/\" >weiter<\/a><\/p>\n","protected":false},"author":9,"featured_media":28561,"comment_status":"closed","ping_status":"closed","sticky":false,"template":"","format":"standard","meta":{"footnotes":""},"categories":[4235],"tags":[597,186,2149],"settings":[3523],"class_list":["post-28550","post","type-post","status-publish","format-standard","has-post-thumbnail","hentry","category-unternehmen","tag-hella","tag-knorr-bremse","tag-uebernahme"],"yoast_head":"<!-- This site is optimized with the Yoast SEO plugin v27.3 - https:\/\/yoast.com\/product\/yoast-seo-wordpress\/ -->\n<title>Knorr-Bremse best\u00e4tigt Interesse an Hella - Krafthand-Truck<\/title>\n<meta name=\"robots\" content=\"index, follow, max-snippet:-1, max-image-preview:large, max-video-preview:-1\" \/>\n<link rel=\"canonical\" href=\"https:\/\/www.krafthand.de\/truck\/artikel\/knorr-bremse-bestaetigt-interesse-an-hella-28550\/\" \/>\n<meta property=\"og:locale\" content=\"de_DE\" \/>\n<meta property=\"og:type\" content=\"article\" \/>\n<meta property=\"og:title\" content=\"Knorr-Bremse best\u00e4tigt Interesse an Hella - Krafthand-Truck\" \/>\n<meta property=\"og:description\" content=\"Die Knorr-Bremse AG, Spezialist f\u00fcr Nutzfahrzeugbremsen, hat offiziell best\u00e4tigt, dass sie grunds\u00e4tzlich am Erwerb des von der Gr\u00fcnderfamilie gehaltenen Pakets von 60 Prozent der Aktien der Hella GmbH &amp; Co. KGaA interessiert ist. ... weiter\" \/>\n<meta property=\"og:url\" content=\"https:\/\/www.krafthand-truck.de\/artikel\/knorr-bremse-bestaetigt-interesse-an-hella-28550\/\" \/>\n<meta property=\"og:site_name\" content=\"Krafthand-Truck\" \/>\n<meta property=\"article:published_time\" content=\"2021-06-29T13:25:02+00:00\" \/>\n<meta property=\"article:modified_time\" content=\"2021-06-29T13:36:16+00:00\" \/>\n<meta property=\"og:image\" content=\"https:\/\/www.krafthand.de\/truck\/wp-content\/uploads\/2021\/06\/Knorr_Bremse_Hella-3.jpg\" \/>\n\t<meta property=\"og:image:width\" content=\"767\" \/>\n\t<meta property=\"og:image:height\" content=\"485\" \/>\n\t<meta property=\"og:image:type\" content=\"image\/jpeg\" \/>\n<meta name=\"author\" content=\"georg.blenk@krafthand-medien.de\" \/>\n<meta name=\"twitter:card\" content=\"summary_large_image\" \/>\n<meta name=\"twitter:label1\" content=\"Verfasst von\" \/>\n\t<meta name=\"twitter:data1\" content=\"georg.blenk@krafthand-medien.de\" \/>\n\t<meta name=\"twitter:label2\" content=\"Gesch\u00e4tzte Lesezeit\" \/>\n\t<meta name=\"twitter:data2\" content=\"1\u00a0Minute\" \/>\n<script type=\"application\/ld+json\" class=\"yoast-schema-graph\">{\"@context\":\"https:\\\/\\\/schema.org\",\"@graph\":[{\"@type\":\"Article\",\"@id\":\"https:\\\/\\\/www.krafthand.de\\\/truck\\\/artikel\\\/knorr-bremse-bestaetigt-interesse-an-hella-28550\\\/#article\",\"isPartOf\":{\"@id\":\"https:\\\/\\\/www.krafthand.de\\\/truck\\\/artikel\\\/knorr-bremse-bestaetigt-interesse-an-hella-28550\\\/\"},\"author\":{\"name\":\"georg.blenk@krafthand-medien.de\",\"@id\":\"https:\\\/\\\/www.krafthand.de\\\/truck\\\/#\\\/schema\\\/person\\\/51fa80b1c57034c4bf63f9f988fc24ce\"},\"headline\":\"Knorr-Bremse best\u00e4tigt Interesse an Hella\",\"datePublished\":\"2021-06-29T13:25:02+00:00\",\"dateModified\":\"2021-06-29T13:36:16+00:00\",\"mainEntityOfPage\":{\"@id\":\"https:\\\/\\\/www.krafthand.de\\\/truck\\\/artikel\\\/knorr-bremse-bestaetigt-interesse-an-hella-28550\\\/\"},\"wordCount\":91,\"image\":{\"@id\":\"https:\\\/\\\/www.krafthand.de\\\/truck\\\/artikel\\\/knorr-bremse-bestaetigt-interesse-an-hella-28550\\\/#primaryimage\"},\"thumbnailUrl\":\"https:\\\/\\\/static.krafthand-truck.de\\\/uploads\\\/2021\\\/06\\\/Knorr_Bremse_Hella-3.jpg\",\"keywords\":[\"Hella\",\"Knorr-Bremse\",\"\u00fcbernahme\"],\"articleSection\":[\"Unternehmen\"],\"inLanguage\":\"de\"},{\"@type\":\"WebPage\",\"@id\":\"https:\\\/\\\/www.krafthand.de\\\/truck\\\/artikel\\\/knorr-bremse-bestaetigt-interesse-an-hella-28550\\\/\",\"url\":\"https:\\\/\\\/www.krafthand.de\\\/truck\\\/artikel\\\/knorr-bremse-bestaetigt-interesse-an-hella-28550\\\/\",\"name\":\"Knorr-Bremse best\u00e4tigt Interesse an Hella - Krafthand-Truck\",\"isPartOf\":{\"@id\":\"https:\\\/\\\/www.krafthand.de\\\/truck\\\/#website\"},\"primaryImageOfPage\":{\"@id\":\"https:\\\/\\\/www.krafthand.de\\\/truck\\\/artikel\\\/knorr-bremse-bestaetigt-interesse-an-hella-28550\\\/#primaryimage\"},\"image\":{\"@id\":\"https:\\\/\\\/www.krafthand.de\\\/truck\\\/artikel\\\/knorr-bremse-bestaetigt-interesse-an-hella-28550\\\/#primaryimage\"},\"thumbnailUrl\":\"https:\\\/\\\/static.krafthand-truck.de\\\/uploads\\\/2021\\\/06\\\/Knorr_Bremse_Hella-3.jpg\",\"datePublished\":\"2021-06-29T13:25:02+00:00\",\"dateModified\":\"2021-06-29T13:36:16+00:00\",\"author\":{\"@id\":\"https:\\\/\\\/www.krafthand.de\\\/truck\\\/#\\\/schema\\\/person\\\/51fa80b1c57034c4bf63f9f988fc24ce\"},\"breadcrumb\":{\"@id\":\"https:\\\/\\\/www.krafthand.de\\\/truck\\\/artikel\\\/knorr-bremse-bestaetigt-interesse-an-hella-28550\\\/#breadcrumb\"},\"inLanguage\":\"de\",\"potentialAction\":[{\"@type\":\"ReadAction\",\"target\":[\"https:\\\/\\\/www.krafthand.de\\\/truck\\\/artikel\\\/knorr-bremse-bestaetigt-interesse-an-hella-28550\\\/\"]}]},{\"@type\":\"ImageObject\",\"inLanguage\":\"de\",\"@id\":\"https:\\\/\\\/www.krafthand.de\\\/truck\\\/artikel\\\/knorr-bremse-bestaetigt-interesse-an-hella-28550\\\/#primaryimage\",\"url\":\"https:\\\/\\\/static.krafthand-truck.de\\\/uploads\\\/2021\\\/06\\\/Knorr_Bremse_Hella-3.jpg\",\"contentUrl\":\"https:\\\/\\\/static.krafthand-truck.de\\\/uploads\\\/2021\\\/06\\\/Knorr_Bremse_Hella-3.jpg\",\"width\":767,\"height\":485},{\"@type\":\"BreadcrumbList\",\"@id\":\"https:\\\/\\\/www.krafthand.de\\\/truck\\\/artikel\\\/knorr-bremse-bestaetigt-interesse-an-hella-28550\\\/#breadcrumb\",\"itemListElement\":[{\"@type\":\"ListItem\",\"position\":1,\"name\":\"Krafthand-Truck\",\"item\":\"https:\\\/\\\/www.krafthand.de\\\/truck\\\/\"},{\"@type\":\"ListItem\",\"position\":2,\"name\":\"Nfz-Branche\",\"item\":\"https:\\\/\\\/www.krafthand.de\\\/truck\\\/kategorie\\\/branche\\\/\"},{\"@type\":\"ListItem\",\"position\":3,\"name\":\"Unternehmen\",\"item\":\"https:\\\/\\\/www.krafthand.de\\\/truck\\\/kategorie\\\/branche\\\/unternehmen\\\/\"},{\"@type\":\"ListItem\",\"position\":4,\"name\":\"Knorr-Bremse best\u00e4tigt Interesse an Hella\"}]},{\"@type\":\"WebSite\",\"@id\":\"https:\\\/\\\/www.krafthand.de\\\/truck\\\/#website\",\"url\":\"https:\\\/\\\/www.krafthand.de\\\/truck\\\/\",\"name\":\"Krafthand-Truck\",\"description\":\"\",\"potentialAction\":[{\"@type\":\"SearchAction\",\"target\":{\"@type\":\"EntryPoint\",\"urlTemplate\":\"https:\\\/\\\/www.krafthand.de\\\/truck\\\/?s={search_term_string}\"},\"query-input\":{\"@type\":\"PropertyValueSpecification\",\"valueRequired\":true,\"valueName\":\"search_term_string\"}}],\"inLanguage\":\"de\"},{\"@type\":\"Person\",\"@id\":\"https:\\\/\\\/www.krafthand.de\\\/truck\\\/#\\\/schema\\\/person\\\/51fa80b1c57034c4bf63f9f988fc24ce\",\"name\":\"georg.blenk@krafthand-medien.de\",\"image\":{\"@type\":\"ImageObject\",\"inLanguage\":\"de\",\"@id\":\"https:\\\/\\\/secure.gravatar.com\\\/avatar\\\/93713c30affe0aa95d3a4130e499bb1abee2eb31adbdd9ce2aa1543538490215?s=96&d=mm&r=g\",\"url\":\"https:\\\/\\\/secure.gravatar.com\\\/avatar\\\/93713c30affe0aa95d3a4130e499bb1abee2eb31adbdd9ce2aa1543538490215?s=96&d=mm&r=g\",\"contentUrl\":\"https:\\\/\\\/secure.gravatar.com\\\/avatar\\\/93713c30affe0aa95d3a4130e499bb1abee2eb31adbdd9ce2aa1543538490215?s=96&d=mm&r=g\",\"caption\":\"georg.blenk@krafthand-medien.de\"}}]}<\/script>\n<!-- \/ Yoast SEO plugin. -->","yoast_head_json":{"title":"Knorr-Bremse best\u00e4tigt Interesse an Hella - Krafthand-Truck","robots":{"index":"index","follow":"follow","max-snippet":"max-snippet:-1","max-image-preview":"max-image-preview:large","max-video-preview":"max-video-preview:-1"},"canonical":"https:\/\/www.krafthand.de\/truck\/artikel\/knorr-bremse-bestaetigt-interesse-an-hella-28550\/","og_locale":"de_DE","og_type":"article","og_title":"Knorr-Bremse best\u00e4tigt Interesse an Hella - Krafthand-Truck","og_description":"Die Knorr-Bremse AG, Spezialist f\u00fcr Nutzfahrzeugbremsen, hat offiziell best\u00e4tigt, dass sie grunds\u00e4tzlich am Erwerb des von der Gr\u00fcnderfamilie gehaltenen Pakets von 60 Prozent der Aktien der Hella GmbH & Co. KGaA interessiert ist. ... weiter","og_url":"https:\/\/www.krafthand-truck.de\/artikel\/knorr-bremse-bestaetigt-interesse-an-hella-28550\/","og_site_name":"Krafthand-Truck","article_published_time":"2021-06-29T13:25:02+00:00","article_modified_time":"2021-06-29T13:36:16+00:00","og_image":[{"width":767,"height":485,"url":"https:\/\/www.krafthand.de\/truck\/wp-content\/uploads\/2021\/06\/Knorr_Bremse_Hella-3.jpg","type":"image\/jpeg"}],"author":"georg.blenk@krafthand-medien.de","twitter_card":"summary_large_image","twitter_misc":{"Verfasst von":"georg.blenk@krafthand-medien.de","Gesch\u00e4tzte Lesezeit":"1\u00a0Minute"},"schema":{"@context":"https:\/\/schema.org","@graph":[{"@type":"Article","@id":"https:\/\/www.krafthand.de\/truck\/artikel\/knorr-bremse-bestaetigt-interesse-an-hella-28550\/#article","isPartOf":{"@id":"https:\/\/www.krafthand.de\/truck\/artikel\/knorr-bremse-bestaetigt-interesse-an-hella-28550\/"},"author":{"name":"georg.blenk@krafthand-medien.de","@id":"https:\/\/www.krafthand.de\/truck\/#\/schema\/person\/51fa80b1c57034c4bf63f9f988fc24ce"},"headline":"Knorr-Bremse best\u00e4tigt Interesse an Hella","datePublished":"2021-06-29T13:25:02+00:00","dateModified":"2021-06-29T13:36:16+00:00","mainEntityOfPage":{"@id":"https:\/\/www.krafthand.de\/truck\/artikel\/knorr-bremse-bestaetigt-interesse-an-hella-28550\/"},"wordCount":91,"image":{"@id":"https:\/\/www.krafthand.de\/truck\/artikel\/knorr-bremse-bestaetigt-interesse-an-hella-28550\/#primaryimage"},"thumbnailUrl":"https:\/\/static.krafthand-truck.de\/uploads\/2021\/06\/Knorr_Bremse_Hella-3.jpg","keywords":["Hella","Knorr-Bremse","\u00fcbernahme"],"articleSection":["Unternehmen"],"inLanguage":"de"},{"@type":"WebPage","@id":"https:\/\/www.krafthand.de\/truck\/artikel\/knorr-bremse-bestaetigt-interesse-an-hella-28550\/","url":"https:\/\/www.krafthand.de\/truck\/artikel\/knorr-bremse-bestaetigt-interesse-an-hella-28550\/","name":"Knorr-Bremse best\u00e4tigt Interesse an Hella - Krafthand-Truck","isPartOf":{"@id":"https:\/\/www.krafthand.de\/truck\/#website"},"primaryImageOfPage":{"@id":"https:\/\/www.krafthand.de\/truck\/artikel\/knorr-bremse-bestaetigt-interesse-an-hella-28550\/#primaryimage"},"image":{"@id":"https:\/\/www.krafthand.de\/truck\/artikel\/knorr-bremse-bestaetigt-interesse-an-hella-28550\/#primaryimage"},"thumbnailUrl":"https:\/\/static.krafthand-truck.de\/uploads\/2021\/06\/Knorr_Bremse_Hella-3.jpg","datePublished":"2021-06-29T13:25:02+00:00","dateModified":"2021-06-29T13:36:16+00:00","author":{"@id":"https:\/\/www.krafthand.de\/truck\/#\/schema\/person\/51fa80b1c57034c4bf63f9f988fc24ce"},"breadcrumb":{"@id":"https:\/\/www.krafthand.de\/truck\/artikel\/knorr-bremse-bestaetigt-interesse-an-hella-28550\/#breadcrumb"},"inLanguage":"de","potentialAction":[{"@type":"ReadAction","target":["https:\/\/www.krafthand.de\/truck\/artikel\/knorr-bremse-bestaetigt-interesse-an-hella-28550\/"]}]},{"@type":"ImageObject","inLanguage":"de","@id":"https:\/\/www.krafthand.de\/truck\/artikel\/knorr-bremse-bestaetigt-interesse-an-hella-28550\/#primaryimage","url":"https:\/\/static.krafthand-truck.de\/uploads\/2021\/06\/Knorr_Bremse_Hella-3.jpg","contentUrl":"https:\/\/static.krafthand-truck.de\/uploads\/2021\/06\/Knorr_Bremse_Hella-3.jpg","width":767,"height":485},{"@type":"BreadcrumbList","@id":"https:\/\/www.krafthand.de\/truck\/artikel\/knorr-bremse-bestaetigt-interesse-an-hella-28550\/#breadcrumb","itemListElement":[{"@type":"ListItem","position":1,"name":"Krafthand-Truck","item":"https:\/\/www.krafthand.de\/truck\/"},{"@type":"ListItem","position":2,"name":"Nfz-Branche","item":"https:\/\/www.krafthand.de\/truck\/kategorie\/branche\/"},{"@type":"ListItem","position":3,"name":"Unternehmen","item":"https:\/\/www.krafthand.de\/truck\/kategorie\/branche\/unternehmen\/"},{"@type":"ListItem","position":4,"name":"Knorr-Bremse best\u00e4tigt Interesse an Hella"}]},{"@type":"WebSite","@id":"https:\/\/www.krafthand.de\/truck\/#website","url":"https:\/\/www.krafthand.de\/truck\/","name":"Krafthand-Truck","description":"","potentialAction":[{"@type":"SearchAction","target":{"@type":"EntryPoint","urlTemplate":"https:\/\/www.krafthand.de\/truck\/?s={search_term_string}"},"query-input":{"@type":"PropertyValueSpecification","valueRequired":true,"valueName":"search_term_string"}}],"inLanguage":"de"},{"@type":"Person","@id":"https:\/\/www.krafthand.de\/truck\/#\/schema\/person\/51fa80b1c57034c4bf63f9f988fc24ce","name":"georg.blenk@krafthand-medien.de","image":{"@type":"ImageObject","inLanguage":"de","@id":"https:\/\/secure.gravatar.com\/avatar\/93713c30affe0aa95d3a4130e499bb1abee2eb31adbdd9ce2aa1543538490215?s=96&d=mm&r=g","url":"https:\/\/secure.gravatar.com\/avatar\/93713c30affe0aa95d3a4130e499bb1abee2eb31adbdd9ce2aa1543538490215?s=96&d=mm&r=g","contentUrl":"https:\/\/secure.gravatar.com\/avatar\/93713c30affe0aa95d3a4130e499bb1abee2eb31adbdd9ce2aa1543538490215?s=96&d=mm&r=g","caption":"georg.blenk@krafthand-medien.de"}}]}},"_links":{"self":[{"href":"https:\/\/www.krafthand.de\/truck\/wp-json\/wp\/v2\/posts\/28550","targetHints":{"allow":["GET"]}}],"collection":[{"href":"https:\/\/www.krafthand.de\/truck\/wp-json\/wp\/v2\/posts"}],"about":[{"href":"https:\/\/www.krafthand.de\/truck\/wp-json\/wp\/v2\/types\/post"}],"author":[{"embeddable":true,"href":"https:\/\/www.krafthand.de\/truck\/wp-json\/wp\/v2\/users\/9"}],"replies":[{"embeddable":true,"href":"https:\/\/www.krafthand.de\/truck\/wp-json\/wp\/v2\/comments?post=28550"}],"version-history":[{"count":8,"href":"https:\/\/www.krafthand.de\/truck\/wp-json\/wp\/v2\/posts\/28550\/revisions"}],"predecessor-version":[{"id":28562,"href":"https:\/\/www.krafthand.de\/truck\/wp-json\/wp\/v2\/posts\/28550\/revisions\/28562"}],"wp:featuredmedia":[{"embeddable":true,"href":"https:\/\/www.krafthand.de\/truck\/wp-json\/wp\/v2\/media\/28561"}],"wp:attachment":[{"href":"https:\/\/www.krafthand.de\/truck\/wp-json\/wp\/v2\/media?parent=28550"}],"wp:term":[{"taxonomy":"category","embeddable":true,"href":"https:\/\/www.krafthand.de\/truck\/wp-json\/wp\/v2\/categories?post=28550"},{"taxonomy":"post_tag","embeddable":true,"href":"https:\/\/www.krafthand.de\/truck\/wp-json\/wp\/v2\/tags?post=28550"},{"taxonomy":"settings","embeddable":true,"href":"https:\/\/www.krafthand.de\/truck\/wp-json\/wp\/v2\/settings?post=28550"}],"curies":[{"name":"wp","href":"https:\/\/api.w.org\/{rel}","templated":true}]}}