{"id":28537,"date":"2021-06-28T08:48:50","date_gmt":"2021-06-28T06:48:50","guid":{"rendered":"https:\/\/www.krafthand.de\/truck\/?p=28537"},"modified":"2021-06-29T15:39:41","modified_gmt":"2021-06-29T13:39:41","slug":"teilnehmer-gesucht-studie-zum-thema-asssistenzsysteme","status":"publish","type":"post","link":"https:\/\/www.krafthand.de\/truck\/artikel\/teilnehmer-gesucht-studie-zum-thema-asssistenzsysteme-28537\/","title":{"rendered":"Teilnehmer gesucht: Studie zum Thema Asssistenzsysteme"},"content":{"rendered":"<p>Wie sicher sind Lkw-Assistenzsysteme? Erleichtern sie die Arbeit der Lkw-Fahrer oder sind einige sogar hinderlich und m\u00fcssen nachgebessert werden? Wie kann der Nutzen erh\u00f6ht werden? Das sind nur einige Fragen, die in der marktweit angelegten und wissenschaftlich begleiteten Studie \u201eAssistenzsysteme im G\u00fcterverkehr\u201c untersucht werden. Sie wird von der <a href=\"https:\/\/www.fh-westkueste.de\/home\/\" target=\"_blank\" rel=\"noopener\">FH-Westk\u00fcste<\/a>, Heide\/Schleswig-Holsten und der <a href=\"https:\/\/www.kravag.de\/ka\/index.jsp#\" target=\"_blank\" rel=\"noopener\">Kravag<\/a> durchgef\u00fchrt und kann unter diesem <a href=\"https:\/\/www.wedolo.de\/was-ist-wedolo#umfrage\" target=\"_blank\" rel=\"noopener\">Link<\/a> aufgerufen werden.\u00a0 Ziel der Studie ist es, die technische Funktionsweise und Zuverl\u00e4ssigkeit der Systeme festzustellen.<strong><br \/>\n<\/strong><\/p>\n<blockquote><p>\u201eAus den Erkenntnissen sollen die Sicherheit im Stra\u00dfenverkehr erh\u00f6ht und Handlungsempfehlungen abgeleitet werden, die zu mehr Akzeptanz am Arbeitsplatz f\u00fchren\u201c, f\u00fchrt Prof. Axel Salzmann, Leiter des Kompetenzzentrums f\u00fcr das Stra\u00dfenverkehrsgewerbe und Logistik bei der Kravag-Logistic Versicherungs-AG<\/p>\n<p>\u201eF\u00fcr Hersteller ergeben sich hieraus neue Erkenntnisse f\u00fcr die Weiterentwicklung\u201c, erkl\u00e4rt Prof. Dr. Tim Gruchmann von der FH Westk\u00fcste. &#8222;Auch soll Aufschluss dar\u00fcber gewonnen werden, ob der Einsatz der Assistenzsysteme den Beruf attraktiver macht und wo noch Potentiale schlummern.&#8220;<\/p><\/blockquote>\n<p>Mit der Teilnahme an der Umfrage k\u00f6nnen Fahrer und Spediteure direkt Einfluss auf die Verbesserung ihres Arbeitsplatzes und der zuk\u00fcnftigen Systeme neh-men. F\u00fcr die Beantwortung werden den Angaben zufolge rund drei Minuten ben\u00f6tigt. Die Daten werden komplett anonymisiert. Es kann kein R\u00fcckschluss auf die Identit\u00e4t erfolgen, versprechen die Initiatoren. <strong>Die Teilnahme ist noch bis zum 15.7.2021 m\u00f6glich.<\/strong><\/p>\n","protected":false},"excerpt":{"rendered":"<p>Wie sicher sind Lkw-Assistenzsysteme? Erleichtern sie die Arbeit der Lkw-Fahrer oder sind einige sogar hinderlich und m\u00fcssen nachgebessert werden? Wie kann der Nutzen erh\u00f6ht werden? Das sind nur einige Fragen, die in der marktweit angelegten und wissenschaftlich begleiteten Studie \u201eAssistenzsysteme im G\u00fcterverkehr\u201c untersucht werden. <span class=\"excerpt-more__dots\">&#8230;<\/span> <a class=\"excerpt-more__link\" href=\"https:\/\/www.krafthand.de\/truck\/artikel\/teilnehmer-gesucht-studie-zum-thema-asssistenzsysteme-28537\/\" >weiter<\/a><\/p>\n","protected":false},"author":9,"featured_media":27151,"comment_status":"closed","ping_status":"closed","sticky":false,"template":"","format":"standard","meta":{"footnotes":""},"categories":[4225,4237],"tags":[4301,4593,4591,136,4264,4592],"settings":[],"class_list":["post-28537","post","type-post","status-publish","format-standard","has-post-thumbnail","hentry","category-ssistenzsysteme","category-studien","tag-assistenzsysteme","tag-fh-westkueste","tag-kravag","tag-scania","tag-studie","tag-umfrage"],"yoast_head":"<!-- This site is optimized with the Yoast SEO plugin v27.3 - https:\/\/yoast.com\/product\/yoast-seo-wordpress\/ -->\n<title>Teilnehmer gesucht: Studie zum Thema Asssistenzsysteme - Krafthand-Truck<\/title>\n<meta name=\"robots\" content=\"index, follow, max-snippet:-1, max-image-preview:large, max-video-preview:-1\" \/>\n<link rel=\"canonical\" href=\"https:\/\/www.krafthand.de\/truck\/artikel\/teilnehmer-gesucht-studie-zum-thema-asssistenzsysteme-28537\/\" \/>\n<meta property=\"og:locale\" content=\"de_DE\" \/>\n<meta property=\"og:type\" content=\"article\" \/>\n<meta property=\"og:title\" content=\"Teilnehmer gesucht: Studie zum Thema Asssistenzsysteme - Krafthand-Truck\" \/>\n<meta property=\"og:description\" content=\"Wie sicher sind Lkw-Assistenzsysteme? Erleichtern sie die Arbeit der Lkw-Fahrer oder sind einige sogar hinderlich und m\u00fcssen nachgebessert werden? Wie kann der Nutzen erh\u00f6ht werden? Das sind nur einige Fragen, die in der marktweit angelegten und wissenschaftlich begleiteten Studie \u201eAssistenzsysteme im G\u00fcterverkehr\u201c untersucht werden. ... weiter\" \/>\n<meta property=\"og:url\" content=\"https:\/\/www.krafthand-truck.de\/artikel\/teilnehmer-gesucht-studie-zum-thema-asssistenzsysteme-28537\/\" \/>\n<meta property=\"og:site_name\" content=\"Krafthand-Truck\" \/>\n<meta property=\"article:published_time\" content=\"2021-06-28T06:48:50+00:00\" \/>\n<meta property=\"article:modified_time\" content=\"2021-06-29T13:39:41+00:00\" \/>\n<meta property=\"og:image\" content=\"https:\/\/www.krafthand.de\/truck\/wp-content\/uploads\/2021\/03\/Scania_Seiten_Rueckfahrassistenten.jpg\" \/>\n\t<meta property=\"og:image:width\" content=\"1200\" \/>\n\t<meta property=\"og:image:height\" content=\"776\" \/>\n\t<meta property=\"og:image:type\" content=\"image\/jpeg\" \/>\n<meta name=\"author\" content=\"georg.blenk@krafthand-medien.de\" \/>\n<meta name=\"twitter:card\" content=\"summary_large_image\" \/>\n<meta name=\"twitter:label1\" content=\"Verfasst von\" \/>\n\t<meta name=\"twitter:data1\" content=\"georg.blenk@krafthand-medien.de\" \/>\n\t<meta name=\"twitter:label2\" content=\"Gesch\u00e4tzte Lesezeit\" \/>\n\t<meta name=\"twitter:data2\" content=\"1\u00a0Minute\" \/>\n<script type=\"application\/ld+json\" class=\"yoast-schema-graph\">{\"@context\":\"https:\\\/\\\/schema.org\",\"@graph\":[{\"@type\":\"Article\",\"@id\":\"https:\\\/\\\/www.krafthand.de\\\/truck\\\/artikel\\\/teilnehmer-gesucht-studie-zum-thema-asssistenzsysteme-28537\\\/#article\",\"isPartOf\":{\"@id\":\"https:\\\/\\\/www.krafthand.de\\\/truck\\\/artikel\\\/teilnehmer-gesucht-studie-zum-thema-asssistenzsysteme-28537\\\/\"},\"author\":{\"name\":\"georg.blenk@krafthand-medien.de\",\"@id\":\"https:\\\/\\\/www.krafthand.de\\\/truck\\\/#\\\/schema\\\/person\\\/51fa80b1c57034c4bf63f9f988fc24ce\"},\"headline\":\"Teilnehmer gesucht: Studie zum Thema Asssistenzsysteme\",\"datePublished\":\"2021-06-28T06:48:50+00:00\",\"dateModified\":\"2021-06-29T13:39:41+00:00\",\"mainEntityOfPage\":{\"@id\":\"https:\\\/\\\/www.krafthand.de\\\/truck\\\/artikel\\\/teilnehmer-gesucht-studie-zum-thema-asssistenzsysteme-28537\\\/\"},\"wordCount\":236,\"image\":{\"@id\":\"https:\\\/\\\/www.krafthand.de\\\/truck\\\/artikel\\\/teilnehmer-gesucht-studie-zum-thema-asssistenzsysteme-28537\\\/#primaryimage\"},\"thumbnailUrl\":\"https:\\\/\\\/static.krafthand-truck.de\\\/uploads\\\/2021\\\/03\\\/Scania_Seiten_Rueckfahrassistenten.jpg\",\"keywords\":[\"Assistenzsysteme\",\"FH-Westk\u00fcste\",\"Kravag\",\"Scania\",\"Studie\",\"Umfrage\"],\"articleSection\":[\"Assistenzsysteme\",\"Studien\\\/F+E\"],\"inLanguage\":\"de\"},{\"@type\":\"WebPage\",\"@id\":\"https:\\\/\\\/www.krafthand.de\\\/truck\\\/artikel\\\/teilnehmer-gesucht-studie-zum-thema-asssistenzsysteme-28537\\\/\",\"url\":\"https:\\\/\\\/www.krafthand.de\\\/truck\\\/artikel\\\/teilnehmer-gesucht-studie-zum-thema-asssistenzsysteme-28537\\\/\",\"name\":\"Teilnehmer gesucht: Studie zum Thema Asssistenzsysteme - Krafthand-Truck\",\"isPartOf\":{\"@id\":\"https:\\\/\\\/www.krafthand.de\\\/truck\\\/#website\"},\"primaryImageOfPage\":{\"@id\":\"https:\\\/\\\/www.krafthand.de\\\/truck\\\/artikel\\\/teilnehmer-gesucht-studie-zum-thema-asssistenzsysteme-28537\\\/#primaryimage\"},\"image\":{\"@id\":\"https:\\\/\\\/www.krafthand.de\\\/truck\\\/artikel\\\/teilnehmer-gesucht-studie-zum-thema-asssistenzsysteme-28537\\\/#primaryimage\"},\"thumbnailUrl\":\"https:\\\/\\\/static.krafthand-truck.de\\\/uploads\\\/2021\\\/03\\\/Scania_Seiten_Rueckfahrassistenten.jpg\",\"datePublished\":\"2021-06-28T06:48:50+00:00\",\"dateModified\":\"2021-06-29T13:39:41+00:00\",\"author\":{\"@id\":\"https:\\\/\\\/www.krafthand.de\\\/truck\\\/#\\\/schema\\\/person\\\/51fa80b1c57034c4bf63f9f988fc24ce\"},\"breadcrumb\":{\"@id\":\"https:\\\/\\\/www.krafthand.de\\\/truck\\\/artikel\\\/teilnehmer-gesucht-studie-zum-thema-asssistenzsysteme-28537\\\/#breadcrumb\"},\"inLanguage\":\"de\",\"potentialAction\":[{\"@type\":\"ReadAction\",\"target\":[\"https:\\\/\\\/www.krafthand.de\\\/truck\\\/artikel\\\/teilnehmer-gesucht-studie-zum-thema-asssistenzsysteme-28537\\\/\"]}]},{\"@type\":\"ImageObject\",\"inLanguage\":\"de\",\"@id\":\"https:\\\/\\\/www.krafthand.de\\\/truck\\\/artikel\\\/teilnehmer-gesucht-studie-zum-thema-asssistenzsysteme-28537\\\/#primaryimage\",\"url\":\"https:\\\/\\\/static.krafthand-truck.de\\\/uploads\\\/2021\\\/03\\\/Scania_Seiten_Rueckfahrassistenten.jpg\",\"contentUrl\":\"https:\\\/\\\/static.krafthand-truck.de\\\/uploads\\\/2021\\\/03\\\/Scania_Seiten_Rueckfahrassistenten.jpg\",\"width\":1200,\"height\":776},{\"@type\":\"BreadcrumbList\",\"@id\":\"https:\\\/\\\/www.krafthand.de\\\/truck\\\/artikel\\\/teilnehmer-gesucht-studie-zum-thema-asssistenzsysteme-28537\\\/#breadcrumb\",\"itemListElement\":[{\"@type\":\"ListItem\",\"position\":1,\"name\":\"Krafthand-Truck\",\"item\":\"https:\\\/\\\/www.krafthand.de\\\/truck\\\/\"},{\"@type\":\"ListItem\",\"position\":2,\"name\":\"Nfz-Branche\",\"item\":\"https:\\\/\\\/www.krafthand.de\\\/truck\\\/kategorie\\\/branche\\\/\"},{\"@type\":\"ListItem\",\"position\":3,\"name\":\"Studien\\\/F+E\",\"item\":\"https:\\\/\\\/www.krafthand.de\\\/truck\\\/kategorie\\\/branche\\\/studien\\\/\"},{\"@type\":\"ListItem\",\"position\":4,\"name\":\"Teilnehmer gesucht: Studie zum Thema Asssistenzsysteme\"}]},{\"@type\":\"WebSite\",\"@id\":\"https:\\\/\\\/www.krafthand.de\\\/truck\\\/#website\",\"url\":\"https:\\\/\\\/www.krafthand.de\\\/truck\\\/\",\"name\":\"Krafthand-Truck\",\"description\":\"\",\"potentialAction\":[{\"@type\":\"SearchAction\",\"target\":{\"@type\":\"EntryPoint\",\"urlTemplate\":\"https:\\\/\\\/www.krafthand.de\\\/truck\\\/?s={search_term_string}\"},\"query-input\":{\"@type\":\"PropertyValueSpecification\",\"valueRequired\":true,\"valueName\":\"search_term_string\"}}],\"inLanguage\":\"de\"},{\"@type\":\"Person\",\"@id\":\"https:\\\/\\\/www.krafthand.de\\\/truck\\\/#\\\/schema\\\/person\\\/51fa80b1c57034c4bf63f9f988fc24ce\",\"name\":\"georg.blenk@krafthand-medien.de\",\"image\":{\"@type\":\"ImageObject\",\"inLanguage\":\"de\",\"@id\":\"https:\\\/\\\/secure.gravatar.com\\\/avatar\\\/93713c30affe0aa95d3a4130e499bb1abee2eb31adbdd9ce2aa1543538490215?s=96&d=mm&r=g\",\"url\":\"https:\\\/\\\/secure.gravatar.com\\\/avatar\\\/93713c30affe0aa95d3a4130e499bb1abee2eb31adbdd9ce2aa1543538490215?s=96&d=mm&r=g\",\"contentUrl\":\"https:\\\/\\\/secure.gravatar.com\\\/avatar\\\/93713c30affe0aa95d3a4130e499bb1abee2eb31adbdd9ce2aa1543538490215?s=96&d=mm&r=g\",\"caption\":\"georg.blenk@krafthand-medien.de\"}}]}<\/script>\n<!-- \/ Yoast SEO plugin. -->","yoast_head_json":{"title":"Teilnehmer gesucht: Studie zum Thema Asssistenzsysteme - Krafthand-Truck","robots":{"index":"index","follow":"follow","max-snippet":"max-snippet:-1","max-image-preview":"max-image-preview:large","max-video-preview":"max-video-preview:-1"},"canonical":"https:\/\/www.krafthand.de\/truck\/artikel\/teilnehmer-gesucht-studie-zum-thema-asssistenzsysteme-28537\/","og_locale":"de_DE","og_type":"article","og_title":"Teilnehmer gesucht: Studie zum Thema Asssistenzsysteme - Krafthand-Truck","og_description":"Wie sicher sind Lkw-Assistenzsysteme? Erleichtern sie die Arbeit der Lkw-Fahrer oder sind einige sogar hinderlich und m\u00fcssen nachgebessert werden? Wie kann der Nutzen erh\u00f6ht werden? Das sind nur einige Fragen, die in der marktweit angelegten und wissenschaftlich begleiteten Studie \u201eAssistenzsysteme im G\u00fcterverkehr\u201c untersucht werden. ... weiter","og_url":"https:\/\/www.krafthand-truck.de\/artikel\/teilnehmer-gesucht-studie-zum-thema-asssistenzsysteme-28537\/","og_site_name":"Krafthand-Truck","article_published_time":"2021-06-28T06:48:50+00:00","article_modified_time":"2021-06-29T13:39:41+00:00","og_image":[{"width":1200,"height":776,"url":"https:\/\/www.krafthand.de\/truck\/wp-content\/uploads\/2021\/03\/Scania_Seiten_Rueckfahrassistenten.jpg","type":"image\/jpeg"}],"author":"georg.blenk@krafthand-medien.de","twitter_card":"summary_large_image","twitter_misc":{"Verfasst von":"georg.blenk@krafthand-medien.de","Gesch\u00e4tzte Lesezeit":"1\u00a0Minute"},"schema":{"@context":"https:\/\/schema.org","@graph":[{"@type":"Article","@id":"https:\/\/www.krafthand.de\/truck\/artikel\/teilnehmer-gesucht-studie-zum-thema-asssistenzsysteme-28537\/#article","isPartOf":{"@id":"https:\/\/www.krafthand.de\/truck\/artikel\/teilnehmer-gesucht-studie-zum-thema-asssistenzsysteme-28537\/"},"author":{"name":"georg.blenk@krafthand-medien.de","@id":"https:\/\/www.krafthand.de\/truck\/#\/schema\/person\/51fa80b1c57034c4bf63f9f988fc24ce"},"headline":"Teilnehmer gesucht: Studie zum Thema Asssistenzsysteme","datePublished":"2021-06-28T06:48:50+00:00","dateModified":"2021-06-29T13:39:41+00:00","mainEntityOfPage":{"@id":"https:\/\/www.krafthand.de\/truck\/artikel\/teilnehmer-gesucht-studie-zum-thema-asssistenzsysteme-28537\/"},"wordCount":236,"image":{"@id":"https:\/\/www.krafthand.de\/truck\/artikel\/teilnehmer-gesucht-studie-zum-thema-asssistenzsysteme-28537\/#primaryimage"},"thumbnailUrl":"https:\/\/static.krafthand-truck.de\/uploads\/2021\/03\/Scania_Seiten_Rueckfahrassistenten.jpg","keywords":["Assistenzsysteme","FH-Westk\u00fcste","Kravag","Scania","Studie","Umfrage"],"articleSection":["Assistenzsysteme","Studien\/F+E"],"inLanguage":"de"},{"@type":"WebPage","@id":"https:\/\/www.krafthand.de\/truck\/artikel\/teilnehmer-gesucht-studie-zum-thema-asssistenzsysteme-28537\/","url":"https:\/\/www.krafthand.de\/truck\/artikel\/teilnehmer-gesucht-studie-zum-thema-asssistenzsysteme-28537\/","name":"Teilnehmer gesucht: Studie zum Thema Asssistenzsysteme - Krafthand-Truck","isPartOf":{"@id":"https:\/\/www.krafthand.de\/truck\/#website"},"primaryImageOfPage":{"@id":"https:\/\/www.krafthand.de\/truck\/artikel\/teilnehmer-gesucht-studie-zum-thema-asssistenzsysteme-28537\/#primaryimage"},"image":{"@id":"https:\/\/www.krafthand.de\/truck\/artikel\/teilnehmer-gesucht-studie-zum-thema-asssistenzsysteme-28537\/#primaryimage"},"thumbnailUrl":"https:\/\/static.krafthand-truck.de\/uploads\/2021\/03\/Scania_Seiten_Rueckfahrassistenten.jpg","datePublished":"2021-06-28T06:48:50+00:00","dateModified":"2021-06-29T13:39:41+00:00","author":{"@id":"https:\/\/www.krafthand.de\/truck\/#\/schema\/person\/51fa80b1c57034c4bf63f9f988fc24ce"},"breadcrumb":{"@id":"https:\/\/www.krafthand.de\/truck\/artikel\/teilnehmer-gesucht-studie-zum-thema-asssistenzsysteme-28537\/#breadcrumb"},"inLanguage":"de","potentialAction":[{"@type":"ReadAction","target":["https:\/\/www.krafthand.de\/truck\/artikel\/teilnehmer-gesucht-studie-zum-thema-asssistenzsysteme-28537\/"]}]},{"@type":"ImageObject","inLanguage":"de","@id":"https:\/\/www.krafthand.de\/truck\/artikel\/teilnehmer-gesucht-studie-zum-thema-asssistenzsysteme-28537\/#primaryimage","url":"https:\/\/static.krafthand-truck.de\/uploads\/2021\/03\/Scania_Seiten_Rueckfahrassistenten.jpg","contentUrl":"https:\/\/static.krafthand-truck.de\/uploads\/2021\/03\/Scania_Seiten_Rueckfahrassistenten.jpg","width":1200,"height":776},{"@type":"BreadcrumbList","@id":"https:\/\/www.krafthand.de\/truck\/artikel\/teilnehmer-gesucht-studie-zum-thema-asssistenzsysteme-28537\/#breadcrumb","itemListElement":[{"@type":"ListItem","position":1,"name":"Krafthand-Truck","item":"https:\/\/www.krafthand.de\/truck\/"},{"@type":"ListItem","position":2,"name":"Nfz-Branche","item":"https:\/\/www.krafthand.de\/truck\/kategorie\/branche\/"},{"@type":"ListItem","position":3,"name":"Studien\/F+E","item":"https:\/\/www.krafthand.de\/truck\/kategorie\/branche\/studien\/"},{"@type":"ListItem","position":4,"name":"Teilnehmer gesucht: Studie zum Thema Asssistenzsysteme"}]},{"@type":"WebSite","@id":"https:\/\/www.krafthand.de\/truck\/#website","url":"https:\/\/www.krafthand.de\/truck\/","name":"Krafthand-Truck","description":"","potentialAction":[{"@type":"SearchAction","target":{"@type":"EntryPoint","urlTemplate":"https:\/\/www.krafthand.de\/truck\/?s={search_term_string}"},"query-input":{"@type":"PropertyValueSpecification","valueRequired":true,"valueName":"search_term_string"}}],"inLanguage":"de"},{"@type":"Person","@id":"https:\/\/www.krafthand.de\/truck\/#\/schema\/person\/51fa80b1c57034c4bf63f9f988fc24ce","name":"georg.blenk@krafthand-medien.de","image":{"@type":"ImageObject","inLanguage":"de","@id":"https:\/\/secure.gravatar.com\/avatar\/93713c30affe0aa95d3a4130e499bb1abee2eb31adbdd9ce2aa1543538490215?s=96&d=mm&r=g","url":"https:\/\/secure.gravatar.com\/avatar\/93713c30affe0aa95d3a4130e499bb1abee2eb31adbdd9ce2aa1543538490215?s=96&d=mm&r=g","contentUrl":"https:\/\/secure.gravatar.com\/avatar\/93713c30affe0aa95d3a4130e499bb1abee2eb31adbdd9ce2aa1543538490215?s=96&d=mm&r=g","caption":"georg.blenk@krafthand-medien.de"}}]}},"_links":{"self":[{"href":"https:\/\/www.krafthand.de\/truck\/wp-json\/wp\/v2\/posts\/28537","targetHints":{"allow":["GET"]}}],"collection":[{"href":"https:\/\/www.krafthand.de\/truck\/wp-json\/wp\/v2\/posts"}],"about":[{"href":"https:\/\/www.krafthand.de\/truck\/wp-json\/wp\/v2\/types\/post"}],"author":[{"embeddable":true,"href":"https:\/\/www.krafthand.de\/truck\/wp-json\/wp\/v2\/users\/9"}],"replies":[{"embeddable":true,"href":"https:\/\/www.krafthand.de\/truck\/wp-json\/wp\/v2\/comments?post=28537"}],"version-history":[{"count":7,"href":"https:\/\/www.krafthand.de\/truck\/wp-json\/wp\/v2\/posts\/28537\/revisions"}],"predecessor-version":[{"id":28544,"href":"https:\/\/www.krafthand.de\/truck\/wp-json\/wp\/v2\/posts\/28537\/revisions\/28544"}],"wp:featuredmedia":[{"embeddable":true,"href":"https:\/\/www.krafthand.de\/truck\/wp-json\/wp\/v2\/media\/27151"}],"wp:attachment":[{"href":"https:\/\/www.krafthand.de\/truck\/wp-json\/wp\/v2\/media?parent=28537"}],"wp:term":[{"taxonomy":"category","embeddable":true,"href":"https:\/\/www.krafthand.de\/truck\/wp-json\/wp\/v2\/categories?post=28537"},{"taxonomy":"post_tag","embeddable":true,"href":"https:\/\/www.krafthand.de\/truck\/wp-json\/wp\/v2\/tags?post=28537"},{"taxonomy":"settings","embeddable":true,"href":"https:\/\/www.krafthand.de\/truck\/wp-json\/wp\/v2\/settings?post=28537"}],"curies":[{"name":"wp","href":"https:\/\/api.w.org\/{rel}","templated":true}]}}