{"id":28505,"date":"2021-06-28T10:45:04","date_gmt":"2021-06-28T08:45:04","guid":{"rendered":"https:\/\/www.krafthand.de\/truck\/?p=28505"},"modified":"2021-06-28T10:50:10","modified_gmt":"2021-06-28T08:50:10","slug":"sorgen-und-skepsis-digitalisierung-automatisiertes-fahren-umweltschutz","status":"publish","type":"post","link":"https:\/\/www.krafthand.de\/truck\/artikel\/sorgen-und-skepsis-digitalisierung-automatisiertes-fahren-umweltschutz-28505\/","title":{"rendered":"Sorgen und Skepsis: Digitalisierung, Automatisiertes Fahren, Umweltschutz"},"content":{"rendered":"<p>Unter deutschen Transportunternehmen w\u00e4chst die Sorge, bei der Digitalisierung den Anschluss zu verlieren. So lautet ein zentrales Ergebnis der Studie <strong>&#8218;Der vernetzte Truck&#8216;<\/strong>, die das Sozialforschungsinstitut infas k\u00fcrzlich im Auftrag von Continental durchgef\u00fchrt hat. Mit der Erhebung nimmt Continental nach 2016 zum zweiten Mal die Trends und Entwicklungen der Transportbranche in den Blick. Befragt wurden laut Conti deutsche Spediteure, Logistiker und Transportunternehmen zu Themen wie Digitalisierung, Automatisierung, Fahrzeugtechnologien sowie zu den Rahmenbedingungen der Branche. Eine weitere zentrale Erkenntnis: Der Umweltschutz gewinnt in der Transportbranche deutlich an Bedeutung.<\/p>\n<h3>Digitalisierung ver\u00e4ndert die Branche \u2013 der Handlungsbedarf steigt<\/h3>\n<figure id=\"attachment_28529\" aria-describedby=\"caption-attachment-28529\" style=\"width: 420px\" class=\"wp-caption alignleft\"><a href=\"https:\/\/www.krafthand.de\/truck\/wp-content\/uploads\/2021\/06\/Continental_PP_ConnectedTruck_Digitization_DE.jpg\" target=\"_blank\" rel=\"noopener\"><img fetchpriority=\"high\" decoding=\"async\" class=\"wp-image-28529\" src=\"https:\/\/www.krafthand.de\/truck\/wp-content\/uploads\/2021\/06\/Continental_PP_ConnectedTruck_Digitization_DE-300x217.jpg\" alt=\"\" width=\"420\" height=\"304\" srcset=\"https:\/\/static.krafthand-truck.de\/uploads\/2021\/06\/Continental_PP_ConnectedTruck_Digitization_DE-300x217.jpg 300w, https:\/\/static.krafthand-truck.de\/uploads\/2021\/06\/Continental_PP_ConnectedTruck_Digitization_DE-1024x741.jpg 1024w, https:\/\/static.krafthand-truck.de\/uploads\/2021\/06\/Continental_PP_ConnectedTruck_Digitization_DE-768x556.jpg 768w, https:\/\/static.krafthand-truck.de\/uploads\/2021\/06\/Continental_PP_ConnectedTruck_Digitization_DE.jpg 1200w\" sizes=\"(max-width: 420px) 100vw, 420px\" \/><\/a><figcaption id=\"caption-attachment-28529\" class=\"wp-caption-text\">Die Branche blickt mit Sorge auf die Digitalisierung.<\/figcaption><\/figure>\n<p>Mit Blick auf die Digitalisierung zeichnet sich den Studienergebnissen zufolge ein klares Bild ab: Ein Gro\u00dfteil der befragten Logistiker \u2013 und ein nochmals gr\u00f6\u00dferer Anteil gegen\u00fcber 2016 \u2013 gab laut Conti an, dass die Digitalisierung die Branche bereits stark ver\u00e4ndert hat. Obwohl die Chancen durch die Digitalisierung von einem Teil der Logistiker positiv wahrgenommen werden, \u00fcberwiege bei den Befragten jedoch die Sorge, den Anschluss zu verpassen \u2013 eine Bef\u00fcrchtung, die sich im direkten Vergleich mit den Ergebnissen der Vorg\u00e4ngerstudie aus 2016 leicht verst\u00e4rkt hat.<\/p>\n<blockquote><p>\u201eDie Transportbranche befindet sich inmitten eines gro\u00dfen Transformationsprozesses. Die Akteure beobachten, dass sich die Digitalisierung in den letzten Jahren weiter beschleunigt hat, und sehen nun Handlungsbedarf, um auch zuk\u00fcnftig gut aufgestellt zu sein\u201c, so Gilles Mabire, Leiter des Gesch\u00e4ftsbereichs Commercial Vehicles and Services (CVS) bei Continental.<\/p><\/blockquote>\n<h3>Anhaltende Skepsis gegen\u00fcber dem automatisierten Fahren<\/h3>\n<p>Unver\u00e4ndert kritisch stehen der Studie zufolge die befragten Logistiker der Automatisierung im Transportgewerbe gegen\u00fcber. Zwar lie\u00dfe sich feststellen, dass die Zahl derjenigen, die dem automatisierten Fahren besonders skeptisch beziehungsweise besonders positiv gegen\u00fcberstehen, im Vergleich zu den Studienergebnissen 2016 an beiden Enden der Skala leicht gesunken ist. Dass im automatisierten Fahren Chancen f\u00fcr Branche oder Fahrer liegen, sieht allerdings nach wie vor nur eine kleine Minderheit der Studienteilnehmer.<\/p>\n<div class=\"gallery-container\"><div class=\"owl-carousel owl-theme\">\r\n        <div>\r\n        \t<img decoding=\"async\" src=\"https:\/\/static.krafthand-truck.de\/uploads\/2021\/06\/2021-06-23-Continental_PP_MobS2021_07_AutomatisiertesFahren_Grafik_DE-1024x583.jpg\" alt=\"\" \/>\r\n          <a href=\"https:\/\/static.krafthand-truck.de\/uploads\/2021\/06\/2021-06-23-Continental_PP_MobS2021_07_AutomatisiertesFahren_Grafik_DE-1024x583.jpg\" data-featherlight=\"gallery_69f56e9b092eb\" class=\"gallery-expand\" data-title=\"\"><i class=\"fa fa-expand\" aria-hidden=\"true\"><\/i><\/a>\r\n        \t<div class=\"gallery-caption wp-caption-text\"><\/div>\r\n        <\/div>\r\n        <div>\r\n        \t<img decoding=\"async\" src=\"https:\/\/static.krafthand-truck.de\/uploads\/2021\/06\/2021-06-23-Continental_PP_MobS2021_04_Fzg_Umwelt_Grafik_DE-1024x583.jpg\" alt=\"\" \/>\r\n          <a href=\"https:\/\/static.krafthand-truck.de\/uploads\/2021\/06\/2021-06-23-Continental_PP_MobS2021_04_Fzg_Umwelt_Grafik_DE-1024x583.jpg\" data-featherlight=\"gallery_69f56e9b092eb\" class=\"gallery-expand\" data-title=\"\"><i class=\"fa fa-expand\" aria-hidden=\"true\"><\/i><\/a>\r\n        \t<div class=\"gallery-caption wp-caption-text\"><\/div>\r\n        <\/div>\r\n        <div>\r\n        \t<img decoding=\"async\" src=\"https:\/\/static.krafthand-truck.de\/uploads\/2021\/06\/2021-06-23-Continental_PP_MobS2021_08_Herausforderungen_Grafik_DE-1024x583.jpg\" alt=\"\" \/>\r\n          <a href=\"https:\/\/static.krafthand-truck.de\/uploads\/2021\/06\/2021-06-23-Continental_PP_MobS2021_08_Herausforderungen_Grafik_DE-1024x583.jpg\" data-featherlight=\"gallery_69f56e9b092eb\" class=\"gallery-expand\" data-title=\"\"><i class=\"fa fa-expand\" aria-hidden=\"true\"><\/i><\/a>\r\n        \t<div class=\"gallery-caption wp-caption-text\"><\/div>\r\n        <\/div><\/div><\/div>\r\n\t<script>\r\n\t\tjQuery(document).ready(function($){\r\n      setTimeout(function(){\r\n  \t\t\t$(\".owl-carousel\").owlCarousel({\r\n  \t\t\t\tloop:true,\r\n    \t\t\tmargin:10,\r\n    \t\t\tresponsiveClass:true,\r\n    \t\t\titems:1,\r\n    \t\t\tautoHeight: true,\r\n          nav: true,\r\n          URLhashListener: true,\r\n          startPosition: \"URLHash\",\r\n          navText: [\r\n            \"<i class='fa fa-chevron-left'><\/i>\",\r\n            \"<i class='fa fa-chevron-right'><\/i>\"\r\n          ],\r\n  \t\t\t});\r\n      }, 2000);\r\n\t\t});\r\n\t<\/script>\r\n\t\n<p>Gute Nachrichten bietet die Studie &#8218;Der vernetzte Truck&#8216; f\u00fcr die IT- und Telematikdienstleister der Branche: Die Logistiker zeigen sich deutlich zufriedener mit der von ihnen eingesetzten Software. F\u00fcr Softwarel\u00f6sungen etwa zur Unterst\u00fctzung von Fahrern, Disponenten und Fuhrparkmanagern vergeben die Befragten durchweg bessere Noten als noch 2016. Auch die Fahrzeugvernetzung wird insbesondere f\u00fcr gr\u00f6\u00dfere Flotten ein immer wichtigeres Zukunftsthema.<\/p>\n<blockquote><p>\u201eNutzfahrzeuge sind heute die am st\u00e4rksten vernetzten Fahrzeuge \u00fcberhaupt. Logistiker suchen nach L\u00f6sungen, um die neuen Technologien bestm\u00f6glich f\u00fcr sich zu nutzen\u201c, stellt Mabire fest. \u201eMit entsprechenden Softwarel\u00f6sungen haben Speditionen und Fuhrparkunternehmen bereits Erfahrungen gemacht und sch\u00e4tzen den Effizienzgewinn. Der unmittelbare Nutzen \u00fcberwiegt im Vergleich zur entfernten Vision vom autonomen Fahren.\u201c<\/p><\/blockquote>\n<p>An der Einstellung in der Branche wird sich laut Continantal jedoch nur wenig \u00e4ndern, solange automatisiertes Fahren nur als abstraktes Konzept diskutiert wird. <em>&#8222;Erst wenn die gesetzlichen Rahmenbedingungen klarer werden und sich in ersten Projekten in abgeschlossenen Bereichen wie Hafenterminals oder in der Hub-to-Hub-Logistik zeige, dass die Automatisierung den Unternehmen einen ganz konkreten Vorteil bringt, wird das automatisierte Fahren Unterst\u00fctzer gewinnen&#8220;<\/em>, so Gilles Mabire.<\/p>\n<h3>Kostendruck und Wettbwerb um gute Fahrer(innen)<\/h3>\n<p>Was sind die gr\u00f6\u00dften Herausforderungen f\u00fcr die Branche? Im Vergleich zu den Ergebnissen 2016 stehen unver\u00e4ndert prominent f\u00fcr die befragten Logistiker der steigende Kostendruck sowie der Wettbewerb um gut ausgebildete Fahrer auf den ersten beiden Pl\u00e4tzen der zuk\u00fcnftigen Herausforderungen. Hier erwarten sie laut Conti fast einstimmig eine weitere Versch\u00e4rfung der Bedingungen. Doch auch dar\u00fcber hinaus sehen Logistiker neue Herausforderungen auf die Branche zukommen: Knapp die H\u00e4lfte der Befragten f\u00fcrchtet, dass neue Akteure die Konkurrenzsituation im Transportgewerbe weiter verst\u00e4rken.Mehr noch: Laut Studienergebnissen rechnen die Logistiker neuen Konkurrenten eine gr\u00f6\u00dfere Bedeutung zu als dem Schiff- oder Schienenverkehr.<\/p>\n<blockquote><p>\u201eGro\u00dfe Verlader und Onlineh\u00e4ndler, die zuvor selbst Kunden der Transportunternehmen waren, bauen sich nun eine eigene Logistikinfrastruktur auf. Dadurch gehen den Logistikern nicht nur Bestandskunden verloren, sondern neue Player betreten den Markt\u201c, stellt Mabire fest.<\/p>\n<p>&nbsp;<\/p>\n<div class=\"gallery-container\"><div class=\"owl-carousel owl-theme\">\r\n        <div>\r\n        \t<img decoding=\"async\" src=\"https:\/\/static.krafthand-truck.de\/uploads\/2021\/06\/20210617_CVS_Studie_Vernetzter_Truck_Zukunftstrends-DE-1024x576.jpg\" alt=\"\" \/>\r\n          <a href=\"https:\/\/static.krafthand-truck.de\/uploads\/2021\/06\/20210617_CVS_Studie_Vernetzter_Truck_Zukunftstrends-DE-1024x576.jpg\" data-featherlight=\"gallery_69f56e9b09a44\" class=\"gallery-expand\" data-title=\"\"><i class=\"fa fa-expand\" aria-hidden=\"true\"><\/i><\/a>\r\n        \t<div class=\"gallery-caption wp-caption-text\"><\/div>\r\n        <\/div>\r\n        <div>\r\n        \t<img decoding=\"async\" src=\"https:\/\/static.krafthand-truck.de\/uploads\/2021\/06\/20210617_CVS_Studie_Vernetzter_Truck_Zukunft_Herausforderungen-2-1024x576.jpg\" alt=\"\" \/>\r\n          <a href=\"https:\/\/static.krafthand-truck.de\/uploads\/2021\/06\/20210617_CVS_Studie_Vernetzter_Truck_Zukunft_Herausforderungen-2-1024x576.jpg\" data-featherlight=\"gallery_69f56e9b09a44\" class=\"gallery-expand\" data-title=\"\"><i class=\"fa fa-expand\" aria-hidden=\"true\"><\/i><\/a>\r\n        \t<div class=\"gallery-caption wp-caption-text\"><\/div>\r\n        <\/div>\r\n        <div>\r\n        \t<img decoding=\"async\" src=\"https:\/\/static.krafthand-truck.de\/uploads\/2021\/06\/20210617_CVS_Studie_Vernetzter_Truck_Zufriedenheit_Fahrer-DE-2-1024x576.jpg\" alt=\"\" \/>\r\n          <a href=\"https:\/\/static.krafthand-truck.de\/uploads\/2021\/06\/20210617_CVS_Studie_Vernetzter_Truck_Zufriedenheit_Fahrer-DE-2-1024x576.jpg\" data-featherlight=\"gallery_69f56e9b09a44\" class=\"gallery-expand\" data-title=\"\"><i class=\"fa fa-expand\" aria-hidden=\"true\"><\/i><\/a>\r\n        \t<div class=\"gallery-caption wp-caption-text\"><\/div>\r\n        <\/div>\r\n        <div>\r\n        \t<img decoding=\"async\" src=\"https:\/\/static.krafthand-truck.de\/uploads\/2021\/06\/20210617_CVS_Studie_Vernetzter_Truck_Herausforderungen_Vergleich_zu_2016-DE-1024x576.jpg\" alt=\"\" \/>\r\n          <a href=\"https:\/\/static.krafthand-truck.de\/uploads\/2021\/06\/20210617_CVS_Studie_Vernetzter_Truck_Herausforderungen_Vergleich_zu_2016-DE-1024x576.jpg\" data-featherlight=\"gallery_69f56e9b09a44\" class=\"gallery-expand\" data-title=\"\"><i class=\"fa fa-expand\" aria-hidden=\"true\"><\/i><\/a>\r\n        \t<div class=\"gallery-caption wp-caption-text\"><\/div>\r\n        <\/div>\r\n        <div>\r\n        \t<img decoding=\"async\" src=\"https:\/\/static.krafthand-truck.de\/uploads\/2021\/06\/20210617_CVS_Studie_Vernetzter_Truck_2021_Sorge-Digitalisierung_DE-4-1024x576.jpg\" alt=\"\" \/>\r\n          <a href=\"https:\/\/static.krafthand-truck.de\/uploads\/2021\/06\/20210617_CVS_Studie_Vernetzter_Truck_2021_Sorge-Digitalisierung_DE-4-1024x576.jpg\" data-featherlight=\"gallery_69f56e9b09a44\" class=\"gallery-expand\" data-title=\"\"><i class=\"fa fa-expand\" aria-hidden=\"true\"><\/i><\/a>\r\n        \t<div class=\"gallery-caption wp-caption-text\"><\/div>\r\n        <\/div><\/div><\/div>\r\n\t<script>\r\n\t\tjQuery(document).ready(function($){\r\n      setTimeout(function(){\r\n  \t\t\t$(\".owl-carousel\").owlCarousel({\r\n  \t\t\t\tloop:true,\r\n    \t\t\tmargin:10,\r\n    \t\t\tresponsiveClass:true,\r\n    \t\t\titems:1,\r\n    \t\t\tautoHeight: true,\r\n          nav: true,\r\n          URLhashListener: true,\r\n          startPosition: \"URLHash\",\r\n          navText: [\r\n            \"<i class='fa fa-chevron-left'><\/i>\",\r\n            \"<i class='fa fa-chevron-right'><\/i>\"\r\n          ],\r\n  \t\t\t});\r\n      }, 2000);\r\n\t\t});\r\n\t<\/script>\r\n\t<\/blockquote>\n<h3><\/h3>\n<h3>Umweltschutz gewinnt an Relevanz<\/h3>\n<figure id=\"attachment_28533\" aria-describedby=\"caption-attachment-28533\" style=\"width: 420px\" class=\"wp-caption alignright\"><a href=\"https:\/\/www.krafthand.de\/truck\/wp-content\/uploads\/2021\/06\/Continental_PP_ConnectedTruck_Environment_DE.jpg\" target=\"_blank\" rel=\"noopener\"><img decoding=\"async\" class=\"wp-image-28533\" src=\"https:\/\/www.krafthand.de\/truck\/wp-content\/uploads\/2021\/06\/Continental_PP_ConnectedTruck_Environment_DE-300x193.jpg\" alt=\"\" width=\"420\" height=\"270\" srcset=\"https:\/\/static.krafthand-truck.de\/uploads\/2021\/06\/Continental_PP_ConnectedTruck_Environment_DE-300x193.jpg 300w, https:\/\/static.krafthand-truck.de\/uploads\/2021\/06\/Continental_PP_ConnectedTruck_Environment_DE-1024x658.jpg 1024w, https:\/\/static.krafthand-truck.de\/uploads\/2021\/06\/Continental_PP_ConnectedTruck_Environment_DE-768x493.jpg 768w, https:\/\/static.krafthand-truck.de\/uploads\/2021\/06\/Continental_PP_ConnectedTruck_Environment_DE.jpg 1200w\" sizes=\"(max-width: 420px) 100vw, 420px\" \/><\/a><figcaption id=\"caption-attachment-28533\" class=\"wp-caption-text\">Der Umweltschutz gewinnt zunehmend an Bedeutung.<\/figcaption><\/figure>\n<p>Deutlich wichtiger geworden ist laut Studie das Thema Umwelt: Im Vergleich zur Befragung von 2016 verzeichnet der Umweltschutz unter den abgefragten Zukunftsherausforderungen den gr\u00f6\u00dften Bedeutungsgewinn. <em>\u201eDurch die globale Diskussion um Klimaver\u00e4nderungen ist das Thema auch in der Logistik-Branche nicht mehr wegzudenken. Das Ergebnis reflektiert zudem die ganz konkreten Ma\u00dfnahmen der Politik wie etwa die EU-Gesetzgebung zur Reduktion der CO2-Emissionen beim Schwerlastverkehr, die sich auf die Branche auswirken. Die gro\u00dfen Fragen sind, wie stark das Thema zuk\u00fcnftig durch die Politik geregelt wird und wie die Logistiker in Zukunft agieren werden, beispielsweise was Investitionsentscheidungen angeht\u201c<\/em>, so Mabire.<\/p>\n<blockquote><p>\u201eWenn die Investitionsbereitschaft der Verlader beim Thema Umweltschutz nicht steigt, muss die Politik auf Anreize setzen, damit das Transportgewerbe seinen Beitrag zum Erreichen der Klimaziele leistet.\u201c<\/p>\n<p>&nbsp;<\/p><\/blockquote>\n<div class=\"infobox box-grey\"><\/p>\n<p><strong>Zur Studie<\/strong><\/p>\n<p>Zwischen Februar und Mai 2020 befragte das <a href=\"https:\/\/www.infas.de\/\" target=\"_blank\" rel=\"noopener\">infas Institut<\/a> f\u00fcr angewandte Sozialwissenschaft die erste und zweite Fu\u0308hrungsebene von kleinen, mittleren sowie gro\u00dfen Unternehmen aus der deutschen Logistik- und Transportbranche, darunter Spediteure sowie Logistik- und Transportunternehmen. Bedingt durch die Corona-Krise wurde der Studienumfang reduziert. Insgesamt nahmen 45 Unternehmen an der Befragung teil, deren Ergebnisse als Trendanzeige gewertet werden k\u00f6nnen.<\/p>\n<p><\/div>\n\r\n\t\t\t\t<div class=\"post-author\">\r\n\t\t\t\t\t<div class=\"khm-cp-author clearfix\">\r\n\t\t\t\t\t\t<div class=\"khm-cp-author__content\">\r\n\t\t\t\t\t\t\t\tKontakt zum Autor:<br \/>\r\n\t\t\t\t\t\t\t\t<strong>Georg Blenk<\/strong>, 08247 \/ 3007-45 |  <a href=\"mailto:georg.blenk@krafthand-medien.de\">georg.blenk@krafthand-medien.de<\/a>\r\n\t\t\t\t\t\t\t<div class=\"khm-cp-author__image\">\r\n\t\t\t\t\t\t<img src=\"https:\/\/static.krafthand-truck.de\/uploads\/2021\/01\/Blenk_6104-250x300-1-removebg-preview.png\" class=\"img-responsive\">\r\n\t\t\t\t\t<\/div>\r\n\t\t\t\t\t\t<\/div>\r\n\t\t\t\t\t<\/div>\r\n\t\t\t\t<\/div>\r\n\t\t\t\t","protected":false},"excerpt":{"rendered":"<p>Unter deutschen Transportunternehmen w\u00e4chst die Sorge, bei der Digitalisierung den Anschluss zu verlieren. So lautet ein zentrales Ergebnis der Studie &#8218;Der vernetzte Truck&#8216;, die das Sozialforschungsinstitut infas k\u00fcrzlich im Auftrag von Continental durchgef\u00fchrt hat. Mit der Erhebung nimmt Continental nach 2016 zum zweiten Mal die Trends und Entwicklungen der Transportbranche in den Blick. <span class=\"excerpt-more__dots\">&#8230;<\/span> <a class=\"excerpt-more__link\" href=\"https:\/\/www.krafthand.de\/truck\/artikel\/sorgen-und-skepsis-digitalisierung-automatisiertes-fahren-umweltschutz-28505\/\" >weiter<\/a><\/p>\n","protected":false},"author":9,"featured_media":28514,"comment_status":"closed","ping_status":"closed","sticky":false,"template":"","format":"standard","meta":{"footnotes":""},"categories":[4230,4237],"tags":[1330,98,3700,4401,4589,807,2979,4264,4590],"settings":[3524,3523],"class_list":["post-28505","post","type-post","status-publish","format-standard","has-post-thumbnail","hentry","category-fuhrpark","category-studien","tag-automatisiertes-fahren","tag-continental","tag-digitalisierung","tag-gilles-mabire","tag-infas","tag-logistik","tag-software","tag-studie","tag-transportbranche"],"yoast_head":"<!-- This site is optimized with the Yoast SEO plugin v27.3 - https:\/\/yoast.com\/product\/yoast-seo-wordpress\/ -->\n<title>Sorgen und Skepsis: Digitalisierung, Automatisiertes Fahren, Umweltschutz - Krafthand-Truck<\/title>\n<meta name=\"robots\" content=\"index, follow, max-snippet:-1, max-image-preview:large, max-video-preview:-1\" \/>\n<link rel=\"canonical\" href=\"https:\/\/www.krafthand.de\/truck\/artikel\/sorgen-und-skepsis-digitalisierung-automatisiertes-fahren-umweltschutz-28505\/\" \/>\n<meta property=\"og:locale\" content=\"de_DE\" \/>\n<meta property=\"og:type\" content=\"article\" \/>\n<meta property=\"og:title\" content=\"Sorgen und Skepsis: Digitalisierung, Automatisiertes Fahren, Umweltschutz - Krafthand-Truck\" \/>\n<meta property=\"og:description\" content=\"Unter deutschen Transportunternehmen w\u00e4chst die Sorge, bei der Digitalisierung den Anschluss zu verlieren. So lautet ein zentrales Ergebnis der Studie &#039;Der vernetzte Truck&#039;, die das Sozialforschungsinstitut infas k\u00fcrzlich im Auftrag von Continental durchgef\u00fchrt hat. Mit der Erhebung nimmt Continental nach 2016 zum zweiten Mal die Trends und Entwicklungen der Transportbranche in den Blick. ... weiter\" \/>\n<meta property=\"og:url\" content=\"https:\/\/www.krafthand-truck.de\/artikel\/sorgen-und-skepsis-digitalisierung-automatisiertes-fahren-umweltschutz-28505\/\" \/>\n<meta property=\"og:site_name\" content=\"Krafthand-Truck\" \/>\n<meta property=\"article:published_time\" content=\"2021-06-28T08:45:04+00:00\" \/>\n<meta property=\"article:modified_time\" content=\"2021-06-28T08:50:10+00:00\" \/>\n<meta property=\"og:image\" content=\"https:\/\/www.krafthand.de\/truck\/wp-content\/uploads\/2021\/06\/Continental_PP_ConnectedTruck_AutomatedDriving_DE.jpg\" \/>\n\t<meta property=\"og:image:width\" content=\"1200\" \/>\n\t<meta property=\"og:image:height\" content=\"697\" \/>\n\t<meta property=\"og:image:type\" content=\"image\/jpeg\" \/>\n<meta name=\"author\" content=\"georg.blenk@krafthand-medien.de\" \/>\n<meta name=\"twitter:card\" content=\"summary_large_image\" \/>\n<meta name=\"twitter:label1\" content=\"Verfasst von\" \/>\n\t<meta name=\"twitter:data1\" content=\"georg.blenk@krafthand-medien.de\" \/>\n\t<meta name=\"twitter:label2\" content=\"Gesch\u00e4tzte Lesezeit\" \/>\n\t<meta name=\"twitter:data2\" content=\"4\u00a0Minuten\" \/>\n<script type=\"application\/ld+json\" class=\"yoast-schema-graph\">{\"@context\":\"https:\\\/\\\/schema.org\",\"@graph\":[{\"@type\":\"Article\",\"@id\":\"https:\\\/\\\/www.krafthand.de\\\/truck\\\/artikel\\\/sorgen-und-skepsis-digitalisierung-automatisiertes-fahren-umweltschutz-28505\\\/#article\",\"isPartOf\":{\"@id\":\"https:\\\/\\\/www.krafthand.de\\\/truck\\\/artikel\\\/sorgen-und-skepsis-digitalisierung-automatisiertes-fahren-umweltschutz-28505\\\/\"},\"author\":{\"name\":\"georg.blenk@krafthand-medien.de\",\"@id\":\"https:\\\/\\\/www.krafthand.de\\\/truck\\\/#\\\/schema\\\/person\\\/51fa80b1c57034c4bf63f9f988fc24ce\"},\"headline\":\"Sorgen und Skepsis: Digitalisierung, Automatisiertes Fahren, Umweltschutz\",\"datePublished\":\"2021-06-28T08:45:04+00:00\",\"dateModified\":\"2021-06-28T08:50:10+00:00\",\"mainEntityOfPage\":{\"@id\":\"https:\\\/\\\/www.krafthand.de\\\/truck\\\/artikel\\\/sorgen-und-skepsis-digitalisierung-automatisiertes-fahren-umweltschutz-28505\\\/\"},\"wordCount\":881,\"image\":{\"@id\":\"https:\\\/\\\/www.krafthand.de\\\/truck\\\/artikel\\\/sorgen-und-skepsis-digitalisierung-automatisiertes-fahren-umweltschutz-28505\\\/#primaryimage\"},\"thumbnailUrl\":\"https:\\\/\\\/static.krafthand-truck.de\\\/uploads\\\/2021\\\/06\\\/Continental_PP_ConnectedTruck_AutomatedDriving_DE.jpg\",\"keywords\":[\"Automatisiertes Fahren\",\"Continental\",\"Digitalisierung\",\"Gilles Mabire\",\"Infas\",\"Logistik\",\"Software\",\"Studie\",\"Transportbranche\"],\"articleSection\":[\"IT+Fuhrpark\",\"Studien\\\/F+E\"],\"inLanguage\":\"de\"},{\"@type\":\"WebPage\",\"@id\":\"https:\\\/\\\/www.krafthand.de\\\/truck\\\/artikel\\\/sorgen-und-skepsis-digitalisierung-automatisiertes-fahren-umweltschutz-28505\\\/\",\"url\":\"https:\\\/\\\/www.krafthand.de\\\/truck\\\/artikel\\\/sorgen-und-skepsis-digitalisierung-automatisiertes-fahren-umweltschutz-28505\\\/\",\"name\":\"Sorgen und Skepsis: Digitalisierung, Automatisiertes Fahren, Umweltschutz - Krafthand-Truck\",\"isPartOf\":{\"@id\":\"https:\\\/\\\/www.krafthand.de\\\/truck\\\/#website\"},\"primaryImageOfPage\":{\"@id\":\"https:\\\/\\\/www.krafthand.de\\\/truck\\\/artikel\\\/sorgen-und-skepsis-digitalisierung-automatisiertes-fahren-umweltschutz-28505\\\/#primaryimage\"},\"image\":{\"@id\":\"https:\\\/\\\/www.krafthand.de\\\/truck\\\/artikel\\\/sorgen-und-skepsis-digitalisierung-automatisiertes-fahren-umweltschutz-28505\\\/#primaryimage\"},\"thumbnailUrl\":\"https:\\\/\\\/static.krafthand-truck.de\\\/uploads\\\/2021\\\/06\\\/Continental_PP_ConnectedTruck_AutomatedDriving_DE.jpg\",\"datePublished\":\"2021-06-28T08:45:04+00:00\",\"dateModified\":\"2021-06-28T08:50:10+00:00\",\"author\":{\"@id\":\"https:\\\/\\\/www.krafthand.de\\\/truck\\\/#\\\/schema\\\/person\\\/51fa80b1c57034c4bf63f9f988fc24ce\"},\"breadcrumb\":{\"@id\":\"https:\\\/\\\/www.krafthand.de\\\/truck\\\/artikel\\\/sorgen-und-skepsis-digitalisierung-automatisiertes-fahren-umweltschutz-28505\\\/#breadcrumb\"},\"inLanguage\":\"de\",\"potentialAction\":[{\"@type\":\"ReadAction\",\"target\":[\"https:\\\/\\\/www.krafthand.de\\\/truck\\\/artikel\\\/sorgen-und-skepsis-digitalisierung-automatisiertes-fahren-umweltschutz-28505\\\/\"]}]},{\"@type\":\"ImageObject\",\"inLanguage\":\"de\",\"@id\":\"https:\\\/\\\/www.krafthand.de\\\/truck\\\/artikel\\\/sorgen-und-skepsis-digitalisierung-automatisiertes-fahren-umweltschutz-28505\\\/#primaryimage\",\"url\":\"https:\\\/\\\/static.krafthand-truck.de\\\/uploads\\\/2021\\\/06\\\/Continental_PP_ConnectedTruck_AutomatedDriving_DE.jpg\",\"contentUrl\":\"https:\\\/\\\/static.krafthand-truck.de\\\/uploads\\\/2021\\\/06\\\/Continental_PP_ConnectedTruck_AutomatedDriving_DE.jpg\",\"width\":1200,\"height\":697},{\"@type\":\"BreadcrumbList\",\"@id\":\"https:\\\/\\\/www.krafthand.de\\\/truck\\\/artikel\\\/sorgen-und-skepsis-digitalisierung-automatisiertes-fahren-umweltschutz-28505\\\/#breadcrumb\",\"itemListElement\":[{\"@type\":\"ListItem\",\"position\":1,\"name\":\"Krafthand-Truck\",\"item\":\"https:\\\/\\\/www.krafthand.de\\\/truck\\\/\"},{\"@type\":\"ListItem\",\"position\":2,\"name\":\"Nfz-Branche\",\"item\":\"https:\\\/\\\/www.krafthand.de\\\/truck\\\/kategorie\\\/branche\\\/\"},{\"@type\":\"ListItem\",\"position\":3,\"name\":\"Studien\\\/F+E\",\"item\":\"https:\\\/\\\/www.krafthand.de\\\/truck\\\/kategorie\\\/branche\\\/studien\\\/\"},{\"@type\":\"ListItem\",\"position\":4,\"name\":\"Sorgen und Skepsis: Digitalisierung, Automatisiertes Fahren, Umweltschutz\"}]},{\"@type\":\"WebSite\",\"@id\":\"https:\\\/\\\/www.krafthand.de\\\/truck\\\/#website\",\"url\":\"https:\\\/\\\/www.krafthand.de\\\/truck\\\/\",\"name\":\"Krafthand-Truck\",\"description\":\"\",\"potentialAction\":[{\"@type\":\"SearchAction\",\"target\":{\"@type\":\"EntryPoint\",\"urlTemplate\":\"https:\\\/\\\/www.krafthand.de\\\/truck\\\/?s={search_term_string}\"},\"query-input\":{\"@type\":\"PropertyValueSpecification\",\"valueRequired\":true,\"valueName\":\"search_term_string\"}}],\"inLanguage\":\"de\"},{\"@type\":\"Person\",\"@id\":\"https:\\\/\\\/www.krafthand.de\\\/truck\\\/#\\\/schema\\\/person\\\/51fa80b1c57034c4bf63f9f988fc24ce\",\"name\":\"georg.blenk@krafthand-medien.de\",\"image\":{\"@type\":\"ImageObject\",\"inLanguage\":\"de\",\"@id\":\"https:\\\/\\\/secure.gravatar.com\\\/avatar\\\/93713c30affe0aa95d3a4130e499bb1abee2eb31adbdd9ce2aa1543538490215?s=96&d=mm&r=g\",\"url\":\"https:\\\/\\\/secure.gravatar.com\\\/avatar\\\/93713c30affe0aa95d3a4130e499bb1abee2eb31adbdd9ce2aa1543538490215?s=96&d=mm&r=g\",\"contentUrl\":\"https:\\\/\\\/secure.gravatar.com\\\/avatar\\\/93713c30affe0aa95d3a4130e499bb1abee2eb31adbdd9ce2aa1543538490215?s=96&d=mm&r=g\",\"caption\":\"georg.blenk@krafthand-medien.de\"}}]}<\/script>\n<!-- \/ Yoast SEO plugin. -->","yoast_head_json":{"title":"Sorgen und Skepsis: Digitalisierung, Automatisiertes Fahren, Umweltschutz - Krafthand-Truck","robots":{"index":"index","follow":"follow","max-snippet":"max-snippet:-1","max-image-preview":"max-image-preview:large","max-video-preview":"max-video-preview:-1"},"canonical":"https:\/\/www.krafthand.de\/truck\/artikel\/sorgen-und-skepsis-digitalisierung-automatisiertes-fahren-umweltschutz-28505\/","og_locale":"de_DE","og_type":"article","og_title":"Sorgen und Skepsis: Digitalisierung, Automatisiertes Fahren, Umweltschutz - Krafthand-Truck","og_description":"Unter deutschen Transportunternehmen w\u00e4chst die Sorge, bei der Digitalisierung den Anschluss zu verlieren. So lautet ein zentrales Ergebnis der Studie 'Der vernetzte Truck', die das Sozialforschungsinstitut infas k\u00fcrzlich im Auftrag von Continental durchgef\u00fchrt hat. Mit der Erhebung nimmt Continental nach 2016 zum zweiten Mal die Trends und Entwicklungen der Transportbranche in den Blick. ... weiter","og_url":"https:\/\/www.krafthand-truck.de\/artikel\/sorgen-und-skepsis-digitalisierung-automatisiertes-fahren-umweltschutz-28505\/","og_site_name":"Krafthand-Truck","article_published_time":"2021-06-28T08:45:04+00:00","article_modified_time":"2021-06-28T08:50:10+00:00","og_image":[{"width":1200,"height":697,"url":"https:\/\/www.krafthand.de\/truck\/wp-content\/uploads\/2021\/06\/Continental_PP_ConnectedTruck_AutomatedDriving_DE.jpg","type":"image\/jpeg"}],"author":"georg.blenk@krafthand-medien.de","twitter_card":"summary_large_image","twitter_misc":{"Verfasst von":"georg.blenk@krafthand-medien.de","Gesch\u00e4tzte Lesezeit":"4\u00a0Minuten"},"schema":{"@context":"https:\/\/schema.org","@graph":[{"@type":"Article","@id":"https:\/\/www.krafthand.de\/truck\/artikel\/sorgen-und-skepsis-digitalisierung-automatisiertes-fahren-umweltschutz-28505\/#article","isPartOf":{"@id":"https:\/\/www.krafthand.de\/truck\/artikel\/sorgen-und-skepsis-digitalisierung-automatisiertes-fahren-umweltschutz-28505\/"},"author":{"name":"georg.blenk@krafthand-medien.de","@id":"https:\/\/www.krafthand.de\/truck\/#\/schema\/person\/51fa80b1c57034c4bf63f9f988fc24ce"},"headline":"Sorgen und Skepsis: Digitalisierung, Automatisiertes Fahren, Umweltschutz","datePublished":"2021-06-28T08:45:04+00:00","dateModified":"2021-06-28T08:50:10+00:00","mainEntityOfPage":{"@id":"https:\/\/www.krafthand.de\/truck\/artikel\/sorgen-und-skepsis-digitalisierung-automatisiertes-fahren-umweltschutz-28505\/"},"wordCount":881,"image":{"@id":"https:\/\/www.krafthand.de\/truck\/artikel\/sorgen-und-skepsis-digitalisierung-automatisiertes-fahren-umweltschutz-28505\/#primaryimage"},"thumbnailUrl":"https:\/\/static.krafthand-truck.de\/uploads\/2021\/06\/Continental_PP_ConnectedTruck_AutomatedDriving_DE.jpg","keywords":["Automatisiertes Fahren","Continental","Digitalisierung","Gilles Mabire","Infas","Logistik","Software","Studie","Transportbranche"],"articleSection":["IT+Fuhrpark","Studien\/F+E"],"inLanguage":"de"},{"@type":"WebPage","@id":"https:\/\/www.krafthand.de\/truck\/artikel\/sorgen-und-skepsis-digitalisierung-automatisiertes-fahren-umweltschutz-28505\/","url":"https:\/\/www.krafthand.de\/truck\/artikel\/sorgen-und-skepsis-digitalisierung-automatisiertes-fahren-umweltschutz-28505\/","name":"Sorgen und Skepsis: Digitalisierung, Automatisiertes Fahren, Umweltschutz - Krafthand-Truck","isPartOf":{"@id":"https:\/\/www.krafthand.de\/truck\/#website"},"primaryImageOfPage":{"@id":"https:\/\/www.krafthand.de\/truck\/artikel\/sorgen-und-skepsis-digitalisierung-automatisiertes-fahren-umweltschutz-28505\/#primaryimage"},"image":{"@id":"https:\/\/www.krafthand.de\/truck\/artikel\/sorgen-und-skepsis-digitalisierung-automatisiertes-fahren-umweltschutz-28505\/#primaryimage"},"thumbnailUrl":"https:\/\/static.krafthand-truck.de\/uploads\/2021\/06\/Continental_PP_ConnectedTruck_AutomatedDriving_DE.jpg","datePublished":"2021-06-28T08:45:04+00:00","dateModified":"2021-06-28T08:50:10+00:00","author":{"@id":"https:\/\/www.krafthand.de\/truck\/#\/schema\/person\/51fa80b1c57034c4bf63f9f988fc24ce"},"breadcrumb":{"@id":"https:\/\/www.krafthand.de\/truck\/artikel\/sorgen-und-skepsis-digitalisierung-automatisiertes-fahren-umweltschutz-28505\/#breadcrumb"},"inLanguage":"de","potentialAction":[{"@type":"ReadAction","target":["https:\/\/www.krafthand.de\/truck\/artikel\/sorgen-und-skepsis-digitalisierung-automatisiertes-fahren-umweltschutz-28505\/"]}]},{"@type":"ImageObject","inLanguage":"de","@id":"https:\/\/www.krafthand.de\/truck\/artikel\/sorgen-und-skepsis-digitalisierung-automatisiertes-fahren-umweltschutz-28505\/#primaryimage","url":"https:\/\/static.krafthand-truck.de\/uploads\/2021\/06\/Continental_PP_ConnectedTruck_AutomatedDriving_DE.jpg","contentUrl":"https:\/\/static.krafthand-truck.de\/uploads\/2021\/06\/Continental_PP_ConnectedTruck_AutomatedDriving_DE.jpg","width":1200,"height":697},{"@type":"BreadcrumbList","@id":"https:\/\/www.krafthand.de\/truck\/artikel\/sorgen-und-skepsis-digitalisierung-automatisiertes-fahren-umweltschutz-28505\/#breadcrumb","itemListElement":[{"@type":"ListItem","position":1,"name":"Krafthand-Truck","item":"https:\/\/www.krafthand.de\/truck\/"},{"@type":"ListItem","position":2,"name":"Nfz-Branche","item":"https:\/\/www.krafthand.de\/truck\/kategorie\/branche\/"},{"@type":"ListItem","position":3,"name":"Studien\/F+E","item":"https:\/\/www.krafthand.de\/truck\/kategorie\/branche\/studien\/"},{"@type":"ListItem","position":4,"name":"Sorgen und Skepsis: Digitalisierung, Automatisiertes Fahren, Umweltschutz"}]},{"@type":"WebSite","@id":"https:\/\/www.krafthand.de\/truck\/#website","url":"https:\/\/www.krafthand.de\/truck\/","name":"Krafthand-Truck","description":"","potentialAction":[{"@type":"SearchAction","target":{"@type":"EntryPoint","urlTemplate":"https:\/\/www.krafthand.de\/truck\/?s={search_term_string}"},"query-input":{"@type":"PropertyValueSpecification","valueRequired":true,"valueName":"search_term_string"}}],"inLanguage":"de"},{"@type":"Person","@id":"https:\/\/www.krafthand.de\/truck\/#\/schema\/person\/51fa80b1c57034c4bf63f9f988fc24ce","name":"georg.blenk@krafthand-medien.de","image":{"@type":"ImageObject","inLanguage":"de","@id":"https:\/\/secure.gravatar.com\/avatar\/93713c30affe0aa95d3a4130e499bb1abee2eb31adbdd9ce2aa1543538490215?s=96&d=mm&r=g","url":"https:\/\/secure.gravatar.com\/avatar\/93713c30affe0aa95d3a4130e499bb1abee2eb31adbdd9ce2aa1543538490215?s=96&d=mm&r=g","contentUrl":"https:\/\/secure.gravatar.com\/avatar\/93713c30affe0aa95d3a4130e499bb1abee2eb31adbdd9ce2aa1543538490215?s=96&d=mm&r=g","caption":"georg.blenk@krafthand-medien.de"}}]}},"_links":{"self":[{"href":"https:\/\/www.krafthand.de\/truck\/wp-json\/wp\/v2\/posts\/28505","targetHints":{"allow":["GET"]}}],"collection":[{"href":"https:\/\/www.krafthand.de\/truck\/wp-json\/wp\/v2\/posts"}],"about":[{"href":"https:\/\/www.krafthand.de\/truck\/wp-json\/wp\/v2\/types\/post"}],"author":[{"embeddable":true,"href":"https:\/\/www.krafthand.de\/truck\/wp-json\/wp\/v2\/users\/9"}],"replies":[{"embeddable":true,"href":"https:\/\/www.krafthand.de\/truck\/wp-json\/wp\/v2\/comments?post=28505"}],"version-history":[{"count":20,"href":"https:\/\/www.krafthand.de\/truck\/wp-json\/wp\/v2\/posts\/28505\/revisions"}],"predecessor-version":[{"id":28536,"href":"https:\/\/www.krafthand.de\/truck\/wp-json\/wp\/v2\/posts\/28505\/revisions\/28536"}],"wp:featuredmedia":[{"embeddable":true,"href":"https:\/\/www.krafthand.de\/truck\/wp-json\/wp\/v2\/media\/28514"}],"wp:attachment":[{"href":"https:\/\/www.krafthand.de\/truck\/wp-json\/wp\/v2\/media?parent=28505"}],"wp:term":[{"taxonomy":"category","embeddable":true,"href":"https:\/\/www.krafthand.de\/truck\/wp-json\/wp\/v2\/categories?post=28505"},{"taxonomy":"post_tag","embeddable":true,"href":"https:\/\/www.krafthand.de\/truck\/wp-json\/wp\/v2\/tags?post=28505"},{"taxonomy":"settings","embeddable":true,"href":"https:\/\/www.krafthand.de\/truck\/wp-json\/wp\/v2\/settings?post=28505"}],"curies":[{"name":"wp","href":"https:\/\/api.w.org\/{rel}","templated":true}]}}