{"id":2844,"date":"2016-10-18T14:59:13","date_gmt":"2016-10-18T12:59:13","guid":{"rendered":"https:\/\/www.krafthand.de\/truck\/2016\/10\/18\/carat-so-geht-ladungssicherheit\/"},"modified":"2021-03-10T09:08:09","modified_gmt":"2021-03-10T08:08:09","slug":"carat-so-geht-ladungssicherheit","status":"publish","type":"post","link":"https:\/\/www.krafthand.de\/truck\/artikel\/carat-so-geht-ladungssicherheit-2844\/","title":{"rendered":"Carat: So geht Ladungssicherheit"},"content":{"rendered":"<p class=\"text-colored\">Falsch oder gar nicht gesicherte Ladung kann zu schweren Unf\u00e4llen f\u00fchren. Aus diesem Grund hat die Carat-Gruppe gemeinsam mit ihrem Partner Dolezych in Selm bei Dortmund einen ganzen Tag rund um das oft untersch\u00e4tzte Thema Ladungssicherung veranstaltet.<\/p>\n<p style=\"margin-bottom: .0001pt; line-height: 150%;\">Beim <span style=\"font-family: 'Arial','sans-serif'; color: #00000a;\">LaSi-Tag der Carat in Selm erfuhren die Teilnehmer, <\/span><span style=\"font-family: 'Arial','sans-serif'; color: #00000a;\">worauf es bei der Ladungssicherung wirklich ankommt. <\/span><span style=\"font-family: 'Arial','sans-serif'; color: #00000a;\">Auf dem Gel\u00e4nde des Forschungs- und Technologiezentrums Ladungssicherung konnten sich die Nkw-Profis eingehend mit den T\u00fccken der Ladung auseinandersetzen. Sie hatten nicht nur gro\u00dfes Interesse an den rechtlichen Grundlagen, sondern absolvierten an diesem Tag auch ein Fahrsicherheitstraining und lernten in praktischen \u00dcbungen die richtige Auswahl und Anwendung von Zurrmitteln.<\/span><\/p>\n<p>Auch wenn eigentlich jedem klar ist, dass die Ladung sich auf der Ladefl\u00e4che nicht bewegen sollte, gibt es in der Praxis oft gro\u00dfe Defizite. So wird h\u00e4ufig vernachl\u00e4ssigt, dass zwischen den einzelnen Bestandteilen der Ladung nach M\u00f6glichkeit keine L\u00fccken klaffen sollten. Das ist eine wichtige Voraussetzung daf\u00fcr, dass sich am Ende auch tats\u00e4chlich nichts bewegt.<\/p>\n<p>Trotz allem m\u00fcssen die Verantwortlichen daf\u00fcr sorgen, dass die entscheidenden Teile gut gesichert sind. Auf der Veranstaltung konnten sie beweisen, dass sie wissen, worauf es ankommt. Am Ende erhielten alle Teilnehmer die Urkunde &#8218;Sachkundiger f\u00fcr Zurrmittel&#8216; nach VDI-Richtlinien.<span style=\"font-family: 'Arial','sans-serif';\"> Weitere Informationen gibt es unter <a href=\"http:\/\/www.carat-gruppe.de\" target=\"_blank\" rel=\"noopener\">www.carat-gruppe.de. <\/a><\/span><\/p>\n","protected":false},"excerpt":{"rendered":"<p>Falsch oder gar nicht gesicherte Ladung kann zu schweren Unf\u00e4llen f\u00fchren. Aus diesem Grund hat die Carat-Gruppe gemeinsam mit ihrem Partner Dolezych in Selm bei Dortmund einen ganzen Tag rund um das oft untersch\u00e4tzte Thema Ladungssicherung veranstaltet. <span class=\"excerpt-more__dots\">&#8230;<\/span> <a class=\"excerpt-more__link\" href=\"https:\/\/www.krafthand.de\/truck\/artikel\/carat-so-geht-ladungssicherheit-2844\/\" >weiter<\/a><\/p>\n","protected":false},"author":3,"featured_media":2845,"comment_status":"closed","ping_status":"closed","sticky":false,"template":"","format":"standard","meta":{"footnotes":""},"categories":[4256],"tags":[506,2680],"settings":[],"class_list":["post-2844","post","type-post","status-publish","format-standard","has-post-thumbnail","hentry","category-sicherheit-arbeitsschutz","tag-carat","tag-ladungssicherheit"],"yoast_head":"<!-- This site is optimized with the Yoast SEO plugin v27.3 - https:\/\/yoast.com\/product\/yoast-seo-wordpress\/ -->\n<title>Carat: So geht Ladungssicherheit - Krafthand-Truck<\/title>\n<meta name=\"robots\" content=\"index, follow, max-snippet:-1, max-image-preview:large, max-video-preview:-1\" \/>\n<link rel=\"canonical\" href=\"https:\/\/www.krafthand.de\/truck\/artikel\/carat-so-geht-ladungssicherheit-2844\/\" \/>\n<meta property=\"og:locale\" content=\"de_DE\" \/>\n<meta property=\"og:type\" content=\"article\" \/>\n<meta property=\"og:title\" content=\"Carat: So geht Ladungssicherheit - Krafthand-Truck\" \/>\n<meta property=\"og:description\" content=\"Falsch oder gar nicht gesicherte Ladung kann zu schweren Unf\u00e4llen f\u00fchren. Aus diesem Grund hat die Carat-Gruppe gemeinsam mit ihrem Partner Dolezych in Selm bei Dortmund einen ganzen Tag rund um das oft untersch\u00e4tzte Thema Ladungssicherung veranstaltet. ... weiter\" \/>\n<meta property=\"og:url\" content=\"https:\/\/www.krafthand-truck.de\/artikel\/carat-so-geht-ladungssicherheit-2844\/\" \/>\n<meta property=\"og:site_name\" content=\"Krafthand-Truck\" \/>\n<meta property=\"article:published_time\" content=\"2016-10-18T12:59:13+00:00\" \/>\n<meta property=\"article:modified_time\" content=\"2021-03-10T08:08:09+00:00\" \/>\n<meta property=\"og:image\" content=\"https:\/\/www.krafthand.de\/truck\/wp-content\/uploads\/2016\/10\/carat_Ladungssicherheit.jpg\" \/>\n\t<meta property=\"og:image:width\" content=\"400\" \/>\n\t<meta property=\"og:image:height\" content=\"600\" \/>\n\t<meta property=\"og:image:type\" content=\"image\/jpeg\" \/>\n<meta name=\"author\" content=\"katja.heid@krafthand.de\" \/>\n<meta name=\"twitter:card\" content=\"summary_large_image\" \/>\n<meta name=\"twitter:label1\" content=\"Verfasst von\" \/>\n\t<meta name=\"twitter:data1\" content=\"katja.heid@krafthand.de\" \/>\n\t<meta name=\"twitter:label2\" content=\"Gesch\u00e4tzte Lesezeit\" \/>\n\t<meta name=\"twitter:data2\" content=\"1\u00a0Minute\" \/>\n<script type=\"application\/ld+json\" class=\"yoast-schema-graph\">{\"@context\":\"https:\\\/\\\/schema.org\",\"@graph\":[{\"@type\":\"Article\",\"@id\":\"https:\\\/\\\/www.krafthand.de\\\/truck\\\/artikel\\\/carat-so-geht-ladungssicherheit-2844\\\/#article\",\"isPartOf\":{\"@id\":\"https:\\\/\\\/www.krafthand.de\\\/truck\\\/artikel\\\/carat-so-geht-ladungssicherheit-2844\\\/\"},\"author\":{\"name\":\"katja.heid@krafthand.de\",\"@id\":\"https:\\\/\\\/www.krafthand.de\\\/truck\\\/#\\\/schema\\\/person\\\/8e290c6d425b72d176adc7767a251001\"},\"headline\":\"Carat: So geht Ladungssicherheit\",\"datePublished\":\"2016-10-18T12:59:13+00:00\",\"dateModified\":\"2021-03-10T08:08:09+00:00\",\"mainEntityOfPage\":{\"@id\":\"https:\\\/\\\/www.krafthand.de\\\/truck\\\/artikel\\\/carat-so-geht-ladungssicherheit-2844\\\/\"},\"wordCount\":226,\"image\":{\"@id\":\"https:\\\/\\\/www.krafthand.de\\\/truck\\\/artikel\\\/carat-so-geht-ladungssicherheit-2844\\\/#primaryimage\"},\"thumbnailUrl\":\"https:\\\/\\\/static.krafthand-truck.de\\\/uploads\\\/2016\\\/10\\\/carat_Ladungssicherheit.jpg\",\"keywords\":[\"Carat\",\"Ladungssicherheit\"],\"articleSection\":[\"Sicherheit\\\/Arbeitsschutz\"],\"inLanguage\":\"de\"},{\"@type\":\"WebPage\",\"@id\":\"https:\\\/\\\/www.krafthand.de\\\/truck\\\/artikel\\\/carat-so-geht-ladungssicherheit-2844\\\/\",\"url\":\"https:\\\/\\\/www.krafthand.de\\\/truck\\\/artikel\\\/carat-so-geht-ladungssicherheit-2844\\\/\",\"name\":\"Carat: So geht Ladungssicherheit - Krafthand-Truck\",\"isPartOf\":{\"@id\":\"https:\\\/\\\/www.krafthand.de\\\/truck\\\/#website\"},\"primaryImageOfPage\":{\"@id\":\"https:\\\/\\\/www.krafthand.de\\\/truck\\\/artikel\\\/carat-so-geht-ladungssicherheit-2844\\\/#primaryimage\"},\"image\":{\"@id\":\"https:\\\/\\\/www.krafthand.de\\\/truck\\\/artikel\\\/carat-so-geht-ladungssicherheit-2844\\\/#primaryimage\"},\"thumbnailUrl\":\"https:\\\/\\\/static.krafthand-truck.de\\\/uploads\\\/2016\\\/10\\\/carat_Ladungssicherheit.jpg\",\"datePublished\":\"2016-10-18T12:59:13+00:00\",\"dateModified\":\"2021-03-10T08:08:09+00:00\",\"author\":{\"@id\":\"https:\\\/\\\/www.krafthand.de\\\/truck\\\/#\\\/schema\\\/person\\\/8e290c6d425b72d176adc7767a251001\"},\"breadcrumb\":{\"@id\":\"https:\\\/\\\/www.krafthand.de\\\/truck\\\/artikel\\\/carat-so-geht-ladungssicherheit-2844\\\/#breadcrumb\"},\"inLanguage\":\"de\",\"potentialAction\":[{\"@type\":\"ReadAction\",\"target\":[\"https:\\\/\\\/www.krafthand.de\\\/truck\\\/artikel\\\/carat-so-geht-ladungssicherheit-2844\\\/\"]}]},{\"@type\":\"ImageObject\",\"inLanguage\":\"de\",\"@id\":\"https:\\\/\\\/www.krafthand.de\\\/truck\\\/artikel\\\/carat-so-geht-ladungssicherheit-2844\\\/#primaryimage\",\"url\":\"https:\\\/\\\/static.krafthand-truck.de\\\/uploads\\\/2016\\\/10\\\/carat_Ladungssicherheit.jpg\",\"contentUrl\":\"https:\\\/\\\/static.krafthand-truck.de\\\/uploads\\\/2016\\\/10\\\/carat_Ladungssicherheit.jpg\",\"width\":400,\"height\":600,\"caption\":\"\u00dcber die Carat-Gruppe konnten Interessenten ein Praxistraining zum Thema Ladungssicherung absolvieren. Bild: Carat\"},{\"@type\":\"BreadcrumbList\",\"@id\":\"https:\\\/\\\/www.krafthand.de\\\/truck\\\/artikel\\\/carat-so-geht-ladungssicherheit-2844\\\/#breadcrumb\",\"itemListElement\":[{\"@type\":\"ListItem\",\"position\":1,\"name\":\"Krafthand-Truck\",\"item\":\"https:\\\/\\\/www.krafthand.de\\\/truck\\\/\"},{\"@type\":\"ListItem\",\"position\":2,\"name\":\"Nfz-Service\",\"item\":\"https:\\\/\\\/www.krafthand.de\\\/truck\\\/kategorie\\\/nfz-service\\\/\"},{\"@type\":\"ListItem\",\"position\":3,\"name\":\"Sicherheit\\\/Arbeitsschutz\",\"item\":\"https:\\\/\\\/www.krafthand.de\\\/truck\\\/kategorie\\\/nfz-service\\\/sicherheit-arbeitsschutz\\\/\"},{\"@type\":\"ListItem\",\"position\":4,\"name\":\"Carat: So geht Ladungssicherheit\"}]},{\"@type\":\"WebSite\",\"@id\":\"https:\\\/\\\/www.krafthand.de\\\/truck\\\/#website\",\"url\":\"https:\\\/\\\/www.krafthand.de\\\/truck\\\/\",\"name\":\"Krafthand-Truck\",\"description\":\"\",\"potentialAction\":[{\"@type\":\"SearchAction\",\"target\":{\"@type\":\"EntryPoint\",\"urlTemplate\":\"https:\\\/\\\/www.krafthand.de\\\/truck\\\/?s={search_term_string}\"},\"query-input\":{\"@type\":\"PropertyValueSpecification\",\"valueRequired\":true,\"valueName\":\"search_term_string\"}}],\"inLanguage\":\"de\"},{\"@type\":\"Person\",\"@id\":\"https:\\\/\\\/www.krafthand.de\\\/truck\\\/#\\\/schema\\\/person\\\/8e290c6d425b72d176adc7767a251001\",\"name\":\"katja.heid@krafthand.de\",\"image\":{\"@type\":\"ImageObject\",\"inLanguage\":\"de\",\"@id\":\"https:\\\/\\\/secure.gravatar.com\\\/avatar\\\/9a2930c54ede0e0a76c0f8abfb74704de273084f2aa0e3c6deb2c86704c7402b?s=96&d=mm&r=g\",\"url\":\"https:\\\/\\\/secure.gravatar.com\\\/avatar\\\/9a2930c54ede0e0a76c0f8abfb74704de273084f2aa0e3c6deb2c86704c7402b?s=96&d=mm&r=g\",\"contentUrl\":\"https:\\\/\\\/secure.gravatar.com\\\/avatar\\\/9a2930c54ede0e0a76c0f8abfb74704de273084f2aa0e3c6deb2c86704c7402b?s=96&d=mm&r=g\",\"caption\":\"katja.heid@krafthand.de\"}}]}<\/script>\n<!-- \/ Yoast SEO plugin. -->","yoast_head_json":{"title":"Carat: So geht Ladungssicherheit - Krafthand-Truck","robots":{"index":"index","follow":"follow","max-snippet":"max-snippet:-1","max-image-preview":"max-image-preview:large","max-video-preview":"max-video-preview:-1"},"canonical":"https:\/\/www.krafthand.de\/truck\/artikel\/carat-so-geht-ladungssicherheit-2844\/","og_locale":"de_DE","og_type":"article","og_title":"Carat: So geht Ladungssicherheit - Krafthand-Truck","og_description":"Falsch oder gar nicht gesicherte Ladung kann zu schweren Unf\u00e4llen f\u00fchren. Aus diesem Grund hat die Carat-Gruppe gemeinsam mit ihrem Partner Dolezych in Selm bei Dortmund einen ganzen Tag rund um das oft untersch\u00e4tzte Thema Ladungssicherung veranstaltet. ... weiter","og_url":"https:\/\/www.krafthand-truck.de\/artikel\/carat-so-geht-ladungssicherheit-2844\/","og_site_name":"Krafthand-Truck","article_published_time":"2016-10-18T12:59:13+00:00","article_modified_time":"2021-03-10T08:08:09+00:00","og_image":[{"width":400,"height":600,"url":"https:\/\/www.krafthand.de\/truck\/wp-content\/uploads\/2016\/10\/carat_Ladungssicherheit.jpg","type":"image\/jpeg"}],"author":"katja.heid@krafthand.de","twitter_card":"summary_large_image","twitter_misc":{"Verfasst von":"katja.heid@krafthand.de","Gesch\u00e4tzte Lesezeit":"1\u00a0Minute"},"schema":{"@context":"https:\/\/schema.org","@graph":[{"@type":"Article","@id":"https:\/\/www.krafthand.de\/truck\/artikel\/carat-so-geht-ladungssicherheit-2844\/#article","isPartOf":{"@id":"https:\/\/www.krafthand.de\/truck\/artikel\/carat-so-geht-ladungssicherheit-2844\/"},"author":{"name":"katja.heid@krafthand.de","@id":"https:\/\/www.krafthand.de\/truck\/#\/schema\/person\/8e290c6d425b72d176adc7767a251001"},"headline":"Carat: So geht Ladungssicherheit","datePublished":"2016-10-18T12:59:13+00:00","dateModified":"2021-03-10T08:08:09+00:00","mainEntityOfPage":{"@id":"https:\/\/www.krafthand.de\/truck\/artikel\/carat-so-geht-ladungssicherheit-2844\/"},"wordCount":226,"image":{"@id":"https:\/\/www.krafthand.de\/truck\/artikel\/carat-so-geht-ladungssicherheit-2844\/#primaryimage"},"thumbnailUrl":"https:\/\/static.krafthand-truck.de\/uploads\/2016\/10\/carat_Ladungssicherheit.jpg","keywords":["Carat","Ladungssicherheit"],"articleSection":["Sicherheit\/Arbeitsschutz"],"inLanguage":"de"},{"@type":"WebPage","@id":"https:\/\/www.krafthand.de\/truck\/artikel\/carat-so-geht-ladungssicherheit-2844\/","url":"https:\/\/www.krafthand.de\/truck\/artikel\/carat-so-geht-ladungssicherheit-2844\/","name":"Carat: So geht Ladungssicherheit - Krafthand-Truck","isPartOf":{"@id":"https:\/\/www.krafthand.de\/truck\/#website"},"primaryImageOfPage":{"@id":"https:\/\/www.krafthand.de\/truck\/artikel\/carat-so-geht-ladungssicherheit-2844\/#primaryimage"},"image":{"@id":"https:\/\/www.krafthand.de\/truck\/artikel\/carat-so-geht-ladungssicherheit-2844\/#primaryimage"},"thumbnailUrl":"https:\/\/static.krafthand-truck.de\/uploads\/2016\/10\/carat_Ladungssicherheit.jpg","datePublished":"2016-10-18T12:59:13+00:00","dateModified":"2021-03-10T08:08:09+00:00","author":{"@id":"https:\/\/www.krafthand.de\/truck\/#\/schema\/person\/8e290c6d425b72d176adc7767a251001"},"breadcrumb":{"@id":"https:\/\/www.krafthand.de\/truck\/artikel\/carat-so-geht-ladungssicherheit-2844\/#breadcrumb"},"inLanguage":"de","potentialAction":[{"@type":"ReadAction","target":["https:\/\/www.krafthand.de\/truck\/artikel\/carat-so-geht-ladungssicherheit-2844\/"]}]},{"@type":"ImageObject","inLanguage":"de","@id":"https:\/\/www.krafthand.de\/truck\/artikel\/carat-so-geht-ladungssicherheit-2844\/#primaryimage","url":"https:\/\/static.krafthand-truck.de\/uploads\/2016\/10\/carat_Ladungssicherheit.jpg","contentUrl":"https:\/\/static.krafthand-truck.de\/uploads\/2016\/10\/carat_Ladungssicherheit.jpg","width":400,"height":600,"caption":"\u00dcber die Carat-Gruppe konnten Interessenten ein Praxistraining zum Thema Ladungssicherung absolvieren. Bild: Carat"},{"@type":"BreadcrumbList","@id":"https:\/\/www.krafthand.de\/truck\/artikel\/carat-so-geht-ladungssicherheit-2844\/#breadcrumb","itemListElement":[{"@type":"ListItem","position":1,"name":"Krafthand-Truck","item":"https:\/\/www.krafthand.de\/truck\/"},{"@type":"ListItem","position":2,"name":"Nfz-Service","item":"https:\/\/www.krafthand.de\/truck\/kategorie\/nfz-service\/"},{"@type":"ListItem","position":3,"name":"Sicherheit\/Arbeitsschutz","item":"https:\/\/www.krafthand.de\/truck\/kategorie\/nfz-service\/sicherheit-arbeitsschutz\/"},{"@type":"ListItem","position":4,"name":"Carat: So geht Ladungssicherheit"}]},{"@type":"WebSite","@id":"https:\/\/www.krafthand.de\/truck\/#website","url":"https:\/\/www.krafthand.de\/truck\/","name":"Krafthand-Truck","description":"","potentialAction":[{"@type":"SearchAction","target":{"@type":"EntryPoint","urlTemplate":"https:\/\/www.krafthand.de\/truck\/?s={search_term_string}"},"query-input":{"@type":"PropertyValueSpecification","valueRequired":true,"valueName":"search_term_string"}}],"inLanguage":"de"},{"@type":"Person","@id":"https:\/\/www.krafthand.de\/truck\/#\/schema\/person\/8e290c6d425b72d176adc7767a251001","name":"katja.heid@krafthand.de","image":{"@type":"ImageObject","inLanguage":"de","@id":"https:\/\/secure.gravatar.com\/avatar\/9a2930c54ede0e0a76c0f8abfb74704de273084f2aa0e3c6deb2c86704c7402b?s=96&d=mm&r=g","url":"https:\/\/secure.gravatar.com\/avatar\/9a2930c54ede0e0a76c0f8abfb74704de273084f2aa0e3c6deb2c86704c7402b?s=96&d=mm&r=g","contentUrl":"https:\/\/secure.gravatar.com\/avatar\/9a2930c54ede0e0a76c0f8abfb74704de273084f2aa0e3c6deb2c86704c7402b?s=96&d=mm&r=g","caption":"katja.heid@krafthand.de"}}]}},"_links":{"self":[{"href":"https:\/\/www.krafthand.de\/truck\/wp-json\/wp\/v2\/posts\/2844","targetHints":{"allow":["GET"]}}],"collection":[{"href":"https:\/\/www.krafthand.de\/truck\/wp-json\/wp\/v2\/posts"}],"about":[{"href":"https:\/\/www.krafthand.de\/truck\/wp-json\/wp\/v2\/types\/post"}],"author":[{"embeddable":true,"href":"https:\/\/www.krafthand.de\/truck\/wp-json\/wp\/v2\/users\/3"}],"replies":[{"embeddable":true,"href":"https:\/\/www.krafthand.de\/truck\/wp-json\/wp\/v2\/comments?post=2844"}],"version-history":[{"count":1,"href":"https:\/\/www.krafthand.de\/truck\/wp-json\/wp\/v2\/posts\/2844\/revisions"}],"predecessor-version":[{"id":26721,"href":"https:\/\/www.krafthand.de\/truck\/wp-json\/wp\/v2\/posts\/2844\/revisions\/26721"}],"wp:featuredmedia":[{"embeddable":true,"href":"https:\/\/www.krafthand.de\/truck\/wp-json\/wp\/v2\/media\/2845"}],"wp:attachment":[{"href":"https:\/\/www.krafthand.de\/truck\/wp-json\/wp\/v2\/media?parent=2844"}],"wp:term":[{"taxonomy":"category","embeddable":true,"href":"https:\/\/www.krafthand.de\/truck\/wp-json\/wp\/v2\/categories?post=2844"},{"taxonomy":"post_tag","embeddable":true,"href":"https:\/\/www.krafthand.de\/truck\/wp-json\/wp\/v2\/tags?post=2844"},{"taxonomy":"settings","embeddable":true,"href":"https:\/\/www.krafthand.de\/truck\/wp-json\/wp\/v2\/settings?post=2844"}],"curies":[{"name":"wp","href":"https:\/\/api.w.org\/{rel}","templated":true}]}}