{"id":28438,"date":"2021-06-17T16:38:00","date_gmt":"2021-06-17T14:38:00","guid":{"rendered":"https:\/\/www.krafthand.de\/truck\/?p=28438"},"modified":"2021-06-21T16:18:26","modified_gmt":"2021-06-21T14:18:26","slug":"bosch-liefert-luftverdichter-fuer-brennstoffzellen-lkw-an-cellcentric","status":"publish","type":"post","link":"https:\/\/www.krafthand.de\/truck\/artikel\/bosch-liefert-luftverdichter-fuer-brennstoffzellen-lkw-an-cellcentric-28438\/","title":{"rendered":"Bosch liefert Luftverdichter f\u00fcr Brennstoffzellen-Lkw an Cellcentric"},"content":{"rendered":"<p>Zahlreiche Lkw-Hersteller sowie Zulieferer arbeiten am Brennstoffzellen-Lkw um die Technologie f\u00fcr den Langstrecken-Schwerlastverkehr auf die Stra\u00dfe zu bringen. Nun hat beispielsweise Bosch einen Gro\u00dfauftrag f\u00fcr einen elektrischen Luftverdichter mit integrierter Leistungselektronik von <a href=\"https:\/\/www.cellcentric.net\/\" target=\"_blank\" rel=\"noopener\">Cellcentric<\/a>, einem 50:50-Joint-Venture der Daimler Truck AG mit der Volvo Group AB, erhalten.<\/p>\n<p>Der Verdichter, der einem Turbolader \u00e4hnelt, soll im Brennstoffzellensystem die Sauerstoffzufuhr regeln. F\u00fcr die Hightech-Komponente hat Bosch eine langfristige Liefervereinbarung mit Cellcentric geschlossen, das Unternehmen verantwortet s\u00e4mtliche Aktivit\u00e4ten entlang der Wertsch\u00f6pfungskette. Wie Bosch verfolgt das Joint Venture das Ziel, ein weltweit f\u00fchrender Hersteller von Brennstoffzellensystemen zu werden und damit zu einem klimaneutralen und nachhaltigen Transport bis zum Jahr 2050 beizutragen. Der Luftverdichter wird Bestandteil des Cellcentric-Brennstoffzellensystems, das k\u00fcnftig in schweren Nutzfahrzeugen oder auch station\u00e4ren Anwendungen zum Einsatz kommen soll. Die Serienproduktion ist laut Bosch ab Mitte des Jahrzehnts geplant.<\/p>\n<h3>Das Ziel: klimaneutrale Nutzfahrzeuge<\/h3>\n<p>In Brennstoffzellen reagiert Wasserstoff mit Luftsauerstoff. Dabei entsteht elektrische Energie sowie Wasser und W\u00e4rme. Wird gr\u00fcner, also regenerativ erzeugter Wasserstoff eingesetzt, sind Fahrzeuge mit Brennstoffzellenantrieb klimaneutral unterwegs. Der elektrische Luftverdichter f\u00fchrt die ben\u00f6tigte Menge an gefilterter Luft zu. Er geh\u00f6rt laut Bosch zu den Kernkomponenten des Brennstoffzellensystems.<\/p>\n<blockquote><p>\u201eBosch betreibt einen enormen Entwicklungsaufwand. So arbeiten beispielsweise 15 bereichs\u00fcbergreifende Teams an der Industrialisierung des elektrischen Luftverdichters\u201c, sagt Dr. Uwe Gackstatter, Vorsitzender des Bosch-Gesch\u00e4ftsbereichs Powertrain Solutions.<\/p><\/blockquote>\n<p>Bosch m\u00f6chte den Luftverdichter in zwei Leistungsklassen mit 20 und 30 Kilowatt anbieten. Die 30-Kilowatt-Klasse ist f\u00fcr Spannungen von 450 bis 850 Volt ausgelegt, die 20-Kilowatt-Klasse wahlweise f\u00fcr Spannungen von 250 bis 450 Volt oder 450 bis 850 Volt. Das Verdichterrad erreicht den Angaben zufolge Drehzahlen von mehr als 100.000 Umdrehungen pro Minute.<\/p>\n<blockquote><p>\u201eDie Kombination von hochdrehendem Elektromotor mit integrierter Leistungselektronik erm\u00f6glicht eine einfache Systemintegration zu wettbewerbsf\u00e4higen Herstellungskosten\u201c, betont Gackstatter.<\/p><\/blockquote>\n<p>Die in der Leistungselektronik von Bosch eingesetzten Siliziumkarbid-Halbleiter machen das Energieb\u00fcndel dar\u00fcber hinaus besonders effizient. Eigenschaften, auf die cellcentric Wert legt.<\/p>\n<h3><a href=\"https:\/\/www.krafthand.de\/truck\/wp-content\/uploads\/2021\/06\/20210413mst_00751.jpg\" target=\"_blank\" rel=\"noopener\"><img fetchpriority=\"high\" decoding=\"async\" class=\"alignleft wp-image-28445\" src=\"https:\/\/www.krafthand.de\/truck\/wp-content\/uploads\/2021\/06\/20210413mst_00751-300x200.jpg\" alt=\"\" width=\"420\" height=\"280\" srcset=\"https:\/\/static.krafthand-truck.de\/uploads\/2021\/06\/20210413mst_00751-300x200.jpg 300w, https:\/\/static.krafthand-truck.de\/uploads\/2021\/06\/20210413mst_00751-1024x683.jpg 1024w, https:\/\/static.krafthand-truck.de\/uploads\/2021\/06\/20210413mst_00751-768x512.jpg 768w, https:\/\/static.krafthand-truck.de\/uploads\/2021\/06\/20210413mst_00751.jpg 1200w\" sizes=\"(max-width: 420px) 100vw, 420px\" \/><\/a>Hightech-Produkt sichert Arbeitspl\u00e4tze<\/h3>\n<p>Die gr\u00f6\u00dfte technische Herausforderung liegt beim Luftverdichter laut Bosch darin, die luftgelagerten Hochdrehzahl-E-Maschinen in Kombination mit der Leistungselektronik aus der Einzelteilfertigung in die Gro\u00dfserienfertigung zu \u00fcberf\u00fchren. Insgesamt l\u00e4sst sich die technische Komplexit\u00e4t mit einem Diesel-Einspritzsystem f\u00fcr Nutzfahrzeuge vergleichen und wirkt sich damit nicht zuletzt positiv auf die Besch\u00e4ftigung aus. <em>\u201eMit dieser zukunftstr\u00e4chtigen Komponente sichern wir Arbeitspl\u00e4tze in unserem Werk in Homburg\u201c<\/em>, sagt Gackstatter.<\/p>\n<h3>Bosch ist vom Energietr\u00e4ger Wasserstoff \u00fcberzeugt<\/h3>\n<p>Von 2021 bis 2024 m\u00f6chte Bosch gut 600 Millionen Euro in mobile Anwendungen investieren, in station\u00e4re f\u00fcr die Strom- und W\u00e4rmeerzeugung nochmals 400 Millionen Euro. Das Portfolio f\u00fcr Fahrzeuge reicht laut Bosch von einzelnen Sensoren \u00fcber Kernkomponenten wie dem elektrischen Luftverdichter und dem Stack bis zum kompletten Brennstoffzellen-Modul.<\/p>\n\r\n\t\t\t\t<div class=\"post-author\">\r\n\t\t\t\t\t<div class=\"khm-cp-author clearfix\">\r\n\t\t\t\t\t\t<div class=\"khm-cp-author__content\">\r\n\t\t\t\t\t\t\t\tKontakt zum Autor:<br \/>\r\n\t\t\t\t\t\t\t\t<strong>Georg Blenk<\/strong>, 08247 \/ 3007-45 |  <a href=\"mailto:georg.blenk@krafthand-medien.de\">georg.blenk@krafthand-medien.de<\/a>\r\n\t\t\t\t\t\t\t<div class=\"khm-cp-author__image\">\r\n\t\t\t\t\t\t<img src=\"https:\/\/static.krafthand-truck.de\/uploads\/2021\/01\/Blenk_6104-250x300-1-removebg-preview.png\" class=\"img-responsive\">\r\n\t\t\t\t\t<\/div>\r\n\t\t\t\t\t\t<\/div>\r\n\t\t\t\t\t<\/div>\r\n\t\t\t\t<\/div>\r\n\t\t\t\t","protected":false},"excerpt":{"rendered":"<p>Zahlreiche Lkw-Hersteller sowie Zulieferer arbeiten am Brennstoffzellen-Lkw um die Technologie f\u00fcr den Langstrecken-Schwerlastverkehr auf die Stra\u00dfe zu bringen. Nun hat beispielsweise Bosch einen Gro\u00dfauftrag f\u00fcr einen elektrischen Luftverdichter mit integrierter Leistungselektronik von Cellcentric, einem 50:50-Joint-Venture der Daimler Truck AG mit der Volvo Group AB, erhalten. <span class=\"excerpt-more__dots\">&#8230;<\/span> <a class=\"excerpt-more__link\" href=\"https:\/\/www.krafthand.de\/truck\/artikel\/bosch-liefert-luftverdichter-fuer-brennstoffzellen-lkw-an-cellcentric-28438\/\" >weiter<\/a><\/p>\n","protected":false},"author":9,"featured_media":28443,"comment_status":"closed","ping_status":"closed","sticky":false,"template":"","format":"standard","meta":{"footnotes":""},"categories":[4224],"tags":[185,4209,4425,1040,4574,752],"settings":[3524,3523],"class_list":["post-28438","post","type-post","status-publish","format-standard","has-post-thumbnail","hentry","category-e-antrieb","tag-bosch","tag-brennstoffzelle","tag-cellcentric","tag-daimler","tag-luftverdichter","tag-volvo"],"yoast_head":"<!-- This site is optimized with the Yoast SEO plugin v27.3 - https:\/\/yoast.com\/product\/yoast-seo-wordpress\/ -->\n<title>Bosch liefert Luftverdichter f\u00fcr Brennstoffzellen-Lkw an Cellcentric - Krafthand-Truck<\/title>\n<meta name=\"robots\" content=\"index, follow, max-snippet:-1, max-image-preview:large, max-video-preview:-1\" \/>\n<link rel=\"canonical\" href=\"https:\/\/www.krafthand.de\/truck\/artikel\/bosch-liefert-luftverdichter-fuer-brennstoffzellen-lkw-an-cellcentric-28438\/\" \/>\n<meta property=\"og:locale\" content=\"de_DE\" \/>\n<meta property=\"og:type\" content=\"article\" \/>\n<meta property=\"og:title\" content=\"Bosch liefert Luftverdichter f\u00fcr Brennstoffzellen-Lkw an Cellcentric - Krafthand-Truck\" \/>\n<meta property=\"og:description\" content=\"Zahlreiche Lkw-Hersteller sowie Zulieferer arbeiten am Brennstoffzellen-Lkw um die Technologie f\u00fcr den Langstrecken-Schwerlastverkehr auf die Stra\u00dfe zu bringen. Nun hat beispielsweise Bosch einen Gro\u00dfauftrag f\u00fcr einen elektrischen Luftverdichter mit integrierter Leistungselektronik von Cellcentric, einem 50:50-Joint-Venture der Daimler Truck AG mit der Volvo Group AB, erhalten. ... weiter\" \/>\n<meta property=\"og:url\" content=\"https:\/\/www.krafthand-truck.de\/artikel\/bosch-liefert-luftverdichter-fuer-brennstoffzellen-lkw-an-cellcentric-28438\/\" \/>\n<meta property=\"og:site_name\" content=\"Krafthand-Truck\" \/>\n<meta property=\"article:published_time\" content=\"2021-06-17T14:38:00+00:00\" \/>\n<meta property=\"article:modified_time\" content=\"2021-06-21T14:18:26+00:00\" \/>\n<meta property=\"og:image\" content=\"https:\/\/www.krafthand.de\/truck\/wp-content\/uploads\/2021\/06\/Bosch_Cellcentic_Daimler_Truck_Volvo_Luftverdichter_Brennstoffzelle.jpg\" \/>\n\t<meta property=\"og:image:width\" content=\"1200\" \/>\n\t<meta property=\"og:image:height\" content=\"800\" \/>\n\t<meta property=\"og:image:type\" content=\"image\/jpeg\" \/>\n<meta name=\"author\" content=\"georg.blenk@krafthand-medien.de\" \/>\n<meta name=\"twitter:card\" content=\"summary_large_image\" \/>\n<meta name=\"twitter:label1\" content=\"Verfasst von\" \/>\n\t<meta name=\"twitter:data1\" content=\"georg.blenk@krafthand-medien.de\" \/>\n\t<meta name=\"twitter:label2\" content=\"Gesch\u00e4tzte Lesezeit\" \/>\n\t<meta name=\"twitter:data2\" content=\"3\u00a0Minuten\" \/>\n<script type=\"application\/ld+json\" class=\"yoast-schema-graph\">{\"@context\":\"https:\\\/\\\/schema.org\",\"@graph\":[{\"@type\":\"Article\",\"@id\":\"https:\\\/\\\/www.krafthand.de\\\/truck\\\/artikel\\\/bosch-liefert-luftverdichter-fuer-brennstoffzellen-lkw-an-cellcentric-28438\\\/#article\",\"isPartOf\":{\"@id\":\"https:\\\/\\\/www.krafthand.de\\\/truck\\\/artikel\\\/bosch-liefert-luftverdichter-fuer-brennstoffzellen-lkw-an-cellcentric-28438\\\/\"},\"author\":{\"name\":\"georg.blenk@krafthand-medien.de\",\"@id\":\"https:\\\/\\\/www.krafthand.de\\\/truck\\\/#\\\/schema\\\/person\\\/51fa80b1c57034c4bf63f9f988fc24ce\"},\"headline\":\"Bosch liefert Luftverdichter f\u00fcr Brennstoffzellen-Lkw an Cellcentric\",\"datePublished\":\"2021-06-17T14:38:00+00:00\",\"dateModified\":\"2021-06-21T14:18:26+00:00\",\"mainEntityOfPage\":{\"@id\":\"https:\\\/\\\/www.krafthand.de\\\/truck\\\/artikel\\\/bosch-liefert-luftverdichter-fuer-brennstoffzellen-lkw-an-cellcentric-28438\\\/\"},\"wordCount\":456,\"image\":{\"@id\":\"https:\\\/\\\/www.krafthand.de\\\/truck\\\/artikel\\\/bosch-liefert-luftverdichter-fuer-brennstoffzellen-lkw-an-cellcentric-28438\\\/#primaryimage\"},\"thumbnailUrl\":\"https:\\\/\\\/static.krafthand-truck.de\\\/uploads\\\/2021\\\/06\\\/Bosch_Cellcentic_Daimler_Truck_Volvo_Luftverdichter_Brennstoffzelle.jpg\",\"keywords\":[\"Bosch\",\"Brennstoffzelle\",\"Cellcentric\",\"Daimler\",\"Luftverdichter\",\"Volvo\"],\"articleSection\":[\"E-Antrieb (BEV\\\/FCEV)\"],\"inLanguage\":\"de\"},{\"@type\":\"WebPage\",\"@id\":\"https:\\\/\\\/www.krafthand.de\\\/truck\\\/artikel\\\/bosch-liefert-luftverdichter-fuer-brennstoffzellen-lkw-an-cellcentric-28438\\\/\",\"url\":\"https:\\\/\\\/www.krafthand.de\\\/truck\\\/artikel\\\/bosch-liefert-luftverdichter-fuer-brennstoffzellen-lkw-an-cellcentric-28438\\\/\",\"name\":\"Bosch liefert Luftverdichter f\u00fcr Brennstoffzellen-Lkw an Cellcentric - Krafthand-Truck\",\"isPartOf\":{\"@id\":\"https:\\\/\\\/www.krafthand.de\\\/truck\\\/#website\"},\"primaryImageOfPage\":{\"@id\":\"https:\\\/\\\/www.krafthand.de\\\/truck\\\/artikel\\\/bosch-liefert-luftverdichter-fuer-brennstoffzellen-lkw-an-cellcentric-28438\\\/#primaryimage\"},\"image\":{\"@id\":\"https:\\\/\\\/www.krafthand.de\\\/truck\\\/artikel\\\/bosch-liefert-luftverdichter-fuer-brennstoffzellen-lkw-an-cellcentric-28438\\\/#primaryimage\"},\"thumbnailUrl\":\"https:\\\/\\\/static.krafthand-truck.de\\\/uploads\\\/2021\\\/06\\\/Bosch_Cellcentic_Daimler_Truck_Volvo_Luftverdichter_Brennstoffzelle.jpg\",\"datePublished\":\"2021-06-17T14:38:00+00:00\",\"dateModified\":\"2021-06-21T14:18:26+00:00\",\"author\":{\"@id\":\"https:\\\/\\\/www.krafthand.de\\\/truck\\\/#\\\/schema\\\/person\\\/51fa80b1c57034c4bf63f9f988fc24ce\"},\"breadcrumb\":{\"@id\":\"https:\\\/\\\/www.krafthand.de\\\/truck\\\/artikel\\\/bosch-liefert-luftverdichter-fuer-brennstoffzellen-lkw-an-cellcentric-28438\\\/#breadcrumb\"},\"inLanguage\":\"de\",\"potentialAction\":[{\"@type\":\"ReadAction\",\"target\":[\"https:\\\/\\\/www.krafthand.de\\\/truck\\\/artikel\\\/bosch-liefert-luftverdichter-fuer-brennstoffzellen-lkw-an-cellcentric-28438\\\/\"]}]},{\"@type\":\"ImageObject\",\"inLanguage\":\"de\",\"@id\":\"https:\\\/\\\/www.krafthand.de\\\/truck\\\/artikel\\\/bosch-liefert-luftverdichter-fuer-brennstoffzellen-lkw-an-cellcentric-28438\\\/#primaryimage\",\"url\":\"https:\\\/\\\/static.krafthand-truck.de\\\/uploads\\\/2021\\\/06\\\/Bosch_Cellcentic_Daimler_Truck_Volvo_Luftverdichter_Brennstoffzelle.jpg\",\"contentUrl\":\"https:\\\/\\\/static.krafthand-truck.de\\\/uploads\\\/2021\\\/06\\\/Bosch_Cellcentic_Daimler_Truck_Volvo_Luftverdichter_Brennstoffzelle.jpg\",\"width\":1200,\"height\":800},{\"@type\":\"BreadcrumbList\",\"@id\":\"https:\\\/\\\/www.krafthand.de\\\/truck\\\/artikel\\\/bosch-liefert-luftverdichter-fuer-brennstoffzellen-lkw-an-cellcentric-28438\\\/#breadcrumb\",\"itemListElement\":[{\"@type\":\"ListItem\",\"position\":1,\"name\":\"Krafthand-Truck\",\"item\":\"https:\\\/\\\/www.krafthand.de\\\/truck\\\/\"},{\"@type\":\"ListItem\",\"position\":2,\"name\":\"Nfz-Technik\",\"item\":\"https:\\\/\\\/www.krafthand.de\\\/truck\\\/kategorie\\\/nfz-technik\\\/\"},{\"@type\":\"ListItem\",\"position\":3,\"name\":\"E-Antrieb (BEV\\\/FCEV)\",\"item\":\"https:\\\/\\\/www.krafthand.de\\\/truck\\\/kategorie\\\/nfz-technik\\\/e-antrieb\\\/\"},{\"@type\":\"ListItem\",\"position\":4,\"name\":\"Bosch liefert Luftverdichter f\u00fcr Brennstoffzellen-Lkw an Cellcentric\"}]},{\"@type\":\"WebSite\",\"@id\":\"https:\\\/\\\/www.krafthand.de\\\/truck\\\/#website\",\"url\":\"https:\\\/\\\/www.krafthand.de\\\/truck\\\/\",\"name\":\"Krafthand-Truck\",\"description\":\"\",\"potentialAction\":[{\"@type\":\"SearchAction\",\"target\":{\"@type\":\"EntryPoint\",\"urlTemplate\":\"https:\\\/\\\/www.krafthand.de\\\/truck\\\/?s={search_term_string}\"},\"query-input\":{\"@type\":\"PropertyValueSpecification\",\"valueRequired\":true,\"valueName\":\"search_term_string\"}}],\"inLanguage\":\"de\"},{\"@type\":\"Person\",\"@id\":\"https:\\\/\\\/www.krafthand.de\\\/truck\\\/#\\\/schema\\\/person\\\/51fa80b1c57034c4bf63f9f988fc24ce\",\"name\":\"georg.blenk@krafthand-medien.de\",\"image\":{\"@type\":\"ImageObject\",\"inLanguage\":\"de\",\"@id\":\"https:\\\/\\\/secure.gravatar.com\\\/avatar\\\/93713c30affe0aa95d3a4130e499bb1abee2eb31adbdd9ce2aa1543538490215?s=96&d=mm&r=g\",\"url\":\"https:\\\/\\\/secure.gravatar.com\\\/avatar\\\/93713c30affe0aa95d3a4130e499bb1abee2eb31adbdd9ce2aa1543538490215?s=96&d=mm&r=g\",\"contentUrl\":\"https:\\\/\\\/secure.gravatar.com\\\/avatar\\\/93713c30affe0aa95d3a4130e499bb1abee2eb31adbdd9ce2aa1543538490215?s=96&d=mm&r=g\",\"caption\":\"georg.blenk@krafthand-medien.de\"}}]}<\/script>\n<!-- \/ Yoast SEO plugin. -->","yoast_head_json":{"title":"Bosch liefert Luftverdichter f\u00fcr Brennstoffzellen-Lkw an Cellcentric - Krafthand-Truck","robots":{"index":"index","follow":"follow","max-snippet":"max-snippet:-1","max-image-preview":"max-image-preview:large","max-video-preview":"max-video-preview:-1"},"canonical":"https:\/\/www.krafthand.de\/truck\/artikel\/bosch-liefert-luftverdichter-fuer-brennstoffzellen-lkw-an-cellcentric-28438\/","og_locale":"de_DE","og_type":"article","og_title":"Bosch liefert Luftverdichter f\u00fcr Brennstoffzellen-Lkw an Cellcentric - Krafthand-Truck","og_description":"Zahlreiche Lkw-Hersteller sowie Zulieferer arbeiten am Brennstoffzellen-Lkw um die Technologie f\u00fcr den Langstrecken-Schwerlastverkehr auf die Stra\u00dfe zu bringen. Nun hat beispielsweise Bosch einen Gro\u00dfauftrag f\u00fcr einen elektrischen Luftverdichter mit integrierter Leistungselektronik von Cellcentric, einem 50:50-Joint-Venture der Daimler Truck AG mit der Volvo Group AB, erhalten. ... weiter","og_url":"https:\/\/www.krafthand-truck.de\/artikel\/bosch-liefert-luftverdichter-fuer-brennstoffzellen-lkw-an-cellcentric-28438\/","og_site_name":"Krafthand-Truck","article_published_time":"2021-06-17T14:38:00+00:00","article_modified_time":"2021-06-21T14:18:26+00:00","og_image":[{"width":1200,"height":800,"url":"https:\/\/www.krafthand.de\/truck\/wp-content\/uploads\/2021\/06\/Bosch_Cellcentic_Daimler_Truck_Volvo_Luftverdichter_Brennstoffzelle.jpg","type":"image\/jpeg"}],"author":"georg.blenk@krafthand-medien.de","twitter_card":"summary_large_image","twitter_misc":{"Verfasst von":"georg.blenk@krafthand-medien.de","Gesch\u00e4tzte Lesezeit":"3\u00a0Minuten"},"schema":{"@context":"https:\/\/schema.org","@graph":[{"@type":"Article","@id":"https:\/\/www.krafthand.de\/truck\/artikel\/bosch-liefert-luftverdichter-fuer-brennstoffzellen-lkw-an-cellcentric-28438\/#article","isPartOf":{"@id":"https:\/\/www.krafthand.de\/truck\/artikel\/bosch-liefert-luftverdichter-fuer-brennstoffzellen-lkw-an-cellcentric-28438\/"},"author":{"name":"georg.blenk@krafthand-medien.de","@id":"https:\/\/www.krafthand.de\/truck\/#\/schema\/person\/51fa80b1c57034c4bf63f9f988fc24ce"},"headline":"Bosch liefert Luftverdichter f\u00fcr Brennstoffzellen-Lkw an Cellcentric","datePublished":"2021-06-17T14:38:00+00:00","dateModified":"2021-06-21T14:18:26+00:00","mainEntityOfPage":{"@id":"https:\/\/www.krafthand.de\/truck\/artikel\/bosch-liefert-luftverdichter-fuer-brennstoffzellen-lkw-an-cellcentric-28438\/"},"wordCount":456,"image":{"@id":"https:\/\/www.krafthand.de\/truck\/artikel\/bosch-liefert-luftverdichter-fuer-brennstoffzellen-lkw-an-cellcentric-28438\/#primaryimage"},"thumbnailUrl":"https:\/\/static.krafthand-truck.de\/uploads\/2021\/06\/Bosch_Cellcentic_Daimler_Truck_Volvo_Luftverdichter_Brennstoffzelle.jpg","keywords":["Bosch","Brennstoffzelle","Cellcentric","Daimler","Luftverdichter","Volvo"],"articleSection":["E-Antrieb (BEV\/FCEV)"],"inLanguage":"de"},{"@type":"WebPage","@id":"https:\/\/www.krafthand.de\/truck\/artikel\/bosch-liefert-luftverdichter-fuer-brennstoffzellen-lkw-an-cellcentric-28438\/","url":"https:\/\/www.krafthand.de\/truck\/artikel\/bosch-liefert-luftverdichter-fuer-brennstoffzellen-lkw-an-cellcentric-28438\/","name":"Bosch liefert Luftverdichter f\u00fcr Brennstoffzellen-Lkw an Cellcentric - Krafthand-Truck","isPartOf":{"@id":"https:\/\/www.krafthand.de\/truck\/#website"},"primaryImageOfPage":{"@id":"https:\/\/www.krafthand.de\/truck\/artikel\/bosch-liefert-luftverdichter-fuer-brennstoffzellen-lkw-an-cellcentric-28438\/#primaryimage"},"image":{"@id":"https:\/\/www.krafthand.de\/truck\/artikel\/bosch-liefert-luftverdichter-fuer-brennstoffzellen-lkw-an-cellcentric-28438\/#primaryimage"},"thumbnailUrl":"https:\/\/static.krafthand-truck.de\/uploads\/2021\/06\/Bosch_Cellcentic_Daimler_Truck_Volvo_Luftverdichter_Brennstoffzelle.jpg","datePublished":"2021-06-17T14:38:00+00:00","dateModified":"2021-06-21T14:18:26+00:00","author":{"@id":"https:\/\/www.krafthand.de\/truck\/#\/schema\/person\/51fa80b1c57034c4bf63f9f988fc24ce"},"breadcrumb":{"@id":"https:\/\/www.krafthand.de\/truck\/artikel\/bosch-liefert-luftverdichter-fuer-brennstoffzellen-lkw-an-cellcentric-28438\/#breadcrumb"},"inLanguage":"de","potentialAction":[{"@type":"ReadAction","target":["https:\/\/www.krafthand.de\/truck\/artikel\/bosch-liefert-luftverdichter-fuer-brennstoffzellen-lkw-an-cellcentric-28438\/"]}]},{"@type":"ImageObject","inLanguage":"de","@id":"https:\/\/www.krafthand.de\/truck\/artikel\/bosch-liefert-luftverdichter-fuer-brennstoffzellen-lkw-an-cellcentric-28438\/#primaryimage","url":"https:\/\/static.krafthand-truck.de\/uploads\/2021\/06\/Bosch_Cellcentic_Daimler_Truck_Volvo_Luftverdichter_Brennstoffzelle.jpg","contentUrl":"https:\/\/static.krafthand-truck.de\/uploads\/2021\/06\/Bosch_Cellcentic_Daimler_Truck_Volvo_Luftverdichter_Brennstoffzelle.jpg","width":1200,"height":800},{"@type":"BreadcrumbList","@id":"https:\/\/www.krafthand.de\/truck\/artikel\/bosch-liefert-luftverdichter-fuer-brennstoffzellen-lkw-an-cellcentric-28438\/#breadcrumb","itemListElement":[{"@type":"ListItem","position":1,"name":"Krafthand-Truck","item":"https:\/\/www.krafthand.de\/truck\/"},{"@type":"ListItem","position":2,"name":"Nfz-Technik","item":"https:\/\/www.krafthand.de\/truck\/kategorie\/nfz-technik\/"},{"@type":"ListItem","position":3,"name":"E-Antrieb (BEV\/FCEV)","item":"https:\/\/www.krafthand.de\/truck\/kategorie\/nfz-technik\/e-antrieb\/"},{"@type":"ListItem","position":4,"name":"Bosch liefert Luftverdichter f\u00fcr Brennstoffzellen-Lkw an Cellcentric"}]},{"@type":"WebSite","@id":"https:\/\/www.krafthand.de\/truck\/#website","url":"https:\/\/www.krafthand.de\/truck\/","name":"Krafthand-Truck","description":"","potentialAction":[{"@type":"SearchAction","target":{"@type":"EntryPoint","urlTemplate":"https:\/\/www.krafthand.de\/truck\/?s={search_term_string}"},"query-input":{"@type":"PropertyValueSpecification","valueRequired":true,"valueName":"search_term_string"}}],"inLanguage":"de"},{"@type":"Person","@id":"https:\/\/www.krafthand.de\/truck\/#\/schema\/person\/51fa80b1c57034c4bf63f9f988fc24ce","name":"georg.blenk@krafthand-medien.de","image":{"@type":"ImageObject","inLanguage":"de","@id":"https:\/\/secure.gravatar.com\/avatar\/93713c30affe0aa95d3a4130e499bb1abee2eb31adbdd9ce2aa1543538490215?s=96&d=mm&r=g","url":"https:\/\/secure.gravatar.com\/avatar\/93713c30affe0aa95d3a4130e499bb1abee2eb31adbdd9ce2aa1543538490215?s=96&d=mm&r=g","contentUrl":"https:\/\/secure.gravatar.com\/avatar\/93713c30affe0aa95d3a4130e499bb1abee2eb31adbdd9ce2aa1543538490215?s=96&d=mm&r=g","caption":"georg.blenk@krafthand-medien.de"}}]}},"_links":{"self":[{"href":"https:\/\/www.krafthand.de\/truck\/wp-json\/wp\/v2\/posts\/28438","targetHints":{"allow":["GET"]}}],"collection":[{"href":"https:\/\/www.krafthand.de\/truck\/wp-json\/wp\/v2\/posts"}],"about":[{"href":"https:\/\/www.krafthand.de\/truck\/wp-json\/wp\/v2\/types\/post"}],"author":[{"embeddable":true,"href":"https:\/\/www.krafthand.de\/truck\/wp-json\/wp\/v2\/users\/9"}],"replies":[{"embeddable":true,"href":"https:\/\/www.krafthand.de\/truck\/wp-json\/wp\/v2\/comments?post=28438"}],"version-history":[{"count":10,"href":"https:\/\/www.krafthand.de\/truck\/wp-json\/wp\/v2\/posts\/28438\/revisions"}],"predecessor-version":[{"id":28473,"href":"https:\/\/www.krafthand.de\/truck\/wp-json\/wp\/v2\/posts\/28438\/revisions\/28473"}],"wp:featuredmedia":[{"embeddable":true,"href":"https:\/\/www.krafthand.de\/truck\/wp-json\/wp\/v2\/media\/28443"}],"wp:attachment":[{"href":"https:\/\/www.krafthand.de\/truck\/wp-json\/wp\/v2\/media?parent=28438"}],"wp:term":[{"taxonomy":"category","embeddable":true,"href":"https:\/\/www.krafthand.de\/truck\/wp-json\/wp\/v2\/categories?post=28438"},{"taxonomy":"post_tag","embeddable":true,"href":"https:\/\/www.krafthand.de\/truck\/wp-json\/wp\/v2\/tags?post=28438"},{"taxonomy":"settings","embeddable":true,"href":"https:\/\/www.krafthand.de\/truck\/wp-json\/wp\/v2\/settings?post=28438"}],"curies":[{"name":"wp","href":"https:\/\/api.w.org\/{rel}","templated":true}]}}