{"id":28403,"date":"2021-06-16T08:38:30","date_gmt":"2021-06-16T06:38:30","guid":{"rendered":"https:\/\/www.krafthand.de\/truck\/?p=28403"},"modified":"2021-06-16T08:40:56","modified_gmt":"2021-06-16T06:40:56","slug":"28403","status":"publish","type":"post","link":"https:\/\/www.krafthand.de\/truck\/artikel\/28403-28403\/","title":{"rendered":"Tag der Verkehrssicherheit"},"content":{"rendered":"<p>Mit einem H\u00f6rfunkbeitrag unterst\u00fctzt die Initiative Reifenqualit\u00e4t des <a href=\"https:\/\/www.dvr.de\/\" target=\"_blank\" rel=\"noopener\">Deutschen Verkehrssicherheitsrat<\/a>s (DVR) und seiner Partner den Tag der Verkehrssicherheit am 19. Juni 2021. Unter dem Motto #VisionZero sind alle Verkehrsteilnehmenden, Organisationen, Unternehmen und Privatpersonen dazu aufgerufen, sich an der Aktion f\u00fcr Verkehrssicherheit zu beteiligen. Gemeinsam sollen so viele Menschen wie m\u00f6glich auf die Bedeutung der Verkehrssicherheit aufmerksam gemacht werden. Denn: Verkehrssicherheit sch\u00fctzt Leben und geht uns alle an.<\/p>\n<h4>H\u00f6rfunkbeitrag<\/h4>\n<p>Die Themen Reifensicherheit und Reifencheck stehen im Zentrum des H\u00f6rfunkbeitrags der Initiative Reifenqualit\u00e4t \u2013 \u201eIch fahr\u00b4 auf Nummer sicher!\u201c. Worauf genau sollte man beim Reifencheck achten? Warum sind Qualit\u00e4tsreifen wichtig f\u00fcr die Verkehrssicherheit? Und sollte man f\u00fcr den Reifenwechsel in die Werkstatt? All diese Fragen und mehr beantwortet der Mobilit\u00e4tsexperte Gerrit Reichel vom <a href=\"https:\/\/www.acv.de\/\" target=\"_blank\" rel=\"noopener\">ACV Automobil-Club Verkehr<\/a>. Der Beitrag wird ab Mitte Juni \u00fcber deutsche Radiostationen gesendet.<\/p>\n<h4>\u00dcber Reifenqualit\u00e4t \u2013 \u201eIch fahr\u2018 auf Nummer sicher!\u201c<\/h4>\n<p>Im Mittelpunkt der Initiative Reifenqualit\u00e4t des DVR und seiner Partner stehen die Qualit\u00e4t der Reifen und die fachliche Beratung im Handel. Die Produktqualit\u00e4t hat Auswirkungen auf Bremsweg und Nasshaftung. Aber auch der Zustand der Reifen, dazu geh\u00f6ren Sicherheitsprofiltiefe und Reifendruck, ist sicherheitsrelevant. Die regelm\u00e4\u00dfige Wartung der Reifen ist f\u00fcr die Fahrzeugsicherheit unerl\u00e4sslich. Weitere Informationen rund um das Thema gibt es unter: <a href=\"https:\/\/reifenqualitaet.de\/\" target=\"_blank\" rel=\"noopener\">www.reifenqualitaet.de<\/a><\/p>\n","protected":false},"excerpt":{"rendered":"<p>Mit einem H\u00f6rfunkbeitrag unterst\u00fctzt die Initiative Reifenqualit\u00e4t des Deutschen Verkehrssicherheitsrats (DVR) und seiner Partner den Tag der Verkehrssicherheit am 19. Juni 2021. Unter dem Motto #VisionZero sind alle Verkehrsteilnehmenden, Organisationen, Unternehmen und Privatpersonen dazu aufgerufen, sich an der Aktion f\u00fcr Verkehrssicherheit zu beteiligen. <span class=\"excerpt-more__dots\">&#8230;<\/span> <a class=\"excerpt-more__link\" href=\"https:\/\/www.krafthand.de\/truck\/artikel\/28403-28403\/\" >weiter<\/a><\/p>\n","protected":false},"author":9,"featured_media":28404,"comment_status":"closed","ping_status":"closed","sticky":false,"template":"","format":"standard","meta":{"footnotes":""},"categories":[4245],"tags":[4563,4565,4564,99,4562,1125],"settings":[3523],"class_list":["post-28403","post","type-post","status-publish","format-standard","has-post-thumbnail","hentry","category-verbaende","tag-dvr","tag-gerrit-reichel","tag-initiative-reifenqualitaet","tag-reifen","tag-tag-der-verkehrssicherheit","tag-verkehrssicherheit"],"yoast_head":"<!-- This site is optimized with the Yoast SEO plugin v27.3 - https:\/\/yoast.com\/product\/yoast-seo-wordpress\/ -->\n<title>Tag der Verkehrssicherheit - Krafthand-Truck<\/title>\n<meta name=\"robots\" content=\"index, follow, max-snippet:-1, max-image-preview:large, max-video-preview:-1\" \/>\n<link rel=\"canonical\" href=\"https:\/\/www.krafthand.de\/truck\/artikel\/28403-28403\/\" \/>\n<meta property=\"og:locale\" content=\"de_DE\" \/>\n<meta property=\"og:type\" content=\"article\" \/>\n<meta property=\"og:title\" content=\"Tag der Verkehrssicherheit - Krafthand-Truck\" \/>\n<meta property=\"og:description\" content=\"Mit einem H\u00f6rfunkbeitrag unterst\u00fctzt die Initiative Reifenqualit\u00e4t des Deutschen Verkehrssicherheitsrats (DVR) und seiner Partner den Tag der Verkehrssicherheit am 19. Juni 2021. Unter dem Motto #VisionZero sind alle Verkehrsteilnehmenden, Organisationen, Unternehmen und Privatpersonen dazu aufgerufen, sich an der Aktion f\u00fcr Verkehrssicherheit zu beteiligen. ... weiter\" \/>\n<meta property=\"og:url\" content=\"https:\/\/www.krafthand-truck.de\/artikel\/28403-28403\/\" \/>\n<meta property=\"og:site_name\" content=\"Krafthand-Truck\" \/>\n<meta property=\"article:published_time\" content=\"2021-06-16T06:38:30+00:00\" \/>\n<meta property=\"article:modified_time\" content=\"2021-06-16T06:40:56+00:00\" \/>\n<meta property=\"og:image\" content=\"https:\/\/www.krafthand.de\/truck\/wp-content\/uploads\/2021\/06\/TdV-Logo_3c_ohne-Datum.jpg\" \/>\n\t<meta property=\"og:image:width\" content=\"524\" \/>\n\t<meta property=\"og:image:height\" content=\"410\" \/>\n\t<meta property=\"og:image:type\" content=\"image\/jpeg\" \/>\n<meta name=\"author\" content=\"georg.blenk@krafthand-medien.de\" \/>\n<meta name=\"twitter:card\" content=\"summary_large_image\" \/>\n<meta name=\"twitter:label1\" content=\"Verfasst von\" \/>\n\t<meta name=\"twitter:data1\" content=\"georg.blenk@krafthand-medien.de\" \/>\n\t<meta name=\"twitter:label2\" content=\"Gesch\u00e4tzte Lesezeit\" \/>\n\t<meta name=\"twitter:data2\" content=\"1\u00a0Minute\" \/>\n<script type=\"application\/ld+json\" class=\"yoast-schema-graph\">{\"@context\":\"https:\\\/\\\/schema.org\",\"@graph\":[{\"@type\":\"Article\",\"@id\":\"https:\\\/\\\/www.krafthand.de\\\/truck\\\/artikel\\\/28403-28403\\\/#article\",\"isPartOf\":{\"@id\":\"https:\\\/\\\/www.krafthand.de\\\/truck\\\/artikel\\\/28403-28403\\\/\"},\"author\":{\"name\":\"georg.blenk@krafthand-medien.de\",\"@id\":\"https:\\\/\\\/www.krafthand.de\\\/truck\\\/#\\\/schema\\\/person\\\/51fa80b1c57034c4bf63f9f988fc24ce\"},\"headline\":\"Tag der Verkehrssicherheit\",\"datePublished\":\"2021-06-16T06:38:30+00:00\",\"dateModified\":\"2021-06-16T06:40:56+00:00\",\"mainEntityOfPage\":{\"@id\":\"https:\\\/\\\/www.krafthand.de\\\/truck\\\/artikel\\\/28403-28403\\\/\"},\"wordCount\":226,\"image\":{\"@id\":\"https:\\\/\\\/www.krafthand.de\\\/truck\\\/artikel\\\/28403-28403\\\/#primaryimage\"},\"thumbnailUrl\":\"https:\\\/\\\/static.krafthand-truck.de\\\/uploads\\\/2021\\\/06\\\/TdV-Logo_3c_ohne-Datum.jpg\",\"keywords\":[\"DVR\",\"Gerrit Reichel\",\"Initiative Reifenqualit\u00e4t\",\"Reifen\",\"Tag der Verkehrssicherheit\",\"Verkehrssicherheit\"],\"articleSection\":[\"Verb\u00e4nde\\\/Politik\\\/Recht\"],\"inLanguage\":\"de\"},{\"@type\":\"WebPage\",\"@id\":\"https:\\\/\\\/www.krafthand.de\\\/truck\\\/artikel\\\/28403-28403\\\/\",\"url\":\"https:\\\/\\\/www.krafthand.de\\\/truck\\\/artikel\\\/28403-28403\\\/\",\"name\":\"Tag der Verkehrssicherheit - Krafthand-Truck\",\"isPartOf\":{\"@id\":\"https:\\\/\\\/www.krafthand.de\\\/truck\\\/#website\"},\"primaryImageOfPage\":{\"@id\":\"https:\\\/\\\/www.krafthand.de\\\/truck\\\/artikel\\\/28403-28403\\\/#primaryimage\"},\"image\":{\"@id\":\"https:\\\/\\\/www.krafthand.de\\\/truck\\\/artikel\\\/28403-28403\\\/#primaryimage\"},\"thumbnailUrl\":\"https:\\\/\\\/static.krafthand-truck.de\\\/uploads\\\/2021\\\/06\\\/TdV-Logo_3c_ohne-Datum.jpg\",\"datePublished\":\"2021-06-16T06:38:30+00:00\",\"dateModified\":\"2021-06-16T06:40:56+00:00\",\"author\":{\"@id\":\"https:\\\/\\\/www.krafthand.de\\\/truck\\\/#\\\/schema\\\/person\\\/51fa80b1c57034c4bf63f9f988fc24ce\"},\"breadcrumb\":{\"@id\":\"https:\\\/\\\/www.krafthand.de\\\/truck\\\/artikel\\\/28403-28403\\\/#breadcrumb\"},\"inLanguage\":\"de\",\"potentialAction\":[{\"@type\":\"ReadAction\",\"target\":[\"https:\\\/\\\/www.krafthand.de\\\/truck\\\/artikel\\\/28403-28403\\\/\"]}]},{\"@type\":\"ImageObject\",\"inLanguage\":\"de\",\"@id\":\"https:\\\/\\\/www.krafthand.de\\\/truck\\\/artikel\\\/28403-28403\\\/#primaryimage\",\"url\":\"https:\\\/\\\/static.krafthand-truck.de\\\/uploads\\\/2021\\\/06\\\/TdV-Logo_3c_ohne-Datum.jpg\",\"contentUrl\":\"https:\\\/\\\/static.krafthand-truck.de\\\/uploads\\\/2021\\\/06\\\/TdV-Logo_3c_ohne-Datum.jpg\",\"width\":524,\"height\":410},{\"@type\":\"BreadcrumbList\",\"@id\":\"https:\\\/\\\/www.krafthand.de\\\/truck\\\/artikel\\\/28403-28403\\\/#breadcrumb\",\"itemListElement\":[{\"@type\":\"ListItem\",\"position\":1,\"name\":\"Krafthand-Truck\",\"item\":\"https:\\\/\\\/www.krafthand.de\\\/truck\\\/\"},{\"@type\":\"ListItem\",\"position\":2,\"name\":\"Nfz-Branche\",\"item\":\"https:\\\/\\\/www.krafthand.de\\\/truck\\\/kategorie\\\/branche\\\/\"},{\"@type\":\"ListItem\",\"position\":3,\"name\":\"Verb\u00e4nde\\\/Politik\\\/Recht\",\"item\":\"https:\\\/\\\/www.krafthand.de\\\/truck\\\/kategorie\\\/branche\\\/verbaende\\\/\"},{\"@type\":\"ListItem\",\"position\":4,\"name\":\"Tag der Verkehrssicherheit\"}]},{\"@type\":\"WebSite\",\"@id\":\"https:\\\/\\\/www.krafthand.de\\\/truck\\\/#website\",\"url\":\"https:\\\/\\\/www.krafthand.de\\\/truck\\\/\",\"name\":\"Krafthand-Truck\",\"description\":\"\",\"potentialAction\":[{\"@type\":\"SearchAction\",\"target\":{\"@type\":\"EntryPoint\",\"urlTemplate\":\"https:\\\/\\\/www.krafthand.de\\\/truck\\\/?s={search_term_string}\"},\"query-input\":{\"@type\":\"PropertyValueSpecification\",\"valueRequired\":true,\"valueName\":\"search_term_string\"}}],\"inLanguage\":\"de\"},{\"@type\":\"Person\",\"@id\":\"https:\\\/\\\/www.krafthand.de\\\/truck\\\/#\\\/schema\\\/person\\\/51fa80b1c57034c4bf63f9f988fc24ce\",\"name\":\"georg.blenk@krafthand-medien.de\",\"image\":{\"@type\":\"ImageObject\",\"inLanguage\":\"de\",\"@id\":\"https:\\\/\\\/secure.gravatar.com\\\/avatar\\\/93713c30affe0aa95d3a4130e499bb1abee2eb31adbdd9ce2aa1543538490215?s=96&d=mm&r=g\",\"url\":\"https:\\\/\\\/secure.gravatar.com\\\/avatar\\\/93713c30affe0aa95d3a4130e499bb1abee2eb31adbdd9ce2aa1543538490215?s=96&d=mm&r=g\",\"contentUrl\":\"https:\\\/\\\/secure.gravatar.com\\\/avatar\\\/93713c30affe0aa95d3a4130e499bb1abee2eb31adbdd9ce2aa1543538490215?s=96&d=mm&r=g\",\"caption\":\"georg.blenk@krafthand-medien.de\"}}]}<\/script>\n<!-- \/ Yoast SEO plugin. -->","yoast_head_json":{"title":"Tag der Verkehrssicherheit - Krafthand-Truck","robots":{"index":"index","follow":"follow","max-snippet":"max-snippet:-1","max-image-preview":"max-image-preview:large","max-video-preview":"max-video-preview:-1"},"canonical":"https:\/\/www.krafthand.de\/truck\/artikel\/28403-28403\/","og_locale":"de_DE","og_type":"article","og_title":"Tag der Verkehrssicherheit - Krafthand-Truck","og_description":"Mit einem H\u00f6rfunkbeitrag unterst\u00fctzt die Initiative Reifenqualit\u00e4t des Deutschen Verkehrssicherheitsrats (DVR) und seiner Partner den Tag der Verkehrssicherheit am 19. Juni 2021. Unter dem Motto #VisionZero sind alle Verkehrsteilnehmenden, Organisationen, Unternehmen und Privatpersonen dazu aufgerufen, sich an der Aktion f\u00fcr Verkehrssicherheit zu beteiligen. ... weiter","og_url":"https:\/\/www.krafthand-truck.de\/artikel\/28403-28403\/","og_site_name":"Krafthand-Truck","article_published_time":"2021-06-16T06:38:30+00:00","article_modified_time":"2021-06-16T06:40:56+00:00","og_image":[{"width":524,"height":410,"url":"https:\/\/www.krafthand.de\/truck\/wp-content\/uploads\/2021\/06\/TdV-Logo_3c_ohne-Datum.jpg","type":"image\/jpeg"}],"author":"georg.blenk@krafthand-medien.de","twitter_card":"summary_large_image","twitter_misc":{"Verfasst von":"georg.blenk@krafthand-medien.de","Gesch\u00e4tzte Lesezeit":"1\u00a0Minute"},"schema":{"@context":"https:\/\/schema.org","@graph":[{"@type":"Article","@id":"https:\/\/www.krafthand.de\/truck\/artikel\/28403-28403\/#article","isPartOf":{"@id":"https:\/\/www.krafthand.de\/truck\/artikel\/28403-28403\/"},"author":{"name":"georg.blenk@krafthand-medien.de","@id":"https:\/\/www.krafthand.de\/truck\/#\/schema\/person\/51fa80b1c57034c4bf63f9f988fc24ce"},"headline":"Tag der Verkehrssicherheit","datePublished":"2021-06-16T06:38:30+00:00","dateModified":"2021-06-16T06:40:56+00:00","mainEntityOfPage":{"@id":"https:\/\/www.krafthand.de\/truck\/artikel\/28403-28403\/"},"wordCount":226,"image":{"@id":"https:\/\/www.krafthand.de\/truck\/artikel\/28403-28403\/#primaryimage"},"thumbnailUrl":"https:\/\/static.krafthand-truck.de\/uploads\/2021\/06\/TdV-Logo_3c_ohne-Datum.jpg","keywords":["DVR","Gerrit Reichel","Initiative Reifenqualit\u00e4t","Reifen","Tag der Verkehrssicherheit","Verkehrssicherheit"],"articleSection":["Verb\u00e4nde\/Politik\/Recht"],"inLanguage":"de"},{"@type":"WebPage","@id":"https:\/\/www.krafthand.de\/truck\/artikel\/28403-28403\/","url":"https:\/\/www.krafthand.de\/truck\/artikel\/28403-28403\/","name":"Tag der Verkehrssicherheit - Krafthand-Truck","isPartOf":{"@id":"https:\/\/www.krafthand.de\/truck\/#website"},"primaryImageOfPage":{"@id":"https:\/\/www.krafthand.de\/truck\/artikel\/28403-28403\/#primaryimage"},"image":{"@id":"https:\/\/www.krafthand.de\/truck\/artikel\/28403-28403\/#primaryimage"},"thumbnailUrl":"https:\/\/static.krafthand-truck.de\/uploads\/2021\/06\/TdV-Logo_3c_ohne-Datum.jpg","datePublished":"2021-06-16T06:38:30+00:00","dateModified":"2021-06-16T06:40:56+00:00","author":{"@id":"https:\/\/www.krafthand.de\/truck\/#\/schema\/person\/51fa80b1c57034c4bf63f9f988fc24ce"},"breadcrumb":{"@id":"https:\/\/www.krafthand.de\/truck\/artikel\/28403-28403\/#breadcrumb"},"inLanguage":"de","potentialAction":[{"@type":"ReadAction","target":["https:\/\/www.krafthand.de\/truck\/artikel\/28403-28403\/"]}]},{"@type":"ImageObject","inLanguage":"de","@id":"https:\/\/www.krafthand.de\/truck\/artikel\/28403-28403\/#primaryimage","url":"https:\/\/static.krafthand-truck.de\/uploads\/2021\/06\/TdV-Logo_3c_ohne-Datum.jpg","contentUrl":"https:\/\/static.krafthand-truck.de\/uploads\/2021\/06\/TdV-Logo_3c_ohne-Datum.jpg","width":524,"height":410},{"@type":"BreadcrumbList","@id":"https:\/\/www.krafthand.de\/truck\/artikel\/28403-28403\/#breadcrumb","itemListElement":[{"@type":"ListItem","position":1,"name":"Krafthand-Truck","item":"https:\/\/www.krafthand.de\/truck\/"},{"@type":"ListItem","position":2,"name":"Nfz-Branche","item":"https:\/\/www.krafthand.de\/truck\/kategorie\/branche\/"},{"@type":"ListItem","position":3,"name":"Verb\u00e4nde\/Politik\/Recht","item":"https:\/\/www.krafthand.de\/truck\/kategorie\/branche\/verbaende\/"},{"@type":"ListItem","position":4,"name":"Tag der Verkehrssicherheit"}]},{"@type":"WebSite","@id":"https:\/\/www.krafthand.de\/truck\/#website","url":"https:\/\/www.krafthand.de\/truck\/","name":"Krafthand-Truck","description":"","potentialAction":[{"@type":"SearchAction","target":{"@type":"EntryPoint","urlTemplate":"https:\/\/www.krafthand.de\/truck\/?s={search_term_string}"},"query-input":{"@type":"PropertyValueSpecification","valueRequired":true,"valueName":"search_term_string"}}],"inLanguage":"de"},{"@type":"Person","@id":"https:\/\/www.krafthand.de\/truck\/#\/schema\/person\/51fa80b1c57034c4bf63f9f988fc24ce","name":"georg.blenk@krafthand-medien.de","image":{"@type":"ImageObject","inLanguage":"de","@id":"https:\/\/secure.gravatar.com\/avatar\/93713c30affe0aa95d3a4130e499bb1abee2eb31adbdd9ce2aa1543538490215?s=96&d=mm&r=g","url":"https:\/\/secure.gravatar.com\/avatar\/93713c30affe0aa95d3a4130e499bb1abee2eb31adbdd9ce2aa1543538490215?s=96&d=mm&r=g","contentUrl":"https:\/\/secure.gravatar.com\/avatar\/93713c30affe0aa95d3a4130e499bb1abee2eb31adbdd9ce2aa1543538490215?s=96&d=mm&r=g","caption":"georg.blenk@krafthand-medien.de"}}]}},"_links":{"self":[{"href":"https:\/\/www.krafthand.de\/truck\/wp-json\/wp\/v2\/posts\/28403","targetHints":{"allow":["GET"]}}],"collection":[{"href":"https:\/\/www.krafthand.de\/truck\/wp-json\/wp\/v2\/posts"}],"about":[{"href":"https:\/\/www.krafthand.de\/truck\/wp-json\/wp\/v2\/types\/post"}],"author":[{"embeddable":true,"href":"https:\/\/www.krafthand.de\/truck\/wp-json\/wp\/v2\/users\/9"}],"replies":[{"embeddable":true,"href":"https:\/\/www.krafthand.de\/truck\/wp-json\/wp\/v2\/comments?post=28403"}],"version-history":[{"count":3,"href":"https:\/\/www.krafthand.de\/truck\/wp-json\/wp\/v2\/posts\/28403\/revisions"}],"predecessor-version":[{"id":28407,"href":"https:\/\/www.krafthand.de\/truck\/wp-json\/wp\/v2\/posts\/28403\/revisions\/28407"}],"wp:featuredmedia":[{"embeddable":true,"href":"https:\/\/www.krafthand.de\/truck\/wp-json\/wp\/v2\/media\/28404"}],"wp:attachment":[{"href":"https:\/\/www.krafthand.de\/truck\/wp-json\/wp\/v2\/media?parent=28403"}],"wp:term":[{"taxonomy":"category","embeddable":true,"href":"https:\/\/www.krafthand.de\/truck\/wp-json\/wp\/v2\/categories?post=28403"},{"taxonomy":"post_tag","embeddable":true,"href":"https:\/\/www.krafthand.de\/truck\/wp-json\/wp\/v2\/tags?post=28403"},{"taxonomy":"settings","embeddable":true,"href":"https:\/\/www.krafthand.de\/truck\/wp-json\/wp\/v2\/settings?post=28403"}],"curies":[{"name":"wp","href":"https:\/\/api.w.org\/{rel}","templated":true}]}}