{"id":28329,"date":"2021-06-10T10:53:48","date_gmt":"2021-06-10T08:53:48","guid":{"rendered":"https:\/\/www.krafthand.de\/truck\/?p=28329"},"modified":"2021-06-30T18:46:11","modified_gmt":"2021-06-30T16:46:11","slug":"man-eroeffnet-emobility-center-in-muenchen","status":"publish","type":"post","link":"https:\/\/www.krafthand.de\/truck\/artikel\/man-eroeffnet-emobility-center-in-muenchen-28329\/","title":{"rendered":"MAN er\u00f6ffnet eMobility Center in M\u00fcnchen"},"content":{"rendered":"<p>Am 9.Juni haben Hubert Aiwanger, Bayerischer Staatsminister f\u00fcr Wirtschaft, Landesentwicklung und Energie, Andreas Tostmann, Vorstandsvorsitzender MAN Truck &amp; Bus und Saki Stimoniaris, Vorsitzender des MAN-Konzernbetriebsrats, das sogenannte eMobility Center er\u00f6ffnet. Damit m\u00f6chte MAN Truck &amp; Bus das Startsignal f\u00fcr die Vorbereitung der Serienproduktion von Elektro-Lkw geben. Auf rund 4.000 Quadratmetern dient das eMobility Center der Erprobung von batterieelektrisch angetrieben Trucks unter realen Bedingungen und der Mitarbeiterschulung.<\/p>\n<blockquote><p>\u201eElektromobilit\u00e4t ist die Schl\u00fcsseltechnologie f\u00fcr den Nutzfahrzeugverkehr der Zukunft. Mit der Er\u00f6ffnung des MAN eMobility Center in M\u00fcnchen setzen wir das Startsignal daf\u00fcr, auch mit Elektro-Trucks k\u00fcnftig in die Serienproduktion zu gehen\u201c, s0 CEO Tostmann.<\/p><\/blockquote>\n<p>Der Umstieg vom Verbrennungsmotor auf alternative Antriebe sei ein extrem wichtiger Bestandteil der konsequenten Neuausrichtung des Unternehmens, so Tostmann w\u00e4hrend der Er\u00f6ffnung. Der Hintergrund: Die EU verlangt f\u00fcr Lkw \u00fcber 16 Tonnen bis 2030 eine CO2-Reduzierung von 30 Prozent im Vergleich zum aktuellen Niveau. <a href=\"https:\/\/www.mantruckandbus.com\/de\/man.html\" target=\"_blank\" rel=\"noopener\">MAN<\/a> hat sich vorgenommen, nicht nur darauf zu reagieren, vielmehr sieht das Unternehmen eine Chance, gesellschaftliche Verantwortung zu \u00fcbernehmen und langfristig umweltbewusst zu handeln. Bayerns Wirtschaftsminister Hubert Aiwanger betonte bei der Er\u00f6ffnungsfeier, dass die Elektromobilit\u00e4t ein massiv wachsender Markt sei, was im Sinne der heimischen Arbeitspl\u00e4tze und der Umwelt ist, wenn es richtig angepackt wird.<\/p>\n<h3>Erste Fahrzeuge auf der Stra\u00dfe<\/h3>\n<p>W\u00e4hrend der batterieelektrische Stadtbus Lion\u2019s City E und der ebenfalls vollelektrische Transporter eTGE als Serienfahrzeuge bereits im Markt vertreten sind, ist der erste Elektro-Lkw \u2013 der MAN eTGM \u2013 bisher nur in Kleinserien an Kunden in ganz Europa ausgeliefert worden. Das soll sich laut MAN in absehbarer Zeit \u00e4ndern. Im jetzt er\u00f6ffneten MAN eMobility Center schaffe der Nutzfahrzeughersteller die Grundlagen daf\u00fcr, Elektro-Lkw in gro\u00dfen industriellen St\u00fcckzahlen zu fertigen. <em>\u201eSo k\u00f6nnen wir dann f\u00fcr alle Anwendungen der Nutzfahrzeugbranche \u2013 Trucks, Busse und Vans \u2013 den Bedarf an Nullemissions-Fahrzeuge erf\u00fcllen, um die Klimaziele zu erreichen\u201c<\/em>, erl\u00e4utert Andreas Tostmann die Bedeutung der Neuer\u00f6ffnung in M\u00fcnchen.<\/p>\n<div class=\"gallery-container\"><div class=\"owl-carousel owl-theme\">\r\n        <div>\r\n        \t<img decoding=\"async\" src=\"https:\/\/static.krafthand-truck.de\/uploads\/2021\/06\/20210609-manemobilitycenter-04-1024x683.jpg\" alt=\"\" \/>\r\n          <a href=\"https:\/\/static.krafthand-truck.de\/uploads\/2021\/06\/20210609-manemobilitycenter-04-1024x683.jpg\" data-featherlight=\"gallery_69f5b1b7c49a0\" class=\"gallery-expand\" data-title=\"Hochvolttechnik: Die Qualifikation der Mitarbeiter(innen) ist ein Schwerpunkt im neuen eMobility-Center von MAN in M\u00fcnchen. Bild: MAN\"><i class=\"fa fa-expand\" aria-hidden=\"true\"><\/i><\/a>\r\n        \t<div class=\"gallery-caption wp-caption-text\"><p>Hochvolttechnik: Die Qualifikation der Mitarbeiter(innen) ist ein Schwerpunkt im neuen eMobility-Center von MAN in M\u00fcnchen. Bild: MAN<\/p>\n<\/div>\r\n        <\/div>\r\n        <div>\r\n        \t<img decoding=\"async\" src=\"https:\/\/static.krafthand-truck.de\/uploads\/2021\/06\/20210609-manemobilitycenter-05-1024x649.jpg\" alt=\"\" \/>\r\n          <a href=\"https:\/\/static.krafthand-truck.de\/uploads\/2021\/06\/20210609-manemobilitycenter-05-1024x649.jpg\" data-featherlight=\"gallery_69f5b1b7c49a0\" class=\"gallery-expand\" data-title=\"Blick in die Halle des MAN eMobility Centers: Hier werden zuk\u00fcnftige Produktionsabl\u00e4ufe getestet. Bild: MAN\"><i class=\"fa fa-expand\" aria-hidden=\"true\"><\/i><\/a>\r\n        \t<div class=\"gallery-caption wp-caption-text\"><p>Blick in die Halle des MAN eMobility Centers: Hier werden zuk\u00fcnftige Produktionsabl\u00e4ufe getestet. Bild: MAN<\/p>\n<\/div>\r\n        <\/div>\r\n        <div>\r\n        \t<img decoding=\"async\" src=\"https:\/\/static.krafthand-truck.de\/uploads\/2021\/06\/20210609-manemobilitycenter-06-1024x660.jpg\" alt=\"\" \/>\r\n          <a href=\"https:\/\/static.krafthand-truck.de\/uploads\/2021\/06\/20210609-manemobilitycenter-06-1024x660.jpg\" data-featherlight=\"gallery_69f5b1b7c49a0\" class=\"gallery-expand\" data-title=\"E-Trucks bestehen aus zahlreichen, neuen Komponenten. Hier ist entsprechendes Fachwissen gefragt. Bild: MAN\"><i class=\"fa fa-expand\" aria-hidden=\"true\"><\/i><\/a>\r\n        \t<div class=\"gallery-caption wp-caption-text\"><p>E-Trucks bestehen aus zahlreichen, neuen Komponenten. Hier ist entsprechendes Fachwissen gefragt. Bild: MAN<\/p>\n<\/div>\r\n        <\/div>\r\n        <div>\r\n        \t<img decoding=\"async\" src=\"https:\/\/static.krafthand-truck.de\/uploads\/2021\/06\/20210609-manemobilitycenter-02-1024x670.jpg\" alt=\"\" \/>\r\n          <a href=\"https:\/\/static.krafthand-truck.de\/uploads\/2021\/06\/20210609-manemobilitycenter-02-1024x670.jpg\" data-featherlight=\"gallery_69f5b1b7c49a0\" class=\"gallery-expand\" data-title=\"Andreas Tostmann, Vorstandsvorsitzender MAN Truck & Bus, Saki Stimoniaris, Vorsitzender des MAN-Konzernbetriebsrats, und Hubert Aiwanger, Bayerischer Staatsminister f\u00fcr Wirtschaft, Landesentwicklung und Energie, bekommen die Besonderheiten der Hochvolttechnik erkl\u00e4rt. Bild: MAN\"><i class=\"fa fa-expand\" aria-hidden=\"true\"><\/i><\/a>\r\n        \t<div class=\"gallery-caption wp-caption-text\"><p>Andreas Tostmann, Vorstandsvorsitzender MAN Truck &#038; Bus, Saki Stimoniaris, Vorsitzender des MAN-Konzernbetriebsrats, und Hubert Aiwanger, Bayerischer Staatsminister f\u00fcr Wirtschaft, Landesentwicklung und Energie, bekommen die Besonderheiten der Hochvolttechnik erkl\u00e4rt. Bild: MAN<\/p>\n<\/div>\r\n        <\/div><\/div><\/div>\r\n\t<script>\r\n\t\tjQuery(document).ready(function($){\r\n      setTimeout(function(){\r\n  \t\t\t$(\".owl-carousel\").owlCarousel({\r\n  \t\t\t\tloop:true,\r\n    \t\t\tmargin:10,\r\n    \t\t\tresponsiveClass:true,\r\n    \t\t\titems:1,\r\n    \t\t\tautoHeight: true,\r\n          nav: true,\r\n          URLhashListener: true,\r\n          startPosition: \"URLHash\",\r\n          navText: [\r\n            \"<i class='fa fa-chevron-left'><\/i>\",\r\n            \"<i class='fa fa-chevron-right'><\/i>\"\r\n          ],\r\n  \t\t\t});\r\n      }, 2000);\r\n\t\t});\r\n\t<\/script>\r\n\t\n<h3>Neue Fahrzeugarchitektur erfordert neue Produktionsprozesse<\/h3>\n<p>Im Vergleich zum herk\u00f6mmlich angetriebenen Truck unterscheidet sich der E-Lkw durch neue Bauteile und neue Komponenten wie Elektrobatterie und -motor sowie Hochvoltkomponenten und -kabel. Das mache zugleich eine neue Fahrzeugarchitektur und andere Produktionsschritte erforderlich. Im MAN eMobility Center in M\u00fcnchen soll der gesamte Produktionsablauf erfolgen, einschlie\u00dflich der Inbetriebnahme des Fahrzeugs. Zus\u00e4tzlich b\u00f6te das Geb\u00e4ude Lerninseln f\u00fcr die Schulung der Mitarbeitenden. So erlernten sie in Theorie und Praxis die Prozessschritte und die notwendigen F\u00e4higkeiten f\u00fcr die Montage von Elektro-Lkw am Serienband.<\/p>\n<blockquote><p>\u201eIm MAN eMobility Center bauen wir die Kompetenz auf, um mit Elektro-Lkw in die Serienproduktion zu gehen. Mitarbeitende des Werks M\u00fcnchen werden hier unter realen Produktionsbedingungen f\u00fcr Zukunftstechnologien qualifiziert. Zum Schulungsprogramm geh\u00f6ren die Produktionsprozesse f\u00fcr E-Trucks und der sichere Umgang mit Hochvolttechnologien. Die bei der Erprobung der Serienproduktion gewonnenen Erfahrungen flie\u00dfen direkt in die Entwicklung und Produktion von serienreifen batterieelektrisch betriebenen Lastwagen ein\u201c, fasst Michael Kobriger, Vorstand f\u00fcr Produktion &amp; Logistik bei MAN Truck &amp; Bus, die Mission des neuen Schulungszentrums zusammen. In M\u00fcnchen sollen k\u00fcnftig konventionell und batterieelektrisch angetriebene Trucks in einem gemeinsamen Serienband produziert werden.<\/p><\/blockquote>\n<h3>Nachfrageanstieg und Qualifizierung<\/h3>\n<p>Elektromobilit\u00e4t sei laut MAN im Transportwesen und in der Personenbef\u00f6rderung auf dem Vormarsch. W\u00e4hrend vor allem \u00f6ffentliche Verkehrsunternehmen ihre Busflotten schon im gro\u00dfen Ma\u00dfstab elektrifizierten, setzen sich batterieelektrisch angetriebene Lkw f\u00fcr den Verteiler- und Fernverkehr bisher noch nicht so z\u00fcgig im Markt durch, auch weil daf\u00fcr die notwendigen wirtschaftlichen Anreize und F\u00f6rderprogramme fehlten. MAN erwartet jedoch, dass die Nachfrage der Transportunternehmen nach lokal emissionsfreien Elektro-Lastwagen in der n\u00e4chsten Zeit wachsen wird \u2013 zum einen aufgrund von klimapolitischen Auflagen und CO2-Bepreisungen, zum anderen weil der Betrieb von Elektrofahrzeugen zunehmend wirtschaftlicher wird. Mit der Erprobung der Serienproduktion des eTrucks im MAN eMobility Center bereite sich der Nutzfahrzeughersteller auf den steigenden Bedarf seiner Kunden an klimaneutralen Transportl\u00f6sungen vor. Bis Ende 2023 sollen alle relevanten Fachkr\u00e4fte der Lkw-Produktion in M\u00fcnchen f\u00fcr die Serienproduktion von Elektro-Lkw qualifiziert sein.<\/p>\n\r\n\t\t\t\t<div class=\"post-author\">\r\n\t\t\t\t\t<div class=\"khm-cp-author clearfix\">\r\n\t\t\t\t\t\t<div class=\"khm-cp-author__content\">\r\n\t\t\t\t\t\t\t\tKontakt zum Autor:<br \/>\r\n\t\t\t\t\t\t\t\t<strong>Georg Blenk<\/strong>, 08247 \/ 3007-45 |  <a href=\"mailto:georg.blenk@krafthand-medien.de\">georg.blenk@krafthand-medien.de<\/a>\r\n\t\t\t\t\t\t\t<div class=\"khm-cp-author__image\">\r\n\t\t\t\t\t\t<img src=\"https:\/\/static.krafthand-truck.de\/uploads\/2021\/01\/Blenk_6104-250x300-1-removebg-preview.png\" class=\"img-responsive\">\r\n\t\t\t\t\t<\/div>\r\n\t\t\t\t\t\t<\/div>\r\n\t\t\t\t\t<\/div>\r\n\t\t\t\t<\/div>\r\n\t\t\t\t","protected":false},"excerpt":{"rendered":"<p>Am 9.Juni haben Hubert Aiwanger, Bayerischer Staatsminister f\u00fcr Wirtschaft, Landesentwicklung und Energie, Andreas Tostmann, Vorstandsvorsitzender MAN Truck &#038; Bus und Saki Stimoniaris, Vorsitzender des MAN-Konzernbetriebsrats, das sogenannte eMobility Center er\u00f6ffnet. Damit m\u00f6chte MAN Truck &#038; Bus das Startsignal f\u00fcr die Vorbereitung der Serienproduktion von Elektro-Lkw geben. <span class=\"excerpt-more__dots\">&#8230;<\/span> <a class=\"excerpt-more__link\" href=\"https:\/\/www.krafthand.de\/truck\/artikel\/man-eroeffnet-emobility-center-in-muenchen-28329\/\" >weiter<\/a><\/p>\n","protected":false},"author":9,"featured_media":28337,"comment_status":"closed","ping_status":"closed","sticky":false,"template":"","format":"standard","meta":{"footnotes":""},"categories":[4224,4238,4235],"tags":[4553,4552,4551,4475,4526,152,1132,4554],"settings":[3524],"class_list":["post-28329","post","type-post","status-publish","format-standard","has-post-thumbnail","hentry","category-e-antrieb","category-koepfe","category-unternehmen","tag-andreas-tostmann","tag-eiwanger","tag-emobility-center","tag-etge","tag-etgm","tag-man","tag-muenchen","tag-saki-stimoniaris"],"yoast_head":"<!-- This site is optimized with the Yoast SEO plugin v27.3 - https:\/\/yoast.com\/product\/yoast-seo-wordpress\/ -->\n<title>MAN er\u00f6ffnet eMobility Center in M\u00fcnchen - Krafthand-Truck<\/title>\n<meta name=\"robots\" content=\"index, follow, max-snippet:-1, max-image-preview:large, max-video-preview:-1\" \/>\n<link rel=\"canonical\" href=\"https:\/\/www.krafthand.de\/truck\/artikel\/man-eroeffnet-emobility-center-in-muenchen-28329\/\" \/>\n<meta property=\"og:locale\" content=\"de_DE\" \/>\n<meta property=\"og:type\" content=\"article\" \/>\n<meta property=\"og:title\" content=\"MAN er\u00f6ffnet eMobility Center in M\u00fcnchen - Krafthand-Truck\" \/>\n<meta property=\"og:description\" content=\"Am 9.Juni haben Hubert Aiwanger, Bayerischer Staatsminister f\u00fcr Wirtschaft, Landesentwicklung und Energie, Andreas Tostmann, Vorstandsvorsitzender MAN Truck &amp; Bus und Saki Stimoniaris, Vorsitzender des MAN-Konzernbetriebsrats, das sogenannte eMobility Center er\u00f6ffnet. Damit m\u00f6chte MAN Truck &amp; Bus das Startsignal f\u00fcr die Vorbereitung der Serienproduktion von Elektro-Lkw geben. ... weiter\" \/>\n<meta property=\"og:url\" content=\"https:\/\/www.krafthand-truck.de\/artikel\/man-eroeffnet-emobility-center-in-muenchen-28329\/\" \/>\n<meta property=\"og:site_name\" content=\"Krafthand-Truck\" \/>\n<meta property=\"article:published_time\" content=\"2021-06-10T08:53:48+00:00\" \/>\n<meta property=\"article:modified_time\" content=\"2021-06-30T16:46:11+00:00\" \/>\n<meta property=\"og:image\" content=\"https:\/\/www.krafthand.de\/truck\/wp-content\/uploads\/2021\/06\/20210609-manemobilitycenter-01.jpg\" \/>\n\t<meta property=\"og:image:width\" content=\"1200\" \/>\n\t<meta property=\"og:image:height\" content=\"806\" \/>\n\t<meta property=\"og:image:type\" content=\"image\/jpeg\" \/>\n<meta name=\"author\" content=\"georg.blenk@krafthand-medien.de\" \/>\n<meta name=\"twitter:card\" content=\"summary_large_image\" \/>\n<meta name=\"twitter:label1\" content=\"Verfasst von\" \/>\n\t<meta name=\"twitter:data1\" content=\"georg.blenk@krafthand-medien.de\" \/>\n\t<meta name=\"twitter:label2\" content=\"Gesch\u00e4tzte Lesezeit\" \/>\n\t<meta name=\"twitter:data2\" content=\"3\u00a0Minuten\" \/>\n<script type=\"application\/ld+json\" class=\"yoast-schema-graph\">{\"@context\":\"https:\\\/\\\/schema.org\",\"@graph\":[{\"@type\":\"Article\",\"@id\":\"https:\\\/\\\/www.krafthand.de\\\/truck\\\/artikel\\\/man-eroeffnet-emobility-center-in-muenchen-28329\\\/#article\",\"isPartOf\":{\"@id\":\"https:\\\/\\\/www.krafthand.de\\\/truck\\\/artikel\\\/man-eroeffnet-emobility-center-in-muenchen-28329\\\/\"},\"author\":{\"name\":\"georg.blenk@krafthand-medien.de\",\"@id\":\"https:\\\/\\\/www.krafthand.de\\\/truck\\\/#\\\/schema\\\/person\\\/51fa80b1c57034c4bf63f9f988fc24ce\"},\"headline\":\"MAN er\u00f6ffnet eMobility Center in M\u00fcnchen\",\"datePublished\":\"2021-06-10T08:53:48+00:00\",\"dateModified\":\"2021-06-30T16:46:11+00:00\",\"mainEntityOfPage\":{\"@id\":\"https:\\\/\\\/www.krafthand.de\\\/truck\\\/artikel\\\/man-eroeffnet-emobility-center-in-muenchen-28329\\\/\"},\"wordCount\":688,\"image\":{\"@id\":\"https:\\\/\\\/www.krafthand.de\\\/truck\\\/artikel\\\/man-eroeffnet-emobility-center-in-muenchen-28329\\\/#primaryimage\"},\"thumbnailUrl\":\"https:\\\/\\\/static.krafthand-truck.de\\\/uploads\\\/2021\\\/06\\\/20210609-manemobilitycenter-01.jpg\",\"keywords\":[\"Andreas Tostmann\",\"Eiwanger\",\"eMobility Center\",\"eTGE\",\"eTGM\",\"MAN\",\"M\u00fcnchen\",\"Saki Stimoniaris\"],\"articleSection\":[\"E-Antrieb (BEV\\\/FCEV)\",\"K\u00f6pfe\\\/Personen\",\"Unternehmen\"],\"inLanguage\":\"de\"},{\"@type\":\"WebPage\",\"@id\":\"https:\\\/\\\/www.krafthand.de\\\/truck\\\/artikel\\\/man-eroeffnet-emobility-center-in-muenchen-28329\\\/\",\"url\":\"https:\\\/\\\/www.krafthand.de\\\/truck\\\/artikel\\\/man-eroeffnet-emobility-center-in-muenchen-28329\\\/\",\"name\":\"MAN er\u00f6ffnet eMobility Center in M\u00fcnchen - Krafthand-Truck\",\"isPartOf\":{\"@id\":\"https:\\\/\\\/www.krafthand.de\\\/truck\\\/#website\"},\"primaryImageOfPage\":{\"@id\":\"https:\\\/\\\/www.krafthand.de\\\/truck\\\/artikel\\\/man-eroeffnet-emobility-center-in-muenchen-28329\\\/#primaryimage\"},\"image\":{\"@id\":\"https:\\\/\\\/www.krafthand.de\\\/truck\\\/artikel\\\/man-eroeffnet-emobility-center-in-muenchen-28329\\\/#primaryimage\"},\"thumbnailUrl\":\"https:\\\/\\\/static.krafthand-truck.de\\\/uploads\\\/2021\\\/06\\\/20210609-manemobilitycenter-01.jpg\",\"datePublished\":\"2021-06-10T08:53:48+00:00\",\"dateModified\":\"2021-06-30T16:46:11+00:00\",\"author\":{\"@id\":\"https:\\\/\\\/www.krafthand.de\\\/truck\\\/#\\\/schema\\\/person\\\/51fa80b1c57034c4bf63f9f988fc24ce\"},\"breadcrumb\":{\"@id\":\"https:\\\/\\\/www.krafthand.de\\\/truck\\\/artikel\\\/man-eroeffnet-emobility-center-in-muenchen-28329\\\/#breadcrumb\"},\"inLanguage\":\"de\",\"potentialAction\":[{\"@type\":\"ReadAction\",\"target\":[\"https:\\\/\\\/www.krafthand.de\\\/truck\\\/artikel\\\/man-eroeffnet-emobility-center-in-muenchen-28329\\\/\"]}]},{\"@type\":\"ImageObject\",\"inLanguage\":\"de\",\"@id\":\"https:\\\/\\\/www.krafthand.de\\\/truck\\\/artikel\\\/man-eroeffnet-emobility-center-in-muenchen-28329\\\/#primaryimage\",\"url\":\"https:\\\/\\\/static.krafthand-truck.de\\\/uploads\\\/2021\\\/06\\\/20210609-manemobilitycenter-01.jpg\",\"contentUrl\":\"https:\\\/\\\/static.krafthand-truck.de\\\/uploads\\\/2021\\\/06\\\/20210609-manemobilitycenter-01.jpg\",\"width\":1200,\"height\":806},{\"@type\":\"BreadcrumbList\",\"@id\":\"https:\\\/\\\/www.krafthand.de\\\/truck\\\/artikel\\\/man-eroeffnet-emobility-center-in-muenchen-28329\\\/#breadcrumb\",\"itemListElement\":[{\"@type\":\"ListItem\",\"position\":1,\"name\":\"Krafthand-Truck\",\"item\":\"https:\\\/\\\/www.krafthand.de\\\/truck\\\/\"},{\"@type\":\"ListItem\",\"position\":2,\"name\":\"Nfz-Branche\",\"item\":\"https:\\\/\\\/www.krafthand.de\\\/truck\\\/kategorie\\\/branche\\\/\"},{\"@type\":\"ListItem\",\"position\":3,\"name\":\"Unternehmen\",\"item\":\"https:\\\/\\\/www.krafthand.de\\\/truck\\\/kategorie\\\/branche\\\/unternehmen\\\/\"},{\"@type\":\"ListItem\",\"position\":4,\"name\":\"MAN er\u00f6ffnet eMobility Center in M\u00fcnchen\"}]},{\"@type\":\"WebSite\",\"@id\":\"https:\\\/\\\/www.krafthand.de\\\/truck\\\/#website\",\"url\":\"https:\\\/\\\/www.krafthand.de\\\/truck\\\/\",\"name\":\"Krafthand-Truck\",\"description\":\"\",\"potentialAction\":[{\"@type\":\"SearchAction\",\"target\":{\"@type\":\"EntryPoint\",\"urlTemplate\":\"https:\\\/\\\/www.krafthand.de\\\/truck\\\/?s={search_term_string}\"},\"query-input\":{\"@type\":\"PropertyValueSpecification\",\"valueRequired\":true,\"valueName\":\"search_term_string\"}}],\"inLanguage\":\"de\"},{\"@type\":\"Person\",\"@id\":\"https:\\\/\\\/www.krafthand.de\\\/truck\\\/#\\\/schema\\\/person\\\/51fa80b1c57034c4bf63f9f988fc24ce\",\"name\":\"georg.blenk@krafthand-medien.de\",\"image\":{\"@type\":\"ImageObject\",\"inLanguage\":\"de\",\"@id\":\"https:\\\/\\\/secure.gravatar.com\\\/avatar\\\/93713c30affe0aa95d3a4130e499bb1abee2eb31adbdd9ce2aa1543538490215?s=96&d=mm&r=g\",\"url\":\"https:\\\/\\\/secure.gravatar.com\\\/avatar\\\/93713c30affe0aa95d3a4130e499bb1abee2eb31adbdd9ce2aa1543538490215?s=96&d=mm&r=g\",\"contentUrl\":\"https:\\\/\\\/secure.gravatar.com\\\/avatar\\\/93713c30affe0aa95d3a4130e499bb1abee2eb31adbdd9ce2aa1543538490215?s=96&d=mm&r=g\",\"caption\":\"georg.blenk@krafthand-medien.de\"}}]}<\/script>\n<!-- \/ Yoast SEO plugin. -->","yoast_head_json":{"title":"MAN er\u00f6ffnet eMobility Center in M\u00fcnchen - Krafthand-Truck","robots":{"index":"index","follow":"follow","max-snippet":"max-snippet:-1","max-image-preview":"max-image-preview:large","max-video-preview":"max-video-preview:-1"},"canonical":"https:\/\/www.krafthand.de\/truck\/artikel\/man-eroeffnet-emobility-center-in-muenchen-28329\/","og_locale":"de_DE","og_type":"article","og_title":"MAN er\u00f6ffnet eMobility Center in M\u00fcnchen - Krafthand-Truck","og_description":"Am 9.Juni haben Hubert Aiwanger, Bayerischer Staatsminister f\u00fcr Wirtschaft, Landesentwicklung und Energie, Andreas Tostmann, Vorstandsvorsitzender MAN Truck & Bus und Saki Stimoniaris, Vorsitzender des MAN-Konzernbetriebsrats, das sogenannte eMobility Center er\u00f6ffnet. Damit m\u00f6chte MAN Truck & Bus das Startsignal f\u00fcr die Vorbereitung der Serienproduktion von Elektro-Lkw geben. ... weiter","og_url":"https:\/\/www.krafthand-truck.de\/artikel\/man-eroeffnet-emobility-center-in-muenchen-28329\/","og_site_name":"Krafthand-Truck","article_published_time":"2021-06-10T08:53:48+00:00","article_modified_time":"2021-06-30T16:46:11+00:00","og_image":[{"width":1200,"height":806,"url":"https:\/\/www.krafthand.de\/truck\/wp-content\/uploads\/2021\/06\/20210609-manemobilitycenter-01.jpg","type":"image\/jpeg"}],"author":"georg.blenk@krafthand-medien.de","twitter_card":"summary_large_image","twitter_misc":{"Verfasst von":"georg.blenk@krafthand-medien.de","Gesch\u00e4tzte Lesezeit":"3\u00a0Minuten"},"schema":{"@context":"https:\/\/schema.org","@graph":[{"@type":"Article","@id":"https:\/\/www.krafthand.de\/truck\/artikel\/man-eroeffnet-emobility-center-in-muenchen-28329\/#article","isPartOf":{"@id":"https:\/\/www.krafthand.de\/truck\/artikel\/man-eroeffnet-emobility-center-in-muenchen-28329\/"},"author":{"name":"georg.blenk@krafthand-medien.de","@id":"https:\/\/www.krafthand.de\/truck\/#\/schema\/person\/51fa80b1c57034c4bf63f9f988fc24ce"},"headline":"MAN er\u00f6ffnet eMobility Center in M\u00fcnchen","datePublished":"2021-06-10T08:53:48+00:00","dateModified":"2021-06-30T16:46:11+00:00","mainEntityOfPage":{"@id":"https:\/\/www.krafthand.de\/truck\/artikel\/man-eroeffnet-emobility-center-in-muenchen-28329\/"},"wordCount":688,"image":{"@id":"https:\/\/www.krafthand.de\/truck\/artikel\/man-eroeffnet-emobility-center-in-muenchen-28329\/#primaryimage"},"thumbnailUrl":"https:\/\/static.krafthand-truck.de\/uploads\/2021\/06\/20210609-manemobilitycenter-01.jpg","keywords":["Andreas Tostmann","Eiwanger","eMobility Center","eTGE","eTGM","MAN","M\u00fcnchen","Saki Stimoniaris"],"articleSection":["E-Antrieb (BEV\/FCEV)","K\u00f6pfe\/Personen","Unternehmen"],"inLanguage":"de"},{"@type":"WebPage","@id":"https:\/\/www.krafthand.de\/truck\/artikel\/man-eroeffnet-emobility-center-in-muenchen-28329\/","url":"https:\/\/www.krafthand.de\/truck\/artikel\/man-eroeffnet-emobility-center-in-muenchen-28329\/","name":"MAN er\u00f6ffnet eMobility Center in M\u00fcnchen - Krafthand-Truck","isPartOf":{"@id":"https:\/\/www.krafthand.de\/truck\/#website"},"primaryImageOfPage":{"@id":"https:\/\/www.krafthand.de\/truck\/artikel\/man-eroeffnet-emobility-center-in-muenchen-28329\/#primaryimage"},"image":{"@id":"https:\/\/www.krafthand.de\/truck\/artikel\/man-eroeffnet-emobility-center-in-muenchen-28329\/#primaryimage"},"thumbnailUrl":"https:\/\/static.krafthand-truck.de\/uploads\/2021\/06\/20210609-manemobilitycenter-01.jpg","datePublished":"2021-06-10T08:53:48+00:00","dateModified":"2021-06-30T16:46:11+00:00","author":{"@id":"https:\/\/www.krafthand.de\/truck\/#\/schema\/person\/51fa80b1c57034c4bf63f9f988fc24ce"},"breadcrumb":{"@id":"https:\/\/www.krafthand.de\/truck\/artikel\/man-eroeffnet-emobility-center-in-muenchen-28329\/#breadcrumb"},"inLanguage":"de","potentialAction":[{"@type":"ReadAction","target":["https:\/\/www.krafthand.de\/truck\/artikel\/man-eroeffnet-emobility-center-in-muenchen-28329\/"]}]},{"@type":"ImageObject","inLanguage":"de","@id":"https:\/\/www.krafthand.de\/truck\/artikel\/man-eroeffnet-emobility-center-in-muenchen-28329\/#primaryimage","url":"https:\/\/static.krafthand-truck.de\/uploads\/2021\/06\/20210609-manemobilitycenter-01.jpg","contentUrl":"https:\/\/static.krafthand-truck.de\/uploads\/2021\/06\/20210609-manemobilitycenter-01.jpg","width":1200,"height":806},{"@type":"BreadcrumbList","@id":"https:\/\/www.krafthand.de\/truck\/artikel\/man-eroeffnet-emobility-center-in-muenchen-28329\/#breadcrumb","itemListElement":[{"@type":"ListItem","position":1,"name":"Krafthand-Truck","item":"https:\/\/www.krafthand.de\/truck\/"},{"@type":"ListItem","position":2,"name":"Nfz-Branche","item":"https:\/\/www.krafthand.de\/truck\/kategorie\/branche\/"},{"@type":"ListItem","position":3,"name":"Unternehmen","item":"https:\/\/www.krafthand.de\/truck\/kategorie\/branche\/unternehmen\/"},{"@type":"ListItem","position":4,"name":"MAN er\u00f6ffnet eMobility Center in M\u00fcnchen"}]},{"@type":"WebSite","@id":"https:\/\/www.krafthand.de\/truck\/#website","url":"https:\/\/www.krafthand.de\/truck\/","name":"Krafthand-Truck","description":"","potentialAction":[{"@type":"SearchAction","target":{"@type":"EntryPoint","urlTemplate":"https:\/\/www.krafthand.de\/truck\/?s={search_term_string}"},"query-input":{"@type":"PropertyValueSpecification","valueRequired":true,"valueName":"search_term_string"}}],"inLanguage":"de"},{"@type":"Person","@id":"https:\/\/www.krafthand.de\/truck\/#\/schema\/person\/51fa80b1c57034c4bf63f9f988fc24ce","name":"georg.blenk@krafthand-medien.de","image":{"@type":"ImageObject","inLanguage":"de","@id":"https:\/\/secure.gravatar.com\/avatar\/93713c30affe0aa95d3a4130e499bb1abee2eb31adbdd9ce2aa1543538490215?s=96&d=mm&r=g","url":"https:\/\/secure.gravatar.com\/avatar\/93713c30affe0aa95d3a4130e499bb1abee2eb31adbdd9ce2aa1543538490215?s=96&d=mm&r=g","contentUrl":"https:\/\/secure.gravatar.com\/avatar\/93713c30affe0aa95d3a4130e499bb1abee2eb31adbdd9ce2aa1543538490215?s=96&d=mm&r=g","caption":"georg.blenk@krafthand-medien.de"}}]}},"_links":{"self":[{"href":"https:\/\/www.krafthand.de\/truck\/wp-json\/wp\/v2\/posts\/28329","targetHints":{"allow":["GET"]}}],"collection":[{"href":"https:\/\/www.krafthand.de\/truck\/wp-json\/wp\/v2\/posts"}],"about":[{"href":"https:\/\/www.krafthand.de\/truck\/wp-json\/wp\/v2\/types\/post"}],"author":[{"embeddable":true,"href":"https:\/\/www.krafthand.de\/truck\/wp-json\/wp\/v2\/users\/9"}],"replies":[{"embeddable":true,"href":"https:\/\/www.krafthand.de\/truck\/wp-json\/wp\/v2\/comments?post=28329"}],"version-history":[{"count":11,"href":"https:\/\/www.krafthand.de\/truck\/wp-json\/wp\/v2\/posts\/28329\/revisions"}],"predecessor-version":[{"id":28345,"href":"https:\/\/www.krafthand.de\/truck\/wp-json\/wp\/v2\/posts\/28329\/revisions\/28345"}],"wp:featuredmedia":[{"embeddable":true,"href":"https:\/\/www.krafthand.de\/truck\/wp-json\/wp\/v2\/media\/28337"}],"wp:attachment":[{"href":"https:\/\/www.krafthand.de\/truck\/wp-json\/wp\/v2\/media?parent=28329"}],"wp:term":[{"taxonomy":"category","embeddable":true,"href":"https:\/\/www.krafthand.de\/truck\/wp-json\/wp\/v2\/categories?post=28329"},{"taxonomy":"post_tag","embeddable":true,"href":"https:\/\/www.krafthand.de\/truck\/wp-json\/wp\/v2\/tags?post=28329"},{"taxonomy":"settings","embeddable":true,"href":"https:\/\/www.krafthand.de\/truck\/wp-json\/wp\/v2\/settings?post=28329"}],"curies":[{"name":"wp","href":"https:\/\/api.w.org\/{rel}","templated":true}]}}