{"id":28229,"date":"2021-06-07T10:29:20","date_gmt":"2021-06-07T08:29:20","guid":{"rendered":"https:\/\/www.krafthand.de\/truck\/?p=28229"},"modified":"2021-06-07T11:35:24","modified_gmt":"2021-06-07T09:35:24","slug":"roadshow-volta-zero-in-deutschland","status":"publish","type":"post","link":"https:\/\/www.krafthand.de\/truck\/artikel\/roadshow-volta-zero-in-deutschland-28229\/","title":{"rendered":"Roadshow: Volta Zero in Deutschland"},"content":{"rendered":"<p>Volta Trucks pr\u00e4sentiert im Rahmen einer Roadshow das vollelektrische 16-Tonnen-Nutzfahrzeug &#8218;Volta Zero&#8216; nun auch in Deutschland. Der Lkw ist eigenen Angaben zufolge f\u00fcr den innerst\u00e4dtischen Warenverkehr konzipiert und bietet eine Reichweite von 150-200 Kilometer. Die ersten Fahrzeuge sollen bereits Ende 2021 ausgeliefert werden.<\/p>\n<p>Vom 14. bis 25. Juni k\u00f6nnen Interessenten nun in M\u00fcnchen und Frankfurt das Fahrzeug begutachten und testen. Deutschland ist dabei die letzte Station der Tour durch Kontinentaleuropa. Der Volta Zero wird in M\u00fcnchen in Zusammenarbeit mit dem Volta Trucks-Kunden Petit Forestier und in Frankfurt mit dem Partner DB Schenker vorgestellt. Interessierte Kunden k\u00f6nnen eine individuelle Demonstration des Volta Zero unter <a href=\"https:\/\/www.voltatrucks.com\/de\/\" target=\"_blank\" rel=\"noopener\">www.voltatrucks.com\/de<\/a> buchen.<\/p>\n<blockquote><p>\u201eIch freue mich \u00fcber den Zuspruch, den der Volta Zero in Europa bereits erhalten hat. Sein emissionsfreier, vollelektrischer Antriebsstrang unterst\u00fctzt die Dekarbonisierungs- und Nachhaltigkeitsziele unserer Kunden. In Kombination mit unserem Truck-as-a-Service-Angebot k\u00f6nnen Flottenbetreiber Sicherheit, Nachhaltigkeit und Rentabilit\u00e4t in ihrem Betrieb gew\u00e4hrleisten. Ich freue mich darauf, den Volta Zero unseren deutschen Kunden vorzustellen und ihnen zu zeigen, wie er sich nahtlos in ihren Betrieb integrieren l\u00e4sst&#8220;, so Carla Detrieux, Business Development Director von Volta Trucks.<\/p><\/blockquote>\n<div class=\"infobox box-grey\"><\/p>\n<p><strong>Zum Unternehmen<\/strong><\/p>\n<p>Volta Trucks ist ein schwedisches Start-up-Unternehmen mit Sitz in Stockholm, das vollelektrische Nutzfahrzeuge herstellt und Dienstleistungen anbietet. Das Unternehmen hat Niederlassungen in Frankreich und Gro\u00dfbritannien und arbeitet bei der Entwicklung und Produktion des Volta Zero mit einer Reihe von weltweit f\u00fchrenden Unternehmen zusammen.<\/p>\n<p><\/div>\n","protected":false},"excerpt":{"rendered":"<p>Volta Trucks pr\u00e4sentiert im Rahmen einer Roadshow das vollelektrische 16-Tonnen-Nutzfahrzeug &#8218;Volta Zero&#8216; nun auch in Deutschland. Interessenten k\u00f6nnen vorab eine individuelle Demonstartion buchen. <span class=\"excerpt-more__dots\">&#8230;<\/span> <a class=\"excerpt-more__link\" href=\"https:\/\/www.krafthand.de\/truck\/artikel\/roadshow-volta-zero-in-deutschland-28229\/\" >weiter<\/a><\/p>\n","protected":false},"author":9,"featured_media":28237,"comment_status":"closed","ping_status":"closed","sticky":false,"template":"","format":"standard","meta":{"footnotes":""},"categories":[4224,4235],"tags":[4511,3717,4175,4176],"settings":[3523],"class_list":["post-28229","post","type-post","status-publish","format-standard","has-post-thumbnail","hentry","category-e-antrieb","category-unternehmen","tag-bev","tag-etruck","tag-volta-zero","tag-volta-trucks"],"yoast_head":"<!-- This site is optimized with the Yoast SEO plugin v27.3 - https:\/\/yoast.com\/product\/yoast-seo-wordpress\/ -->\n<title>Roadshow: Volta Zero in Deutschland - Krafthand-Truck<\/title>\n<meta name=\"robots\" content=\"index, follow, max-snippet:-1, max-image-preview:large, max-video-preview:-1\" \/>\n<link rel=\"canonical\" href=\"https:\/\/www.krafthand.de\/truck\/artikel\/roadshow-volta-zero-in-deutschland-28229\/\" \/>\n<meta property=\"og:locale\" content=\"de_DE\" \/>\n<meta property=\"og:type\" content=\"article\" \/>\n<meta property=\"og:title\" content=\"Roadshow: Volta Zero in Deutschland - Krafthand-Truck\" \/>\n<meta property=\"og:description\" content=\"Volta Trucks pr\u00e4sentiert im Rahmen einer Roadshow das vollelektrische 16-Tonnen-Nutzfahrzeug &#039;Volta Zero&#039; nun auch in Deutschland. Interessenten k\u00f6nnen vorab eine individuelle Demonstartion buchen. ... weiter\" \/>\n<meta property=\"og:url\" content=\"https:\/\/www.krafthand-truck.de\/artikel\/roadshow-volta-zero-in-deutschland-28229\/\" \/>\n<meta property=\"og:site_name\" content=\"Krafthand-Truck\" \/>\n<meta property=\"article:published_time\" content=\"2021-06-07T08:29:20+00:00\" \/>\n<meta property=\"article:modified_time\" content=\"2021-06-07T09:35:24+00:00\" \/>\n<meta property=\"og:image\" content=\"https:\/\/www.krafthand.de\/truck\/wp-content\/uploads\/2021\/06\/Volta_Zero_Berlin_Final.jpg\" \/>\n\t<meta property=\"og:image:width\" content=\"1200\" \/>\n\t<meta property=\"og:image:height\" content=\"743\" \/>\n\t<meta property=\"og:image:type\" content=\"image\/jpeg\" \/>\n<meta name=\"author\" content=\"georg.blenk@krafthand-medien.de\" \/>\n<meta name=\"twitter:card\" content=\"summary_large_image\" \/>\n<meta name=\"twitter:label1\" content=\"Verfasst von\" \/>\n\t<meta name=\"twitter:data1\" content=\"georg.blenk@krafthand-medien.de\" \/>\n\t<meta name=\"twitter:label2\" content=\"Gesch\u00e4tzte Lesezeit\" \/>\n\t<meta name=\"twitter:data2\" content=\"1\u00a0Minute\" \/>\n<script type=\"application\/ld+json\" class=\"yoast-schema-graph\">{\"@context\":\"https:\\\/\\\/schema.org\",\"@graph\":[{\"@type\":\"Article\",\"@id\":\"https:\\\/\\\/www.krafthand.de\\\/truck\\\/artikel\\\/roadshow-volta-zero-in-deutschland-28229\\\/#article\",\"isPartOf\":{\"@id\":\"https:\\\/\\\/www.krafthand.de\\\/truck\\\/artikel\\\/roadshow-volta-zero-in-deutschland-28229\\\/\"},\"author\":{\"name\":\"georg.blenk@krafthand-medien.de\",\"@id\":\"https:\\\/\\\/www.krafthand.de\\\/truck\\\/#\\\/schema\\\/person\\\/51fa80b1c57034c4bf63f9f988fc24ce\"},\"headline\":\"Roadshow: Volta Zero in Deutschland\",\"datePublished\":\"2021-06-07T08:29:20+00:00\",\"dateModified\":\"2021-06-07T09:35:24+00:00\",\"mainEntityOfPage\":{\"@id\":\"https:\\\/\\\/www.krafthand.de\\\/truck\\\/artikel\\\/roadshow-volta-zero-in-deutschland-28229\\\/\"},\"wordCount\":245,\"image\":{\"@id\":\"https:\\\/\\\/www.krafthand.de\\\/truck\\\/artikel\\\/roadshow-volta-zero-in-deutschland-28229\\\/#primaryimage\"},\"thumbnailUrl\":\"https:\\\/\\\/static.krafthand-truck.de\\\/uploads\\\/2021\\\/06\\\/Volta_Zero_Berlin_Final.jpg\",\"keywords\":[\"BEV\",\"eTruck\",\"Volta Zero\",\"Volta-Trucks\"],\"articleSection\":[\"E-Antrieb (BEV\\\/FCEV)\",\"Unternehmen\"],\"inLanguage\":\"de\"},{\"@type\":\"WebPage\",\"@id\":\"https:\\\/\\\/www.krafthand.de\\\/truck\\\/artikel\\\/roadshow-volta-zero-in-deutschland-28229\\\/\",\"url\":\"https:\\\/\\\/www.krafthand.de\\\/truck\\\/artikel\\\/roadshow-volta-zero-in-deutschland-28229\\\/\",\"name\":\"Roadshow: Volta Zero in Deutschland - Krafthand-Truck\",\"isPartOf\":{\"@id\":\"https:\\\/\\\/www.krafthand.de\\\/truck\\\/#website\"},\"primaryImageOfPage\":{\"@id\":\"https:\\\/\\\/www.krafthand.de\\\/truck\\\/artikel\\\/roadshow-volta-zero-in-deutschland-28229\\\/#primaryimage\"},\"image\":{\"@id\":\"https:\\\/\\\/www.krafthand.de\\\/truck\\\/artikel\\\/roadshow-volta-zero-in-deutschland-28229\\\/#primaryimage\"},\"thumbnailUrl\":\"https:\\\/\\\/static.krafthand-truck.de\\\/uploads\\\/2021\\\/06\\\/Volta_Zero_Berlin_Final.jpg\",\"datePublished\":\"2021-06-07T08:29:20+00:00\",\"dateModified\":\"2021-06-07T09:35:24+00:00\",\"author\":{\"@id\":\"https:\\\/\\\/www.krafthand.de\\\/truck\\\/#\\\/schema\\\/person\\\/51fa80b1c57034c4bf63f9f988fc24ce\"},\"breadcrumb\":{\"@id\":\"https:\\\/\\\/www.krafthand.de\\\/truck\\\/artikel\\\/roadshow-volta-zero-in-deutschland-28229\\\/#breadcrumb\"},\"inLanguage\":\"de\",\"potentialAction\":[{\"@type\":\"ReadAction\",\"target\":[\"https:\\\/\\\/www.krafthand.de\\\/truck\\\/artikel\\\/roadshow-volta-zero-in-deutschland-28229\\\/\"]}]},{\"@type\":\"ImageObject\",\"inLanguage\":\"de\",\"@id\":\"https:\\\/\\\/www.krafthand.de\\\/truck\\\/artikel\\\/roadshow-volta-zero-in-deutschland-28229\\\/#primaryimage\",\"url\":\"https:\\\/\\\/static.krafthand-truck.de\\\/uploads\\\/2021\\\/06\\\/Volta_Zero_Berlin_Final.jpg\",\"contentUrl\":\"https:\\\/\\\/static.krafthand-truck.de\\\/uploads\\\/2021\\\/06\\\/Volta_Zero_Berlin_Final.jpg\",\"width\":1200,\"height\":743},{\"@type\":\"BreadcrumbList\",\"@id\":\"https:\\\/\\\/www.krafthand.de\\\/truck\\\/artikel\\\/roadshow-volta-zero-in-deutschland-28229\\\/#breadcrumb\",\"itemListElement\":[{\"@type\":\"ListItem\",\"position\":1,\"name\":\"Krafthand-Truck\",\"item\":\"https:\\\/\\\/www.krafthand.de\\\/truck\\\/\"},{\"@type\":\"ListItem\",\"position\":2,\"name\":\"Nfz-Branche\",\"item\":\"https:\\\/\\\/www.krafthand.de\\\/truck\\\/kategorie\\\/branche\\\/\"},{\"@type\":\"ListItem\",\"position\":3,\"name\":\"Unternehmen\",\"item\":\"https:\\\/\\\/www.krafthand.de\\\/truck\\\/kategorie\\\/branche\\\/unternehmen\\\/\"},{\"@type\":\"ListItem\",\"position\":4,\"name\":\"Roadshow: Volta Zero in Deutschland\"}]},{\"@type\":\"WebSite\",\"@id\":\"https:\\\/\\\/www.krafthand.de\\\/truck\\\/#website\",\"url\":\"https:\\\/\\\/www.krafthand.de\\\/truck\\\/\",\"name\":\"Krafthand-Truck\",\"description\":\"\",\"potentialAction\":[{\"@type\":\"SearchAction\",\"target\":{\"@type\":\"EntryPoint\",\"urlTemplate\":\"https:\\\/\\\/www.krafthand.de\\\/truck\\\/?s={search_term_string}\"},\"query-input\":{\"@type\":\"PropertyValueSpecification\",\"valueRequired\":true,\"valueName\":\"search_term_string\"}}],\"inLanguage\":\"de\"},{\"@type\":\"Person\",\"@id\":\"https:\\\/\\\/www.krafthand.de\\\/truck\\\/#\\\/schema\\\/person\\\/51fa80b1c57034c4bf63f9f988fc24ce\",\"name\":\"georg.blenk@krafthand-medien.de\",\"image\":{\"@type\":\"ImageObject\",\"inLanguage\":\"de\",\"@id\":\"https:\\\/\\\/secure.gravatar.com\\\/avatar\\\/93713c30affe0aa95d3a4130e499bb1abee2eb31adbdd9ce2aa1543538490215?s=96&d=mm&r=g\",\"url\":\"https:\\\/\\\/secure.gravatar.com\\\/avatar\\\/93713c30affe0aa95d3a4130e499bb1abee2eb31adbdd9ce2aa1543538490215?s=96&d=mm&r=g\",\"contentUrl\":\"https:\\\/\\\/secure.gravatar.com\\\/avatar\\\/93713c30affe0aa95d3a4130e499bb1abee2eb31adbdd9ce2aa1543538490215?s=96&d=mm&r=g\",\"caption\":\"georg.blenk@krafthand-medien.de\"}}]}<\/script>\n<!-- \/ Yoast SEO plugin. -->","yoast_head_json":{"title":"Roadshow: Volta Zero in Deutschland - Krafthand-Truck","robots":{"index":"index","follow":"follow","max-snippet":"max-snippet:-1","max-image-preview":"max-image-preview:large","max-video-preview":"max-video-preview:-1"},"canonical":"https:\/\/www.krafthand.de\/truck\/artikel\/roadshow-volta-zero-in-deutschland-28229\/","og_locale":"de_DE","og_type":"article","og_title":"Roadshow: Volta Zero in Deutschland - Krafthand-Truck","og_description":"Volta Trucks pr\u00e4sentiert im Rahmen einer Roadshow das vollelektrische 16-Tonnen-Nutzfahrzeug 'Volta Zero' nun auch in Deutschland. Interessenten k\u00f6nnen vorab eine individuelle Demonstartion buchen. ... weiter","og_url":"https:\/\/www.krafthand-truck.de\/artikel\/roadshow-volta-zero-in-deutschland-28229\/","og_site_name":"Krafthand-Truck","article_published_time":"2021-06-07T08:29:20+00:00","article_modified_time":"2021-06-07T09:35:24+00:00","og_image":[{"width":1200,"height":743,"url":"https:\/\/www.krafthand.de\/truck\/wp-content\/uploads\/2021\/06\/Volta_Zero_Berlin_Final.jpg","type":"image\/jpeg"}],"author":"georg.blenk@krafthand-medien.de","twitter_card":"summary_large_image","twitter_misc":{"Verfasst von":"georg.blenk@krafthand-medien.de","Gesch\u00e4tzte Lesezeit":"1\u00a0Minute"},"schema":{"@context":"https:\/\/schema.org","@graph":[{"@type":"Article","@id":"https:\/\/www.krafthand.de\/truck\/artikel\/roadshow-volta-zero-in-deutschland-28229\/#article","isPartOf":{"@id":"https:\/\/www.krafthand.de\/truck\/artikel\/roadshow-volta-zero-in-deutschland-28229\/"},"author":{"name":"georg.blenk@krafthand-medien.de","@id":"https:\/\/www.krafthand.de\/truck\/#\/schema\/person\/51fa80b1c57034c4bf63f9f988fc24ce"},"headline":"Roadshow: Volta Zero in Deutschland","datePublished":"2021-06-07T08:29:20+00:00","dateModified":"2021-06-07T09:35:24+00:00","mainEntityOfPage":{"@id":"https:\/\/www.krafthand.de\/truck\/artikel\/roadshow-volta-zero-in-deutschland-28229\/"},"wordCount":245,"image":{"@id":"https:\/\/www.krafthand.de\/truck\/artikel\/roadshow-volta-zero-in-deutschland-28229\/#primaryimage"},"thumbnailUrl":"https:\/\/static.krafthand-truck.de\/uploads\/2021\/06\/Volta_Zero_Berlin_Final.jpg","keywords":["BEV","eTruck","Volta Zero","Volta-Trucks"],"articleSection":["E-Antrieb (BEV\/FCEV)","Unternehmen"],"inLanguage":"de"},{"@type":"WebPage","@id":"https:\/\/www.krafthand.de\/truck\/artikel\/roadshow-volta-zero-in-deutschland-28229\/","url":"https:\/\/www.krafthand.de\/truck\/artikel\/roadshow-volta-zero-in-deutschland-28229\/","name":"Roadshow: Volta Zero in Deutschland - Krafthand-Truck","isPartOf":{"@id":"https:\/\/www.krafthand.de\/truck\/#website"},"primaryImageOfPage":{"@id":"https:\/\/www.krafthand.de\/truck\/artikel\/roadshow-volta-zero-in-deutschland-28229\/#primaryimage"},"image":{"@id":"https:\/\/www.krafthand.de\/truck\/artikel\/roadshow-volta-zero-in-deutschland-28229\/#primaryimage"},"thumbnailUrl":"https:\/\/static.krafthand-truck.de\/uploads\/2021\/06\/Volta_Zero_Berlin_Final.jpg","datePublished":"2021-06-07T08:29:20+00:00","dateModified":"2021-06-07T09:35:24+00:00","author":{"@id":"https:\/\/www.krafthand.de\/truck\/#\/schema\/person\/51fa80b1c57034c4bf63f9f988fc24ce"},"breadcrumb":{"@id":"https:\/\/www.krafthand.de\/truck\/artikel\/roadshow-volta-zero-in-deutschland-28229\/#breadcrumb"},"inLanguage":"de","potentialAction":[{"@type":"ReadAction","target":["https:\/\/www.krafthand.de\/truck\/artikel\/roadshow-volta-zero-in-deutschland-28229\/"]}]},{"@type":"ImageObject","inLanguage":"de","@id":"https:\/\/www.krafthand.de\/truck\/artikel\/roadshow-volta-zero-in-deutschland-28229\/#primaryimage","url":"https:\/\/static.krafthand-truck.de\/uploads\/2021\/06\/Volta_Zero_Berlin_Final.jpg","contentUrl":"https:\/\/static.krafthand-truck.de\/uploads\/2021\/06\/Volta_Zero_Berlin_Final.jpg","width":1200,"height":743},{"@type":"BreadcrumbList","@id":"https:\/\/www.krafthand.de\/truck\/artikel\/roadshow-volta-zero-in-deutschland-28229\/#breadcrumb","itemListElement":[{"@type":"ListItem","position":1,"name":"Krafthand-Truck","item":"https:\/\/www.krafthand.de\/truck\/"},{"@type":"ListItem","position":2,"name":"Nfz-Branche","item":"https:\/\/www.krafthand.de\/truck\/kategorie\/branche\/"},{"@type":"ListItem","position":3,"name":"Unternehmen","item":"https:\/\/www.krafthand.de\/truck\/kategorie\/branche\/unternehmen\/"},{"@type":"ListItem","position":4,"name":"Roadshow: Volta Zero in Deutschland"}]},{"@type":"WebSite","@id":"https:\/\/www.krafthand.de\/truck\/#website","url":"https:\/\/www.krafthand.de\/truck\/","name":"Krafthand-Truck","description":"","potentialAction":[{"@type":"SearchAction","target":{"@type":"EntryPoint","urlTemplate":"https:\/\/www.krafthand.de\/truck\/?s={search_term_string}"},"query-input":{"@type":"PropertyValueSpecification","valueRequired":true,"valueName":"search_term_string"}}],"inLanguage":"de"},{"@type":"Person","@id":"https:\/\/www.krafthand.de\/truck\/#\/schema\/person\/51fa80b1c57034c4bf63f9f988fc24ce","name":"georg.blenk@krafthand-medien.de","image":{"@type":"ImageObject","inLanguage":"de","@id":"https:\/\/secure.gravatar.com\/avatar\/93713c30affe0aa95d3a4130e499bb1abee2eb31adbdd9ce2aa1543538490215?s=96&d=mm&r=g","url":"https:\/\/secure.gravatar.com\/avatar\/93713c30affe0aa95d3a4130e499bb1abee2eb31adbdd9ce2aa1543538490215?s=96&d=mm&r=g","contentUrl":"https:\/\/secure.gravatar.com\/avatar\/93713c30affe0aa95d3a4130e499bb1abee2eb31adbdd9ce2aa1543538490215?s=96&d=mm&r=g","caption":"georg.blenk@krafthand-medien.de"}}]}},"_links":{"self":[{"href":"https:\/\/www.krafthand.de\/truck\/wp-json\/wp\/v2\/posts\/28229","targetHints":{"allow":["GET"]}}],"collection":[{"href":"https:\/\/www.krafthand.de\/truck\/wp-json\/wp\/v2\/posts"}],"about":[{"href":"https:\/\/www.krafthand.de\/truck\/wp-json\/wp\/v2\/types\/post"}],"author":[{"embeddable":true,"href":"https:\/\/www.krafthand.de\/truck\/wp-json\/wp\/v2\/users\/9"}],"replies":[{"embeddable":true,"href":"https:\/\/www.krafthand.de\/truck\/wp-json\/wp\/v2\/comments?post=28229"}],"version-history":[{"count":9,"href":"https:\/\/www.krafthand.de\/truck\/wp-json\/wp\/v2\/posts\/28229\/revisions"}],"predecessor-version":[{"id":28239,"href":"https:\/\/www.krafthand.de\/truck\/wp-json\/wp\/v2\/posts\/28229\/revisions\/28239"}],"wp:featuredmedia":[{"embeddable":true,"href":"https:\/\/www.krafthand.de\/truck\/wp-json\/wp\/v2\/media\/28237"}],"wp:attachment":[{"href":"https:\/\/www.krafthand.de\/truck\/wp-json\/wp\/v2\/media?parent=28229"}],"wp:term":[{"taxonomy":"category","embeddable":true,"href":"https:\/\/www.krafthand.de\/truck\/wp-json\/wp\/v2\/categories?post=28229"},{"taxonomy":"post_tag","embeddable":true,"href":"https:\/\/www.krafthand.de\/truck\/wp-json\/wp\/v2\/tags?post=28229"},{"taxonomy":"settings","embeddable":true,"href":"https:\/\/www.krafthand.de\/truck\/wp-json\/wp\/v2\/settings?post=28229"}],"curies":[{"name":"wp","href":"https:\/\/api.w.org\/{rel}","templated":true}]}}