{"id":28153,"date":"2021-05-27T15:58:49","date_gmt":"2021-05-27T13:58:49","guid":{"rendered":"https:\/\/www.krafthand.de\/truck\/?p=28153"},"modified":"2021-05-27T16:26:03","modified_gmt":"2021-05-27T14:26:03","slug":"audio-signale-fuer-elektrische-lkw","status":"publish","type":"post","link":"https:\/\/www.krafthand.de\/truck\/artikel\/audio-signale-fuer-elektrische-lkw-28153\/","title":{"rendered":"Einfach mal reinh\u00f6ren: Audio-Signale f\u00fcr elektrische Lkw"},"content":{"rendered":"<p>Ab dem 1. Juli 2021 m\u00fcssen alle neuen Elektrofahrzeuge in der EU einen bestimmten Schallpegel abgeben, wenn sie mit einer Geschwindigkeit von weniger als 20 km\/h unterwegs sind. Der erforderliche Pegel h\u00e4ngt von der Fahrgeschwindigkeit ab und nimmt mit zunehmender Geschwindigkeit zu. Bei der Maximalgeschwindigkeit von 20 km\/h sollten es mindestens 56 Dezibel sein. In den USA gibt es \u00e4hnliche Vorschriften f\u00fcr Fahrzeuge, die 30 km\/h oder langsamer fahren. Wenn das Fahrzeug zu leise ist, muss es mit einem externen akustischen Fahrzeugwarnsystem <strong>(AVAS, Acoustic Vehicle Alerting System)<\/strong> ausgestattet werden.<\/p>\n<p>Um die neuen Vorschriften zu erf\u00fcllen und gleichzeitig die Vorteile zu wahren, die sich aus dem niedrigeren Ger\u00e4uschpegel von Elektrofahrzeugen ergeben, hat Volvo Trucks den Angaben zufolge eine Reihe spezieller Audio-Effekte f\u00fcr seine elektrischen Lkw-Modelle entwickelt.<\/p>\n<blockquote><p>\u201eWir begr\u00fc\u00dfen die neue Vorschrift ausdr\u00fccklich. Schon als Kinder haben wir gelernt, uns im Stra\u00dfenverkehr nicht nur auf das zu verlassen, was wir sehen, sondern auch auf das, was wir h\u00f6ren. Dieses Muster sitzt so tief, dass wir uns manchmal nicht einmal umschauen, bevor wir eine Stra\u00dfe \u00fcberqueren! Mit unserem neuen Warnsystem wollen wir dazu beitragen, dass unsere elektrischen Lkw garantiert von Fu\u00dfg\u00e4ngern und Radfahrern bemerkt werden\u201c, so Anna Wrige Berling, Director f\u00fcr Verkehrs- und Produktsicherheit bei Volvo Trucks.<\/p><\/blockquote>\n<figure id=\"attachment_28158\" aria-describedby=\"caption-attachment-28158\" style=\"width: 280px\" class=\"wp-caption alignright\"><a href=\"https:\/\/www.krafthand.de\/truck\/wp-content\/uploads\/2021\/05\/Volvo_Anna-Wrige-Berling_Electric-truck-sound.jpg\" target=\"_blank\" rel=\"noopener\"><img fetchpriority=\"high\" decoding=\"async\" class=\"wp-image-28158\" src=\"https:\/\/www.krafthand.de\/truck\/wp-content\/uploads\/2021\/05\/Volvo_Anna-Wrige-Berling_Electric-truck-sound-200x300.jpg\" alt=\"\" width=\"280\" height=\"420\" srcset=\"https:\/\/static.krafthand-truck.de\/uploads\/2021\/05\/Volvo_Anna-Wrige-Berling_Electric-truck-sound-200x300.jpg 200w, https:\/\/static.krafthand-truck.de\/uploads\/2021\/05\/Volvo_Anna-Wrige-Berling_Electric-truck-sound.jpg 683w\" sizes=\"(max-width: 280px) 100vw, 280px\" \/><\/a><figcaption id=\"caption-attachment-28158\" class=\"wp-caption-text\">Anna Wrige Berling, Director f\u00fcr Verkehrs- und Produktsicherheit bei Volvo Trucks<\/figcaption><\/figure>\n<h3>Von Akustikexperten entwickelt<\/h3>\n<p>Die verschiedenen T\u00f6ne sind laut Volvo das Ergebnis gr\u00fcndlicher Untersuchungen und Tests, die von den Akustikexperten der Volvo Group durchgef\u00fchrt wurden. <em>\u201eBesonders stolz sind wir darauf, hochwertige akustische Signale entwickelt zu haben, die deutlich genug sind, um Personen im Umfeld warnen zu k\u00f6nnen, aber trotzdem von Fahrer:innen und von anderen Verkehrsteilnehmer:innen als angenehm empfunden werden\u201c, so Anna Wrige Berling.<\/em> Wichtig ist der Hinweis, dass Volvo zufolge die Fahrzeuge immer noch viel leiser sein werden als ihre Pendants mit Verbrennungsmotor. <em>\u201eDie Signale sind so konzipiert, dass sie nicht durch W\u00e4nde hindurchdringen. Unsere Fahrzeuge werden sich nach wie vor f\u00fcr den ger\u00e4uscharmen n\u00e4chtlichen Lieferverkehr eignen, zu besseren Arbeitsbedingungen f\u00fcr die Fahrer:innen beitragen und die Umwelt leiser und sauberer machen\u201c<\/em>, so Anna Wrige Berling.<\/p>\n<h3><\/h3>\n<h3><\/h3>\n<h3>Vier verschiedene Warnt\u00f6ne<\/h3>\n<p>Das von Volvo entwickelte akustische Warnsystem f\u00fcr Elektrofahrzeuge beinhaltet vier verschiedene T\u00f6ne, die Personen im Umfeld des Fahrzeugs dar\u00fcber informieren, was gerade passiert: Fahrzeug f\u00e4hrt vorw\u00e4rts, steht, f\u00e4hrt r\u00fcckw\u00e4rts etc.. Die Intensit\u00e4t der akustischen Signale variiert abh\u00e4ngig von der Fahrgeschwindigkeit des Lkw. Zudem \u00e4ndert sich ihre Frequenz beim Beschleunigen und Verlangsamen.<\/p>\n<h3>So h\u00f6rt es sich in der Praxis an<\/h3>\n<div class=\"brlbs-cmpnt-container brlbs-cmpnt-content-blocker brlbs-cmpnt-with-individual-styles\" data-borlabs-cookie-content-blocker-id=\"youtube-content-blocker\" data-borlabs-cookie-content=\"PGlmcmFtZSB0aXRsZT0iVm9sdm8gVHJ1Y2tzIOKAkyBUaGUgc291bmRzIG9mIGFuIGVsZWN0cmljIHRydWNrIiB3aWR0aD0iNjY1IiBoZWlnaHQ9IjM3NCIgc3JjPSJodHRwczovL3d3dy55b3V0dWJlLW5vY29va2llLmNvbS9lbWJlZC9zbnJVYXJaUVdHST9mZWF0dXJlPW9lbWJlZCIgZnJhbWVib3JkZXI9IjAiIGFsbG93PSJhY2NlbGVyb21ldGVyOyBhdXRvcGxheTsgY2xpcGJvYXJkLXdyaXRlOyBlbmNyeXB0ZWQtbWVkaWE7IGd5cm9zY29wZTsgcGljdHVyZS1pbi1waWN0dXJlOyB3ZWItc2hhcmUiIHJlZmVycmVycG9saWN5PSJzdHJpY3Qtb3JpZ2luLXdoZW4tY3Jvc3Mtb3JpZ2luIiBhbGxvd2Z1bGxzY3JlZW4+PC9pZnJhbWU+\">\n<div class=\"brlbs-cmpnt-cb-preset-c brlbs-cmpnt-cb-youtube\">\n<div class=\"brlbs-cmpnt-cb-thumbnail\" style=\"background-image: url('https:\/\/static.krafthand-truck.de\/uploads\/borlabs-cookie\/1\/yt_snrUarZQWGI_hqdefault.jpg')\"><\/div>\n<div class=\"brlbs-cmpnt-cb-main\">\n<div class=\"brlbs-cmpnt-cb-play-button\"><\/div>\n<div class=\"brlbs-cmpnt-cb-content\">\n<p class=\"brlbs-cmpnt-cb-description\">Sie sehen gerade einen Platzhalterinhalt von <strong>YouTube<\/strong>. Um auf den eigentlichen Inhalt zuzugreifen, klicken Sie auf die Schaltfl\u00e4che unten. Bitte beachten Sie, dass dabei Daten an Drittanbieter weitergegeben werden.<\/p>\n<p> <a class=\"brlbs-cmpnt-cb-provider-toggle\" href=\"#\" data-borlabs-cookie-show-provider-information role=\"button\">Mehr Informationen<\/a> <\/div>\n<div class=\"brlbs-cmpnt-cb-buttons\"> <a class=\"brlbs-cmpnt-cb-btn\" href=\"#\" data-borlabs-cookie-unblock role=\"button\">Inhalt entsperren<\/a> <a class=\"brlbs-cmpnt-cb-btn\" href=\"#\" data-borlabs-cookie-accept-service role=\"button\" style=\"display: inherit\">Erforderlichen Service akzeptieren und Inhalte entsperren<\/a> <\/div>\n<\/p><\/div>\n<\/p><\/div>\n<\/div>\n<h3>Mehr elektrische Transporte<\/h3>\n<p>Angesichts des unl\u00e4ngst angek\u00fcndigten Verkaufsstarts der drei neuen Elektromodelle Volvo FH, Volvo FM und Volvo FMX verf\u00fcgt Volvo Trucks nun \u00fcber eine beeindruckende Palette von sechs mittelschweren und schweren Lkw mit elektrischem Antrieb. Gegenw\u00e4rtig ist dies das umfangreichste Sortiment an elektrischen Serien-Lkw in der Branche.<\/p>\n<blockquote><p>\u201eIm Stra\u00dfenverkehr kommen immer mehr elektrische Lkw zum Einsatz. Indem wir unsere Elektrofahrzeuge mit einem akustischen Warnsystem ausstatten, kombinieren wir unsere Bem\u00fchungen auf dem Weg zu null Emissionen mit unseren ehrgeizigen Zielen in Sachen Unfallvermeidung\u201c, fasst Anna Wrige Berling zusammen.<\/p><\/blockquote>\n<h3><\/h3>\n\r\n\t\t\t\t<div class=\"post-author\">\r\n\t\t\t\t\t<div class=\"khm-cp-author clearfix\">\r\n\t\t\t\t\t\t<div class=\"khm-cp-author__content\">\r\n\t\t\t\t\t\t\t\tKontakt zum Autor:<br \/>\r\n\t\t\t\t\t\t\t\t<strong>Georg Blenk<\/strong>, 08247 \/ 3007-45 |  <a href=\"mailto:georg.blenk@krafthand-medien.de\">georg.blenk@krafthand-medien.de<\/a>\r\n\t\t\t\t\t\t\t<div class=\"khm-cp-author__image\">\r\n\t\t\t\t\t\t<img src=\"https:\/\/static.krafthand-truck.de\/uploads\/2021\/01\/Blenk_6104-250x300-1-removebg-preview.png\" class=\"img-responsive\">\r\n\t\t\t\t\t<\/div>\r\n\t\t\t\t\t\t<\/div>\r\n\t\t\t\t\t<\/div>\r\n\t\t\t\t<\/div>\r\n\t\t\t\t","protected":false},"excerpt":{"rendered":"<p>Volvo pr\u00e4sentiert ein Akustiksystem mit vier verschiedenen Warnt\u00f6nen. Der Hintergrund: Ab dem 1. Juli 2021 m\u00fcssen alle neuen Elektrofahrzeuge in der EU einen bestimmten Schallpegel abgeben, wenn sie mit einer Geschwindigkeit von weniger als 20 km\/h unterwegs sind. <span class=\"excerpt-more__dots\">&#8230;<\/span> <a class=\"excerpt-more__link\" href=\"https:\/\/www.krafthand.de\/truck\/artikel\/audio-signale-fuer-elektrische-lkw-28153\/\" >weiter<\/a><\/p>\n","protected":false},"author":9,"featured_media":28155,"comment_status":"closed","ping_status":"closed","sticky":false,"template":"","format":"standard","meta":{"footnotes":""},"categories":[4224],"tags":[4513,4517,4511,4177,4512,3717,752,4515,4516,4514],"settings":[3524,3523],"class_list":["post-28153","post","type-post","status-publish","format-standard","has-post-thumbnail","hentry","category-e-antrieb","tag-akustisches-signal","tag-anna-wrige-berling","tag-bev","tag-e-lkw","tag-elektrofahrzeug","tag-etruck","tag-volvo","tag-volvo-fm","tag-volvo-fmx","tag-warnton"],"yoast_head":"<!-- This site is optimized with the Yoast SEO plugin v27.3 - https:\/\/yoast.com\/product\/yoast-seo-wordpress\/ -->\n<title>Einfach mal reinh\u00f6ren: Audio-Signale f\u00fcr elektrische Lkw - Krafthand-Truck<\/title>\n<meta name=\"robots\" content=\"index, follow, max-snippet:-1, max-image-preview:large, max-video-preview:-1\" \/>\n<link rel=\"canonical\" href=\"https:\/\/www.krafthand.de\/truck\/artikel\/audio-signale-fuer-elektrische-lkw-28153\/\" \/>\n<meta property=\"og:locale\" content=\"de_DE\" \/>\n<meta property=\"og:type\" content=\"article\" \/>\n<meta property=\"og:title\" content=\"Einfach mal reinh\u00f6ren: Audio-Signale f\u00fcr elektrische Lkw - Krafthand-Truck\" \/>\n<meta property=\"og:description\" content=\"Volvo pr\u00e4sentiert ein Akustiksystem mit vier verschiedenen Warnt\u00f6nen. Der Hintergrund: Ab dem 1. Juli 2021 m\u00fcssen alle neuen Elektrofahrzeuge in der EU einen bestimmten Schallpegel abgeben, wenn sie mit einer Geschwindigkeit von weniger als 20 km\/h unterwegs sind. ... weiter\" \/>\n<meta property=\"og:url\" content=\"https:\/\/www.krafthand-truck.de\/artikel\/audio-signale-fuer-elektrische-lkw-28153\/\" \/>\n<meta property=\"og:site_name\" content=\"Krafthand-Truck\" \/>\n<meta property=\"article:published_time\" content=\"2021-05-27T13:58:49+00:00\" \/>\n<meta property=\"article:modified_time\" content=\"2021-05-27T14:26:03+00:00\" \/>\n<meta property=\"og:image\" content=\"https:\/\/www.krafthand.de\/truck\/wp-content\/uploads\/2021\/05\/Volvo_Trucks_Akustiksystem_Warntoene.jpg\" \/>\n\t<meta property=\"og:image:width\" content=\"1200\" \/>\n\t<meta property=\"og:image:height\" content=\"723\" \/>\n\t<meta property=\"og:image:type\" content=\"image\/jpeg\" \/>\n<meta name=\"author\" content=\"georg.blenk@krafthand-medien.de\" \/>\n<meta name=\"twitter:card\" content=\"summary_large_image\" \/>\n<meta name=\"twitter:label1\" content=\"Verfasst von\" \/>\n\t<meta name=\"twitter:data1\" content=\"georg.blenk@krafthand-medien.de\" \/>\n\t<meta name=\"twitter:label2\" content=\"Gesch\u00e4tzte Lesezeit\" \/>\n\t<meta name=\"twitter:data2\" content=\"3\u00a0Minuten\" \/>\n<script type=\"application\/ld+json\" class=\"yoast-schema-graph\">{\"@context\":\"https:\\\/\\\/schema.org\",\"@graph\":[{\"@type\":\"Article\",\"@id\":\"https:\\\/\\\/www.krafthand.de\\\/truck\\\/artikel\\\/audio-signale-fuer-elektrische-lkw-28153\\\/#article\",\"isPartOf\":{\"@id\":\"https:\\\/\\\/www.krafthand.de\\\/truck\\\/artikel\\\/audio-signale-fuer-elektrische-lkw-28153\\\/\"},\"author\":{\"name\":\"georg.blenk@krafthand-medien.de\",\"@id\":\"https:\\\/\\\/www.krafthand.de\\\/truck\\\/#\\\/schema\\\/person\\\/51fa80b1c57034c4bf63f9f988fc24ce\"},\"headline\":\"Einfach mal reinh\u00f6ren: Audio-Signale f\u00fcr elektrische Lkw\",\"datePublished\":\"2021-05-27T13:58:49+00:00\",\"dateModified\":\"2021-05-27T14:26:03+00:00\",\"mainEntityOfPage\":{\"@id\":\"https:\\\/\\\/www.krafthand.de\\\/truck\\\/artikel\\\/audio-signale-fuer-elektrische-lkw-28153\\\/\"},\"wordCount\":554,\"image\":{\"@id\":\"https:\\\/\\\/www.krafthand.de\\\/truck\\\/artikel\\\/audio-signale-fuer-elektrische-lkw-28153\\\/#primaryimage\"},\"thumbnailUrl\":\"https:\\\/\\\/static.krafthand-truck.de\\\/uploads\\\/2021\\\/05\\\/Volvo_Trucks_Akustiksystem_Warntoene.jpg\",\"keywords\":[\"Akustisches Signal\",\"Anna Wrige Berling\",\"BEV\",\"E-Lkw\",\"Elektrofahrzeug\",\"eTruck\",\"Volvo\",\"Volvo FM\",\"Volvo FMX\",\"Warnton\"],\"articleSection\":[\"E-Antrieb (BEV\\\/FCEV)\"],\"inLanguage\":\"de\"},{\"@type\":\"WebPage\",\"@id\":\"https:\\\/\\\/www.krafthand.de\\\/truck\\\/artikel\\\/audio-signale-fuer-elektrische-lkw-28153\\\/\",\"url\":\"https:\\\/\\\/www.krafthand.de\\\/truck\\\/artikel\\\/audio-signale-fuer-elektrische-lkw-28153\\\/\",\"name\":\"Einfach mal reinh\u00f6ren: Audio-Signale f\u00fcr elektrische Lkw - Krafthand-Truck\",\"isPartOf\":{\"@id\":\"https:\\\/\\\/www.krafthand.de\\\/truck\\\/#website\"},\"primaryImageOfPage\":{\"@id\":\"https:\\\/\\\/www.krafthand.de\\\/truck\\\/artikel\\\/audio-signale-fuer-elektrische-lkw-28153\\\/#primaryimage\"},\"image\":{\"@id\":\"https:\\\/\\\/www.krafthand.de\\\/truck\\\/artikel\\\/audio-signale-fuer-elektrische-lkw-28153\\\/#primaryimage\"},\"thumbnailUrl\":\"https:\\\/\\\/static.krafthand-truck.de\\\/uploads\\\/2021\\\/05\\\/Volvo_Trucks_Akustiksystem_Warntoene.jpg\",\"datePublished\":\"2021-05-27T13:58:49+00:00\",\"dateModified\":\"2021-05-27T14:26:03+00:00\",\"author\":{\"@id\":\"https:\\\/\\\/www.krafthand.de\\\/truck\\\/#\\\/schema\\\/person\\\/51fa80b1c57034c4bf63f9f988fc24ce\"},\"breadcrumb\":{\"@id\":\"https:\\\/\\\/www.krafthand.de\\\/truck\\\/artikel\\\/audio-signale-fuer-elektrische-lkw-28153\\\/#breadcrumb\"},\"inLanguage\":\"de\",\"potentialAction\":[{\"@type\":\"ReadAction\",\"target\":[\"https:\\\/\\\/www.krafthand.de\\\/truck\\\/artikel\\\/audio-signale-fuer-elektrische-lkw-28153\\\/\"]}]},{\"@type\":\"ImageObject\",\"inLanguage\":\"de\",\"@id\":\"https:\\\/\\\/www.krafthand.de\\\/truck\\\/artikel\\\/audio-signale-fuer-elektrische-lkw-28153\\\/#primaryimage\",\"url\":\"https:\\\/\\\/static.krafthand-truck.de\\\/uploads\\\/2021\\\/05\\\/Volvo_Trucks_Akustiksystem_Warntoene.jpg\",\"contentUrl\":\"https:\\\/\\\/static.krafthand-truck.de\\\/uploads\\\/2021\\\/05\\\/Volvo_Trucks_Akustiksystem_Warntoene.jpg\",\"width\":1200,\"height\":723},{\"@type\":\"BreadcrumbList\",\"@id\":\"https:\\\/\\\/www.krafthand.de\\\/truck\\\/artikel\\\/audio-signale-fuer-elektrische-lkw-28153\\\/#breadcrumb\",\"itemListElement\":[{\"@type\":\"ListItem\",\"position\":1,\"name\":\"Krafthand-Truck\",\"item\":\"https:\\\/\\\/www.krafthand.de\\\/truck\\\/\"},{\"@type\":\"ListItem\",\"position\":2,\"name\":\"Nfz-Technik\",\"item\":\"https:\\\/\\\/www.krafthand.de\\\/truck\\\/kategorie\\\/nfz-technik\\\/\"},{\"@type\":\"ListItem\",\"position\":3,\"name\":\"E-Antrieb (BEV\\\/FCEV)\",\"item\":\"https:\\\/\\\/www.krafthand.de\\\/truck\\\/kategorie\\\/nfz-technik\\\/e-antrieb\\\/\"},{\"@type\":\"ListItem\",\"position\":4,\"name\":\"Einfach mal reinh\u00f6ren: Audio-Signale f\u00fcr elektrische Lkw\"}]},{\"@type\":\"WebSite\",\"@id\":\"https:\\\/\\\/www.krafthand.de\\\/truck\\\/#website\",\"url\":\"https:\\\/\\\/www.krafthand.de\\\/truck\\\/\",\"name\":\"Krafthand-Truck\",\"description\":\"\",\"potentialAction\":[{\"@type\":\"SearchAction\",\"target\":{\"@type\":\"EntryPoint\",\"urlTemplate\":\"https:\\\/\\\/www.krafthand.de\\\/truck\\\/?s={search_term_string}\"},\"query-input\":{\"@type\":\"PropertyValueSpecification\",\"valueRequired\":true,\"valueName\":\"search_term_string\"}}],\"inLanguage\":\"de\"},{\"@type\":\"Person\",\"@id\":\"https:\\\/\\\/www.krafthand.de\\\/truck\\\/#\\\/schema\\\/person\\\/51fa80b1c57034c4bf63f9f988fc24ce\",\"name\":\"georg.blenk@krafthand-medien.de\",\"image\":{\"@type\":\"ImageObject\",\"inLanguage\":\"de\",\"@id\":\"https:\\\/\\\/secure.gravatar.com\\\/avatar\\\/93713c30affe0aa95d3a4130e499bb1abee2eb31adbdd9ce2aa1543538490215?s=96&d=mm&r=g\",\"url\":\"https:\\\/\\\/secure.gravatar.com\\\/avatar\\\/93713c30affe0aa95d3a4130e499bb1abee2eb31adbdd9ce2aa1543538490215?s=96&d=mm&r=g\",\"contentUrl\":\"https:\\\/\\\/secure.gravatar.com\\\/avatar\\\/93713c30affe0aa95d3a4130e499bb1abee2eb31adbdd9ce2aa1543538490215?s=96&d=mm&r=g\",\"caption\":\"georg.blenk@krafthand-medien.de\"}}]}<\/script>\n<!-- \/ Yoast SEO plugin. -->","yoast_head_json":{"title":"Einfach mal reinh\u00f6ren: Audio-Signale f\u00fcr elektrische Lkw - Krafthand-Truck","robots":{"index":"index","follow":"follow","max-snippet":"max-snippet:-1","max-image-preview":"max-image-preview:large","max-video-preview":"max-video-preview:-1"},"canonical":"https:\/\/www.krafthand.de\/truck\/artikel\/audio-signale-fuer-elektrische-lkw-28153\/","og_locale":"de_DE","og_type":"article","og_title":"Einfach mal reinh\u00f6ren: Audio-Signale f\u00fcr elektrische Lkw - Krafthand-Truck","og_description":"Volvo pr\u00e4sentiert ein Akustiksystem mit vier verschiedenen Warnt\u00f6nen. Der Hintergrund: Ab dem 1. Juli 2021 m\u00fcssen alle neuen Elektrofahrzeuge in der EU einen bestimmten Schallpegel abgeben, wenn sie mit einer Geschwindigkeit von weniger als 20 km\/h unterwegs sind. ... weiter","og_url":"https:\/\/www.krafthand-truck.de\/artikel\/audio-signale-fuer-elektrische-lkw-28153\/","og_site_name":"Krafthand-Truck","article_published_time":"2021-05-27T13:58:49+00:00","article_modified_time":"2021-05-27T14:26:03+00:00","og_image":[{"width":1200,"height":723,"url":"https:\/\/www.krafthand.de\/truck\/wp-content\/uploads\/2021\/05\/Volvo_Trucks_Akustiksystem_Warntoene.jpg","type":"image\/jpeg"}],"author":"georg.blenk@krafthand-medien.de","twitter_card":"summary_large_image","twitter_misc":{"Verfasst von":"georg.blenk@krafthand-medien.de","Gesch\u00e4tzte Lesezeit":"3\u00a0Minuten"},"schema":{"@context":"https:\/\/schema.org","@graph":[{"@type":"Article","@id":"https:\/\/www.krafthand.de\/truck\/artikel\/audio-signale-fuer-elektrische-lkw-28153\/#article","isPartOf":{"@id":"https:\/\/www.krafthand.de\/truck\/artikel\/audio-signale-fuer-elektrische-lkw-28153\/"},"author":{"name":"georg.blenk@krafthand-medien.de","@id":"https:\/\/www.krafthand.de\/truck\/#\/schema\/person\/51fa80b1c57034c4bf63f9f988fc24ce"},"headline":"Einfach mal reinh\u00f6ren: Audio-Signale f\u00fcr elektrische Lkw","datePublished":"2021-05-27T13:58:49+00:00","dateModified":"2021-05-27T14:26:03+00:00","mainEntityOfPage":{"@id":"https:\/\/www.krafthand.de\/truck\/artikel\/audio-signale-fuer-elektrische-lkw-28153\/"},"wordCount":554,"image":{"@id":"https:\/\/www.krafthand.de\/truck\/artikel\/audio-signale-fuer-elektrische-lkw-28153\/#primaryimage"},"thumbnailUrl":"https:\/\/static.krafthand-truck.de\/uploads\/2021\/05\/Volvo_Trucks_Akustiksystem_Warntoene.jpg","keywords":["Akustisches Signal","Anna Wrige Berling","BEV","E-Lkw","Elektrofahrzeug","eTruck","Volvo","Volvo FM","Volvo FMX","Warnton"],"articleSection":["E-Antrieb (BEV\/FCEV)"],"inLanguage":"de"},{"@type":"WebPage","@id":"https:\/\/www.krafthand.de\/truck\/artikel\/audio-signale-fuer-elektrische-lkw-28153\/","url":"https:\/\/www.krafthand.de\/truck\/artikel\/audio-signale-fuer-elektrische-lkw-28153\/","name":"Einfach mal reinh\u00f6ren: Audio-Signale f\u00fcr elektrische Lkw - Krafthand-Truck","isPartOf":{"@id":"https:\/\/www.krafthand.de\/truck\/#website"},"primaryImageOfPage":{"@id":"https:\/\/www.krafthand.de\/truck\/artikel\/audio-signale-fuer-elektrische-lkw-28153\/#primaryimage"},"image":{"@id":"https:\/\/www.krafthand.de\/truck\/artikel\/audio-signale-fuer-elektrische-lkw-28153\/#primaryimage"},"thumbnailUrl":"https:\/\/static.krafthand-truck.de\/uploads\/2021\/05\/Volvo_Trucks_Akustiksystem_Warntoene.jpg","datePublished":"2021-05-27T13:58:49+00:00","dateModified":"2021-05-27T14:26:03+00:00","author":{"@id":"https:\/\/www.krafthand.de\/truck\/#\/schema\/person\/51fa80b1c57034c4bf63f9f988fc24ce"},"breadcrumb":{"@id":"https:\/\/www.krafthand.de\/truck\/artikel\/audio-signale-fuer-elektrische-lkw-28153\/#breadcrumb"},"inLanguage":"de","potentialAction":[{"@type":"ReadAction","target":["https:\/\/www.krafthand.de\/truck\/artikel\/audio-signale-fuer-elektrische-lkw-28153\/"]}]},{"@type":"ImageObject","inLanguage":"de","@id":"https:\/\/www.krafthand.de\/truck\/artikel\/audio-signale-fuer-elektrische-lkw-28153\/#primaryimage","url":"https:\/\/static.krafthand-truck.de\/uploads\/2021\/05\/Volvo_Trucks_Akustiksystem_Warntoene.jpg","contentUrl":"https:\/\/static.krafthand-truck.de\/uploads\/2021\/05\/Volvo_Trucks_Akustiksystem_Warntoene.jpg","width":1200,"height":723},{"@type":"BreadcrumbList","@id":"https:\/\/www.krafthand.de\/truck\/artikel\/audio-signale-fuer-elektrische-lkw-28153\/#breadcrumb","itemListElement":[{"@type":"ListItem","position":1,"name":"Krafthand-Truck","item":"https:\/\/www.krafthand.de\/truck\/"},{"@type":"ListItem","position":2,"name":"Nfz-Technik","item":"https:\/\/www.krafthand.de\/truck\/kategorie\/nfz-technik\/"},{"@type":"ListItem","position":3,"name":"E-Antrieb (BEV\/FCEV)","item":"https:\/\/www.krafthand.de\/truck\/kategorie\/nfz-technik\/e-antrieb\/"},{"@type":"ListItem","position":4,"name":"Einfach mal reinh\u00f6ren: Audio-Signale f\u00fcr elektrische Lkw"}]},{"@type":"WebSite","@id":"https:\/\/www.krafthand.de\/truck\/#website","url":"https:\/\/www.krafthand.de\/truck\/","name":"Krafthand-Truck","description":"","potentialAction":[{"@type":"SearchAction","target":{"@type":"EntryPoint","urlTemplate":"https:\/\/www.krafthand.de\/truck\/?s={search_term_string}"},"query-input":{"@type":"PropertyValueSpecification","valueRequired":true,"valueName":"search_term_string"}}],"inLanguage":"de"},{"@type":"Person","@id":"https:\/\/www.krafthand.de\/truck\/#\/schema\/person\/51fa80b1c57034c4bf63f9f988fc24ce","name":"georg.blenk@krafthand-medien.de","image":{"@type":"ImageObject","inLanguage":"de","@id":"https:\/\/secure.gravatar.com\/avatar\/93713c30affe0aa95d3a4130e499bb1abee2eb31adbdd9ce2aa1543538490215?s=96&d=mm&r=g","url":"https:\/\/secure.gravatar.com\/avatar\/93713c30affe0aa95d3a4130e499bb1abee2eb31adbdd9ce2aa1543538490215?s=96&d=mm&r=g","contentUrl":"https:\/\/secure.gravatar.com\/avatar\/93713c30affe0aa95d3a4130e499bb1abee2eb31adbdd9ce2aa1543538490215?s=96&d=mm&r=g","caption":"georg.blenk@krafthand-medien.de"}}]}},"_links":{"self":[{"href":"https:\/\/www.krafthand.de\/truck\/wp-json\/wp\/v2\/posts\/28153","targetHints":{"allow":["GET"]}}],"collection":[{"href":"https:\/\/www.krafthand.de\/truck\/wp-json\/wp\/v2\/posts"}],"about":[{"href":"https:\/\/www.krafthand.de\/truck\/wp-json\/wp\/v2\/types\/post"}],"author":[{"embeddable":true,"href":"https:\/\/www.krafthand.de\/truck\/wp-json\/wp\/v2\/users\/9"}],"replies":[{"embeddable":true,"href":"https:\/\/www.krafthand.de\/truck\/wp-json\/wp\/v2\/comments?post=28153"}],"version-history":[{"count":15,"href":"https:\/\/www.krafthand.de\/truck\/wp-json\/wp\/v2\/posts\/28153\/revisions"}],"predecessor-version":[{"id":28170,"href":"https:\/\/www.krafthand.de\/truck\/wp-json\/wp\/v2\/posts\/28153\/revisions\/28170"}],"wp:featuredmedia":[{"embeddable":true,"href":"https:\/\/www.krafthand.de\/truck\/wp-json\/wp\/v2\/media\/28155"}],"wp:attachment":[{"href":"https:\/\/www.krafthand.de\/truck\/wp-json\/wp\/v2\/media?parent=28153"}],"wp:term":[{"taxonomy":"category","embeddable":true,"href":"https:\/\/www.krafthand.de\/truck\/wp-json\/wp\/v2\/categories?post=28153"},{"taxonomy":"post_tag","embeddable":true,"href":"https:\/\/www.krafthand.de\/truck\/wp-json\/wp\/v2\/tags?post=28153"},{"taxonomy":"settings","embeddable":true,"href":"https:\/\/www.krafthand.de\/truck\/wp-json\/wp\/v2\/settings?post=28153"}],"curies":[{"name":"wp","href":"https:\/\/api.w.org\/{rel}","templated":true}]}}