{"id":28136,"date":"2021-05-27T09:16:05","date_gmt":"2021-05-27T07:16:05","guid":{"rendered":"https:\/\/www.krafthand.de\/truck\/?p=28136"},"modified":"2021-05-27T14:27:01","modified_gmt":"2021-05-27T12:27:01","slug":"neue-bremszylinder-plattform","status":"publish","type":"post","link":"https:\/\/www.krafthand.de\/truck\/artikel\/neue-bremszylinder-plattform-28136\/","title":{"rendered":"Neue Bremszylinder-Plattform"},"content":{"rendered":"<p>ZF bringt eine neue Bremszylinderplattform auf den Markt. F\u00fcr die Bremszylindertechnologie der vierten Generation ergeben sich laut ZF weitere Sicherheits- und Kostenvorteile f\u00fcr Hersteller von Nutzfahrzeugen. ZF hat eigenen Angaben zufolge auch bereits einen Langzeitvertrag mit einem gro\u00dfen europ\u00e4ischen OEM geschlossen und wird dessen mittelschwere und schwere Lkw sowie Busse mit der neuesten Bremszylinderreihe ausstatten.<\/p>\n<blockquote><p>\u201eUnsere neue Bremszylinderplattform bietet OEMs bedeutende Leistungs- und Effizienzvorteile, einschlie\u00dflich Kosten- und Varianteneinsparungen. Die Tatsache, dass wir unseren ersten Kundenauftrag bei einem f\u00fchrenden Hersteller gesichert haben, ist eine klare Best\u00e4tigung unseres Ansatzes\u201c, erkl\u00e4rt Nick Rens, Executive Vice President und President EMEA der ZF-Division Commercial Vehicle Control Systems.<\/p><\/blockquote>\n<figure id=\"attachment_28141\" aria-describedby=\"caption-attachment-28141\" style=\"width: 420px\" class=\"wp-caption alignleft\"><a href=\"https:\/\/www.krafthand.de\/truck\/wp-content\/uploads\/2021\/05\/ZF-Brake_System.jpg\" target=\"_blank\" rel=\"noopener\"><img fetchpriority=\"high\" decoding=\"async\" class=\"wp-image-28141\" src=\"https:\/\/www.krafthand.de\/truck\/wp-content\/uploads\/2021\/05\/ZF-Brake_System-300x212.jpg\" alt=\"\" width=\"420\" height=\"297\" srcset=\"https:\/\/static.krafthand-truck.de\/uploads\/2021\/05\/ZF-Brake_System-300x212.jpg 300w, https:\/\/static.krafthand-truck.de\/uploads\/2021\/05\/ZF-Brake_System-1024x724.jpg 1024w, https:\/\/static.krafthand-truck.de\/uploads\/2021\/05\/ZF-Brake_System-768x543.jpg 768w, https:\/\/static.krafthand-truck.de\/uploads\/2021\/05\/ZF-Brake_System.jpg 1200w\" sizes=\"(max-width: 420px) 100vw, 420px\" \/><\/a><figcaption id=\"caption-attachment-28141\" class=\"wp-caption-text\">Gesamtsystem Bremse, inklusive neuem ZF- Bremszylinder. Bild: ZF<\/figcaption><\/figure>\n<p>Die ZF-Bremszylinderreihe unterst\u00fctzt alle Lkw-, Bus- und Anh\u00e4ngertypen. Die \u00dcberarbeitung baut auf der Bremszylindertechnologie der Unternehmenstochter <a href=\"https:\/\/www.wabco-auto.com\/de-DE\/home\" target=\"_blank\" rel=\"noopener\">Wabco<\/a> auf und setzt den Fokus auf Design-to-Cost*. Kosteneinsparungen k\u00f6nnen OEMs laut <a href=\"https:\/\/www.zf.com\/products\/de\/trucks\/home\/trucks.html\" target=\"_blank\" rel=\"noopener\">ZF<\/a> dadurch erzielen, dass die Plattform Skaleneffekte durch Standardisierung erm\u00f6glicht. Dazu z\u00e4hlt eine Variantenreduzierung um bis zu 27 Prozent, eine Teileersparnis von bis zu 23 Prozent sowie die damit verbundene Einsparung von Wartungskosten. Durch verringerte Bauteilgr\u00f6\u00dfen und -gewichte beanspruchen die Bremszylinder weniger Bauraum und gew\u00e4hrleisten so mehr Montageflexibilit\u00e4t. Qualit\u00e4t und Robustheit der Technologie erh\u00f6hen die Zuverl\u00e4ssigkeit und minimieren Fahrzeugausfallzeiten, was wiederum Kosteneffizienz maximiert.<\/p>\n<div class=\"infobox box-grey\"><\/p>\n<p><strong>*Design to Cost<\/strong><\/p>\n<p>Der Begriff &#8218;Design to Cost&#8216; beschreibt in der Produktentwicklung ein Verfahren, bei dem bereits in einer sehr fr\u00fchen Entwicklungsphase eine kosteng\u00fcnstige und skalierbare L\u00f6sung\u00a0 bei gr\u00f6\u00dftm\u00f6glichem Nutzen angestrebt wird. Dabei werden nicht nur die Herstellungskosten ber\u00fccksichtigt sondern auch die Folgekosten (Vertrieb, Wartung, Service, etc. ).<\/p>\n<p><\/div>\n","protected":false},"excerpt":{"rendered":"<p>ZF hat eine neue Bremszylinder-Generation angek\u00fcndigt. F\u00fcr die Bremszylinder-Technologie der vierten Generation ergeben sich laut ZF weitere Sicherheits- und Kostenvorteile f\u00fcr Hersteller von Nutzfahrzeugen. <span class=\"excerpt-more__dots\">&#8230;<\/span> <a class=\"excerpt-more__link\" href=\"https:\/\/www.krafthand.de\/truck\/artikel\/neue-bremszylinder-plattform-28136\/\" >weiter<\/a><\/p>\n","protected":false},"author":9,"featured_media":28140,"comment_status":"closed","ping_status":"closed","sticky":false,"template":"","format":"standard","meta":{"footnotes":""},"categories":[4229,4227],"tags":[227,3874,2634,4510,4509,120,187],"settings":[3523],"class_list":["post-28136","post","type-post","status-publish","format-standard","has-post-thumbnail","hentry","category-nfz-teile-systeme","category-rad-reifen-bremse","tag-bremse","tag-bremssattel","tag-bremszylinder","tag-design-to-cost","tag-nick-rens","tag-wabco","tag-zf"],"yoast_head":"<!-- This site is optimized with the Yoast SEO plugin v27.3 - https:\/\/yoast.com\/product\/yoast-seo-wordpress\/ -->\n<title>Neue Bremszylinder-Plattform - Krafthand-Truck<\/title>\n<meta name=\"robots\" content=\"index, follow, max-snippet:-1, max-image-preview:large, max-video-preview:-1\" \/>\n<link rel=\"canonical\" href=\"https:\/\/www.krafthand.de\/truck\/artikel\/neue-bremszylinder-plattform-28136\/\" \/>\n<meta property=\"og:locale\" content=\"de_DE\" \/>\n<meta property=\"og:type\" content=\"article\" \/>\n<meta property=\"og:title\" content=\"Neue Bremszylinder-Plattform - Krafthand-Truck\" \/>\n<meta property=\"og:description\" content=\"ZF hat eine neue Bremszylinder-Generation angek\u00fcndigt. F\u00fcr die Bremszylinder-Technologie der vierten Generation ergeben sich laut ZF weitere Sicherheits- und Kostenvorteile f\u00fcr Hersteller von Nutzfahrzeugen. ... weiter\" \/>\n<meta property=\"og:url\" content=\"https:\/\/www.krafthand-truck.de\/artikel\/neue-bremszylinder-plattform-28136\/\" \/>\n<meta property=\"og:site_name\" content=\"Krafthand-Truck\" \/>\n<meta property=\"article:published_time\" content=\"2021-05-27T07:16:05+00:00\" \/>\n<meta property=\"article:modified_time\" content=\"2021-05-27T12:27:01+00:00\" \/>\n<meta property=\"og:image\" content=\"https:\/\/www.krafthand.de\/truck\/wp-content\/uploads\/2021\/05\/ZF-Brake-Actuator_01.jpg\" \/>\n\t<meta property=\"og:image:width\" content=\"1200\" \/>\n\t<meta property=\"og:image:height\" content=\"848\" \/>\n\t<meta property=\"og:image:type\" content=\"image\/jpeg\" \/>\n<meta name=\"author\" content=\"georg.blenk@krafthand-medien.de\" \/>\n<meta name=\"twitter:card\" content=\"summary_large_image\" \/>\n<meta name=\"twitter:label1\" content=\"Verfasst von\" \/>\n\t<meta name=\"twitter:data1\" content=\"georg.blenk@krafthand-medien.de\" \/>\n\t<meta name=\"twitter:label2\" content=\"Gesch\u00e4tzte Lesezeit\" \/>\n\t<meta name=\"twitter:data2\" content=\"2\u00a0Minuten\" \/>\n<script type=\"application\/ld+json\" class=\"yoast-schema-graph\">{\"@context\":\"https:\\\/\\\/schema.org\",\"@graph\":[{\"@type\":\"Article\",\"@id\":\"https:\\\/\\\/www.krafthand.de\\\/truck\\\/artikel\\\/neue-bremszylinder-plattform-28136\\\/#article\",\"isPartOf\":{\"@id\":\"https:\\\/\\\/www.krafthand.de\\\/truck\\\/artikel\\\/neue-bremszylinder-plattform-28136\\\/\"},\"author\":{\"name\":\"georg.blenk@krafthand-medien.de\",\"@id\":\"https:\\\/\\\/www.krafthand.de\\\/truck\\\/#\\\/schema\\\/person\\\/51fa80b1c57034c4bf63f9f988fc24ce\"},\"headline\":\"Neue Bremszylinder-Plattform\",\"datePublished\":\"2021-05-27T07:16:05+00:00\",\"dateModified\":\"2021-05-27T12:27:01+00:00\",\"mainEntityOfPage\":{\"@id\":\"https:\\\/\\\/www.krafthand.de\\\/truck\\\/artikel\\\/neue-bremszylinder-plattform-28136\\\/\"},\"wordCount\":282,\"image\":{\"@id\":\"https:\\\/\\\/www.krafthand.de\\\/truck\\\/artikel\\\/neue-bremszylinder-plattform-28136\\\/#primaryimage\"},\"thumbnailUrl\":\"https:\\\/\\\/static.krafthand-truck.de\\\/uploads\\\/2021\\\/05\\\/ZF-Brake-Actuator_01.jpg\",\"keywords\":[\"Bremse\",\"Bremssattel\",\"Bremszylinder\",\"Design to Cost\",\"Nick Rens\",\"Wabco\",\"ZF\"],\"articleSection\":[\"Nfz-Teile\\\/Systeme\",\"Rad\\\/Reifen\\\/Bremse\"],\"inLanguage\":\"de\"},{\"@type\":\"WebPage\",\"@id\":\"https:\\\/\\\/www.krafthand.de\\\/truck\\\/artikel\\\/neue-bremszylinder-plattform-28136\\\/\",\"url\":\"https:\\\/\\\/www.krafthand.de\\\/truck\\\/artikel\\\/neue-bremszylinder-plattform-28136\\\/\",\"name\":\"Neue Bremszylinder-Plattform - Krafthand-Truck\",\"isPartOf\":{\"@id\":\"https:\\\/\\\/www.krafthand.de\\\/truck\\\/#website\"},\"primaryImageOfPage\":{\"@id\":\"https:\\\/\\\/www.krafthand.de\\\/truck\\\/artikel\\\/neue-bremszylinder-plattform-28136\\\/#primaryimage\"},\"image\":{\"@id\":\"https:\\\/\\\/www.krafthand.de\\\/truck\\\/artikel\\\/neue-bremszylinder-plattform-28136\\\/#primaryimage\"},\"thumbnailUrl\":\"https:\\\/\\\/static.krafthand-truck.de\\\/uploads\\\/2021\\\/05\\\/ZF-Brake-Actuator_01.jpg\",\"datePublished\":\"2021-05-27T07:16:05+00:00\",\"dateModified\":\"2021-05-27T12:27:01+00:00\",\"author\":{\"@id\":\"https:\\\/\\\/www.krafthand.de\\\/truck\\\/#\\\/schema\\\/person\\\/51fa80b1c57034c4bf63f9f988fc24ce\"},\"breadcrumb\":{\"@id\":\"https:\\\/\\\/www.krafthand.de\\\/truck\\\/artikel\\\/neue-bremszylinder-plattform-28136\\\/#breadcrumb\"},\"inLanguage\":\"de\",\"potentialAction\":[{\"@type\":\"ReadAction\",\"target\":[\"https:\\\/\\\/www.krafthand.de\\\/truck\\\/artikel\\\/neue-bremszylinder-plattform-28136\\\/\"]}]},{\"@type\":\"ImageObject\",\"inLanguage\":\"de\",\"@id\":\"https:\\\/\\\/www.krafthand.de\\\/truck\\\/artikel\\\/neue-bremszylinder-plattform-28136\\\/#primaryimage\",\"url\":\"https:\\\/\\\/static.krafthand-truck.de\\\/uploads\\\/2021\\\/05\\\/ZF-Brake-Actuator_01.jpg\",\"contentUrl\":\"https:\\\/\\\/static.krafthand-truck.de\\\/uploads\\\/2021\\\/05\\\/ZF-Brake-Actuator_01.jpg\",\"width\":1200,\"height\":848},{\"@type\":\"BreadcrumbList\",\"@id\":\"https:\\\/\\\/www.krafthand.de\\\/truck\\\/artikel\\\/neue-bremszylinder-plattform-28136\\\/#breadcrumb\",\"itemListElement\":[{\"@type\":\"ListItem\",\"position\":1,\"name\":\"Krafthand-Truck\",\"item\":\"https:\\\/\\\/www.krafthand.de\\\/truck\\\/\"},{\"@type\":\"ListItem\",\"position\":2,\"name\":\"Nfz-Technik\",\"item\":\"https:\\\/\\\/www.krafthand.de\\\/truck\\\/kategorie\\\/nfz-technik\\\/\"},{\"@type\":\"ListItem\",\"position\":3,\"name\":\"Rad\\\/Reifen\\\/Bremse\",\"item\":\"https:\\\/\\\/www.krafthand.de\\\/truck\\\/kategorie\\\/nfz-technik\\\/rad-reifen-bremse\\\/\"},{\"@type\":\"ListItem\",\"position\":4,\"name\":\"Neue Bremszylinder-Plattform\"}]},{\"@type\":\"WebSite\",\"@id\":\"https:\\\/\\\/www.krafthand.de\\\/truck\\\/#website\",\"url\":\"https:\\\/\\\/www.krafthand.de\\\/truck\\\/\",\"name\":\"Krafthand-Truck\",\"description\":\"\",\"potentialAction\":[{\"@type\":\"SearchAction\",\"target\":{\"@type\":\"EntryPoint\",\"urlTemplate\":\"https:\\\/\\\/www.krafthand.de\\\/truck\\\/?s={search_term_string}\"},\"query-input\":{\"@type\":\"PropertyValueSpecification\",\"valueRequired\":true,\"valueName\":\"search_term_string\"}}],\"inLanguage\":\"de\"},{\"@type\":\"Person\",\"@id\":\"https:\\\/\\\/www.krafthand.de\\\/truck\\\/#\\\/schema\\\/person\\\/51fa80b1c57034c4bf63f9f988fc24ce\",\"name\":\"georg.blenk@krafthand-medien.de\",\"image\":{\"@type\":\"ImageObject\",\"inLanguage\":\"de\",\"@id\":\"https:\\\/\\\/secure.gravatar.com\\\/avatar\\\/93713c30affe0aa95d3a4130e499bb1abee2eb31adbdd9ce2aa1543538490215?s=96&d=mm&r=g\",\"url\":\"https:\\\/\\\/secure.gravatar.com\\\/avatar\\\/93713c30affe0aa95d3a4130e499bb1abee2eb31adbdd9ce2aa1543538490215?s=96&d=mm&r=g\",\"contentUrl\":\"https:\\\/\\\/secure.gravatar.com\\\/avatar\\\/93713c30affe0aa95d3a4130e499bb1abee2eb31adbdd9ce2aa1543538490215?s=96&d=mm&r=g\",\"caption\":\"georg.blenk@krafthand-medien.de\"}}]}<\/script>\n<!-- \/ Yoast SEO plugin. -->","yoast_head_json":{"title":"Neue Bremszylinder-Plattform - Krafthand-Truck","robots":{"index":"index","follow":"follow","max-snippet":"max-snippet:-1","max-image-preview":"max-image-preview:large","max-video-preview":"max-video-preview:-1"},"canonical":"https:\/\/www.krafthand.de\/truck\/artikel\/neue-bremszylinder-plattform-28136\/","og_locale":"de_DE","og_type":"article","og_title":"Neue Bremszylinder-Plattform - Krafthand-Truck","og_description":"ZF hat eine neue Bremszylinder-Generation angek\u00fcndigt. F\u00fcr die Bremszylinder-Technologie der vierten Generation ergeben sich laut ZF weitere Sicherheits- und Kostenvorteile f\u00fcr Hersteller von Nutzfahrzeugen. ... weiter","og_url":"https:\/\/www.krafthand-truck.de\/artikel\/neue-bremszylinder-plattform-28136\/","og_site_name":"Krafthand-Truck","article_published_time":"2021-05-27T07:16:05+00:00","article_modified_time":"2021-05-27T12:27:01+00:00","og_image":[{"width":1200,"height":848,"url":"https:\/\/www.krafthand.de\/truck\/wp-content\/uploads\/2021\/05\/ZF-Brake-Actuator_01.jpg","type":"image\/jpeg"}],"author":"georg.blenk@krafthand-medien.de","twitter_card":"summary_large_image","twitter_misc":{"Verfasst von":"georg.blenk@krafthand-medien.de","Gesch\u00e4tzte Lesezeit":"2\u00a0Minuten"},"schema":{"@context":"https:\/\/schema.org","@graph":[{"@type":"Article","@id":"https:\/\/www.krafthand.de\/truck\/artikel\/neue-bremszylinder-plattform-28136\/#article","isPartOf":{"@id":"https:\/\/www.krafthand.de\/truck\/artikel\/neue-bremszylinder-plattform-28136\/"},"author":{"name":"georg.blenk@krafthand-medien.de","@id":"https:\/\/www.krafthand.de\/truck\/#\/schema\/person\/51fa80b1c57034c4bf63f9f988fc24ce"},"headline":"Neue Bremszylinder-Plattform","datePublished":"2021-05-27T07:16:05+00:00","dateModified":"2021-05-27T12:27:01+00:00","mainEntityOfPage":{"@id":"https:\/\/www.krafthand.de\/truck\/artikel\/neue-bremszylinder-plattform-28136\/"},"wordCount":282,"image":{"@id":"https:\/\/www.krafthand.de\/truck\/artikel\/neue-bremszylinder-plattform-28136\/#primaryimage"},"thumbnailUrl":"https:\/\/static.krafthand-truck.de\/uploads\/2021\/05\/ZF-Brake-Actuator_01.jpg","keywords":["Bremse","Bremssattel","Bremszylinder","Design to Cost","Nick Rens","Wabco","ZF"],"articleSection":["Nfz-Teile\/Systeme","Rad\/Reifen\/Bremse"],"inLanguage":"de"},{"@type":"WebPage","@id":"https:\/\/www.krafthand.de\/truck\/artikel\/neue-bremszylinder-plattform-28136\/","url":"https:\/\/www.krafthand.de\/truck\/artikel\/neue-bremszylinder-plattform-28136\/","name":"Neue Bremszylinder-Plattform - Krafthand-Truck","isPartOf":{"@id":"https:\/\/www.krafthand.de\/truck\/#website"},"primaryImageOfPage":{"@id":"https:\/\/www.krafthand.de\/truck\/artikel\/neue-bremszylinder-plattform-28136\/#primaryimage"},"image":{"@id":"https:\/\/www.krafthand.de\/truck\/artikel\/neue-bremszylinder-plattform-28136\/#primaryimage"},"thumbnailUrl":"https:\/\/static.krafthand-truck.de\/uploads\/2021\/05\/ZF-Brake-Actuator_01.jpg","datePublished":"2021-05-27T07:16:05+00:00","dateModified":"2021-05-27T12:27:01+00:00","author":{"@id":"https:\/\/www.krafthand.de\/truck\/#\/schema\/person\/51fa80b1c57034c4bf63f9f988fc24ce"},"breadcrumb":{"@id":"https:\/\/www.krafthand.de\/truck\/artikel\/neue-bremszylinder-plattform-28136\/#breadcrumb"},"inLanguage":"de","potentialAction":[{"@type":"ReadAction","target":["https:\/\/www.krafthand.de\/truck\/artikel\/neue-bremszylinder-plattform-28136\/"]}]},{"@type":"ImageObject","inLanguage":"de","@id":"https:\/\/www.krafthand.de\/truck\/artikel\/neue-bremszylinder-plattform-28136\/#primaryimage","url":"https:\/\/static.krafthand-truck.de\/uploads\/2021\/05\/ZF-Brake-Actuator_01.jpg","contentUrl":"https:\/\/static.krafthand-truck.de\/uploads\/2021\/05\/ZF-Brake-Actuator_01.jpg","width":1200,"height":848},{"@type":"BreadcrumbList","@id":"https:\/\/www.krafthand.de\/truck\/artikel\/neue-bremszylinder-plattform-28136\/#breadcrumb","itemListElement":[{"@type":"ListItem","position":1,"name":"Krafthand-Truck","item":"https:\/\/www.krafthand.de\/truck\/"},{"@type":"ListItem","position":2,"name":"Nfz-Technik","item":"https:\/\/www.krafthand.de\/truck\/kategorie\/nfz-technik\/"},{"@type":"ListItem","position":3,"name":"Rad\/Reifen\/Bremse","item":"https:\/\/www.krafthand.de\/truck\/kategorie\/nfz-technik\/rad-reifen-bremse\/"},{"@type":"ListItem","position":4,"name":"Neue Bremszylinder-Plattform"}]},{"@type":"WebSite","@id":"https:\/\/www.krafthand.de\/truck\/#website","url":"https:\/\/www.krafthand.de\/truck\/","name":"Krafthand-Truck","description":"","potentialAction":[{"@type":"SearchAction","target":{"@type":"EntryPoint","urlTemplate":"https:\/\/www.krafthand.de\/truck\/?s={search_term_string}"},"query-input":{"@type":"PropertyValueSpecification","valueRequired":true,"valueName":"search_term_string"}}],"inLanguage":"de"},{"@type":"Person","@id":"https:\/\/www.krafthand.de\/truck\/#\/schema\/person\/51fa80b1c57034c4bf63f9f988fc24ce","name":"georg.blenk@krafthand-medien.de","image":{"@type":"ImageObject","inLanguage":"de","@id":"https:\/\/secure.gravatar.com\/avatar\/93713c30affe0aa95d3a4130e499bb1abee2eb31adbdd9ce2aa1543538490215?s=96&d=mm&r=g","url":"https:\/\/secure.gravatar.com\/avatar\/93713c30affe0aa95d3a4130e499bb1abee2eb31adbdd9ce2aa1543538490215?s=96&d=mm&r=g","contentUrl":"https:\/\/secure.gravatar.com\/avatar\/93713c30affe0aa95d3a4130e499bb1abee2eb31adbdd9ce2aa1543538490215?s=96&d=mm&r=g","caption":"georg.blenk@krafthand-medien.de"}}]}},"_links":{"self":[{"href":"https:\/\/www.krafthand.de\/truck\/wp-json\/wp\/v2\/posts\/28136","targetHints":{"allow":["GET"]}}],"collection":[{"href":"https:\/\/www.krafthand.de\/truck\/wp-json\/wp\/v2\/posts"}],"about":[{"href":"https:\/\/www.krafthand.de\/truck\/wp-json\/wp\/v2\/types\/post"}],"author":[{"embeddable":true,"href":"https:\/\/www.krafthand.de\/truck\/wp-json\/wp\/v2\/users\/9"}],"replies":[{"embeddable":true,"href":"https:\/\/www.krafthand.de\/truck\/wp-json\/wp\/v2\/comments?post=28136"}],"version-history":[{"count":10,"href":"https:\/\/www.krafthand.de\/truck\/wp-json\/wp\/v2\/posts\/28136\/revisions"}],"predecessor-version":[{"id":28152,"href":"https:\/\/www.krafthand.de\/truck\/wp-json\/wp\/v2\/posts\/28136\/revisions\/28152"}],"wp:featuredmedia":[{"embeddable":true,"href":"https:\/\/www.krafthand.de\/truck\/wp-json\/wp\/v2\/media\/28140"}],"wp:attachment":[{"href":"https:\/\/www.krafthand.de\/truck\/wp-json\/wp\/v2\/media?parent=28136"}],"wp:term":[{"taxonomy":"category","embeddable":true,"href":"https:\/\/www.krafthand.de\/truck\/wp-json\/wp\/v2\/categories?post=28136"},{"taxonomy":"post_tag","embeddable":true,"href":"https:\/\/www.krafthand.de\/truck\/wp-json\/wp\/v2\/tags?post=28136"},{"taxonomy":"settings","embeddable":true,"href":"https:\/\/www.krafthand.de\/truck\/wp-json\/wp\/v2\/settings?post=28136"}],"curies":[{"name":"wp","href":"https:\/\/api.w.org\/{rel}","templated":true}]}}