{"id":28001,"date":"2021-05-18T10:37:43","date_gmt":"2021-05-18T08:37:43","guid":{"rendered":"https:\/\/www.krafthand.de\/truck\/?p=28001"},"modified":"2021-06-30T18:47:00","modified_gmt":"2021-06-30T16:47:00","slug":"40-jaehriges-jubilaeum","status":"publish","type":"post","link":"https:\/\/www.krafthand.de\/truck\/artikel\/40-jaehriges-jubilaeum-28001\/","title":{"rendered":"40-j\u00e4hriges Jubil\u00e4um"},"content":{"rendered":"<p>Am 14.04.1981 ist die Josam Richttechnik GmbH in das Handelsregister beim Amtsgericht Hamburg eingetragen worden. Zu den drei Gesellschaftern<br \/>\nz\u00e4hlten damals Manfred K\u00fchling, Rolf K\u00fchling sowie der Gr\u00fcnder des schwedischen Mutterkonzerns &#8218;Josam&#8216; Jonas Samuelsson. Noch heute ist das<br \/>\nUnternehmen familiengef\u00fchrt, neben Rainer Sch\u00fctt ist Bernd K\u00fchling seit 2001 Gesch\u00e4ftsf\u00fchrer der Gesellschaft.<\/p>\n<p>Der Mutterkonzern Josam in Schweden entwickelte bereits 1972 das erste\u00a0 Rahmenrichtger\u00e4t. Mit den Anlagen stellte das Richten von Sch\u00e4den an Fahrzeugrahmen und Karosserien kein Problem mehr dar. Anstatt Komponenten zu ersetzen, wird ein Schaden professionell behoben. Dies hat einen erheblichen wirtschaftlichen Vorteil f\u00fcr alle Beteiligten.<\/p>\n<figure id=\"attachment_28005\" aria-describedby=\"caption-attachment-28005\" style=\"width: 300px\" class=\"wp-caption alignleft\"><img fetchpriority=\"high\" decoding=\"async\" class=\"wp-image-28005 size-medium\" src=\"https:\/\/www.krafthand.de\/truck\/wp-content\/uploads\/2021\/05\/Josam_Rolf_Kuehling_Jonas_Samuelsson-300x180.jpg\" alt=\"\" width=\"300\" height=\"180\" srcset=\"https:\/\/static.krafthand-truck.de\/uploads\/2021\/05\/Josam_Rolf_Kuehling_Jonas_Samuelsson-300x180.jpg 300w, https:\/\/static.krafthand-truck.de\/uploads\/2021\/05\/Josam_Rolf_Kuehling_Jonas_Samuelsson.jpg 439w\" sizes=\"(max-width: 300px) 100vw, 300px\" \/><figcaption id=\"caption-attachment-28005\" class=\"wp-caption-text\">Rolf K\u00fchling (l.) und Jonas Samuelsson.<\/figcaption><\/figure>\n<p>Nur zwei Jahre sp\u00e4ter, im Jahre 1974, brachte Josam das erste Achsvermessungssystem auf den Markt und entwickelt seine Produkte seither immer weiter, um das Maximum an Geschwindigkeit, Pr\u00e4zision und Benutzerfreundlichkeit zu erreichen. Zudem hat sich das Spektrum\u00a0 \u00fcber die Jahre erweitert, den Fokus dabei auf Qualit\u00e4t aber nie verloren.<\/p>\n<p>&nbsp;<\/p>\n<p>&nbsp;<\/p>\n<figure id=\"attachment_27083\" aria-describedby=\"caption-attachment-27083\" style=\"width: 300px\" class=\"wp-caption alignright\"><a href=\"https:\/\/www.krafthand.de\/truck\/wp-content\/uploads\/2021\/03\/JOSAM-Cab-bench.jpg\" target=\"_blank\" rel=\"noopener\"><img decoding=\"async\" class=\"wp-image-27083 size-medium\" src=\"https:\/\/www.krafthand.de\/truck\/wp-content\/uploads\/2021\/03\/JOSAM-Cab-bench-300x200.jpg\" alt=\"\" width=\"300\" height=\"200\" srcset=\"https:\/\/static.krafthand-truck.de\/uploads\/2021\/03\/JOSAM-Cab-bench-300x200.jpg 300w, https:\/\/static.krafthand-truck.de\/uploads\/2021\/03\/JOSAM-Cab-bench-1024x684.jpg 1024w, https:\/\/static.krafthand-truck.de\/uploads\/2021\/03\/JOSAM-Cab-bench-768x513.jpg 768w, https:\/\/static.krafthand-truck.de\/uploads\/2021\/03\/JOSAM-Cab-bench.jpg 1200w\" sizes=\"(max-width: 300px) 100vw, 300px\" \/><\/a><figcaption id=\"caption-attachment-27083\" class=\"wp-caption-text\">Cab-Bench von Josam Richttechnik.<\/figcaption><\/figure>\n<h4><\/h4>\n<h4>Mehr als nur Richten<\/h4>\n<p>Die Josam Richttechnik GmbH gilt seitdem nicht nur als Spezialist f\u00fcr Achsmess- und Rahmenrichtanlagen, sondern auch f\u00fcr Induktionserhitzer und weitere hochwertige Werkstattausr\u00fcstung. Die Josam-Produkte werden weltweit von Markenbetrieben, freien Werkst\u00e4tten, Flottenbesitzern und Reifenwerkst\u00e4tten eingesetzt.<\/p>\n<p>Mehr zu den aktuellen Produkten der Josam Richttechnik GmbH erfahren Sie <a href=\"https:\/\/nfz-werkstattausruestung.de\/\" target=\"_blank\" rel=\"noopener\">hier<\/a>.<\/p>\n","protected":false},"excerpt":{"rendered":"<p>Die Josam Richttechnik GmbH feiert ihr 40-j\u00e4hriges Firmenjubil\u00e4um. 1981 ist das Unternehmen, das sich mit seinen Produkten auf das Richten von Fahrzeugrahmen und Karosserien spezialisiert hat, in das Handelsregister in Hamburg eingetragen worden. <span class=\"excerpt-more__dots\">&#8230;<\/span> <a class=\"excerpt-more__link\" href=\"https:\/\/www.krafthand.de\/truck\/artikel\/40-jaehriges-jubilaeum-28001\/\" >weiter<\/a><\/p>\n","protected":false},"author":9,"featured_media":28014,"comment_status":"closed","ping_status":"closed","sticky":false,"template":"","format":"standard","meta":{"footnotes":""},"categories":[4238,4235],"tags":[2537,2068,4292,4486,4485,3804],"settings":[],"class_list":["post-28001","post","type-post","status-publish","format-standard","has-post-thumbnail","hentry","category-koepfe","category-unternehmen","tag-josam","tag-jubilaeum","tag-karosserie","tag-rahmen","tag-richtbank","tag-richttechnik"],"yoast_head":"<!-- This site is optimized with the Yoast SEO plugin v27.3 - https:\/\/yoast.com\/product\/yoast-seo-wordpress\/ -->\n<title>40-j\u00e4hriges Jubil\u00e4um - Krafthand-Truck<\/title>\n<meta name=\"robots\" content=\"index, follow, max-snippet:-1, max-image-preview:large, max-video-preview:-1\" \/>\n<link rel=\"canonical\" href=\"https:\/\/www.krafthand.de\/truck\/artikel\/40-jaehriges-jubilaeum-28001\/\" \/>\n<meta property=\"og:locale\" content=\"de_DE\" \/>\n<meta property=\"og:type\" content=\"article\" \/>\n<meta property=\"og:title\" content=\"40-j\u00e4hriges Jubil\u00e4um - Krafthand-Truck\" \/>\n<meta property=\"og:description\" content=\"Die Josam Richttechnik GmbH feiert ihr 40-j\u00e4hriges Firmenjubil\u00e4um. 1981 ist das Unternehmen, das sich mit seinen Produkten auf das Richten von Fahrzeugrahmen und Karosserien spezialisiert hat, in das Handelsregister in Hamburg eingetragen worden. ... weiter\" \/>\n<meta property=\"og:url\" content=\"https:\/\/www.krafthand-truck.de\/artikel\/40-jaehriges-jubilaeum-28001\/\" \/>\n<meta property=\"og:site_name\" content=\"Krafthand-Truck\" \/>\n<meta property=\"article:published_time\" content=\"2021-05-18T08:37:43+00:00\" \/>\n<meta property=\"article:modified_time\" content=\"2021-06-30T16:47:00+00:00\" \/>\n<meta property=\"og:image\" content=\"https:\/\/www.krafthand.de\/truck\/wp-content\/uploads\/2021\/05\/Logo-JOSAM-Richttechnik-GmbH_web-1.jpg\" \/>\n\t<meta property=\"og:image:width\" content=\"1000\" \/>\n\t<meta property=\"og:image:height\" content=\"785\" \/>\n\t<meta property=\"og:image:type\" content=\"image\/jpeg\" \/>\n<meta name=\"author\" content=\"georg.blenk@krafthand-medien.de\" \/>\n<meta name=\"twitter:card\" content=\"summary_large_image\" \/>\n<meta name=\"twitter:label1\" content=\"Verfasst von\" \/>\n\t<meta name=\"twitter:data1\" content=\"georg.blenk@krafthand-medien.de\" \/>\n\t<meta name=\"twitter:label2\" content=\"Gesch\u00e4tzte Lesezeit\" \/>\n\t<meta name=\"twitter:data2\" content=\"2\u00a0Minuten\" \/>\n<script type=\"application\/ld+json\" class=\"yoast-schema-graph\">{\"@context\":\"https:\\\/\\\/schema.org\",\"@graph\":[{\"@type\":\"Article\",\"@id\":\"https:\\\/\\\/www.krafthand.de\\\/truck\\\/artikel\\\/40-jaehriges-jubilaeum-28001\\\/#article\",\"isPartOf\":{\"@id\":\"https:\\\/\\\/www.krafthand.de\\\/truck\\\/artikel\\\/40-jaehriges-jubilaeum-28001\\\/\"},\"author\":{\"name\":\"georg.blenk@krafthand-medien.de\",\"@id\":\"https:\\\/\\\/www.krafthand.de\\\/truck\\\/#\\\/schema\\\/person\\\/51fa80b1c57034c4bf63f9f988fc24ce\"},\"headline\":\"40-j\u00e4hriges Jubil\u00e4um\",\"datePublished\":\"2021-05-18T08:37:43+00:00\",\"dateModified\":\"2021-06-30T16:47:00+00:00\",\"mainEntityOfPage\":{\"@id\":\"https:\\\/\\\/www.krafthand.de\\\/truck\\\/artikel\\\/40-jaehriges-jubilaeum-28001\\\/\"},\"wordCount\":242,\"image\":{\"@id\":\"https:\\\/\\\/www.krafthand.de\\\/truck\\\/artikel\\\/40-jaehriges-jubilaeum-28001\\\/#primaryimage\"},\"thumbnailUrl\":\"https:\\\/\\\/static.krafthand-truck.de\\\/uploads\\\/2021\\\/05\\\/Logo-JOSAM-Richttechnik-GmbH_web-1.jpg\",\"keywords\":[\"Josam\",\"Jubil\u00e4um\",\"Karosserie\",\"Rahmen\",\"Richtbank\",\"Richttechnik\"],\"articleSection\":[\"K\u00f6pfe\\\/Personen\",\"Unternehmen\"],\"inLanguage\":\"de\"},{\"@type\":\"WebPage\",\"@id\":\"https:\\\/\\\/www.krafthand.de\\\/truck\\\/artikel\\\/40-jaehriges-jubilaeum-28001\\\/\",\"url\":\"https:\\\/\\\/www.krafthand.de\\\/truck\\\/artikel\\\/40-jaehriges-jubilaeum-28001\\\/\",\"name\":\"40-j\u00e4hriges Jubil\u00e4um - Krafthand-Truck\",\"isPartOf\":{\"@id\":\"https:\\\/\\\/www.krafthand.de\\\/truck\\\/#website\"},\"primaryImageOfPage\":{\"@id\":\"https:\\\/\\\/www.krafthand.de\\\/truck\\\/artikel\\\/40-jaehriges-jubilaeum-28001\\\/#primaryimage\"},\"image\":{\"@id\":\"https:\\\/\\\/www.krafthand.de\\\/truck\\\/artikel\\\/40-jaehriges-jubilaeum-28001\\\/#primaryimage\"},\"thumbnailUrl\":\"https:\\\/\\\/static.krafthand-truck.de\\\/uploads\\\/2021\\\/05\\\/Logo-JOSAM-Richttechnik-GmbH_web-1.jpg\",\"datePublished\":\"2021-05-18T08:37:43+00:00\",\"dateModified\":\"2021-06-30T16:47:00+00:00\",\"author\":{\"@id\":\"https:\\\/\\\/www.krafthand.de\\\/truck\\\/#\\\/schema\\\/person\\\/51fa80b1c57034c4bf63f9f988fc24ce\"},\"breadcrumb\":{\"@id\":\"https:\\\/\\\/www.krafthand.de\\\/truck\\\/artikel\\\/40-jaehriges-jubilaeum-28001\\\/#breadcrumb\"},\"inLanguage\":\"de\",\"potentialAction\":[{\"@type\":\"ReadAction\",\"target\":[\"https:\\\/\\\/www.krafthand.de\\\/truck\\\/artikel\\\/40-jaehriges-jubilaeum-28001\\\/\"]}]},{\"@type\":\"ImageObject\",\"inLanguage\":\"de\",\"@id\":\"https:\\\/\\\/www.krafthand.de\\\/truck\\\/artikel\\\/40-jaehriges-jubilaeum-28001\\\/#primaryimage\",\"url\":\"https:\\\/\\\/static.krafthand-truck.de\\\/uploads\\\/2021\\\/05\\\/Logo-JOSAM-Richttechnik-GmbH_web-1.jpg\",\"contentUrl\":\"https:\\\/\\\/static.krafthand-truck.de\\\/uploads\\\/2021\\\/05\\\/Logo-JOSAM-Richttechnik-GmbH_web-1.jpg\",\"width\":1000,\"height\":785},{\"@type\":\"BreadcrumbList\",\"@id\":\"https:\\\/\\\/www.krafthand.de\\\/truck\\\/artikel\\\/40-jaehriges-jubilaeum-28001\\\/#breadcrumb\",\"itemListElement\":[{\"@type\":\"ListItem\",\"position\":1,\"name\":\"Krafthand-Truck\",\"item\":\"https:\\\/\\\/www.krafthand.de\\\/truck\\\/\"},{\"@type\":\"ListItem\",\"position\":2,\"name\":\"Nfz-Branche\",\"item\":\"https:\\\/\\\/www.krafthand.de\\\/truck\\\/kategorie\\\/branche\\\/\"},{\"@type\":\"ListItem\",\"position\":3,\"name\":\"K\u00f6pfe\\\/Personen\",\"item\":\"https:\\\/\\\/www.krafthand.de\\\/truck\\\/kategorie\\\/branche\\\/koepfe\\\/\"},{\"@type\":\"ListItem\",\"position\":4,\"name\":\"40-j\u00e4hriges Jubil\u00e4um\"}]},{\"@type\":\"WebSite\",\"@id\":\"https:\\\/\\\/www.krafthand.de\\\/truck\\\/#website\",\"url\":\"https:\\\/\\\/www.krafthand.de\\\/truck\\\/\",\"name\":\"Krafthand-Truck\",\"description\":\"\",\"potentialAction\":[{\"@type\":\"SearchAction\",\"target\":{\"@type\":\"EntryPoint\",\"urlTemplate\":\"https:\\\/\\\/www.krafthand.de\\\/truck\\\/?s={search_term_string}\"},\"query-input\":{\"@type\":\"PropertyValueSpecification\",\"valueRequired\":true,\"valueName\":\"search_term_string\"}}],\"inLanguage\":\"de\"},{\"@type\":\"Person\",\"@id\":\"https:\\\/\\\/www.krafthand.de\\\/truck\\\/#\\\/schema\\\/person\\\/51fa80b1c57034c4bf63f9f988fc24ce\",\"name\":\"georg.blenk@krafthand-medien.de\",\"image\":{\"@type\":\"ImageObject\",\"inLanguage\":\"de\",\"@id\":\"https:\\\/\\\/secure.gravatar.com\\\/avatar\\\/93713c30affe0aa95d3a4130e499bb1abee2eb31adbdd9ce2aa1543538490215?s=96&d=mm&r=g\",\"url\":\"https:\\\/\\\/secure.gravatar.com\\\/avatar\\\/93713c30affe0aa95d3a4130e499bb1abee2eb31adbdd9ce2aa1543538490215?s=96&d=mm&r=g\",\"contentUrl\":\"https:\\\/\\\/secure.gravatar.com\\\/avatar\\\/93713c30affe0aa95d3a4130e499bb1abee2eb31adbdd9ce2aa1543538490215?s=96&d=mm&r=g\",\"caption\":\"georg.blenk@krafthand-medien.de\"}}]}<\/script>\n<!-- \/ Yoast SEO plugin. -->","yoast_head_json":{"title":"40-j\u00e4hriges Jubil\u00e4um - Krafthand-Truck","robots":{"index":"index","follow":"follow","max-snippet":"max-snippet:-1","max-image-preview":"max-image-preview:large","max-video-preview":"max-video-preview:-1"},"canonical":"https:\/\/www.krafthand.de\/truck\/artikel\/40-jaehriges-jubilaeum-28001\/","og_locale":"de_DE","og_type":"article","og_title":"40-j\u00e4hriges Jubil\u00e4um - Krafthand-Truck","og_description":"Die Josam Richttechnik GmbH feiert ihr 40-j\u00e4hriges Firmenjubil\u00e4um. 1981 ist das Unternehmen, das sich mit seinen Produkten auf das Richten von Fahrzeugrahmen und Karosserien spezialisiert hat, in das Handelsregister in Hamburg eingetragen worden. ... weiter","og_url":"https:\/\/www.krafthand-truck.de\/artikel\/40-jaehriges-jubilaeum-28001\/","og_site_name":"Krafthand-Truck","article_published_time":"2021-05-18T08:37:43+00:00","article_modified_time":"2021-06-30T16:47:00+00:00","og_image":[{"width":1000,"height":785,"url":"https:\/\/www.krafthand.de\/truck\/wp-content\/uploads\/2021\/05\/Logo-JOSAM-Richttechnik-GmbH_web-1.jpg","type":"image\/jpeg"}],"author":"georg.blenk@krafthand-medien.de","twitter_card":"summary_large_image","twitter_misc":{"Verfasst von":"georg.blenk@krafthand-medien.de","Gesch\u00e4tzte Lesezeit":"2\u00a0Minuten"},"schema":{"@context":"https:\/\/schema.org","@graph":[{"@type":"Article","@id":"https:\/\/www.krafthand.de\/truck\/artikel\/40-jaehriges-jubilaeum-28001\/#article","isPartOf":{"@id":"https:\/\/www.krafthand.de\/truck\/artikel\/40-jaehriges-jubilaeum-28001\/"},"author":{"name":"georg.blenk@krafthand-medien.de","@id":"https:\/\/www.krafthand.de\/truck\/#\/schema\/person\/51fa80b1c57034c4bf63f9f988fc24ce"},"headline":"40-j\u00e4hriges Jubil\u00e4um","datePublished":"2021-05-18T08:37:43+00:00","dateModified":"2021-06-30T16:47:00+00:00","mainEntityOfPage":{"@id":"https:\/\/www.krafthand.de\/truck\/artikel\/40-jaehriges-jubilaeum-28001\/"},"wordCount":242,"image":{"@id":"https:\/\/www.krafthand.de\/truck\/artikel\/40-jaehriges-jubilaeum-28001\/#primaryimage"},"thumbnailUrl":"https:\/\/static.krafthand-truck.de\/uploads\/2021\/05\/Logo-JOSAM-Richttechnik-GmbH_web-1.jpg","keywords":["Josam","Jubil\u00e4um","Karosserie","Rahmen","Richtbank","Richttechnik"],"articleSection":["K\u00f6pfe\/Personen","Unternehmen"],"inLanguage":"de"},{"@type":"WebPage","@id":"https:\/\/www.krafthand.de\/truck\/artikel\/40-jaehriges-jubilaeum-28001\/","url":"https:\/\/www.krafthand.de\/truck\/artikel\/40-jaehriges-jubilaeum-28001\/","name":"40-j\u00e4hriges Jubil\u00e4um - Krafthand-Truck","isPartOf":{"@id":"https:\/\/www.krafthand.de\/truck\/#website"},"primaryImageOfPage":{"@id":"https:\/\/www.krafthand.de\/truck\/artikel\/40-jaehriges-jubilaeum-28001\/#primaryimage"},"image":{"@id":"https:\/\/www.krafthand.de\/truck\/artikel\/40-jaehriges-jubilaeum-28001\/#primaryimage"},"thumbnailUrl":"https:\/\/static.krafthand-truck.de\/uploads\/2021\/05\/Logo-JOSAM-Richttechnik-GmbH_web-1.jpg","datePublished":"2021-05-18T08:37:43+00:00","dateModified":"2021-06-30T16:47:00+00:00","author":{"@id":"https:\/\/www.krafthand.de\/truck\/#\/schema\/person\/51fa80b1c57034c4bf63f9f988fc24ce"},"breadcrumb":{"@id":"https:\/\/www.krafthand.de\/truck\/artikel\/40-jaehriges-jubilaeum-28001\/#breadcrumb"},"inLanguage":"de","potentialAction":[{"@type":"ReadAction","target":["https:\/\/www.krafthand.de\/truck\/artikel\/40-jaehriges-jubilaeum-28001\/"]}]},{"@type":"ImageObject","inLanguage":"de","@id":"https:\/\/www.krafthand.de\/truck\/artikel\/40-jaehriges-jubilaeum-28001\/#primaryimage","url":"https:\/\/static.krafthand-truck.de\/uploads\/2021\/05\/Logo-JOSAM-Richttechnik-GmbH_web-1.jpg","contentUrl":"https:\/\/static.krafthand-truck.de\/uploads\/2021\/05\/Logo-JOSAM-Richttechnik-GmbH_web-1.jpg","width":1000,"height":785},{"@type":"BreadcrumbList","@id":"https:\/\/www.krafthand.de\/truck\/artikel\/40-jaehriges-jubilaeum-28001\/#breadcrumb","itemListElement":[{"@type":"ListItem","position":1,"name":"Krafthand-Truck","item":"https:\/\/www.krafthand.de\/truck\/"},{"@type":"ListItem","position":2,"name":"Nfz-Branche","item":"https:\/\/www.krafthand.de\/truck\/kategorie\/branche\/"},{"@type":"ListItem","position":3,"name":"K\u00f6pfe\/Personen","item":"https:\/\/www.krafthand.de\/truck\/kategorie\/branche\/koepfe\/"},{"@type":"ListItem","position":4,"name":"40-j\u00e4hriges Jubil\u00e4um"}]},{"@type":"WebSite","@id":"https:\/\/www.krafthand.de\/truck\/#website","url":"https:\/\/www.krafthand.de\/truck\/","name":"Krafthand-Truck","description":"","potentialAction":[{"@type":"SearchAction","target":{"@type":"EntryPoint","urlTemplate":"https:\/\/www.krafthand.de\/truck\/?s={search_term_string}"},"query-input":{"@type":"PropertyValueSpecification","valueRequired":true,"valueName":"search_term_string"}}],"inLanguage":"de"},{"@type":"Person","@id":"https:\/\/www.krafthand.de\/truck\/#\/schema\/person\/51fa80b1c57034c4bf63f9f988fc24ce","name":"georg.blenk@krafthand-medien.de","image":{"@type":"ImageObject","inLanguage":"de","@id":"https:\/\/secure.gravatar.com\/avatar\/93713c30affe0aa95d3a4130e499bb1abee2eb31adbdd9ce2aa1543538490215?s=96&d=mm&r=g","url":"https:\/\/secure.gravatar.com\/avatar\/93713c30affe0aa95d3a4130e499bb1abee2eb31adbdd9ce2aa1543538490215?s=96&d=mm&r=g","contentUrl":"https:\/\/secure.gravatar.com\/avatar\/93713c30affe0aa95d3a4130e499bb1abee2eb31adbdd9ce2aa1543538490215?s=96&d=mm&r=g","caption":"georg.blenk@krafthand-medien.de"}}]}},"_links":{"self":[{"href":"https:\/\/www.krafthand.de\/truck\/wp-json\/wp\/v2\/posts\/28001","targetHints":{"allow":["GET"]}}],"collection":[{"href":"https:\/\/www.krafthand.de\/truck\/wp-json\/wp\/v2\/posts"}],"about":[{"href":"https:\/\/www.krafthand.de\/truck\/wp-json\/wp\/v2\/types\/post"}],"author":[{"embeddable":true,"href":"https:\/\/www.krafthand.de\/truck\/wp-json\/wp\/v2\/users\/9"}],"replies":[{"embeddable":true,"href":"https:\/\/www.krafthand.de\/truck\/wp-json\/wp\/v2\/comments?post=28001"}],"version-history":[{"count":27,"href":"https:\/\/www.krafthand.de\/truck\/wp-json\/wp\/v2\/posts\/28001\/revisions"}],"predecessor-version":[{"id":28031,"href":"https:\/\/www.krafthand.de\/truck\/wp-json\/wp\/v2\/posts\/28001\/revisions\/28031"}],"wp:featuredmedia":[{"embeddable":true,"href":"https:\/\/www.krafthand.de\/truck\/wp-json\/wp\/v2\/media\/28014"}],"wp:attachment":[{"href":"https:\/\/www.krafthand.de\/truck\/wp-json\/wp\/v2\/media?parent=28001"}],"wp:term":[{"taxonomy":"category","embeddable":true,"href":"https:\/\/www.krafthand.de\/truck\/wp-json\/wp\/v2\/categories?post=28001"},{"taxonomy":"post_tag","embeddable":true,"href":"https:\/\/www.krafthand.de\/truck\/wp-json\/wp\/v2\/tags?post=28001"},{"taxonomy":"settings","embeddable":true,"href":"https:\/\/www.krafthand.de\/truck\/wp-json\/wp\/v2\/settings?post=28001"}],"curies":[{"name":"wp","href":"https:\/\/api.w.org\/{rel}","templated":true}]}}