{"id":27934,"date":"2021-05-11T10:25:22","date_gmt":"2021-05-11T08:25:22","guid":{"rendered":"https:\/\/www.krafthand.de\/truck\/?p=27934"},"modified":"2021-05-12T08:11:00","modified_gmt":"2021-05-12T06:11:00","slug":"etge-die-sonne-liefert-zusaetzlich-strom","status":"publish","type":"post","link":"https:\/\/www.krafthand.de\/truck\/artikel\/etge-die-sonne-liefert-zusaetzlich-strom-27934\/","title":{"rendered":"eTGE: Die Sonne liefert zus\u00e4tzlich Strom"},"content":{"rendered":"<p>Der M\u00fcnchner-Spezialist f\u00fcr solarbetriebene Elektrofahrzeuge, Sono-Motors, pr\u00fcft zusammen mit MAN Truck &amp; Bus, Anwendungen der Solartechnologie in Nutzfahrzeugen. Dabei soll laut MAN zun\u00e4chst ein Elektro-Transporter zus\u00e4tzlichen Strom durch Sonnenenergie erhalten. Die Sono Solar-Technologie sei leicht, robust und k\u00f6nne sich flexibel an die Fahrzeugformen anpassen, so ein MAN-Sprecher. &#8222;Zudem sind Nutzfahrzeuge aufgrund der gro\u00dfen Fl\u00e4chen gut geeignet f\u00fcr die Integration von Photovoltaik.&#8220;<\/p>\n<p>MAN Truck &amp; Bus und <a href=\"https:\/\/sonomotors.com\/de\/\" target=\"_blank\" rel=\"noopener\">Sono-Motors<\/a> haben erstmal einen sogenannten &#8218;Letter of Intent&#8216; &#8211; also eine Absichtserkl\u00e4rung &#8211; unterzeichnet. Die beiden Unternehmen haben sich dem Vernehmen nach darauf verst\u00e4ndigt, die technische und wirtschaftliche Machbarkeit der Integration der Solar-Technologie auf dem elektrischen Transporter eTGE von MAN zu untersuchen.<\/p>\n<blockquote><p>&#8222;Unsere Solartechnologie bietet eine leichte und anpassungsf\u00e4hige Plattform, die sich hervorragend f\u00fcr leichte Nutzfahrzeuge, wie den batteriebetriebenen eTGE von MAN, eignet&#8220;, so Jona Christians, Mitbegr\u00fcnder und CEO von Sono Motors.<\/p><\/blockquote>\n<p>Drei Versionen des Elektrotransporters eTGE sollen mit der Sono Solar-Technologie ausger\u00fcstet und von den Unternehmen untersucht werden: Der eTGE Kastenwagen, die Version mit Dach-Klimaanlage und der eTGE mit K\u00fchlausbau. Bei allen drei Konzepten l\u00e4ge der Fokus laut MAN entweder auf zus\u00e4tzlich zu erzielender Reichweite oder auf einer autarken Versorgung der Nebenverbraucher durch die gewonnene Sonnenenergie.<\/p>\n<blockquote><p>&#8222;Unser Ziel ist es, zu erfahren, wie viel Energie durch die Photovoltaik \u00fcber das Jahr gewonnen werden kann. Mit dieser Erkenntnis k\u00f6nnen wir anschlie\u00dfend bewerten, ob sich die Technologie f\u00fcr unsere Kunden rechnet und gleichzeitig die Umwelt schont\u201c, so Dennis Affeld, Senior Vice President &amp; Head of Sales Truck &amp; Van bei MAN Truck &amp; Bus.<\/p>\n<p>&nbsp;<\/p><\/blockquote>\n<figure id=\"attachment_27942\" aria-describedby=\"caption-attachment-27942\" style=\"width: 665px\" class=\"wp-caption aligncenter\"><a href=\"https:\/\/www.krafthand.de\/truck\/wp-content\/uploads\/2021\/05\/MAN_Sono_Truckforum.jpg\" target=\"_blank\" rel=\"noopener\"><img fetchpriority=\"high\" decoding=\"async\" class=\"wp-image-27942 size-large\" src=\"https:\/\/www.krafthand.de\/truck\/wp-content\/uploads\/2021\/05\/MAN_Sono_Truckforum-1024x731.jpg\" alt=\"\" width=\"665\" height=\"475\" srcset=\"https:\/\/static.krafthand-truck.de\/uploads\/2021\/05\/MAN_Sono_Truckforum-1024x731.jpg 1024w, https:\/\/static.krafthand-truck.de\/uploads\/2021\/05\/MAN_Sono_Truckforum-300x214.jpg 300w, https:\/\/static.krafthand-truck.de\/uploads\/2021\/05\/MAN_Sono_Truckforum-768x548.jpg 768w, https:\/\/static.krafthand-truck.de\/uploads\/2021\/05\/MAN_Sono_Truckforum.jpg 1200w\" sizes=\"(max-width: 665px) 100vw, 665px\" \/><\/a><figcaption id=\"caption-attachment-27942\" class=\"wp-caption-text\">(v.l.n.r.) Jona Christians, Mitbegr\u00fcnder und CEO von Sono Motors, Mathieu Baudrit, Leiter Forschung und Entwicklung Solar-Integration bei Sono Motors und Dennis Affeld, Senior Vice President &amp; Head of Sales Truck &amp; Van bei MAN Truck &amp; Bus vor dem MAN Truck Forum in M\u00fcnchen. Bild: MAN<\/figcaption><\/figure>\n<p>&nbsp;<\/p>\n<div class=\"infobox box-grey\"><\/p>\n<p><strong>Hintergrund<\/strong><\/p>\n<p>Der eTGE ist die Antwort von MAN f\u00fcr urbane und regionale Eins\u00e4tze. Er verursacht keine lokalen Emissionen und ist im Betrieb im Vergleich zu einem verbrennungsmotorischen Antrieb deutlich leiser. Abh\u00e4ngig von der Jahreslaufleistung kann der eTGE laut MAN wirtschaftlicher betrieben werden als ein vergleichbarer Diesel-TGE: Nach zirca vier Jahren f\u00e4hrt er MAN zufolge ins Plus.<br \/>\nDie Solar-Technologie von Sono bietet den Angaben zufolge eine leichte, robuste und kosteneffiziente L\u00f6sung, die aufgrund ihrer polymerbasierten Konstruktion auch komplexe Karosserie-Geometrien abbilden kann. Aufgrund der gro\u00dfen Oberfl\u00e4chen auf Bussen, Lkw und Transportern eignen sich die Paneele besonders gut f\u00fcr kommerzielle Anwendungen, wie Last-Mile-Delivery. Die fahrzeugintegrierten Photovoltaik-L\u00f6sungen (ViPV) sind allerdings nicht dazu gedacht, bestehende Energiespeicher wie Batterien oder Brennstoffzellen zu ersetzen. Stattdessen k\u00f6nnen sie den Energiebedarf sowie die Anzahl der erforderlichen Ladeintervalle reduzieren und somit die Reichweite verl\u00e4ngern. Zudem sei denkbar, dass die gewonnene Sonnenenergie f\u00fcr Nebenverbraucher wie Heizung, Klimaanlage oder K\u00fchlaggregate genutzt wird.<\/p>\n<p><\/div>\n\r\n\t\t\t\t<div class=\"post-author\">\r\n\t\t\t\t\t<div class=\"khm-cp-author clearfix\">\r\n\t\t\t\t\t\t<div class=\"khm-cp-author__content\">\r\n\t\t\t\t\t\t\t\tKontakt zum Autor:<br \/>\r\n\t\t\t\t\t\t\t\t<strong>Georg Blenk<\/strong>, 08247 \/ 3007-45 |  <a href=\"mailto:georg.blenk@krafthand-medien.de\">georg.blenk@krafthand-medien.de<\/a>\r\n\t\t\t\t\t\t\t<div class=\"khm-cp-author__image\">\r\n\t\t\t\t\t\t<img src=\"https:\/\/static.krafthand-truck.de\/uploads\/2021\/01\/Blenk_6104-250x300-1-removebg-preview.png\" class=\"img-responsive\">\r\n\t\t\t\t\t<\/div>\r\n\t\t\t\t\t\t<\/div>\r\n\t\t\t\t\t<\/div>\r\n\t\t\t\t<\/div>\r\n\t\t\t\t","protected":false},"excerpt":{"rendered":"<p>Der M\u00fcnchner-Spezialist f\u00fcr solarbetriebene Elektrofahrzeuge, Sono-Motors, pr\u00fcft zusammen mit MAN Truck &#038; Bus, Anwendungen der Solartechnologie in Nutzfahrzeugen. Dabei soll laut MAN zun\u00e4chst ein Elektro-Transporter zus\u00e4tzlichen Strom durch Sonnenenergie erhalten. <span class=\"excerpt-more__dots\">&#8230;<\/span> <a class=\"excerpt-more__link\" href=\"https:\/\/www.krafthand.de\/truck\/artikel\/etge-die-sonne-liefert-zusaetzlich-strom-27934\/\" >weiter<\/a><\/p>\n","protected":false},"author":9,"featured_media":27935,"comment_status":"closed","ping_status":"closed","sticky":false,"template":"","format":"standard","meta":{"footnotes":""},"categories":[4224,4235],"tags":[4474,4476,4475,4473,152,4471,4472,4470],"settings":[3524,3523],"class_list":["post-27934","post","type-post","status-publish","format-standard","has-post-thumbnail","hentry","category-e-antrieb","category-unternehmen","tag-dennis-affeld","tag-elkw","tag-etge","tag-jona-christians","tag-man","tag-solar","tag-solar-panel","tag-sono-motors"],"yoast_head":"<!-- This site is optimized with the Yoast SEO plugin v27.3 - https:\/\/yoast.com\/product\/yoast-seo-wordpress\/ -->\n<title>eTGE: Die Sonne liefert zus\u00e4tzlich Strom - Krafthand-Truck<\/title>\n<meta name=\"robots\" content=\"index, follow, max-snippet:-1, max-image-preview:large, max-video-preview:-1\" \/>\n<link rel=\"canonical\" href=\"https:\/\/www.krafthand.de\/truck\/artikel\/etge-die-sonne-liefert-zusaetzlich-strom-27934\/\" \/>\n<meta property=\"og:locale\" content=\"de_DE\" \/>\n<meta property=\"og:type\" content=\"article\" \/>\n<meta property=\"og:title\" content=\"eTGE: Die Sonne liefert zus\u00e4tzlich Strom - Krafthand-Truck\" \/>\n<meta property=\"og:description\" content=\"Der M\u00fcnchner-Spezialist f\u00fcr solarbetriebene Elektrofahrzeuge, Sono-Motors, pr\u00fcft zusammen mit MAN Truck &amp; Bus, Anwendungen der Solartechnologie in Nutzfahrzeugen. Dabei soll laut MAN zun\u00e4chst ein Elektro-Transporter zus\u00e4tzlichen Strom durch Sonnenenergie erhalten. ... weiter\" \/>\n<meta property=\"og:url\" content=\"https:\/\/www.krafthand-truck.de\/artikel\/etge-die-sonne-liefert-zusaetzlich-strom-27934\/\" \/>\n<meta property=\"og:site_name\" content=\"Krafthand-Truck\" \/>\n<meta property=\"article:published_time\" content=\"2021-05-11T08:25:22+00:00\" \/>\n<meta property=\"article:modified_time\" content=\"2021-05-12T06:11:00+00:00\" \/>\n<meta property=\"og:image\" content=\"https:\/\/www.krafthand.de\/truck\/wp-content\/uploads\/2021\/05\/MAN_Sono_Solarzellen.jpg\" \/>\n\t<meta property=\"og:image:width\" content=\"1200\" \/>\n\t<meta property=\"og:image:height\" content=\"629\" \/>\n\t<meta property=\"og:image:type\" content=\"image\/jpeg\" \/>\n<meta name=\"author\" content=\"georg.blenk@krafthand-medien.de\" \/>\n<meta name=\"twitter:card\" content=\"summary_large_image\" \/>\n<meta name=\"twitter:label1\" content=\"Verfasst von\" \/>\n\t<meta name=\"twitter:data1\" content=\"georg.blenk@krafthand-medien.de\" \/>\n\t<meta name=\"twitter:label2\" content=\"Gesch\u00e4tzte Lesezeit\" \/>\n\t<meta name=\"twitter:data2\" content=\"3\u00a0Minuten\" \/>\n<script type=\"application\/ld+json\" class=\"yoast-schema-graph\">{\"@context\":\"https:\\\/\\\/schema.org\",\"@graph\":[{\"@type\":\"Article\",\"@id\":\"https:\\\/\\\/www.krafthand.de\\\/truck\\\/artikel\\\/etge-die-sonne-liefert-zusaetzlich-strom-27934\\\/#article\",\"isPartOf\":{\"@id\":\"https:\\\/\\\/www.krafthand.de\\\/truck\\\/artikel\\\/etge-die-sonne-liefert-zusaetzlich-strom-27934\\\/\"},\"author\":{\"name\":\"georg.blenk@krafthand-medien.de\",\"@id\":\"https:\\\/\\\/www.krafthand.de\\\/truck\\\/#\\\/schema\\\/person\\\/51fa80b1c57034c4bf63f9f988fc24ce\"},\"headline\":\"eTGE: Die Sonne liefert zus\u00e4tzlich Strom\",\"datePublished\":\"2021-05-11T08:25:22+00:00\",\"dateModified\":\"2021-05-12T06:11:00+00:00\",\"mainEntityOfPage\":{\"@id\":\"https:\\\/\\\/www.krafthand.de\\\/truck\\\/artikel\\\/etge-die-sonne-liefert-zusaetzlich-strom-27934\\\/\"},\"wordCount\":502,\"image\":{\"@id\":\"https:\\\/\\\/www.krafthand.de\\\/truck\\\/artikel\\\/etge-die-sonne-liefert-zusaetzlich-strom-27934\\\/#primaryimage\"},\"thumbnailUrl\":\"https:\\\/\\\/static.krafthand-truck.de\\\/uploads\\\/2021\\\/05\\\/MAN_Sono_Solarzellen.jpg\",\"keywords\":[\"Dennis Affeld\",\"eLkw\",\"eTGE\",\"Jona Christians\",\"MAN\",\"Solar\",\"Solar-Panel\",\"Sono-Motors\"],\"articleSection\":[\"E-Antrieb (BEV\\\/FCEV)\",\"Unternehmen\"],\"inLanguage\":\"de\"},{\"@type\":\"WebPage\",\"@id\":\"https:\\\/\\\/www.krafthand.de\\\/truck\\\/artikel\\\/etge-die-sonne-liefert-zusaetzlich-strom-27934\\\/\",\"url\":\"https:\\\/\\\/www.krafthand.de\\\/truck\\\/artikel\\\/etge-die-sonne-liefert-zusaetzlich-strom-27934\\\/\",\"name\":\"eTGE: Die Sonne liefert zus\u00e4tzlich Strom - Krafthand-Truck\",\"isPartOf\":{\"@id\":\"https:\\\/\\\/www.krafthand.de\\\/truck\\\/#website\"},\"primaryImageOfPage\":{\"@id\":\"https:\\\/\\\/www.krafthand.de\\\/truck\\\/artikel\\\/etge-die-sonne-liefert-zusaetzlich-strom-27934\\\/#primaryimage\"},\"image\":{\"@id\":\"https:\\\/\\\/www.krafthand.de\\\/truck\\\/artikel\\\/etge-die-sonne-liefert-zusaetzlich-strom-27934\\\/#primaryimage\"},\"thumbnailUrl\":\"https:\\\/\\\/static.krafthand-truck.de\\\/uploads\\\/2021\\\/05\\\/MAN_Sono_Solarzellen.jpg\",\"datePublished\":\"2021-05-11T08:25:22+00:00\",\"dateModified\":\"2021-05-12T06:11:00+00:00\",\"author\":{\"@id\":\"https:\\\/\\\/www.krafthand.de\\\/truck\\\/#\\\/schema\\\/person\\\/51fa80b1c57034c4bf63f9f988fc24ce\"},\"breadcrumb\":{\"@id\":\"https:\\\/\\\/www.krafthand.de\\\/truck\\\/artikel\\\/etge-die-sonne-liefert-zusaetzlich-strom-27934\\\/#breadcrumb\"},\"inLanguage\":\"de\",\"potentialAction\":[{\"@type\":\"ReadAction\",\"target\":[\"https:\\\/\\\/www.krafthand.de\\\/truck\\\/artikel\\\/etge-die-sonne-liefert-zusaetzlich-strom-27934\\\/\"]}]},{\"@type\":\"ImageObject\",\"inLanguage\":\"de\",\"@id\":\"https:\\\/\\\/www.krafthand.de\\\/truck\\\/artikel\\\/etge-die-sonne-liefert-zusaetzlich-strom-27934\\\/#primaryimage\",\"url\":\"https:\\\/\\\/static.krafthand-truck.de\\\/uploads\\\/2021\\\/05\\\/MAN_Sono_Solarzellen.jpg\",\"contentUrl\":\"https:\\\/\\\/static.krafthand-truck.de\\\/uploads\\\/2021\\\/05\\\/MAN_Sono_Solarzellen.jpg\",\"width\":1200,\"height\":629},{\"@type\":\"BreadcrumbList\",\"@id\":\"https:\\\/\\\/www.krafthand.de\\\/truck\\\/artikel\\\/etge-die-sonne-liefert-zusaetzlich-strom-27934\\\/#breadcrumb\",\"itemListElement\":[{\"@type\":\"ListItem\",\"position\":1,\"name\":\"Krafthand-Truck\",\"item\":\"https:\\\/\\\/www.krafthand.de\\\/truck\\\/\"},{\"@type\":\"ListItem\",\"position\":2,\"name\":\"Nfz-Branche\",\"item\":\"https:\\\/\\\/www.krafthand.de\\\/truck\\\/kategorie\\\/branche\\\/\"},{\"@type\":\"ListItem\",\"position\":3,\"name\":\"Unternehmen\",\"item\":\"https:\\\/\\\/www.krafthand.de\\\/truck\\\/kategorie\\\/branche\\\/unternehmen\\\/\"},{\"@type\":\"ListItem\",\"position\":4,\"name\":\"eTGE: Die Sonne liefert zus\u00e4tzlich Strom\"}]},{\"@type\":\"WebSite\",\"@id\":\"https:\\\/\\\/www.krafthand.de\\\/truck\\\/#website\",\"url\":\"https:\\\/\\\/www.krafthand.de\\\/truck\\\/\",\"name\":\"Krafthand-Truck\",\"description\":\"\",\"potentialAction\":[{\"@type\":\"SearchAction\",\"target\":{\"@type\":\"EntryPoint\",\"urlTemplate\":\"https:\\\/\\\/www.krafthand.de\\\/truck\\\/?s={search_term_string}\"},\"query-input\":{\"@type\":\"PropertyValueSpecification\",\"valueRequired\":true,\"valueName\":\"search_term_string\"}}],\"inLanguage\":\"de\"},{\"@type\":\"Person\",\"@id\":\"https:\\\/\\\/www.krafthand.de\\\/truck\\\/#\\\/schema\\\/person\\\/51fa80b1c57034c4bf63f9f988fc24ce\",\"name\":\"georg.blenk@krafthand-medien.de\",\"image\":{\"@type\":\"ImageObject\",\"inLanguage\":\"de\",\"@id\":\"https:\\\/\\\/secure.gravatar.com\\\/avatar\\\/93713c30affe0aa95d3a4130e499bb1abee2eb31adbdd9ce2aa1543538490215?s=96&d=mm&r=g\",\"url\":\"https:\\\/\\\/secure.gravatar.com\\\/avatar\\\/93713c30affe0aa95d3a4130e499bb1abee2eb31adbdd9ce2aa1543538490215?s=96&d=mm&r=g\",\"contentUrl\":\"https:\\\/\\\/secure.gravatar.com\\\/avatar\\\/93713c30affe0aa95d3a4130e499bb1abee2eb31adbdd9ce2aa1543538490215?s=96&d=mm&r=g\",\"caption\":\"georg.blenk@krafthand-medien.de\"}}]}<\/script>\n<!-- \/ Yoast SEO plugin. -->","yoast_head_json":{"title":"eTGE: Die Sonne liefert zus\u00e4tzlich Strom - Krafthand-Truck","robots":{"index":"index","follow":"follow","max-snippet":"max-snippet:-1","max-image-preview":"max-image-preview:large","max-video-preview":"max-video-preview:-1"},"canonical":"https:\/\/www.krafthand.de\/truck\/artikel\/etge-die-sonne-liefert-zusaetzlich-strom-27934\/","og_locale":"de_DE","og_type":"article","og_title":"eTGE: Die Sonne liefert zus\u00e4tzlich Strom - Krafthand-Truck","og_description":"Der M\u00fcnchner-Spezialist f\u00fcr solarbetriebene Elektrofahrzeuge, Sono-Motors, pr\u00fcft zusammen mit MAN Truck & Bus, Anwendungen der Solartechnologie in Nutzfahrzeugen. Dabei soll laut MAN zun\u00e4chst ein Elektro-Transporter zus\u00e4tzlichen Strom durch Sonnenenergie erhalten. ... weiter","og_url":"https:\/\/www.krafthand-truck.de\/artikel\/etge-die-sonne-liefert-zusaetzlich-strom-27934\/","og_site_name":"Krafthand-Truck","article_published_time":"2021-05-11T08:25:22+00:00","article_modified_time":"2021-05-12T06:11:00+00:00","og_image":[{"width":1200,"height":629,"url":"https:\/\/www.krafthand.de\/truck\/wp-content\/uploads\/2021\/05\/MAN_Sono_Solarzellen.jpg","type":"image\/jpeg"}],"author":"georg.blenk@krafthand-medien.de","twitter_card":"summary_large_image","twitter_misc":{"Verfasst von":"georg.blenk@krafthand-medien.de","Gesch\u00e4tzte Lesezeit":"3\u00a0Minuten"},"schema":{"@context":"https:\/\/schema.org","@graph":[{"@type":"Article","@id":"https:\/\/www.krafthand.de\/truck\/artikel\/etge-die-sonne-liefert-zusaetzlich-strom-27934\/#article","isPartOf":{"@id":"https:\/\/www.krafthand.de\/truck\/artikel\/etge-die-sonne-liefert-zusaetzlich-strom-27934\/"},"author":{"name":"georg.blenk@krafthand-medien.de","@id":"https:\/\/www.krafthand.de\/truck\/#\/schema\/person\/51fa80b1c57034c4bf63f9f988fc24ce"},"headline":"eTGE: Die Sonne liefert zus\u00e4tzlich Strom","datePublished":"2021-05-11T08:25:22+00:00","dateModified":"2021-05-12T06:11:00+00:00","mainEntityOfPage":{"@id":"https:\/\/www.krafthand.de\/truck\/artikel\/etge-die-sonne-liefert-zusaetzlich-strom-27934\/"},"wordCount":502,"image":{"@id":"https:\/\/www.krafthand.de\/truck\/artikel\/etge-die-sonne-liefert-zusaetzlich-strom-27934\/#primaryimage"},"thumbnailUrl":"https:\/\/static.krafthand-truck.de\/uploads\/2021\/05\/MAN_Sono_Solarzellen.jpg","keywords":["Dennis Affeld","eLkw","eTGE","Jona Christians","MAN","Solar","Solar-Panel","Sono-Motors"],"articleSection":["E-Antrieb (BEV\/FCEV)","Unternehmen"],"inLanguage":"de"},{"@type":"WebPage","@id":"https:\/\/www.krafthand.de\/truck\/artikel\/etge-die-sonne-liefert-zusaetzlich-strom-27934\/","url":"https:\/\/www.krafthand.de\/truck\/artikel\/etge-die-sonne-liefert-zusaetzlich-strom-27934\/","name":"eTGE: Die Sonne liefert zus\u00e4tzlich Strom - Krafthand-Truck","isPartOf":{"@id":"https:\/\/www.krafthand.de\/truck\/#website"},"primaryImageOfPage":{"@id":"https:\/\/www.krafthand.de\/truck\/artikel\/etge-die-sonne-liefert-zusaetzlich-strom-27934\/#primaryimage"},"image":{"@id":"https:\/\/www.krafthand.de\/truck\/artikel\/etge-die-sonne-liefert-zusaetzlich-strom-27934\/#primaryimage"},"thumbnailUrl":"https:\/\/static.krafthand-truck.de\/uploads\/2021\/05\/MAN_Sono_Solarzellen.jpg","datePublished":"2021-05-11T08:25:22+00:00","dateModified":"2021-05-12T06:11:00+00:00","author":{"@id":"https:\/\/www.krafthand.de\/truck\/#\/schema\/person\/51fa80b1c57034c4bf63f9f988fc24ce"},"breadcrumb":{"@id":"https:\/\/www.krafthand.de\/truck\/artikel\/etge-die-sonne-liefert-zusaetzlich-strom-27934\/#breadcrumb"},"inLanguage":"de","potentialAction":[{"@type":"ReadAction","target":["https:\/\/www.krafthand.de\/truck\/artikel\/etge-die-sonne-liefert-zusaetzlich-strom-27934\/"]}]},{"@type":"ImageObject","inLanguage":"de","@id":"https:\/\/www.krafthand.de\/truck\/artikel\/etge-die-sonne-liefert-zusaetzlich-strom-27934\/#primaryimage","url":"https:\/\/static.krafthand-truck.de\/uploads\/2021\/05\/MAN_Sono_Solarzellen.jpg","contentUrl":"https:\/\/static.krafthand-truck.de\/uploads\/2021\/05\/MAN_Sono_Solarzellen.jpg","width":1200,"height":629},{"@type":"BreadcrumbList","@id":"https:\/\/www.krafthand.de\/truck\/artikel\/etge-die-sonne-liefert-zusaetzlich-strom-27934\/#breadcrumb","itemListElement":[{"@type":"ListItem","position":1,"name":"Krafthand-Truck","item":"https:\/\/www.krafthand.de\/truck\/"},{"@type":"ListItem","position":2,"name":"Nfz-Branche","item":"https:\/\/www.krafthand.de\/truck\/kategorie\/branche\/"},{"@type":"ListItem","position":3,"name":"Unternehmen","item":"https:\/\/www.krafthand.de\/truck\/kategorie\/branche\/unternehmen\/"},{"@type":"ListItem","position":4,"name":"eTGE: Die Sonne liefert zus\u00e4tzlich Strom"}]},{"@type":"WebSite","@id":"https:\/\/www.krafthand.de\/truck\/#website","url":"https:\/\/www.krafthand.de\/truck\/","name":"Krafthand-Truck","description":"","potentialAction":[{"@type":"SearchAction","target":{"@type":"EntryPoint","urlTemplate":"https:\/\/www.krafthand.de\/truck\/?s={search_term_string}"},"query-input":{"@type":"PropertyValueSpecification","valueRequired":true,"valueName":"search_term_string"}}],"inLanguage":"de"},{"@type":"Person","@id":"https:\/\/www.krafthand.de\/truck\/#\/schema\/person\/51fa80b1c57034c4bf63f9f988fc24ce","name":"georg.blenk@krafthand-medien.de","image":{"@type":"ImageObject","inLanguage":"de","@id":"https:\/\/secure.gravatar.com\/avatar\/93713c30affe0aa95d3a4130e499bb1abee2eb31adbdd9ce2aa1543538490215?s=96&d=mm&r=g","url":"https:\/\/secure.gravatar.com\/avatar\/93713c30affe0aa95d3a4130e499bb1abee2eb31adbdd9ce2aa1543538490215?s=96&d=mm&r=g","contentUrl":"https:\/\/secure.gravatar.com\/avatar\/93713c30affe0aa95d3a4130e499bb1abee2eb31adbdd9ce2aa1543538490215?s=96&d=mm&r=g","caption":"georg.blenk@krafthand-medien.de"}}]}},"_links":{"self":[{"href":"https:\/\/www.krafthand.de\/truck\/wp-json\/wp\/v2\/posts\/27934","targetHints":{"allow":["GET"]}}],"collection":[{"href":"https:\/\/www.krafthand.de\/truck\/wp-json\/wp\/v2\/posts"}],"about":[{"href":"https:\/\/www.krafthand.de\/truck\/wp-json\/wp\/v2\/types\/post"}],"author":[{"embeddable":true,"href":"https:\/\/www.krafthand.de\/truck\/wp-json\/wp\/v2\/users\/9"}],"replies":[{"embeddable":true,"href":"https:\/\/www.krafthand.de\/truck\/wp-json\/wp\/v2\/comments?post=27934"}],"version-history":[{"count":11,"href":"https:\/\/www.krafthand.de\/truck\/wp-json\/wp\/v2\/posts\/27934\/revisions"}],"predecessor-version":[{"id":27958,"href":"https:\/\/www.krafthand.de\/truck\/wp-json\/wp\/v2\/posts\/27934\/revisions\/27958"}],"wp:featuredmedia":[{"embeddable":true,"href":"https:\/\/www.krafthand.de\/truck\/wp-json\/wp\/v2\/media\/27935"}],"wp:attachment":[{"href":"https:\/\/www.krafthand.de\/truck\/wp-json\/wp\/v2\/media?parent=27934"}],"wp:term":[{"taxonomy":"category","embeddable":true,"href":"https:\/\/www.krafthand.de\/truck\/wp-json\/wp\/v2\/categories?post=27934"},{"taxonomy":"post_tag","embeddable":true,"href":"https:\/\/www.krafthand.de\/truck\/wp-json\/wp\/v2\/tags?post=27934"},{"taxonomy":"settings","embeddable":true,"href":"https:\/\/www.krafthand.de\/truck\/wp-json\/wp\/v2\/settings?post=27934"}],"curies":[{"name":"wp","href":"https:\/\/api.w.org\/{rel}","templated":true}]}}