{"id":27856,"date":"2021-05-05T11:58:47","date_gmt":"2021-05-05T09:58:47","guid":{"rendered":"https:\/\/www.krafthand.de\/truck\/?p=27856"},"modified":"2021-05-05T12:00:40","modified_gmt":"2021-05-05T10:00:40","slug":"durchatmen","status":"publish","type":"post","link":"https:\/\/www.krafthand.de\/truck\/artikel\/durchatmen-27856\/","title":{"rendered":"Durchatmen"},"content":{"rendered":"<p>Sp\u00e4testens jetzt im Fr\u00fchling sollte der Innenraumfilter getauscht werden. Pollen und freigesetzte Allergen setzen den Lkw-Fahrerinnen und Fahrern zus\u00e4tzlich zu. Hinzu kommen Stickoxide, Feinstaubpartikel und andere Schadstoffe. Der Filtrationsexperte Mann+Hummel aus Ludwigsburg bietet mit den Frecious-Plus Innenraumfiltern in Erstausr\u00fcstungsqualit\u00e4t einen wirksamen Schutz vor belasteter Luft.<\/p>\n<p>Tats\u00e4chlich saugt das L\u00fcftungssystem eines Lkw enorme Mengen an Au\u00dfenluft in die Fahrerkabine. Die Luft im Innenraum ist dadurch h\u00e4ufig um ein Vielfaches st\u00e4rker belastet als die Umgebungsluft. \u201eEine gr\u00fcndliche Reinigung der Au\u00dfenluft durch einen Innenraumfilter ist daher besonders f\u00fcr Berufskraftfahrer unerl\u00e4sslich\u201c, so eine Expertin von <a href=\"https:\/\/www.mann-hummel.com\/de\/\" target=\"_blank\" rel=\"noopener\">Mann+Hummel<\/a>.<\/p>\n<p>Der Innenraumfilter Frecious-Plus verf\u00fcgt \u00fcber verschiedene Schichten. Neben groben Partikeln wie Staub und Reifenabrieb wird auch gesundheitssch\u00e4dlicher Feinstaub mit einem aerodynamischen Durchmesser von weniger als 2,5 Mikrometer (PM2.5) gefiltert. Diese kleinen Partikel sind etwa 70-mal kleiner als ein menschliches Haar und k\u00f6nnen tief in die Lunge eindringen. Unangenehme Ger\u00fcche und Schadgase wie Stickoxide und Ozon werden ebenfalls aus der einstr\u00f6menden Luft adsorbiert. Mit einer biofunktionalen und antimikrobiellen Beschichtung binden die Filter laut Mann+Hummel zudem Allergene, die aus Pollen freigesetzt werden k\u00f6nnen und verringern das Wachstum von Mikroorganismen wie Schimmelpilze oder Bakterien auf dem Filter selbst. \u201eAufgrund der hohen Laufleistungen im gewerblichen Bereich sollte der Lkw-Innenraumfilter halbj\u00e4hrlich gewechselt werden, damit er seine volle Leistung erbringen kann.\u201c<\/p>\n<p><i>Den Beitrag finden Sie auch in der Print-Ausgabe 1-2\/2021 der <a href=\"https:\/\/www.krafthand.de\/truck\/magazin\/\" title=\"Zum Magazin\">Krafthand-Truck<\/a>.<\/i><\/p>","protected":false},"excerpt":{"rendered":"<p>Sp\u00e4testens jetzt im Fr\u00fchling sollte der Innenraumfilter getauscht werden. Pollen und freigesetzte Allergen setzen den Lkw-Fahrerinnen und Fahrern zus\u00e4tzlich zu. Hinzu kommen Stickoxide, Feinstaubpartikel und andere Schadstoffe. <span class=\"excerpt-more__dots\">&#8230;<\/span> <a class=\"excerpt-more__link\" href=\"https:\/\/www.krafthand.de\/truck\/artikel\/durchatmen-27856\/\" >weiter<\/a><\/p>\n","protected":false},"author":9,"featured_media":27857,"comment_status":"closed","ping_status":"closed","sticky":false,"template":"","format":"standard","meta":{"footnotes":""},"categories":[],"tags":[4448,1707,4447,699],"settings":[3523],"class_list":["post-27856","post","type-post","status-publish","format-standard","has-post-thumbnail","hentry","tag-allergene","tag-innenraumfilter","tag-mannhummel","tag-pollenfilter"],"yoast_head":"<!-- This site is optimized with the Yoast SEO plugin v27.3 - https:\/\/yoast.com\/product\/yoast-seo-wordpress\/ -->\n<title>Durchatmen - Krafthand-Truck<\/title>\n<meta name=\"robots\" content=\"index, follow, max-snippet:-1, max-image-preview:large, max-video-preview:-1\" \/>\n<link rel=\"canonical\" href=\"https:\/\/www.krafthand.de\/truck\/artikel\/durchatmen-27856\/\" \/>\n<meta property=\"og:locale\" content=\"de_DE\" \/>\n<meta property=\"og:type\" content=\"article\" \/>\n<meta property=\"og:title\" content=\"Durchatmen - Krafthand-Truck\" \/>\n<meta property=\"og:description\" content=\"Sp\u00e4testens jetzt im Fr\u00fchling sollte der Innenraumfilter getauscht werden. Pollen und freigesetzte Allergen setzen den Lkw-Fahrerinnen und Fahrern zus\u00e4tzlich zu. Hinzu kommen Stickoxide, Feinstaubpartikel und andere Schadstoffe. ... weiter\" \/>\n<meta property=\"og:url\" content=\"https:\/\/www.krafthand-truck.de\/artikel\/durchatmen-27856\/\" \/>\n<meta property=\"og:site_name\" content=\"Krafthand-Truck\" \/>\n<meta property=\"article:published_time\" content=\"2021-05-05T09:58:47+00:00\" \/>\n<meta property=\"article:modified_time\" content=\"2021-05-05T10:00:40+00:00\" \/>\n<meta property=\"og:image\" content=\"https:\/\/www.krafthand.de\/truck\/wp-content\/uploads\/2021\/05\/01_02_21_035_Mann_Hummel.jpg\" \/>\n\t<meta property=\"og:image:width\" content=\"1200\" \/>\n\t<meta property=\"og:image:height\" content=\"804\" \/>\n\t<meta property=\"og:image:type\" content=\"image\/jpeg\" \/>\n<meta name=\"author\" content=\"georg.blenk@krafthand-medien.de\" \/>\n<meta name=\"twitter:card\" content=\"summary_large_image\" \/>\n<meta name=\"twitter:label1\" content=\"Verfasst von\" \/>\n\t<meta name=\"twitter:data1\" content=\"georg.blenk@krafthand-medien.de\" \/>\n\t<meta name=\"twitter:label2\" content=\"Gesch\u00e4tzte Lesezeit\" \/>\n\t<meta name=\"twitter:data2\" content=\"1\u00a0Minute\" \/>\n<script type=\"application\/ld+json\" class=\"yoast-schema-graph\">{\"@context\":\"https:\\\/\\\/schema.org\",\"@graph\":[{\"@type\":\"Article\",\"@id\":\"https:\\\/\\\/www.krafthand.de\\\/truck\\\/artikel\\\/durchatmen-27856\\\/#article\",\"isPartOf\":{\"@id\":\"https:\\\/\\\/www.krafthand.de\\\/truck\\\/artikel\\\/durchatmen-27856\\\/\"},\"author\":{\"name\":\"georg.blenk@krafthand-medien.de\",\"@id\":\"https:\\\/\\\/www.krafthand.de\\\/truck\\\/#\\\/schema\\\/person\\\/51fa80b1c57034c4bf63f9f988fc24ce\"},\"headline\":\"Durchatmen\",\"datePublished\":\"2021-05-05T09:58:47+00:00\",\"dateModified\":\"2021-05-05T10:00:40+00:00\",\"mainEntityOfPage\":{\"@id\":\"https:\\\/\\\/www.krafthand.de\\\/truck\\\/artikel\\\/durchatmen-27856\\\/\"},\"wordCount\":231,\"image\":{\"@id\":\"https:\\\/\\\/www.krafthand.de\\\/truck\\\/artikel\\\/durchatmen-27856\\\/#primaryimage\"},\"thumbnailUrl\":\"https:\\\/\\\/static.krafthand-truck.de\\\/uploads\\\/2021\\\/05\\\/01_02_21_035_Mann_Hummel.jpg\",\"keywords\":[\"Allergene\",\"Innenraumfilter\",\"Mann+Hummel\",\"Pollenfilter\"],\"inLanguage\":\"de\"},{\"@type\":\"WebPage\",\"@id\":\"https:\\\/\\\/www.krafthand.de\\\/truck\\\/artikel\\\/durchatmen-27856\\\/\",\"url\":\"https:\\\/\\\/www.krafthand.de\\\/truck\\\/artikel\\\/durchatmen-27856\\\/\",\"name\":\"Durchatmen - Krafthand-Truck\",\"isPartOf\":{\"@id\":\"https:\\\/\\\/www.krafthand.de\\\/truck\\\/#website\"},\"primaryImageOfPage\":{\"@id\":\"https:\\\/\\\/www.krafthand.de\\\/truck\\\/artikel\\\/durchatmen-27856\\\/#primaryimage\"},\"image\":{\"@id\":\"https:\\\/\\\/www.krafthand.de\\\/truck\\\/artikel\\\/durchatmen-27856\\\/#primaryimage\"},\"thumbnailUrl\":\"https:\\\/\\\/static.krafthand-truck.de\\\/uploads\\\/2021\\\/05\\\/01_02_21_035_Mann_Hummel.jpg\",\"datePublished\":\"2021-05-05T09:58:47+00:00\",\"dateModified\":\"2021-05-05T10:00:40+00:00\",\"author\":{\"@id\":\"https:\\\/\\\/www.krafthand.de\\\/truck\\\/#\\\/schema\\\/person\\\/51fa80b1c57034c4bf63f9f988fc24ce\"},\"breadcrumb\":{\"@id\":\"https:\\\/\\\/www.krafthand.de\\\/truck\\\/artikel\\\/durchatmen-27856\\\/#breadcrumb\"},\"inLanguage\":\"de\",\"potentialAction\":[{\"@type\":\"ReadAction\",\"target\":[\"https:\\\/\\\/www.krafthand.de\\\/truck\\\/artikel\\\/durchatmen-27856\\\/\"]}]},{\"@type\":\"ImageObject\",\"inLanguage\":\"de\",\"@id\":\"https:\\\/\\\/www.krafthand.de\\\/truck\\\/artikel\\\/durchatmen-27856\\\/#primaryimage\",\"url\":\"https:\\\/\\\/static.krafthand-truck.de\\\/uploads\\\/2021\\\/05\\\/01_02_21_035_Mann_Hummel.jpg\",\"contentUrl\":\"https:\\\/\\\/static.krafthand-truck.de\\\/uploads\\\/2021\\\/05\\\/01_02_21_035_Mann_Hummel.jpg\",\"width\":1200,\"height\":804},{\"@type\":\"BreadcrumbList\",\"@id\":\"https:\\\/\\\/www.krafthand.de\\\/truck\\\/artikel\\\/durchatmen-27856\\\/#breadcrumb\",\"itemListElement\":[{\"@type\":\"ListItem\",\"position\":1,\"name\":\"Krafthand-Truck\",\"item\":\"https:\\\/\\\/www.krafthand.de\\\/truck\\\/\"},{\"@type\":\"ListItem\",\"position\":2,\"name\":\"Nfz-Technik\",\"item\":\"https:\\\/\\\/www.krafthand.de\\\/truck\\\/kategorie\\\/nfz-technik\\\/\"},{\"@type\":\"ListItem\",\"position\":3,\"name\":\"Durchatmen\"}]},{\"@type\":\"WebSite\",\"@id\":\"https:\\\/\\\/www.krafthand.de\\\/truck\\\/#website\",\"url\":\"https:\\\/\\\/www.krafthand.de\\\/truck\\\/\",\"name\":\"Krafthand-Truck\",\"description\":\"\",\"potentialAction\":[{\"@type\":\"SearchAction\",\"target\":{\"@type\":\"EntryPoint\",\"urlTemplate\":\"https:\\\/\\\/www.krafthand.de\\\/truck\\\/?s={search_term_string}\"},\"query-input\":{\"@type\":\"PropertyValueSpecification\",\"valueRequired\":true,\"valueName\":\"search_term_string\"}}],\"inLanguage\":\"de\"},{\"@type\":\"Person\",\"@id\":\"https:\\\/\\\/www.krafthand.de\\\/truck\\\/#\\\/schema\\\/person\\\/51fa80b1c57034c4bf63f9f988fc24ce\",\"name\":\"georg.blenk@krafthand-medien.de\",\"image\":{\"@type\":\"ImageObject\",\"inLanguage\":\"de\",\"@id\":\"https:\\\/\\\/secure.gravatar.com\\\/avatar\\\/93713c30affe0aa95d3a4130e499bb1abee2eb31adbdd9ce2aa1543538490215?s=96&d=mm&r=g\",\"url\":\"https:\\\/\\\/secure.gravatar.com\\\/avatar\\\/93713c30affe0aa95d3a4130e499bb1abee2eb31adbdd9ce2aa1543538490215?s=96&d=mm&r=g\",\"contentUrl\":\"https:\\\/\\\/secure.gravatar.com\\\/avatar\\\/93713c30affe0aa95d3a4130e499bb1abee2eb31adbdd9ce2aa1543538490215?s=96&d=mm&r=g\",\"caption\":\"georg.blenk@krafthand-medien.de\"}}]}<\/script>\n<!-- \/ Yoast SEO plugin. -->","yoast_head_json":{"title":"Durchatmen - Krafthand-Truck","robots":{"index":"index","follow":"follow","max-snippet":"max-snippet:-1","max-image-preview":"max-image-preview:large","max-video-preview":"max-video-preview:-1"},"canonical":"https:\/\/www.krafthand.de\/truck\/artikel\/durchatmen-27856\/","og_locale":"de_DE","og_type":"article","og_title":"Durchatmen - Krafthand-Truck","og_description":"Sp\u00e4testens jetzt im Fr\u00fchling sollte der Innenraumfilter getauscht werden. Pollen und freigesetzte Allergen setzen den Lkw-Fahrerinnen und Fahrern zus\u00e4tzlich zu. Hinzu kommen Stickoxide, Feinstaubpartikel und andere Schadstoffe. ... weiter","og_url":"https:\/\/www.krafthand-truck.de\/artikel\/durchatmen-27856\/","og_site_name":"Krafthand-Truck","article_published_time":"2021-05-05T09:58:47+00:00","article_modified_time":"2021-05-05T10:00:40+00:00","og_image":[{"width":1200,"height":804,"url":"https:\/\/www.krafthand.de\/truck\/wp-content\/uploads\/2021\/05\/01_02_21_035_Mann_Hummel.jpg","type":"image\/jpeg"}],"author":"georg.blenk@krafthand-medien.de","twitter_card":"summary_large_image","twitter_misc":{"Verfasst von":"georg.blenk@krafthand-medien.de","Gesch\u00e4tzte Lesezeit":"1\u00a0Minute"},"schema":{"@context":"https:\/\/schema.org","@graph":[{"@type":"Article","@id":"https:\/\/www.krafthand.de\/truck\/artikel\/durchatmen-27856\/#article","isPartOf":{"@id":"https:\/\/www.krafthand.de\/truck\/artikel\/durchatmen-27856\/"},"author":{"name":"georg.blenk@krafthand-medien.de","@id":"https:\/\/www.krafthand.de\/truck\/#\/schema\/person\/51fa80b1c57034c4bf63f9f988fc24ce"},"headline":"Durchatmen","datePublished":"2021-05-05T09:58:47+00:00","dateModified":"2021-05-05T10:00:40+00:00","mainEntityOfPage":{"@id":"https:\/\/www.krafthand.de\/truck\/artikel\/durchatmen-27856\/"},"wordCount":231,"image":{"@id":"https:\/\/www.krafthand.de\/truck\/artikel\/durchatmen-27856\/#primaryimage"},"thumbnailUrl":"https:\/\/static.krafthand-truck.de\/uploads\/2021\/05\/01_02_21_035_Mann_Hummel.jpg","keywords":["Allergene","Innenraumfilter","Mann+Hummel","Pollenfilter"],"inLanguage":"de"},{"@type":"WebPage","@id":"https:\/\/www.krafthand.de\/truck\/artikel\/durchatmen-27856\/","url":"https:\/\/www.krafthand.de\/truck\/artikel\/durchatmen-27856\/","name":"Durchatmen - Krafthand-Truck","isPartOf":{"@id":"https:\/\/www.krafthand.de\/truck\/#website"},"primaryImageOfPage":{"@id":"https:\/\/www.krafthand.de\/truck\/artikel\/durchatmen-27856\/#primaryimage"},"image":{"@id":"https:\/\/www.krafthand.de\/truck\/artikel\/durchatmen-27856\/#primaryimage"},"thumbnailUrl":"https:\/\/static.krafthand-truck.de\/uploads\/2021\/05\/01_02_21_035_Mann_Hummel.jpg","datePublished":"2021-05-05T09:58:47+00:00","dateModified":"2021-05-05T10:00:40+00:00","author":{"@id":"https:\/\/www.krafthand.de\/truck\/#\/schema\/person\/51fa80b1c57034c4bf63f9f988fc24ce"},"breadcrumb":{"@id":"https:\/\/www.krafthand.de\/truck\/artikel\/durchatmen-27856\/#breadcrumb"},"inLanguage":"de","potentialAction":[{"@type":"ReadAction","target":["https:\/\/www.krafthand.de\/truck\/artikel\/durchatmen-27856\/"]}]},{"@type":"ImageObject","inLanguage":"de","@id":"https:\/\/www.krafthand.de\/truck\/artikel\/durchatmen-27856\/#primaryimage","url":"https:\/\/static.krafthand-truck.de\/uploads\/2021\/05\/01_02_21_035_Mann_Hummel.jpg","contentUrl":"https:\/\/static.krafthand-truck.de\/uploads\/2021\/05\/01_02_21_035_Mann_Hummel.jpg","width":1200,"height":804},{"@type":"BreadcrumbList","@id":"https:\/\/www.krafthand.de\/truck\/artikel\/durchatmen-27856\/#breadcrumb","itemListElement":[{"@type":"ListItem","position":1,"name":"Krafthand-Truck","item":"https:\/\/www.krafthand.de\/truck\/"},{"@type":"ListItem","position":2,"name":"Nfz-Technik","item":"https:\/\/www.krafthand.de\/truck\/kategorie\/nfz-technik\/"},{"@type":"ListItem","position":3,"name":"Durchatmen"}]},{"@type":"WebSite","@id":"https:\/\/www.krafthand.de\/truck\/#website","url":"https:\/\/www.krafthand.de\/truck\/","name":"Krafthand-Truck","description":"","potentialAction":[{"@type":"SearchAction","target":{"@type":"EntryPoint","urlTemplate":"https:\/\/www.krafthand.de\/truck\/?s={search_term_string}"},"query-input":{"@type":"PropertyValueSpecification","valueRequired":true,"valueName":"search_term_string"}}],"inLanguage":"de"},{"@type":"Person","@id":"https:\/\/www.krafthand.de\/truck\/#\/schema\/person\/51fa80b1c57034c4bf63f9f988fc24ce","name":"georg.blenk@krafthand-medien.de","image":{"@type":"ImageObject","inLanguage":"de","@id":"https:\/\/secure.gravatar.com\/avatar\/93713c30affe0aa95d3a4130e499bb1abee2eb31adbdd9ce2aa1543538490215?s=96&d=mm&r=g","url":"https:\/\/secure.gravatar.com\/avatar\/93713c30affe0aa95d3a4130e499bb1abee2eb31adbdd9ce2aa1543538490215?s=96&d=mm&r=g","contentUrl":"https:\/\/secure.gravatar.com\/avatar\/93713c30affe0aa95d3a4130e499bb1abee2eb31adbdd9ce2aa1543538490215?s=96&d=mm&r=g","caption":"georg.blenk@krafthand-medien.de"}}]}},"_links":{"self":[{"href":"https:\/\/www.krafthand.de\/truck\/wp-json\/wp\/v2\/posts\/27856","targetHints":{"allow":["GET"]}}],"collection":[{"href":"https:\/\/www.krafthand.de\/truck\/wp-json\/wp\/v2\/posts"}],"about":[{"href":"https:\/\/www.krafthand.de\/truck\/wp-json\/wp\/v2\/types\/post"}],"author":[{"embeddable":true,"href":"https:\/\/www.krafthand.de\/truck\/wp-json\/wp\/v2\/users\/9"}],"replies":[{"embeddable":true,"href":"https:\/\/www.krafthand.de\/truck\/wp-json\/wp\/v2\/comments?post=27856"}],"version-history":[{"count":3,"href":"https:\/\/www.krafthand.de\/truck\/wp-json\/wp\/v2\/posts\/27856\/revisions"}],"predecessor-version":[{"id":27860,"href":"https:\/\/www.krafthand.de\/truck\/wp-json\/wp\/v2\/posts\/27856\/revisions\/27860"}],"wp:featuredmedia":[{"embeddable":true,"href":"https:\/\/www.krafthand.de\/truck\/wp-json\/wp\/v2\/media\/27857"}],"wp:attachment":[{"href":"https:\/\/www.krafthand.de\/truck\/wp-json\/wp\/v2\/media?parent=27856"}],"wp:term":[{"taxonomy":"category","embeddable":true,"href":"https:\/\/www.krafthand.de\/truck\/wp-json\/wp\/v2\/categories?post=27856"},{"taxonomy":"post_tag","embeddable":true,"href":"https:\/\/www.krafthand.de\/truck\/wp-json\/wp\/v2\/tags?post=27856"},{"taxonomy":"settings","embeddable":true,"href":"https:\/\/www.krafthand.de\/truck\/wp-json\/wp\/v2\/settings?post=27856"}],"curies":[{"name":"wp","href":"https:\/\/api.w.org\/{rel}","templated":true}]}}