{"id":27837,"date":"2021-05-04T09:08:20","date_gmt":"2021-05-04T07:08:20","guid":{"rendered":"https:\/\/www.krafthand.de\/truck\/?p=27837"},"modified":"2021-05-04T12:08:04","modified_gmt":"2021-05-04T10:08:04","slug":"neues-digitalkonzept-und-absage-an-besucher","status":"publish","type":"post","link":"https:\/\/www.krafthand.de\/truck\/artikel\/neues-digitalkonzept-und-absage-an-besucher-27837\/","title":{"rendered":"Automechanika: Neues Digitalkonzept"},"content":{"rendered":"<p>Die lange alles bewegende Frage in der Branche, ob die Automechanika in diesem Jahr wirklich als Pr\u00e4senzveranstaltung mit Besuchern stattfinden wird, ist beantwortet. Wie der Veranstalter mitteilt, \u00e4ndert er seinen Kurs \u2013 ohne pers\u00f6nliches Networking komplett auszuschlie\u00dfen.<\/p>\n<p>So wurde das Konzept f\u00fcr die urspr\u00fcnglich erstmals als hybride Veranstaltung geplante <a href=\"https:\/\/automechanika.messefrankfurt.com\/frankfurt\/de.html\" target=\"_blank\" rel=\"noopener\">Automechanika<\/a> modifiziert \u2013 zumindest f\u00fcr den physischen Veranstaltungsteil. Detlef Braun, Gesch\u00e4ftsf\u00fchrer der Messe Frankfurt erkl\u00e4rt dazu: <em>\u201eAufgrund der angespannten Lage durch die Corona-Pandemie k\u00f6nnen wir die Erwartungen unserer Kunden hinsichtlich einer internationalen Weltleitmesse im September dieses Jahr nicht erf\u00fcllen. Denn daf\u00fcr ist nicht nur eine offizielle Genehmigung f\u00fcr die Veranstaltung erforderlich, sondern es m\u00fcssen auch die internationalen Reiseverbindungen m\u00f6glich sein.\u201c<\/em><\/p>\n<p>Deshalb habe man seinen Worten zufolge das Konzept f\u00fcr die diesj\u00e4hrige Automechanika angepasst: Nach dem Prinzip \u201ePlug &amp; Play\u201c soll es nun zwar Pr\u00e4sentationsm\u00f6glichkeiten und pers\u00f6nliches Networking auf dem Messegel\u00e4nde vom 14. bis 16. September geben, jedoch bei reduzierten Messevorbereitungen sowie daraus resultierenden geringeren Risiko und Kosten. Konkret bietet das neue Konzept Unternehmen unterschiedliche Formate sich zu pr\u00e4sentieren sowie diverse Networking-Lounges, die pers\u00f6nliche Begegnungen unter den geltenden Corona-Schutzma\u00dfnahmen erm\u00f6glichen.<\/p>\n<p>Unternehmen, denen es wegen Reiserestriktionen nicht m\u00f6glich ist nach Frankfurt zu kommen, k\u00f6nnen \u00fcber eine digitale Plattform ihre Produkte pr\u00e4sentieren, sich mit Besuchern virtuell treffen und vernetzen. Die digitalen Angebote (Live-Chats, Live-Streams, 1:1 Video-Calls etc.), die auch schon f\u00fcr die Hybridmesse vorgesehen waren, beinhaltet das jetzige Konzept ebenso.<\/p>\n<p>Zur weiteren Zukunft sagt Braun: <em>\u201eF\u00fcr n\u00e4chstes Jahr planen wir die Automechanika Frankfurt wieder als die Messe, wie wir sie alle kennen. Sie wird vom 13. bis 17. September 2022 stattfinden.\u201c<\/em><\/p>\n","protected":false},"excerpt":{"rendered":"<p>Die lange alles bewegende Frage in der Branche, ob die Automechanika in diesem Jahr wirklich als Pr\u00e4senzveranstaltung mit Besuchern stattfinden wird, ist beantwortet. Wie der Veranstalter mitteilt, \u00e4ndert er seinen Kurs \u2013 ohne pers\u00f6nliches Networking komplett auszuschlie\u00dfen. <span class=\"excerpt-more__dots\">&#8230;<\/span> <a class=\"excerpt-more__link\" href=\"https:\/\/www.krafthand.de\/truck\/artikel\/neues-digitalkonzept-und-absage-an-besucher-27837\/\" >weiter<\/a><\/p>\n","protected":false},"author":9,"featured_media":27839,"comment_status":"closed","ping_status":"closed","sticky":false,"template":"","format":"standard","meta":{"footnotes":""},"categories":[4236],"tags":[1346,4444],"settings":[3523],"class_list":["post-27837","post","type-post","status-publish","format-standard","has-post-thumbnail","hentry","category-veranstaltungen","tag-automechanika","tag-detlef-braun"],"yoast_head":"<!-- This site is optimized with the Yoast SEO plugin v27.3 - https:\/\/yoast.com\/product\/yoast-seo-wordpress\/ -->\n<title>Automechanika: Neues Digitalkonzept - Krafthand-Truck<\/title>\n<meta name=\"robots\" content=\"index, follow, max-snippet:-1, max-image-preview:large, max-video-preview:-1\" \/>\n<link rel=\"canonical\" href=\"https:\/\/www.krafthand.de\/truck\/artikel\/neues-digitalkonzept-und-absage-an-besucher-27837\/\" \/>\n<meta property=\"og:locale\" content=\"de_DE\" \/>\n<meta property=\"og:type\" content=\"article\" \/>\n<meta property=\"og:title\" content=\"Automechanika: Neues Digitalkonzept - Krafthand-Truck\" \/>\n<meta property=\"og:description\" content=\"Die lange alles bewegende Frage in der Branche, ob die Automechanika in diesem Jahr wirklich als Pr\u00e4senzveranstaltung mit Besuchern stattfinden wird, ist beantwortet. Wie der Veranstalter mitteilt, \u00e4ndert er seinen Kurs \u2013 ohne pers\u00f6nliches Networking komplett auszuschlie\u00dfen. ... weiter\" \/>\n<meta property=\"og:url\" content=\"https:\/\/www.krafthand-truck.de\/artikel\/neues-digitalkonzept-und-absage-an-besucher-27837\/\" \/>\n<meta property=\"og:site_name\" content=\"Krafthand-Truck\" \/>\n<meta property=\"article:published_time\" content=\"2021-05-04T07:08:20+00:00\" \/>\n<meta property=\"article:modified_time\" content=\"2021-05-04T10:08:04+00:00\" \/>\n<meta property=\"og:image\" content=\"https:\/\/www.krafthand.de\/truck\/wp-content\/uploads\/2021\/05\/Automechanika-Frankfurt_DigitalPlus_Banner_de.jpg\" \/>\n\t<meta property=\"og:image:width\" content=\"1000\" \/>\n\t<meta property=\"og:image:height\" content=\"415\" \/>\n\t<meta property=\"og:image:type\" content=\"image\/jpeg\" \/>\n<meta name=\"author\" content=\"georg.blenk@krafthand-medien.de\" \/>\n<meta name=\"twitter:card\" content=\"summary_large_image\" \/>\n<meta name=\"twitter:label1\" content=\"Verfasst von\" \/>\n\t<meta name=\"twitter:data1\" content=\"georg.blenk@krafthand-medien.de\" \/>\n\t<meta name=\"twitter:label2\" content=\"Gesch\u00e4tzte Lesezeit\" \/>\n\t<meta name=\"twitter:data2\" content=\"2\u00a0Minuten\" \/>\n<script type=\"application\/ld+json\" class=\"yoast-schema-graph\">{\"@context\":\"https:\\\/\\\/schema.org\",\"@graph\":[{\"@type\":\"Article\",\"@id\":\"https:\\\/\\\/www.krafthand.de\\\/truck\\\/artikel\\\/neues-digitalkonzept-und-absage-an-besucher-27837\\\/#article\",\"isPartOf\":{\"@id\":\"https:\\\/\\\/www.krafthand.de\\\/truck\\\/artikel\\\/neues-digitalkonzept-und-absage-an-besucher-27837\\\/\"},\"author\":{\"name\":\"georg.blenk@krafthand-medien.de\",\"@id\":\"https:\\\/\\\/www.krafthand.de\\\/truck\\\/#\\\/schema\\\/person\\\/51fa80b1c57034c4bf63f9f988fc24ce\"},\"headline\":\"Automechanika: Neues Digitalkonzept\",\"datePublished\":\"2021-05-04T07:08:20+00:00\",\"dateModified\":\"2021-05-04T10:08:04+00:00\",\"mainEntityOfPage\":{\"@id\":\"https:\\\/\\\/www.krafthand.de\\\/truck\\\/artikel\\\/neues-digitalkonzept-und-absage-an-besucher-27837\\\/\"},\"wordCount\":283,\"image\":{\"@id\":\"https:\\\/\\\/www.krafthand.de\\\/truck\\\/artikel\\\/neues-digitalkonzept-und-absage-an-besucher-27837\\\/#primaryimage\"},\"thumbnailUrl\":\"https:\\\/\\\/static.krafthand-truck.de\\\/uploads\\\/2021\\\/05\\\/Automechanika-Frankfurt_DigitalPlus_Banner_de.jpg\",\"keywords\":[\"Automechanika\",\"Detlef Braun\"],\"articleSection\":[\"Veranstaltungen\\\/Messen\"],\"inLanguage\":\"de\"},{\"@type\":\"WebPage\",\"@id\":\"https:\\\/\\\/www.krafthand.de\\\/truck\\\/artikel\\\/neues-digitalkonzept-und-absage-an-besucher-27837\\\/\",\"url\":\"https:\\\/\\\/www.krafthand.de\\\/truck\\\/artikel\\\/neues-digitalkonzept-und-absage-an-besucher-27837\\\/\",\"name\":\"Automechanika: Neues Digitalkonzept - Krafthand-Truck\",\"isPartOf\":{\"@id\":\"https:\\\/\\\/www.krafthand.de\\\/truck\\\/#website\"},\"primaryImageOfPage\":{\"@id\":\"https:\\\/\\\/www.krafthand.de\\\/truck\\\/artikel\\\/neues-digitalkonzept-und-absage-an-besucher-27837\\\/#primaryimage\"},\"image\":{\"@id\":\"https:\\\/\\\/www.krafthand.de\\\/truck\\\/artikel\\\/neues-digitalkonzept-und-absage-an-besucher-27837\\\/#primaryimage\"},\"thumbnailUrl\":\"https:\\\/\\\/static.krafthand-truck.de\\\/uploads\\\/2021\\\/05\\\/Automechanika-Frankfurt_DigitalPlus_Banner_de.jpg\",\"datePublished\":\"2021-05-04T07:08:20+00:00\",\"dateModified\":\"2021-05-04T10:08:04+00:00\",\"author\":{\"@id\":\"https:\\\/\\\/www.krafthand.de\\\/truck\\\/#\\\/schema\\\/person\\\/51fa80b1c57034c4bf63f9f988fc24ce\"},\"breadcrumb\":{\"@id\":\"https:\\\/\\\/www.krafthand.de\\\/truck\\\/artikel\\\/neues-digitalkonzept-und-absage-an-besucher-27837\\\/#breadcrumb\"},\"inLanguage\":\"de\",\"potentialAction\":[{\"@type\":\"ReadAction\",\"target\":[\"https:\\\/\\\/www.krafthand.de\\\/truck\\\/artikel\\\/neues-digitalkonzept-und-absage-an-besucher-27837\\\/\"]}]},{\"@type\":\"ImageObject\",\"inLanguage\":\"de\",\"@id\":\"https:\\\/\\\/www.krafthand.de\\\/truck\\\/artikel\\\/neues-digitalkonzept-und-absage-an-besucher-27837\\\/#primaryimage\",\"url\":\"https:\\\/\\\/static.krafthand-truck.de\\\/uploads\\\/2021\\\/05\\\/Automechanika-Frankfurt_DigitalPlus_Banner_de.jpg\",\"contentUrl\":\"https:\\\/\\\/static.krafthand-truck.de\\\/uploads\\\/2021\\\/05\\\/Automechanika-Frankfurt_DigitalPlus_Banner_de.jpg\",\"width\":1000,\"height\":415},{\"@type\":\"BreadcrumbList\",\"@id\":\"https:\\\/\\\/www.krafthand.de\\\/truck\\\/artikel\\\/neues-digitalkonzept-und-absage-an-besucher-27837\\\/#breadcrumb\",\"itemListElement\":[{\"@type\":\"ListItem\",\"position\":1,\"name\":\"Krafthand-Truck\",\"item\":\"https:\\\/\\\/www.krafthand.de\\\/truck\\\/\"},{\"@type\":\"ListItem\",\"position\":2,\"name\":\"Nfz-Branche\",\"item\":\"https:\\\/\\\/www.krafthand.de\\\/truck\\\/kategorie\\\/branche\\\/\"},{\"@type\":\"ListItem\",\"position\":3,\"name\":\"Veranstaltungen\\\/Messen\",\"item\":\"https:\\\/\\\/www.krafthand.de\\\/truck\\\/kategorie\\\/branche\\\/veranstaltungen\\\/\"},{\"@type\":\"ListItem\",\"position\":4,\"name\":\"Automechanika: Neues Digitalkonzept\"}]},{\"@type\":\"WebSite\",\"@id\":\"https:\\\/\\\/www.krafthand.de\\\/truck\\\/#website\",\"url\":\"https:\\\/\\\/www.krafthand.de\\\/truck\\\/\",\"name\":\"Krafthand-Truck\",\"description\":\"\",\"potentialAction\":[{\"@type\":\"SearchAction\",\"target\":{\"@type\":\"EntryPoint\",\"urlTemplate\":\"https:\\\/\\\/www.krafthand.de\\\/truck\\\/?s={search_term_string}\"},\"query-input\":{\"@type\":\"PropertyValueSpecification\",\"valueRequired\":true,\"valueName\":\"search_term_string\"}}],\"inLanguage\":\"de\"},{\"@type\":\"Person\",\"@id\":\"https:\\\/\\\/www.krafthand.de\\\/truck\\\/#\\\/schema\\\/person\\\/51fa80b1c57034c4bf63f9f988fc24ce\",\"name\":\"georg.blenk@krafthand-medien.de\",\"image\":{\"@type\":\"ImageObject\",\"inLanguage\":\"de\",\"@id\":\"https:\\\/\\\/secure.gravatar.com\\\/avatar\\\/93713c30affe0aa95d3a4130e499bb1abee2eb31adbdd9ce2aa1543538490215?s=96&d=mm&r=g\",\"url\":\"https:\\\/\\\/secure.gravatar.com\\\/avatar\\\/93713c30affe0aa95d3a4130e499bb1abee2eb31adbdd9ce2aa1543538490215?s=96&d=mm&r=g\",\"contentUrl\":\"https:\\\/\\\/secure.gravatar.com\\\/avatar\\\/93713c30affe0aa95d3a4130e499bb1abee2eb31adbdd9ce2aa1543538490215?s=96&d=mm&r=g\",\"caption\":\"georg.blenk@krafthand-medien.de\"}}]}<\/script>\n<!-- \/ Yoast SEO plugin. -->","yoast_head_json":{"title":"Automechanika: Neues Digitalkonzept - Krafthand-Truck","robots":{"index":"index","follow":"follow","max-snippet":"max-snippet:-1","max-image-preview":"max-image-preview:large","max-video-preview":"max-video-preview:-1"},"canonical":"https:\/\/www.krafthand.de\/truck\/artikel\/neues-digitalkonzept-und-absage-an-besucher-27837\/","og_locale":"de_DE","og_type":"article","og_title":"Automechanika: Neues Digitalkonzept - Krafthand-Truck","og_description":"Die lange alles bewegende Frage in der Branche, ob die Automechanika in diesem Jahr wirklich als Pr\u00e4senzveranstaltung mit Besuchern stattfinden wird, ist beantwortet. Wie der Veranstalter mitteilt, \u00e4ndert er seinen Kurs \u2013 ohne pers\u00f6nliches Networking komplett auszuschlie\u00dfen. ... weiter","og_url":"https:\/\/www.krafthand-truck.de\/artikel\/neues-digitalkonzept-und-absage-an-besucher-27837\/","og_site_name":"Krafthand-Truck","article_published_time":"2021-05-04T07:08:20+00:00","article_modified_time":"2021-05-04T10:08:04+00:00","og_image":[{"width":1000,"height":415,"url":"https:\/\/www.krafthand.de\/truck\/wp-content\/uploads\/2021\/05\/Automechanika-Frankfurt_DigitalPlus_Banner_de.jpg","type":"image\/jpeg"}],"author":"georg.blenk@krafthand-medien.de","twitter_card":"summary_large_image","twitter_misc":{"Verfasst von":"georg.blenk@krafthand-medien.de","Gesch\u00e4tzte Lesezeit":"2\u00a0Minuten"},"schema":{"@context":"https:\/\/schema.org","@graph":[{"@type":"Article","@id":"https:\/\/www.krafthand.de\/truck\/artikel\/neues-digitalkonzept-und-absage-an-besucher-27837\/#article","isPartOf":{"@id":"https:\/\/www.krafthand.de\/truck\/artikel\/neues-digitalkonzept-und-absage-an-besucher-27837\/"},"author":{"name":"georg.blenk@krafthand-medien.de","@id":"https:\/\/www.krafthand.de\/truck\/#\/schema\/person\/51fa80b1c57034c4bf63f9f988fc24ce"},"headline":"Automechanika: Neues Digitalkonzept","datePublished":"2021-05-04T07:08:20+00:00","dateModified":"2021-05-04T10:08:04+00:00","mainEntityOfPage":{"@id":"https:\/\/www.krafthand.de\/truck\/artikel\/neues-digitalkonzept-und-absage-an-besucher-27837\/"},"wordCount":283,"image":{"@id":"https:\/\/www.krafthand.de\/truck\/artikel\/neues-digitalkonzept-und-absage-an-besucher-27837\/#primaryimage"},"thumbnailUrl":"https:\/\/static.krafthand-truck.de\/uploads\/2021\/05\/Automechanika-Frankfurt_DigitalPlus_Banner_de.jpg","keywords":["Automechanika","Detlef Braun"],"articleSection":["Veranstaltungen\/Messen"],"inLanguage":"de"},{"@type":"WebPage","@id":"https:\/\/www.krafthand.de\/truck\/artikel\/neues-digitalkonzept-und-absage-an-besucher-27837\/","url":"https:\/\/www.krafthand.de\/truck\/artikel\/neues-digitalkonzept-und-absage-an-besucher-27837\/","name":"Automechanika: Neues Digitalkonzept - Krafthand-Truck","isPartOf":{"@id":"https:\/\/www.krafthand.de\/truck\/#website"},"primaryImageOfPage":{"@id":"https:\/\/www.krafthand.de\/truck\/artikel\/neues-digitalkonzept-und-absage-an-besucher-27837\/#primaryimage"},"image":{"@id":"https:\/\/www.krafthand.de\/truck\/artikel\/neues-digitalkonzept-und-absage-an-besucher-27837\/#primaryimage"},"thumbnailUrl":"https:\/\/static.krafthand-truck.de\/uploads\/2021\/05\/Automechanika-Frankfurt_DigitalPlus_Banner_de.jpg","datePublished":"2021-05-04T07:08:20+00:00","dateModified":"2021-05-04T10:08:04+00:00","author":{"@id":"https:\/\/www.krafthand.de\/truck\/#\/schema\/person\/51fa80b1c57034c4bf63f9f988fc24ce"},"breadcrumb":{"@id":"https:\/\/www.krafthand.de\/truck\/artikel\/neues-digitalkonzept-und-absage-an-besucher-27837\/#breadcrumb"},"inLanguage":"de","potentialAction":[{"@type":"ReadAction","target":["https:\/\/www.krafthand.de\/truck\/artikel\/neues-digitalkonzept-und-absage-an-besucher-27837\/"]}]},{"@type":"ImageObject","inLanguage":"de","@id":"https:\/\/www.krafthand.de\/truck\/artikel\/neues-digitalkonzept-und-absage-an-besucher-27837\/#primaryimage","url":"https:\/\/static.krafthand-truck.de\/uploads\/2021\/05\/Automechanika-Frankfurt_DigitalPlus_Banner_de.jpg","contentUrl":"https:\/\/static.krafthand-truck.de\/uploads\/2021\/05\/Automechanika-Frankfurt_DigitalPlus_Banner_de.jpg","width":1000,"height":415},{"@type":"BreadcrumbList","@id":"https:\/\/www.krafthand.de\/truck\/artikel\/neues-digitalkonzept-und-absage-an-besucher-27837\/#breadcrumb","itemListElement":[{"@type":"ListItem","position":1,"name":"Krafthand-Truck","item":"https:\/\/www.krafthand.de\/truck\/"},{"@type":"ListItem","position":2,"name":"Nfz-Branche","item":"https:\/\/www.krafthand.de\/truck\/kategorie\/branche\/"},{"@type":"ListItem","position":3,"name":"Veranstaltungen\/Messen","item":"https:\/\/www.krafthand.de\/truck\/kategorie\/branche\/veranstaltungen\/"},{"@type":"ListItem","position":4,"name":"Automechanika: Neues Digitalkonzept"}]},{"@type":"WebSite","@id":"https:\/\/www.krafthand.de\/truck\/#website","url":"https:\/\/www.krafthand.de\/truck\/","name":"Krafthand-Truck","description":"","potentialAction":[{"@type":"SearchAction","target":{"@type":"EntryPoint","urlTemplate":"https:\/\/www.krafthand.de\/truck\/?s={search_term_string}"},"query-input":{"@type":"PropertyValueSpecification","valueRequired":true,"valueName":"search_term_string"}}],"inLanguage":"de"},{"@type":"Person","@id":"https:\/\/www.krafthand.de\/truck\/#\/schema\/person\/51fa80b1c57034c4bf63f9f988fc24ce","name":"georg.blenk@krafthand-medien.de","image":{"@type":"ImageObject","inLanguage":"de","@id":"https:\/\/secure.gravatar.com\/avatar\/93713c30affe0aa95d3a4130e499bb1abee2eb31adbdd9ce2aa1543538490215?s=96&d=mm&r=g","url":"https:\/\/secure.gravatar.com\/avatar\/93713c30affe0aa95d3a4130e499bb1abee2eb31adbdd9ce2aa1543538490215?s=96&d=mm&r=g","contentUrl":"https:\/\/secure.gravatar.com\/avatar\/93713c30affe0aa95d3a4130e499bb1abee2eb31adbdd9ce2aa1543538490215?s=96&d=mm&r=g","caption":"georg.blenk@krafthand-medien.de"}}]}},"_links":{"self":[{"href":"https:\/\/www.krafthand.de\/truck\/wp-json\/wp\/v2\/posts\/27837","targetHints":{"allow":["GET"]}}],"collection":[{"href":"https:\/\/www.krafthand.de\/truck\/wp-json\/wp\/v2\/posts"}],"about":[{"href":"https:\/\/www.krafthand.de\/truck\/wp-json\/wp\/v2\/types\/post"}],"author":[{"embeddable":true,"href":"https:\/\/www.krafthand.de\/truck\/wp-json\/wp\/v2\/users\/9"}],"replies":[{"embeddable":true,"href":"https:\/\/www.krafthand.de\/truck\/wp-json\/wp\/v2\/comments?post=27837"}],"version-history":[{"count":4,"href":"https:\/\/www.krafthand.de\/truck\/wp-json\/wp\/v2\/posts\/27837\/revisions"}],"predecessor-version":[{"id":27842,"href":"https:\/\/www.krafthand.de\/truck\/wp-json\/wp\/v2\/posts\/27837\/revisions\/27842"}],"wp:featuredmedia":[{"embeddable":true,"href":"https:\/\/www.krafthand.de\/truck\/wp-json\/wp\/v2\/media\/27839"}],"wp:attachment":[{"href":"https:\/\/www.krafthand.de\/truck\/wp-json\/wp\/v2\/media?parent=27837"}],"wp:term":[{"taxonomy":"category","embeddable":true,"href":"https:\/\/www.krafthand.de\/truck\/wp-json\/wp\/v2\/categories?post=27837"},{"taxonomy":"post_tag","embeddable":true,"href":"https:\/\/www.krafthand.de\/truck\/wp-json\/wp\/v2\/tags?post=27837"},{"taxonomy":"settings","embeddable":true,"href":"https:\/\/www.krafthand.de\/truck\/wp-json\/wp\/v2\/settings?post=27837"}],"curies":[{"name":"wp","href":"https:\/\/api.w.org\/{rel}","templated":true}]}}