{"id":2774,"date":"2016-07-27T07:05:49","date_gmt":"2016-07-27T05:05:49","guid":{"rendered":"https:\/\/www.krafthand.de\/truck\/2016\/07\/27\/3g-logistiktag-in-fulda-rund-ums-recht-der-ladungssicherung\/"},"modified":"2016-07-27T07:05:49","modified_gmt":"2016-07-27T05:05:49","slug":"3g-logistiktag-in-fulda-rund-ums-recht-der-ladungssicherung","status":"publish","type":"post","link":"https:\/\/www.krafthand.de\/truck\/artikel\/3g-logistiktag-in-fulda-rund-ums-recht-der-ladungssicherung-2774\/","title":{"rendered":"3G-Logistiktag in Fulda: Rund ums Recht der Ladungssicherung"},"content":{"rendered":"<p class=\"text-colored\">Am 22. September veranstaltet das &#8218;3G Europ\u00e4isches Kompetenzzentrum Ladungssicherung&#8216; in Fulda den vierten 3G-Logistiktag. Hierbei steht die rechtliche Situation der Verladung im Mittelpunkt.<\/p>\n<p>Das Tagesseminar behandelt zwischen 9 und 17 Uhr die aktuellen rechtlichen Pflichten sowie die Verantwortlichkeiten bei der Ladungssicherung und deren Delegation.<br \/>\nDie Themen Verladerhaftung und Organisationsverschulden stehen dabei ebenso auf der Agenda wie konkrete Praxistipps. Der 4. Logistiktag richtet sich damit an Logistikleiter und Versandleiter, Trainer und Berater f\u00fcr Ladungssicherung, Sachverst\u00e4ndige, Gutachter sowie Fachkr\u00e4fte f\u00fcr Arbeitssicherheit. Als Referent konnte Rechtsanwalt und Dipl.-Verwaltungswirt (FH) J\u00fcrgen Scholl gewonnen werden. <\/p>\n<p><b>Verantwortlichkeiten<br \/><\/b>Der Gesetzgeber definiert f\u00fcr alle am Ladevorgang Beteiligten \u2013 also Frachtf\u00fchrer, Fahrzeughalter, Fahrer, Verlader und Lademeister \u2013 bestimmte Verantwortlichkeiten f\u00fcr die Ladungssicherung. So ist nach dem Handelsgesetzbuch (HGB) zum Beispiel der Verlader f\u00fcr die bef\u00f6rderungssichere Verladung verantwortlich, w\u00e4hrend Frachtf\u00fchrer und Fahrer die betriebssichere Verladung sicherstellen m\u00fcssen. <\/p>\n<p>Hintergrund ist, dass Verlader, Fahrer und Frachtf\u00fchrer \u00fcber spezifisches Fachwissen verf\u00fcgen: Frachtf\u00fchrer und Fahrer sind die Experten f\u00fcr ihr Fahrzeug und dessen Fahrverhalten. Der Verlader kennt seine Ware. Er kann am besten beurteilen, wie seine Sendungen gegen Sch\u00e4den gesch\u00fctzt, gesichert und hinsichtlich des Ladungsschwerpunktes gestapelt werden k\u00f6nnen.<\/p>\n<p><b>Haftungsrisiken<\/b><br \/>Der vierte 3G-Logistiktag zeigt auf, wie man sich bei Verladungen vor Haftungsrisiken, Falschformulierungen in Dienstleistervertr\u00e4gen und Organisationsverschulden sch\u00fctzen kann. Den fachlichen Auftakt des Logistiktages bildet ein Vortrag zu den Pflichten und der Verantwortung in der Ladungssicherung. Anschlie\u00dfend werden die Themen Verladerhaftung sowie die rechtlichen Konsequenzen beim Delegieren der Ladungssicherung aufgezeigt.<br \/>\n<b>Verladealltag<br \/><\/b>Nach der Mittagspause folgt ein Workshop, der sich auf die Fragestellungen aus dem Verladealltag der Teilnehmer konzentriert. Fragen k\u00f6nnen gerne vorab eingereicht oder am Tag der Veranstaltung mitgebracht werden. Ein weiterer Workshop widmet sich den Praxistipps. Hier wird zum Beispiel aufgezeigt, wie man sich am besten auf Gerichtsverhandlungen vorbereitet.<\/p>\n<p>Der &#8218;3G Logistiktag&#8216; endet um 17 Uhr wieder mit einem &#8218;Come Together&#8216; und Fachgespr\u00e4chen mit Erfahrungsaustausch im Asia-ZEN-Garten auf dem Gel\u00e4nde des 3G. Kostenlose Parkpl\u00e4tze stehen zur Verf\u00fcgung.&nbsp;<br \/>\nNach der Veranstaltung werden auf Wunsch Teilnahmebescheinigungen ausgestellt. Interessenten k\u00f6nnen sich f\u00fcr einen Beitrag von 249 \u20ac zzgl. MwSt. f\u00fcr den 4. Logistiktag im 3G anmelden. F\u00fcr Trainer- und Berater, die auf der Plattform  <a href=\"http:\/\/lasiportal.de\/\" target=\"_blank\">Lasiportal.de<\/a> registriert sind, gilt ein verg\u00fcnstigter Teilnehmerbeitrag von 229 \u20ac zzgl. MwSt.<\/p>\n<p><b>3G<br \/><\/b>Das im April 2012 er\u00f6ffnete &#8218;3G Europ\u00e4isches Kompetenzzentrum f\u00fcr Ladungssicherung&#8216; b\u00fcndelt die Bereiche Innovation, Wissen und Pr\u00fcfung zur F\u00f6rderung der Verkehrssicherheit auf allen Ebenen der Wirtschaft unter einem Dach. Das 3G bietet auf rund 2.300 Quadratmetern auf f\u00fcnf Ebenen Platz f\u00fcr Tagungen, Schulungen, Forschung, Entwicklung und Administration. Dabei stehen f\u00fcr&nbsp; Pr\u00fcf- und Testeinrichtungen rund um die Ladungssicherung 400 Quadratmeter zur Verf\u00fcgung. Ein Schwerpunkt des 3G liegt in der Vermittlung vertiefender theoretischer und praktischer Inhalte sowie die Entwicklung kundenspezifischer Konzepte f\u00fcr spezielle Transportanforderungen.<\/p>\n<p>Im Erdgeschoss findet zu Demonstrations- und Schulungszwecken oder Pr\u00fcfungen ein kompletter Sattelzug Platz. Unabh\u00e4ngige Experten pr\u00fcfen, testen und bewerten rund um das Thema Ladungssicherung. Die Pr\u00fcfeinrichtungen und die nahe gelegenen Teststrecken erm\u00f6glichen es, Sicherungstechniken direkt vor Ort zu pr\u00fcfen.<br \/>\nDie Bezeichnung \u201e3G\u201c steht sinnbildlich f\u00fcr die in der Ladungssicherung zentrale Beschleunigungskraft beziehungsweise Verz\u00f6gerungskraft und die drei Bereiche Innovation, Wissen und Pr\u00fcfen. Weitere Informationen zum &#8218;3G Europ\u00e4isches Kompetenzzentrum Ladungssicherung&#8216; sind im Internet zu finden unter  <a href=\"http:\/\/www.3g-ladungssicherung.de\/\" target=\"_blank\">www.3G-Ladungssicherung.de<\/link>, im Netzwerk f\u00fcr Ladungssicherung <link http:\/\/www.lasiportal.de\/ _blank external-link-new-window \"Opens external link in new window\">www.lasiportal.de<\/link> und bei den Initiatoren <link http:\/\/www.marotech.de\/ _blank external-link-new-window \"Opens external link in new window\">www.marotech.de<\/a>.<\/p>\n","protected":false},"excerpt":{"rendered":"<p>Am 22. September veranstaltet das &#8218;3G Europ\u00e4isches Kompetenzzentrum Ladungssicherung&#8216; in Fulda den vierten 3G-Logistiktag. Hierbei steht die rechtliche Situation der Verladung im Mittelpunkt. <span class=\"excerpt-more__dots\">&#8230;<\/span> <a class=\"excerpt-more__link\" href=\"https:\/\/www.krafthand.de\/truck\/artikel\/3g-logistiktag-in-fulda-rund-ums-recht-der-ladungssicherung-2774\/\" >weiter<\/a><\/p>\n","protected":false},"author":3,"featured_media":2775,"comment_status":"closed","ping_status":"closed","sticky":false,"template":"","format":"standard","meta":{"footnotes":""},"categories":[5],"tags":[1694,2572,2573],"settings":[],"class_list":["post-2774","post","type-post","status-publish","format-standard","has-post-thumbnail","hentry","category-branche","tag-3g","tag-europaeisches-kompetenzzentrum-ladungssicherung","tag-logistiktag"],"yoast_head":"<!-- This site is optimized with the Yoast SEO plugin v27.3 - https:\/\/yoast.com\/product\/yoast-seo-wordpress\/ -->\n<title>3G-Logistiktag in Fulda: Rund ums Recht der Ladungssicherung - Krafthand-Truck<\/title>\n<meta name=\"robots\" content=\"index, follow, max-snippet:-1, max-image-preview:large, max-video-preview:-1\" \/>\n<link rel=\"canonical\" href=\"https:\/\/www.krafthand.de\/truck\/artikel\/3g-logistiktag-in-fulda-rund-ums-recht-der-ladungssicherung-2774\/\" \/>\n<meta property=\"og:locale\" content=\"de_DE\" \/>\n<meta property=\"og:type\" content=\"article\" \/>\n<meta property=\"og:title\" content=\"3G-Logistiktag in Fulda: Rund ums Recht der Ladungssicherung - Krafthand-Truck\" \/>\n<meta property=\"og:description\" content=\"Am 22. September veranstaltet das &#039;3G Europ\u00e4isches Kompetenzzentrum Ladungssicherung&#039; in Fulda den vierten 3G-Logistiktag. Hierbei steht die rechtliche Situation der Verladung im Mittelpunkt. ... weiter\" \/>\n<meta property=\"og:url\" content=\"https:\/\/www.krafthand-truck.de\/artikel\/3g-logistiktag-in-fulda-rund-ums-recht-der-ladungssicherung-2774\/\" \/>\n<meta property=\"og:site_name\" content=\"Krafthand-Truck\" \/>\n<meta property=\"article:published_time\" content=\"2016-07-27T05:05:49+00:00\" \/>\n<meta property=\"og:image\" content=\"https:\/\/www.krafthand.de\/truck\/wp-content\/uploads\/2016\/07\/3G_Ladungssicherung____01-1.jpg\" \/>\n\t<meta property=\"og:image:width\" content=\"1200\" \/>\n\t<meta property=\"og:image:height\" content=\"900\" \/>\n\t<meta property=\"og:image:type\" content=\"image\/jpeg\" \/>\n<meta name=\"author\" content=\"katja.heid@krafthand.de\" \/>\n<meta name=\"twitter:card\" content=\"summary_large_image\" \/>\n<meta name=\"twitter:label1\" content=\"Verfasst von\" \/>\n\t<meta name=\"twitter:data1\" content=\"katja.heid@krafthand.de\" \/>\n\t<meta name=\"twitter:label2\" content=\"Gesch\u00e4tzte Lesezeit\" \/>\n\t<meta name=\"twitter:data2\" content=\"3\u00a0Minuten\" \/>\n<script type=\"application\/ld+json\" class=\"yoast-schema-graph\">{\"@context\":\"https:\\\/\\\/schema.org\",\"@graph\":[{\"@type\":\"Article\",\"@id\":\"https:\\\/\\\/www.krafthand.de\\\/truck\\\/artikel\\\/3g-logistiktag-in-fulda-rund-ums-recht-der-ladungssicherung-2774\\\/#article\",\"isPartOf\":{\"@id\":\"https:\\\/\\\/www.krafthand.de\\\/truck\\\/artikel\\\/3g-logistiktag-in-fulda-rund-ums-recht-der-ladungssicherung-2774\\\/\"},\"author\":{\"name\":\"katja.heid@krafthand.de\",\"@id\":\"https:\\\/\\\/www.krafthand.de\\\/truck\\\/#\\\/schema\\\/person\\\/8e290c6d425b72d176adc7767a251001\"},\"headline\":\"3G-Logistiktag in Fulda: Rund ums Recht der Ladungssicherung\",\"datePublished\":\"2016-07-27T05:05:49+00:00\",\"mainEntityOfPage\":{\"@id\":\"https:\\\/\\\/www.krafthand.de\\\/truck\\\/artikel\\\/3g-logistiktag-in-fulda-rund-ums-recht-der-ladungssicherung-2774\\\/\"},\"wordCount\":589,\"image\":{\"@id\":\"https:\\\/\\\/www.krafthand.de\\\/truck\\\/artikel\\\/3g-logistiktag-in-fulda-rund-ums-recht-der-ladungssicherung-2774\\\/#primaryimage\"},\"thumbnailUrl\":\"https:\\\/\\\/static.krafthand-truck.de\\\/uploads\\\/2016\\\/07\\\/3G_Ladungssicherung____01-1.jpg\",\"keywords\":[\"3G\",\"Europ\u00e4isches Kompetenzzentrum Ladungssicherung\",\"Logistiktag\"],\"articleSection\":[\"Nfz-Branche\"],\"inLanguage\":\"de\"},{\"@type\":\"WebPage\",\"@id\":\"https:\\\/\\\/www.krafthand.de\\\/truck\\\/artikel\\\/3g-logistiktag-in-fulda-rund-ums-recht-der-ladungssicherung-2774\\\/\",\"url\":\"https:\\\/\\\/www.krafthand.de\\\/truck\\\/artikel\\\/3g-logistiktag-in-fulda-rund-ums-recht-der-ladungssicherung-2774\\\/\",\"name\":\"3G-Logistiktag in Fulda: Rund ums Recht der Ladungssicherung - Krafthand-Truck\",\"isPartOf\":{\"@id\":\"https:\\\/\\\/www.krafthand.de\\\/truck\\\/#website\"},\"primaryImageOfPage\":{\"@id\":\"https:\\\/\\\/www.krafthand.de\\\/truck\\\/artikel\\\/3g-logistiktag-in-fulda-rund-ums-recht-der-ladungssicherung-2774\\\/#primaryimage\"},\"image\":{\"@id\":\"https:\\\/\\\/www.krafthand.de\\\/truck\\\/artikel\\\/3g-logistiktag-in-fulda-rund-ums-recht-der-ladungssicherung-2774\\\/#primaryimage\"},\"thumbnailUrl\":\"https:\\\/\\\/static.krafthand-truck.de\\\/uploads\\\/2016\\\/07\\\/3G_Ladungssicherung____01-1.jpg\",\"datePublished\":\"2016-07-27T05:05:49+00:00\",\"author\":{\"@id\":\"https:\\\/\\\/www.krafthand.de\\\/truck\\\/#\\\/schema\\\/person\\\/8e290c6d425b72d176adc7767a251001\"},\"breadcrumb\":{\"@id\":\"https:\\\/\\\/www.krafthand.de\\\/truck\\\/artikel\\\/3g-logistiktag-in-fulda-rund-ums-recht-der-ladungssicherung-2774\\\/#breadcrumb\"},\"inLanguage\":\"de\",\"potentialAction\":[{\"@type\":\"ReadAction\",\"target\":[\"https:\\\/\\\/www.krafthand.de\\\/truck\\\/artikel\\\/3g-logistiktag-in-fulda-rund-ums-recht-der-ladungssicherung-2774\\\/\"]}]},{\"@type\":\"ImageObject\",\"inLanguage\":\"de\",\"@id\":\"https:\\\/\\\/www.krafthand.de\\\/truck\\\/artikel\\\/3g-logistiktag-in-fulda-rund-ums-recht-der-ladungssicherung-2774\\\/#primaryimage\",\"url\":\"https:\\\/\\\/static.krafthand-truck.de\\\/uploads\\\/2016\\\/07\\\/3G_Ladungssicherung____01-1.jpg\",\"contentUrl\":\"https:\\\/\\\/static.krafthand-truck.de\\\/uploads\\\/2016\\\/07\\\/3G_Ladungssicherung____01-1.jpg\",\"width\":1200,\"height\":900,\"caption\":\"Beim vierten 3G-Logistiktag steht die rechtliche Situation der Verladung im Mittelpunkt. Foto: 3G\"},{\"@type\":\"BreadcrumbList\",\"@id\":\"https:\\\/\\\/www.krafthand.de\\\/truck\\\/artikel\\\/3g-logistiktag-in-fulda-rund-ums-recht-der-ladungssicherung-2774\\\/#breadcrumb\",\"itemListElement\":[{\"@type\":\"ListItem\",\"position\":1,\"name\":\"Krafthand-Truck\",\"item\":\"https:\\\/\\\/www.krafthand.de\\\/truck\\\/\"},{\"@type\":\"ListItem\",\"position\":2,\"name\":\"Nfz-Branche\",\"item\":\"https:\\\/\\\/www.krafthand.de\\\/truck\\\/kategorie\\\/branche\\\/\"},{\"@type\":\"ListItem\",\"position\":3,\"name\":\"3G-Logistiktag in Fulda: Rund ums Recht der Ladungssicherung\"}]},{\"@type\":\"WebSite\",\"@id\":\"https:\\\/\\\/www.krafthand.de\\\/truck\\\/#website\",\"url\":\"https:\\\/\\\/www.krafthand.de\\\/truck\\\/\",\"name\":\"Krafthand-Truck\",\"description\":\"\",\"potentialAction\":[{\"@type\":\"SearchAction\",\"target\":{\"@type\":\"EntryPoint\",\"urlTemplate\":\"https:\\\/\\\/www.krafthand.de\\\/truck\\\/?s={search_term_string}\"},\"query-input\":{\"@type\":\"PropertyValueSpecification\",\"valueRequired\":true,\"valueName\":\"search_term_string\"}}],\"inLanguage\":\"de\"},{\"@type\":\"Person\",\"@id\":\"https:\\\/\\\/www.krafthand.de\\\/truck\\\/#\\\/schema\\\/person\\\/8e290c6d425b72d176adc7767a251001\",\"name\":\"katja.heid@krafthand.de\",\"image\":{\"@type\":\"ImageObject\",\"inLanguage\":\"de\",\"@id\":\"https:\\\/\\\/secure.gravatar.com\\\/avatar\\\/9a2930c54ede0e0a76c0f8abfb74704de273084f2aa0e3c6deb2c86704c7402b?s=96&d=mm&r=g\",\"url\":\"https:\\\/\\\/secure.gravatar.com\\\/avatar\\\/9a2930c54ede0e0a76c0f8abfb74704de273084f2aa0e3c6deb2c86704c7402b?s=96&d=mm&r=g\",\"contentUrl\":\"https:\\\/\\\/secure.gravatar.com\\\/avatar\\\/9a2930c54ede0e0a76c0f8abfb74704de273084f2aa0e3c6deb2c86704c7402b?s=96&d=mm&r=g\",\"caption\":\"katja.heid@krafthand.de\"}}]}<\/script>\n<!-- \/ Yoast SEO plugin. -->","yoast_head_json":{"title":"3G-Logistiktag in Fulda: Rund ums Recht der Ladungssicherung - Krafthand-Truck","robots":{"index":"index","follow":"follow","max-snippet":"max-snippet:-1","max-image-preview":"max-image-preview:large","max-video-preview":"max-video-preview:-1"},"canonical":"https:\/\/www.krafthand.de\/truck\/artikel\/3g-logistiktag-in-fulda-rund-ums-recht-der-ladungssicherung-2774\/","og_locale":"de_DE","og_type":"article","og_title":"3G-Logistiktag in Fulda: Rund ums Recht der Ladungssicherung - Krafthand-Truck","og_description":"Am 22. September veranstaltet das '3G Europ\u00e4isches Kompetenzzentrum Ladungssicherung' in Fulda den vierten 3G-Logistiktag. Hierbei steht die rechtliche Situation der Verladung im Mittelpunkt. ... weiter","og_url":"https:\/\/www.krafthand-truck.de\/artikel\/3g-logistiktag-in-fulda-rund-ums-recht-der-ladungssicherung-2774\/","og_site_name":"Krafthand-Truck","article_published_time":"2016-07-27T05:05:49+00:00","og_image":[{"width":1200,"height":900,"url":"https:\/\/www.krafthand.de\/truck\/wp-content\/uploads\/2016\/07\/3G_Ladungssicherung____01-1.jpg","type":"image\/jpeg"}],"author":"katja.heid@krafthand.de","twitter_card":"summary_large_image","twitter_misc":{"Verfasst von":"katja.heid@krafthand.de","Gesch\u00e4tzte Lesezeit":"3\u00a0Minuten"},"schema":{"@context":"https:\/\/schema.org","@graph":[{"@type":"Article","@id":"https:\/\/www.krafthand.de\/truck\/artikel\/3g-logistiktag-in-fulda-rund-ums-recht-der-ladungssicherung-2774\/#article","isPartOf":{"@id":"https:\/\/www.krafthand.de\/truck\/artikel\/3g-logistiktag-in-fulda-rund-ums-recht-der-ladungssicherung-2774\/"},"author":{"name":"katja.heid@krafthand.de","@id":"https:\/\/www.krafthand.de\/truck\/#\/schema\/person\/8e290c6d425b72d176adc7767a251001"},"headline":"3G-Logistiktag in Fulda: Rund ums Recht der Ladungssicherung","datePublished":"2016-07-27T05:05:49+00:00","mainEntityOfPage":{"@id":"https:\/\/www.krafthand.de\/truck\/artikel\/3g-logistiktag-in-fulda-rund-ums-recht-der-ladungssicherung-2774\/"},"wordCount":589,"image":{"@id":"https:\/\/www.krafthand.de\/truck\/artikel\/3g-logistiktag-in-fulda-rund-ums-recht-der-ladungssicherung-2774\/#primaryimage"},"thumbnailUrl":"https:\/\/static.krafthand-truck.de\/uploads\/2016\/07\/3G_Ladungssicherung____01-1.jpg","keywords":["3G","Europ\u00e4isches Kompetenzzentrum Ladungssicherung","Logistiktag"],"articleSection":["Nfz-Branche"],"inLanguage":"de"},{"@type":"WebPage","@id":"https:\/\/www.krafthand.de\/truck\/artikel\/3g-logistiktag-in-fulda-rund-ums-recht-der-ladungssicherung-2774\/","url":"https:\/\/www.krafthand.de\/truck\/artikel\/3g-logistiktag-in-fulda-rund-ums-recht-der-ladungssicherung-2774\/","name":"3G-Logistiktag in Fulda: Rund ums Recht der Ladungssicherung - Krafthand-Truck","isPartOf":{"@id":"https:\/\/www.krafthand.de\/truck\/#website"},"primaryImageOfPage":{"@id":"https:\/\/www.krafthand.de\/truck\/artikel\/3g-logistiktag-in-fulda-rund-ums-recht-der-ladungssicherung-2774\/#primaryimage"},"image":{"@id":"https:\/\/www.krafthand.de\/truck\/artikel\/3g-logistiktag-in-fulda-rund-ums-recht-der-ladungssicherung-2774\/#primaryimage"},"thumbnailUrl":"https:\/\/static.krafthand-truck.de\/uploads\/2016\/07\/3G_Ladungssicherung____01-1.jpg","datePublished":"2016-07-27T05:05:49+00:00","author":{"@id":"https:\/\/www.krafthand.de\/truck\/#\/schema\/person\/8e290c6d425b72d176adc7767a251001"},"breadcrumb":{"@id":"https:\/\/www.krafthand.de\/truck\/artikel\/3g-logistiktag-in-fulda-rund-ums-recht-der-ladungssicherung-2774\/#breadcrumb"},"inLanguage":"de","potentialAction":[{"@type":"ReadAction","target":["https:\/\/www.krafthand.de\/truck\/artikel\/3g-logistiktag-in-fulda-rund-ums-recht-der-ladungssicherung-2774\/"]}]},{"@type":"ImageObject","inLanguage":"de","@id":"https:\/\/www.krafthand.de\/truck\/artikel\/3g-logistiktag-in-fulda-rund-ums-recht-der-ladungssicherung-2774\/#primaryimage","url":"https:\/\/static.krafthand-truck.de\/uploads\/2016\/07\/3G_Ladungssicherung____01-1.jpg","contentUrl":"https:\/\/static.krafthand-truck.de\/uploads\/2016\/07\/3G_Ladungssicherung____01-1.jpg","width":1200,"height":900,"caption":"Beim vierten 3G-Logistiktag steht die rechtliche Situation der Verladung im Mittelpunkt. Foto: 3G"},{"@type":"BreadcrumbList","@id":"https:\/\/www.krafthand.de\/truck\/artikel\/3g-logistiktag-in-fulda-rund-ums-recht-der-ladungssicherung-2774\/#breadcrumb","itemListElement":[{"@type":"ListItem","position":1,"name":"Krafthand-Truck","item":"https:\/\/www.krafthand.de\/truck\/"},{"@type":"ListItem","position":2,"name":"Nfz-Branche","item":"https:\/\/www.krafthand.de\/truck\/kategorie\/branche\/"},{"@type":"ListItem","position":3,"name":"3G-Logistiktag in Fulda: Rund ums Recht der Ladungssicherung"}]},{"@type":"WebSite","@id":"https:\/\/www.krafthand.de\/truck\/#website","url":"https:\/\/www.krafthand.de\/truck\/","name":"Krafthand-Truck","description":"","potentialAction":[{"@type":"SearchAction","target":{"@type":"EntryPoint","urlTemplate":"https:\/\/www.krafthand.de\/truck\/?s={search_term_string}"},"query-input":{"@type":"PropertyValueSpecification","valueRequired":true,"valueName":"search_term_string"}}],"inLanguage":"de"},{"@type":"Person","@id":"https:\/\/www.krafthand.de\/truck\/#\/schema\/person\/8e290c6d425b72d176adc7767a251001","name":"katja.heid@krafthand.de","image":{"@type":"ImageObject","inLanguage":"de","@id":"https:\/\/secure.gravatar.com\/avatar\/9a2930c54ede0e0a76c0f8abfb74704de273084f2aa0e3c6deb2c86704c7402b?s=96&d=mm&r=g","url":"https:\/\/secure.gravatar.com\/avatar\/9a2930c54ede0e0a76c0f8abfb74704de273084f2aa0e3c6deb2c86704c7402b?s=96&d=mm&r=g","contentUrl":"https:\/\/secure.gravatar.com\/avatar\/9a2930c54ede0e0a76c0f8abfb74704de273084f2aa0e3c6deb2c86704c7402b?s=96&d=mm&r=g","caption":"katja.heid@krafthand.de"}}]}},"_links":{"self":[{"href":"https:\/\/www.krafthand.de\/truck\/wp-json\/wp\/v2\/posts\/2774","targetHints":{"allow":["GET"]}}],"collection":[{"href":"https:\/\/www.krafthand.de\/truck\/wp-json\/wp\/v2\/posts"}],"about":[{"href":"https:\/\/www.krafthand.de\/truck\/wp-json\/wp\/v2\/types\/post"}],"author":[{"embeddable":true,"href":"https:\/\/www.krafthand.de\/truck\/wp-json\/wp\/v2\/users\/3"}],"replies":[{"embeddable":true,"href":"https:\/\/www.krafthand.de\/truck\/wp-json\/wp\/v2\/comments?post=2774"}],"version-history":[{"count":0,"href":"https:\/\/www.krafthand.de\/truck\/wp-json\/wp\/v2\/posts\/2774\/revisions"}],"wp:featuredmedia":[{"embeddable":true,"href":"https:\/\/www.krafthand.de\/truck\/wp-json\/wp\/v2\/media\/2775"}],"wp:attachment":[{"href":"https:\/\/www.krafthand.de\/truck\/wp-json\/wp\/v2\/media?parent=2774"}],"wp:term":[{"taxonomy":"category","embeddable":true,"href":"https:\/\/www.krafthand.de\/truck\/wp-json\/wp\/v2\/categories?post=2774"},{"taxonomy":"post_tag","embeddable":true,"href":"https:\/\/www.krafthand.de\/truck\/wp-json\/wp\/v2\/tags?post=2774"},{"taxonomy":"settings","embeddable":true,"href":"https:\/\/www.krafthand.de\/truck\/wp-json\/wp\/v2\/settings?post=2774"}],"curies":[{"name":"wp","href":"https:\/\/api.w.org\/{rel}","templated":true}]}}