{"id":27739,"date":"2021-05-03T10:59:48","date_gmt":"2021-05-03T08:59:48","guid":{"rendered":"https:\/\/www.krafthand.de\/truck\/?p=27739"},"modified":"2021-05-03T11:00:33","modified_gmt":"2021-05-03T09:00:33","slug":"programmerweiterung","status":"publish","type":"post","link":"https:\/\/www.krafthand.de\/truck\/artikel\/programmerweiterung-27739\/","title":{"rendered":"Programm-Erweiterung"},"content":{"rendered":"<p>Der Spezialist f\u00fcr Nutzfahrzeugbremsen Haldex hat sein Programm f\u00fcr Bremsbel\u00e4ge der Marke ModulT weiter angepasst. Dies betrifft insbesondere den Bremsbelagsatz 95396 f\u00fcr 22,5-Zoll-Anwendungen der SAF-Achse. Aufgrund der Einf\u00fchrung der ModulT-Scheibenbremse der zweiten Generation ist dieser Schritt f\u00fcr die Anwendung von SAF-Achsen erforderlich und dient dazu, Fehler bei der Wartung und beim Austausch des Scheibenbremsbelags zu minimieren. \u201eWir werden unser Angebot f\u00fcr den Independent Aftermarket an unserer OES-Einrichtung ausrichten, um dem Kunden die Auswahl der Produkte zu erleichtern\u201c, erkl\u00e4rt Patrik K\u00e4ll, Senior Commercial Product Manager. Mit diesen \u00c4nderungen m\u00f6chte Haldex Gro\u00dfh\u00e4ndlern, Nfz-Werkst\u00e4tten und Flotten mehr Klarheit bieten.<\/p>\n<p>Dar\u00fcber hinaus stellte Haldex jetzt das 98605-Bremsbelag-Kit f\u00fcr die K\u00f6gel-Achse KTA vor, dass ab sofort im Distributionszentrum in Weyersheim erh\u00e4ltlich ist. Zus\u00e4tzlich bringt Haldex noch ein weiteres neues Bremsbelag-Kit auf den Markt, welches mehrere Applikationen der ModulT-Bremse abdeckt. Dieses neue Kit enth\u00e4lt vier Bremsbel\u00e4ge sowie ein Zubeh\u00f6rset mit Federn, Federb\u00fcgeln und Steckern. Bei Verwendung der Kits empfiehlt Haldex, den vorhandenen Bremsbelag-Halter nach M\u00f6glichkeit wiederzuverwenden. Wenn ein Austausch erforderlich ist, sind die f\u00fcr jedes Bremsmodell spezifischen Bremsbelag-Halter auch separat erh\u00e4ltlich. Ein Video zu den neuen Bremsbelag-Kits finden Sie hier: <a href=\"http:\/\/www.haldex.com\/ModulT\" target=\"_blank\" rel=\"noopener\">www.haldex.com\/ModulT<\/a><\/p>\n<p><i>Den Beitrag finden Sie auch in der Print-Ausgabe 1-2\/21 der <a href=\"https:\/\/www.krafthand.de\/truck\/magazin\/\" title=\"Zum Magazin\">Krafthand-Truck<\/a>.<\/i><\/p>","protected":false},"excerpt":{"rendered":"<p>Der Spezialist f\u00fcr Nutzfahrzeugbremsen Haldex hat sein Programm f\u00fcr Bremsbel\u00e4ge der Marke ModulT weiter angepasst. <span class=\"excerpt-more__dots\">&#8230;<\/span> <a class=\"excerpt-more__link\" href=\"https:\/\/www.krafthand.de\/truck\/artikel\/programmerweiterung-27739\/\" >weiter<\/a><\/p>\n","protected":false},"author":7,"featured_media":27740,"comment_status":"closed","ping_status":"closed","sticky":false,"template":"","format":"standard","meta":{"footnotes":""},"categories":[4227],"tags":[1808,227,1915],"settings":[],"class_list":["post-27739","post","type-post","status-publish","format-standard","has-post-thumbnail","hentry","category-rad-reifen-bremse","tag-bremsbelag","tag-bremse","tag-haldex"],"yoast_head":"<!-- This site is optimized with the Yoast SEO plugin v27.3 - https:\/\/yoast.com\/product\/yoast-seo-wordpress\/ -->\n<title>Programm-Erweiterung - Krafthand-Truck<\/title>\n<meta name=\"robots\" content=\"index, follow, max-snippet:-1, max-image-preview:large, max-video-preview:-1\" \/>\n<link rel=\"canonical\" href=\"https:\/\/www.krafthand.de\/truck\/artikel\/programmerweiterung-27739\/\" \/>\n<meta property=\"og:locale\" content=\"de_DE\" \/>\n<meta property=\"og:type\" content=\"article\" \/>\n<meta property=\"og:title\" content=\"Programm-Erweiterung - Krafthand-Truck\" \/>\n<meta property=\"og:description\" content=\"Der Spezialist f\u00fcr Nutzfahrzeugbremsen Haldex hat sein Programm f\u00fcr Bremsbel\u00e4ge der Marke ModulT weiter angepasst. ... weiter\" \/>\n<meta property=\"og:url\" content=\"https:\/\/www.krafthand-truck.de\/artikel\/programmerweiterung-27739\/\" \/>\n<meta property=\"og:site_name\" content=\"Krafthand-Truck\" \/>\n<meta property=\"article:published_time\" content=\"2021-05-03T08:59:48+00:00\" \/>\n<meta property=\"article:modified_time\" content=\"2021-05-03T09:00:33+00:00\" \/>\n<meta property=\"og:image\" content=\"https:\/\/www.krafthand.de\/truck\/wp-content\/uploads\/2021\/04\/01_02_21_021_Haldex.jpg\" \/>\n\t<meta property=\"og:image:width\" content=\"1200\" \/>\n\t<meta property=\"og:image:height\" content=\"633\" \/>\n\t<meta property=\"og:image:type\" content=\"image\/jpeg\" \/>\n<meta name=\"author\" content=\"julian.schmid@krafthand.de\" \/>\n<meta name=\"twitter:card\" content=\"summary_large_image\" \/>\n<meta name=\"twitter:label1\" content=\"Verfasst von\" \/>\n\t<meta name=\"twitter:data1\" content=\"julian.schmid@krafthand.de\" \/>\n\t<meta name=\"twitter:label2\" content=\"Gesch\u00e4tzte Lesezeit\" \/>\n\t<meta name=\"twitter:data2\" content=\"1\u00a0Minute\" \/>\n<script type=\"application\/ld+json\" class=\"yoast-schema-graph\">{\"@context\":\"https:\\\/\\\/schema.org\",\"@graph\":[{\"@type\":\"Article\",\"@id\":\"https:\\\/\\\/www.krafthand.de\\\/truck\\\/artikel\\\/programmerweiterung-27739\\\/#article\",\"isPartOf\":{\"@id\":\"https:\\\/\\\/www.krafthand.de\\\/truck\\\/artikel\\\/programmerweiterung-27739\\\/\"},\"author\":{\"name\":\"julian.schmid@krafthand.de\",\"@id\":\"https:\\\/\\\/www.krafthand.de\\\/truck\\\/#\\\/schema\\\/person\\\/23aebc1e5e3f0204da7158bce36950bb\"},\"headline\":\"Programm-Erweiterung\",\"datePublished\":\"2021-05-03T08:59:48+00:00\",\"dateModified\":\"2021-05-03T09:00:33+00:00\",\"mainEntityOfPage\":{\"@id\":\"https:\\\/\\\/www.krafthand.de\\\/truck\\\/artikel\\\/programmerweiterung-27739\\\/\"},\"wordCount\":213,\"image\":{\"@id\":\"https:\\\/\\\/www.krafthand.de\\\/truck\\\/artikel\\\/programmerweiterung-27739\\\/#primaryimage\"},\"thumbnailUrl\":\"https:\\\/\\\/static.krafthand-truck.de\\\/uploads\\\/2021\\\/04\\\/01_02_21_021_Haldex.jpg\",\"keywords\":[\"Bremsbelag\",\"Bremse\",\"Haldex\"],\"articleSection\":[\"Rad\\\/Reifen\\\/Bremse\"],\"inLanguage\":\"de\"},{\"@type\":\"WebPage\",\"@id\":\"https:\\\/\\\/www.krafthand.de\\\/truck\\\/artikel\\\/programmerweiterung-27739\\\/\",\"url\":\"https:\\\/\\\/www.krafthand.de\\\/truck\\\/artikel\\\/programmerweiterung-27739\\\/\",\"name\":\"Programm-Erweiterung - Krafthand-Truck\",\"isPartOf\":{\"@id\":\"https:\\\/\\\/www.krafthand.de\\\/truck\\\/#website\"},\"primaryImageOfPage\":{\"@id\":\"https:\\\/\\\/www.krafthand.de\\\/truck\\\/artikel\\\/programmerweiterung-27739\\\/#primaryimage\"},\"image\":{\"@id\":\"https:\\\/\\\/www.krafthand.de\\\/truck\\\/artikel\\\/programmerweiterung-27739\\\/#primaryimage\"},\"thumbnailUrl\":\"https:\\\/\\\/static.krafthand-truck.de\\\/uploads\\\/2021\\\/04\\\/01_02_21_021_Haldex.jpg\",\"datePublished\":\"2021-05-03T08:59:48+00:00\",\"dateModified\":\"2021-05-03T09:00:33+00:00\",\"author\":{\"@id\":\"https:\\\/\\\/www.krafthand.de\\\/truck\\\/#\\\/schema\\\/person\\\/23aebc1e5e3f0204da7158bce36950bb\"},\"breadcrumb\":{\"@id\":\"https:\\\/\\\/www.krafthand.de\\\/truck\\\/artikel\\\/programmerweiterung-27739\\\/#breadcrumb\"},\"inLanguage\":\"de\",\"potentialAction\":[{\"@type\":\"ReadAction\",\"target\":[\"https:\\\/\\\/www.krafthand.de\\\/truck\\\/artikel\\\/programmerweiterung-27739\\\/\"]}]},{\"@type\":\"ImageObject\",\"inLanguage\":\"de\",\"@id\":\"https:\\\/\\\/www.krafthand.de\\\/truck\\\/artikel\\\/programmerweiterung-27739\\\/#primaryimage\",\"url\":\"https:\\\/\\\/static.krafthand-truck.de\\\/uploads\\\/2021\\\/04\\\/01_02_21_021_Haldex.jpg\",\"contentUrl\":\"https:\\\/\\\/static.krafthand-truck.de\\\/uploads\\\/2021\\\/04\\\/01_02_21_021_Haldex.jpg\",\"width\":1200,\"height\":633,\"caption\":\"Bild: Haldex\"},{\"@type\":\"BreadcrumbList\",\"@id\":\"https:\\\/\\\/www.krafthand.de\\\/truck\\\/artikel\\\/programmerweiterung-27739\\\/#breadcrumb\",\"itemListElement\":[{\"@type\":\"ListItem\",\"position\":1,\"name\":\"Krafthand-Truck\",\"item\":\"https:\\\/\\\/www.krafthand.de\\\/truck\\\/\"},{\"@type\":\"ListItem\",\"position\":2,\"name\":\"Nfz-Technik\",\"item\":\"https:\\\/\\\/www.krafthand.de\\\/truck\\\/kategorie\\\/nfz-technik\\\/\"},{\"@type\":\"ListItem\",\"position\":3,\"name\":\"Rad\\\/Reifen\\\/Bremse\",\"item\":\"https:\\\/\\\/www.krafthand.de\\\/truck\\\/kategorie\\\/nfz-technik\\\/rad-reifen-bremse\\\/\"},{\"@type\":\"ListItem\",\"position\":4,\"name\":\"Programm-Erweiterung\"}]},{\"@type\":\"WebSite\",\"@id\":\"https:\\\/\\\/www.krafthand.de\\\/truck\\\/#website\",\"url\":\"https:\\\/\\\/www.krafthand.de\\\/truck\\\/\",\"name\":\"Krafthand-Truck\",\"description\":\"\",\"potentialAction\":[{\"@type\":\"SearchAction\",\"target\":{\"@type\":\"EntryPoint\",\"urlTemplate\":\"https:\\\/\\\/www.krafthand.de\\\/truck\\\/?s={search_term_string}\"},\"query-input\":{\"@type\":\"PropertyValueSpecification\",\"valueRequired\":true,\"valueName\":\"search_term_string\"}}],\"inLanguage\":\"de\"},{\"@type\":\"Person\",\"@id\":\"https:\\\/\\\/www.krafthand.de\\\/truck\\\/#\\\/schema\\\/person\\\/23aebc1e5e3f0204da7158bce36950bb\",\"name\":\"julian.schmid@krafthand.de\",\"image\":{\"@type\":\"ImageObject\",\"inLanguage\":\"de\",\"@id\":\"https:\\\/\\\/secure.gravatar.com\\\/avatar\\\/ef76c2910cab8eb23fcc013e1c6dc1ba4af5e93fea6e6132d7c4e67d4e9631e9?s=96&d=mm&r=g\",\"url\":\"https:\\\/\\\/secure.gravatar.com\\\/avatar\\\/ef76c2910cab8eb23fcc013e1c6dc1ba4af5e93fea6e6132d7c4e67d4e9631e9?s=96&d=mm&r=g\",\"contentUrl\":\"https:\\\/\\\/secure.gravatar.com\\\/avatar\\\/ef76c2910cab8eb23fcc013e1c6dc1ba4af5e93fea6e6132d7c4e67d4e9631e9?s=96&d=mm&r=g\",\"caption\":\"julian.schmid@krafthand.de\"}}]}<\/script>\n<!-- \/ Yoast SEO plugin. -->","yoast_head_json":{"title":"Programm-Erweiterung - Krafthand-Truck","robots":{"index":"index","follow":"follow","max-snippet":"max-snippet:-1","max-image-preview":"max-image-preview:large","max-video-preview":"max-video-preview:-1"},"canonical":"https:\/\/www.krafthand.de\/truck\/artikel\/programmerweiterung-27739\/","og_locale":"de_DE","og_type":"article","og_title":"Programm-Erweiterung - Krafthand-Truck","og_description":"Der Spezialist f\u00fcr Nutzfahrzeugbremsen Haldex hat sein Programm f\u00fcr Bremsbel\u00e4ge der Marke ModulT weiter angepasst. ... weiter","og_url":"https:\/\/www.krafthand-truck.de\/artikel\/programmerweiterung-27739\/","og_site_name":"Krafthand-Truck","article_published_time":"2021-05-03T08:59:48+00:00","article_modified_time":"2021-05-03T09:00:33+00:00","og_image":[{"width":1200,"height":633,"url":"https:\/\/www.krafthand.de\/truck\/wp-content\/uploads\/2021\/04\/01_02_21_021_Haldex.jpg","type":"image\/jpeg"}],"author":"julian.schmid@krafthand.de","twitter_card":"summary_large_image","twitter_misc":{"Verfasst von":"julian.schmid@krafthand.de","Gesch\u00e4tzte Lesezeit":"1\u00a0Minute"},"schema":{"@context":"https:\/\/schema.org","@graph":[{"@type":"Article","@id":"https:\/\/www.krafthand.de\/truck\/artikel\/programmerweiterung-27739\/#article","isPartOf":{"@id":"https:\/\/www.krafthand.de\/truck\/artikel\/programmerweiterung-27739\/"},"author":{"name":"julian.schmid@krafthand.de","@id":"https:\/\/www.krafthand.de\/truck\/#\/schema\/person\/23aebc1e5e3f0204da7158bce36950bb"},"headline":"Programm-Erweiterung","datePublished":"2021-05-03T08:59:48+00:00","dateModified":"2021-05-03T09:00:33+00:00","mainEntityOfPage":{"@id":"https:\/\/www.krafthand.de\/truck\/artikel\/programmerweiterung-27739\/"},"wordCount":213,"image":{"@id":"https:\/\/www.krafthand.de\/truck\/artikel\/programmerweiterung-27739\/#primaryimage"},"thumbnailUrl":"https:\/\/static.krafthand-truck.de\/uploads\/2021\/04\/01_02_21_021_Haldex.jpg","keywords":["Bremsbelag","Bremse","Haldex"],"articleSection":["Rad\/Reifen\/Bremse"],"inLanguage":"de"},{"@type":"WebPage","@id":"https:\/\/www.krafthand.de\/truck\/artikel\/programmerweiterung-27739\/","url":"https:\/\/www.krafthand.de\/truck\/artikel\/programmerweiterung-27739\/","name":"Programm-Erweiterung - Krafthand-Truck","isPartOf":{"@id":"https:\/\/www.krafthand.de\/truck\/#website"},"primaryImageOfPage":{"@id":"https:\/\/www.krafthand.de\/truck\/artikel\/programmerweiterung-27739\/#primaryimage"},"image":{"@id":"https:\/\/www.krafthand.de\/truck\/artikel\/programmerweiterung-27739\/#primaryimage"},"thumbnailUrl":"https:\/\/static.krafthand-truck.de\/uploads\/2021\/04\/01_02_21_021_Haldex.jpg","datePublished":"2021-05-03T08:59:48+00:00","dateModified":"2021-05-03T09:00:33+00:00","author":{"@id":"https:\/\/www.krafthand.de\/truck\/#\/schema\/person\/23aebc1e5e3f0204da7158bce36950bb"},"breadcrumb":{"@id":"https:\/\/www.krafthand.de\/truck\/artikel\/programmerweiterung-27739\/#breadcrumb"},"inLanguage":"de","potentialAction":[{"@type":"ReadAction","target":["https:\/\/www.krafthand.de\/truck\/artikel\/programmerweiterung-27739\/"]}]},{"@type":"ImageObject","inLanguage":"de","@id":"https:\/\/www.krafthand.de\/truck\/artikel\/programmerweiterung-27739\/#primaryimage","url":"https:\/\/static.krafthand-truck.de\/uploads\/2021\/04\/01_02_21_021_Haldex.jpg","contentUrl":"https:\/\/static.krafthand-truck.de\/uploads\/2021\/04\/01_02_21_021_Haldex.jpg","width":1200,"height":633,"caption":"Bild: Haldex"},{"@type":"BreadcrumbList","@id":"https:\/\/www.krafthand.de\/truck\/artikel\/programmerweiterung-27739\/#breadcrumb","itemListElement":[{"@type":"ListItem","position":1,"name":"Krafthand-Truck","item":"https:\/\/www.krafthand.de\/truck\/"},{"@type":"ListItem","position":2,"name":"Nfz-Technik","item":"https:\/\/www.krafthand.de\/truck\/kategorie\/nfz-technik\/"},{"@type":"ListItem","position":3,"name":"Rad\/Reifen\/Bremse","item":"https:\/\/www.krafthand.de\/truck\/kategorie\/nfz-technik\/rad-reifen-bremse\/"},{"@type":"ListItem","position":4,"name":"Programm-Erweiterung"}]},{"@type":"WebSite","@id":"https:\/\/www.krafthand.de\/truck\/#website","url":"https:\/\/www.krafthand.de\/truck\/","name":"Krafthand-Truck","description":"","potentialAction":[{"@type":"SearchAction","target":{"@type":"EntryPoint","urlTemplate":"https:\/\/www.krafthand.de\/truck\/?s={search_term_string}"},"query-input":{"@type":"PropertyValueSpecification","valueRequired":true,"valueName":"search_term_string"}}],"inLanguage":"de"},{"@type":"Person","@id":"https:\/\/www.krafthand.de\/truck\/#\/schema\/person\/23aebc1e5e3f0204da7158bce36950bb","name":"julian.schmid@krafthand.de","image":{"@type":"ImageObject","inLanguage":"de","@id":"https:\/\/secure.gravatar.com\/avatar\/ef76c2910cab8eb23fcc013e1c6dc1ba4af5e93fea6e6132d7c4e67d4e9631e9?s=96&d=mm&r=g","url":"https:\/\/secure.gravatar.com\/avatar\/ef76c2910cab8eb23fcc013e1c6dc1ba4af5e93fea6e6132d7c4e67d4e9631e9?s=96&d=mm&r=g","contentUrl":"https:\/\/secure.gravatar.com\/avatar\/ef76c2910cab8eb23fcc013e1c6dc1ba4af5e93fea6e6132d7c4e67d4e9631e9?s=96&d=mm&r=g","caption":"julian.schmid@krafthand.de"}}]}},"_links":{"self":[{"href":"https:\/\/www.krafthand.de\/truck\/wp-json\/wp\/v2\/posts\/27739","targetHints":{"allow":["GET"]}}],"collection":[{"href":"https:\/\/www.krafthand.de\/truck\/wp-json\/wp\/v2\/posts"}],"about":[{"href":"https:\/\/www.krafthand.de\/truck\/wp-json\/wp\/v2\/types\/post"}],"author":[{"embeddable":true,"href":"https:\/\/www.krafthand.de\/truck\/wp-json\/wp\/v2\/users\/7"}],"replies":[{"embeddable":true,"href":"https:\/\/www.krafthand.de\/truck\/wp-json\/wp\/v2\/comments?post=27739"}],"version-history":[{"count":4,"href":"https:\/\/www.krafthand.de\/truck\/wp-json\/wp\/v2\/posts\/27739\/revisions"}],"predecessor-version":[{"id":27806,"href":"https:\/\/www.krafthand.de\/truck\/wp-json\/wp\/v2\/posts\/27739\/revisions\/27806"}],"wp:featuredmedia":[{"embeddable":true,"href":"https:\/\/www.krafthand.de\/truck\/wp-json\/wp\/v2\/media\/27740"}],"wp:attachment":[{"href":"https:\/\/www.krafthand.de\/truck\/wp-json\/wp\/v2\/media?parent=27739"}],"wp:term":[{"taxonomy":"category","embeddable":true,"href":"https:\/\/www.krafthand.de\/truck\/wp-json\/wp\/v2\/categories?post=27739"},{"taxonomy":"post_tag","embeddable":true,"href":"https:\/\/www.krafthand.de\/truck\/wp-json\/wp\/v2\/tags?post=27739"},{"taxonomy":"settings","embeddable":true,"href":"https:\/\/www.krafthand.de\/truck\/wp-json\/wp\/v2\/settings?post=27739"}],"curies":[{"name":"wp","href":"https:\/\/api.w.org\/{rel}","templated":true}]}}