{"id":27731,"date":"2021-04-03T07:51:21","date_gmt":"2021-04-03T05:51:21","guid":{"rendered":"https:\/\/www.krafthand.de\/truck\/?p=27731"},"modified":"2021-05-05T07:52:56","modified_gmt":"2021-05-05T05:52:56","slug":"e-motoren-und-hybridmodule","status":"publish","type":"post","link":"https:\/\/www.krafthand.de\/truck\/artikel\/e-motoren-und-hybridmodule-27731\/","title":{"rendered":"E-Motoren und Hybridmodule"},"content":{"rendered":"<p>Mit der Ausweitung von Elektrifizierungsl\u00f6sungen auf den Bereich der Nutzfahrzeuge m\u00f6chte der Automobil- und Industriezulieferer Schaeffler einen weiteren Beitrag zur Erreichung der Klima- und Nachhaltigkeitsziele leisten. Da sich weltweit die Emissionsvorschriften bez\u00fcglich Schadstoffemissionen und CO2 versch\u00e4rfen, steht auch der Nutzfahrzeugsektor vor enormen Herausforderungen. \u201eWir unterst\u00fctzen unsere Kunden bei dieser Transformation. Zwei neu gewonnene Auftr\u00e4ge belegen, dass wir auch hier auf dem besten Weg sind, ein bevorzugter Technologiepartner unserer Kunden zu sein\u201c, so Matthias Zink, Vorstand Automotive Technologies der Schaeffler AG.<\/p>\n<p>So bekam <a href=\"https:\/\/www.schaeffler.de\/content.schaeffler.de\/de\/produkte-und-loesungen\/automotive-oem\/hybride_elektrische_antriebssysteme\/index.jsp\" target=\"_blank\" rel=\"noopener\">Schaeffler<\/a> k\u00fcrzlich einen Serienauftrag f\u00fcr die Lieferung von E-Motore ab 2023 f\u00fcr einen Nutzfahrzeug-Zulieferer. Es handelt sich um einen 800-Volt-Motor, der in batteriebetriebenen Fahrzeugen in zweifacher Ausf\u00fchrung eingesetzt wird. Er liefert laut Schaeffler eine maximale Dauerleistung von 180 kW und ein maximales Drehmoment von 950 Nm. Der E-Motor ist in der Stab-Wellenwicklungs-Technologie ausgef\u00fchrt. Das reduziere die Komplexit\u00e4t bei der Montage und erh\u00f6hte die Leistungsdichte.<\/p>\n<p>Einen weiteren Gro\u00dfauftrag kann Schaeffler im Bereich der Hybridmodule verbuchen. Das System in P1-Anordnung (das Hybridmodul ist am Motorausgang vor dem Getriebe montiert), erm\u00f6glicht die Rekuperation von Bremsenergie, welche zur Speisung elektrischer Verbraucher, insbesondere neuer Systeme zur Abgasnachbehandlung dient. Diese Funktionen unterst\u00fctze zus\u00e4tzlich die Erreichung der NOx- und CO2-Emissionsziele. Der Start der Serienfertigung ist laut Schaeffler f\u00fcr das Jahr 2024 geplant.<\/p>\n<figure id=\"attachment_27733\" aria-describedby=\"caption-attachment-27733\" style=\"width: 1200px\" class=\"wp-caption alignnone\"><img fetchpriority=\"high\" decoding=\"async\" class=\"size-full wp-image-27733\" src=\"https:\/\/www.krafthand.de\/truck\/wp-content\/uploads\/2021\/04\/01_02_21_032_Hybridmodul.jpg\" alt=\"Schaeffler Hybridmodul\" width=\"1200\" height=\"763\" srcset=\"https:\/\/static.krafthand-truck.de\/uploads\/2021\/04\/01_02_21_032_Hybridmodul.jpg 1200w, https:\/\/static.krafthand-truck.de\/uploads\/2021\/04\/01_02_21_032_Hybridmodul-300x191.jpg 300w, https:\/\/static.krafthand-truck.de\/uploads\/2021\/04\/01_02_21_032_Hybridmodul-1024x651.jpg 1024w, https:\/\/static.krafthand-truck.de\/uploads\/2021\/04\/01_02_21_032_Hybridmodul-768x488.jpg 768w\" sizes=\"(max-width: 1200px) 100vw, 1200px\" \/><figcaption id=\"caption-attachment-27733\" class=\"wp-caption-text\">Das Hybridmodul wird in P1-Anordnung eingebaut und erm\u00f6glicht die Rekuperation von Bremsenergie.<\/figcaption><\/figure>\n<p>\u201eWir haben die Weichen in unserem E-Mobilit\u00e4tsgesch\u00e4ft erfolgreich gestellt. Schaeffler bietet L\u00f6sungen f\u00fcr alle Elektrifizierungsm\u00f6glichkeiten an \u2013 vom 48-Volt-Hybrid \u00fcber den Plug-in-Hybrid bis hin zum rein elektrischen Fahrzeug. Die gesamte Industrialisierung unserer Komponenten und Systeme l\u00e4sst sich l\u00fcckenlos im Unternehmen abbilden. Das macht Schaeffler zum kompetenten Partner f\u00fcr die verschiedenen M\u00e4rkte und Kunden\u201c, so Dr. Jochen Schr\u00f6der, Leiter des Unternehmensbereichs E-Mobilit\u00e4t.<\/p>\n<p>Schaeffler m\u00f6chte \u00f6kologische und soziale Verantwortung \u00fcbernehmen, so ein Unternehmenssprecher. Bei der Weiterentwicklung der Unternehmensstrategie spiele die Nachhaltigkeit f\u00fcr den globalen Automobil- und Industriezulieferer eine zentrale Rolle. Sie sei elementarer Bestandteil der Roadmap 2025, mit der das Unternehmen seine Zukunftsf\u00e4higkeit st\u00e4rken m\u00f6chte. Es tut sich also einiges, um die Elektrifizierung von Lkw voranzutreiben und Schaeffler ist nicht der einzige Player, der an der Entwicklung arbeitet.<\/p>\n<p><i>Den Beitrag finden Sie auch in der Print-Ausgabe 1-2\/21 der <a href=\"https:\/\/www.krafthand.de\/truck\/magazin\/\" title=\"Zum Magazin\">Krafthand-Truck<\/a>.<\/i><\/p>","protected":false},"excerpt":{"rendered":"<p>Mit der Ausweitung von Elektrifizierungsl\u00f6sungen auf den Bereich der Nutzfahrzeuge m\u00f6chte der Automobil- und Industriezulieferer Schaeffler einen weiteren Beitrag zur Erreichung der Klima- und Nachhaltigkeitsziele leisten. <span class=\"excerpt-more__dots\">&#8230;<\/span> <a class=\"excerpt-more__link\" href=\"https:\/\/www.krafthand.de\/truck\/artikel\/e-motoren-und-hybridmodule-27731\/\" >weiter<\/a><\/p>\n","protected":false},"author":7,"featured_media":27732,"comment_status":"closed","ping_status":"closed","sticky":false,"template":"","format":"standard","meta":{"footnotes":""},"categories":[4224],"tags":[3016,611,4445,645],"settings":[],"class_list":["post-27731","post","type-post","status-publish","format-standard","has-post-thumbnail","hentry","category-e-antrieb","tag-elektromotor","tag-hybridmodul","tag-p1-modul","tag-schaeffler"],"yoast_head":"<!-- This site is optimized with the Yoast SEO plugin v27.3 - https:\/\/yoast.com\/product\/yoast-seo-wordpress\/ -->\n<title>E-Motoren und Hybridmodule - Krafthand-Truck<\/title>\n<meta name=\"robots\" content=\"index, follow, max-snippet:-1, max-image-preview:large, max-video-preview:-1\" \/>\n<link rel=\"canonical\" href=\"https:\/\/www.krafthand.de\/truck\/artikel\/e-motoren-und-hybridmodule-27731\/\" \/>\n<meta property=\"og:locale\" content=\"de_DE\" \/>\n<meta property=\"og:type\" content=\"article\" \/>\n<meta property=\"og:title\" content=\"E-Motoren und Hybridmodule - Krafthand-Truck\" \/>\n<meta property=\"og:description\" content=\"Mit der Ausweitung von Elektrifizierungsl\u00f6sungen auf den Bereich der Nutzfahrzeuge m\u00f6chte der Automobil- und Industriezulieferer Schaeffler einen weiteren Beitrag zur Erreichung der Klima- und Nachhaltigkeitsziele leisten. ... weiter\" \/>\n<meta property=\"og:url\" content=\"https:\/\/www.krafthand-truck.de\/artikel\/e-motoren-und-hybridmodule-27731\/\" \/>\n<meta property=\"og:site_name\" content=\"Krafthand-Truck\" \/>\n<meta property=\"article:published_time\" content=\"2021-04-03T05:51:21+00:00\" \/>\n<meta property=\"article:modified_time\" content=\"2021-05-05T05:52:56+00:00\" \/>\n<meta property=\"og:image\" content=\"https:\/\/www.krafthand.de\/truck\/wp-content\/uploads\/2021\/04\/01_02_21_032_E_Motor.jpg\" \/>\n\t<meta property=\"og:image:width\" content=\"1200\" \/>\n\t<meta property=\"og:image:height\" content=\"1142\" \/>\n\t<meta property=\"og:image:type\" content=\"image\/jpeg\" \/>\n<meta name=\"author\" content=\"julian.schmid@krafthand.de\" \/>\n<meta name=\"twitter:card\" content=\"summary_large_image\" \/>\n<meta name=\"twitter:label1\" content=\"Verfasst von\" \/>\n\t<meta name=\"twitter:data1\" content=\"julian.schmid@krafthand.de\" \/>\n\t<meta name=\"twitter:label2\" content=\"Gesch\u00e4tzte Lesezeit\" \/>\n\t<meta name=\"twitter:data2\" content=\"2\u00a0Minuten\" \/>\n<script type=\"application\/ld+json\" class=\"yoast-schema-graph\">{\"@context\":\"https:\\\/\\\/schema.org\",\"@graph\":[{\"@type\":\"Article\",\"@id\":\"https:\\\/\\\/www.krafthand.de\\\/truck\\\/artikel\\\/e-motoren-und-hybridmodule-27731\\\/#article\",\"isPartOf\":{\"@id\":\"https:\\\/\\\/www.krafthand.de\\\/truck\\\/artikel\\\/e-motoren-und-hybridmodule-27731\\\/\"},\"author\":{\"name\":\"julian.schmid@krafthand.de\",\"@id\":\"https:\\\/\\\/www.krafthand.de\\\/truck\\\/#\\\/schema\\\/person\\\/23aebc1e5e3f0204da7158bce36950bb\"},\"headline\":\"E-Motoren und Hybridmodule\",\"datePublished\":\"2021-04-03T05:51:21+00:00\",\"dateModified\":\"2021-05-05T05:52:56+00:00\",\"mainEntityOfPage\":{\"@id\":\"https:\\\/\\\/www.krafthand.de\\\/truck\\\/artikel\\\/e-motoren-und-hybridmodule-27731\\\/\"},\"wordCount\":387,\"image\":{\"@id\":\"https:\\\/\\\/www.krafthand.de\\\/truck\\\/artikel\\\/e-motoren-und-hybridmodule-27731\\\/#primaryimage\"},\"thumbnailUrl\":\"https:\\\/\\\/static.krafthand-truck.de\\\/uploads\\\/2021\\\/04\\\/01_02_21_032_E_Motor.jpg\",\"keywords\":[\"Elektromotor\",\"Hybridmodul\",\"P1-Modul\",\"Schaeffler\"],\"articleSection\":[\"E-Antrieb (BEV\\\/FCEV)\"],\"inLanguage\":\"de\"},{\"@type\":\"WebPage\",\"@id\":\"https:\\\/\\\/www.krafthand.de\\\/truck\\\/artikel\\\/e-motoren-und-hybridmodule-27731\\\/\",\"url\":\"https:\\\/\\\/www.krafthand.de\\\/truck\\\/artikel\\\/e-motoren-und-hybridmodule-27731\\\/\",\"name\":\"E-Motoren und Hybridmodule - Krafthand-Truck\",\"isPartOf\":{\"@id\":\"https:\\\/\\\/www.krafthand.de\\\/truck\\\/#website\"},\"primaryImageOfPage\":{\"@id\":\"https:\\\/\\\/www.krafthand.de\\\/truck\\\/artikel\\\/e-motoren-und-hybridmodule-27731\\\/#primaryimage\"},\"image\":{\"@id\":\"https:\\\/\\\/www.krafthand.de\\\/truck\\\/artikel\\\/e-motoren-und-hybridmodule-27731\\\/#primaryimage\"},\"thumbnailUrl\":\"https:\\\/\\\/static.krafthand-truck.de\\\/uploads\\\/2021\\\/04\\\/01_02_21_032_E_Motor.jpg\",\"datePublished\":\"2021-04-03T05:51:21+00:00\",\"dateModified\":\"2021-05-05T05:52:56+00:00\",\"author\":{\"@id\":\"https:\\\/\\\/www.krafthand.de\\\/truck\\\/#\\\/schema\\\/person\\\/23aebc1e5e3f0204da7158bce36950bb\"},\"breadcrumb\":{\"@id\":\"https:\\\/\\\/www.krafthand.de\\\/truck\\\/artikel\\\/e-motoren-und-hybridmodule-27731\\\/#breadcrumb\"},\"inLanguage\":\"de\",\"potentialAction\":[{\"@type\":\"ReadAction\",\"target\":[\"https:\\\/\\\/www.krafthand.de\\\/truck\\\/artikel\\\/e-motoren-und-hybridmodule-27731\\\/\"]}]},{\"@type\":\"ImageObject\",\"inLanguage\":\"de\",\"@id\":\"https:\\\/\\\/www.krafthand.de\\\/truck\\\/artikel\\\/e-motoren-und-hybridmodule-27731\\\/#primaryimage\",\"url\":\"https:\\\/\\\/static.krafthand-truck.de\\\/uploads\\\/2021\\\/04\\\/01_02_21_032_E_Motor.jpg\",\"contentUrl\":\"https:\\\/\\\/static.krafthand-truck.de\\\/uploads\\\/2021\\\/04\\\/01_02_21_032_E_Motor.jpg\",\"width\":1200,\"height\":1142,\"caption\":\"800-V-Motor mit Stab-Wellenwicklungs-Technologie. Bilder: Schaeffler\"},{\"@type\":\"BreadcrumbList\",\"@id\":\"https:\\\/\\\/www.krafthand.de\\\/truck\\\/artikel\\\/e-motoren-und-hybridmodule-27731\\\/#breadcrumb\",\"itemListElement\":[{\"@type\":\"ListItem\",\"position\":1,\"name\":\"Krafthand-Truck\",\"item\":\"https:\\\/\\\/www.krafthand.de\\\/truck\\\/\"},{\"@type\":\"ListItem\",\"position\":2,\"name\":\"Nfz-Technik\",\"item\":\"https:\\\/\\\/www.krafthand.de\\\/truck\\\/kategorie\\\/nfz-technik\\\/\"},{\"@type\":\"ListItem\",\"position\":3,\"name\":\"E-Antrieb (BEV\\\/FCEV)\",\"item\":\"https:\\\/\\\/www.krafthand.de\\\/truck\\\/kategorie\\\/nfz-technik\\\/e-antrieb\\\/\"},{\"@type\":\"ListItem\",\"position\":4,\"name\":\"E-Motoren und Hybridmodule\"}]},{\"@type\":\"WebSite\",\"@id\":\"https:\\\/\\\/www.krafthand.de\\\/truck\\\/#website\",\"url\":\"https:\\\/\\\/www.krafthand.de\\\/truck\\\/\",\"name\":\"Krafthand-Truck\",\"description\":\"\",\"potentialAction\":[{\"@type\":\"SearchAction\",\"target\":{\"@type\":\"EntryPoint\",\"urlTemplate\":\"https:\\\/\\\/www.krafthand.de\\\/truck\\\/?s={search_term_string}\"},\"query-input\":{\"@type\":\"PropertyValueSpecification\",\"valueRequired\":true,\"valueName\":\"search_term_string\"}}],\"inLanguage\":\"de\"},{\"@type\":\"Person\",\"@id\":\"https:\\\/\\\/www.krafthand.de\\\/truck\\\/#\\\/schema\\\/person\\\/23aebc1e5e3f0204da7158bce36950bb\",\"name\":\"julian.schmid@krafthand.de\",\"image\":{\"@type\":\"ImageObject\",\"inLanguage\":\"de\",\"@id\":\"https:\\\/\\\/secure.gravatar.com\\\/avatar\\\/ef76c2910cab8eb23fcc013e1c6dc1ba4af5e93fea6e6132d7c4e67d4e9631e9?s=96&d=mm&r=g\",\"url\":\"https:\\\/\\\/secure.gravatar.com\\\/avatar\\\/ef76c2910cab8eb23fcc013e1c6dc1ba4af5e93fea6e6132d7c4e67d4e9631e9?s=96&d=mm&r=g\",\"contentUrl\":\"https:\\\/\\\/secure.gravatar.com\\\/avatar\\\/ef76c2910cab8eb23fcc013e1c6dc1ba4af5e93fea6e6132d7c4e67d4e9631e9?s=96&d=mm&r=g\",\"caption\":\"julian.schmid@krafthand.de\"}}]}<\/script>\n<!-- \/ Yoast SEO plugin. -->","yoast_head_json":{"title":"E-Motoren und Hybridmodule - Krafthand-Truck","robots":{"index":"index","follow":"follow","max-snippet":"max-snippet:-1","max-image-preview":"max-image-preview:large","max-video-preview":"max-video-preview:-1"},"canonical":"https:\/\/www.krafthand.de\/truck\/artikel\/e-motoren-und-hybridmodule-27731\/","og_locale":"de_DE","og_type":"article","og_title":"E-Motoren und Hybridmodule - Krafthand-Truck","og_description":"Mit der Ausweitung von Elektrifizierungsl\u00f6sungen auf den Bereich der Nutzfahrzeuge m\u00f6chte der Automobil- und Industriezulieferer Schaeffler einen weiteren Beitrag zur Erreichung der Klima- und Nachhaltigkeitsziele leisten. ... weiter","og_url":"https:\/\/www.krafthand-truck.de\/artikel\/e-motoren-und-hybridmodule-27731\/","og_site_name":"Krafthand-Truck","article_published_time":"2021-04-03T05:51:21+00:00","article_modified_time":"2021-05-05T05:52:56+00:00","og_image":[{"width":1200,"height":1142,"url":"https:\/\/www.krafthand.de\/truck\/wp-content\/uploads\/2021\/04\/01_02_21_032_E_Motor.jpg","type":"image\/jpeg"}],"author":"julian.schmid@krafthand.de","twitter_card":"summary_large_image","twitter_misc":{"Verfasst von":"julian.schmid@krafthand.de","Gesch\u00e4tzte Lesezeit":"2\u00a0Minuten"},"schema":{"@context":"https:\/\/schema.org","@graph":[{"@type":"Article","@id":"https:\/\/www.krafthand.de\/truck\/artikel\/e-motoren-und-hybridmodule-27731\/#article","isPartOf":{"@id":"https:\/\/www.krafthand.de\/truck\/artikel\/e-motoren-und-hybridmodule-27731\/"},"author":{"name":"julian.schmid@krafthand.de","@id":"https:\/\/www.krafthand.de\/truck\/#\/schema\/person\/23aebc1e5e3f0204da7158bce36950bb"},"headline":"E-Motoren und Hybridmodule","datePublished":"2021-04-03T05:51:21+00:00","dateModified":"2021-05-05T05:52:56+00:00","mainEntityOfPage":{"@id":"https:\/\/www.krafthand.de\/truck\/artikel\/e-motoren-und-hybridmodule-27731\/"},"wordCount":387,"image":{"@id":"https:\/\/www.krafthand.de\/truck\/artikel\/e-motoren-und-hybridmodule-27731\/#primaryimage"},"thumbnailUrl":"https:\/\/static.krafthand-truck.de\/uploads\/2021\/04\/01_02_21_032_E_Motor.jpg","keywords":["Elektromotor","Hybridmodul","P1-Modul","Schaeffler"],"articleSection":["E-Antrieb (BEV\/FCEV)"],"inLanguage":"de"},{"@type":"WebPage","@id":"https:\/\/www.krafthand.de\/truck\/artikel\/e-motoren-und-hybridmodule-27731\/","url":"https:\/\/www.krafthand.de\/truck\/artikel\/e-motoren-und-hybridmodule-27731\/","name":"E-Motoren und Hybridmodule - Krafthand-Truck","isPartOf":{"@id":"https:\/\/www.krafthand.de\/truck\/#website"},"primaryImageOfPage":{"@id":"https:\/\/www.krafthand.de\/truck\/artikel\/e-motoren-und-hybridmodule-27731\/#primaryimage"},"image":{"@id":"https:\/\/www.krafthand.de\/truck\/artikel\/e-motoren-und-hybridmodule-27731\/#primaryimage"},"thumbnailUrl":"https:\/\/static.krafthand-truck.de\/uploads\/2021\/04\/01_02_21_032_E_Motor.jpg","datePublished":"2021-04-03T05:51:21+00:00","dateModified":"2021-05-05T05:52:56+00:00","author":{"@id":"https:\/\/www.krafthand.de\/truck\/#\/schema\/person\/23aebc1e5e3f0204da7158bce36950bb"},"breadcrumb":{"@id":"https:\/\/www.krafthand.de\/truck\/artikel\/e-motoren-und-hybridmodule-27731\/#breadcrumb"},"inLanguage":"de","potentialAction":[{"@type":"ReadAction","target":["https:\/\/www.krafthand.de\/truck\/artikel\/e-motoren-und-hybridmodule-27731\/"]}]},{"@type":"ImageObject","inLanguage":"de","@id":"https:\/\/www.krafthand.de\/truck\/artikel\/e-motoren-und-hybridmodule-27731\/#primaryimage","url":"https:\/\/static.krafthand-truck.de\/uploads\/2021\/04\/01_02_21_032_E_Motor.jpg","contentUrl":"https:\/\/static.krafthand-truck.de\/uploads\/2021\/04\/01_02_21_032_E_Motor.jpg","width":1200,"height":1142,"caption":"800-V-Motor mit Stab-Wellenwicklungs-Technologie. Bilder: Schaeffler"},{"@type":"BreadcrumbList","@id":"https:\/\/www.krafthand.de\/truck\/artikel\/e-motoren-und-hybridmodule-27731\/#breadcrumb","itemListElement":[{"@type":"ListItem","position":1,"name":"Krafthand-Truck","item":"https:\/\/www.krafthand.de\/truck\/"},{"@type":"ListItem","position":2,"name":"Nfz-Technik","item":"https:\/\/www.krafthand.de\/truck\/kategorie\/nfz-technik\/"},{"@type":"ListItem","position":3,"name":"E-Antrieb (BEV\/FCEV)","item":"https:\/\/www.krafthand.de\/truck\/kategorie\/nfz-technik\/e-antrieb\/"},{"@type":"ListItem","position":4,"name":"E-Motoren und Hybridmodule"}]},{"@type":"WebSite","@id":"https:\/\/www.krafthand.de\/truck\/#website","url":"https:\/\/www.krafthand.de\/truck\/","name":"Krafthand-Truck","description":"","potentialAction":[{"@type":"SearchAction","target":{"@type":"EntryPoint","urlTemplate":"https:\/\/www.krafthand.de\/truck\/?s={search_term_string}"},"query-input":{"@type":"PropertyValueSpecification","valueRequired":true,"valueName":"search_term_string"}}],"inLanguage":"de"},{"@type":"Person","@id":"https:\/\/www.krafthand.de\/truck\/#\/schema\/person\/23aebc1e5e3f0204da7158bce36950bb","name":"julian.schmid@krafthand.de","image":{"@type":"ImageObject","inLanguage":"de","@id":"https:\/\/secure.gravatar.com\/avatar\/ef76c2910cab8eb23fcc013e1c6dc1ba4af5e93fea6e6132d7c4e67d4e9631e9?s=96&d=mm&r=g","url":"https:\/\/secure.gravatar.com\/avatar\/ef76c2910cab8eb23fcc013e1c6dc1ba4af5e93fea6e6132d7c4e67d4e9631e9?s=96&d=mm&r=g","contentUrl":"https:\/\/secure.gravatar.com\/avatar\/ef76c2910cab8eb23fcc013e1c6dc1ba4af5e93fea6e6132d7c4e67d4e9631e9?s=96&d=mm&r=g","caption":"julian.schmid@krafthand.de"}}]}},"_links":{"self":[{"href":"https:\/\/www.krafthand.de\/truck\/wp-json\/wp\/v2\/posts\/27731","targetHints":{"allow":["GET"]}}],"collection":[{"href":"https:\/\/www.krafthand.de\/truck\/wp-json\/wp\/v2\/posts"}],"about":[{"href":"https:\/\/www.krafthand.de\/truck\/wp-json\/wp\/v2\/types\/post"}],"author":[{"embeddable":true,"href":"https:\/\/www.krafthand.de\/truck\/wp-json\/wp\/v2\/users\/7"}],"replies":[{"embeddable":true,"href":"https:\/\/www.krafthand.de\/truck\/wp-json\/wp\/v2\/comments?post=27731"}],"version-history":[{"count":4,"href":"https:\/\/www.krafthand.de\/truck\/wp-json\/wp\/v2\/posts\/27731\/revisions"}],"predecessor-version":[{"id":27847,"href":"https:\/\/www.krafthand.de\/truck\/wp-json\/wp\/v2\/posts\/27731\/revisions\/27847"}],"wp:featuredmedia":[{"embeddable":true,"href":"https:\/\/www.krafthand.de\/truck\/wp-json\/wp\/v2\/media\/27732"}],"wp:attachment":[{"href":"https:\/\/www.krafthand.de\/truck\/wp-json\/wp\/v2\/media?parent=27731"}],"wp:term":[{"taxonomy":"category","embeddable":true,"href":"https:\/\/www.krafthand.de\/truck\/wp-json\/wp\/v2\/categories?post=27731"},{"taxonomy":"post_tag","embeddable":true,"href":"https:\/\/www.krafthand.de\/truck\/wp-json\/wp\/v2\/tags?post=27731"},{"taxonomy":"settings","embeddable":true,"href":"https:\/\/www.krafthand.de\/truck\/wp-json\/wp\/v2\/settings?post=27731"}],"curies":[{"name":"wp","href":"https:\/\/api.w.org\/{rel}","templated":true}]}}