{"id":27694,"date":"2021-04-29T11:55:32","date_gmt":"2021-04-29T09:55:32","guid":{"rendered":"https:\/\/www.krafthand.de\/truck\/?p=27694"},"modified":"2021-04-29T12:15:06","modified_gmt":"2021-04-29T10:15:06","slug":"klares-bekenntnis-zu-wasserstoffbasierten-brennstoffzellen","status":"publish","type":"post","link":"https:\/\/www.krafthand.de\/truck\/artikel\/klares-bekenntnis-zu-wasserstoffbasierten-brennstoffzellen-27694\/","title":{"rendered":"Klares Bekenntnis zur wasserstoffbasierten Brennstoffzelle"},"content":{"rendered":"<p>Die Daimler Truck AG und die Volvo Group haben heute die Strategie f\u00fcr ihr neues Brennstoffzellen-Joint Venture Cellcentric vorgestellt. Dabei haben die beiden Unternehmen ihr klares Bekenntnis zum Einsatz von wasserstoffbasierten Brennstoffzellen in Fernverkehrs-Lkw und dar\u00fcber hinaus, nochmal unterstrichen.<\/p>\n<p>Ziel der Partner ist es, das Gemeinschaftsunternehmen <a href=\"https:\/\/www.cellcentric.net\/\" target=\"_blank\" rel=\"noopener\">Cellcentric<\/a> zu einer der weltweit f\u00fchrenden Herstellern von Brennstoffzellensystemen zu machen. Daf\u00fcr plant das Unternehmen eine der gr\u00f6\u00dften Serienproduktionen von Brennstoffzellensystemen in Europa aufzubauen. Der Produktionsstart ist dem Vernehmen nach f\u00fcr 2025 vorgesehen. Beide Cellcentric-Anteilseigner fordern zus\u00e4tzlich einen einheitlichen regulatorischen Rahmen in der EU, um die Einf\u00fchrung von wasserstoffbasierten Brennstoffzellen schneller voranzutreiben. Dieser soll der Technologie zudem Kostenparit\u00e4t gegen\u00fcber konventionellen Antrieben erm\u00f6glichen und sie dadurch f\u00fcr Lkw-Kunden zu einer wirtschaftlichen Alternative machen.<\/p>\n<figure id=\"attachment_27696\" aria-describedby=\"caption-attachment-27696\" style=\"width: 420px\" class=\"wp-caption alignleft\"><a href=\"https:\/\/www.krafthand.de\/truck\/wp-content\/uploads\/2021\/04\/Cellcentric_Wasserstoffantrieb_Daimler_Volvo.jpg\" target=\"_blank\" rel=\"noopener\"><img fetchpriority=\"high\" decoding=\"async\" class=\"wp-image-27696\" src=\"https:\/\/www.krafthand.de\/truck\/wp-content\/uploads\/2021\/04\/Cellcentric_Wasserstoffantrieb_Daimler_Volvo-300x211.jpg\" alt=\"\" width=\"420\" height=\"295\" srcset=\"https:\/\/static.krafthand-truck.de\/uploads\/2021\/04\/Cellcentric_Wasserstoffantrieb_Daimler_Volvo-300x211.jpg 300w, https:\/\/static.krafthand-truck.de\/uploads\/2021\/04\/Cellcentric_Wasserstoffantrieb_Daimler_Volvo-1024x719.jpg 1024w, https:\/\/static.krafthand-truck.de\/uploads\/2021\/04\/Cellcentric_Wasserstoffantrieb_Daimler_Volvo-768x540.jpg 768w, https:\/\/static.krafthand-truck.de\/uploads\/2021\/04\/Cellcentric_Wasserstoffantrieb_Daimler_Volvo.jpg 1200w\" sizes=\"(max-width: 420px) 100vw, 420px\" \/><\/a><figcaption id=\"caption-attachment-27696\" class=\"wp-caption-text\">Das Twin-Brennstoffzellensystem von Cellcentric f\u00fcr den Einsatz bei schweren Lkw. Bild: Daimler Truck AG<\/figcaption><\/figure>\n<p>Martin Daum, CEO der Daimler Truck AG, und Martin Lundstedt, CEO der Volvo Group, haben diese ambitionierten Ziele heute bekanntgegeben. Cellcentric wird Brennstoffzellensysteme entwickeln, produzieren und vermarkten. Der Fokus liegt auf dem Einsatz in Fernverkehrs-Lkw, zus\u00e4tzlich sollen die Systeme auch f\u00fcr andere Anwendungen angeboten werden. Damit m\u00f6chte das Joint Venture auf einen CO2-neutralen und nachhaltigen Transport in Europa bis zum Jahr 2050 als Teil des European Green Deal einzahlen.<\/p>\n<p>Aus Sicht der Daimler Truck AG und der Volvo Group <strong>erg\u00e4nzen sich rein batterieelektrisch angetriebene und wasserstoffbasierte Brennstoffzellen-Lkw<\/strong> je nach individuellem Kundeneinsatz: Je leichter die Ladung und je k\u00fcrzer die Distanz, desto eher wird die Batterie zum Einsatz kommen. Je schwerer die Ladung und je l\u00e4nger die Distanz, desto eher wird die Brennstoffzelle das Mittel der Wahl sein.<\/p>\n<blockquote><p>\u201eElektrische Lkw mit wasserstoffbasiertem Brennstoffzellenantrieb werden eine Schl\u00fcsseltechnologie f\u00fcr den CO2-neutralen Transport der Zukunft sein. In Kombination mit rein batterieelektrischen Antrieben k\u00f6nnen wir unseren Kunden je nach Anwendungsfall so die besten lokal CO2-neutralen Alternativen anbieten. Allein mit batterieelektrischen Lkw wird dies nicht m\u00f6glich sein. Gemeinsam mit unserem Partner, der Volvo Group, stehen wir voll und ganz hinter unserem Brennstoffzellen-Joint Venture Cellcentric und treiben die Entwicklung der Technologie sowie die Vorbereitung der Serienproduktion mit Hochdruck voran. In Bezug auf die notwendige Wasserstoffinfrastruktur ist gr\u00fcner Wasserstoff langfristig der einzig sinnvolle Weg\u201c, so Martin Daum, Vorsitzender des Vorstands der Daimler Truck AG und Mitglied des Vorstands der Daimler AG.<\/p>\n<figure id=\"attachment_27704\" aria-describedby=\"caption-attachment-27704\" style=\"width: 420px\" class=\"wp-caption alignright\"><a href=\"https:\/\/www.krafthand.de\/truck\/wp-content\/uploads\/2021\/04\/Cellcentric_Brennstoffzellen_Lkw.jpg\" target=\"_blank\" rel=\"noopener\"><img decoding=\"async\" class=\"wp-image-27704\" src=\"https:\/\/www.krafthand.de\/truck\/wp-content\/uploads\/2021\/04\/Cellcentric_Brennstoffzellen_Lkw-300x200.jpg\" alt=\"\" width=\"420\" height=\"280\" srcset=\"https:\/\/static.krafthand-truck.de\/uploads\/2021\/04\/Cellcentric_Brennstoffzellen_Lkw-300x200.jpg 300w, https:\/\/static.krafthand-truck.de\/uploads\/2021\/04\/Cellcentric_Brennstoffzellen_Lkw-1024x683.jpg 1024w, https:\/\/static.krafthand-truck.de\/uploads\/2021\/04\/Cellcentric_Brennstoffzellen_Lkw-768x512.jpg 768w, https:\/\/static.krafthand-truck.de\/uploads\/2021\/04\/Cellcentric_Brennstoffzellen_Lkw.jpg 1200w\" sizes=\"(max-width: 420px) 100vw, 420px\" \/><\/a><figcaption id=\"caption-attachment-27704\" class=\"wp-caption-text\">Montage in Nabern, Komponenten werden zum fertigen Brennstoffzellensystem zusammengebaut. Bild: Daimler Truck AG<\/figcaption><\/figure>\n<p>Martin Lundstedt, CEO der Volvo Group: \u201eEs ist unser aller Priorit\u00e4t, die Ziele des Pariser Abkommens sp\u00e4testens bis 2050 zu erreichen und somit CO2-neutral zu werden. Wir sind davon \u00fcberzeugt, dass die wasserstoffbasierte Brennstoffzellentechnologie eine wichtige Rolle bei der Erreichung dieses Meilensteins spielen wird. Uns ist jedoch auch klar, dass es dabei um mehr als nur die Elektrifizierung von Maschinen und Fahrzeugen geht. Es bedarf einer breiteren Zusammenarbeit zwischen \u00f6ffentlichen und privaten Akteuren, um die notwendige Technologie und Infrastruktur zu entwickeln. Deshalb fordern wir ein gemeinsames Vorgehen von politischen Entscheidungstr\u00e4gern und Regierungen auf der ganzen Welt, um die wasserstoffbasierte Brennstoffzellentechnologie zum Erfolg zu f\u00fchren. Partnerschaften wie cellcentric sind f\u00fcr uns von entscheidender strategischer Bedeutung, um den Stra\u00dfeng\u00fcterverkehr zu dekarbonisieren.\u201c<\/p><\/blockquote>\n<p>Die gro\u00dfen Lkw-Hersteller Europas \u2013 auch unterst\u00fctzt durch die Daimler Truck AG und die Volvo Group \u2013 fordern den Aufbau von rund 300 Hochleistungs-Wasserstofftankstellen f\u00fcr schwere Nutzfahrzeuge bis 2025 und von rund 1.000 Wasserstoff-Tankstellen bis sp\u00e4testens 2030 in Europa. Die gemeinsame Initiative zielt darauf ab, Wasserstoff als Tr\u00e4ger von \u00d6kostrom f\u00fcr den Betrieb elektrischer Fernverkehrs-Lkw zu nutzen \u2013 ein zentraler Bestandteil der Dekarbonisierung des Stra\u00dfeng\u00fcterverkehrs.<\/p>\n<figure id=\"attachment_27710\" aria-describedby=\"caption-attachment-27710\" style=\"width: 420px\" class=\"wp-caption alignleft\"><a href=\"https:\/\/www.krafthand.de\/truck\/wp-content\/uploads\/2021\/04\/Cellcentric_Daimler_Volvo_Brennstoffzelle_Lkw.jpg\" target=\"_blank\" rel=\"noopener\"><img decoding=\"async\" class=\"wp-image-27710\" src=\"https:\/\/www.krafthand.de\/truck\/wp-content\/uploads\/2021\/04\/Cellcentric_Daimler_Volvo_Brennstoffzelle_Lkw-300x169.jpg\" alt=\"\" width=\"420\" height=\"236\" srcset=\"https:\/\/static.krafthand-truck.de\/uploads\/2021\/04\/Cellcentric_Daimler_Volvo_Brennstoffzelle_Lkw-300x169.jpg 300w, https:\/\/static.krafthand-truck.de\/uploads\/2021\/04\/Cellcentric_Daimler_Volvo_Brennstoffzelle_Lkw-1024x576.jpg 1024w, https:\/\/static.krafthand-truck.de\/uploads\/2021\/04\/Cellcentric_Daimler_Volvo_Brennstoffzelle_Lkw-768x432.jpg 768w, https:\/\/static.krafthand-truck.de\/uploads\/2021\/04\/Cellcentric_Daimler_Volvo_Brennstoffzelle_Lkw.jpg 1200w\" sizes=\"(max-width: 420px) 100vw, 420px\" \/><\/a><figcaption id=\"caption-attachment-27710\" class=\"wp-caption-text\">Die Daimler Truck AG und die Volvo Group haben am 1.3.2021 das Joint-Venture Cellcentric gegr\u00fcndet. Bild: Daimler Truck AG<\/figcaption><\/figure>\n<p>CO2-neutrale Lkw sind derzeit erheblich teurer als konventionelle Fahrzeuge. Daher ist ein politischer Rahmen n\u00f6tig, der sowohl Nachfrage als auch Wirtschaftlichkeit sicherstellt. Die Daimler Truck AG und die Volvo Group bef\u00fcrworten Anreize f\u00fcr CO2-neutrale Technologien sowie ein Besteuerungssystem auf Basis von CO2- und Energiegehalt; ein Emissionshandelssystem k\u00f6nnte eine weitere Option sein.<\/p>\n<h3>Serienproduktion von Brennstoffzellensystemen und Brennstoffzellen-Lkw<\/h3>\n<p>Cellcentric arbeitet derzeit die Pl\u00e4ne f\u00fcr seine Gro\u00dfserienproduktion aus und plant eine Standortentscheidung 2022 bekanntzugeben. Als wichtiger Schritt auf dem Weg zur Serienproduktion ist derzeit an einem neuen Standort in Esslingen bei Stuttgart die Vorserienproduktion in Vorbereitung. Parallel dazu erh\u00f6ht cellcentric die laufende Prototypenfertigung.<\/p>\n<p>Die Daimler Truck AG und die Volvo Group wollen in etwa drei Jahren mit der Kundenerprobung von Brennstoffzellen-Lkw beginnen und in der zweiten H\u00e4lfte dieses Jahrzehnts die Serienproduktion aufnehmen. Alle fahrzeugbezogenen Aktivit\u00e4ten der Unternehmen finden unabh\u00e4ngig voneinander statt. Die Daimler Truck AG und die Volvo Group bleiben hier Wettbewerber. Dies gilt f\u00fcr das gesamte Fahrzeug- und Produktportfolio, insbesondere f\u00fcr die Brennstoffzellenintegration in die Fahrzeuge.<\/p>\n","protected":false},"excerpt":{"rendered":"<p>Die Daimler Truck AG und die Volvo Group haben heute die Strategie f\u00fcr ihr neues Brennstoffzellen-Joint Venture Cellcentric vorgestellt. Dabei haben die beiden Unternehmen ihr klares Bekenntnis zum Einsatz von wasserstoffbasierten Brennstoffzellen in Fernverkehrs-Lkw und dar\u00fcber hinaus, nochmal unterstrichen. Der Plan ist weltweit f\u00fchrender Anbieter zu werden. <span class=\"excerpt-more__dots\">&#8230;<\/span> <a class=\"excerpt-more__link\" href=\"https:\/\/www.krafthand.de\/truck\/artikel\/klares-bekenntnis-zu-wasserstoffbasierten-brennstoffzellen-27694\/\" >weiter<\/a><\/p>\n","protected":false},"author":9,"featured_media":27698,"comment_status":"closed","ping_status":"closed","sticky":false,"template":"","format":"standard","meta":{"footnotes":""},"categories":[4224,4238],"tags":[4425,1040,4140,4426,752,4181],"settings":[3523],"class_list":["post-27694","post","type-post","status-publish","format-standard","has-post-thumbnail","hentry","category-e-antrieb","category-koepfe","tag-cellcentric","tag-daimler","tag-martin-daum","tag-martin-lundstedt","tag-volvo","tag-wasserstoff"],"yoast_head":"<!-- This site is optimized with the Yoast SEO plugin v27.3 - https:\/\/yoast.com\/product\/yoast-seo-wordpress\/ -->\n<title>Klares Bekenntnis zur wasserstoffbasierten Brennstoffzelle - Krafthand-Truck<\/title>\n<meta name=\"robots\" content=\"index, follow, max-snippet:-1, max-image-preview:large, max-video-preview:-1\" \/>\n<link rel=\"canonical\" href=\"https:\/\/www.krafthand.de\/truck\/artikel\/klares-bekenntnis-zu-wasserstoffbasierten-brennstoffzellen-27694\/\" \/>\n<meta property=\"og:locale\" content=\"de_DE\" \/>\n<meta property=\"og:type\" content=\"article\" \/>\n<meta property=\"og:title\" content=\"Klares Bekenntnis zur wasserstoffbasierten Brennstoffzelle - Krafthand-Truck\" \/>\n<meta property=\"og:description\" content=\"Die Daimler Truck AG und die Volvo Group haben heute die Strategie f\u00fcr ihr neues Brennstoffzellen-Joint Venture Cellcentric vorgestellt. Dabei haben die beiden Unternehmen ihr klares Bekenntnis zum Einsatz von wasserstoffbasierten Brennstoffzellen in Fernverkehrs-Lkw und dar\u00fcber hinaus, nochmal unterstrichen. Der Plan ist weltweit f\u00fchrender Anbieter zu werden. ... weiter\" \/>\n<meta property=\"og:url\" content=\"https:\/\/www.krafthand-truck.de\/artikel\/klares-bekenntnis-zu-wasserstoffbasierten-brennstoffzellen-27694\/\" \/>\n<meta property=\"og:site_name\" content=\"Krafthand-Truck\" \/>\n<meta property=\"article:published_time\" content=\"2021-04-29T09:55:32+00:00\" \/>\n<meta property=\"article:modified_time\" content=\"2021-04-29T10:15:06+00:00\" \/>\n<meta property=\"og:image\" content=\"https:\/\/www.krafthand.de\/truck\/wp-content\/uploads\/2021\/04\/Daimler_Martin_Daum_Volvo_Martin_Lundstedt.jpg\" \/>\n\t<meta property=\"og:image:width\" content=\"1200\" \/>\n\t<meta property=\"og:image:height\" content=\"675\" \/>\n\t<meta property=\"og:image:type\" content=\"image\/jpeg\" \/>\n<meta name=\"author\" content=\"georg.blenk@krafthand-medien.de\" \/>\n<meta name=\"twitter:card\" content=\"summary_large_image\" \/>\n<meta name=\"twitter:label1\" content=\"Verfasst von\" \/>\n\t<meta name=\"twitter:data1\" content=\"georg.blenk@krafthand-medien.de\" \/>\n\t<meta name=\"twitter:label2\" content=\"Gesch\u00e4tzte Lesezeit\" \/>\n\t<meta name=\"twitter:data2\" content=\"4\u00a0Minuten\" \/>\n<script type=\"application\/ld+json\" class=\"yoast-schema-graph\">{\"@context\":\"https:\\\/\\\/schema.org\",\"@graph\":[{\"@type\":\"Article\",\"@id\":\"https:\\\/\\\/www.krafthand.de\\\/truck\\\/artikel\\\/klares-bekenntnis-zu-wasserstoffbasierten-brennstoffzellen-27694\\\/#article\",\"isPartOf\":{\"@id\":\"https:\\\/\\\/www.krafthand.de\\\/truck\\\/artikel\\\/klares-bekenntnis-zu-wasserstoffbasierten-brennstoffzellen-27694\\\/\"},\"author\":{\"name\":\"georg.blenk@krafthand-medien.de\",\"@id\":\"https:\\\/\\\/www.krafthand.de\\\/truck\\\/#\\\/schema\\\/person\\\/51fa80b1c57034c4bf63f9f988fc24ce\"},\"headline\":\"Klares Bekenntnis zur wasserstoffbasierten Brennstoffzelle\",\"datePublished\":\"2021-04-29T09:55:32+00:00\",\"dateModified\":\"2021-04-29T10:15:06+00:00\",\"mainEntityOfPage\":{\"@id\":\"https:\\\/\\\/www.krafthand.de\\\/truck\\\/artikel\\\/klares-bekenntnis-zu-wasserstoffbasierten-brennstoffzellen-27694\\\/\"},\"wordCount\":819,\"image\":{\"@id\":\"https:\\\/\\\/www.krafthand.de\\\/truck\\\/artikel\\\/klares-bekenntnis-zu-wasserstoffbasierten-brennstoffzellen-27694\\\/#primaryimage\"},\"thumbnailUrl\":\"https:\\\/\\\/static.krafthand-truck.de\\\/uploads\\\/2021\\\/04\\\/Daimler_Martin_Daum_Volvo_Martin_Lundstedt.jpg\",\"keywords\":[\"Cellcentric\",\"Daimler\",\"Martin Daum\",\"Martin Lundstedt\",\"Volvo\",\"Wasserstoff\"],\"articleSection\":[\"E-Antrieb (BEV\\\/FCEV)\",\"K\u00f6pfe\\\/Personen\"],\"inLanguage\":\"de\"},{\"@type\":\"WebPage\",\"@id\":\"https:\\\/\\\/www.krafthand.de\\\/truck\\\/artikel\\\/klares-bekenntnis-zu-wasserstoffbasierten-brennstoffzellen-27694\\\/\",\"url\":\"https:\\\/\\\/www.krafthand.de\\\/truck\\\/artikel\\\/klares-bekenntnis-zu-wasserstoffbasierten-brennstoffzellen-27694\\\/\",\"name\":\"Klares Bekenntnis zur wasserstoffbasierten Brennstoffzelle - Krafthand-Truck\",\"isPartOf\":{\"@id\":\"https:\\\/\\\/www.krafthand.de\\\/truck\\\/#website\"},\"primaryImageOfPage\":{\"@id\":\"https:\\\/\\\/www.krafthand.de\\\/truck\\\/artikel\\\/klares-bekenntnis-zu-wasserstoffbasierten-brennstoffzellen-27694\\\/#primaryimage\"},\"image\":{\"@id\":\"https:\\\/\\\/www.krafthand.de\\\/truck\\\/artikel\\\/klares-bekenntnis-zu-wasserstoffbasierten-brennstoffzellen-27694\\\/#primaryimage\"},\"thumbnailUrl\":\"https:\\\/\\\/static.krafthand-truck.de\\\/uploads\\\/2021\\\/04\\\/Daimler_Martin_Daum_Volvo_Martin_Lundstedt.jpg\",\"datePublished\":\"2021-04-29T09:55:32+00:00\",\"dateModified\":\"2021-04-29T10:15:06+00:00\",\"author\":{\"@id\":\"https:\\\/\\\/www.krafthand.de\\\/truck\\\/#\\\/schema\\\/person\\\/51fa80b1c57034c4bf63f9f988fc24ce\"},\"breadcrumb\":{\"@id\":\"https:\\\/\\\/www.krafthand.de\\\/truck\\\/artikel\\\/klares-bekenntnis-zu-wasserstoffbasierten-brennstoffzellen-27694\\\/#breadcrumb\"},\"inLanguage\":\"de\",\"potentialAction\":[{\"@type\":\"ReadAction\",\"target\":[\"https:\\\/\\\/www.krafthand.de\\\/truck\\\/artikel\\\/klares-bekenntnis-zu-wasserstoffbasierten-brennstoffzellen-27694\\\/\"]}]},{\"@type\":\"ImageObject\",\"inLanguage\":\"de\",\"@id\":\"https:\\\/\\\/www.krafthand.de\\\/truck\\\/artikel\\\/klares-bekenntnis-zu-wasserstoffbasierten-brennstoffzellen-27694\\\/#primaryimage\",\"url\":\"https:\\\/\\\/static.krafthand-truck.de\\\/uploads\\\/2021\\\/04\\\/Daimler_Martin_Daum_Volvo_Martin_Lundstedt.jpg\",\"contentUrl\":\"https:\\\/\\\/static.krafthand-truck.de\\\/uploads\\\/2021\\\/04\\\/Daimler_Martin_Daum_Volvo_Martin_Lundstedt.jpg\",\"width\":1200,\"height\":675},{\"@type\":\"BreadcrumbList\",\"@id\":\"https:\\\/\\\/www.krafthand.de\\\/truck\\\/artikel\\\/klares-bekenntnis-zu-wasserstoffbasierten-brennstoffzellen-27694\\\/#breadcrumb\",\"itemListElement\":[{\"@type\":\"ListItem\",\"position\":1,\"name\":\"Krafthand-Truck\",\"item\":\"https:\\\/\\\/www.krafthand.de\\\/truck\\\/\"},{\"@type\":\"ListItem\",\"position\":2,\"name\":\"Nfz-Technik\",\"item\":\"https:\\\/\\\/www.krafthand.de\\\/truck\\\/kategorie\\\/nfz-technik\\\/\"},{\"@type\":\"ListItem\",\"position\":3,\"name\":\"E-Antrieb (BEV\\\/FCEV)\",\"item\":\"https:\\\/\\\/www.krafthand.de\\\/truck\\\/kategorie\\\/nfz-technik\\\/e-antrieb\\\/\"},{\"@type\":\"ListItem\",\"position\":4,\"name\":\"Klares Bekenntnis zur wasserstoffbasierten Brennstoffzelle\"}]},{\"@type\":\"WebSite\",\"@id\":\"https:\\\/\\\/www.krafthand.de\\\/truck\\\/#website\",\"url\":\"https:\\\/\\\/www.krafthand.de\\\/truck\\\/\",\"name\":\"Krafthand-Truck\",\"description\":\"\",\"potentialAction\":[{\"@type\":\"SearchAction\",\"target\":{\"@type\":\"EntryPoint\",\"urlTemplate\":\"https:\\\/\\\/www.krafthand.de\\\/truck\\\/?s={search_term_string}\"},\"query-input\":{\"@type\":\"PropertyValueSpecification\",\"valueRequired\":true,\"valueName\":\"search_term_string\"}}],\"inLanguage\":\"de\"},{\"@type\":\"Person\",\"@id\":\"https:\\\/\\\/www.krafthand.de\\\/truck\\\/#\\\/schema\\\/person\\\/51fa80b1c57034c4bf63f9f988fc24ce\",\"name\":\"georg.blenk@krafthand-medien.de\",\"image\":{\"@type\":\"ImageObject\",\"inLanguage\":\"de\",\"@id\":\"https:\\\/\\\/secure.gravatar.com\\\/avatar\\\/93713c30affe0aa95d3a4130e499bb1abee2eb31adbdd9ce2aa1543538490215?s=96&d=mm&r=g\",\"url\":\"https:\\\/\\\/secure.gravatar.com\\\/avatar\\\/93713c30affe0aa95d3a4130e499bb1abee2eb31adbdd9ce2aa1543538490215?s=96&d=mm&r=g\",\"contentUrl\":\"https:\\\/\\\/secure.gravatar.com\\\/avatar\\\/93713c30affe0aa95d3a4130e499bb1abee2eb31adbdd9ce2aa1543538490215?s=96&d=mm&r=g\",\"caption\":\"georg.blenk@krafthand-medien.de\"}}]}<\/script>\n<!-- \/ Yoast SEO plugin. -->","yoast_head_json":{"title":"Klares Bekenntnis zur wasserstoffbasierten Brennstoffzelle - Krafthand-Truck","robots":{"index":"index","follow":"follow","max-snippet":"max-snippet:-1","max-image-preview":"max-image-preview:large","max-video-preview":"max-video-preview:-1"},"canonical":"https:\/\/www.krafthand.de\/truck\/artikel\/klares-bekenntnis-zu-wasserstoffbasierten-brennstoffzellen-27694\/","og_locale":"de_DE","og_type":"article","og_title":"Klares Bekenntnis zur wasserstoffbasierten Brennstoffzelle - Krafthand-Truck","og_description":"Die Daimler Truck AG und die Volvo Group haben heute die Strategie f\u00fcr ihr neues Brennstoffzellen-Joint Venture Cellcentric vorgestellt. Dabei haben die beiden Unternehmen ihr klares Bekenntnis zum Einsatz von wasserstoffbasierten Brennstoffzellen in Fernverkehrs-Lkw und dar\u00fcber hinaus, nochmal unterstrichen. Der Plan ist weltweit f\u00fchrender Anbieter zu werden. ... weiter","og_url":"https:\/\/www.krafthand-truck.de\/artikel\/klares-bekenntnis-zu-wasserstoffbasierten-brennstoffzellen-27694\/","og_site_name":"Krafthand-Truck","article_published_time":"2021-04-29T09:55:32+00:00","article_modified_time":"2021-04-29T10:15:06+00:00","og_image":[{"width":1200,"height":675,"url":"https:\/\/www.krafthand.de\/truck\/wp-content\/uploads\/2021\/04\/Daimler_Martin_Daum_Volvo_Martin_Lundstedt.jpg","type":"image\/jpeg"}],"author":"georg.blenk@krafthand-medien.de","twitter_card":"summary_large_image","twitter_misc":{"Verfasst von":"georg.blenk@krafthand-medien.de","Gesch\u00e4tzte Lesezeit":"4\u00a0Minuten"},"schema":{"@context":"https:\/\/schema.org","@graph":[{"@type":"Article","@id":"https:\/\/www.krafthand.de\/truck\/artikel\/klares-bekenntnis-zu-wasserstoffbasierten-brennstoffzellen-27694\/#article","isPartOf":{"@id":"https:\/\/www.krafthand.de\/truck\/artikel\/klares-bekenntnis-zu-wasserstoffbasierten-brennstoffzellen-27694\/"},"author":{"name":"georg.blenk@krafthand-medien.de","@id":"https:\/\/www.krafthand.de\/truck\/#\/schema\/person\/51fa80b1c57034c4bf63f9f988fc24ce"},"headline":"Klares Bekenntnis zur wasserstoffbasierten Brennstoffzelle","datePublished":"2021-04-29T09:55:32+00:00","dateModified":"2021-04-29T10:15:06+00:00","mainEntityOfPage":{"@id":"https:\/\/www.krafthand.de\/truck\/artikel\/klares-bekenntnis-zu-wasserstoffbasierten-brennstoffzellen-27694\/"},"wordCount":819,"image":{"@id":"https:\/\/www.krafthand.de\/truck\/artikel\/klares-bekenntnis-zu-wasserstoffbasierten-brennstoffzellen-27694\/#primaryimage"},"thumbnailUrl":"https:\/\/static.krafthand-truck.de\/uploads\/2021\/04\/Daimler_Martin_Daum_Volvo_Martin_Lundstedt.jpg","keywords":["Cellcentric","Daimler","Martin Daum","Martin Lundstedt","Volvo","Wasserstoff"],"articleSection":["E-Antrieb (BEV\/FCEV)","K\u00f6pfe\/Personen"],"inLanguage":"de"},{"@type":"WebPage","@id":"https:\/\/www.krafthand.de\/truck\/artikel\/klares-bekenntnis-zu-wasserstoffbasierten-brennstoffzellen-27694\/","url":"https:\/\/www.krafthand.de\/truck\/artikel\/klares-bekenntnis-zu-wasserstoffbasierten-brennstoffzellen-27694\/","name":"Klares Bekenntnis zur wasserstoffbasierten Brennstoffzelle - Krafthand-Truck","isPartOf":{"@id":"https:\/\/www.krafthand.de\/truck\/#website"},"primaryImageOfPage":{"@id":"https:\/\/www.krafthand.de\/truck\/artikel\/klares-bekenntnis-zu-wasserstoffbasierten-brennstoffzellen-27694\/#primaryimage"},"image":{"@id":"https:\/\/www.krafthand.de\/truck\/artikel\/klares-bekenntnis-zu-wasserstoffbasierten-brennstoffzellen-27694\/#primaryimage"},"thumbnailUrl":"https:\/\/static.krafthand-truck.de\/uploads\/2021\/04\/Daimler_Martin_Daum_Volvo_Martin_Lundstedt.jpg","datePublished":"2021-04-29T09:55:32+00:00","dateModified":"2021-04-29T10:15:06+00:00","author":{"@id":"https:\/\/www.krafthand.de\/truck\/#\/schema\/person\/51fa80b1c57034c4bf63f9f988fc24ce"},"breadcrumb":{"@id":"https:\/\/www.krafthand.de\/truck\/artikel\/klares-bekenntnis-zu-wasserstoffbasierten-brennstoffzellen-27694\/#breadcrumb"},"inLanguage":"de","potentialAction":[{"@type":"ReadAction","target":["https:\/\/www.krafthand.de\/truck\/artikel\/klares-bekenntnis-zu-wasserstoffbasierten-brennstoffzellen-27694\/"]}]},{"@type":"ImageObject","inLanguage":"de","@id":"https:\/\/www.krafthand.de\/truck\/artikel\/klares-bekenntnis-zu-wasserstoffbasierten-brennstoffzellen-27694\/#primaryimage","url":"https:\/\/static.krafthand-truck.de\/uploads\/2021\/04\/Daimler_Martin_Daum_Volvo_Martin_Lundstedt.jpg","contentUrl":"https:\/\/static.krafthand-truck.de\/uploads\/2021\/04\/Daimler_Martin_Daum_Volvo_Martin_Lundstedt.jpg","width":1200,"height":675},{"@type":"BreadcrumbList","@id":"https:\/\/www.krafthand.de\/truck\/artikel\/klares-bekenntnis-zu-wasserstoffbasierten-brennstoffzellen-27694\/#breadcrumb","itemListElement":[{"@type":"ListItem","position":1,"name":"Krafthand-Truck","item":"https:\/\/www.krafthand.de\/truck\/"},{"@type":"ListItem","position":2,"name":"Nfz-Technik","item":"https:\/\/www.krafthand.de\/truck\/kategorie\/nfz-technik\/"},{"@type":"ListItem","position":3,"name":"E-Antrieb (BEV\/FCEV)","item":"https:\/\/www.krafthand.de\/truck\/kategorie\/nfz-technik\/e-antrieb\/"},{"@type":"ListItem","position":4,"name":"Klares Bekenntnis zur wasserstoffbasierten Brennstoffzelle"}]},{"@type":"WebSite","@id":"https:\/\/www.krafthand.de\/truck\/#website","url":"https:\/\/www.krafthand.de\/truck\/","name":"Krafthand-Truck","description":"","potentialAction":[{"@type":"SearchAction","target":{"@type":"EntryPoint","urlTemplate":"https:\/\/www.krafthand.de\/truck\/?s={search_term_string}"},"query-input":{"@type":"PropertyValueSpecification","valueRequired":true,"valueName":"search_term_string"}}],"inLanguage":"de"},{"@type":"Person","@id":"https:\/\/www.krafthand.de\/truck\/#\/schema\/person\/51fa80b1c57034c4bf63f9f988fc24ce","name":"georg.blenk@krafthand-medien.de","image":{"@type":"ImageObject","inLanguage":"de","@id":"https:\/\/secure.gravatar.com\/avatar\/93713c30affe0aa95d3a4130e499bb1abee2eb31adbdd9ce2aa1543538490215?s=96&d=mm&r=g","url":"https:\/\/secure.gravatar.com\/avatar\/93713c30affe0aa95d3a4130e499bb1abee2eb31adbdd9ce2aa1543538490215?s=96&d=mm&r=g","contentUrl":"https:\/\/secure.gravatar.com\/avatar\/93713c30affe0aa95d3a4130e499bb1abee2eb31adbdd9ce2aa1543538490215?s=96&d=mm&r=g","caption":"georg.blenk@krafthand-medien.de"}}]}},"_links":{"self":[{"href":"https:\/\/www.krafthand.de\/truck\/wp-json\/wp\/v2\/posts\/27694","targetHints":{"allow":["GET"]}}],"collection":[{"href":"https:\/\/www.krafthand.de\/truck\/wp-json\/wp\/v2\/posts"}],"about":[{"href":"https:\/\/www.krafthand.de\/truck\/wp-json\/wp\/v2\/types\/post"}],"author":[{"embeddable":true,"href":"https:\/\/www.krafthand.de\/truck\/wp-json\/wp\/v2\/users\/9"}],"replies":[{"embeddable":true,"href":"https:\/\/www.krafthand.de\/truck\/wp-json\/wp\/v2\/comments?post=27694"}],"version-history":[{"count":17,"href":"https:\/\/www.krafthand.de\/truck\/wp-json\/wp\/v2\/posts\/27694\/revisions"}],"predecessor-version":[{"id":27715,"href":"https:\/\/www.krafthand.de\/truck\/wp-json\/wp\/v2\/posts\/27694\/revisions\/27715"}],"wp:featuredmedia":[{"embeddable":true,"href":"https:\/\/www.krafthand.de\/truck\/wp-json\/wp\/v2\/media\/27698"}],"wp:attachment":[{"href":"https:\/\/www.krafthand.de\/truck\/wp-json\/wp\/v2\/media?parent=27694"}],"wp:term":[{"taxonomy":"category","embeddable":true,"href":"https:\/\/www.krafthand.de\/truck\/wp-json\/wp\/v2\/categories?post=27694"},{"taxonomy":"post_tag","embeddable":true,"href":"https:\/\/www.krafthand.de\/truck\/wp-json\/wp\/v2\/tags?post=27694"},{"taxonomy":"settings","embeddable":true,"href":"https:\/\/www.krafthand.de\/truck\/wp-json\/wp\/v2\/settings?post=27694"}],"curies":[{"name":"wp","href":"https:\/\/api.w.org\/{rel}","templated":true}]}}