{"id":27663,"date":"2021-04-29T08:49:31","date_gmt":"2021-04-29T06:49:31","guid":{"rendered":"https:\/\/www.krafthand.de\/truck\/?p=27663"},"modified":"2021-04-29T10:11:35","modified_gmt":"2021-04-29T08:11:35","slug":"neuer-t-way-ein-lkw-fuer-schweres-gelaende","status":"publish","type":"post","link":"https:\/\/www.krafthand.de\/truck\/artikel\/neuer-t-way-ein-lkw-fuer-schweres-gelaende-27663\/","title":{"rendered":"Neuer T-Way: Ein Lkw f\u00fcr schweres Gel\u00e4nde"},"content":{"rendered":"<p>Iveco hat jetzt die Produktpalette der Way-Baureihe mit dem neu konzipierten und entwickelten Offroad-Lkw T-Way komplettiert. Das Fahrzeug ist der Nachfolger des Trakker und gestern der Welt\u00f6ffentlichkeit vorgestellt worden. Der neue Iveco T-WAY verf\u00fcgt \u00fcber ein neues automatisiertes HI-Tronix-Getriebe mit speziell f\u00fcr die Offroad-Mobilit\u00e4t entwickelten Funktionen. Neue Scheibenbremsen an der Hinterachse, eine Hinterradaufh\u00e4ngung f\u00fcr Tandemachsen, ein geringeres Eigengewicht. Eine Vielzahl von Funktionen wie der HI-Traction-Antrieb, gew\u00e4hrleisten laut Iveco\u00a0 mehr Leistung und Wirtschaftlichkeit. Hinzu kommen die Konnektivit\u00e4t, digitale Services und Dienstleistungen sowie ein komfortables Fahrerhaus. Mit dem neuen T-Way sowie dem X-Way bietet Iveco jetzt eine komplett neue Produktpalette f\u00fcr den Einsatz abseits befestigter Stra\u00dfen und f\u00fcr schwere Offroad-Eins\u00e4tze.<\/p>\n<h3>Treat it bad!<\/h3>\n<p>Das Thema der Werbekampagne zur Markteinf\u00fchrung des T-Way lautet &#8222;Treat it bad&#8220;, also soviel wie &#8222;Behandle ihn schlecht&#8220;. Die virtuelle Markteinf\u00fchrung lieferte eine Entdeckungsreise durch die Iveco-Offroad-Welt und sollte die Robustheit es Fahrzeugs unterstreichen.<\/p>\n<blockquote><p>\u201eHeute schlagen wir mit der Vorstellung des T-Way, als dem &#8218;St\u00e4rksten der Schwersten&#8216;, ein neues Kapitel in der Offroad-Geschichte von Iveco auf. Dieses Fahrzeug wird die Pr\u00e4senz von Iveco im schweren Offroad-Bereich weiter festigen. Der T-Way schlie\u00dft die Erneuerung unserer Schwerlastbaureihe ab, die nun die aktuellste, umfassendste auf dem Markt ist&#8220;, erkl\u00e4rte Luca Sra, Chief Operating Officer, der Iveco Truck Business Unit.<\/p><\/blockquote>\n<h3>Robust und belastbar<\/h3>\n<p>Der neue T-Way zeichnet sich laut Iveco besonders durch seine Gel\u00e4ndetauglichkeit, Belastbarkeit und Verwindungssteifigkeit aus. Er \u00fcbernimmt von seinen Vorg\u00e4ngern den hochfesten und 10 Millimeter starken Leiterrahmen, der eine Verwindungssteifigkeit von 177 kNm aufweist. Die Vorderachse tr\u00e4gt eine maximale Achslast von bis zu 9 Tonnen. Der Radau\u00dfenantrieb in Form eines Planetengetriebes an der Hinterachse ist laut Iveco Standard. Das neue Heavy-Duty-Hinterradaufh\u00e4ngungssystem f\u00fcr Tandemachsen soll das Fahrzeuggewicht optimieren und die Gel\u00e4ndeg\u00e4ngigkeit durch eine gr\u00f6\u00dfere Bodenfreiheit und einen besseren B\u00f6schungswinkel verbessern.<\/p>\n<blockquote><p>\u201eMit dem T-Way sind wir im Begriff, auch in diesem Segment den Lkw-Verkehr in die Zukunft zu f\u00fchren. Wir haben das Fahrzeug mit dem Anspruch entwickelt, neue Ma\u00dfst\u00e4be in puncto Robustheit, Zuverl\u00e4ssigkeit, Effizienz, Handling, Aufbauflexibilit\u00e4t und vernetzte Services\/Dienstleistungen zu setzen, gepaart mit Komfort und italienischem Design.\u00a0 Sein Name ist Programm: T steht f\u00fcr tough&#8220;, so Thomas Hilse, Brand Pr\u00e4sident von Iveco.<\/p><\/blockquote>\n<div class=\"gallery-container\"><div class=\"owl-carousel owl-theme\">\r\n        <div>\r\n        \t<img decoding=\"async\" src=\"https:\/\/static.krafthand-truck.de\/uploads\/2021\/04\/IVECO_T-WAY_-2_Unterfahrschutz-1024x684.jpg\" alt=\"\" \/>\r\n          <a href=\"https:\/\/static.krafthand-truck.de\/uploads\/2021\/04\/IVECO_T-WAY_-2_Unterfahrschutz-1024x684.jpg\" data-featherlight=\"gallery_69f57283dcc02\" class=\"gallery-expand\" data-title=\"Der Neue T-Way von Iveco soll durch Leistung, Zuverl\u00e4ssigkeit und Vielseitigkeit \u00fcberzeugen. Bilder: Iveco\"><i class=\"fa fa-expand\" aria-hidden=\"true\"><\/i><\/a>\r\n        \t<div class=\"gallery-caption wp-caption-text\"><p>Der Neue T-Way von Iveco soll durch Leistung, Zuverl\u00e4ssigkeit und Vielseitigkeit \u00fcberzeugen. Bilder: Iveco<\/p>\n<\/div>\r\n        <\/div>\r\n        <div>\r\n        \t<img decoding=\"async\" src=\"https:\/\/static.krafthand-truck.de\/uploads\/2021\/04\/IVECO_T-WAY_-3_Kiesgrube-1024x684.jpg\" alt=\"\" \/>\r\n          <a href=\"https:\/\/static.krafthand-truck.de\/uploads\/2021\/04\/IVECO_T-WAY_-3_Kiesgrube-1024x684.jpg\" data-featherlight=\"gallery_69f57283dcc02\" class=\"gallery-expand\" data-title=\"Der T-Way kommt mit zahlreichen Fahrgestell- und Sattelzug-Varianten und Antriebsoptionen daher.\"><i class=\"fa fa-expand\" aria-hidden=\"true\"><\/i><\/a>\r\n        \t<div class=\"gallery-caption wp-caption-text\"><p>Der T-Way kommt mit zahlreichen Fahrgestell- und Sattelzug-Varianten und Antriebsoptionen daher.<\/p>\n<\/div>\r\n        <\/div>\r\n        <div>\r\n        \t<img decoding=\"async\" src=\"https:\/\/static.krafthand-truck.de\/uploads\/2021\/04\/IVECO_T-WAY_-4_Abladen-1024x707.jpg\" alt=\"\" \/>\r\n          <a href=\"https:\/\/static.krafthand-truck.de\/uploads\/2021\/04\/IVECO_T-WAY_-4_Abladen-1024x707.jpg\" data-featherlight=\"gallery_69f57283dcc02\" class=\"gallery-expand\" data-title=\"Das Fahrerhaus des T-Way teilt das Design der Iveco-Way-Reihe. \"><i class=\"fa fa-expand\" aria-hidden=\"true\"><\/i><\/a>\r\n        \t<div class=\"gallery-caption wp-caption-text\"><p>Das Fahrerhaus des T-Way teilt das Design der Iveco-Way-Reihe. <\/p>\n<\/div>\r\n        <\/div><\/div><\/div>\r\n\t<script>\r\n\t\tjQuery(document).ready(function($){\r\n      setTimeout(function(){\r\n  \t\t\t$(\".owl-carousel\").owlCarousel({\r\n  \t\t\t\tloop:true,\r\n    \t\t\tmargin:10,\r\n    \t\t\tresponsiveClass:true,\r\n    \t\t\titems:1,\r\n    \t\t\tautoHeight: true,\r\n          nav: true,\r\n          URLhashListener: true,\r\n          startPosition: \"URLHash\",\r\n          navText: [\r\n            \"<i class='fa fa-chevron-left'><\/i>\",\r\n            \"<i class='fa fa-chevron-right'><\/i>\"\r\n          ],\r\n  \t\t\t});\r\n      }, 2000);\r\n\t\t});\r\n\t<\/script>\r\n\t\n<h3>Antrieb und Nutzlast<\/h3>\n<p>Der T-Way liefert die f\u00fcr Traktion und Nebenantrieb (PTO) erforderliche Leistung mit dem\u00a0 Cursor 13-Motor (13 Liter Hubraum), der bis zu 510 PS entwickelt \u2013 und damit die Leistung des Trakker um 10 PS \u00fcbertrifft. F\u00fcr leichtere Konfigurationen ist er auch mit dem Cursor 9-Motor erh\u00e4ltlich. Die Motoren sind mit dem\u00a0 automatisierten 12- und 16-Gang-HI-Tronix-Getriebe verf\u00fcgbar, das jetzt auch \u00fcber neue Funktionen speziell f\u00fcr die Offroad-Mobilit\u00e4t verf\u00fcgt. Dazu geh\u00f6ren eine Hill-Holder-Funktion, die das Anfahren an Steigungen erleichtert, ein Rocking-Mode zur Wiederherstellung der Traktion bei rutschigen Bedingungen und ein Creep-Mode f\u00fcr extrem niedrige Geschwindigkeiten im Standgas. F\u00fcr die Onroad-Abschnitte steigert das HI-Cruise-System die Effizienz des Getriebes laut Iveco zus\u00e4tzlich.\u00a0 Es umfasst vorausschauende Schaltvorg\u00e4nge, einen vorausschauenden Tempomat und eine Eco-Roll-Funktion, die die Tr\u00e4gheit des Fahrzeugs bei Bergabfahrten nutzt. Auf Basis neuer Algorithmen liefert das HI-Tronix f\u00fcr jede Anwendung die entsprechende Schaltstrategie.<\/p>\n<p>F\u00fcr Eins\u00e4tze, die einen gelegentlichen Allradantrieb erfordern\u00a0 bietet der T-Way den hydrostatischen Antrieb HI-Traction f\u00fcr 6&#215;4-Fahrgestelle und -Sattelzugmaschinen. Das System arbeitet bei Geschwindigkeiten bis 25 km\/h und wird automatisch aktiviert, um bei Bedarf eine zus\u00e4tzliche hydraulische Vorderradtraktion bereitzustellen. Der Antrieb bietet deutliche laut Iveco deutliche Vorteile in Bezug auf den Kraftstoffverbrauch und die Nutzlast, im Vergleich zu einer permanenten AWD-L\u00f6sung. Einen Nutzlastgewinn gegen\u00fcber dem Trakker liefert das um 325 Kilogramm niedrigere Eigengewicht des T-Way. M\u00f6glich macht das die Neukonstruktion des Tandemtr\u00e4gers an den Hinterachsen, der jetzt ein einteiliges Gussteil ausgef\u00fchrt ist.<\/p>\n<h3>Vernetzung<\/h3>\n<p>Das Konnektivit\u00e4tssystem auf Basis der serienm\u00e4\u00dfigen Connectivity-Box erm\u00f6glicht eine Ferndiagnose, die vorausschauende Wartung und erm\u00f6glicht es Flottenmanagern, die Leistung jedes Fahrzeugs jederzeit online zu \u00fcberpr\u00fcfen, um eine maximale Effizienz zu gew\u00e4hrleisten. Das ON-Portfolio von Iveco mit vernetzten digitalen Services und Dienstleistungen ist den Angaben zufolge darauf ausgerichtet, die Produktivit\u00e4t der Kunden und die Lebensdauer der Fahrzeuge zu maximieren sowie ungeplante Ausfallzeiten zu minimieren.<\/p>\n<h3>Flexibilit\u00e4t<\/h3>\n<p>Mit dem Hinterradantrieb bei den 6&#215;4- und 8&#215;4-Fahrgestellen und Sattelzugmaschinen sowie der Allradantrieb bei den 4&#215;4- und 6&#215;6-Fahrgestellen und Sattelzugmaschinen sowie bei den 8&#215;8-Fahrgestellen, verf\u00fcgt der T-Way \u00fcber ein breites Angebot an Antriebsoptionen. Zudem hat Iveco die Allradpalette um neue Modelle mit 4, 4,2 und 4,5 Metern Radstand erweitert. Die neue elektrische und elektronische HI-MUX-Architektur ist voll kompatibel mit den Steuerungssystemen der neuesten Generation. Das neue PTO-Portfolio umfasst unter anderem auch ein neues Hochleistungs-Sandwich-PTO, das ein Drehmoment von bis zu 2.300 Nm liefert.<\/p>\n<h3>Design, Komfort, Sicherheit<\/h3>\n<p>Das Fahrerhaus des T-Way teilt das Design der Iveco-Way-Reihe. Es ist in zwei Versionen erh\u00e4ltlich \u2013 als kleines AD(Active Day)-Normalfahrerhaus und als gro\u00dfe AT(Active Time)-Fernfahrerhaus mit Standard- oder Hochdach. Der gesamte Fahrerbereich ist laut Iveco so gestaltet, dass er ein praktisches und einfaches Arbeitsumfeld bietet. Der bequeme und ergonomische Fahrersitz sorgt zusammen mit dem neu konzipierten Multifunktionslenkrad f\u00fcr einen hervorragenden Fahrerkomfort. Ein Elektronisches Bremssystem (EBS) ist serienm\u00e4\u00dfig, f\u00fcr die PWD-Modelle sind Scheibenbremsen an der Vorder- und Hinterachse erh\u00e4ltlich. Zudem sind neue Fahrerassistenzsysteme f\u00fcr die komplette Baureihe verf\u00fcgbar.<\/p>\n\r\n\t\t\t\t<div class=\"post-author\">\r\n\t\t\t\t\t<div class=\"khm-cp-author clearfix\">\r\n\t\t\t\t\t\t<div class=\"khm-cp-author__content\">\r\n\t\t\t\t\t\t\t\tKontakt zum Autor:<br \/>\r\n\t\t\t\t\t\t\t\t<strong>Georg Blenk<\/strong>, 08247 \/ 3007-45 |  <a href=\"mailto:georg.blenk@krafthand-medien.de\">georg.blenk@krafthand-medien.de<\/a>\r\n\t\t\t\t\t\t\t<div class=\"khm-cp-author__image\">\r\n\t\t\t\t\t\t<img src=\"https:\/\/static.krafthand-truck.de\/uploads\/2021\/01\/Blenk_6104-250x300-1-removebg-preview.png\" class=\"img-responsive\">\r\n\t\t\t\t\t<\/div>\r\n\t\t\t\t\t\t<\/div>\r\n\t\t\t\t\t<\/div>\r\n\t\t\t\t<\/div>\r\n\t\t\t\t","protected":false},"excerpt":{"rendered":"<p>Iveco hat jetzt die Produktpalette der Way-Baureihe mit dem neu konzipierten und entwickelten Offroad-Lkw T-Way komplettiert. Das Fahrzeug ist der Nachfolger des Trakker und gestern der Welt\u00f6ffentlichkeit vorgestellt worden. <span class=\"excerpt-more__dots\">&#8230;<\/span> <a class=\"excerpt-more__link\" href=\"https:\/\/www.krafthand.de\/truck\/artikel\/neuer-t-way-ein-lkw-fuer-schweres-gelaende-27663\/\" >weiter<\/a><\/p>\n","protected":false},"author":9,"featured_media":27687,"comment_status":"closed","ping_status":"closed","sticky":false,"template":"","format":"standard","meta":{"footnotes":""},"categories":[4226,4222],"tags":[196,4422,4424,29,4421,4279,4420,2036,4423],"settings":[3524,3523],"class_list":["post-27663","post","type-post","status-publish","format-standard","has-post-thumbnail","hentry","category-fahrwerk","category-nfz-technik","tag-baustelle","tag-hi-traction","tag-hi-tronix","tag-iveco","tag-luca-sra","tag-offroad","tag-t-way","tag-trakker","tag-x-way"],"yoast_head":"<!-- This site is optimized with the Yoast SEO plugin v27.3 - https:\/\/yoast.com\/product\/yoast-seo-wordpress\/ -->\n<title>Neuer T-Way: Ein Lkw f\u00fcr schweres Gel\u00e4nde - Krafthand-Truck<\/title>\n<meta name=\"robots\" content=\"index, follow, max-snippet:-1, max-image-preview:large, max-video-preview:-1\" \/>\n<link rel=\"canonical\" href=\"https:\/\/www.krafthand.de\/truck\/artikel\/neuer-t-way-ein-lkw-fuer-schweres-gelaende-27663\/\" \/>\n<meta property=\"og:locale\" content=\"de_DE\" \/>\n<meta property=\"og:type\" content=\"article\" \/>\n<meta property=\"og:title\" content=\"Neuer T-Way: Ein Lkw f\u00fcr schweres Gel\u00e4nde - Krafthand-Truck\" \/>\n<meta property=\"og:description\" content=\"Iveco hat jetzt die Produktpalette der Way-Baureihe mit dem neu konzipierten und entwickelten Offroad-Lkw T-Way komplettiert. Das Fahrzeug ist der Nachfolger des Trakker und gestern der Welt\u00f6ffentlichkeit vorgestellt worden. ... weiter\" \/>\n<meta property=\"og:url\" content=\"https:\/\/www.krafthand-truck.de\/artikel\/neuer-t-way-ein-lkw-fuer-schweres-gelaende-27663\/\" \/>\n<meta property=\"og:site_name\" content=\"Krafthand-Truck\" \/>\n<meta property=\"article:published_time\" content=\"2021-04-29T06:49:31+00:00\" \/>\n<meta property=\"article:modified_time\" content=\"2021-04-29T08:11:35+00:00\" \/>\n<meta property=\"og:image\" content=\"https:\/\/www.krafthand.de\/truck\/wp-content\/uploads\/2021\/04\/Aufmacher_IVECO_T-WAY_-14.jpg\" \/>\n\t<meta property=\"og:image:width\" content=\"1200\" \/>\n\t<meta property=\"og:image:height\" content=\"686\" \/>\n\t<meta property=\"og:image:type\" content=\"image\/jpeg\" \/>\n<meta name=\"author\" content=\"georg.blenk@krafthand-medien.de\" \/>\n<meta name=\"twitter:card\" content=\"summary_large_image\" \/>\n<meta name=\"twitter:label1\" content=\"Verfasst von\" \/>\n\t<meta name=\"twitter:data1\" content=\"georg.blenk@krafthand-medien.de\" \/>\n\t<meta name=\"twitter:label2\" content=\"Gesch\u00e4tzte Lesezeit\" \/>\n\t<meta name=\"twitter:data2\" content=\"4\u00a0Minuten\" \/>\n<script type=\"application\/ld+json\" class=\"yoast-schema-graph\">{\"@context\":\"https:\\\/\\\/schema.org\",\"@graph\":[{\"@type\":\"Article\",\"@id\":\"https:\\\/\\\/www.krafthand.de\\\/truck\\\/artikel\\\/neuer-t-way-ein-lkw-fuer-schweres-gelaende-27663\\\/#article\",\"isPartOf\":{\"@id\":\"https:\\\/\\\/www.krafthand.de\\\/truck\\\/artikel\\\/neuer-t-way-ein-lkw-fuer-schweres-gelaende-27663\\\/\"},\"author\":{\"name\":\"georg.blenk@krafthand-medien.de\",\"@id\":\"https:\\\/\\\/www.krafthand.de\\\/truck\\\/#\\\/schema\\\/person\\\/51fa80b1c57034c4bf63f9f988fc24ce\"},\"headline\":\"Neuer T-Way: Ein Lkw f\u00fcr schweres Gel\u00e4nde\",\"datePublished\":\"2021-04-29T06:49:31+00:00\",\"dateModified\":\"2021-04-29T08:11:35+00:00\",\"mainEntityOfPage\":{\"@id\":\"https:\\\/\\\/www.krafthand.de\\\/truck\\\/artikel\\\/neuer-t-way-ein-lkw-fuer-schweres-gelaende-27663\\\/\"},\"wordCount\":906,\"image\":{\"@id\":\"https:\\\/\\\/www.krafthand.de\\\/truck\\\/artikel\\\/neuer-t-way-ein-lkw-fuer-schweres-gelaende-27663\\\/#primaryimage\"},\"thumbnailUrl\":\"https:\\\/\\\/static.krafthand-truck.de\\\/uploads\\\/2021\\\/04\\\/Aufmacher_IVECO_T-WAY_-14.jpg\",\"keywords\":[\"Baustelle\",\"Hi-Traction\",\"Hi-Tronix\",\"Iveco\",\"Luca Sra\",\"Offroad\",\"T-Way\",\"Trakker\",\"X-Way\"],\"articleSection\":[\"Fahrwerk\\\/D\u00e4mpfung\",\"Nfz-Technik\"],\"inLanguage\":\"de\"},{\"@type\":\"WebPage\",\"@id\":\"https:\\\/\\\/www.krafthand.de\\\/truck\\\/artikel\\\/neuer-t-way-ein-lkw-fuer-schweres-gelaende-27663\\\/\",\"url\":\"https:\\\/\\\/www.krafthand.de\\\/truck\\\/artikel\\\/neuer-t-way-ein-lkw-fuer-schweres-gelaende-27663\\\/\",\"name\":\"Neuer T-Way: Ein Lkw f\u00fcr schweres Gel\u00e4nde - Krafthand-Truck\",\"isPartOf\":{\"@id\":\"https:\\\/\\\/www.krafthand.de\\\/truck\\\/#website\"},\"primaryImageOfPage\":{\"@id\":\"https:\\\/\\\/www.krafthand.de\\\/truck\\\/artikel\\\/neuer-t-way-ein-lkw-fuer-schweres-gelaende-27663\\\/#primaryimage\"},\"image\":{\"@id\":\"https:\\\/\\\/www.krafthand.de\\\/truck\\\/artikel\\\/neuer-t-way-ein-lkw-fuer-schweres-gelaende-27663\\\/#primaryimage\"},\"thumbnailUrl\":\"https:\\\/\\\/static.krafthand-truck.de\\\/uploads\\\/2021\\\/04\\\/Aufmacher_IVECO_T-WAY_-14.jpg\",\"datePublished\":\"2021-04-29T06:49:31+00:00\",\"dateModified\":\"2021-04-29T08:11:35+00:00\",\"author\":{\"@id\":\"https:\\\/\\\/www.krafthand.de\\\/truck\\\/#\\\/schema\\\/person\\\/51fa80b1c57034c4bf63f9f988fc24ce\"},\"breadcrumb\":{\"@id\":\"https:\\\/\\\/www.krafthand.de\\\/truck\\\/artikel\\\/neuer-t-way-ein-lkw-fuer-schweres-gelaende-27663\\\/#breadcrumb\"},\"inLanguage\":\"de\",\"potentialAction\":[{\"@type\":\"ReadAction\",\"target\":[\"https:\\\/\\\/www.krafthand.de\\\/truck\\\/artikel\\\/neuer-t-way-ein-lkw-fuer-schweres-gelaende-27663\\\/\"]}]},{\"@type\":\"ImageObject\",\"inLanguage\":\"de\",\"@id\":\"https:\\\/\\\/www.krafthand.de\\\/truck\\\/artikel\\\/neuer-t-way-ein-lkw-fuer-schweres-gelaende-27663\\\/#primaryimage\",\"url\":\"https:\\\/\\\/static.krafthand-truck.de\\\/uploads\\\/2021\\\/04\\\/Aufmacher_IVECO_T-WAY_-14.jpg\",\"contentUrl\":\"https:\\\/\\\/static.krafthand-truck.de\\\/uploads\\\/2021\\\/04\\\/Aufmacher_IVECO_T-WAY_-14.jpg\",\"width\":1200,\"height\":686},{\"@type\":\"BreadcrumbList\",\"@id\":\"https:\\\/\\\/www.krafthand.de\\\/truck\\\/artikel\\\/neuer-t-way-ein-lkw-fuer-schweres-gelaende-27663\\\/#breadcrumb\",\"itemListElement\":[{\"@type\":\"ListItem\",\"position\":1,\"name\":\"Krafthand-Truck\",\"item\":\"https:\\\/\\\/www.krafthand.de\\\/truck\\\/\"},{\"@type\":\"ListItem\",\"position\":2,\"name\":\"Nfz-Technik\",\"item\":\"https:\\\/\\\/www.krafthand.de\\\/truck\\\/kategorie\\\/nfz-technik\\\/\"},{\"@type\":\"ListItem\",\"position\":3,\"name\":\"Fahrwerk\\\/D\u00e4mpfung\",\"item\":\"https:\\\/\\\/www.krafthand.de\\\/truck\\\/kategorie\\\/nfz-technik\\\/fahrwerk\\\/\"},{\"@type\":\"ListItem\",\"position\":4,\"name\":\"Neuer T-Way: Ein Lkw f\u00fcr schweres Gel\u00e4nde\"}]},{\"@type\":\"WebSite\",\"@id\":\"https:\\\/\\\/www.krafthand.de\\\/truck\\\/#website\",\"url\":\"https:\\\/\\\/www.krafthand.de\\\/truck\\\/\",\"name\":\"Krafthand-Truck\",\"description\":\"\",\"potentialAction\":[{\"@type\":\"SearchAction\",\"target\":{\"@type\":\"EntryPoint\",\"urlTemplate\":\"https:\\\/\\\/www.krafthand.de\\\/truck\\\/?s={search_term_string}\"},\"query-input\":{\"@type\":\"PropertyValueSpecification\",\"valueRequired\":true,\"valueName\":\"search_term_string\"}}],\"inLanguage\":\"de\"},{\"@type\":\"Person\",\"@id\":\"https:\\\/\\\/www.krafthand.de\\\/truck\\\/#\\\/schema\\\/person\\\/51fa80b1c57034c4bf63f9f988fc24ce\",\"name\":\"georg.blenk@krafthand-medien.de\",\"image\":{\"@type\":\"ImageObject\",\"inLanguage\":\"de\",\"@id\":\"https:\\\/\\\/secure.gravatar.com\\\/avatar\\\/93713c30affe0aa95d3a4130e499bb1abee2eb31adbdd9ce2aa1543538490215?s=96&d=mm&r=g\",\"url\":\"https:\\\/\\\/secure.gravatar.com\\\/avatar\\\/93713c30affe0aa95d3a4130e499bb1abee2eb31adbdd9ce2aa1543538490215?s=96&d=mm&r=g\",\"contentUrl\":\"https:\\\/\\\/secure.gravatar.com\\\/avatar\\\/93713c30affe0aa95d3a4130e499bb1abee2eb31adbdd9ce2aa1543538490215?s=96&d=mm&r=g\",\"caption\":\"georg.blenk@krafthand-medien.de\"}}]}<\/script>\n<!-- \/ Yoast SEO plugin. -->","yoast_head_json":{"title":"Neuer T-Way: Ein Lkw f\u00fcr schweres Gel\u00e4nde - Krafthand-Truck","robots":{"index":"index","follow":"follow","max-snippet":"max-snippet:-1","max-image-preview":"max-image-preview:large","max-video-preview":"max-video-preview:-1"},"canonical":"https:\/\/www.krafthand.de\/truck\/artikel\/neuer-t-way-ein-lkw-fuer-schweres-gelaende-27663\/","og_locale":"de_DE","og_type":"article","og_title":"Neuer T-Way: Ein Lkw f\u00fcr schweres Gel\u00e4nde - Krafthand-Truck","og_description":"Iveco hat jetzt die Produktpalette der Way-Baureihe mit dem neu konzipierten und entwickelten Offroad-Lkw T-Way komplettiert. Das Fahrzeug ist der Nachfolger des Trakker und gestern der Welt\u00f6ffentlichkeit vorgestellt worden. ... weiter","og_url":"https:\/\/www.krafthand-truck.de\/artikel\/neuer-t-way-ein-lkw-fuer-schweres-gelaende-27663\/","og_site_name":"Krafthand-Truck","article_published_time":"2021-04-29T06:49:31+00:00","article_modified_time":"2021-04-29T08:11:35+00:00","og_image":[{"width":1200,"height":686,"url":"https:\/\/www.krafthand.de\/truck\/wp-content\/uploads\/2021\/04\/Aufmacher_IVECO_T-WAY_-14.jpg","type":"image\/jpeg"}],"author":"georg.blenk@krafthand-medien.de","twitter_card":"summary_large_image","twitter_misc":{"Verfasst von":"georg.blenk@krafthand-medien.de","Gesch\u00e4tzte Lesezeit":"4\u00a0Minuten"},"schema":{"@context":"https:\/\/schema.org","@graph":[{"@type":"Article","@id":"https:\/\/www.krafthand.de\/truck\/artikel\/neuer-t-way-ein-lkw-fuer-schweres-gelaende-27663\/#article","isPartOf":{"@id":"https:\/\/www.krafthand.de\/truck\/artikel\/neuer-t-way-ein-lkw-fuer-schweres-gelaende-27663\/"},"author":{"name":"georg.blenk@krafthand-medien.de","@id":"https:\/\/www.krafthand.de\/truck\/#\/schema\/person\/51fa80b1c57034c4bf63f9f988fc24ce"},"headline":"Neuer T-Way: Ein Lkw f\u00fcr schweres Gel\u00e4nde","datePublished":"2021-04-29T06:49:31+00:00","dateModified":"2021-04-29T08:11:35+00:00","mainEntityOfPage":{"@id":"https:\/\/www.krafthand.de\/truck\/artikel\/neuer-t-way-ein-lkw-fuer-schweres-gelaende-27663\/"},"wordCount":906,"image":{"@id":"https:\/\/www.krafthand.de\/truck\/artikel\/neuer-t-way-ein-lkw-fuer-schweres-gelaende-27663\/#primaryimage"},"thumbnailUrl":"https:\/\/static.krafthand-truck.de\/uploads\/2021\/04\/Aufmacher_IVECO_T-WAY_-14.jpg","keywords":["Baustelle","Hi-Traction","Hi-Tronix","Iveco","Luca Sra","Offroad","T-Way","Trakker","X-Way"],"articleSection":["Fahrwerk\/D\u00e4mpfung","Nfz-Technik"],"inLanguage":"de"},{"@type":"WebPage","@id":"https:\/\/www.krafthand.de\/truck\/artikel\/neuer-t-way-ein-lkw-fuer-schweres-gelaende-27663\/","url":"https:\/\/www.krafthand.de\/truck\/artikel\/neuer-t-way-ein-lkw-fuer-schweres-gelaende-27663\/","name":"Neuer T-Way: Ein Lkw f\u00fcr schweres Gel\u00e4nde - Krafthand-Truck","isPartOf":{"@id":"https:\/\/www.krafthand.de\/truck\/#website"},"primaryImageOfPage":{"@id":"https:\/\/www.krafthand.de\/truck\/artikel\/neuer-t-way-ein-lkw-fuer-schweres-gelaende-27663\/#primaryimage"},"image":{"@id":"https:\/\/www.krafthand.de\/truck\/artikel\/neuer-t-way-ein-lkw-fuer-schweres-gelaende-27663\/#primaryimage"},"thumbnailUrl":"https:\/\/static.krafthand-truck.de\/uploads\/2021\/04\/Aufmacher_IVECO_T-WAY_-14.jpg","datePublished":"2021-04-29T06:49:31+00:00","dateModified":"2021-04-29T08:11:35+00:00","author":{"@id":"https:\/\/www.krafthand.de\/truck\/#\/schema\/person\/51fa80b1c57034c4bf63f9f988fc24ce"},"breadcrumb":{"@id":"https:\/\/www.krafthand.de\/truck\/artikel\/neuer-t-way-ein-lkw-fuer-schweres-gelaende-27663\/#breadcrumb"},"inLanguage":"de","potentialAction":[{"@type":"ReadAction","target":["https:\/\/www.krafthand.de\/truck\/artikel\/neuer-t-way-ein-lkw-fuer-schweres-gelaende-27663\/"]}]},{"@type":"ImageObject","inLanguage":"de","@id":"https:\/\/www.krafthand.de\/truck\/artikel\/neuer-t-way-ein-lkw-fuer-schweres-gelaende-27663\/#primaryimage","url":"https:\/\/static.krafthand-truck.de\/uploads\/2021\/04\/Aufmacher_IVECO_T-WAY_-14.jpg","contentUrl":"https:\/\/static.krafthand-truck.de\/uploads\/2021\/04\/Aufmacher_IVECO_T-WAY_-14.jpg","width":1200,"height":686},{"@type":"BreadcrumbList","@id":"https:\/\/www.krafthand.de\/truck\/artikel\/neuer-t-way-ein-lkw-fuer-schweres-gelaende-27663\/#breadcrumb","itemListElement":[{"@type":"ListItem","position":1,"name":"Krafthand-Truck","item":"https:\/\/www.krafthand.de\/truck\/"},{"@type":"ListItem","position":2,"name":"Nfz-Technik","item":"https:\/\/www.krafthand.de\/truck\/kategorie\/nfz-technik\/"},{"@type":"ListItem","position":3,"name":"Fahrwerk\/D\u00e4mpfung","item":"https:\/\/www.krafthand.de\/truck\/kategorie\/nfz-technik\/fahrwerk\/"},{"@type":"ListItem","position":4,"name":"Neuer T-Way: Ein Lkw f\u00fcr schweres Gel\u00e4nde"}]},{"@type":"WebSite","@id":"https:\/\/www.krafthand.de\/truck\/#website","url":"https:\/\/www.krafthand.de\/truck\/","name":"Krafthand-Truck","description":"","potentialAction":[{"@type":"SearchAction","target":{"@type":"EntryPoint","urlTemplate":"https:\/\/www.krafthand.de\/truck\/?s={search_term_string}"},"query-input":{"@type":"PropertyValueSpecification","valueRequired":true,"valueName":"search_term_string"}}],"inLanguage":"de"},{"@type":"Person","@id":"https:\/\/www.krafthand.de\/truck\/#\/schema\/person\/51fa80b1c57034c4bf63f9f988fc24ce","name":"georg.blenk@krafthand-medien.de","image":{"@type":"ImageObject","inLanguage":"de","@id":"https:\/\/secure.gravatar.com\/avatar\/93713c30affe0aa95d3a4130e499bb1abee2eb31adbdd9ce2aa1543538490215?s=96&d=mm&r=g","url":"https:\/\/secure.gravatar.com\/avatar\/93713c30affe0aa95d3a4130e499bb1abee2eb31adbdd9ce2aa1543538490215?s=96&d=mm&r=g","contentUrl":"https:\/\/secure.gravatar.com\/avatar\/93713c30affe0aa95d3a4130e499bb1abee2eb31adbdd9ce2aa1543538490215?s=96&d=mm&r=g","caption":"georg.blenk@krafthand-medien.de"}}]}},"_links":{"self":[{"href":"https:\/\/www.krafthand.de\/truck\/wp-json\/wp\/v2\/posts\/27663","targetHints":{"allow":["GET"]}}],"collection":[{"href":"https:\/\/www.krafthand.de\/truck\/wp-json\/wp\/v2\/posts"}],"about":[{"href":"https:\/\/www.krafthand.de\/truck\/wp-json\/wp\/v2\/types\/post"}],"author":[{"embeddable":true,"href":"https:\/\/www.krafthand.de\/truck\/wp-json\/wp\/v2\/users\/9"}],"replies":[{"embeddable":true,"href":"https:\/\/www.krafthand.de\/truck\/wp-json\/wp\/v2\/comments?post=27663"}],"version-history":[{"count":26,"href":"https:\/\/www.krafthand.de\/truck\/wp-json\/wp\/v2\/posts\/27663\/revisions"}],"predecessor-version":[{"id":27693,"href":"https:\/\/www.krafthand.de\/truck\/wp-json\/wp\/v2\/posts\/27663\/revisions\/27693"}],"wp:featuredmedia":[{"embeddable":true,"href":"https:\/\/www.krafthand.de\/truck\/wp-json\/wp\/v2\/media\/27687"}],"wp:attachment":[{"href":"https:\/\/www.krafthand.de\/truck\/wp-json\/wp\/v2\/media?parent=27663"}],"wp:term":[{"taxonomy":"category","embeddable":true,"href":"https:\/\/www.krafthand.de\/truck\/wp-json\/wp\/v2\/categories?post=27663"},{"taxonomy":"post_tag","embeddable":true,"href":"https:\/\/www.krafthand.de\/truck\/wp-json\/wp\/v2\/tags?post=27663"},{"taxonomy":"settings","embeddable":true,"href":"https:\/\/www.krafthand.de\/truck\/wp-json\/wp\/v2\/settings?post=27663"}],"curies":[{"name":"wp","href":"https:\/\/api.w.org\/{rel}","templated":true}]}}