{"id":27646,"date":"2021-04-28T17:17:50","date_gmt":"2021-04-28T15:17:50","guid":{"rendered":"https:\/\/www.krafthand.de\/truck\/?p=27646"},"modified":"2022-06-22T09:11:08","modified_gmt":"2022-06-22T07:11:08","slug":"umstellung-auf-das-kaeltemittel-r1234yf","status":"publish","type":"post","link":"https:\/\/www.krafthand.de\/truck\/artikel\/umstellung-auf-das-kaeltemittel-r1234yf-27646\/","title":{"rendered":"Cool-Change: Die Umstellung auf das K\u00e4ltemittel R1234yf nimmt Fahrt auf"},"content":{"rendered":"<p>Was im Pkw-Bereich bei Neufahrzeugen seit dem 1.1.2017 vorgeschrieben ist, h\u00e4lt jetzt auch Einzug in Nutzfahrzeuge ab 3,5 Tonnen. Die Rede ist vom K\u00e4ltemittel R1234yf. Es verf\u00fcgt \u00fcber ein weitaus g\u00fcnstigeres Treibhauspotenzial. Obwohl gesetzlich nicht verpflichtet, stellen Lkw-Hersteller wie Volvo um und liefern in K\u00fcrze Fahrzeuge mit R1234yf-Klimaanlage aus. Weitere d\u00fcrften folgen. So ist Mercedes-Benz Trucks bis auf Weiteres mit dem Klima-K\u00e4ltemittel R134a unterwegs, pr\u00fcft jedoch einem Unternehmenssprecher zufolge, intensiv eine m\u00f6gliche Umstellung auf R1234yf. Wir haben mit Guido Sasse, Head of Workshop Equipment EMEA bei Dometic, \u00fcber das neue K\u00e4ltemittel und die Implikationen f\u00fcr Nfz-Werkst\u00e4tten gesprochen.<\/p>\n<p class=\"text-question\">Herr Sasse, das K\u00e4ltemittel R1234yf kommt jetzt schrittweise auch im Lkw-Bereich zum Einsatz. Geschieht dies aus der Not heraus?<\/p><p class=\"text-answer\"><\/p>\n<p>Bedingt durch das sogenannte \u201aPhase out Szenario\u2018 der Europ\u00e4ischen Kommission wird die Verf\u00fcgbarkeit des \u201aalten\u2018 K\u00e4ltemittels R134a bewusst reduziert. Auch wenn die Verordnung nur f\u00fcr die Fahrzeugkategorien N1 und M1 gelten, also nicht f\u00fcr Nutzfahrzeuge ab 3,5 Tonnen, so sind Lkw und Busse auch indirekt von der \u201ak\u00fcnstlichen Verknappung\u2018 betroffen. Um bei den betreffenden Fahrzeugen die Produktionssicherheit zu gew\u00e4hrleisten, stellen auch die Lkw-Hersteller nun nach und nach auf K\u00e4ltemittel 1234yf um. Die Nfz-Werkst\u00e4tten m\u00fcssen sich darauf einstellen.<\/p>\n<p class=\"text-question\">Was ist beim Umgang mit dem K\u00e4ltemittel R1234yf in der Nfz-Werkstatt zu beachten?<\/p><p class=\"text-answer\"><\/p>\n<p>Man muss wissen, dass R1234yf ein sogenanntes A2L-K\u00e4ltemittel ist (R134a = A1). Die Grenze der Selbstentz\u00fcndung ist niedriger, R1234yf kann sich bei einem hohen S\u00e4ttigungsgrad bereits bei einer Temperatur von 405 Grad entz\u00fcnden (R134a bei 743 Grad). Dieser Umstand zieht entsprechende Sicherheitsma\u00dfnahmen sowohl in der Fahrzeugentwicklung als auch in der Entwicklung von Klimaserviceger\u00e4ten nach sich. H\u00e4ufig beschreiben Fahrzeughersteller in ihrer Literatur, dass ein Absaug- und F\u00fcllprozess nur bei kaltem Motor durchzuf\u00fchren ist. Entsprechende Leitungen im Motorraum werden isoliert und mit einem gewissen Abstand von hei\u00dfen Motorkomponenten verlegt. Wir als Hersteller von Klimaserviceger\u00e4ten sind angehalten, beispielsweise jegliche Z\u00fcndquellen innerhalb eines R1234yf-Klimaserviceger\u00e4ts zu vermeiden, technisch kein Problem. <\/p>\n<figure id=\"attachment_27651\" aria-describedby=\"caption-attachment-27651\" style=\"width: 300px\" class=\"wp-caption alignleft\"><a href=\"https:\/\/www.krafthand.de\/truck\/wp-content\/uploads\/2021\/04\/01_02_21_010_Guido_Sasse_Dometic-WAECO-0720-e1619617834175.jpg\" target=\"_blank\" rel=\"noopener\"><img fetchpriority=\"high\" decoding=\"async\" class=\"wp-image-27651 size-medium\" src=\"https:\/\/www.krafthand.de\/truck\/wp-content\/uploads\/2021\/04\/01_02_21_010_Guido_Sasse_Dometic-WAECO-0720-e1619617834175-300x241.jpg\" alt=\"Guido Sasse, Head of Workshop Equipment EMEA bei Dometic\" width=\"300\" height=\"241\" srcset=\"https:\/\/static.krafthand-truck.de\/uploads\/2021\/04\/01_02_21_010_Guido_Sasse_Dometic-WAECO-0720-e1619617834175-300x241.jpg 300w, https:\/\/static.krafthand-truck.de\/uploads\/2021\/04\/01_02_21_010_Guido_Sasse_Dometic-WAECO-0720-e1619617834175-768x617.jpg 768w, https:\/\/static.krafthand-truck.de\/uploads\/2021\/04\/01_02_21_010_Guido_Sasse_Dometic-WAECO-0720-e1619617834175.jpg 926w\" sizes=\"(max-width: 300px) 100vw, 300px\" \/><\/a><figcaption id=\"caption-attachment-27651\" class=\"wp-caption-text\">\u201eDie Nfz-Werkst\u00e4tten werden noch lange Zeit mit dem K\u00e4ltemittel R134a zu tun haben\u201c, so Guido Sasse. Bild: Dometic Germany GmbH<\/figcaption><\/figure>\n<p class=\"text-question\">Was unterscheidet ein Klimaserviceger\u00e4t f\u00fcr R1234yf von einem f\u00fcr R134a?<\/p><p class=\"text-answer\"><\/p>\n<p>Allgemein ist beim Kauf eines Klimaserviceger\u00e4tes, das man f\u00fcr R1234yf-Klimaanlagen nutzen will, darauf zu achten, dass das Ger\u00e4t f\u00fcr diese Anwendung tats\u00e4chlich auch zugelassen ist. Es gelten spezielle Vorgaben, die Ger\u00e4te m\u00fcssen eindeutig gekennzeichnet sein, um versehentliche Verwechslungen zu vermeiden. Die Serviceanschl\u00fcsse unterscheiden sich ebenfalls. Das ist quasi als mechanische Verwechslungssperre gedacht. Das Anschlie\u00dfen eines R134a-Klimaserviceger\u00e4tes an eine R1234yf-Anlage soll damit verhindert werden \u2013 und umgekehrt. Zus\u00e4tzlich werden spezielle Kompressor-\u00d6le und UV-Additive ben\u00f6tigt. Abgesehen davon, l\u00e4sst sich grunds\u00e4tzlich sagen, dass die Ablaufprozesse im Rahmen eines Klimaservices weitestgehend identisch sind. Wir haben in unseren R1234yf-Ger\u00e4ten jedoch als extra Sicherheitsmerkmal das \u201aPre-Filling\u2018 vorgeschaltet. Das bedeutet, es werden zun\u00e4chst nur zirka zehn Prozent der Originalf\u00fcllmenge eingef\u00fcllt, um festzustellen, dass zum Beispiel nach einer Reparatur, wirklich alle Schraub- und Leitungsverbindungen ordnungsgem\u00e4\u00df festgezogen wurden. So vermeiden wir, dass ungewollt (teures) K\u00e4ltemittel R1234yf ausstr\u00f6men kann.<\/p>\n<p class=\"text-question\">M\u00fcssen Lkw-Werkst\u00e4tten k\u00fcnftig zwei Klimaserviceger\u00e4te vorhalten?<\/p><p class=\"text-answer\"><\/p>\n<p>Wir empfehlen auf jeden Fall ein separates Klimaserviceger\u00e4t f\u00fcr R1234yf. Erstens ergeben sich durch ein Dualsystem in einem Ger\u00e4t bauartbedingte Nachteile, die die Nutzbarkeit einschr\u00e4nken: Sie k\u00f6nnen zum Beispiel immer nur an einem Fahrzeug arbeiten. Und falls die R1234yf-\u201eSeite\u201c einmal in Reparatur sein sollte, steht Ihnen auch die Funktion f\u00fcr R134a nicht zur Verf\u00fcgung. Zweitens kann die sortenreine Arbeit erschwert sein. Im \u00dcbrigen darf man die Umstellung nicht mit der fr\u00fcheren Umstellung von R12 auf R134a gleichsetzen. R12 wurde seinerzeit klar verboten. Das ist bei R134a keineswegs der Fall. Die Nfz-Werkst\u00e4tten werden noch lange Zeit parallel auch an Fahrzeugen mit R134a arbeiten. Dementsprechend ist die Weiterentwicklung von R134a-Ger\u00e4ten auf unserer Seite auch noch nicht abgeschlossen. <\/p>\n<p class=\"text-question\">Wie bekomme ich das Thema K\u00e4ltemittelverlust (bei R134a und bei R1234yf) in den Griff?<\/p><p class=\"text-answer\"><\/p>\n<p>Die Fahrzeug-Industrie hat da schon umf\u00e4nglich vorgearbeitet und das Auftreten von Vibrationsleckagen, die fr\u00fcher zum Beispiel durch Schraubverbindungen verursacht wurden, deutlich verbessert. Aus unserer Sicht sind jetzt die Ger\u00e4tehersteller am Zug, umweltfreundliche und dem neuen K\u00e4ltemittel angepasste Konzepte zu entwickeln, um Serviceemissionen zu verhindern. <\/p>\n<figure id=\"attachment_27653\" aria-describedby=\"caption-attachment-27653\" style=\"width: 1200px\" class=\"wp-caption alignnone\"><img decoding=\"async\" class=\"size-full wp-image-27653\" src=\"https:\/\/www.krafthand.de\/truck\/wp-content\/uploads\/2021\/04\/01_02_21_010_Guido_Sasse_Dometic-WAECO-0720waeco-aircon-LowEmission.jpg\" alt=\"\u201aWAECO Low-Emission-Concept\u2018 \" width=\"1200\" height=\"801\" srcset=\"https:\/\/static.krafthand-truck.de\/uploads\/2021\/04\/01_02_21_010_Guido_Sasse_Dometic-WAECO-0720waeco-aircon-LowEmission.jpg 1200w, https:\/\/static.krafthand-truck.de\/uploads\/2021\/04\/01_02_21_010_Guido_Sasse_Dometic-WAECO-0720waeco-aircon-LowEmission-300x200.jpg 300w, https:\/\/static.krafthand-truck.de\/uploads\/2021\/04\/01_02_21_010_Guido_Sasse_Dometic-WAECO-0720waeco-aircon-LowEmission-1024x684.jpg 1024w, https:\/\/static.krafthand-truck.de\/uploads\/2021\/04\/01_02_21_010_Guido_Sasse_Dometic-WAECO-0720waeco-aircon-LowEmission-768x513.jpg 768w\" sizes=\"(max-width: 1200px) 100vw, 1200px\" \/><figcaption id=\"caption-attachment-27653\" class=\"wp-caption-text\">Mit dem \u201aWAECO Low-Emission-Concept\u2018 m\u00f6chte Dometic sicherstellen, dass im Rahmen des Absaugprozesses kein K\u00e4ltemittel mehr verloren geht. Bild: Dometic Germany GmbH<\/figcaption><\/figure>\n<p>Dometic hat bereits fr\u00fchzeitig mit der Entwicklung der Waeco Low-Emission Technologie gestartet. Diese ist f\u00fcr beide K\u00e4ltemittel erh\u00e4ltlich und bietet mit Blick auf die K\u00e4ltemittel-Ressourcen den Vorteil der Nachhaltigkeit. Das bedeutet im Werkstattbetrieb gleichzeitig Kostenersparnis. Gerade bei R134a ist der Umweltaspekt sehr wichtig. Wir haben von neutraler Stelle den Nachweis erhalten, dass die Waeco Low-Emission Technologie im Rahmen des Absaugprozesses praktisch kein K\u00e4ltemittel an die Umwelt verliert. Andere Ger\u00e4te verlieren teils erhebliche Mengen K\u00e4ltemittel durch die offene Seite der Vakuumpumpe und \u00fcber den Alt\u00f6lablass. Nun ist das entweichende K\u00e4ltemittel hier bei weitem nicht so ozonsch\u00e4digend. Hier m\u00fcssen die Serviceemissionen trotzdem m\u00f6glichst niedrig gehalten werden, um die im erweiterten Sicherheitsdatenblatt vorgeschriebenen maximalen Arbeitsplatzkonzentration nicht zu \u00fcberschreiten. Diese ist dauerhaft mit nicht mehr als 900 mg\/m\u00b3 angegeben. Jeder Werkstattbetreiber muss eine entsprechende Risikobewertung seines Betriebes durchf\u00fchren.<\/p>\n<p class=\"text-question\">Was muss ich bei der Lagerung des K\u00e4ltemittels beachten?<\/p><p class=\"text-answer\"><\/p>\n<p>Die K\u00e4ltemittelflaschen d\u00fcrfen nicht der direkten Sonneneinstrahlung ausgesetzt werden. Die wenigsten Betreiber von Nfz-Werkst\u00e4tten wissen, dass dies auch f\u00fcr vermeintlich leere Beh\u00e4ltnisse gilt. Es bleibt jedoch immer eine gewisse Restmenge enthalten. Zus\u00e4tzlich k\u00f6nnen sehr hohe Temperaturen unter Umst\u00e4nden die Eigenschaften des K\u00e4ltemittels beeinflussen. Eine sachgem\u00e4\u00dfe Lagerung der Pfandflaschen ist also dringend geboten.<\/p>\n<p><em><strong>Herr Sasse, haben Sie vielen Dank!<\/strong><\/em><\/p>\n<p style=\"text-align: right;\"><em>Die Fragen stellte Georg Blenk.<\/em><\/p>\n<p><i>Den Beitrag finden Sie auch in der Print-Ausgabe 1-2\/21 der <a href=\"https:\/\/www.krafthand.de\/truck\/magazin\/\" title=\"Zum Magazin\">Krafthand-Truck<\/a>.<\/i><\/p>\r\n\t\t\t\t<div class=\"post-author\">\r\n\t\t\t\t\t<div class=\"khm-cp-author clearfix\">\r\n\t\t\t\t\t\t<div class=\"khm-cp-author__content\">\r\n\t\t\t\t\t\t\t\tKontakt zum Autor:<br \/>\r\n\t\t\t\t\t\t\t\t<strong>Georg Blenk<\/strong>, 08247 \/ 3007-45 |  <a href=\"mailto:georg.blenk@krafthand-medien.de\">georg.blenk@krafthand-medien.de<\/a>\r\n\t\t\t\t\t\t\t<div class=\"khm-cp-author__image\">\r\n\t\t\t\t\t\t<img src=\"https:\/\/static.krafthand-truck.de\/uploads\/2021\/01\/Blenk_6104-250x300-1-removebg-preview.png\" class=\"img-responsive\">\r\n\t\t\t\t\t<\/div>\r\n\t\t\t\t\t\t<\/div>\r\n\t\t\t\t\t<\/div>\r\n\t\t\t\t<\/div>\r\n\t\t\t\t","protected":false},"excerpt":{"rendered":"<p> Was im Pkw-Bereich bei Neufahrzeugen seit dem 1.1.2017 vorgeschrieben ist, h\u00e4lt jetzt auch Einzug in Nutzfahrzeuge ab 3,5 Tonnen. Die Rede ist vom K\u00e4ltemittel R1234yf. Wir haben mit Guido Sasse, Head of Workshop Equipment EMEA bei Dometic, \u00fcber das neue K\u00e4ltemittel und die Implikationen f\u00fcr Nfz-Werkst\u00e4tten gesprochen. <span class=\"excerpt-more__dots\">&#8230;<\/span> <a class=\"excerpt-more__link\" href=\"https:\/\/www.krafthand.de\/truck\/artikel\/umstellung-auf-das-kaeltemittel-r1234yf-27646\/\" >weiter<\/a><\/p>\n","protected":false},"author":7,"featured_media":27650,"comment_status":"closed","ping_status":"closed","sticky":false,"template":"","format":"standard","meta":{"footnotes":""},"categories":[4253,4220],"tags":[4009,72,70,3830,3031],"settings":[3524,3523],"class_list":["post-27646","post","type-post","status-publish","format-standard","has-post-thumbnail","hentry","category-schmierstoffe","category-werkstattausruestung","tag-dometic","tag-kaeltemittel","tag-klimaanlage","tag-r1234yf","tag-r134a"],"yoast_head":"<!-- This site is optimized with the Yoast SEO plugin v27.3 - https:\/\/yoast.com\/product\/yoast-seo-wordpress\/ -->\n<title>Cool-Change: Die Umstellung auf das K\u00e4ltemittel R1234yf nimmt Fahrt auf - Krafthand-Truck<\/title>\n<meta name=\"robots\" content=\"index, follow, max-snippet:-1, max-image-preview:large, max-video-preview:-1\" \/>\n<link rel=\"canonical\" href=\"https:\/\/www.krafthand.de\/truck\/artikel\/umstellung-auf-das-kaeltemittel-r1234yf-27646\/\" \/>\n<meta property=\"og:locale\" content=\"de_DE\" \/>\n<meta property=\"og:type\" content=\"article\" \/>\n<meta property=\"og:title\" content=\"Cool-Change: Die Umstellung auf das K\u00e4ltemittel R1234yf nimmt Fahrt auf - Krafthand-Truck\" \/>\n<meta property=\"og:description\" content=\"Was im Pkw-Bereich bei Neufahrzeugen seit dem 1.1.2017 vorgeschrieben ist, h\u00e4lt jetzt auch Einzug in Nutzfahrzeuge ab 3,5 Tonnen. Die Rede ist vom K\u00e4ltemittel R1234yf. Wir haben mit Guido Sasse, Head of Workshop Equipment EMEA bei Dometic, \u00fcber das neue K\u00e4ltemittel und die Implikationen f\u00fcr Nfz-Werkst\u00e4tten gesprochen. ... weiter\" \/>\n<meta property=\"og:url\" content=\"https:\/\/www.krafthand-truck.de\/artikel\/umstellung-auf-das-kaeltemittel-r1234yf-27646\/\" \/>\n<meta property=\"og:site_name\" content=\"Krafthand-Truck\" \/>\n<meta property=\"article:published_time\" content=\"2021-04-28T15:17:50+00:00\" \/>\n<meta property=\"article:modified_time\" content=\"2022-06-22T07:11:08+00:00\" \/>\n<meta property=\"og:image\" content=\"https:\/\/static.krafthand-truck.de\/uploads\/2021\/04\/01_02_21_010_Aufmacher.jpg\" \/>\n\t<meta property=\"og:image:width\" content=\"1200\" \/>\n\t<meta property=\"og:image:height\" content=\"799\" \/>\n\t<meta property=\"og:image:type\" content=\"image\/jpeg\" \/>\n<meta name=\"author\" content=\"julian.schmid@krafthand.de\" \/>\n<meta name=\"twitter:card\" content=\"summary_large_image\" \/>\n<meta name=\"twitter:label1\" content=\"Verfasst von\" \/>\n\t<meta name=\"twitter:data1\" content=\"julian.schmid@krafthand.de\" \/>\n\t<meta name=\"twitter:label2\" content=\"Gesch\u00e4tzte Lesezeit\" \/>\n\t<meta name=\"twitter:data2\" content=\"5\u00a0Minuten\" \/>\n<script type=\"application\/ld+json\" class=\"yoast-schema-graph\">{\"@context\":\"https:\\\/\\\/schema.org\",\"@graph\":[{\"@type\":\"Article\",\"@id\":\"https:\\\/\\\/www.krafthand.de\\\/truck\\\/artikel\\\/umstellung-auf-das-kaeltemittel-r1234yf-27646\\\/#article\",\"isPartOf\":{\"@id\":\"https:\\\/\\\/www.krafthand.de\\\/truck\\\/artikel\\\/umstellung-auf-das-kaeltemittel-r1234yf-27646\\\/\"},\"author\":{\"name\":\"julian.schmid@krafthand.de\",\"@id\":\"https:\\\/\\\/www.krafthand.de\\\/truck\\\/#\\\/schema\\\/person\\\/23aebc1e5e3f0204da7158bce36950bb\"},\"headline\":\"Cool-Change: Die Umstellung auf das K\u00e4ltemittel R1234yf nimmt Fahrt auf\",\"datePublished\":\"2021-04-28T15:17:50+00:00\",\"dateModified\":\"2022-06-22T07:11:08+00:00\",\"mainEntityOfPage\":{\"@id\":\"https:\\\/\\\/www.krafthand.de\\\/truck\\\/artikel\\\/umstellung-auf-das-kaeltemittel-r1234yf-27646\\\/\"},\"wordCount\":1064,\"image\":{\"@id\":\"https:\\\/\\\/www.krafthand.de\\\/truck\\\/artikel\\\/umstellung-auf-das-kaeltemittel-r1234yf-27646\\\/#primaryimage\"},\"thumbnailUrl\":\"https:\\\/\\\/static.krafthand-truck.de\\\/uploads\\\/2021\\\/04\\\/01_02_21_010_Aufmacher.jpg\",\"keywords\":[\"Dometic\",\"K\u00e4ltemittel\",\"Klimaanlage\",\"R1234yf\",\"R134a\"],\"articleSection\":[\"Schmier-\\\/Betriebsstoffe\",\"Werkstattausr\u00fcstung\"],\"inLanguage\":\"de\"},{\"@type\":\"WebPage\",\"@id\":\"https:\\\/\\\/www.krafthand.de\\\/truck\\\/artikel\\\/umstellung-auf-das-kaeltemittel-r1234yf-27646\\\/\",\"url\":\"https:\\\/\\\/www.krafthand.de\\\/truck\\\/artikel\\\/umstellung-auf-das-kaeltemittel-r1234yf-27646\\\/\",\"name\":\"Cool-Change: Die Umstellung auf das K\u00e4ltemittel R1234yf nimmt Fahrt auf - Krafthand-Truck\",\"isPartOf\":{\"@id\":\"https:\\\/\\\/www.krafthand.de\\\/truck\\\/#website\"},\"primaryImageOfPage\":{\"@id\":\"https:\\\/\\\/www.krafthand.de\\\/truck\\\/artikel\\\/umstellung-auf-das-kaeltemittel-r1234yf-27646\\\/#primaryimage\"},\"image\":{\"@id\":\"https:\\\/\\\/www.krafthand.de\\\/truck\\\/artikel\\\/umstellung-auf-das-kaeltemittel-r1234yf-27646\\\/#primaryimage\"},\"thumbnailUrl\":\"https:\\\/\\\/static.krafthand-truck.de\\\/uploads\\\/2021\\\/04\\\/01_02_21_010_Aufmacher.jpg\",\"datePublished\":\"2021-04-28T15:17:50+00:00\",\"dateModified\":\"2022-06-22T07:11:08+00:00\",\"author\":{\"@id\":\"https:\\\/\\\/www.krafthand.de\\\/truck\\\/#\\\/schema\\\/person\\\/23aebc1e5e3f0204da7158bce36950bb\"},\"breadcrumb\":{\"@id\":\"https:\\\/\\\/www.krafthand.de\\\/truck\\\/artikel\\\/umstellung-auf-das-kaeltemittel-r1234yf-27646\\\/#breadcrumb\"},\"inLanguage\":\"de\",\"potentialAction\":[{\"@type\":\"ReadAction\",\"target\":[\"https:\\\/\\\/www.krafthand.de\\\/truck\\\/artikel\\\/umstellung-auf-das-kaeltemittel-r1234yf-27646\\\/\"]}]},{\"@type\":\"ImageObject\",\"inLanguage\":\"de\",\"@id\":\"https:\\\/\\\/www.krafthand.de\\\/truck\\\/artikel\\\/umstellung-auf-das-kaeltemittel-r1234yf-27646\\\/#primaryimage\",\"url\":\"https:\\\/\\\/static.krafthand-truck.de\\\/uploads\\\/2021\\\/04\\\/01_02_21_010_Aufmacher.jpg\",\"contentUrl\":\"https:\\\/\\\/static.krafthand-truck.de\\\/uploads\\\/2021\\\/04\\\/01_02_21_010_Aufmacher.jpg\",\"width\":1200,\"height\":799,\"caption\":\"Bild: Adobe Stock\\\/Jag_cz\"},{\"@type\":\"BreadcrumbList\",\"@id\":\"https:\\\/\\\/www.krafthand.de\\\/truck\\\/artikel\\\/umstellung-auf-das-kaeltemittel-r1234yf-27646\\\/#breadcrumb\",\"itemListElement\":[{\"@type\":\"ListItem\",\"position\":1,\"name\":\"Krafthand-Truck\",\"item\":\"https:\\\/\\\/www.krafthand.de\\\/truck\\\/\"},{\"@type\":\"ListItem\",\"position\":2,\"name\":\"Nfz-Service\",\"item\":\"https:\\\/\\\/www.krafthand.de\\\/truck\\\/kategorie\\\/nfz-service\\\/\"},{\"@type\":\"ListItem\",\"position\":3,\"name\":\"Werkstattausr\u00fcstung\",\"item\":\"https:\\\/\\\/www.krafthand.de\\\/truck\\\/kategorie\\\/nfz-service\\\/werkstattausruestung\\\/\"},{\"@type\":\"ListItem\",\"position\":4,\"name\":\"Cool-Change: Die Umstellung auf das K\u00e4ltemittel R1234yf nimmt Fahrt auf\"}]},{\"@type\":\"WebSite\",\"@id\":\"https:\\\/\\\/www.krafthand.de\\\/truck\\\/#website\",\"url\":\"https:\\\/\\\/www.krafthand.de\\\/truck\\\/\",\"name\":\"Krafthand-Truck\",\"description\":\"\",\"potentialAction\":[{\"@type\":\"SearchAction\",\"target\":{\"@type\":\"EntryPoint\",\"urlTemplate\":\"https:\\\/\\\/www.krafthand.de\\\/truck\\\/?s={search_term_string}\"},\"query-input\":{\"@type\":\"PropertyValueSpecification\",\"valueRequired\":true,\"valueName\":\"search_term_string\"}}],\"inLanguage\":\"de\"},{\"@type\":\"Person\",\"@id\":\"https:\\\/\\\/www.krafthand.de\\\/truck\\\/#\\\/schema\\\/person\\\/23aebc1e5e3f0204da7158bce36950bb\",\"name\":\"julian.schmid@krafthand.de\",\"image\":{\"@type\":\"ImageObject\",\"inLanguage\":\"de\",\"@id\":\"https:\\\/\\\/secure.gravatar.com\\\/avatar\\\/ef76c2910cab8eb23fcc013e1c6dc1ba4af5e93fea6e6132d7c4e67d4e9631e9?s=96&d=mm&r=g\",\"url\":\"https:\\\/\\\/secure.gravatar.com\\\/avatar\\\/ef76c2910cab8eb23fcc013e1c6dc1ba4af5e93fea6e6132d7c4e67d4e9631e9?s=96&d=mm&r=g\",\"contentUrl\":\"https:\\\/\\\/secure.gravatar.com\\\/avatar\\\/ef76c2910cab8eb23fcc013e1c6dc1ba4af5e93fea6e6132d7c4e67d4e9631e9?s=96&d=mm&r=g\",\"caption\":\"julian.schmid@krafthand.de\"}}]}<\/script>\n<!-- \/ Yoast SEO plugin. -->","yoast_head_json":{"title":"Cool-Change: Die Umstellung auf das K\u00e4ltemittel R1234yf nimmt Fahrt auf - Krafthand-Truck","robots":{"index":"index","follow":"follow","max-snippet":"max-snippet:-1","max-image-preview":"max-image-preview:large","max-video-preview":"max-video-preview:-1"},"canonical":"https:\/\/www.krafthand.de\/truck\/artikel\/umstellung-auf-das-kaeltemittel-r1234yf-27646\/","og_locale":"de_DE","og_type":"article","og_title":"Cool-Change: Die Umstellung auf das K\u00e4ltemittel R1234yf nimmt Fahrt auf - Krafthand-Truck","og_description":"Was im Pkw-Bereich bei Neufahrzeugen seit dem 1.1.2017 vorgeschrieben ist, h\u00e4lt jetzt auch Einzug in Nutzfahrzeuge ab 3,5 Tonnen. Die Rede ist vom K\u00e4ltemittel R1234yf. Wir haben mit Guido Sasse, Head of Workshop Equipment EMEA bei Dometic, \u00fcber das neue K\u00e4ltemittel und die Implikationen f\u00fcr Nfz-Werkst\u00e4tten gesprochen. ... weiter","og_url":"https:\/\/www.krafthand-truck.de\/artikel\/umstellung-auf-das-kaeltemittel-r1234yf-27646\/","og_site_name":"Krafthand-Truck","article_published_time":"2021-04-28T15:17:50+00:00","article_modified_time":"2022-06-22T07:11:08+00:00","og_image":[{"width":1200,"height":799,"url":"https:\/\/static.krafthand-truck.de\/uploads\/2021\/04\/01_02_21_010_Aufmacher.jpg","type":"image\/jpeg"}],"author":"julian.schmid@krafthand.de","twitter_card":"summary_large_image","twitter_misc":{"Verfasst von":"julian.schmid@krafthand.de","Gesch\u00e4tzte Lesezeit":"5\u00a0Minuten"},"schema":{"@context":"https:\/\/schema.org","@graph":[{"@type":"Article","@id":"https:\/\/www.krafthand.de\/truck\/artikel\/umstellung-auf-das-kaeltemittel-r1234yf-27646\/#article","isPartOf":{"@id":"https:\/\/www.krafthand.de\/truck\/artikel\/umstellung-auf-das-kaeltemittel-r1234yf-27646\/"},"author":{"name":"julian.schmid@krafthand.de","@id":"https:\/\/www.krafthand.de\/truck\/#\/schema\/person\/23aebc1e5e3f0204da7158bce36950bb"},"headline":"Cool-Change: Die Umstellung auf das K\u00e4ltemittel R1234yf nimmt Fahrt auf","datePublished":"2021-04-28T15:17:50+00:00","dateModified":"2022-06-22T07:11:08+00:00","mainEntityOfPage":{"@id":"https:\/\/www.krafthand.de\/truck\/artikel\/umstellung-auf-das-kaeltemittel-r1234yf-27646\/"},"wordCount":1064,"image":{"@id":"https:\/\/www.krafthand.de\/truck\/artikel\/umstellung-auf-das-kaeltemittel-r1234yf-27646\/#primaryimage"},"thumbnailUrl":"https:\/\/static.krafthand-truck.de\/uploads\/2021\/04\/01_02_21_010_Aufmacher.jpg","keywords":["Dometic","K\u00e4ltemittel","Klimaanlage","R1234yf","R134a"],"articleSection":["Schmier-\/Betriebsstoffe","Werkstattausr\u00fcstung"],"inLanguage":"de"},{"@type":"WebPage","@id":"https:\/\/www.krafthand.de\/truck\/artikel\/umstellung-auf-das-kaeltemittel-r1234yf-27646\/","url":"https:\/\/www.krafthand.de\/truck\/artikel\/umstellung-auf-das-kaeltemittel-r1234yf-27646\/","name":"Cool-Change: Die Umstellung auf das K\u00e4ltemittel R1234yf nimmt Fahrt auf - Krafthand-Truck","isPartOf":{"@id":"https:\/\/www.krafthand.de\/truck\/#website"},"primaryImageOfPage":{"@id":"https:\/\/www.krafthand.de\/truck\/artikel\/umstellung-auf-das-kaeltemittel-r1234yf-27646\/#primaryimage"},"image":{"@id":"https:\/\/www.krafthand.de\/truck\/artikel\/umstellung-auf-das-kaeltemittel-r1234yf-27646\/#primaryimage"},"thumbnailUrl":"https:\/\/static.krafthand-truck.de\/uploads\/2021\/04\/01_02_21_010_Aufmacher.jpg","datePublished":"2021-04-28T15:17:50+00:00","dateModified":"2022-06-22T07:11:08+00:00","author":{"@id":"https:\/\/www.krafthand.de\/truck\/#\/schema\/person\/23aebc1e5e3f0204da7158bce36950bb"},"breadcrumb":{"@id":"https:\/\/www.krafthand.de\/truck\/artikel\/umstellung-auf-das-kaeltemittel-r1234yf-27646\/#breadcrumb"},"inLanguage":"de","potentialAction":[{"@type":"ReadAction","target":["https:\/\/www.krafthand.de\/truck\/artikel\/umstellung-auf-das-kaeltemittel-r1234yf-27646\/"]}]},{"@type":"ImageObject","inLanguage":"de","@id":"https:\/\/www.krafthand.de\/truck\/artikel\/umstellung-auf-das-kaeltemittel-r1234yf-27646\/#primaryimage","url":"https:\/\/static.krafthand-truck.de\/uploads\/2021\/04\/01_02_21_010_Aufmacher.jpg","contentUrl":"https:\/\/static.krafthand-truck.de\/uploads\/2021\/04\/01_02_21_010_Aufmacher.jpg","width":1200,"height":799,"caption":"Bild: Adobe Stock\/Jag_cz"},{"@type":"BreadcrumbList","@id":"https:\/\/www.krafthand.de\/truck\/artikel\/umstellung-auf-das-kaeltemittel-r1234yf-27646\/#breadcrumb","itemListElement":[{"@type":"ListItem","position":1,"name":"Krafthand-Truck","item":"https:\/\/www.krafthand.de\/truck\/"},{"@type":"ListItem","position":2,"name":"Nfz-Service","item":"https:\/\/www.krafthand.de\/truck\/kategorie\/nfz-service\/"},{"@type":"ListItem","position":3,"name":"Werkstattausr\u00fcstung","item":"https:\/\/www.krafthand.de\/truck\/kategorie\/nfz-service\/werkstattausruestung\/"},{"@type":"ListItem","position":4,"name":"Cool-Change: Die Umstellung auf das K\u00e4ltemittel R1234yf nimmt Fahrt auf"}]},{"@type":"WebSite","@id":"https:\/\/www.krafthand.de\/truck\/#website","url":"https:\/\/www.krafthand.de\/truck\/","name":"Krafthand-Truck","description":"","potentialAction":[{"@type":"SearchAction","target":{"@type":"EntryPoint","urlTemplate":"https:\/\/www.krafthand.de\/truck\/?s={search_term_string}"},"query-input":{"@type":"PropertyValueSpecification","valueRequired":true,"valueName":"search_term_string"}}],"inLanguage":"de"},{"@type":"Person","@id":"https:\/\/www.krafthand.de\/truck\/#\/schema\/person\/23aebc1e5e3f0204da7158bce36950bb","name":"julian.schmid@krafthand.de","image":{"@type":"ImageObject","inLanguage":"de","@id":"https:\/\/secure.gravatar.com\/avatar\/ef76c2910cab8eb23fcc013e1c6dc1ba4af5e93fea6e6132d7c4e67d4e9631e9?s=96&d=mm&r=g","url":"https:\/\/secure.gravatar.com\/avatar\/ef76c2910cab8eb23fcc013e1c6dc1ba4af5e93fea6e6132d7c4e67d4e9631e9?s=96&d=mm&r=g","contentUrl":"https:\/\/secure.gravatar.com\/avatar\/ef76c2910cab8eb23fcc013e1c6dc1ba4af5e93fea6e6132d7c4e67d4e9631e9?s=96&d=mm&r=g","caption":"julian.schmid@krafthand.de"}}]}},"_links":{"self":[{"href":"https:\/\/www.krafthand.de\/truck\/wp-json\/wp\/v2\/posts\/27646","targetHints":{"allow":["GET"]}}],"collection":[{"href":"https:\/\/www.krafthand.de\/truck\/wp-json\/wp\/v2\/posts"}],"about":[{"href":"https:\/\/www.krafthand.de\/truck\/wp-json\/wp\/v2\/types\/post"}],"author":[{"embeddable":true,"href":"https:\/\/www.krafthand.de\/truck\/wp-json\/wp\/v2\/users\/7"}],"replies":[{"embeddable":true,"href":"https:\/\/www.krafthand.de\/truck\/wp-json\/wp\/v2\/comments?post=27646"}],"version-history":[{"count":9,"href":"https:\/\/www.krafthand.de\/truck\/wp-json\/wp\/v2\/posts\/27646\/revisions"}],"predecessor-version":[{"id":27662,"href":"https:\/\/www.krafthand.de\/truck\/wp-json\/wp\/v2\/posts\/27646\/revisions\/27662"}],"wp:featuredmedia":[{"embeddable":true,"href":"https:\/\/www.krafthand.de\/truck\/wp-json\/wp\/v2\/media\/27650"}],"wp:attachment":[{"href":"https:\/\/www.krafthand.de\/truck\/wp-json\/wp\/v2\/media?parent=27646"}],"wp:term":[{"taxonomy":"category","embeddable":true,"href":"https:\/\/www.krafthand.de\/truck\/wp-json\/wp\/v2\/categories?post=27646"},{"taxonomy":"post_tag","embeddable":true,"href":"https:\/\/www.krafthand.de\/truck\/wp-json\/wp\/v2\/tags?post=27646"},{"taxonomy":"settings","embeddable":true,"href":"https:\/\/www.krafthand.de\/truck\/wp-json\/wp\/v2\/settings?post=27646"}],"curies":[{"name":"wp","href":"https:\/\/api.w.org\/{rel}","templated":true}]}}