{"id":27620,"date":"2021-04-27T13:53:20","date_gmt":"2021-04-27T11:53:20","guid":{"rendered":"https:\/\/www.krafthand.de\/truck\/?p=27620"},"modified":"2021-04-28T10:47:56","modified_gmt":"2021-04-28T08:47:56","slug":"neuer-fahrwerkbaukasten-airlight-ii","status":"publish","type":"post","link":"https:\/\/www.krafthand.de\/truck\/artikel\/neuer-fahrwerkbaukasten-airlight-ii-27620\/","title":{"rendered":"Neuer Fahrwerkbaukasten Airlight II"},"content":{"rendered":"<p>Mehr Variantenvielfalt und Wirtschaftlichkeit verspricht sich der Achsenspezialist <a href=\"https:\/\/www.bpw.de\/\" target=\"_blank\" rel=\"noopener\">BPW<\/a> jetzt mit der neuen Generation des Fahrwerksbaukastens Airlight II. Bis zu 60 Kilogramm Gewicht konnten laut BPW die Ingenieure bei der Konstruktion der Achsmodule einsparen. Der Einsatzbereich erstreckt sich dabei auf ein noch breiteres Spektrum.<\/p>\n<p>Er\u00f6ffnet wird der Generationswechsel im Bereich des Airlight II Baukastens f\u00fcr den Bereich 9-Tonnen Achslast mit geklemmten Achseinbindungen, wie sie typischerweise bei Kipper-, Tank- und Silofahrzeugen oder auch bei speziellen Kofferaufbauten zum Einsatz kommen. Die Komponenten von Airlight II basieren dabei auf dem Prinzip des &#8218;digitalen Zwillings&#8216;. Die digitale DNA erm\u00f6glicht es Fahrzeugherstellern, online die perfekte Fahrwerkskonfiguration f\u00fcr hochspezialisierte Anwendungsf\u00e4lle zu ermitteln \u2013 und per Mausklick zu bestellen.<\/p>\n<p>Neu ist die Kombination der geklemmten Achseinbindung der Luftfederung Airlight II in Verbindung mit einem runden Achsk\u00f6rper. Erm\u00f6glicht wird dies laut BPW durch die zum Patent angemeldete Laserbearbeitung der Anlagefl\u00e4chen im Bereich der Achseinbindung. Diese \u00e4u\u00dferst robuste Einbindung in Kombination mit einem runden Achsk\u00f6rper, der sowohl im 9-Tonnen On-Road- als auch Off-Road-Bereich eingesetzt wird, erm\u00f6glicht im Off-Road-Bereich Gewichtseinsparungen von bis zu 60 Kilogramm im Vergleich zu Vorg\u00e4ngerversionen.<\/p>\n<blockquote><p>&#8222;In dieser Kombination setzt BPW Ma\u00dfst\u00e4be. Wir verbinden Robustheit mit neuer Leichtigkeit&#8220;, so Denis Wierwille, Produktmanager Trailer Solutions &amp; Mobility Services bei BPW.<\/p><\/blockquote>\n<p>Im On-Road-Bereich der gewichtssensiblen Transporte k\u00f6nnen weiterhin die beiden Leichtbauoptionen Lenkerfeder LightTube und Aluminium-Nabe eingesetzt werden. So l\u00e4sst sich ein Modulgewicht von unter 370 Kilogramm erzielen, was laut BPW den Benchmark im Bereich der Fahrwerke f\u00fcr 9-Tonnen Achslast darstellt.<\/p>\n","protected":false},"excerpt":{"rendered":"<p>Mehr Variantenvielfalt und Wirtschaftlichkeit verspricht sich der Achsenspezialist BPW jetzt mit der neuen Generation des Fahrwerksbaukastens Airlight II.  <span class=\"excerpt-more__dots\">&#8230;<\/span> <a class=\"excerpt-more__link\" href=\"https:\/\/www.krafthand.de\/truck\/artikel\/neuer-fahrwerkbaukasten-airlight-ii-27620\/\" >weiter<\/a><\/p>\n","protected":false},"author":9,"featured_media":27623,"comment_status":"closed","ping_status":"closed","sticky":false,"template":"","format":"standard","meta":{"footnotes":""},"categories":[4226],"tags":[4411,173,3270],"settings":[3523],"class_list":["post-27620","post","type-post","status-publish","format-standard","has-post-thumbnail","hentry","category-fahrwerk","tag-airlight-2","tag-bpw","tag-trailerachse"],"yoast_head":"<!-- This site is optimized with the Yoast SEO plugin v27.3 - https:\/\/yoast.com\/product\/yoast-seo-wordpress\/ -->\n<title>Neuer Fahrwerkbaukasten Airlight II - Krafthand-Truck<\/title>\n<meta name=\"robots\" content=\"index, follow, max-snippet:-1, max-image-preview:large, max-video-preview:-1\" \/>\n<link rel=\"canonical\" href=\"https:\/\/www.krafthand.de\/truck\/artikel\/neuer-fahrwerkbaukasten-airlight-ii-27620\/\" \/>\n<meta property=\"og:locale\" content=\"de_DE\" \/>\n<meta property=\"og:type\" content=\"article\" \/>\n<meta property=\"og:title\" content=\"Neuer Fahrwerkbaukasten Airlight II - Krafthand-Truck\" \/>\n<meta property=\"og:description\" content=\"Mehr Variantenvielfalt und Wirtschaftlichkeit verspricht sich der Achsenspezialist BPW jetzt mit der neuen Generation des Fahrwerksbaukastens Airlight II. ... weiter\" \/>\n<meta property=\"og:url\" content=\"https:\/\/www.krafthand-truck.de\/artikel\/neuer-fahrwerkbaukasten-airlight-ii-27620\/\" \/>\n<meta property=\"og:site_name\" content=\"Krafthand-Truck\" \/>\n<meta property=\"article:published_time\" content=\"2021-04-27T11:53:20+00:00\" \/>\n<meta property=\"article:modified_time\" content=\"2021-04-28T08:47:56+00:00\" \/>\n<meta property=\"og:image\" content=\"https:\/\/www.krafthand.de\/truck\/wp-content\/uploads\/2021\/04\/BPW_Airlight_2_Trailerachse.jpg\" \/>\n\t<meta property=\"og:image:width\" content=\"1000\" \/>\n\t<meta property=\"og:image:height\" content=\"563\" \/>\n\t<meta property=\"og:image:type\" content=\"image\/jpeg\" \/>\n<meta name=\"author\" content=\"georg.blenk@krafthand-medien.de\" \/>\n<meta name=\"twitter:card\" content=\"summary_large_image\" \/>\n<meta name=\"twitter:label1\" content=\"Verfasst von\" \/>\n\t<meta name=\"twitter:data1\" content=\"georg.blenk@krafthand-medien.de\" \/>\n\t<meta name=\"twitter:label2\" content=\"Gesch\u00e4tzte Lesezeit\" \/>\n\t<meta name=\"twitter:data2\" content=\"2\u00a0Minuten\" \/>\n<script type=\"application\/ld+json\" class=\"yoast-schema-graph\">{\"@context\":\"https:\\\/\\\/schema.org\",\"@graph\":[{\"@type\":\"Article\",\"@id\":\"https:\\\/\\\/www.krafthand.de\\\/truck\\\/artikel\\\/neuer-fahrwerkbaukasten-airlight-ii-27620\\\/#article\",\"isPartOf\":{\"@id\":\"https:\\\/\\\/www.krafthand.de\\\/truck\\\/artikel\\\/neuer-fahrwerkbaukasten-airlight-ii-27620\\\/\"},\"author\":{\"name\":\"georg.blenk@krafthand-medien.de\",\"@id\":\"https:\\\/\\\/www.krafthand.de\\\/truck\\\/#\\\/schema\\\/person\\\/51fa80b1c57034c4bf63f9f988fc24ce\"},\"headline\":\"Neuer Fahrwerkbaukasten Airlight II\",\"datePublished\":\"2021-04-27T11:53:20+00:00\",\"dateModified\":\"2021-04-28T08:47:56+00:00\",\"mainEntityOfPage\":{\"@id\":\"https:\\\/\\\/www.krafthand.de\\\/truck\\\/artikel\\\/neuer-fahrwerkbaukasten-airlight-ii-27620\\\/\"},\"wordCount\":258,\"image\":{\"@id\":\"https:\\\/\\\/www.krafthand.de\\\/truck\\\/artikel\\\/neuer-fahrwerkbaukasten-airlight-ii-27620\\\/#primaryimage\"},\"thumbnailUrl\":\"https:\\\/\\\/static.krafthand-truck.de\\\/uploads\\\/2021\\\/04\\\/BPW_Airlight_2_Trailerachse.jpg\",\"keywords\":[\"Airlight 2\",\"BPW\",\"Trailerachse\"],\"articleSection\":[\"Fahrwerk\\\/D\u00e4mpfung\"],\"inLanguage\":\"de\"},{\"@type\":\"WebPage\",\"@id\":\"https:\\\/\\\/www.krafthand.de\\\/truck\\\/artikel\\\/neuer-fahrwerkbaukasten-airlight-ii-27620\\\/\",\"url\":\"https:\\\/\\\/www.krafthand.de\\\/truck\\\/artikel\\\/neuer-fahrwerkbaukasten-airlight-ii-27620\\\/\",\"name\":\"Neuer Fahrwerkbaukasten Airlight II - Krafthand-Truck\",\"isPartOf\":{\"@id\":\"https:\\\/\\\/www.krafthand.de\\\/truck\\\/#website\"},\"primaryImageOfPage\":{\"@id\":\"https:\\\/\\\/www.krafthand.de\\\/truck\\\/artikel\\\/neuer-fahrwerkbaukasten-airlight-ii-27620\\\/#primaryimage\"},\"image\":{\"@id\":\"https:\\\/\\\/www.krafthand.de\\\/truck\\\/artikel\\\/neuer-fahrwerkbaukasten-airlight-ii-27620\\\/#primaryimage\"},\"thumbnailUrl\":\"https:\\\/\\\/static.krafthand-truck.de\\\/uploads\\\/2021\\\/04\\\/BPW_Airlight_2_Trailerachse.jpg\",\"datePublished\":\"2021-04-27T11:53:20+00:00\",\"dateModified\":\"2021-04-28T08:47:56+00:00\",\"author\":{\"@id\":\"https:\\\/\\\/www.krafthand.de\\\/truck\\\/#\\\/schema\\\/person\\\/51fa80b1c57034c4bf63f9f988fc24ce\"},\"breadcrumb\":{\"@id\":\"https:\\\/\\\/www.krafthand.de\\\/truck\\\/artikel\\\/neuer-fahrwerkbaukasten-airlight-ii-27620\\\/#breadcrumb\"},\"inLanguage\":\"de\",\"potentialAction\":[{\"@type\":\"ReadAction\",\"target\":[\"https:\\\/\\\/www.krafthand.de\\\/truck\\\/artikel\\\/neuer-fahrwerkbaukasten-airlight-ii-27620\\\/\"]}]},{\"@type\":\"ImageObject\",\"inLanguage\":\"de\",\"@id\":\"https:\\\/\\\/www.krafthand.de\\\/truck\\\/artikel\\\/neuer-fahrwerkbaukasten-airlight-ii-27620\\\/#primaryimage\",\"url\":\"https:\\\/\\\/static.krafthand-truck.de\\\/uploads\\\/2021\\\/04\\\/BPW_Airlight_2_Trailerachse.jpg\",\"contentUrl\":\"https:\\\/\\\/static.krafthand-truck.de\\\/uploads\\\/2021\\\/04\\\/BPW_Airlight_2_Trailerachse.jpg\",\"width\":1000,\"height\":563,\"caption\":\"Airlight 2 Federung, Rendering mit rundem Achsk\u00f6rper, TS2 Bremse\"},{\"@type\":\"BreadcrumbList\",\"@id\":\"https:\\\/\\\/www.krafthand.de\\\/truck\\\/artikel\\\/neuer-fahrwerkbaukasten-airlight-ii-27620\\\/#breadcrumb\",\"itemListElement\":[{\"@type\":\"ListItem\",\"position\":1,\"name\":\"Krafthand-Truck\",\"item\":\"https:\\\/\\\/www.krafthand.de\\\/truck\\\/\"},{\"@type\":\"ListItem\",\"position\":2,\"name\":\"Nfz-Technik\",\"item\":\"https:\\\/\\\/www.krafthand.de\\\/truck\\\/kategorie\\\/nfz-technik\\\/\"},{\"@type\":\"ListItem\",\"position\":3,\"name\":\"Fahrwerk\\\/D\u00e4mpfung\",\"item\":\"https:\\\/\\\/www.krafthand.de\\\/truck\\\/kategorie\\\/nfz-technik\\\/fahrwerk\\\/\"},{\"@type\":\"ListItem\",\"position\":4,\"name\":\"Neuer Fahrwerkbaukasten Airlight II\"}]},{\"@type\":\"WebSite\",\"@id\":\"https:\\\/\\\/www.krafthand.de\\\/truck\\\/#website\",\"url\":\"https:\\\/\\\/www.krafthand.de\\\/truck\\\/\",\"name\":\"Krafthand-Truck\",\"description\":\"\",\"potentialAction\":[{\"@type\":\"SearchAction\",\"target\":{\"@type\":\"EntryPoint\",\"urlTemplate\":\"https:\\\/\\\/www.krafthand.de\\\/truck\\\/?s={search_term_string}\"},\"query-input\":{\"@type\":\"PropertyValueSpecification\",\"valueRequired\":true,\"valueName\":\"search_term_string\"}}],\"inLanguage\":\"de\"},{\"@type\":\"Person\",\"@id\":\"https:\\\/\\\/www.krafthand.de\\\/truck\\\/#\\\/schema\\\/person\\\/51fa80b1c57034c4bf63f9f988fc24ce\",\"name\":\"georg.blenk@krafthand-medien.de\",\"image\":{\"@type\":\"ImageObject\",\"inLanguage\":\"de\",\"@id\":\"https:\\\/\\\/secure.gravatar.com\\\/avatar\\\/93713c30affe0aa95d3a4130e499bb1abee2eb31adbdd9ce2aa1543538490215?s=96&d=mm&r=g\",\"url\":\"https:\\\/\\\/secure.gravatar.com\\\/avatar\\\/93713c30affe0aa95d3a4130e499bb1abee2eb31adbdd9ce2aa1543538490215?s=96&d=mm&r=g\",\"contentUrl\":\"https:\\\/\\\/secure.gravatar.com\\\/avatar\\\/93713c30affe0aa95d3a4130e499bb1abee2eb31adbdd9ce2aa1543538490215?s=96&d=mm&r=g\",\"caption\":\"georg.blenk@krafthand-medien.de\"}}]}<\/script>\n<!-- \/ Yoast SEO plugin. -->","yoast_head_json":{"title":"Neuer Fahrwerkbaukasten Airlight II - Krafthand-Truck","robots":{"index":"index","follow":"follow","max-snippet":"max-snippet:-1","max-image-preview":"max-image-preview:large","max-video-preview":"max-video-preview:-1"},"canonical":"https:\/\/www.krafthand.de\/truck\/artikel\/neuer-fahrwerkbaukasten-airlight-ii-27620\/","og_locale":"de_DE","og_type":"article","og_title":"Neuer Fahrwerkbaukasten Airlight II - Krafthand-Truck","og_description":"Mehr Variantenvielfalt und Wirtschaftlichkeit verspricht sich der Achsenspezialist BPW jetzt mit der neuen Generation des Fahrwerksbaukastens Airlight II. ... weiter","og_url":"https:\/\/www.krafthand-truck.de\/artikel\/neuer-fahrwerkbaukasten-airlight-ii-27620\/","og_site_name":"Krafthand-Truck","article_published_time":"2021-04-27T11:53:20+00:00","article_modified_time":"2021-04-28T08:47:56+00:00","og_image":[{"width":1000,"height":563,"url":"https:\/\/www.krafthand.de\/truck\/wp-content\/uploads\/2021\/04\/BPW_Airlight_2_Trailerachse.jpg","type":"image\/jpeg"}],"author":"georg.blenk@krafthand-medien.de","twitter_card":"summary_large_image","twitter_misc":{"Verfasst von":"georg.blenk@krafthand-medien.de","Gesch\u00e4tzte Lesezeit":"2\u00a0Minuten"},"schema":{"@context":"https:\/\/schema.org","@graph":[{"@type":"Article","@id":"https:\/\/www.krafthand.de\/truck\/artikel\/neuer-fahrwerkbaukasten-airlight-ii-27620\/#article","isPartOf":{"@id":"https:\/\/www.krafthand.de\/truck\/artikel\/neuer-fahrwerkbaukasten-airlight-ii-27620\/"},"author":{"name":"georg.blenk@krafthand-medien.de","@id":"https:\/\/www.krafthand.de\/truck\/#\/schema\/person\/51fa80b1c57034c4bf63f9f988fc24ce"},"headline":"Neuer Fahrwerkbaukasten Airlight II","datePublished":"2021-04-27T11:53:20+00:00","dateModified":"2021-04-28T08:47:56+00:00","mainEntityOfPage":{"@id":"https:\/\/www.krafthand.de\/truck\/artikel\/neuer-fahrwerkbaukasten-airlight-ii-27620\/"},"wordCount":258,"image":{"@id":"https:\/\/www.krafthand.de\/truck\/artikel\/neuer-fahrwerkbaukasten-airlight-ii-27620\/#primaryimage"},"thumbnailUrl":"https:\/\/static.krafthand-truck.de\/uploads\/2021\/04\/BPW_Airlight_2_Trailerachse.jpg","keywords":["Airlight 2","BPW","Trailerachse"],"articleSection":["Fahrwerk\/D\u00e4mpfung"],"inLanguage":"de"},{"@type":"WebPage","@id":"https:\/\/www.krafthand.de\/truck\/artikel\/neuer-fahrwerkbaukasten-airlight-ii-27620\/","url":"https:\/\/www.krafthand.de\/truck\/artikel\/neuer-fahrwerkbaukasten-airlight-ii-27620\/","name":"Neuer Fahrwerkbaukasten Airlight II - Krafthand-Truck","isPartOf":{"@id":"https:\/\/www.krafthand.de\/truck\/#website"},"primaryImageOfPage":{"@id":"https:\/\/www.krafthand.de\/truck\/artikel\/neuer-fahrwerkbaukasten-airlight-ii-27620\/#primaryimage"},"image":{"@id":"https:\/\/www.krafthand.de\/truck\/artikel\/neuer-fahrwerkbaukasten-airlight-ii-27620\/#primaryimage"},"thumbnailUrl":"https:\/\/static.krafthand-truck.de\/uploads\/2021\/04\/BPW_Airlight_2_Trailerachse.jpg","datePublished":"2021-04-27T11:53:20+00:00","dateModified":"2021-04-28T08:47:56+00:00","author":{"@id":"https:\/\/www.krafthand.de\/truck\/#\/schema\/person\/51fa80b1c57034c4bf63f9f988fc24ce"},"breadcrumb":{"@id":"https:\/\/www.krafthand.de\/truck\/artikel\/neuer-fahrwerkbaukasten-airlight-ii-27620\/#breadcrumb"},"inLanguage":"de","potentialAction":[{"@type":"ReadAction","target":["https:\/\/www.krafthand.de\/truck\/artikel\/neuer-fahrwerkbaukasten-airlight-ii-27620\/"]}]},{"@type":"ImageObject","inLanguage":"de","@id":"https:\/\/www.krafthand.de\/truck\/artikel\/neuer-fahrwerkbaukasten-airlight-ii-27620\/#primaryimage","url":"https:\/\/static.krafthand-truck.de\/uploads\/2021\/04\/BPW_Airlight_2_Trailerachse.jpg","contentUrl":"https:\/\/static.krafthand-truck.de\/uploads\/2021\/04\/BPW_Airlight_2_Trailerachse.jpg","width":1000,"height":563,"caption":"Airlight 2 Federung, Rendering mit rundem Achsk\u00f6rper, TS2 Bremse"},{"@type":"BreadcrumbList","@id":"https:\/\/www.krafthand.de\/truck\/artikel\/neuer-fahrwerkbaukasten-airlight-ii-27620\/#breadcrumb","itemListElement":[{"@type":"ListItem","position":1,"name":"Krafthand-Truck","item":"https:\/\/www.krafthand.de\/truck\/"},{"@type":"ListItem","position":2,"name":"Nfz-Technik","item":"https:\/\/www.krafthand.de\/truck\/kategorie\/nfz-technik\/"},{"@type":"ListItem","position":3,"name":"Fahrwerk\/D\u00e4mpfung","item":"https:\/\/www.krafthand.de\/truck\/kategorie\/nfz-technik\/fahrwerk\/"},{"@type":"ListItem","position":4,"name":"Neuer Fahrwerkbaukasten Airlight II"}]},{"@type":"WebSite","@id":"https:\/\/www.krafthand.de\/truck\/#website","url":"https:\/\/www.krafthand.de\/truck\/","name":"Krafthand-Truck","description":"","potentialAction":[{"@type":"SearchAction","target":{"@type":"EntryPoint","urlTemplate":"https:\/\/www.krafthand.de\/truck\/?s={search_term_string}"},"query-input":{"@type":"PropertyValueSpecification","valueRequired":true,"valueName":"search_term_string"}}],"inLanguage":"de"},{"@type":"Person","@id":"https:\/\/www.krafthand.de\/truck\/#\/schema\/person\/51fa80b1c57034c4bf63f9f988fc24ce","name":"georg.blenk@krafthand-medien.de","image":{"@type":"ImageObject","inLanguage":"de","@id":"https:\/\/secure.gravatar.com\/avatar\/93713c30affe0aa95d3a4130e499bb1abee2eb31adbdd9ce2aa1543538490215?s=96&d=mm&r=g","url":"https:\/\/secure.gravatar.com\/avatar\/93713c30affe0aa95d3a4130e499bb1abee2eb31adbdd9ce2aa1543538490215?s=96&d=mm&r=g","contentUrl":"https:\/\/secure.gravatar.com\/avatar\/93713c30affe0aa95d3a4130e499bb1abee2eb31adbdd9ce2aa1543538490215?s=96&d=mm&r=g","caption":"georg.blenk@krafthand-medien.de"}}]}},"_links":{"self":[{"href":"https:\/\/www.krafthand.de\/truck\/wp-json\/wp\/v2\/posts\/27620","targetHints":{"allow":["GET"]}}],"collection":[{"href":"https:\/\/www.krafthand.de\/truck\/wp-json\/wp\/v2\/posts"}],"about":[{"href":"https:\/\/www.krafthand.de\/truck\/wp-json\/wp\/v2\/types\/post"}],"author":[{"embeddable":true,"href":"https:\/\/www.krafthand.de\/truck\/wp-json\/wp\/v2\/users\/9"}],"replies":[{"embeddable":true,"href":"https:\/\/www.krafthand.de\/truck\/wp-json\/wp\/v2\/comments?post=27620"}],"version-history":[{"count":9,"href":"https:\/\/www.krafthand.de\/truck\/wp-json\/wp\/v2\/posts\/27620\/revisions"}],"predecessor-version":[{"id":27630,"href":"https:\/\/www.krafthand.de\/truck\/wp-json\/wp\/v2\/posts\/27620\/revisions\/27630"}],"wp:featuredmedia":[{"embeddable":true,"href":"https:\/\/www.krafthand.de\/truck\/wp-json\/wp\/v2\/media\/27623"}],"wp:attachment":[{"href":"https:\/\/www.krafthand.de\/truck\/wp-json\/wp\/v2\/media?parent=27620"}],"wp:term":[{"taxonomy":"category","embeddable":true,"href":"https:\/\/www.krafthand.de\/truck\/wp-json\/wp\/v2\/categories?post=27620"},{"taxonomy":"post_tag","embeddable":true,"href":"https:\/\/www.krafthand.de\/truck\/wp-json\/wp\/v2\/tags?post=27620"},{"taxonomy":"settings","embeddable":true,"href":"https:\/\/www.krafthand.de\/truck\/wp-json\/wp\/v2\/settings?post=27620"}],"curies":[{"name":"wp","href":"https:\/\/api.w.org\/{rel}","templated":true}]}}