{"id":27558,"date":"2021-04-22T15:14:14","date_gmt":"2021-04-22T13:14:14","guid":{"rendered":"https:\/\/www.krafthand.de\/truck\/?p=27558"},"modified":"2021-04-22T15:14:14","modified_gmt":"2021-04-22T13:14:14","slug":"neuer-beru-katalog-fuer-den-aftermarket","status":"publish","type":"post","link":"https:\/\/www.krafthand.de\/truck\/artikel\/neuer-beru-katalog-fuer-den-aftermarket-27558\/","title":{"rendered":"Neuer BERU-Katalog f\u00fcr den Aftermarket"},"content":{"rendered":"<p>BorgWarner hat einen neuen Katalog herausgebracht, der einen umfassenden \u00dcberblick \u00fcber das breite BERU-Portfolio des Unternehmens bietet. Der digitale Katalog f\u00fcr 2021 stellt die umfangreiche Palette an Gl\u00fchkerzen, Gl\u00fchzeitsteuerger\u00e4ten und Z\u00fcndspulen der Marke BERU vor, die BorgWarner seit 2020 wieder selbst im Aftermarket vertreibt.<\/p>\n<p>Insgesamt beinhaltet der Katalog Informationen zu 746 Teilen, die sich f\u00fcr 21.935 Anwendungen in Fahrzeugen 111 verschiedener Hersteller weltweit eignen. Dies umfasst benzin- und dieselbetriebene Pkw sowie <strong>Nutzfahrzeuge aller gro\u00dfen Marken<\/strong>. Der Katalog umfasst zudem auch Angebote f\u00fcr das Motorradsegment.<\/p>\n<p>BorgWarners Katalog ist den Angaben zufolge so konzipiert, dass er detaillierte und allumfassende Informationen m\u00f6glichst nutzerfreundlich bereitstellt: Angefangen mit einer Liste der Anwendungen, gefolgt von technischen Spezifikationen und einem Abschnitt mit Bildern, die das aktuelle Sortiment zeigen. Zus\u00e4tzlich gibt es einen gro\u00dfen Bereich f\u00fcr Querverweise, der alle m\u00f6glichen Umschl\u00fcsselungen sowohl f\u00fcr externe als auch interne Artikelnummernsysteme abdeckt.<\/p>\n<p>Bei einem Umfang von rund 700 Seiten enth\u00e4lt der Katalog Informationen in neun Sprachen: Deutsch, Englisch, Spanisch, Franz\u00f6sisch, Russisch, Polnisch, Italienisch, T\u00fcrkisch und Rum\u00e4nisch. Er steht zudem als interaktives PDF zum Download auf der <a href=\"https:\/\/www.borgwarner.com\/aftermarket\/diesel-cold-start-ignition\" target=\"_blank\" rel=\"noopener\">BorgWarner Website<\/a> zur Verf\u00fcgung.<\/p>\n","protected":false},"excerpt":{"rendered":"<p>BorgWarner hat einen neuen Katalog herausgebracht, der die umfangreiche Palette an Gl\u00fchkerzen, Gl\u00fchzeitsteuerger\u00e4ten und Z\u00fcndspulen der Marke BERU vorstellt. Das Unternehmen vertreibt seit 2020 die Produkte wieder selbst im Aftermarket. <span class=\"excerpt-more__dots\">&#8230;<\/span> <a class=\"excerpt-more__link\" href=\"https:\/\/www.krafthand.de\/truck\/artikel\/neuer-beru-katalog-fuer-den-aftermarket-27558\/\" >weiter<\/a><\/p>\n","protected":false},"author":9,"featured_media":27560,"comment_status":"closed","ping_status":"closed","sticky":false,"template":"","format":"standard","meta":{"footnotes":""},"categories":[4229],"tags":[4381,3192,4382,4384,229,4383,4385],"settings":[3523],"class_list":["post-27558","post","type-post","status-publish","format-standard","has-post-thumbnail","hentry","category-nfz-teile-systeme","tag-beru","tag-borgwarner","tag-gluehkerzen","tag-gluehzeitsteuergeraet","tag-katalog","tag-zuendkerzen","tag-zuendspule"],"yoast_head":"<!-- This site is optimized with the Yoast SEO plugin v27.3 - https:\/\/yoast.com\/product\/yoast-seo-wordpress\/ -->\n<title>Neuer BERU-Katalog f\u00fcr den Aftermarket - Krafthand-Truck<\/title>\n<meta name=\"robots\" content=\"index, follow, max-snippet:-1, max-image-preview:large, max-video-preview:-1\" \/>\n<link rel=\"canonical\" href=\"https:\/\/www.krafthand.de\/truck\/artikel\/neuer-beru-katalog-fuer-den-aftermarket-27558\/\" \/>\n<meta property=\"og:locale\" content=\"de_DE\" \/>\n<meta property=\"og:type\" content=\"article\" \/>\n<meta property=\"og:title\" content=\"Neuer BERU-Katalog f\u00fcr den Aftermarket - Krafthand-Truck\" \/>\n<meta property=\"og:description\" content=\"BorgWarner hat einen neuen Katalog herausgebracht, der die umfangreiche Palette an Gl\u00fchkerzen, Gl\u00fchzeitsteuerger\u00e4ten und Z\u00fcndspulen der Marke BERU vorstellt. Das Unternehmen vertreibt seit 2020 die Produkte wieder selbst im Aftermarket. ... weiter\" \/>\n<meta property=\"og:url\" content=\"https:\/\/www.krafthand-truck.de\/artikel\/neuer-beru-katalog-fuer-den-aftermarket-27558\/\" \/>\n<meta property=\"og:site_name\" content=\"Krafthand-Truck\" \/>\n<meta property=\"article:published_time\" content=\"2021-04-22T13:14:14+00:00\" \/>\n<meta property=\"og:image\" content=\"https:\/\/www.krafthand.de\/truck\/wp-content\/uploads\/2021\/04\/Katalog_Beru_BorgWarner_2021.jpg\" \/>\n\t<meta property=\"og:image:width\" content=\"1200\" \/>\n\t<meta property=\"og:image:height\" content=\"1697\" \/>\n\t<meta property=\"og:image:type\" content=\"image\/jpeg\" \/>\n<meta name=\"author\" content=\"georg.blenk@krafthand-medien.de\" \/>\n<meta name=\"twitter:card\" content=\"summary_large_image\" \/>\n<meta name=\"twitter:label1\" content=\"Verfasst von\" \/>\n\t<meta name=\"twitter:data1\" content=\"georg.blenk@krafthand-medien.de\" \/>\n\t<meta name=\"twitter:label2\" content=\"Gesch\u00e4tzte Lesezeit\" \/>\n\t<meta name=\"twitter:data2\" content=\"1\u00a0Minute\" \/>\n<script type=\"application\/ld+json\" class=\"yoast-schema-graph\">{\"@context\":\"https:\\\/\\\/schema.org\",\"@graph\":[{\"@type\":\"Article\",\"@id\":\"https:\\\/\\\/www.krafthand.de\\\/truck\\\/artikel\\\/neuer-beru-katalog-fuer-den-aftermarket-27558\\\/#article\",\"isPartOf\":{\"@id\":\"https:\\\/\\\/www.krafthand.de\\\/truck\\\/artikel\\\/neuer-beru-katalog-fuer-den-aftermarket-27558\\\/\"},\"author\":{\"name\":\"georg.blenk@krafthand-medien.de\",\"@id\":\"https:\\\/\\\/www.krafthand.de\\\/truck\\\/#\\\/schema\\\/person\\\/51fa80b1c57034c4bf63f9f988fc24ce\"},\"headline\":\"Neuer BERU-Katalog f\u00fcr den Aftermarket\",\"datePublished\":\"2021-04-22T13:14:14+00:00\",\"mainEntityOfPage\":{\"@id\":\"https:\\\/\\\/www.krafthand.de\\\/truck\\\/artikel\\\/neuer-beru-katalog-fuer-den-aftermarket-27558\\\/\"},\"wordCount\":199,\"image\":{\"@id\":\"https:\\\/\\\/www.krafthand.de\\\/truck\\\/artikel\\\/neuer-beru-katalog-fuer-den-aftermarket-27558\\\/#primaryimage\"},\"thumbnailUrl\":\"https:\\\/\\\/static.krafthand-truck.de\\\/uploads\\\/2021\\\/04\\\/Katalog_Beru_BorgWarner_2021.jpg\",\"keywords\":[\"Beru\",\"BorgWarner\",\"Gl\u00fchkerzen\",\"Gl\u00fchzeitsteuerger\u00e4t\",\"Katalog\",\"Z\u00fcndkerzen\",\"Z\u00fcndspule\"],\"articleSection\":[\"Nfz-Teile\\\/Systeme\"],\"inLanguage\":\"de\"},{\"@type\":\"WebPage\",\"@id\":\"https:\\\/\\\/www.krafthand.de\\\/truck\\\/artikel\\\/neuer-beru-katalog-fuer-den-aftermarket-27558\\\/\",\"url\":\"https:\\\/\\\/www.krafthand.de\\\/truck\\\/artikel\\\/neuer-beru-katalog-fuer-den-aftermarket-27558\\\/\",\"name\":\"Neuer BERU-Katalog f\u00fcr den Aftermarket - Krafthand-Truck\",\"isPartOf\":{\"@id\":\"https:\\\/\\\/www.krafthand.de\\\/truck\\\/#website\"},\"primaryImageOfPage\":{\"@id\":\"https:\\\/\\\/www.krafthand.de\\\/truck\\\/artikel\\\/neuer-beru-katalog-fuer-den-aftermarket-27558\\\/#primaryimage\"},\"image\":{\"@id\":\"https:\\\/\\\/www.krafthand.de\\\/truck\\\/artikel\\\/neuer-beru-katalog-fuer-den-aftermarket-27558\\\/#primaryimage\"},\"thumbnailUrl\":\"https:\\\/\\\/static.krafthand-truck.de\\\/uploads\\\/2021\\\/04\\\/Katalog_Beru_BorgWarner_2021.jpg\",\"datePublished\":\"2021-04-22T13:14:14+00:00\",\"author\":{\"@id\":\"https:\\\/\\\/www.krafthand.de\\\/truck\\\/#\\\/schema\\\/person\\\/51fa80b1c57034c4bf63f9f988fc24ce\"},\"breadcrumb\":{\"@id\":\"https:\\\/\\\/www.krafthand.de\\\/truck\\\/artikel\\\/neuer-beru-katalog-fuer-den-aftermarket-27558\\\/#breadcrumb\"},\"inLanguage\":\"de\",\"potentialAction\":[{\"@type\":\"ReadAction\",\"target\":[\"https:\\\/\\\/www.krafthand.de\\\/truck\\\/artikel\\\/neuer-beru-katalog-fuer-den-aftermarket-27558\\\/\"]}]},{\"@type\":\"ImageObject\",\"inLanguage\":\"de\",\"@id\":\"https:\\\/\\\/www.krafthand.de\\\/truck\\\/artikel\\\/neuer-beru-katalog-fuer-den-aftermarket-27558\\\/#primaryimage\",\"url\":\"https:\\\/\\\/static.krafthand-truck.de\\\/uploads\\\/2021\\\/04\\\/Katalog_Beru_BorgWarner_2021.jpg\",\"contentUrl\":\"https:\\\/\\\/static.krafthand-truck.de\\\/uploads\\\/2021\\\/04\\\/Katalog_Beru_BorgWarner_2021.jpg\",\"width\":1200,\"height\":1697},{\"@type\":\"BreadcrumbList\",\"@id\":\"https:\\\/\\\/www.krafthand.de\\\/truck\\\/artikel\\\/neuer-beru-katalog-fuer-den-aftermarket-27558\\\/#breadcrumb\",\"itemListElement\":[{\"@type\":\"ListItem\",\"position\":1,\"name\":\"Krafthand-Truck\",\"item\":\"https:\\\/\\\/www.krafthand.de\\\/truck\\\/\"},{\"@type\":\"ListItem\",\"position\":2,\"name\":\"Nfz-Technik\",\"item\":\"https:\\\/\\\/www.krafthand.de\\\/truck\\\/kategorie\\\/nfz-technik\\\/\"},{\"@type\":\"ListItem\",\"position\":3,\"name\":\"Nfz-Teile\\\/Systeme\",\"item\":\"https:\\\/\\\/www.krafthand.de\\\/truck\\\/kategorie\\\/nfz-technik\\\/nfz-teile-systeme\\\/\"},{\"@type\":\"ListItem\",\"position\":4,\"name\":\"Neuer BERU-Katalog f\u00fcr den Aftermarket\"}]},{\"@type\":\"WebSite\",\"@id\":\"https:\\\/\\\/www.krafthand.de\\\/truck\\\/#website\",\"url\":\"https:\\\/\\\/www.krafthand.de\\\/truck\\\/\",\"name\":\"Krafthand-Truck\",\"description\":\"\",\"potentialAction\":[{\"@type\":\"SearchAction\",\"target\":{\"@type\":\"EntryPoint\",\"urlTemplate\":\"https:\\\/\\\/www.krafthand.de\\\/truck\\\/?s={search_term_string}\"},\"query-input\":{\"@type\":\"PropertyValueSpecification\",\"valueRequired\":true,\"valueName\":\"search_term_string\"}}],\"inLanguage\":\"de\"},{\"@type\":\"Person\",\"@id\":\"https:\\\/\\\/www.krafthand.de\\\/truck\\\/#\\\/schema\\\/person\\\/51fa80b1c57034c4bf63f9f988fc24ce\",\"name\":\"georg.blenk@krafthand-medien.de\",\"image\":{\"@type\":\"ImageObject\",\"inLanguage\":\"de\",\"@id\":\"https:\\\/\\\/secure.gravatar.com\\\/avatar\\\/93713c30affe0aa95d3a4130e499bb1abee2eb31adbdd9ce2aa1543538490215?s=96&d=mm&r=g\",\"url\":\"https:\\\/\\\/secure.gravatar.com\\\/avatar\\\/93713c30affe0aa95d3a4130e499bb1abee2eb31adbdd9ce2aa1543538490215?s=96&d=mm&r=g\",\"contentUrl\":\"https:\\\/\\\/secure.gravatar.com\\\/avatar\\\/93713c30affe0aa95d3a4130e499bb1abee2eb31adbdd9ce2aa1543538490215?s=96&d=mm&r=g\",\"caption\":\"georg.blenk@krafthand-medien.de\"}}]}<\/script>\n<!-- \/ Yoast SEO plugin. -->","yoast_head_json":{"title":"Neuer BERU-Katalog f\u00fcr den Aftermarket - Krafthand-Truck","robots":{"index":"index","follow":"follow","max-snippet":"max-snippet:-1","max-image-preview":"max-image-preview:large","max-video-preview":"max-video-preview:-1"},"canonical":"https:\/\/www.krafthand.de\/truck\/artikel\/neuer-beru-katalog-fuer-den-aftermarket-27558\/","og_locale":"de_DE","og_type":"article","og_title":"Neuer BERU-Katalog f\u00fcr den Aftermarket - Krafthand-Truck","og_description":"BorgWarner hat einen neuen Katalog herausgebracht, der die umfangreiche Palette an Gl\u00fchkerzen, Gl\u00fchzeitsteuerger\u00e4ten und Z\u00fcndspulen der Marke BERU vorstellt. Das Unternehmen vertreibt seit 2020 die Produkte wieder selbst im Aftermarket. ... weiter","og_url":"https:\/\/www.krafthand-truck.de\/artikel\/neuer-beru-katalog-fuer-den-aftermarket-27558\/","og_site_name":"Krafthand-Truck","article_published_time":"2021-04-22T13:14:14+00:00","og_image":[{"width":1200,"height":1697,"url":"https:\/\/www.krafthand.de\/truck\/wp-content\/uploads\/2021\/04\/Katalog_Beru_BorgWarner_2021.jpg","type":"image\/jpeg"}],"author":"georg.blenk@krafthand-medien.de","twitter_card":"summary_large_image","twitter_misc":{"Verfasst von":"georg.blenk@krafthand-medien.de","Gesch\u00e4tzte Lesezeit":"1\u00a0Minute"},"schema":{"@context":"https:\/\/schema.org","@graph":[{"@type":"Article","@id":"https:\/\/www.krafthand.de\/truck\/artikel\/neuer-beru-katalog-fuer-den-aftermarket-27558\/#article","isPartOf":{"@id":"https:\/\/www.krafthand.de\/truck\/artikel\/neuer-beru-katalog-fuer-den-aftermarket-27558\/"},"author":{"name":"georg.blenk@krafthand-medien.de","@id":"https:\/\/www.krafthand.de\/truck\/#\/schema\/person\/51fa80b1c57034c4bf63f9f988fc24ce"},"headline":"Neuer BERU-Katalog f\u00fcr den Aftermarket","datePublished":"2021-04-22T13:14:14+00:00","mainEntityOfPage":{"@id":"https:\/\/www.krafthand.de\/truck\/artikel\/neuer-beru-katalog-fuer-den-aftermarket-27558\/"},"wordCount":199,"image":{"@id":"https:\/\/www.krafthand.de\/truck\/artikel\/neuer-beru-katalog-fuer-den-aftermarket-27558\/#primaryimage"},"thumbnailUrl":"https:\/\/static.krafthand-truck.de\/uploads\/2021\/04\/Katalog_Beru_BorgWarner_2021.jpg","keywords":["Beru","BorgWarner","Gl\u00fchkerzen","Gl\u00fchzeitsteuerger\u00e4t","Katalog","Z\u00fcndkerzen","Z\u00fcndspule"],"articleSection":["Nfz-Teile\/Systeme"],"inLanguage":"de"},{"@type":"WebPage","@id":"https:\/\/www.krafthand.de\/truck\/artikel\/neuer-beru-katalog-fuer-den-aftermarket-27558\/","url":"https:\/\/www.krafthand.de\/truck\/artikel\/neuer-beru-katalog-fuer-den-aftermarket-27558\/","name":"Neuer BERU-Katalog f\u00fcr den Aftermarket - Krafthand-Truck","isPartOf":{"@id":"https:\/\/www.krafthand.de\/truck\/#website"},"primaryImageOfPage":{"@id":"https:\/\/www.krafthand.de\/truck\/artikel\/neuer-beru-katalog-fuer-den-aftermarket-27558\/#primaryimage"},"image":{"@id":"https:\/\/www.krafthand.de\/truck\/artikel\/neuer-beru-katalog-fuer-den-aftermarket-27558\/#primaryimage"},"thumbnailUrl":"https:\/\/static.krafthand-truck.de\/uploads\/2021\/04\/Katalog_Beru_BorgWarner_2021.jpg","datePublished":"2021-04-22T13:14:14+00:00","author":{"@id":"https:\/\/www.krafthand.de\/truck\/#\/schema\/person\/51fa80b1c57034c4bf63f9f988fc24ce"},"breadcrumb":{"@id":"https:\/\/www.krafthand.de\/truck\/artikel\/neuer-beru-katalog-fuer-den-aftermarket-27558\/#breadcrumb"},"inLanguage":"de","potentialAction":[{"@type":"ReadAction","target":["https:\/\/www.krafthand.de\/truck\/artikel\/neuer-beru-katalog-fuer-den-aftermarket-27558\/"]}]},{"@type":"ImageObject","inLanguage":"de","@id":"https:\/\/www.krafthand.de\/truck\/artikel\/neuer-beru-katalog-fuer-den-aftermarket-27558\/#primaryimage","url":"https:\/\/static.krafthand-truck.de\/uploads\/2021\/04\/Katalog_Beru_BorgWarner_2021.jpg","contentUrl":"https:\/\/static.krafthand-truck.de\/uploads\/2021\/04\/Katalog_Beru_BorgWarner_2021.jpg","width":1200,"height":1697},{"@type":"BreadcrumbList","@id":"https:\/\/www.krafthand.de\/truck\/artikel\/neuer-beru-katalog-fuer-den-aftermarket-27558\/#breadcrumb","itemListElement":[{"@type":"ListItem","position":1,"name":"Krafthand-Truck","item":"https:\/\/www.krafthand.de\/truck\/"},{"@type":"ListItem","position":2,"name":"Nfz-Technik","item":"https:\/\/www.krafthand.de\/truck\/kategorie\/nfz-technik\/"},{"@type":"ListItem","position":3,"name":"Nfz-Teile\/Systeme","item":"https:\/\/www.krafthand.de\/truck\/kategorie\/nfz-technik\/nfz-teile-systeme\/"},{"@type":"ListItem","position":4,"name":"Neuer BERU-Katalog f\u00fcr den Aftermarket"}]},{"@type":"WebSite","@id":"https:\/\/www.krafthand.de\/truck\/#website","url":"https:\/\/www.krafthand.de\/truck\/","name":"Krafthand-Truck","description":"","potentialAction":[{"@type":"SearchAction","target":{"@type":"EntryPoint","urlTemplate":"https:\/\/www.krafthand.de\/truck\/?s={search_term_string}"},"query-input":{"@type":"PropertyValueSpecification","valueRequired":true,"valueName":"search_term_string"}}],"inLanguage":"de"},{"@type":"Person","@id":"https:\/\/www.krafthand.de\/truck\/#\/schema\/person\/51fa80b1c57034c4bf63f9f988fc24ce","name":"georg.blenk@krafthand-medien.de","image":{"@type":"ImageObject","inLanguage":"de","@id":"https:\/\/secure.gravatar.com\/avatar\/93713c30affe0aa95d3a4130e499bb1abee2eb31adbdd9ce2aa1543538490215?s=96&d=mm&r=g","url":"https:\/\/secure.gravatar.com\/avatar\/93713c30affe0aa95d3a4130e499bb1abee2eb31adbdd9ce2aa1543538490215?s=96&d=mm&r=g","contentUrl":"https:\/\/secure.gravatar.com\/avatar\/93713c30affe0aa95d3a4130e499bb1abee2eb31adbdd9ce2aa1543538490215?s=96&d=mm&r=g","caption":"georg.blenk@krafthand-medien.de"}}]}},"_links":{"self":[{"href":"https:\/\/www.krafthand.de\/truck\/wp-json\/wp\/v2\/posts\/27558","targetHints":{"allow":["GET"]}}],"collection":[{"href":"https:\/\/www.krafthand.de\/truck\/wp-json\/wp\/v2\/posts"}],"about":[{"href":"https:\/\/www.krafthand.de\/truck\/wp-json\/wp\/v2\/types\/post"}],"author":[{"embeddable":true,"href":"https:\/\/www.krafthand.de\/truck\/wp-json\/wp\/v2\/users\/9"}],"replies":[{"embeddable":true,"href":"https:\/\/www.krafthand.de\/truck\/wp-json\/wp\/v2\/comments?post=27558"}],"version-history":[{"count":3,"href":"https:\/\/www.krafthand.de\/truck\/wp-json\/wp\/v2\/posts\/27558\/revisions"}],"predecessor-version":[{"id":27562,"href":"https:\/\/www.krafthand.de\/truck\/wp-json\/wp\/v2\/posts\/27558\/revisions\/27562"}],"wp:featuredmedia":[{"embeddable":true,"href":"https:\/\/www.krafthand.de\/truck\/wp-json\/wp\/v2\/media\/27560"}],"wp:attachment":[{"href":"https:\/\/www.krafthand.de\/truck\/wp-json\/wp\/v2\/media?parent=27558"}],"wp:term":[{"taxonomy":"category","embeddable":true,"href":"https:\/\/www.krafthand.de\/truck\/wp-json\/wp\/v2\/categories?post=27558"},{"taxonomy":"post_tag","embeddable":true,"href":"https:\/\/www.krafthand.de\/truck\/wp-json\/wp\/v2\/tags?post=27558"},{"taxonomy":"settings","embeddable":true,"href":"https:\/\/www.krafthand.de\/truck\/wp-json\/wp\/v2\/settings?post=27558"}],"curies":[{"name":"wp","href":"https:\/\/api.w.org\/{rel}","templated":true}]}}