{"id":27473,"date":"2021-04-16T13:49:16","date_gmt":"2021-04-16T11:49:16","guid":{"rendered":"https:\/\/www.krafthand.de\/truck\/?p=27473"},"modified":"2021-04-16T13:54:20","modified_gmt":"2021-04-16T11:54:20","slug":"erweiterung-des-produktportfolios-diagnoseloesung-von-jaltest","status":"publish","type":"post","link":"https:\/\/www.krafthand.de\/truck\/artikel\/erweiterung-des-produktportfolios-diagnoseloesung-von-jaltest-27473\/","title":{"rendered":"Erweiterung des Produktportfolios &#8211; Diagnosel\u00f6sung von Jaltest"},"content":{"rendered":"<p>Der schw\u00e4bische Hersteller von Pr\u00fcf- und Messger\u00e4ten sowie Produktl\u00f6sungen f\u00fcr den Werkstattbedarf, <a href=\"https:\/\/www.autotestgeraete.de\/index.html\" target=\"_blank\" rel=\"noopener\">Autotestger\u00e4te Leitenberger<\/a>, erweitert zum 01.05.2021 sein Produktportfolio um die Mehrmarken-Diagnose-L\u00f6sung <a href=\"https:\/\/www.jaltest.com\/de\/\" target=\"_blank\" rel=\"noopener\">Jaltest<\/a>. Sie ist unter anderem f\u00fcr leichte und schwere Nutzfahrzeuge, Busse und Anh\u00e4nger, landwirtschaftlich genutzte Fahrzeuge sowie Bau- und Forstmaschinen und Lagerfahrzeuge geeignet.<\/p>\n<p>Jaltest ist ein Multimarken- und Multisystem-Diagnoseger\u00e4t, das laut Leitenberger entwickelt wurde, um die Fahrzeugdiagnose und Wartungsaufgaben auf einfache und intuitive Weise ausf\u00fchren zu k\u00f6nnen. Mit Jaltest haben Mehrmarken-Werkst\u00e4tten Zugang zu erforderlichen Informationen f\u00fcr eine schnelle und wirksame Schadensbehebung. Dies beinhaltet technische Daten zu Komponenten,\u00a0 Schaltpl\u00e4ne sowie System- und Sicherheitsdiagramme, Wartungsdaten f\u00fcr Fahrzeuginspektionen, Technische Daten des Fahrzeugs, die Fehlersuche nach Symptomen sowie technische Freigaben, relevante Herstellerinformationen und Reparaturzeiten.<\/p>\n<figure id=\"attachment_27478\" aria-describedby=\"caption-attachment-27478\" style=\"width: 300px\" class=\"wp-caption alignleft\"><a href=\"https:\/\/www.krafthand.de\/truck\/wp-content\/uploads\/2021\/04\/Leitenberger_Jose-Manuel-Guillen_Helmuth-Ramp.jpg\" target=\"_blank\" rel=\"noopener\"><img fetchpriority=\"high\" decoding=\"async\" class=\"wp-image-27478 size-medium\" src=\"https:\/\/www.krafthand.de\/truck\/wp-content\/uploads\/2021\/04\/Leitenberger_Jose-Manuel-Guillen_Helmuth-Ramp-300x201.jpg\" alt=\"\" width=\"300\" height=\"201\" srcset=\"https:\/\/static.krafthand-truck.de\/uploads\/2021\/04\/Leitenberger_Jose-Manuel-Guillen_Helmuth-Ramp-300x201.jpg 300w, https:\/\/static.krafthand-truck.de\/uploads\/2021\/04\/Leitenberger_Jose-Manuel-Guillen_Helmuth-Ramp-1024x684.jpg 1024w, https:\/\/static.krafthand-truck.de\/uploads\/2021\/04\/Leitenberger_Jose-Manuel-Guillen_Helmuth-Ramp-768x513.jpg 768w, https:\/\/static.krafthand-truck.de\/uploads\/2021\/04\/Leitenberger_Jose-Manuel-Guillen_Helmuth-Ramp.jpg 1200w\" sizes=\"(max-width: 300px) 100vw, 300px\" \/><\/a><figcaption id=\"caption-attachment-27478\" class=\"wp-caption-text\">Jos\u00e9 Manuel Guill\u00e9n (l.) und Helmuth Ramp.<\/figcaption><\/figure>\n<p>Die angebotenen Mehrmarken-Diagnose-L\u00f6sung richten sich sowohl an Einsteiger als auch an Diagnose-Experten. Neue Marken, Modelle und Systeme werden st\u00e4ndig in das System integriert und den Werkst\u00e4tten drei Mal im Jahr per Software-Update zur Verf\u00fcgung gestellt. Zudem unterst\u00fctzt Autotestger\u00e4te Leitenberger mit seiner Vertriebs- und Marketingmannschaft den Vertrieb der Jaltest-Diagnosel\u00f6sungen in Deutschland, \u00d6sterreich und der Schweiz. Die von Autotestger\u00e4te Leitenberger angebotenen Mehrmarken-Diagnose-L\u00f6sungen werden \u00fcber den Fachhandel vertrieben.<\/p>\n<blockquote><p>\u201eWir freuen uns sehr, dass wir mit Autotestger\u00e4te Leitenberger langfristig einen starken Partner an unserer Seite haben, der den Vertrieb unsere Diagnoseger\u00e4te in den wichtigen DACH-M\u00e4rkten unterst\u00fctzt\u201c, erkl\u00e4rt Jos\u00e9 Manuel Guill\u00e9n, Vertriebsleiter bei Jaltest.<\/p>\n<p>Helmuth Ramp, Vertriebsleiter bei Autotestger\u00e4te Leitenberger, ist \u00fcberzeugt: &#8222;Jaltest passt als Partner hervorragend in unser Produktportfolio und erg\u00e4nzt unser Angebot dahingehend, dass wir unseren Kunden in Zukunft auch f\u00fchrende Diagnosetechnik mit einem hohen Mehrwert bieten k\u00f6nnen. Daf\u00fcr sind in den n\u00e4chsten Wochen und Monaten Corona konforme Road-Shows an verschiedenen Standorten mit Vorf\u00fchrungen und Schulungen geplant.\u201c<\/p><\/blockquote>\n","protected":false},"excerpt":{"rendered":"<p>Der schw\u00e4bische Hersteller von Pr\u00fcf- und Messger\u00e4ten sowie Produktl\u00f6sungen f\u00fcr den Werkstattbedarf, Autotestger\u00e4te Leitenberger, erweitert zum 01.05.2021 sein Produktportfolio um die Mehrmarken-Diagnose-L\u00f6sung Jaltest. <span class=\"excerpt-more__dots\">&#8230;<\/span> <a class=\"excerpt-more__link\" href=\"https:\/\/www.krafthand.de\/truck\/artikel\/erweiterung-des-produktportfolios-diagnoseloesung-von-jaltest-27473\/\" >weiter<\/a><\/p>\n","protected":false},"author":9,"featured_media":27477,"comment_status":"closed","ping_status":"closed","sticky":false,"template":"","format":"standard","meta":{"footnotes":""},"categories":[4220],"tags":[4363,2510,4366,4364,4365,2563],"settings":[3523],"class_list":["post-27473","post","type-post","status-publish","format-standard","has-post-thumbnail","hentry","category-werkstattausruestung","tag-autotestgeraete","tag-diagnosetester","tag-helmuth-ramp","tag-jaltest","tag-jose-manuel-guillen","tag-leitenberger"],"yoast_head":"<!-- This site is optimized with the Yoast SEO plugin v27.3 - https:\/\/yoast.com\/product\/yoast-seo-wordpress\/ -->\n<title>Erweiterung des Produktportfolios - Diagnosel\u00f6sung von Jaltest - Krafthand-Truck<\/title>\n<meta name=\"robots\" content=\"index, follow, max-snippet:-1, max-image-preview:large, max-video-preview:-1\" \/>\n<link rel=\"canonical\" href=\"https:\/\/www.krafthand.de\/truck\/artikel\/erweiterung-des-produktportfolios-diagnoseloesung-von-jaltest-27473\/\" \/>\n<meta property=\"og:locale\" content=\"de_DE\" \/>\n<meta property=\"og:type\" content=\"article\" \/>\n<meta property=\"og:title\" content=\"Erweiterung des Produktportfolios - Diagnosel\u00f6sung von Jaltest - Krafthand-Truck\" \/>\n<meta property=\"og:description\" content=\"Der schw\u00e4bische Hersteller von Pr\u00fcf- und Messger\u00e4ten sowie Produktl\u00f6sungen f\u00fcr den Werkstattbedarf, Autotestger\u00e4te Leitenberger, erweitert zum 01.05.2021 sein Produktportfolio um die Mehrmarken-Diagnose-L\u00f6sung Jaltest. ... weiter\" \/>\n<meta property=\"og:url\" content=\"https:\/\/www.krafthand-truck.de\/artikel\/erweiterung-des-produktportfolios-diagnoseloesung-von-jaltest-27473\/\" \/>\n<meta property=\"og:site_name\" content=\"Krafthand-Truck\" \/>\n<meta property=\"article:published_time\" content=\"2021-04-16T11:49:16+00:00\" \/>\n<meta property=\"article:modified_time\" content=\"2021-04-16T11:54:20+00:00\" \/>\n<meta property=\"og:image\" content=\"https:\/\/www.krafthand.de\/truck\/wp-content\/uploads\/2021\/04\/Jaltest-Diagnosekoffer.jpg\" \/>\n\t<meta property=\"og:image:width\" content=\"1200\" \/>\n\t<meta property=\"og:image:height\" content=\"800\" \/>\n\t<meta property=\"og:image:type\" content=\"image\/jpeg\" \/>\n<meta name=\"author\" content=\"georg.blenk@krafthand-medien.de\" \/>\n<meta name=\"twitter:card\" content=\"summary_large_image\" \/>\n<meta name=\"twitter:label1\" content=\"Verfasst von\" \/>\n\t<meta name=\"twitter:data1\" content=\"georg.blenk@krafthand-medien.de\" \/>\n\t<meta name=\"twitter:label2\" content=\"Gesch\u00e4tzte Lesezeit\" \/>\n\t<meta name=\"twitter:data2\" content=\"2\u00a0Minuten\" \/>\n<script type=\"application\/ld+json\" class=\"yoast-schema-graph\">{\"@context\":\"https:\\\/\\\/schema.org\",\"@graph\":[{\"@type\":\"Article\",\"@id\":\"https:\\\/\\\/www.krafthand.de\\\/truck\\\/artikel\\\/erweiterung-des-produktportfolios-diagnoseloesung-von-jaltest-27473\\\/#article\",\"isPartOf\":{\"@id\":\"https:\\\/\\\/www.krafthand.de\\\/truck\\\/artikel\\\/erweiterung-des-produktportfolios-diagnoseloesung-von-jaltest-27473\\\/\"},\"author\":{\"name\":\"georg.blenk@krafthand-medien.de\",\"@id\":\"https:\\\/\\\/www.krafthand.de\\\/truck\\\/#\\\/schema\\\/person\\\/51fa80b1c57034c4bf63f9f988fc24ce\"},\"headline\":\"Erweiterung des Produktportfolios &#8211; Diagnosel\u00f6sung von Jaltest\",\"datePublished\":\"2021-04-16T11:49:16+00:00\",\"dateModified\":\"2021-04-16T11:54:20+00:00\",\"mainEntityOfPage\":{\"@id\":\"https:\\\/\\\/www.krafthand.de\\\/truck\\\/artikel\\\/erweiterung-des-produktportfolios-diagnoseloesung-von-jaltest-27473\\\/\"},\"wordCount\":326,\"image\":{\"@id\":\"https:\\\/\\\/www.krafthand.de\\\/truck\\\/artikel\\\/erweiterung-des-produktportfolios-diagnoseloesung-von-jaltest-27473\\\/#primaryimage\"},\"thumbnailUrl\":\"https:\\\/\\\/static.krafthand-truck.de\\\/uploads\\\/2021\\\/04\\\/Jaltest-Diagnosekoffer.jpg\",\"keywords\":[\"Autotestger\u00e4te\",\"Diagnosetester\",\"Helmuth Ramp\",\"Jaltest\",\"Jos\u00e9 Manuel Guill\u00e9n\",\"Leitenberger\"],\"articleSection\":[\"Werkstattausr\u00fcstung\"],\"inLanguage\":\"de\"},{\"@type\":\"WebPage\",\"@id\":\"https:\\\/\\\/www.krafthand.de\\\/truck\\\/artikel\\\/erweiterung-des-produktportfolios-diagnoseloesung-von-jaltest-27473\\\/\",\"url\":\"https:\\\/\\\/www.krafthand.de\\\/truck\\\/artikel\\\/erweiterung-des-produktportfolios-diagnoseloesung-von-jaltest-27473\\\/\",\"name\":\"Erweiterung des Produktportfolios - Diagnosel\u00f6sung von Jaltest - Krafthand-Truck\",\"isPartOf\":{\"@id\":\"https:\\\/\\\/www.krafthand.de\\\/truck\\\/#website\"},\"primaryImageOfPage\":{\"@id\":\"https:\\\/\\\/www.krafthand.de\\\/truck\\\/artikel\\\/erweiterung-des-produktportfolios-diagnoseloesung-von-jaltest-27473\\\/#primaryimage\"},\"image\":{\"@id\":\"https:\\\/\\\/www.krafthand.de\\\/truck\\\/artikel\\\/erweiterung-des-produktportfolios-diagnoseloesung-von-jaltest-27473\\\/#primaryimage\"},\"thumbnailUrl\":\"https:\\\/\\\/static.krafthand-truck.de\\\/uploads\\\/2021\\\/04\\\/Jaltest-Diagnosekoffer.jpg\",\"datePublished\":\"2021-04-16T11:49:16+00:00\",\"dateModified\":\"2021-04-16T11:54:20+00:00\",\"author\":{\"@id\":\"https:\\\/\\\/www.krafthand.de\\\/truck\\\/#\\\/schema\\\/person\\\/51fa80b1c57034c4bf63f9f988fc24ce\"},\"breadcrumb\":{\"@id\":\"https:\\\/\\\/www.krafthand.de\\\/truck\\\/artikel\\\/erweiterung-des-produktportfolios-diagnoseloesung-von-jaltest-27473\\\/#breadcrumb\"},\"inLanguage\":\"de\",\"potentialAction\":[{\"@type\":\"ReadAction\",\"target\":[\"https:\\\/\\\/www.krafthand.de\\\/truck\\\/artikel\\\/erweiterung-des-produktportfolios-diagnoseloesung-von-jaltest-27473\\\/\"]}]},{\"@type\":\"ImageObject\",\"inLanguage\":\"de\",\"@id\":\"https:\\\/\\\/www.krafthand.de\\\/truck\\\/artikel\\\/erweiterung-des-produktportfolios-diagnoseloesung-von-jaltest-27473\\\/#primaryimage\",\"url\":\"https:\\\/\\\/static.krafthand-truck.de\\\/uploads\\\/2021\\\/04\\\/Jaltest-Diagnosekoffer.jpg\",\"contentUrl\":\"https:\\\/\\\/static.krafthand-truck.de\\\/uploads\\\/2021\\\/04\\\/Jaltest-Diagnosekoffer.jpg\",\"width\":1200,\"height\":800},{\"@type\":\"BreadcrumbList\",\"@id\":\"https:\\\/\\\/www.krafthand.de\\\/truck\\\/artikel\\\/erweiterung-des-produktportfolios-diagnoseloesung-von-jaltest-27473\\\/#breadcrumb\",\"itemListElement\":[{\"@type\":\"ListItem\",\"position\":1,\"name\":\"Krafthand-Truck\",\"item\":\"https:\\\/\\\/www.krafthand.de\\\/truck\\\/\"},{\"@type\":\"ListItem\",\"position\":2,\"name\":\"Nfz-Service\",\"item\":\"https:\\\/\\\/www.krafthand.de\\\/truck\\\/kategorie\\\/nfz-service\\\/\"},{\"@type\":\"ListItem\",\"position\":3,\"name\":\"Erweiterung des Produktportfolios &#8211; Diagnosel\u00f6sung von Jaltest\"}]},{\"@type\":\"WebSite\",\"@id\":\"https:\\\/\\\/www.krafthand.de\\\/truck\\\/#website\",\"url\":\"https:\\\/\\\/www.krafthand.de\\\/truck\\\/\",\"name\":\"Krafthand-Truck\",\"description\":\"\",\"potentialAction\":[{\"@type\":\"SearchAction\",\"target\":{\"@type\":\"EntryPoint\",\"urlTemplate\":\"https:\\\/\\\/www.krafthand.de\\\/truck\\\/?s={search_term_string}\"},\"query-input\":{\"@type\":\"PropertyValueSpecification\",\"valueRequired\":true,\"valueName\":\"search_term_string\"}}],\"inLanguage\":\"de\"},{\"@type\":\"Person\",\"@id\":\"https:\\\/\\\/www.krafthand.de\\\/truck\\\/#\\\/schema\\\/person\\\/51fa80b1c57034c4bf63f9f988fc24ce\",\"name\":\"georg.blenk@krafthand-medien.de\",\"image\":{\"@type\":\"ImageObject\",\"inLanguage\":\"de\",\"@id\":\"https:\\\/\\\/secure.gravatar.com\\\/avatar\\\/93713c30affe0aa95d3a4130e499bb1abee2eb31adbdd9ce2aa1543538490215?s=96&d=mm&r=g\",\"url\":\"https:\\\/\\\/secure.gravatar.com\\\/avatar\\\/93713c30affe0aa95d3a4130e499bb1abee2eb31adbdd9ce2aa1543538490215?s=96&d=mm&r=g\",\"contentUrl\":\"https:\\\/\\\/secure.gravatar.com\\\/avatar\\\/93713c30affe0aa95d3a4130e499bb1abee2eb31adbdd9ce2aa1543538490215?s=96&d=mm&r=g\",\"caption\":\"georg.blenk@krafthand-medien.de\"}}]}<\/script>\n<!-- \/ Yoast SEO plugin. -->","yoast_head_json":{"title":"Erweiterung des Produktportfolios - Diagnosel\u00f6sung von Jaltest - Krafthand-Truck","robots":{"index":"index","follow":"follow","max-snippet":"max-snippet:-1","max-image-preview":"max-image-preview:large","max-video-preview":"max-video-preview:-1"},"canonical":"https:\/\/www.krafthand.de\/truck\/artikel\/erweiterung-des-produktportfolios-diagnoseloesung-von-jaltest-27473\/","og_locale":"de_DE","og_type":"article","og_title":"Erweiterung des Produktportfolios - Diagnosel\u00f6sung von Jaltest - Krafthand-Truck","og_description":"Der schw\u00e4bische Hersteller von Pr\u00fcf- und Messger\u00e4ten sowie Produktl\u00f6sungen f\u00fcr den Werkstattbedarf, Autotestger\u00e4te Leitenberger, erweitert zum 01.05.2021 sein Produktportfolio um die Mehrmarken-Diagnose-L\u00f6sung Jaltest. ... weiter","og_url":"https:\/\/www.krafthand-truck.de\/artikel\/erweiterung-des-produktportfolios-diagnoseloesung-von-jaltest-27473\/","og_site_name":"Krafthand-Truck","article_published_time":"2021-04-16T11:49:16+00:00","article_modified_time":"2021-04-16T11:54:20+00:00","og_image":[{"width":1200,"height":800,"url":"https:\/\/www.krafthand.de\/truck\/wp-content\/uploads\/2021\/04\/Jaltest-Diagnosekoffer.jpg","type":"image\/jpeg"}],"author":"georg.blenk@krafthand-medien.de","twitter_card":"summary_large_image","twitter_misc":{"Verfasst von":"georg.blenk@krafthand-medien.de","Gesch\u00e4tzte Lesezeit":"2\u00a0Minuten"},"schema":{"@context":"https:\/\/schema.org","@graph":[{"@type":"Article","@id":"https:\/\/www.krafthand.de\/truck\/artikel\/erweiterung-des-produktportfolios-diagnoseloesung-von-jaltest-27473\/#article","isPartOf":{"@id":"https:\/\/www.krafthand.de\/truck\/artikel\/erweiterung-des-produktportfolios-diagnoseloesung-von-jaltest-27473\/"},"author":{"name":"georg.blenk@krafthand-medien.de","@id":"https:\/\/www.krafthand.de\/truck\/#\/schema\/person\/51fa80b1c57034c4bf63f9f988fc24ce"},"headline":"Erweiterung des Produktportfolios &#8211; Diagnosel\u00f6sung von Jaltest","datePublished":"2021-04-16T11:49:16+00:00","dateModified":"2021-04-16T11:54:20+00:00","mainEntityOfPage":{"@id":"https:\/\/www.krafthand.de\/truck\/artikel\/erweiterung-des-produktportfolios-diagnoseloesung-von-jaltest-27473\/"},"wordCount":326,"image":{"@id":"https:\/\/www.krafthand.de\/truck\/artikel\/erweiterung-des-produktportfolios-diagnoseloesung-von-jaltest-27473\/#primaryimage"},"thumbnailUrl":"https:\/\/static.krafthand-truck.de\/uploads\/2021\/04\/Jaltest-Diagnosekoffer.jpg","keywords":["Autotestger\u00e4te","Diagnosetester","Helmuth Ramp","Jaltest","Jos\u00e9 Manuel Guill\u00e9n","Leitenberger"],"articleSection":["Werkstattausr\u00fcstung"],"inLanguage":"de"},{"@type":"WebPage","@id":"https:\/\/www.krafthand.de\/truck\/artikel\/erweiterung-des-produktportfolios-diagnoseloesung-von-jaltest-27473\/","url":"https:\/\/www.krafthand.de\/truck\/artikel\/erweiterung-des-produktportfolios-diagnoseloesung-von-jaltest-27473\/","name":"Erweiterung des Produktportfolios - Diagnosel\u00f6sung von Jaltest - Krafthand-Truck","isPartOf":{"@id":"https:\/\/www.krafthand.de\/truck\/#website"},"primaryImageOfPage":{"@id":"https:\/\/www.krafthand.de\/truck\/artikel\/erweiterung-des-produktportfolios-diagnoseloesung-von-jaltest-27473\/#primaryimage"},"image":{"@id":"https:\/\/www.krafthand.de\/truck\/artikel\/erweiterung-des-produktportfolios-diagnoseloesung-von-jaltest-27473\/#primaryimage"},"thumbnailUrl":"https:\/\/static.krafthand-truck.de\/uploads\/2021\/04\/Jaltest-Diagnosekoffer.jpg","datePublished":"2021-04-16T11:49:16+00:00","dateModified":"2021-04-16T11:54:20+00:00","author":{"@id":"https:\/\/www.krafthand.de\/truck\/#\/schema\/person\/51fa80b1c57034c4bf63f9f988fc24ce"},"breadcrumb":{"@id":"https:\/\/www.krafthand.de\/truck\/artikel\/erweiterung-des-produktportfolios-diagnoseloesung-von-jaltest-27473\/#breadcrumb"},"inLanguage":"de","potentialAction":[{"@type":"ReadAction","target":["https:\/\/www.krafthand.de\/truck\/artikel\/erweiterung-des-produktportfolios-diagnoseloesung-von-jaltest-27473\/"]}]},{"@type":"ImageObject","inLanguage":"de","@id":"https:\/\/www.krafthand.de\/truck\/artikel\/erweiterung-des-produktportfolios-diagnoseloesung-von-jaltest-27473\/#primaryimage","url":"https:\/\/static.krafthand-truck.de\/uploads\/2021\/04\/Jaltest-Diagnosekoffer.jpg","contentUrl":"https:\/\/static.krafthand-truck.de\/uploads\/2021\/04\/Jaltest-Diagnosekoffer.jpg","width":1200,"height":800},{"@type":"BreadcrumbList","@id":"https:\/\/www.krafthand.de\/truck\/artikel\/erweiterung-des-produktportfolios-diagnoseloesung-von-jaltest-27473\/#breadcrumb","itemListElement":[{"@type":"ListItem","position":1,"name":"Krafthand-Truck","item":"https:\/\/www.krafthand.de\/truck\/"},{"@type":"ListItem","position":2,"name":"Nfz-Service","item":"https:\/\/www.krafthand.de\/truck\/kategorie\/nfz-service\/"},{"@type":"ListItem","position":3,"name":"Erweiterung des Produktportfolios &#8211; Diagnosel\u00f6sung von Jaltest"}]},{"@type":"WebSite","@id":"https:\/\/www.krafthand.de\/truck\/#website","url":"https:\/\/www.krafthand.de\/truck\/","name":"Krafthand-Truck","description":"","potentialAction":[{"@type":"SearchAction","target":{"@type":"EntryPoint","urlTemplate":"https:\/\/www.krafthand.de\/truck\/?s={search_term_string}"},"query-input":{"@type":"PropertyValueSpecification","valueRequired":true,"valueName":"search_term_string"}}],"inLanguage":"de"},{"@type":"Person","@id":"https:\/\/www.krafthand.de\/truck\/#\/schema\/person\/51fa80b1c57034c4bf63f9f988fc24ce","name":"georg.blenk@krafthand-medien.de","image":{"@type":"ImageObject","inLanguage":"de","@id":"https:\/\/secure.gravatar.com\/avatar\/93713c30affe0aa95d3a4130e499bb1abee2eb31adbdd9ce2aa1543538490215?s=96&d=mm&r=g","url":"https:\/\/secure.gravatar.com\/avatar\/93713c30affe0aa95d3a4130e499bb1abee2eb31adbdd9ce2aa1543538490215?s=96&d=mm&r=g","contentUrl":"https:\/\/secure.gravatar.com\/avatar\/93713c30affe0aa95d3a4130e499bb1abee2eb31adbdd9ce2aa1543538490215?s=96&d=mm&r=g","caption":"georg.blenk@krafthand-medien.de"}}]}},"_links":{"self":[{"href":"https:\/\/www.krafthand.de\/truck\/wp-json\/wp\/v2\/posts\/27473","targetHints":{"allow":["GET"]}}],"collection":[{"href":"https:\/\/www.krafthand.de\/truck\/wp-json\/wp\/v2\/posts"}],"about":[{"href":"https:\/\/www.krafthand.de\/truck\/wp-json\/wp\/v2\/types\/post"}],"author":[{"embeddable":true,"href":"https:\/\/www.krafthand.de\/truck\/wp-json\/wp\/v2\/users\/9"}],"replies":[{"embeddable":true,"href":"https:\/\/www.krafthand.de\/truck\/wp-json\/wp\/v2\/comments?post=27473"}],"version-history":[{"count":8,"href":"https:\/\/www.krafthand.de\/truck\/wp-json\/wp\/v2\/posts\/27473\/revisions"}],"predecessor-version":[{"id":27483,"href":"https:\/\/www.krafthand.de\/truck\/wp-json\/wp\/v2\/posts\/27473\/revisions\/27483"}],"wp:featuredmedia":[{"embeddable":true,"href":"https:\/\/www.krafthand.de\/truck\/wp-json\/wp\/v2\/media\/27477"}],"wp:attachment":[{"href":"https:\/\/www.krafthand.de\/truck\/wp-json\/wp\/v2\/media?parent=27473"}],"wp:term":[{"taxonomy":"category","embeddable":true,"href":"https:\/\/www.krafthand.de\/truck\/wp-json\/wp\/v2\/categories?post=27473"},{"taxonomy":"post_tag","embeddable":true,"href":"https:\/\/www.krafthand.de\/truck\/wp-json\/wp\/v2\/tags?post=27473"},{"taxonomy":"settings","embeddable":true,"href":"https:\/\/www.krafthand.de\/truck\/wp-json\/wp\/v2\/settings?post=27473"}],"curies":[{"name":"wp","href":"https:\/\/api.w.org\/{rel}","templated":true}]}}