{"id":27394,"date":"2021-04-13T15:47:56","date_gmt":"2021-04-13T13:47:56","guid":{"rendered":"https:\/\/www.krafthand.de\/truck\/?p=27394"},"modified":"2021-04-13T15:47:56","modified_gmt":"2021-04-13T13:47:56","slug":"gut-aufgestellt-das-werkstattkonzept-truckfit","status":"publish","type":"post","link":"https:\/\/www.krafthand.de\/truck\/artikel\/gut-aufgestellt-das-werkstattkonzept-truckfit-27394\/","title":{"rendered":"Gut aufgestellt &#8211; das Werkstattkonzept TRUCKFIT"},"content":{"rendered":"<p>Das Lkw-Service-Gesch\u00e4ft ist gepr\u00e4gt von Zeitdruck und schwer planbaren Einsatzzeiten. Fahrzeuge m\u00fcssen laufen, nur dann verdienen die Speditionen Geld. So geh\u00f6ren auch bei freien Lkw-Betrieben Arbeiten an Kundenfahrzeugen auch an Wochenenden zum Tagesgesch\u00e4ft. Schnelligkeit und Flexibilit\u00e4t sind gefragt. F\u00fcr den Nfz-Profi bleibt also nicht viel Zeit um sich beispielsweise um das Marketing zu k\u00fcmmern. Hinzu kommt die Teilelogistik, die Buchhaltung, das Angebots- und Auftragswesen, die F\u00fchrung und Qualifikation der Mitarbeiter, und, und, und. Ein Full-Service-Konzept wie TRUCKFIT bietet deshalb zahlreiche Vorteile, der Nfz-Profi kann sich auf sein Kerngesch\u00e4ft, die Wartung und Reparatur von Nutzfahrzeugen konzentrieren.<\/p>\n<h3>Einheitlicher Auftritt<\/h3>\n<figure id=\"attachment_27395\" aria-describedby=\"caption-attachment-27395\" style=\"width: 223px\" class=\"wp-caption alignleft\"><a href=\"https:\/\/www.krafthand.de\/truck\/wp-content\/uploads\/2021\/04\/Diana_Ruebsam_Truckfit_WM_SE.jpg\" target=\"_blank\" rel=\"noopener\"><img fetchpriority=\"high\" decoding=\"async\" class=\"wp-image-27395 size-medium\" src=\"https:\/\/www.krafthand.de\/truck\/wp-content\/uploads\/2021\/04\/Diana_Ruebsam_Truckfit_WM_SE-223x300.jpg\" alt=\"\" width=\"223\" height=\"300\" srcset=\"https:\/\/static.krafthand-truck.de\/uploads\/2021\/04\/Diana_Ruebsam_Truckfit_WM_SE-223x300.jpg 223w, https:\/\/static.krafthand-truck.de\/uploads\/2021\/04\/Diana_Ruebsam_Truckfit_WM_SE-762x1024.jpg 762w, https:\/\/static.krafthand-truck.de\/uploads\/2021\/04\/Diana_Ruebsam_Truckfit_WM_SE-768x1033.jpg 768w, https:\/\/static.krafthand-truck.de\/uploads\/2021\/04\/Diana_Ruebsam_Truckfit_WM_SE.jpg 900w\" sizes=\"(max-width: 223px) 100vw, 223px\" \/><\/a><figcaption id=\"caption-attachment-27395\" class=\"wp-caption-text\">Diana R\u00fcbsam<\/figcaption><\/figure>\n<p>\u201eWir unterst\u00fctzen unsere TRUCKFIT-Werkstattpartner in allen Fragen der Au\u00dfendarstellung\u201c, erkl\u00e4rt Diana R\u00fcbsam, Leitung Gesamtvertrieb Nkw beim Osnabr\u00fccker Teilegro\u00dfh\u00e4ndler Wessels M\u00fcller, der Systemgeber von TRUCKFIT ist. Der einheitliche Markenauftritt der rund 50 Truckfit-Partner in Deutschland beinhaltet beispielsweise die Au\u00dfen-Signalisation, das gesamte Werbematerial, die Arbeitskleidung, aber auch einen Webbaukasten f\u00fcr einen professionellen Internetauftritt.<\/p>\n<h3>Analyse, Organisation, Beratung<\/h3>\n<p>Um beim Lkw-Service richtig durchzustarten braucht es aber weit mehr als ein durchg\u00e4ngiges Erscheinungsbild. So geh\u00f6ren bei TRUCKFIT Systemleistungen wie die Werkstattanalyse, die Werkstatt-Planung und die Beratung in Sachen Werkstattausr\u00fcstung und Organisation dazu. Die hauseigene Software Repdoc unterst\u00fctzt die Systempartner bei der betrieblichen Organisation in Sachen Kundenverwaltung, Angebots-, Auftrags- und Forderungsmanagement. Diana R\u00fcbsam erg\u00e4nzt: \u201eHinzu kommen Zusatzdienstleistungen wie beispielsweise eine Mobilit\u00e4tsgarantie, entsprechende Versicherungen, eine Rechtsberatung bis hin zu Schulungen und Praxistrainingstagen.\u201c<\/p>\n<h3>Teilemanagement<\/h3>\n<p>\u201eNichts ist \u00e4rgerlicher als lange Standzeiten, aufgrund von fehlenden Ersatzteilen\u201c, wei\u00df R\u00fcbsam. Die <a href=\"https:\/\/www.wm.de\/de\/\" target=\"_blank\" rel=\"noopener\">WM SE<\/a> beliefert deshalb alle TRUCKFIT-Partner mehrmals t\u00e4glich mit Ersatzteilen, und dies auch an Samstagen. Der elektronische Teilekatalog WM-KAT-Nkw inklusive Trailer-\/Fahrwerk-Module er\u00f6ffnet den Zugriff auf die umfangreiche Produktpalette des Osnabr\u00fccker Kfz-Teilespezialisten und beinhaltet sowohl Original-Ersatzteile namhafter Hersteller als auch qualitativ hochwertige Alternativ-Produkte f\u00fcr die zeitwertgerechte Reparatur.<\/p>\n<h3>Technischer Support<\/h3>\n<p>Mitunter stehen auch ausgefuchste Lkw-Profis vor scheinbar unl\u00f6sbaren Problemen, die Lkw-Technik wird immer komplexer. Die WM SE unterst\u00fctzt die TRUCKFIT-Systempartner deshalb nicht nur mit technischen Daten, sondern auch mit einer Hotline f\u00fcr Herstellerdaten und Schaltpl\u00e4ne sowie mit einer Reparaturhotline.<\/p>\n<blockquote><p>\u201eTRUCKFIT beinhaltet zahlreiche Optionen. Unsere Systempartner haben die Wahl, f\u00fcr welche Dienstleistungen und Produkte sie sich entscheiden. Am Ende geht es uns um den Erfolg eines jeden einzelnen Unternehmers\u201c, so Diana R\u00fcbsam.<\/p><\/blockquote>\n<h3>Voraussetzungen<\/h3>\n<p>Um Partner bei TRUCKFIT zu werden, m\u00fcssen einige Voraussetzungen erf\u00fcllt sein. Es muss sich um einen inhabergef\u00fchrter Meisterbetrieb mit mindestens zwei Mitarbeitern handeln. Die Werkstattleistungen umfassen dabei den Lkw-Service (Bus- und Transporter optional), den Service an Anh\u00e4ngern, Aufliegern und Aufbauten. Dazu geh\u00f6rt die nat\u00fcrlich die Reparatur, Wartung und Instandsetzung von Lkw und Trailer, die Systemdiagnose, die Hauptuntersuchung, Sicherheits- und Tachopr\u00fcfung. Die Pr\u00fcfm\u00f6glichkeit f\u00fcr Fahrtenschreiber sowie Geschwindigkeitsbegrenzer kommt hinzu. \u201eDer Rundum-Service sowie die Kundenzufriedenheit stehen bei uns im Vordergrund. Daf\u00fcr steht die Marke TRUCKFIT\u201c, erg\u00e4nzt Diana R\u00fcbsam. Im \u00dcbrigen: Die Systemgeb\u00fchr gibt die WM SE mit 19,90 pro Monat an. Interessenten k\u00f6nnen weiterf\u00fchrende Informationen \u00fcber die eMail-Adresse <a href=\"mailto:konzepte@wm.de\" target=\"_blank\" rel=\"noopener\">konzepte@wm.de<\/a> erfragen.<\/p>\n<p><i>Den Beitrag finden Sie auch in der Print-Ausgabe 1-2\/2021 der <a href=\"https:\/\/www.krafthand.de\/truck\/magazin\/\" title=\"Zum Magazin\">Krafthand-Truck<\/a>.<\/i><\/p>\r\n\t\t\t\t<div class=\"post-author\">\r\n\t\t\t\t\t<div class=\"khm-cp-author clearfix\">\r\n\t\t\t\t\t\t<div class=\"khm-cp-author__content\">\r\n\t\t\t\t\t\t\t\tKontakt zum Autor:<br \/>\r\n\t\t\t\t\t\t\t\t<strong>Georg Blenk<\/strong>, 08247 \/ 3007-45 |  <a href=\"mailto:georg.blenk@krafthand-medien.de\">georg.blenk@krafthand-medien.de<\/a>\r\n\t\t\t\t\t\t\t<div class=\"khm-cp-author__image\">\r\n\t\t\t\t\t\t<img src=\"https:\/\/static.krafthand-truck.de\/uploads\/2021\/01\/Blenk_6104-250x300-1-removebg-preview.png\" class=\"img-responsive\">\r\n\t\t\t\t\t<\/div>\r\n\t\t\t\t\t\t<\/div>\r\n\t\t\t\t\t<\/div>\r\n\t\t\t\t<\/div>\r\n\t\t\t\t","protected":false},"excerpt":{"rendered":"<p>Ein Full-Service-Konzept wie TRUCKFIT bietet zahlreiche Vorteile, der Nfz-Profi kann sich auf sein Kerngesch\u00e4ft, die Wartung und Reparatur von Nutzfahrzeugen konzentrieren. <span class=\"excerpt-more__dots\">&#8230;<\/span> <a class=\"excerpt-more__link\" href=\"https:\/\/www.krafthand.de\/truck\/artikel\/gut-aufgestellt-das-werkstattkonzept-truckfit-27394\/\" >weiter<\/a><\/p>\n","protected":false},"author":9,"featured_media":27401,"comment_status":"closed","ping_status":"closed","sticky":false,"template":"","format":"standard","meta":{"footnotes":""},"categories":[4229,4235],"tags":[4342,522,4085,184,4084],"settings":[3524,3523],"class_list":["post-27394","post","type-post","status-publish","format-standard","has-post-thumbnail","hentry","category-nfz-teile-systeme","category-unternehmen","tag-diana-ruebsam","tag-teilehandel","tag-truckfit","tag-werkstattkonzept","tag-wm-se"],"yoast_head":"<!-- This site is optimized with the Yoast SEO plugin v27.3 - https:\/\/yoast.com\/product\/yoast-seo-wordpress\/ -->\n<title>Gut aufgestellt - das Werkstattkonzept TRUCKFIT - Krafthand-Truck<\/title>\n<meta name=\"robots\" content=\"index, follow, max-snippet:-1, max-image-preview:large, max-video-preview:-1\" \/>\n<link rel=\"canonical\" href=\"https:\/\/www.krafthand.de\/truck\/artikel\/gut-aufgestellt-das-werkstattkonzept-truckfit-27394\/\" \/>\n<meta property=\"og:locale\" content=\"de_DE\" \/>\n<meta property=\"og:type\" content=\"article\" \/>\n<meta property=\"og:title\" content=\"Gut aufgestellt - das Werkstattkonzept TRUCKFIT - Krafthand-Truck\" \/>\n<meta property=\"og:description\" content=\"Ein Full-Service-Konzept wie TRUCKFIT bietet zahlreiche Vorteile, der Nfz-Profi kann sich auf sein Kerngesch\u00e4ft, die Wartung und Reparatur von Nutzfahrzeugen konzentrieren. ... weiter\" \/>\n<meta property=\"og:url\" content=\"https:\/\/www.krafthand-truck.de\/artikel\/gut-aufgestellt-das-werkstattkonzept-truckfit-27394\/\" \/>\n<meta property=\"og:site_name\" content=\"Krafthand-Truck\" \/>\n<meta property=\"article:published_time\" content=\"2021-04-13T13:47:56+00:00\" \/>\n<meta property=\"og:image\" content=\"https:\/\/www.krafthand.de\/truck\/wp-content\/uploads\/2021\/04\/WM_SE_Truckfit_Krafthand_Truck_Gut_aufgestellt-1.jpg\" \/>\n\t<meta property=\"og:image:width\" content=\"1200\" \/>\n\t<meta property=\"og:image:height\" content=\"607\" \/>\n\t<meta property=\"og:image:type\" content=\"image\/jpeg\" \/>\n<meta name=\"author\" content=\"georg.blenk@krafthand-medien.de\" \/>\n<meta name=\"twitter:card\" content=\"summary_large_image\" \/>\n<meta name=\"twitter:label1\" content=\"Verfasst von\" \/>\n\t<meta name=\"twitter:data1\" content=\"georg.blenk@krafthand-medien.de\" \/>\n\t<meta name=\"twitter:label2\" content=\"Gesch\u00e4tzte Lesezeit\" \/>\n\t<meta name=\"twitter:data2\" content=\"3\u00a0Minuten\" \/>\n<script type=\"application\/ld+json\" class=\"yoast-schema-graph\">{\"@context\":\"https:\\\/\\\/schema.org\",\"@graph\":[{\"@type\":\"Article\",\"@id\":\"https:\\\/\\\/www.krafthand.de\\\/truck\\\/artikel\\\/gut-aufgestellt-das-werkstattkonzept-truckfit-27394\\\/#article\",\"isPartOf\":{\"@id\":\"https:\\\/\\\/www.krafthand.de\\\/truck\\\/artikel\\\/gut-aufgestellt-das-werkstattkonzept-truckfit-27394\\\/\"},\"author\":{\"name\":\"georg.blenk@krafthand-medien.de\",\"@id\":\"https:\\\/\\\/www.krafthand.de\\\/truck\\\/#\\\/schema\\\/person\\\/51fa80b1c57034c4bf63f9f988fc24ce\"},\"headline\":\"Gut aufgestellt &#8211; das Werkstattkonzept TRUCKFIT\",\"datePublished\":\"2021-04-13T13:47:56+00:00\",\"mainEntityOfPage\":{\"@id\":\"https:\\\/\\\/www.krafthand.de\\\/truck\\\/artikel\\\/gut-aufgestellt-das-werkstattkonzept-truckfit-27394\\\/\"},\"wordCount\":535,\"image\":{\"@id\":\"https:\\\/\\\/www.krafthand.de\\\/truck\\\/artikel\\\/gut-aufgestellt-das-werkstattkonzept-truckfit-27394\\\/#primaryimage\"},\"thumbnailUrl\":\"https:\\\/\\\/static.krafthand-truck.de\\\/uploads\\\/2021\\\/04\\\/WM_SE_Truckfit_Krafthand_Truck_Gut_aufgestellt-1.jpg\",\"keywords\":[\"Diana R\u00fcbsam\",\"Teilehandel\",\"Truckfit\",\"Werkstattkonzept\",\"WM SE\"],\"articleSection\":[\"Nfz-Teile\\\/Systeme\",\"Unternehmen\"],\"inLanguage\":\"de\"},{\"@type\":\"WebPage\",\"@id\":\"https:\\\/\\\/www.krafthand.de\\\/truck\\\/artikel\\\/gut-aufgestellt-das-werkstattkonzept-truckfit-27394\\\/\",\"url\":\"https:\\\/\\\/www.krafthand.de\\\/truck\\\/artikel\\\/gut-aufgestellt-das-werkstattkonzept-truckfit-27394\\\/\",\"name\":\"Gut aufgestellt - das Werkstattkonzept TRUCKFIT - Krafthand-Truck\",\"isPartOf\":{\"@id\":\"https:\\\/\\\/www.krafthand.de\\\/truck\\\/#website\"},\"primaryImageOfPage\":{\"@id\":\"https:\\\/\\\/www.krafthand.de\\\/truck\\\/artikel\\\/gut-aufgestellt-das-werkstattkonzept-truckfit-27394\\\/#primaryimage\"},\"image\":{\"@id\":\"https:\\\/\\\/www.krafthand.de\\\/truck\\\/artikel\\\/gut-aufgestellt-das-werkstattkonzept-truckfit-27394\\\/#primaryimage\"},\"thumbnailUrl\":\"https:\\\/\\\/static.krafthand-truck.de\\\/uploads\\\/2021\\\/04\\\/WM_SE_Truckfit_Krafthand_Truck_Gut_aufgestellt-1.jpg\",\"datePublished\":\"2021-04-13T13:47:56+00:00\",\"author\":{\"@id\":\"https:\\\/\\\/www.krafthand.de\\\/truck\\\/#\\\/schema\\\/person\\\/51fa80b1c57034c4bf63f9f988fc24ce\"},\"breadcrumb\":{\"@id\":\"https:\\\/\\\/www.krafthand.de\\\/truck\\\/artikel\\\/gut-aufgestellt-das-werkstattkonzept-truckfit-27394\\\/#breadcrumb\"},\"inLanguage\":\"de\",\"potentialAction\":[{\"@type\":\"ReadAction\",\"target\":[\"https:\\\/\\\/www.krafthand.de\\\/truck\\\/artikel\\\/gut-aufgestellt-das-werkstattkonzept-truckfit-27394\\\/\"]}]},{\"@type\":\"ImageObject\",\"inLanguage\":\"de\",\"@id\":\"https:\\\/\\\/www.krafthand.de\\\/truck\\\/artikel\\\/gut-aufgestellt-das-werkstattkonzept-truckfit-27394\\\/#primaryimage\",\"url\":\"https:\\\/\\\/static.krafthand-truck.de\\\/uploads\\\/2021\\\/04\\\/WM_SE_Truckfit_Krafthand_Truck_Gut_aufgestellt-1.jpg\",\"contentUrl\":\"https:\\\/\\\/static.krafthand-truck.de\\\/uploads\\\/2021\\\/04\\\/WM_SE_Truckfit_Krafthand_Truck_Gut_aufgestellt-1.jpg\",\"width\":1200,\"height\":607},{\"@type\":\"BreadcrumbList\",\"@id\":\"https:\\\/\\\/www.krafthand.de\\\/truck\\\/artikel\\\/gut-aufgestellt-das-werkstattkonzept-truckfit-27394\\\/#breadcrumb\",\"itemListElement\":[{\"@type\":\"ListItem\",\"position\":1,\"name\":\"Krafthand-Truck\",\"item\":\"https:\\\/\\\/www.krafthand.de\\\/truck\\\/\"},{\"@type\":\"ListItem\",\"position\":2,\"name\":\"Nfz-Branche\",\"item\":\"https:\\\/\\\/www.krafthand.de\\\/truck\\\/kategorie\\\/branche\\\/\"},{\"@type\":\"ListItem\",\"position\":3,\"name\":\"Unternehmen\",\"item\":\"https:\\\/\\\/www.krafthand.de\\\/truck\\\/kategorie\\\/branche\\\/unternehmen\\\/\"},{\"@type\":\"ListItem\",\"position\":4,\"name\":\"Gut aufgestellt &#8211; das Werkstattkonzept TRUCKFIT\"}]},{\"@type\":\"WebSite\",\"@id\":\"https:\\\/\\\/www.krafthand.de\\\/truck\\\/#website\",\"url\":\"https:\\\/\\\/www.krafthand.de\\\/truck\\\/\",\"name\":\"Krafthand-Truck\",\"description\":\"\",\"potentialAction\":[{\"@type\":\"SearchAction\",\"target\":{\"@type\":\"EntryPoint\",\"urlTemplate\":\"https:\\\/\\\/www.krafthand.de\\\/truck\\\/?s={search_term_string}\"},\"query-input\":{\"@type\":\"PropertyValueSpecification\",\"valueRequired\":true,\"valueName\":\"search_term_string\"}}],\"inLanguage\":\"de\"},{\"@type\":\"Person\",\"@id\":\"https:\\\/\\\/www.krafthand.de\\\/truck\\\/#\\\/schema\\\/person\\\/51fa80b1c57034c4bf63f9f988fc24ce\",\"name\":\"georg.blenk@krafthand-medien.de\",\"image\":{\"@type\":\"ImageObject\",\"inLanguage\":\"de\",\"@id\":\"https:\\\/\\\/secure.gravatar.com\\\/avatar\\\/93713c30affe0aa95d3a4130e499bb1abee2eb31adbdd9ce2aa1543538490215?s=96&d=mm&r=g\",\"url\":\"https:\\\/\\\/secure.gravatar.com\\\/avatar\\\/93713c30affe0aa95d3a4130e499bb1abee2eb31adbdd9ce2aa1543538490215?s=96&d=mm&r=g\",\"contentUrl\":\"https:\\\/\\\/secure.gravatar.com\\\/avatar\\\/93713c30affe0aa95d3a4130e499bb1abee2eb31adbdd9ce2aa1543538490215?s=96&d=mm&r=g\",\"caption\":\"georg.blenk@krafthand-medien.de\"}}]}<\/script>\n<!-- \/ Yoast SEO plugin. -->","yoast_head_json":{"title":"Gut aufgestellt - das Werkstattkonzept TRUCKFIT - Krafthand-Truck","robots":{"index":"index","follow":"follow","max-snippet":"max-snippet:-1","max-image-preview":"max-image-preview:large","max-video-preview":"max-video-preview:-1"},"canonical":"https:\/\/www.krafthand.de\/truck\/artikel\/gut-aufgestellt-das-werkstattkonzept-truckfit-27394\/","og_locale":"de_DE","og_type":"article","og_title":"Gut aufgestellt - das Werkstattkonzept TRUCKFIT - Krafthand-Truck","og_description":"Ein Full-Service-Konzept wie TRUCKFIT bietet zahlreiche Vorteile, der Nfz-Profi kann sich auf sein Kerngesch\u00e4ft, die Wartung und Reparatur von Nutzfahrzeugen konzentrieren. ... weiter","og_url":"https:\/\/www.krafthand-truck.de\/artikel\/gut-aufgestellt-das-werkstattkonzept-truckfit-27394\/","og_site_name":"Krafthand-Truck","article_published_time":"2021-04-13T13:47:56+00:00","og_image":[{"width":1200,"height":607,"url":"https:\/\/www.krafthand.de\/truck\/wp-content\/uploads\/2021\/04\/WM_SE_Truckfit_Krafthand_Truck_Gut_aufgestellt-1.jpg","type":"image\/jpeg"}],"author":"georg.blenk@krafthand-medien.de","twitter_card":"summary_large_image","twitter_misc":{"Verfasst von":"georg.blenk@krafthand-medien.de","Gesch\u00e4tzte Lesezeit":"3\u00a0Minuten"},"schema":{"@context":"https:\/\/schema.org","@graph":[{"@type":"Article","@id":"https:\/\/www.krafthand.de\/truck\/artikel\/gut-aufgestellt-das-werkstattkonzept-truckfit-27394\/#article","isPartOf":{"@id":"https:\/\/www.krafthand.de\/truck\/artikel\/gut-aufgestellt-das-werkstattkonzept-truckfit-27394\/"},"author":{"name":"georg.blenk@krafthand-medien.de","@id":"https:\/\/www.krafthand.de\/truck\/#\/schema\/person\/51fa80b1c57034c4bf63f9f988fc24ce"},"headline":"Gut aufgestellt &#8211; das Werkstattkonzept TRUCKFIT","datePublished":"2021-04-13T13:47:56+00:00","mainEntityOfPage":{"@id":"https:\/\/www.krafthand.de\/truck\/artikel\/gut-aufgestellt-das-werkstattkonzept-truckfit-27394\/"},"wordCount":535,"image":{"@id":"https:\/\/www.krafthand.de\/truck\/artikel\/gut-aufgestellt-das-werkstattkonzept-truckfit-27394\/#primaryimage"},"thumbnailUrl":"https:\/\/static.krafthand-truck.de\/uploads\/2021\/04\/WM_SE_Truckfit_Krafthand_Truck_Gut_aufgestellt-1.jpg","keywords":["Diana R\u00fcbsam","Teilehandel","Truckfit","Werkstattkonzept","WM SE"],"articleSection":["Nfz-Teile\/Systeme","Unternehmen"],"inLanguage":"de"},{"@type":"WebPage","@id":"https:\/\/www.krafthand.de\/truck\/artikel\/gut-aufgestellt-das-werkstattkonzept-truckfit-27394\/","url":"https:\/\/www.krafthand.de\/truck\/artikel\/gut-aufgestellt-das-werkstattkonzept-truckfit-27394\/","name":"Gut aufgestellt - das Werkstattkonzept TRUCKFIT - Krafthand-Truck","isPartOf":{"@id":"https:\/\/www.krafthand.de\/truck\/#website"},"primaryImageOfPage":{"@id":"https:\/\/www.krafthand.de\/truck\/artikel\/gut-aufgestellt-das-werkstattkonzept-truckfit-27394\/#primaryimage"},"image":{"@id":"https:\/\/www.krafthand.de\/truck\/artikel\/gut-aufgestellt-das-werkstattkonzept-truckfit-27394\/#primaryimage"},"thumbnailUrl":"https:\/\/static.krafthand-truck.de\/uploads\/2021\/04\/WM_SE_Truckfit_Krafthand_Truck_Gut_aufgestellt-1.jpg","datePublished":"2021-04-13T13:47:56+00:00","author":{"@id":"https:\/\/www.krafthand.de\/truck\/#\/schema\/person\/51fa80b1c57034c4bf63f9f988fc24ce"},"breadcrumb":{"@id":"https:\/\/www.krafthand.de\/truck\/artikel\/gut-aufgestellt-das-werkstattkonzept-truckfit-27394\/#breadcrumb"},"inLanguage":"de","potentialAction":[{"@type":"ReadAction","target":["https:\/\/www.krafthand.de\/truck\/artikel\/gut-aufgestellt-das-werkstattkonzept-truckfit-27394\/"]}]},{"@type":"ImageObject","inLanguage":"de","@id":"https:\/\/www.krafthand.de\/truck\/artikel\/gut-aufgestellt-das-werkstattkonzept-truckfit-27394\/#primaryimage","url":"https:\/\/static.krafthand-truck.de\/uploads\/2021\/04\/WM_SE_Truckfit_Krafthand_Truck_Gut_aufgestellt-1.jpg","contentUrl":"https:\/\/static.krafthand-truck.de\/uploads\/2021\/04\/WM_SE_Truckfit_Krafthand_Truck_Gut_aufgestellt-1.jpg","width":1200,"height":607},{"@type":"BreadcrumbList","@id":"https:\/\/www.krafthand.de\/truck\/artikel\/gut-aufgestellt-das-werkstattkonzept-truckfit-27394\/#breadcrumb","itemListElement":[{"@type":"ListItem","position":1,"name":"Krafthand-Truck","item":"https:\/\/www.krafthand.de\/truck\/"},{"@type":"ListItem","position":2,"name":"Nfz-Branche","item":"https:\/\/www.krafthand.de\/truck\/kategorie\/branche\/"},{"@type":"ListItem","position":3,"name":"Unternehmen","item":"https:\/\/www.krafthand.de\/truck\/kategorie\/branche\/unternehmen\/"},{"@type":"ListItem","position":4,"name":"Gut aufgestellt &#8211; das Werkstattkonzept TRUCKFIT"}]},{"@type":"WebSite","@id":"https:\/\/www.krafthand.de\/truck\/#website","url":"https:\/\/www.krafthand.de\/truck\/","name":"Krafthand-Truck","description":"","potentialAction":[{"@type":"SearchAction","target":{"@type":"EntryPoint","urlTemplate":"https:\/\/www.krafthand.de\/truck\/?s={search_term_string}"},"query-input":{"@type":"PropertyValueSpecification","valueRequired":true,"valueName":"search_term_string"}}],"inLanguage":"de"},{"@type":"Person","@id":"https:\/\/www.krafthand.de\/truck\/#\/schema\/person\/51fa80b1c57034c4bf63f9f988fc24ce","name":"georg.blenk@krafthand-medien.de","image":{"@type":"ImageObject","inLanguage":"de","@id":"https:\/\/secure.gravatar.com\/avatar\/93713c30affe0aa95d3a4130e499bb1abee2eb31adbdd9ce2aa1543538490215?s=96&d=mm&r=g","url":"https:\/\/secure.gravatar.com\/avatar\/93713c30affe0aa95d3a4130e499bb1abee2eb31adbdd9ce2aa1543538490215?s=96&d=mm&r=g","contentUrl":"https:\/\/secure.gravatar.com\/avatar\/93713c30affe0aa95d3a4130e499bb1abee2eb31adbdd9ce2aa1543538490215?s=96&d=mm&r=g","caption":"georg.blenk@krafthand-medien.de"}}]}},"_links":{"self":[{"href":"https:\/\/www.krafthand.de\/truck\/wp-json\/wp\/v2\/posts\/27394","targetHints":{"allow":["GET"]}}],"collection":[{"href":"https:\/\/www.krafthand.de\/truck\/wp-json\/wp\/v2\/posts"}],"about":[{"href":"https:\/\/www.krafthand.de\/truck\/wp-json\/wp\/v2\/types\/post"}],"author":[{"embeddable":true,"href":"https:\/\/www.krafthand.de\/truck\/wp-json\/wp\/v2\/users\/9"}],"replies":[{"embeddable":true,"href":"https:\/\/www.krafthand.de\/truck\/wp-json\/wp\/v2\/comments?post=27394"}],"version-history":[{"count":7,"href":"https:\/\/www.krafthand.de\/truck\/wp-json\/wp\/v2\/posts\/27394\/revisions"}],"predecessor-version":[{"id":27404,"href":"https:\/\/www.krafthand.de\/truck\/wp-json\/wp\/v2\/posts\/27394\/revisions\/27404"}],"wp:featuredmedia":[{"embeddable":true,"href":"https:\/\/www.krafthand.de\/truck\/wp-json\/wp\/v2\/media\/27401"}],"wp:attachment":[{"href":"https:\/\/www.krafthand.de\/truck\/wp-json\/wp\/v2\/media?parent=27394"}],"wp:term":[{"taxonomy":"category","embeddable":true,"href":"https:\/\/www.krafthand.de\/truck\/wp-json\/wp\/v2\/categories?post=27394"},{"taxonomy":"post_tag","embeddable":true,"href":"https:\/\/www.krafthand.de\/truck\/wp-json\/wp\/v2\/tags?post=27394"},{"taxonomy":"settings","embeddable":true,"href":"https:\/\/www.krafthand.de\/truck\/wp-json\/wp\/v2\/settings?post=27394"}],"curies":[{"name":"wp","href":"https:\/\/api.w.org\/{rel}","templated":true}]}}