{"id":27361,"date":"2021-04-13T12:34:12","date_gmt":"2021-04-13T10:34:12","guid":{"rendered":"https:\/\/www.krafthand.de\/truck\/?p=27361"},"modified":"2021-04-14T15:56:38","modified_gmt":"2021-04-14T13:56:38","slug":"wir-blicken-nach-vorne-im-gespraech-mit-spediteur-peter-goeschl","status":"publish","type":"post","link":"https:\/\/www.krafthand.de\/truck\/artikel\/wir-blicken-nach-vorne-im-gespraech-mit-spediteur-peter-goeschl-27361\/","title":{"rendered":"\u201eWir blicken nach vorne\u201c &#8211; Im Gespr\u00e4ch mit Spediteur Peter G\u00f6schl"},"content":{"rendered":"<p>Die <a href=\"https:\/\/www.spedition-goeschl.de\/\" target=\"_blank\" rel=\"noopener\">Spedition G\u00f6schl<\/a>, Internationale Transporte + Logistik GmbH, ist ein mittelst\u00e4ndisches Unternehmen, gef\u00fchrt in zweiter Generation. Die Haupterl\u00f6ss\u00e4ulen sind internationale Transporte, Spezialtransporte sowie Warehousing. Aktuell besch\u00e4ftigt Peter G\u00f6schl rund 60 Mitarbeiterinnen und Mitarbeiter, davon 12 B\u00fcroangestellte, vier Lkw-Mechatroniker (ein Meister + 3 Gesellen) und rund 40 Fahrer unterschiedlicher Nationalit\u00e4ten. Und hier l\u00e4ge auch ein grunds\u00e4tzliches Problem der Branche, so G\u00f6schl im Gespr\u00e4ch mit Krafthand-Truck. \u201eEs gestaltet sich zunehmend schwieriger verl\u00e4ssliche Fahrerinnen und Fahrer zu finden. Der Preisdruck ist enorm, es fehlt der Nachwuchs.\u201c Dies betrifft auch das Werkstattpersonal. \u201eErst k\u00fcrzlich hat uns ein altgedienter Meister, \u201ader Liebe wegen\u2018, verlassen. Zum Gl\u00fcck habe ich relativ schnell einen kompetenten Nachfolger gefunden, wir kannten uns bereits. Das ist l\u00e4ngst nicht selbstverst\u00e4ndlich\u201c, so G\u00f6schl. Hinzu k\u00e4me immer mehr b\u00fcrokratischer Aufwand. Die Unw\u00e4gbarkeiten im internationalen Transportwesen in Sachen Umweltauflagen und Corona-Pandemie t\u00e4ten ihr \u00dcbriges.<\/p>\n<h3>Hauseigene Nfz-Werkstatt<\/h3>\n<figure id=\"attachment_27366\" aria-describedby=\"caption-attachment-27366\" style=\"width: 300px\" class=\"wp-caption alignleft\"><a href=\"https:\/\/www.krafthand.de\/truck\/wp-content\/uploads\/2021\/04\/Taner_Kakici_Goeschl.jpg\" target=\"_blank\" rel=\"noopener\"><img fetchpriority=\"high\" decoding=\"async\" class=\"wp-image-27366 size-medium\" src=\"https:\/\/www.krafthand.de\/truck\/wp-content\/uploads\/2021\/04\/Taner_Kakici_Goeschl-300x191.jpg\" alt=\"\" width=\"300\" height=\"191\" srcset=\"https:\/\/static.krafthand-truck.de\/uploads\/2021\/04\/Taner_Kakici_Goeschl-300x191.jpg 300w, https:\/\/static.krafthand-truck.de\/uploads\/2021\/04\/Taner_Kakici_Goeschl-1024x650.jpg 1024w, https:\/\/static.krafthand-truck.de\/uploads\/2021\/04\/Taner_Kakici_Goeschl-768x488.jpg 768w, https:\/\/static.krafthand-truck.de\/uploads\/2021\/04\/Taner_Kakici_Goeschl.jpg 1200w\" sizes=\"(max-width: 300px) 100vw, 300px\" \/><\/a><figcaption id=\"caption-attachment-27366\" class=\"wp-caption-text\">Taner Kakici, ein waschechter Oberbayer mit t\u00fcrkischen Wurzeln, ist Werkstattmeister bei G\u00f6schl.<\/figcaption><\/figure>\n<p>G\u00f6schl verf\u00fcgt auf seinem Firmengel\u00e4nde im oberbayerischen Achenm\u00fchle, direkt an der A8, \u00fcber ausreichend Standfl\u00e4che. In der gro\u00dfz\u00fcgigen Halle, nebst umfangreicher Lagerfl\u00e4che, ist ein Service-Standplatz sowie eine Lkw-Waschanlage beheimatet, in der ebenfalls Servicearbeiten an Lkw und Trailer erledigt werden. \u201eWir machen einen Gro\u00dfteil der Wartungs- und Reparaturarbeiten selbst. Ausnahmen sind gr\u00f6\u00dfere Motor- und Getriebesch\u00e4den, umfangreiche Karosseriearbeiten oder Fahrzeuglackierungen. Auch Rahmensch\u00e4den und Vermessungsarbeiten gibt G\u00f6schl au\u00dfer Haus. Das Gros der Arbeiten bezieht sich auf die Bremsanlage, die Kupplung, die Aufh\u00e4ngung und Achsen, auf Betriebsmittel und Filter, den Austausch von Leitungen sowie den Reifen- und Klimaservice. Aber auch der Tausch von defekten Turboladern geh\u00f6re dazu, was bei den \u201ehochgez\u00fcchteten Motoren\u201c immer h\u00e4ufiger vorkomme. \u201eWir \u00fcberpr\u00fcfen deshalb auch immer die Peripherie, um einen erneuten Turboladerschaden zu vermeiden\u201c, erkl\u00e4rt Werkstattmeister Taner Kakici.<\/p>\n<p>Da die Standzeiten eine gro\u00dfe Rolle spielen, m\u00fcssen die Arbeiten rasch erledigt werden. G\u00f6schl wei\u00df aber auch, dass bei der Arbeit penibel aufs Detail geachtet werden muss. \u201eDie Arbeit am Lkw, in unserem Fall an Fahrzeugen von MAN und Mercedes, ist nie Routine. Zu schnell passieren Fehler, das Fahrzeug bleibt stehen oder es entstehen brenzliche und gef\u00e4hrliche Verkehrssituationen. Das darf nicht passieren.\u201c Im \u00dcbrigen: Da G\u00f6schl auch Leasingsr\u00fcckl\u00e4ufer aufkauft, m\u00fcssen die Fahrerkabinen von einer Fremdfirma umlackiert werden. Mitunter arbeitet er aber auch mit Leihfahrzeugen.<\/p>\n<blockquote><p>\u201eHaben wir es mit einem defekten Getriebe zutun, wird es bei uns ausgebaut und via St\u00fcckgut zu einer Spezialfirma nach K\u00f6ln geliefert. Mitunter k\u00f6nnen wir es bereits zwei Tage sp\u00e4ter, komplett \u00fcberholt, wieder einbauen\u201c, so Peter G\u00f6schl<\/p><\/blockquote>\n<h3>Praktische Erfahrung<\/h3>\n<figure id=\"attachment_27368\" aria-describedby=\"caption-attachment-27368\" style=\"width: 300px\" class=\"wp-caption alignleft\"><a href=\"https:\/\/www.krafthand.de\/truck\/wp-content\/uploads\/2021\/04\/Turbolader_Goeschl.jpg\" target=\"_blank\" rel=\"noopener\"><img decoding=\"async\" class=\"wp-image-27368 size-medium\" src=\"https:\/\/www.krafthand.de\/truck\/wp-content\/uploads\/2021\/04\/Turbolader_Goeschl-300x206.jpg\" alt=\"\" width=\"300\" height=\"206\" srcset=\"https:\/\/static.krafthand-truck.de\/uploads\/2021\/04\/Turbolader_Goeschl-300x206.jpg 300w, https:\/\/static.krafthand-truck.de\/uploads\/2021\/04\/Turbolader_Goeschl-1024x704.jpg 1024w, https:\/\/static.krafthand-truck.de\/uploads\/2021\/04\/Turbolader_Goeschl-768x528.jpg 768w, https:\/\/static.krafthand-truck.de\/uploads\/2021\/04\/Turbolader_Goeschl.jpg 1200w\" sizes=\"(max-width: 300px) 100vw, 300px\" \/><\/a><figcaption id=\"caption-attachment-27368\" class=\"wp-caption-text\">Der Austausch von defekten Turboladern geh\u00f6rt bei G\u00f6schl zum Standardprogramm.<\/figcaption><\/figure>\n<p>\u201eModerne, hochgez\u00fcchtete Motore, mit hohen Einspritzdr\u00fccken, laufen nicht mehr so lang\u201c, beschreibt Peter G\u00f6schl seine Erfahrungswerte aus der Praxis. \u201eArbeiten am Zylinderkopf erledigen wir noch selbst, geht es ins \u201aEingemachte\u2018, beispielsweise sind Kolben \u201adurchgebrannt\u2018, ist ein Tauschmotor die erste Wahl. Mitunter kommt dies bereits pr\u00e4ventiv infrage, wenn sich erste Anzeichen von Leistungsverlust einstellen. Je nach Motortyp und Einsatzbereich erzielen wir Laufleistungen zwischen 800.000 und 1.1 Millionen Kilometer. Mit einem Tauschmotor schaffen wir 500.000 Kilometer zus\u00e4tzlich.<br \/>\n\u201e\u00c4rgerlich ist, dass zunehmend Traileraufbauten besch\u00e4digt werden. Das Be- und Entladen muss beim Kunden schnell gehen, Lagerarbeiter in Trailerbahnh\u00f6fen geben weniger Acht. \u201eWir sind deshalb auch hier aufgestellt, halten entsprechende Profile und Spannratschen vor. Planen schwei\u00dfen wir ebenfalls selbst.\u201c<\/p>\n<h3>Digitale Helfer\/Nfz-Teile<\/h3>\n<figure id=\"attachment_27369\" aria-describedby=\"caption-attachment-27369\" style=\"width: 300px\" class=\"wp-caption alignright\"><a href=\"https:\/\/www.krafthand.de\/truck\/wp-content\/uploads\/2021\/04\/Lagerhaltung_Schnelldreher_Goeschl.jpg\" target=\"_blank\" rel=\"noopener\"><img decoding=\"async\" class=\"wp-image-27369 size-medium\" src=\"https:\/\/www.krafthand.de\/truck\/wp-content\/uploads\/2021\/04\/Lagerhaltung_Schnelldreher_Goeschl-300x203.jpg\" alt=\"\" width=\"300\" height=\"203\" srcset=\"https:\/\/static.krafthand-truck.de\/uploads\/2021\/04\/Lagerhaltung_Schnelldreher_Goeschl-300x203.jpg 300w, https:\/\/static.krafthand-truck.de\/uploads\/2021\/04\/Lagerhaltung_Schnelldreher_Goeschl-1024x691.jpg 1024w, https:\/\/static.krafthand-truck.de\/uploads\/2021\/04\/Lagerhaltung_Schnelldreher_Goeschl-768x518.jpg 768w, https:\/\/static.krafthand-truck.de\/uploads\/2021\/04\/Lagerhaltung_Schnelldreher_Goeschl.jpg 1200w\" sizes=\"(max-width: 300px) 100vw, 300px\" \/><\/a><figcaption id=\"caption-attachment-27369\" class=\"wp-caption-text\">G\u00e4ngige Verschlei\u00dfteile hat G\u00f6schl auf Lager.<\/figcaption><\/figure>\n<p>\u201eIm Werkstattalltag arbeiten wir mit der Software ESiTronic 2.0\u201c, erg\u00e4nzt Taner Kakici. Hier decken wir alle relevanten Lkw-Marken ab. \u00dcber unsere Telematik-Software Styletronic k\u00f6nnen wir Wartungsintervalle definieren und die Fahrzeuge in Echtzeit lokalisieren, die Routen einplanen. G\u00f6schl interessiert sich daf\u00fcr, die Service- und Einsatzplanung noch weiter zu digitalisieren. \u201eIm Moment arbeiten wir noch weitestgehend mit manuellen Eingaben. Man braucht aber auch die Mitarbeiter, die die Gesamtverwaltung umsetzen\u201c.<br \/>\nWas den Teilebezug angeht, setzt G\u00f6schl beispielsweise auf die WM SE und die Firma Winkler. \u201eWir werden nach Bestellung teilweise bereits eine Stunde sp\u00e4ter beliefert. Schnelldreher haben wir ehedem auf Lager. Samstag-Nachmittag, wenn die Werkstatt noch voll ausgelastet ist, wird es jedoch oft schwierig, berichtet G\u00f6schl. Im \u00dcbrigen greift er auch immer wieder auf Original-Ersatzteile zu, die Hersteller k\u00e4men immer wieder mit attraktiven Angeboten auf ihn zu. Ein Beispiel war k\u00fcrzlich ein NOx-Sensor, der beim Gro\u00dfhandel nicht lagernd war.<\/p>\n<h3>Gemischte Gef\u00fchle<\/h3>\n<figure id=\"attachment_27428\" aria-describedby=\"caption-attachment-27428\" style=\"width: 240px\" class=\"wp-caption alignleft\"><a href=\"https:\/\/www.krafthand.de\/truck\/wp-content\/uploads\/2021\/04\/Peter_Goeschl_Spedition_Goeschl_Achenmuehle.jpg\" target=\"_blank\" rel=\"noopener\"><img loading=\"lazy\" decoding=\"async\" class=\"wp-image-27428 size-medium\" src=\"https:\/\/www.krafthand.de\/truck\/wp-content\/uploads\/2021\/04\/Peter_Goeschl_Spedition_Goeschl_Achenmuehle-240x300.jpg\" alt=\"\" width=\"240\" height=\"300\" srcset=\"https:\/\/static.krafthand-truck.de\/uploads\/2021\/04\/Peter_Goeschl_Spedition_Goeschl_Achenmuehle-240x300.jpg 240w, https:\/\/static.krafthand-truck.de\/uploads\/2021\/04\/Peter_Goeschl_Spedition_Goeschl_Achenmuehle-768x961.jpg 768w, https:\/\/static.krafthand-truck.de\/uploads\/2021\/04\/Peter_Goeschl_Spedition_Goeschl_Achenmuehle.jpg 800w\" sizes=\"(max-width: 240px) 100vw, 240px\" \/><\/a><figcaption id=\"caption-attachment-27428\" class=\"wp-caption-text\">Peter G\u00f6schl<\/figcaption><\/figure>\n<p>\u201eDer tats\u00e4chliche Aufwand im Tagesbetrieb ist sehr hoch, die Unw\u00e4gbarkeiten nehmen zu\u201c, res\u00fcmiert Peter G\u00f6schl. Fr\u00fcher w\u00e4re die Planbarkeit einfacher gewesen, mit internationalen Fahrern k\u00e4me die Sprachbarriere hinzu. Da entst\u00fcnden schnell hohe Zusatzkosten, wie beispielsweise nicht eingeplante Geb\u00fchren, aufgrund ge\u00e4nderter Richtlinien in den jeweiligen L\u00e4ndern. \u201eInnerdeutsch und mit guten Fahrern hat man durchaus noch einen Wettbewerbsvorteil, letztendlich geht es aber um den Preis.\u201c Das Hauptproblem sei der Nachwuchsmangel, speziell auch mit steigenden technischen Anforderungen im Werkstattbereich. Hinzu k\u00e4me die Wochenendarbeit. \u201eBei uns ist jeden Samstag die Werkstatt voll besetzt. Fremdauftr\u00e4gen nehmen wir gar nicht mehr an.\u201c<br \/>\nG\u00f6schl bereite auch das Nachtfahrverbot f\u00fcr Euro-6-Lkw in Tirol Probleme, da zahlreiche Transport \u00fcber den Brenner\/Italien abgewickelt werden. \u201eDie Luftfracht Mailand-M\u00fcnchen k\u00f6nnen wir mit einem Euro-6-Fahrzeug nicht mehr bedienen. Die Flieger in die USA gingen zumindest vor Corona sp\u00e4testens um 10.00 Uhr raus\u201c. Der Hintergrund: Nur monovalente LNG-\/CNG-Trucks, beziehungsweise Hybridfahrzeuge oder E-Trucks sind vom Tiroler Nachfahrverbot nach IG-L ausgenommen.<\/p>\n<p>&nbsp;<\/p>\n<div class=\"infobox box-grey\"><\/p>\n<h3>Nachgehakt<\/h3>\n<p>Monovalente Fahrzeuge mit LNG- und\/oder CNG-Antrieb bieten aktuell die Hersteller Mercedes-Benz, Iveco und Scania an. Volvo hat ebenfalls LNG-Lkw im Programm. Sie gelten jedoch als Fahrzeuge mit bivalentem Antrieb und sind deshalb vom Nachtfahrverbot in Tirol betroffen. Der Umstand f\u00fchrt bei Volvo zu gro\u00dfem Unverst\u00e4ndnis. \u201eEine Regelung, die wir nicht nachvollziehen k\u00f6nnen, da die Volvo LNG-Lkw nur f\u00fcr den Z\u00fcndvorgang Diesel ben\u00f6tigen und eine sehr geringe Menge davon \u00fcberhaupt gebraucht wird\u201c, so ein Unternehmenssprecher. Eine deutliche CO<sub>2<\/sub>-Einsparung sei ebenfalls gegeben.<br \/>\n<\/div>\n<p>&nbsp;<\/p>\n<p>G\u00f6schl ist offen f\u00fcr alternative Antriebe. \u201eBiodiesel habe ich bef\u00fcrwortet, es gibt jedoch von staatlicher Seite keine F\u00f6rderung mehr. Auch die LNG-F\u00f6rderung l\u00e4uft aus.\u201c F\u00fcr mich k\u00e4men dennoch Fahrzeuge mit LNG-\/CNG-Antrieb in Frage, nicht nur aufgrund der momentan noch g\u00fcltigen Maut-Befreiung, auch wegen der g\u00fcnstigeren Kraftstoffkosten, am Ende der Umwelt wegen. Die Voraussetzung sei allerdings, dass er vertraglich abgesichert ist. Auch die Entwicklung bei den E-Trucks verfolgt G\u00f6schl mit Interesse, es m\u00fcsse jedoch das Preis-Leistungsverh\u00e4ltnis und die Reichweite stimmen. \u201eWir blicken nach vorne &#8211; mal sehen was noch alles kommt.\u201c<\/p>\n<p><i>Den Beitrag finden Sie auch in der Print-Ausgabe 1\/2-2021 der <a href=\"https:\/\/www.krafthand.de\/truck\/magazin\/\" title=\"Zum Magazin\">Krafthand-Truck<\/a>.<\/i><\/p>\r\n\t\t\t\t<div class=\"post-author\">\r\n\t\t\t\t\t<div class=\"khm-cp-author clearfix\">\r\n\t\t\t\t\t\t<div class=\"khm-cp-author__content\">\r\n\t\t\t\t\t\t\t\tKontakt zum Autor:<br \/>\r\n\t\t\t\t\t\t\t\t<strong>Georg Blenk<\/strong>, 08247 \/ 3007-45 |  <a href=\"mailto:georg.blenk@krafthand-medien.de\">georg.blenk@krafthand-medien.de<\/a>\r\n\t\t\t\t\t\t\t<div class=\"khm-cp-author__image\">\r\n\t\t\t\t\t\t<img src=\"https:\/\/static.krafthand-truck.de\/uploads\/2021\/01\/Blenk_6104-250x300-1-removebg-preview.png\" class=\"img-responsive\">\r\n\t\t\t\t\t<\/div>\r\n\t\t\t\t\t\t<\/div>\r\n\t\t\t\t\t<\/div>\r\n\t\t\t\t<\/div>\r\n\t\t\t\t","protected":false},"excerpt":{"rendered":"<p>Die Spedition G\u00f6schl, Internationale Transporte + Logistik GmbH, ist ein mittelst\u00e4ndisches Unternehmen, gef\u00fchrt in zweiter Generation. Die Haupterl\u00f6ss\u00e4ulen sind internationale Transporte, Spezialtransporte sowie Warehousing. Wir haben mit Peter G\u00f6schl \u00fcber die Herausforderungen der Branche gesprochen. <span class=\"excerpt-more__dots\">&#8230;<\/span> <a class=\"excerpt-more__link\" href=\"https:\/\/www.krafthand.de\/truck\/artikel\/wir-blicken-nach-vorne-im-gespraech-mit-spediteur-peter-goeschl-27361\/\" >weiter<\/a><\/p>\n","protected":false},"author":9,"featured_media":27382,"comment_status":"closed","ping_status":"closed","sticky":false,"template":"","format":"standard","meta":{"footnotes":""},"categories":[4235],"tags":[4335,4334,4337,4338,4336],"settings":[3524,3523],"class_list":["post-27361","post","type-post","status-publish","format-standard","has-post-thumbnail","hentry","category-unternehmen","tag-achenmuehle","tag-goeschl","tag-nachtfahrverbot","tag-nachwuchsmangel","tag-peter-goeschl"],"yoast_head":"<!-- This site is optimized with the Yoast SEO plugin v27.3 - https:\/\/yoast.com\/product\/yoast-seo-wordpress\/ -->\n<title>\u201eWir blicken nach vorne\u201c - Im Gespr\u00e4ch mit Spediteur Peter G\u00f6schl - Krafthand-Truck<\/title>\n<meta name=\"robots\" content=\"index, follow, max-snippet:-1, max-image-preview:large, max-video-preview:-1\" \/>\n<link rel=\"canonical\" href=\"https:\/\/www.krafthand.de\/truck\/artikel\/wir-blicken-nach-vorne-im-gespraech-mit-spediteur-peter-goeschl-27361\/\" \/>\n<meta property=\"og:locale\" content=\"de_DE\" \/>\n<meta property=\"og:type\" content=\"article\" \/>\n<meta property=\"og:title\" content=\"\u201eWir blicken nach vorne\u201c - Im Gespr\u00e4ch mit Spediteur Peter G\u00f6schl - Krafthand-Truck\" \/>\n<meta property=\"og:description\" content=\"Die Spedition G\u00f6schl, Internationale Transporte + Logistik GmbH, ist ein mittelst\u00e4ndisches Unternehmen, gef\u00fchrt in zweiter Generation. Die Haupterl\u00f6ss\u00e4ulen sind internationale Transporte, Spezialtransporte sowie Warehousing. Wir haben mit Peter G\u00f6schl \u00fcber die Herausforderungen der Branche gesprochen. ... weiter\" \/>\n<meta property=\"og:url\" content=\"https:\/\/www.krafthand-truck.de\/artikel\/wir-blicken-nach-vorne-im-gespraech-mit-spediteur-peter-goeschl-27361\/\" \/>\n<meta property=\"og:site_name\" content=\"Krafthand-Truck\" \/>\n<meta property=\"article:published_time\" content=\"2021-04-13T10:34:12+00:00\" \/>\n<meta property=\"article:modified_time\" content=\"2021-04-14T13:56:38+00:00\" \/>\n<meta property=\"og:image\" content=\"https:\/\/www.krafthand.de\/truck\/wp-content\/uploads\/2021\/04\/Aufmacher_Peter_Goeschl_2.jpg\" \/>\n\t<meta property=\"og:image:width\" content=\"1200\" \/>\n\t<meta property=\"og:image:height\" content=\"669\" \/>\n\t<meta property=\"og:image:type\" content=\"image\/jpeg\" \/>\n<meta name=\"author\" content=\"georg.blenk@krafthand-medien.de\" \/>\n<meta name=\"twitter:card\" content=\"summary_large_image\" \/>\n<meta name=\"twitter:label1\" content=\"Verfasst von\" \/>\n\t<meta name=\"twitter:data1\" content=\"georg.blenk@krafthand-medien.de\" \/>\n\t<meta name=\"twitter:label2\" content=\"Gesch\u00e4tzte Lesezeit\" \/>\n\t<meta name=\"twitter:data2\" content=\"6\u00a0Minuten\" \/>\n<script type=\"application\/ld+json\" class=\"yoast-schema-graph\">{\"@context\":\"https:\\\/\\\/schema.org\",\"@graph\":[{\"@type\":\"Article\",\"@id\":\"https:\\\/\\\/www.krafthand.de\\\/truck\\\/artikel\\\/wir-blicken-nach-vorne-im-gespraech-mit-spediteur-peter-goeschl-27361\\\/#article\",\"isPartOf\":{\"@id\":\"https:\\\/\\\/www.krafthand.de\\\/truck\\\/artikel\\\/wir-blicken-nach-vorne-im-gespraech-mit-spediteur-peter-goeschl-27361\\\/\"},\"author\":{\"name\":\"georg.blenk@krafthand-medien.de\",\"@id\":\"https:\\\/\\\/www.krafthand.de\\\/truck\\\/#\\\/schema\\\/person\\\/51fa80b1c57034c4bf63f9f988fc24ce\"},\"headline\":\"\u201eWir blicken nach vorne\u201c &#8211; Im Gespr\u00e4ch mit Spediteur Peter G\u00f6schl\",\"datePublished\":\"2021-04-13T10:34:12+00:00\",\"dateModified\":\"2021-04-14T13:56:38+00:00\",\"mainEntityOfPage\":{\"@id\":\"https:\\\/\\\/www.krafthand.de\\\/truck\\\/artikel\\\/wir-blicken-nach-vorne-im-gespraech-mit-spediteur-peter-goeschl-27361\\\/\"},\"wordCount\":1175,\"image\":{\"@id\":\"https:\\\/\\\/www.krafthand.de\\\/truck\\\/artikel\\\/wir-blicken-nach-vorne-im-gespraech-mit-spediteur-peter-goeschl-27361\\\/#primaryimage\"},\"thumbnailUrl\":\"https:\\\/\\\/static.krafthand-truck.de\\\/uploads\\\/2021\\\/04\\\/Aufmacher_Peter_Goeschl_2.jpg\",\"keywords\":[\"Achenm\u00fchle\",\"G\u00f6schl\",\"Nachtfahrverbot\",\"Nachwuchsmangel\",\"Peter G\u00f6schl\"],\"articleSection\":[\"Unternehmen\"],\"inLanguage\":\"de\"},{\"@type\":\"WebPage\",\"@id\":\"https:\\\/\\\/www.krafthand.de\\\/truck\\\/artikel\\\/wir-blicken-nach-vorne-im-gespraech-mit-spediteur-peter-goeschl-27361\\\/\",\"url\":\"https:\\\/\\\/www.krafthand.de\\\/truck\\\/artikel\\\/wir-blicken-nach-vorne-im-gespraech-mit-spediteur-peter-goeschl-27361\\\/\",\"name\":\"\u201eWir blicken nach vorne\u201c - Im Gespr\u00e4ch mit Spediteur Peter G\u00f6schl - Krafthand-Truck\",\"isPartOf\":{\"@id\":\"https:\\\/\\\/www.krafthand.de\\\/truck\\\/#website\"},\"primaryImageOfPage\":{\"@id\":\"https:\\\/\\\/www.krafthand.de\\\/truck\\\/artikel\\\/wir-blicken-nach-vorne-im-gespraech-mit-spediteur-peter-goeschl-27361\\\/#primaryimage\"},\"image\":{\"@id\":\"https:\\\/\\\/www.krafthand.de\\\/truck\\\/artikel\\\/wir-blicken-nach-vorne-im-gespraech-mit-spediteur-peter-goeschl-27361\\\/#primaryimage\"},\"thumbnailUrl\":\"https:\\\/\\\/static.krafthand-truck.de\\\/uploads\\\/2021\\\/04\\\/Aufmacher_Peter_Goeschl_2.jpg\",\"datePublished\":\"2021-04-13T10:34:12+00:00\",\"dateModified\":\"2021-04-14T13:56:38+00:00\",\"author\":{\"@id\":\"https:\\\/\\\/www.krafthand.de\\\/truck\\\/#\\\/schema\\\/person\\\/51fa80b1c57034c4bf63f9f988fc24ce\"},\"breadcrumb\":{\"@id\":\"https:\\\/\\\/www.krafthand.de\\\/truck\\\/artikel\\\/wir-blicken-nach-vorne-im-gespraech-mit-spediteur-peter-goeschl-27361\\\/#breadcrumb\"},\"inLanguage\":\"de\",\"potentialAction\":[{\"@type\":\"ReadAction\",\"target\":[\"https:\\\/\\\/www.krafthand.de\\\/truck\\\/artikel\\\/wir-blicken-nach-vorne-im-gespraech-mit-spediteur-peter-goeschl-27361\\\/\"]}]},{\"@type\":\"ImageObject\",\"inLanguage\":\"de\",\"@id\":\"https:\\\/\\\/www.krafthand.de\\\/truck\\\/artikel\\\/wir-blicken-nach-vorne-im-gespraech-mit-spediteur-peter-goeschl-27361\\\/#primaryimage\",\"url\":\"https:\\\/\\\/static.krafthand-truck.de\\\/uploads\\\/2021\\\/04\\\/Aufmacher_Peter_Goeschl_2.jpg\",\"contentUrl\":\"https:\\\/\\\/static.krafthand-truck.de\\\/uploads\\\/2021\\\/04\\\/Aufmacher_Peter_Goeschl_2.jpg\",\"width\":1200,\"height\":669},{\"@type\":\"BreadcrumbList\",\"@id\":\"https:\\\/\\\/www.krafthand.de\\\/truck\\\/artikel\\\/wir-blicken-nach-vorne-im-gespraech-mit-spediteur-peter-goeschl-27361\\\/#breadcrumb\",\"itemListElement\":[{\"@type\":\"ListItem\",\"position\":1,\"name\":\"Krafthand-Truck\",\"item\":\"https:\\\/\\\/www.krafthand.de\\\/truck\\\/\"},{\"@type\":\"ListItem\",\"position\":2,\"name\":\"Nfz-Branche\",\"item\":\"https:\\\/\\\/www.krafthand.de\\\/truck\\\/kategorie\\\/branche\\\/\"},{\"@type\":\"ListItem\",\"position\":3,\"name\":\"Unternehmen\",\"item\":\"https:\\\/\\\/www.krafthand.de\\\/truck\\\/kategorie\\\/branche\\\/unternehmen\\\/\"},{\"@type\":\"ListItem\",\"position\":4,\"name\":\"\u201eWir blicken nach vorne\u201c &#8211; Im Gespr\u00e4ch mit Spediteur Peter G\u00f6schl\"}]},{\"@type\":\"WebSite\",\"@id\":\"https:\\\/\\\/www.krafthand.de\\\/truck\\\/#website\",\"url\":\"https:\\\/\\\/www.krafthand.de\\\/truck\\\/\",\"name\":\"Krafthand-Truck\",\"description\":\"\",\"potentialAction\":[{\"@type\":\"SearchAction\",\"target\":{\"@type\":\"EntryPoint\",\"urlTemplate\":\"https:\\\/\\\/www.krafthand.de\\\/truck\\\/?s={search_term_string}\"},\"query-input\":{\"@type\":\"PropertyValueSpecification\",\"valueRequired\":true,\"valueName\":\"search_term_string\"}}],\"inLanguage\":\"de\"},{\"@type\":\"Person\",\"@id\":\"https:\\\/\\\/www.krafthand.de\\\/truck\\\/#\\\/schema\\\/person\\\/51fa80b1c57034c4bf63f9f988fc24ce\",\"name\":\"georg.blenk@krafthand-medien.de\",\"image\":{\"@type\":\"ImageObject\",\"inLanguage\":\"de\",\"@id\":\"https:\\\/\\\/secure.gravatar.com\\\/avatar\\\/93713c30affe0aa95d3a4130e499bb1abee2eb31adbdd9ce2aa1543538490215?s=96&d=mm&r=g\",\"url\":\"https:\\\/\\\/secure.gravatar.com\\\/avatar\\\/93713c30affe0aa95d3a4130e499bb1abee2eb31adbdd9ce2aa1543538490215?s=96&d=mm&r=g\",\"contentUrl\":\"https:\\\/\\\/secure.gravatar.com\\\/avatar\\\/93713c30affe0aa95d3a4130e499bb1abee2eb31adbdd9ce2aa1543538490215?s=96&d=mm&r=g\",\"caption\":\"georg.blenk@krafthand-medien.de\"}}]}<\/script>\n<!-- \/ Yoast SEO plugin. -->","yoast_head_json":{"title":"\u201eWir blicken nach vorne\u201c - Im Gespr\u00e4ch mit Spediteur Peter G\u00f6schl - Krafthand-Truck","robots":{"index":"index","follow":"follow","max-snippet":"max-snippet:-1","max-image-preview":"max-image-preview:large","max-video-preview":"max-video-preview:-1"},"canonical":"https:\/\/www.krafthand.de\/truck\/artikel\/wir-blicken-nach-vorne-im-gespraech-mit-spediteur-peter-goeschl-27361\/","og_locale":"de_DE","og_type":"article","og_title":"\u201eWir blicken nach vorne\u201c - Im Gespr\u00e4ch mit Spediteur Peter G\u00f6schl - Krafthand-Truck","og_description":"Die Spedition G\u00f6schl, Internationale Transporte + Logistik GmbH, ist ein mittelst\u00e4ndisches Unternehmen, gef\u00fchrt in zweiter Generation. Die Haupterl\u00f6ss\u00e4ulen sind internationale Transporte, Spezialtransporte sowie Warehousing. Wir haben mit Peter G\u00f6schl \u00fcber die Herausforderungen der Branche gesprochen. ... weiter","og_url":"https:\/\/www.krafthand-truck.de\/artikel\/wir-blicken-nach-vorne-im-gespraech-mit-spediteur-peter-goeschl-27361\/","og_site_name":"Krafthand-Truck","article_published_time":"2021-04-13T10:34:12+00:00","article_modified_time":"2021-04-14T13:56:38+00:00","og_image":[{"width":1200,"height":669,"url":"https:\/\/www.krafthand.de\/truck\/wp-content\/uploads\/2021\/04\/Aufmacher_Peter_Goeschl_2.jpg","type":"image\/jpeg"}],"author":"georg.blenk@krafthand-medien.de","twitter_card":"summary_large_image","twitter_misc":{"Verfasst von":"georg.blenk@krafthand-medien.de","Gesch\u00e4tzte Lesezeit":"6\u00a0Minuten"},"schema":{"@context":"https:\/\/schema.org","@graph":[{"@type":"Article","@id":"https:\/\/www.krafthand.de\/truck\/artikel\/wir-blicken-nach-vorne-im-gespraech-mit-spediteur-peter-goeschl-27361\/#article","isPartOf":{"@id":"https:\/\/www.krafthand.de\/truck\/artikel\/wir-blicken-nach-vorne-im-gespraech-mit-spediteur-peter-goeschl-27361\/"},"author":{"name":"georg.blenk@krafthand-medien.de","@id":"https:\/\/www.krafthand.de\/truck\/#\/schema\/person\/51fa80b1c57034c4bf63f9f988fc24ce"},"headline":"\u201eWir blicken nach vorne\u201c &#8211; Im Gespr\u00e4ch mit Spediteur Peter G\u00f6schl","datePublished":"2021-04-13T10:34:12+00:00","dateModified":"2021-04-14T13:56:38+00:00","mainEntityOfPage":{"@id":"https:\/\/www.krafthand.de\/truck\/artikel\/wir-blicken-nach-vorne-im-gespraech-mit-spediteur-peter-goeschl-27361\/"},"wordCount":1175,"image":{"@id":"https:\/\/www.krafthand.de\/truck\/artikel\/wir-blicken-nach-vorne-im-gespraech-mit-spediteur-peter-goeschl-27361\/#primaryimage"},"thumbnailUrl":"https:\/\/static.krafthand-truck.de\/uploads\/2021\/04\/Aufmacher_Peter_Goeschl_2.jpg","keywords":["Achenm\u00fchle","G\u00f6schl","Nachtfahrverbot","Nachwuchsmangel","Peter G\u00f6schl"],"articleSection":["Unternehmen"],"inLanguage":"de"},{"@type":"WebPage","@id":"https:\/\/www.krafthand.de\/truck\/artikel\/wir-blicken-nach-vorne-im-gespraech-mit-spediteur-peter-goeschl-27361\/","url":"https:\/\/www.krafthand.de\/truck\/artikel\/wir-blicken-nach-vorne-im-gespraech-mit-spediteur-peter-goeschl-27361\/","name":"\u201eWir blicken nach vorne\u201c - Im Gespr\u00e4ch mit Spediteur Peter G\u00f6schl - Krafthand-Truck","isPartOf":{"@id":"https:\/\/www.krafthand.de\/truck\/#website"},"primaryImageOfPage":{"@id":"https:\/\/www.krafthand.de\/truck\/artikel\/wir-blicken-nach-vorne-im-gespraech-mit-spediteur-peter-goeschl-27361\/#primaryimage"},"image":{"@id":"https:\/\/www.krafthand.de\/truck\/artikel\/wir-blicken-nach-vorne-im-gespraech-mit-spediteur-peter-goeschl-27361\/#primaryimage"},"thumbnailUrl":"https:\/\/static.krafthand-truck.de\/uploads\/2021\/04\/Aufmacher_Peter_Goeschl_2.jpg","datePublished":"2021-04-13T10:34:12+00:00","dateModified":"2021-04-14T13:56:38+00:00","author":{"@id":"https:\/\/www.krafthand.de\/truck\/#\/schema\/person\/51fa80b1c57034c4bf63f9f988fc24ce"},"breadcrumb":{"@id":"https:\/\/www.krafthand.de\/truck\/artikel\/wir-blicken-nach-vorne-im-gespraech-mit-spediteur-peter-goeschl-27361\/#breadcrumb"},"inLanguage":"de","potentialAction":[{"@type":"ReadAction","target":["https:\/\/www.krafthand.de\/truck\/artikel\/wir-blicken-nach-vorne-im-gespraech-mit-spediteur-peter-goeschl-27361\/"]}]},{"@type":"ImageObject","inLanguage":"de","@id":"https:\/\/www.krafthand.de\/truck\/artikel\/wir-blicken-nach-vorne-im-gespraech-mit-spediteur-peter-goeschl-27361\/#primaryimage","url":"https:\/\/static.krafthand-truck.de\/uploads\/2021\/04\/Aufmacher_Peter_Goeschl_2.jpg","contentUrl":"https:\/\/static.krafthand-truck.de\/uploads\/2021\/04\/Aufmacher_Peter_Goeschl_2.jpg","width":1200,"height":669},{"@type":"BreadcrumbList","@id":"https:\/\/www.krafthand.de\/truck\/artikel\/wir-blicken-nach-vorne-im-gespraech-mit-spediteur-peter-goeschl-27361\/#breadcrumb","itemListElement":[{"@type":"ListItem","position":1,"name":"Krafthand-Truck","item":"https:\/\/www.krafthand.de\/truck\/"},{"@type":"ListItem","position":2,"name":"Nfz-Branche","item":"https:\/\/www.krafthand.de\/truck\/kategorie\/branche\/"},{"@type":"ListItem","position":3,"name":"Unternehmen","item":"https:\/\/www.krafthand.de\/truck\/kategorie\/branche\/unternehmen\/"},{"@type":"ListItem","position":4,"name":"\u201eWir blicken nach vorne\u201c &#8211; Im Gespr\u00e4ch mit Spediteur Peter G\u00f6schl"}]},{"@type":"WebSite","@id":"https:\/\/www.krafthand.de\/truck\/#website","url":"https:\/\/www.krafthand.de\/truck\/","name":"Krafthand-Truck","description":"","potentialAction":[{"@type":"SearchAction","target":{"@type":"EntryPoint","urlTemplate":"https:\/\/www.krafthand.de\/truck\/?s={search_term_string}"},"query-input":{"@type":"PropertyValueSpecification","valueRequired":true,"valueName":"search_term_string"}}],"inLanguage":"de"},{"@type":"Person","@id":"https:\/\/www.krafthand.de\/truck\/#\/schema\/person\/51fa80b1c57034c4bf63f9f988fc24ce","name":"georg.blenk@krafthand-medien.de","image":{"@type":"ImageObject","inLanguage":"de","@id":"https:\/\/secure.gravatar.com\/avatar\/93713c30affe0aa95d3a4130e499bb1abee2eb31adbdd9ce2aa1543538490215?s=96&d=mm&r=g","url":"https:\/\/secure.gravatar.com\/avatar\/93713c30affe0aa95d3a4130e499bb1abee2eb31adbdd9ce2aa1543538490215?s=96&d=mm&r=g","contentUrl":"https:\/\/secure.gravatar.com\/avatar\/93713c30affe0aa95d3a4130e499bb1abee2eb31adbdd9ce2aa1543538490215?s=96&d=mm&r=g","caption":"georg.blenk@krafthand-medien.de"}}]}},"_links":{"self":[{"href":"https:\/\/www.krafthand.de\/truck\/wp-json\/wp\/v2\/posts\/27361","targetHints":{"allow":["GET"]}}],"collection":[{"href":"https:\/\/www.krafthand.de\/truck\/wp-json\/wp\/v2\/posts"}],"about":[{"href":"https:\/\/www.krafthand.de\/truck\/wp-json\/wp\/v2\/types\/post"}],"author":[{"embeddable":true,"href":"https:\/\/www.krafthand.de\/truck\/wp-json\/wp\/v2\/users\/9"}],"replies":[{"embeddable":true,"href":"https:\/\/www.krafthand.de\/truck\/wp-json\/wp\/v2\/comments?post=27361"}],"version-history":[{"count":17,"href":"https:\/\/www.krafthand.de\/truck\/wp-json\/wp\/v2\/posts\/27361\/revisions"}],"predecessor-version":[{"id":27429,"href":"https:\/\/www.krafthand.de\/truck\/wp-json\/wp\/v2\/posts\/27361\/revisions\/27429"}],"wp:featuredmedia":[{"embeddable":true,"href":"https:\/\/www.krafthand.de\/truck\/wp-json\/wp\/v2\/media\/27382"}],"wp:attachment":[{"href":"https:\/\/www.krafthand.de\/truck\/wp-json\/wp\/v2\/media?parent=27361"}],"wp:term":[{"taxonomy":"category","embeddable":true,"href":"https:\/\/www.krafthand.de\/truck\/wp-json\/wp\/v2\/categories?post=27361"},{"taxonomy":"post_tag","embeddable":true,"href":"https:\/\/www.krafthand.de\/truck\/wp-json\/wp\/v2\/tags?post=27361"},{"taxonomy":"settings","embeddable":true,"href":"https:\/\/www.krafthand.de\/truck\/wp-json\/wp\/v2\/settings?post=27361"}],"curies":[{"name":"wp","href":"https:\/\/api.w.org\/{rel}","templated":true}]}}