{"id":27270,"date":"2021-04-08T10:20:15","date_gmt":"2021-04-08T08:20:15","guid":{"rendered":"https:\/\/www.krafthand.de\/truck\/?p=27270"},"modified":"2021-11-26T15:36:17","modified_gmt":"2021-11-26T14:36:17","slug":"wasserstoff-statt-diesel-neues-pruefzentrum-in-stuttgart","status":"publish","type":"post","link":"https:\/\/www.krafthand.de\/truck\/artikel\/wasserstoff-statt-diesel-neues-pruefzentrum-in-stuttgart-27270\/","title":{"rendered":"Wasserstoff statt Diesel: Neues Pr\u00fcfzentrum in Stuttgart"},"content":{"rendered":"<p>Der Technologiekonzern MAHLE hat am Standort Stuttgart auf 1.400 Quadratmetern Fl\u00e4che ein neues Pr\u00fcfzentrum f\u00fcr Wasserstoff-Anwendungen in Betrieb genommen und daf\u00fcr zwei Millionen Euro investiert. Der weitere Ausbau ist geplant. An den Pr\u00fcfst\u00e4nden werden Komponenten f\u00fcr Brennstoffzellen und Motoren, die beinahe emissionsfrei mit Wasserstoff laufen, getestet, um wirtschaftliche und robuste Systeml\u00f6sungen f\u00fcr die Automobilindustrie zu entwickeln.<\/p>\n<blockquote><p>\u201eUnser neues Wasserstoffpr\u00fcfzentrum ist ein bedeutender Schritt und ein weiteres Beispiel f\u00fcr ein gelungenes Transformationsprojekt von MAHLE\u201c, sagt Dr. Martin Berger, Leiter Konzernforschung und -vorausentwicklung bei MAHLE. \u201eDenn bis vor Kurzem wurden hier noch ausschlie\u00dflich konventionelle Verbrennungsmotoren erprobt.\u201c<\/p><\/blockquote>\n<p>Schwerpunkt der Aktivit\u00e4ten des Pr\u00fcfzentrums, wo rund einhundert Mitarbeiter besch\u00e4ftigt sind, wird die Entwicklung von Antriebssystemen f\u00fcr <strong>schwere Nutzfahrzeuge<\/strong> sein. Um diese nachhaltig anzutreiben, ist aus <a href=\"https:\/\/www.mahle.com\/de\/research-and-development\/\" target=\"_blank\" rel=\"noopener\">MAHLE<\/a>-Sicht der Einsatz von Wasserstoff in Brennstoffzellen und Verbrennungsmotoren unumg\u00e4nglich. Denn Batterien, die genug Energie f\u00fcr den Langstreckentransport mit schweren Nutzfahrzeugen speichern k\u00f6nnen, sind in diesem Segment auch auf lange Sicht noch zu gro\u00df und zu schwer.<\/p>\n<p>Mit dem neuen Pr\u00fcfzentrum baut der Stuttgarter Automobilzulieferer seine Forschung und Entwicklung in diesem Bereich weiter aus. Auf politischer Ebene macht sich MAHLE als Mitglied des <a href=\"https:\/\/hydrogencouncil.com\/en\/\" target=\"_blank\" rel=\"noopener\">Hydrogen Council<\/a> f\u00fcr die F\u00f6rderung der Wasserstofftechnologie stark. Der Hydrogen Council ist eine weltweite Initiative f\u00fchrender Energie-, Transport- und Industrieunternehmen, die sich f\u00fcr Wasserstoff als wesentliches Element der globalen Defossilisierung der gesamten Wirtschaft einsetzt.<\/p>\n","protected":false},"excerpt":{"rendered":"<p>Der Technologiekonzern MAHLE hat am Standort Stuttgart auf 1.400 Quadratmetern Fl\u00e4che ein neues Pr\u00fcfzentrum f\u00fcr Wasserstoff-Anwendungen in Betrieb genommen und daf\u00fcr zwei Millionen Euro investiert. Schwerpunkt ist die Entwicklung von Antriebssystemen f\u00fcr schwere Nutzfahrzeuge. <span class=\"excerpt-more__dots\">&#8230;<\/span> <a class=\"excerpt-more__link\" href=\"https:\/\/www.krafthand.de\/truck\/artikel\/wasserstoff-statt-diesel-neues-pruefzentrum-in-stuttgart-27270\/\" >weiter<\/a><\/p>\n","protected":false},"author":9,"featured_media":27274,"comment_status":"closed","ping_status":"closed","sticky":false,"template":"","format":"standard","meta":{"footnotes":""},"categories":[4913,4224,4222],"tags":[4325,1401,4181],"settings":[],"class_list":["post-27270","post","type-post","status-publish","format-standard","has-post-thumbnail","hentry","category-alternative-kraftstoffe","category-e-antrieb","category-nfz-technik","tag-brennstofzelle","tag-mahle","tag-wasserstoff"],"yoast_head":"<!-- This site is optimized with the Yoast SEO plugin v27.3 - https:\/\/yoast.com\/product\/yoast-seo-wordpress\/ -->\n<title>Wasserstoff statt Diesel: Neues Pr\u00fcfzentrum in Stuttgart - Krafthand-Truck<\/title>\n<meta name=\"robots\" content=\"index, follow, max-snippet:-1, max-image-preview:large, max-video-preview:-1\" \/>\n<link rel=\"canonical\" href=\"https:\/\/www.krafthand.de\/truck\/artikel\/wasserstoff-statt-diesel-neues-pruefzentrum-in-stuttgart-27270\/\" \/>\n<meta property=\"og:locale\" content=\"de_DE\" \/>\n<meta property=\"og:type\" content=\"article\" \/>\n<meta property=\"og:title\" content=\"Wasserstoff statt Diesel: Neues Pr\u00fcfzentrum in Stuttgart - Krafthand-Truck\" \/>\n<meta property=\"og:description\" content=\"Der Technologiekonzern MAHLE hat am Standort Stuttgart auf 1.400 Quadratmetern Fl\u00e4che ein neues Pr\u00fcfzentrum f\u00fcr Wasserstoff-Anwendungen in Betrieb genommen und daf\u00fcr zwei Millionen Euro investiert. Schwerpunkt ist die Entwicklung von Antriebssystemen f\u00fcr schwere Nutzfahrzeuge. ... weiter\" \/>\n<meta property=\"og:url\" content=\"https:\/\/www.krafthand-truck.de\/artikel\/wasserstoff-statt-diesel-neues-pruefzentrum-in-stuttgart-27270\/\" \/>\n<meta property=\"og:site_name\" content=\"Krafthand-Truck\" \/>\n<meta property=\"article:published_time\" content=\"2021-04-08T08:20:15+00:00\" \/>\n<meta property=\"article:modified_time\" content=\"2021-11-26T14:36:17+00:00\" \/>\n<meta property=\"og:image\" content=\"https:\/\/www.krafthand.de\/truck\/wp-content\/uploads\/2021\/04\/20210322_mahle_wasserstoff_03.jpg\" \/>\n\t<meta property=\"og:image:width\" content=\"1200\" \/>\n\t<meta property=\"og:image:height\" content=\"800\" \/>\n\t<meta property=\"og:image:type\" content=\"image\/jpeg\" \/>\n<meta name=\"author\" content=\"georg.blenk@krafthand-medien.de\" \/>\n<meta name=\"twitter:card\" content=\"summary_large_image\" \/>\n<meta name=\"twitter:label1\" content=\"Verfasst von\" \/>\n\t<meta name=\"twitter:data1\" content=\"georg.blenk@krafthand-medien.de\" \/>\n\t<meta name=\"twitter:label2\" content=\"Gesch\u00e4tzte Lesezeit\" \/>\n\t<meta name=\"twitter:data2\" content=\"1\u00a0Minute\" \/>\n<script type=\"application\/ld+json\" class=\"yoast-schema-graph\">{\"@context\":\"https:\\\/\\\/schema.org\",\"@graph\":[{\"@type\":\"Article\",\"@id\":\"https:\\\/\\\/www.krafthand.de\\\/truck\\\/artikel\\\/wasserstoff-statt-diesel-neues-pruefzentrum-in-stuttgart-27270\\\/#article\",\"isPartOf\":{\"@id\":\"https:\\\/\\\/www.krafthand.de\\\/truck\\\/artikel\\\/wasserstoff-statt-diesel-neues-pruefzentrum-in-stuttgart-27270\\\/\"},\"author\":{\"name\":\"georg.blenk@krafthand-medien.de\",\"@id\":\"https:\\\/\\\/www.krafthand.de\\\/truck\\\/#\\\/schema\\\/person\\\/51fa80b1c57034c4bf63f9f988fc24ce\"},\"headline\":\"Wasserstoff statt Diesel: Neues Pr\u00fcfzentrum in Stuttgart\",\"datePublished\":\"2021-04-08T08:20:15+00:00\",\"dateModified\":\"2021-11-26T14:36:17+00:00\",\"mainEntityOfPage\":{\"@id\":\"https:\\\/\\\/www.krafthand.de\\\/truck\\\/artikel\\\/wasserstoff-statt-diesel-neues-pruefzentrum-in-stuttgart-27270\\\/\"},\"wordCount\":248,\"image\":{\"@id\":\"https:\\\/\\\/www.krafthand.de\\\/truck\\\/artikel\\\/wasserstoff-statt-diesel-neues-pruefzentrum-in-stuttgart-27270\\\/#primaryimage\"},\"thumbnailUrl\":\"https:\\\/\\\/static.krafthand-truck.de\\\/uploads\\\/2021\\\/04\\\/20210322_mahle_wasserstoff_03.jpg\",\"keywords\":[\"Brennstofzelle\",\"Mahle\",\"Wasserstoff\"],\"articleSection\":[\"Alternative Kraftstoffe\",\"E-Antrieb (BEV\\\/FCEV)\",\"Nfz-Technik\"],\"inLanguage\":\"de\"},{\"@type\":\"WebPage\",\"@id\":\"https:\\\/\\\/www.krafthand.de\\\/truck\\\/artikel\\\/wasserstoff-statt-diesel-neues-pruefzentrum-in-stuttgart-27270\\\/\",\"url\":\"https:\\\/\\\/www.krafthand.de\\\/truck\\\/artikel\\\/wasserstoff-statt-diesel-neues-pruefzentrum-in-stuttgart-27270\\\/\",\"name\":\"Wasserstoff statt Diesel: Neues Pr\u00fcfzentrum in Stuttgart - Krafthand-Truck\",\"isPartOf\":{\"@id\":\"https:\\\/\\\/www.krafthand.de\\\/truck\\\/#website\"},\"primaryImageOfPage\":{\"@id\":\"https:\\\/\\\/www.krafthand.de\\\/truck\\\/artikel\\\/wasserstoff-statt-diesel-neues-pruefzentrum-in-stuttgart-27270\\\/#primaryimage\"},\"image\":{\"@id\":\"https:\\\/\\\/www.krafthand.de\\\/truck\\\/artikel\\\/wasserstoff-statt-diesel-neues-pruefzentrum-in-stuttgart-27270\\\/#primaryimage\"},\"thumbnailUrl\":\"https:\\\/\\\/static.krafthand-truck.de\\\/uploads\\\/2021\\\/04\\\/20210322_mahle_wasserstoff_03.jpg\",\"datePublished\":\"2021-04-08T08:20:15+00:00\",\"dateModified\":\"2021-11-26T14:36:17+00:00\",\"author\":{\"@id\":\"https:\\\/\\\/www.krafthand.de\\\/truck\\\/#\\\/schema\\\/person\\\/51fa80b1c57034c4bf63f9f988fc24ce\"},\"breadcrumb\":{\"@id\":\"https:\\\/\\\/www.krafthand.de\\\/truck\\\/artikel\\\/wasserstoff-statt-diesel-neues-pruefzentrum-in-stuttgart-27270\\\/#breadcrumb\"},\"inLanguage\":\"de\",\"potentialAction\":[{\"@type\":\"ReadAction\",\"target\":[\"https:\\\/\\\/www.krafthand.de\\\/truck\\\/artikel\\\/wasserstoff-statt-diesel-neues-pruefzentrum-in-stuttgart-27270\\\/\"]}]},{\"@type\":\"ImageObject\",\"inLanguage\":\"de\",\"@id\":\"https:\\\/\\\/www.krafthand.de\\\/truck\\\/artikel\\\/wasserstoff-statt-diesel-neues-pruefzentrum-in-stuttgart-27270\\\/#primaryimage\",\"url\":\"https:\\\/\\\/static.krafthand-truck.de\\\/uploads\\\/2021\\\/04\\\/20210322_mahle_wasserstoff_03.jpg\",\"contentUrl\":\"https:\\\/\\\/static.krafthand-truck.de\\\/uploads\\\/2021\\\/04\\\/20210322_mahle_wasserstoff_03.jpg\",\"width\":1200,\"height\":800},{\"@type\":\"BreadcrumbList\",\"@id\":\"https:\\\/\\\/www.krafthand.de\\\/truck\\\/artikel\\\/wasserstoff-statt-diesel-neues-pruefzentrum-in-stuttgart-27270\\\/#breadcrumb\",\"itemListElement\":[{\"@type\":\"ListItem\",\"position\":1,\"name\":\"Krafthand-Truck\",\"item\":\"https:\\\/\\\/www.krafthand.de\\\/truck\\\/\"},{\"@type\":\"ListItem\",\"position\":2,\"name\":\"Nfz-Technik\",\"item\":\"https:\\\/\\\/www.krafthand.de\\\/truck\\\/kategorie\\\/nfz-technik\\\/\"},{\"@type\":\"ListItem\",\"position\":3,\"name\":\"E-Antrieb (BEV\\\/FCEV)\",\"item\":\"https:\\\/\\\/www.krafthand.de\\\/truck\\\/kategorie\\\/nfz-technik\\\/e-antrieb\\\/\"},{\"@type\":\"ListItem\",\"position\":4,\"name\":\"Wasserstoff statt Diesel: Neues Pr\u00fcfzentrum in Stuttgart\"}]},{\"@type\":\"WebSite\",\"@id\":\"https:\\\/\\\/www.krafthand.de\\\/truck\\\/#website\",\"url\":\"https:\\\/\\\/www.krafthand.de\\\/truck\\\/\",\"name\":\"Krafthand-Truck\",\"description\":\"\",\"potentialAction\":[{\"@type\":\"SearchAction\",\"target\":{\"@type\":\"EntryPoint\",\"urlTemplate\":\"https:\\\/\\\/www.krafthand.de\\\/truck\\\/?s={search_term_string}\"},\"query-input\":{\"@type\":\"PropertyValueSpecification\",\"valueRequired\":true,\"valueName\":\"search_term_string\"}}],\"inLanguage\":\"de\"},{\"@type\":\"Person\",\"@id\":\"https:\\\/\\\/www.krafthand.de\\\/truck\\\/#\\\/schema\\\/person\\\/51fa80b1c57034c4bf63f9f988fc24ce\",\"name\":\"georg.blenk@krafthand-medien.de\",\"image\":{\"@type\":\"ImageObject\",\"inLanguage\":\"de\",\"@id\":\"https:\\\/\\\/secure.gravatar.com\\\/avatar\\\/93713c30affe0aa95d3a4130e499bb1abee2eb31adbdd9ce2aa1543538490215?s=96&d=mm&r=g\",\"url\":\"https:\\\/\\\/secure.gravatar.com\\\/avatar\\\/93713c30affe0aa95d3a4130e499bb1abee2eb31adbdd9ce2aa1543538490215?s=96&d=mm&r=g\",\"contentUrl\":\"https:\\\/\\\/secure.gravatar.com\\\/avatar\\\/93713c30affe0aa95d3a4130e499bb1abee2eb31adbdd9ce2aa1543538490215?s=96&d=mm&r=g\",\"caption\":\"georg.blenk@krafthand-medien.de\"}}]}<\/script>\n<!-- \/ Yoast SEO plugin. -->","yoast_head_json":{"title":"Wasserstoff statt Diesel: Neues Pr\u00fcfzentrum in Stuttgart - Krafthand-Truck","robots":{"index":"index","follow":"follow","max-snippet":"max-snippet:-1","max-image-preview":"max-image-preview:large","max-video-preview":"max-video-preview:-1"},"canonical":"https:\/\/www.krafthand.de\/truck\/artikel\/wasserstoff-statt-diesel-neues-pruefzentrum-in-stuttgart-27270\/","og_locale":"de_DE","og_type":"article","og_title":"Wasserstoff statt Diesel: Neues Pr\u00fcfzentrum in Stuttgart - Krafthand-Truck","og_description":"Der Technologiekonzern MAHLE hat am Standort Stuttgart auf 1.400 Quadratmetern Fl\u00e4che ein neues Pr\u00fcfzentrum f\u00fcr Wasserstoff-Anwendungen in Betrieb genommen und daf\u00fcr zwei Millionen Euro investiert. Schwerpunkt ist die Entwicklung von Antriebssystemen f\u00fcr schwere Nutzfahrzeuge. ... weiter","og_url":"https:\/\/www.krafthand-truck.de\/artikel\/wasserstoff-statt-diesel-neues-pruefzentrum-in-stuttgart-27270\/","og_site_name":"Krafthand-Truck","article_published_time":"2021-04-08T08:20:15+00:00","article_modified_time":"2021-11-26T14:36:17+00:00","og_image":[{"width":1200,"height":800,"url":"https:\/\/www.krafthand.de\/truck\/wp-content\/uploads\/2021\/04\/20210322_mahle_wasserstoff_03.jpg","type":"image\/jpeg"}],"author":"georg.blenk@krafthand-medien.de","twitter_card":"summary_large_image","twitter_misc":{"Verfasst von":"georg.blenk@krafthand-medien.de","Gesch\u00e4tzte Lesezeit":"1\u00a0Minute"},"schema":{"@context":"https:\/\/schema.org","@graph":[{"@type":"Article","@id":"https:\/\/www.krafthand.de\/truck\/artikel\/wasserstoff-statt-diesel-neues-pruefzentrum-in-stuttgart-27270\/#article","isPartOf":{"@id":"https:\/\/www.krafthand.de\/truck\/artikel\/wasserstoff-statt-diesel-neues-pruefzentrum-in-stuttgart-27270\/"},"author":{"name":"georg.blenk@krafthand-medien.de","@id":"https:\/\/www.krafthand.de\/truck\/#\/schema\/person\/51fa80b1c57034c4bf63f9f988fc24ce"},"headline":"Wasserstoff statt Diesel: Neues Pr\u00fcfzentrum in Stuttgart","datePublished":"2021-04-08T08:20:15+00:00","dateModified":"2021-11-26T14:36:17+00:00","mainEntityOfPage":{"@id":"https:\/\/www.krafthand.de\/truck\/artikel\/wasserstoff-statt-diesel-neues-pruefzentrum-in-stuttgart-27270\/"},"wordCount":248,"image":{"@id":"https:\/\/www.krafthand.de\/truck\/artikel\/wasserstoff-statt-diesel-neues-pruefzentrum-in-stuttgart-27270\/#primaryimage"},"thumbnailUrl":"https:\/\/static.krafthand-truck.de\/uploads\/2021\/04\/20210322_mahle_wasserstoff_03.jpg","keywords":["Brennstofzelle","Mahle","Wasserstoff"],"articleSection":["Alternative Kraftstoffe","E-Antrieb (BEV\/FCEV)","Nfz-Technik"],"inLanguage":"de"},{"@type":"WebPage","@id":"https:\/\/www.krafthand.de\/truck\/artikel\/wasserstoff-statt-diesel-neues-pruefzentrum-in-stuttgart-27270\/","url":"https:\/\/www.krafthand.de\/truck\/artikel\/wasserstoff-statt-diesel-neues-pruefzentrum-in-stuttgart-27270\/","name":"Wasserstoff statt Diesel: Neues Pr\u00fcfzentrum in Stuttgart - Krafthand-Truck","isPartOf":{"@id":"https:\/\/www.krafthand.de\/truck\/#website"},"primaryImageOfPage":{"@id":"https:\/\/www.krafthand.de\/truck\/artikel\/wasserstoff-statt-diesel-neues-pruefzentrum-in-stuttgart-27270\/#primaryimage"},"image":{"@id":"https:\/\/www.krafthand.de\/truck\/artikel\/wasserstoff-statt-diesel-neues-pruefzentrum-in-stuttgart-27270\/#primaryimage"},"thumbnailUrl":"https:\/\/static.krafthand-truck.de\/uploads\/2021\/04\/20210322_mahle_wasserstoff_03.jpg","datePublished":"2021-04-08T08:20:15+00:00","dateModified":"2021-11-26T14:36:17+00:00","author":{"@id":"https:\/\/www.krafthand.de\/truck\/#\/schema\/person\/51fa80b1c57034c4bf63f9f988fc24ce"},"breadcrumb":{"@id":"https:\/\/www.krafthand.de\/truck\/artikel\/wasserstoff-statt-diesel-neues-pruefzentrum-in-stuttgart-27270\/#breadcrumb"},"inLanguage":"de","potentialAction":[{"@type":"ReadAction","target":["https:\/\/www.krafthand.de\/truck\/artikel\/wasserstoff-statt-diesel-neues-pruefzentrum-in-stuttgart-27270\/"]}]},{"@type":"ImageObject","inLanguage":"de","@id":"https:\/\/www.krafthand.de\/truck\/artikel\/wasserstoff-statt-diesel-neues-pruefzentrum-in-stuttgart-27270\/#primaryimage","url":"https:\/\/static.krafthand-truck.de\/uploads\/2021\/04\/20210322_mahle_wasserstoff_03.jpg","contentUrl":"https:\/\/static.krafthand-truck.de\/uploads\/2021\/04\/20210322_mahle_wasserstoff_03.jpg","width":1200,"height":800},{"@type":"BreadcrumbList","@id":"https:\/\/www.krafthand.de\/truck\/artikel\/wasserstoff-statt-diesel-neues-pruefzentrum-in-stuttgart-27270\/#breadcrumb","itemListElement":[{"@type":"ListItem","position":1,"name":"Krafthand-Truck","item":"https:\/\/www.krafthand.de\/truck\/"},{"@type":"ListItem","position":2,"name":"Nfz-Technik","item":"https:\/\/www.krafthand.de\/truck\/kategorie\/nfz-technik\/"},{"@type":"ListItem","position":3,"name":"E-Antrieb (BEV\/FCEV)","item":"https:\/\/www.krafthand.de\/truck\/kategorie\/nfz-technik\/e-antrieb\/"},{"@type":"ListItem","position":4,"name":"Wasserstoff statt Diesel: Neues Pr\u00fcfzentrum in Stuttgart"}]},{"@type":"WebSite","@id":"https:\/\/www.krafthand.de\/truck\/#website","url":"https:\/\/www.krafthand.de\/truck\/","name":"Krafthand-Truck","description":"","potentialAction":[{"@type":"SearchAction","target":{"@type":"EntryPoint","urlTemplate":"https:\/\/www.krafthand.de\/truck\/?s={search_term_string}"},"query-input":{"@type":"PropertyValueSpecification","valueRequired":true,"valueName":"search_term_string"}}],"inLanguage":"de"},{"@type":"Person","@id":"https:\/\/www.krafthand.de\/truck\/#\/schema\/person\/51fa80b1c57034c4bf63f9f988fc24ce","name":"georg.blenk@krafthand-medien.de","image":{"@type":"ImageObject","inLanguage":"de","@id":"https:\/\/secure.gravatar.com\/avatar\/93713c30affe0aa95d3a4130e499bb1abee2eb31adbdd9ce2aa1543538490215?s=96&d=mm&r=g","url":"https:\/\/secure.gravatar.com\/avatar\/93713c30affe0aa95d3a4130e499bb1abee2eb31adbdd9ce2aa1543538490215?s=96&d=mm&r=g","contentUrl":"https:\/\/secure.gravatar.com\/avatar\/93713c30affe0aa95d3a4130e499bb1abee2eb31adbdd9ce2aa1543538490215?s=96&d=mm&r=g","caption":"georg.blenk@krafthand-medien.de"}}]}},"_links":{"self":[{"href":"https:\/\/www.krafthand.de\/truck\/wp-json\/wp\/v2\/posts\/27270","targetHints":{"allow":["GET"]}}],"collection":[{"href":"https:\/\/www.krafthand.de\/truck\/wp-json\/wp\/v2\/posts"}],"about":[{"href":"https:\/\/www.krafthand.de\/truck\/wp-json\/wp\/v2\/types\/post"}],"author":[{"embeddable":true,"href":"https:\/\/www.krafthand.de\/truck\/wp-json\/wp\/v2\/users\/9"}],"replies":[{"embeddable":true,"href":"https:\/\/www.krafthand.de\/truck\/wp-json\/wp\/v2\/comments?post=27270"}],"version-history":[{"count":2,"href":"https:\/\/www.krafthand.de\/truck\/wp-json\/wp\/v2\/posts\/27270\/revisions"}],"predecessor-version":[{"id":27275,"href":"https:\/\/www.krafthand.de\/truck\/wp-json\/wp\/v2\/posts\/27270\/revisions\/27275"}],"wp:featuredmedia":[{"embeddable":true,"href":"https:\/\/www.krafthand.de\/truck\/wp-json\/wp\/v2\/media\/27274"}],"wp:attachment":[{"href":"https:\/\/www.krafthand.de\/truck\/wp-json\/wp\/v2\/media?parent=27270"}],"wp:term":[{"taxonomy":"category","embeddable":true,"href":"https:\/\/www.krafthand.de\/truck\/wp-json\/wp\/v2\/categories?post=27270"},{"taxonomy":"post_tag","embeddable":true,"href":"https:\/\/www.krafthand.de\/truck\/wp-json\/wp\/v2\/tags?post=27270"},{"taxonomy":"settings","embeddable":true,"href":"https:\/\/www.krafthand.de\/truck\/wp-json\/wp\/v2\/settings?post=27270"}],"curies":[{"name":"wp","href":"https:\/\/api.w.org\/{rel}","templated":true}]}}