{"id":27206,"date":"2021-04-06T12:19:16","date_gmt":"2021-04-06T10:19:16","guid":{"rendered":"https:\/\/www.krafthand.de\/truck\/?p=27206"},"modified":"2021-04-06T12:19:16","modified_gmt":"2021-04-06T10:19:16","slug":"maximilian-birle-neu-im-team","status":"publish","type":"post","link":"https:\/\/www.krafthand.de\/truck\/artikel\/maximilian-birle-neu-im-team-27206\/","title":{"rendered":"Maximilian Birle neu im Team"},"content":{"rendered":"<p>Zum 1. April hat Maximilian Birle im Fahrzeugwerk Krone die Leitung der Abteilung &#8218;Vertrieb &amp; Service Telematics und digitale Dienstleistungen&#8216; \u00fcbernommen. Der 36-J\u00e4hrige konnte laut Krone in den vergangenen zehn Jahren bereits zahlreiche Digitalisierungsprojekte bei einem weltweit f\u00fchrenden Investitionsg\u00fcterkonzern erfolgreich entwickeln und vertreiben.<\/p>\n<blockquote><p>&#8222;Ich freue mich sehr auf die neue Herausforderung in der Krone Nutzfahrzeug-Gruppe. Gerade in der Transportbranche gibt es vielf\u00e4ltige, spannende Aufgaben rund um Telematik und Digitalisierung; die gesamte Branche hat ein extrem hohes Digitalisierungspotential. Krone hat in diesem Segment bereits einige bemerkenswerte Meilensteine gesetzt und ist sowohl im Landtechnik-, als auch im Nutzfahrzeugbereich als besonders innovatives Unternehmen mit tollen, engagierten Teams bekannt&#8220;, so Birle.<\/p><\/blockquote>\n<p>Ralf Faust, Gesch\u00e4ftsf\u00fchrer Service &amp; Parts, sowie Dr. Stefan Binnewies, COO in der <a href=\"https:\/\/www.krone-trailer.com\/\" target=\"_blank\" rel=\"noopener\">Krone Holding<\/a>, begr\u00fc\u00dfen die Verst\u00e4rkung: &#8222;Um den Transport so effektiv wie m\u00f6glich zu gestalten, arbeiten wir intensiv an der Trailer-Digitalisierung, denn wir erleben eine kontinuierlich steigende Nachfrage unserer Kunden nach digitalen L\u00f6sungen wie zum Beispiel die Laderaumerkennung namens Krone Smart Capacity Management oder auch nach ETA-Vorhersagen. Mit Unterst\u00fctzung der exzellenten Expertise von Maximilian Birle k\u00f6nnen wir nun weitere digitale Projekte rund um unser Produktportfolio forcieren.&#8220;<\/p>\n<p>Maximilian Birle ist geb\u00fcrtiger Bayer, er lebt seit 2010 mit seiner Familie im Emsland. Birle ist unter folgenden Kontaktdaten erreichbar: Tel. (49) 05951 209174; E-Mail: maximilian.birle@krone.de<\/p>\n","protected":false},"excerpt":{"rendered":"<p>Maximilian Birle hat im Fahrzeugwerk Krone die Leitung der Abteilung &#8218;Vertrieb &#038; Service Telematics und digitale Dienstleistungen&#8216; \u00fcbernommen. Krone m\u00f6chte die Themen Telematics und digitale Dienstleistungen weiter forcieren. <span class=\"excerpt-more__dots\">&#8230;<\/span> <a class=\"excerpt-more__link\" href=\"https:\/\/www.krafthand.de\/truck\/artikel\/maximilian-birle-neu-im-team-27206\/\" >weiter<\/a><\/p>\n","protected":false},"author":9,"featured_media":27207,"comment_status":"closed","ping_status":"closed","sticky":false,"template":"","format":"standard","meta":{"footnotes":""},"categories":[4230,4238,4235],"tags":[3474,388,4315,4316,4317,475],"settings":[3523],"class_list":["post-27206","post","type-post","status-publish","format-standard","has-post-thumbnail","hentry","category-fuhrpark","category-koepfe","category-unternehmen","tag-it","tag-krone","tag-maximilian-birle","tag-ralf-faust","tag-stefan-binnewies","tag-telematik"],"yoast_head":"<!-- This site is optimized with the Yoast SEO plugin v27.3 - https:\/\/yoast.com\/product\/yoast-seo-wordpress\/ -->\n<title>Maximilian Birle neu im Team - Krafthand-Truck<\/title>\n<meta name=\"robots\" content=\"index, follow, max-snippet:-1, max-image-preview:large, max-video-preview:-1\" \/>\n<link rel=\"canonical\" href=\"https:\/\/www.krafthand.de\/truck\/artikel\/maximilian-birle-neu-im-team-27206\/\" \/>\n<meta property=\"og:locale\" content=\"de_DE\" \/>\n<meta property=\"og:type\" content=\"article\" \/>\n<meta property=\"og:title\" content=\"Maximilian Birle neu im Team - Krafthand-Truck\" \/>\n<meta property=\"og:description\" content=\"Maximilian Birle hat im Fahrzeugwerk Krone die Leitung der Abteilung &#039;Vertrieb &amp; Service Telematics und digitale Dienstleistungen&#039; \u00fcbernommen. Krone m\u00f6chte die Themen Telematics und digitale Dienstleistungen weiter forcieren. ... weiter\" \/>\n<meta property=\"og:url\" content=\"https:\/\/www.krafthand-truck.de\/artikel\/maximilian-birle-neu-im-team-27206\/\" \/>\n<meta property=\"og:site_name\" content=\"Krafthand-Truck\" \/>\n<meta property=\"article:published_time\" content=\"2021-04-06T10:19:16+00:00\" \/>\n<meta property=\"og:image\" content=\"https:\/\/www.krafthand.de\/truck\/wp-content\/uploads\/2021\/04\/Ralf-Faust-und-Maximilian-Birle_Krone.jpg\" \/>\n\t<meta property=\"og:image:width\" content=\"1200\" \/>\n\t<meta property=\"og:image:height\" content=\"834\" \/>\n\t<meta property=\"og:image:type\" content=\"image\/jpeg\" \/>\n<meta name=\"author\" content=\"georg.blenk@krafthand-medien.de\" \/>\n<meta name=\"twitter:card\" content=\"summary_large_image\" \/>\n<meta name=\"twitter:label1\" content=\"Verfasst von\" \/>\n\t<meta name=\"twitter:data1\" content=\"georg.blenk@krafthand-medien.de\" \/>\n\t<meta name=\"twitter:label2\" content=\"Gesch\u00e4tzte Lesezeit\" \/>\n\t<meta name=\"twitter:data2\" content=\"1\u00a0Minute\" \/>\n<script type=\"application\/ld+json\" class=\"yoast-schema-graph\">{\"@context\":\"https:\\\/\\\/schema.org\",\"@graph\":[{\"@type\":\"Article\",\"@id\":\"https:\\\/\\\/www.krafthand.de\\\/truck\\\/artikel\\\/maximilian-birle-neu-im-team-27206\\\/#article\",\"isPartOf\":{\"@id\":\"https:\\\/\\\/www.krafthand.de\\\/truck\\\/artikel\\\/maximilian-birle-neu-im-team-27206\\\/\"},\"author\":{\"name\":\"georg.blenk@krafthand-medien.de\",\"@id\":\"https:\\\/\\\/www.krafthand.de\\\/truck\\\/#\\\/schema\\\/person\\\/51fa80b1c57034c4bf63f9f988fc24ce\"},\"headline\":\"Maximilian Birle neu im Team\",\"datePublished\":\"2021-04-06T10:19:16+00:00\",\"mainEntityOfPage\":{\"@id\":\"https:\\\/\\\/www.krafthand.de\\\/truck\\\/artikel\\\/maximilian-birle-neu-im-team-27206\\\/\"},\"wordCount\":227,\"image\":{\"@id\":\"https:\\\/\\\/www.krafthand.de\\\/truck\\\/artikel\\\/maximilian-birle-neu-im-team-27206\\\/#primaryimage\"},\"thumbnailUrl\":\"https:\\\/\\\/static.krafthand-truck.de\\\/uploads\\\/2021\\\/04\\\/Ralf-Faust-und-Maximilian-Birle_Krone.jpg\",\"keywords\":[\"IT\",\"Krone\",\"Maximilian Birle\",\"Ralf Faust\",\"Stefan Binnewies\",\"Telematik\"],\"articleSection\":[\"IT+Fuhrpark\",\"K\u00f6pfe\\\/Personen\",\"Unternehmen\"],\"inLanguage\":\"de\"},{\"@type\":\"WebPage\",\"@id\":\"https:\\\/\\\/www.krafthand.de\\\/truck\\\/artikel\\\/maximilian-birle-neu-im-team-27206\\\/\",\"url\":\"https:\\\/\\\/www.krafthand.de\\\/truck\\\/artikel\\\/maximilian-birle-neu-im-team-27206\\\/\",\"name\":\"Maximilian Birle neu im Team - Krafthand-Truck\",\"isPartOf\":{\"@id\":\"https:\\\/\\\/www.krafthand.de\\\/truck\\\/#website\"},\"primaryImageOfPage\":{\"@id\":\"https:\\\/\\\/www.krafthand.de\\\/truck\\\/artikel\\\/maximilian-birle-neu-im-team-27206\\\/#primaryimage\"},\"image\":{\"@id\":\"https:\\\/\\\/www.krafthand.de\\\/truck\\\/artikel\\\/maximilian-birle-neu-im-team-27206\\\/#primaryimage\"},\"thumbnailUrl\":\"https:\\\/\\\/static.krafthand-truck.de\\\/uploads\\\/2021\\\/04\\\/Ralf-Faust-und-Maximilian-Birle_Krone.jpg\",\"datePublished\":\"2021-04-06T10:19:16+00:00\",\"author\":{\"@id\":\"https:\\\/\\\/www.krafthand.de\\\/truck\\\/#\\\/schema\\\/person\\\/51fa80b1c57034c4bf63f9f988fc24ce\"},\"breadcrumb\":{\"@id\":\"https:\\\/\\\/www.krafthand.de\\\/truck\\\/artikel\\\/maximilian-birle-neu-im-team-27206\\\/#breadcrumb\"},\"inLanguage\":\"de\",\"potentialAction\":[{\"@type\":\"ReadAction\",\"target\":[\"https:\\\/\\\/www.krafthand.de\\\/truck\\\/artikel\\\/maximilian-birle-neu-im-team-27206\\\/\"]}]},{\"@type\":\"ImageObject\",\"inLanguage\":\"de\",\"@id\":\"https:\\\/\\\/www.krafthand.de\\\/truck\\\/artikel\\\/maximilian-birle-neu-im-team-27206\\\/#primaryimage\",\"url\":\"https:\\\/\\\/static.krafthand-truck.de\\\/uploads\\\/2021\\\/04\\\/Ralf-Faust-und-Maximilian-Birle_Krone.jpg\",\"contentUrl\":\"https:\\\/\\\/static.krafthand-truck.de\\\/uploads\\\/2021\\\/04\\\/Ralf-Faust-und-Maximilian-Birle_Krone.jpg\",\"width\":1200,\"height\":834},{\"@type\":\"BreadcrumbList\",\"@id\":\"https:\\\/\\\/www.krafthand.de\\\/truck\\\/artikel\\\/maximilian-birle-neu-im-team-27206\\\/#breadcrumb\",\"itemListElement\":[{\"@type\":\"ListItem\",\"position\":1,\"name\":\"Krafthand-Truck\",\"item\":\"https:\\\/\\\/www.krafthand.de\\\/truck\\\/\"},{\"@type\":\"ListItem\",\"position\":2,\"name\":\"Nfz-Branche\",\"item\":\"https:\\\/\\\/www.krafthand.de\\\/truck\\\/kategorie\\\/branche\\\/\"},{\"@type\":\"ListItem\",\"position\":3,\"name\":\"K\u00f6pfe\\\/Personen\",\"item\":\"https:\\\/\\\/www.krafthand.de\\\/truck\\\/kategorie\\\/branche\\\/koepfe\\\/\"},{\"@type\":\"ListItem\",\"position\":4,\"name\":\"Maximilian Birle neu im Team\"}]},{\"@type\":\"WebSite\",\"@id\":\"https:\\\/\\\/www.krafthand.de\\\/truck\\\/#website\",\"url\":\"https:\\\/\\\/www.krafthand.de\\\/truck\\\/\",\"name\":\"Krafthand-Truck\",\"description\":\"\",\"potentialAction\":[{\"@type\":\"SearchAction\",\"target\":{\"@type\":\"EntryPoint\",\"urlTemplate\":\"https:\\\/\\\/www.krafthand.de\\\/truck\\\/?s={search_term_string}\"},\"query-input\":{\"@type\":\"PropertyValueSpecification\",\"valueRequired\":true,\"valueName\":\"search_term_string\"}}],\"inLanguage\":\"de\"},{\"@type\":\"Person\",\"@id\":\"https:\\\/\\\/www.krafthand.de\\\/truck\\\/#\\\/schema\\\/person\\\/51fa80b1c57034c4bf63f9f988fc24ce\",\"name\":\"georg.blenk@krafthand-medien.de\",\"image\":{\"@type\":\"ImageObject\",\"inLanguage\":\"de\",\"@id\":\"https:\\\/\\\/secure.gravatar.com\\\/avatar\\\/93713c30affe0aa95d3a4130e499bb1abee2eb31adbdd9ce2aa1543538490215?s=96&d=mm&r=g\",\"url\":\"https:\\\/\\\/secure.gravatar.com\\\/avatar\\\/93713c30affe0aa95d3a4130e499bb1abee2eb31adbdd9ce2aa1543538490215?s=96&d=mm&r=g\",\"contentUrl\":\"https:\\\/\\\/secure.gravatar.com\\\/avatar\\\/93713c30affe0aa95d3a4130e499bb1abee2eb31adbdd9ce2aa1543538490215?s=96&d=mm&r=g\",\"caption\":\"georg.blenk@krafthand-medien.de\"}}]}<\/script>\n<!-- \/ Yoast SEO plugin. -->","yoast_head_json":{"title":"Maximilian Birle neu im Team - Krafthand-Truck","robots":{"index":"index","follow":"follow","max-snippet":"max-snippet:-1","max-image-preview":"max-image-preview:large","max-video-preview":"max-video-preview:-1"},"canonical":"https:\/\/www.krafthand.de\/truck\/artikel\/maximilian-birle-neu-im-team-27206\/","og_locale":"de_DE","og_type":"article","og_title":"Maximilian Birle neu im Team - Krafthand-Truck","og_description":"Maximilian Birle hat im Fahrzeugwerk Krone die Leitung der Abteilung 'Vertrieb & Service Telematics und digitale Dienstleistungen' \u00fcbernommen. Krone m\u00f6chte die Themen Telematics und digitale Dienstleistungen weiter forcieren. ... weiter","og_url":"https:\/\/www.krafthand-truck.de\/artikel\/maximilian-birle-neu-im-team-27206\/","og_site_name":"Krafthand-Truck","article_published_time":"2021-04-06T10:19:16+00:00","og_image":[{"width":1200,"height":834,"url":"https:\/\/www.krafthand.de\/truck\/wp-content\/uploads\/2021\/04\/Ralf-Faust-und-Maximilian-Birle_Krone.jpg","type":"image\/jpeg"}],"author":"georg.blenk@krafthand-medien.de","twitter_card":"summary_large_image","twitter_misc":{"Verfasst von":"georg.blenk@krafthand-medien.de","Gesch\u00e4tzte Lesezeit":"1\u00a0Minute"},"schema":{"@context":"https:\/\/schema.org","@graph":[{"@type":"Article","@id":"https:\/\/www.krafthand.de\/truck\/artikel\/maximilian-birle-neu-im-team-27206\/#article","isPartOf":{"@id":"https:\/\/www.krafthand.de\/truck\/artikel\/maximilian-birle-neu-im-team-27206\/"},"author":{"name":"georg.blenk@krafthand-medien.de","@id":"https:\/\/www.krafthand.de\/truck\/#\/schema\/person\/51fa80b1c57034c4bf63f9f988fc24ce"},"headline":"Maximilian Birle neu im Team","datePublished":"2021-04-06T10:19:16+00:00","mainEntityOfPage":{"@id":"https:\/\/www.krafthand.de\/truck\/artikel\/maximilian-birle-neu-im-team-27206\/"},"wordCount":227,"image":{"@id":"https:\/\/www.krafthand.de\/truck\/artikel\/maximilian-birle-neu-im-team-27206\/#primaryimage"},"thumbnailUrl":"https:\/\/static.krafthand-truck.de\/uploads\/2021\/04\/Ralf-Faust-und-Maximilian-Birle_Krone.jpg","keywords":["IT","Krone","Maximilian Birle","Ralf Faust","Stefan Binnewies","Telematik"],"articleSection":["IT+Fuhrpark","K\u00f6pfe\/Personen","Unternehmen"],"inLanguage":"de"},{"@type":"WebPage","@id":"https:\/\/www.krafthand.de\/truck\/artikel\/maximilian-birle-neu-im-team-27206\/","url":"https:\/\/www.krafthand.de\/truck\/artikel\/maximilian-birle-neu-im-team-27206\/","name":"Maximilian Birle neu im Team - Krafthand-Truck","isPartOf":{"@id":"https:\/\/www.krafthand.de\/truck\/#website"},"primaryImageOfPage":{"@id":"https:\/\/www.krafthand.de\/truck\/artikel\/maximilian-birle-neu-im-team-27206\/#primaryimage"},"image":{"@id":"https:\/\/www.krafthand.de\/truck\/artikel\/maximilian-birle-neu-im-team-27206\/#primaryimage"},"thumbnailUrl":"https:\/\/static.krafthand-truck.de\/uploads\/2021\/04\/Ralf-Faust-und-Maximilian-Birle_Krone.jpg","datePublished":"2021-04-06T10:19:16+00:00","author":{"@id":"https:\/\/www.krafthand.de\/truck\/#\/schema\/person\/51fa80b1c57034c4bf63f9f988fc24ce"},"breadcrumb":{"@id":"https:\/\/www.krafthand.de\/truck\/artikel\/maximilian-birle-neu-im-team-27206\/#breadcrumb"},"inLanguage":"de","potentialAction":[{"@type":"ReadAction","target":["https:\/\/www.krafthand.de\/truck\/artikel\/maximilian-birle-neu-im-team-27206\/"]}]},{"@type":"ImageObject","inLanguage":"de","@id":"https:\/\/www.krafthand.de\/truck\/artikel\/maximilian-birle-neu-im-team-27206\/#primaryimage","url":"https:\/\/static.krafthand-truck.de\/uploads\/2021\/04\/Ralf-Faust-und-Maximilian-Birle_Krone.jpg","contentUrl":"https:\/\/static.krafthand-truck.de\/uploads\/2021\/04\/Ralf-Faust-und-Maximilian-Birle_Krone.jpg","width":1200,"height":834},{"@type":"BreadcrumbList","@id":"https:\/\/www.krafthand.de\/truck\/artikel\/maximilian-birle-neu-im-team-27206\/#breadcrumb","itemListElement":[{"@type":"ListItem","position":1,"name":"Krafthand-Truck","item":"https:\/\/www.krafthand.de\/truck\/"},{"@type":"ListItem","position":2,"name":"Nfz-Branche","item":"https:\/\/www.krafthand.de\/truck\/kategorie\/branche\/"},{"@type":"ListItem","position":3,"name":"K\u00f6pfe\/Personen","item":"https:\/\/www.krafthand.de\/truck\/kategorie\/branche\/koepfe\/"},{"@type":"ListItem","position":4,"name":"Maximilian Birle neu im Team"}]},{"@type":"WebSite","@id":"https:\/\/www.krafthand.de\/truck\/#website","url":"https:\/\/www.krafthand.de\/truck\/","name":"Krafthand-Truck","description":"","potentialAction":[{"@type":"SearchAction","target":{"@type":"EntryPoint","urlTemplate":"https:\/\/www.krafthand.de\/truck\/?s={search_term_string}"},"query-input":{"@type":"PropertyValueSpecification","valueRequired":true,"valueName":"search_term_string"}}],"inLanguage":"de"},{"@type":"Person","@id":"https:\/\/www.krafthand.de\/truck\/#\/schema\/person\/51fa80b1c57034c4bf63f9f988fc24ce","name":"georg.blenk@krafthand-medien.de","image":{"@type":"ImageObject","inLanguage":"de","@id":"https:\/\/secure.gravatar.com\/avatar\/93713c30affe0aa95d3a4130e499bb1abee2eb31adbdd9ce2aa1543538490215?s=96&d=mm&r=g","url":"https:\/\/secure.gravatar.com\/avatar\/93713c30affe0aa95d3a4130e499bb1abee2eb31adbdd9ce2aa1543538490215?s=96&d=mm&r=g","contentUrl":"https:\/\/secure.gravatar.com\/avatar\/93713c30affe0aa95d3a4130e499bb1abee2eb31adbdd9ce2aa1543538490215?s=96&d=mm&r=g","caption":"georg.blenk@krafthand-medien.de"}}]}},"_links":{"self":[{"href":"https:\/\/www.krafthand.de\/truck\/wp-json\/wp\/v2\/posts\/27206","targetHints":{"allow":["GET"]}}],"collection":[{"href":"https:\/\/www.krafthand.de\/truck\/wp-json\/wp\/v2\/posts"}],"about":[{"href":"https:\/\/www.krafthand.de\/truck\/wp-json\/wp\/v2\/types\/post"}],"author":[{"embeddable":true,"href":"https:\/\/www.krafthand.de\/truck\/wp-json\/wp\/v2\/users\/9"}],"replies":[{"embeddable":true,"href":"https:\/\/www.krafthand.de\/truck\/wp-json\/wp\/v2\/comments?post=27206"}],"version-history":[{"count":1,"href":"https:\/\/www.krafthand.de\/truck\/wp-json\/wp\/v2\/posts\/27206\/revisions"}],"predecessor-version":[{"id":27208,"href":"https:\/\/www.krafthand.de\/truck\/wp-json\/wp\/v2\/posts\/27206\/revisions\/27208"}],"wp:featuredmedia":[{"embeddable":true,"href":"https:\/\/www.krafthand.de\/truck\/wp-json\/wp\/v2\/media\/27207"}],"wp:attachment":[{"href":"https:\/\/www.krafthand.de\/truck\/wp-json\/wp\/v2\/media?parent=27206"}],"wp:term":[{"taxonomy":"category","embeddable":true,"href":"https:\/\/www.krafthand.de\/truck\/wp-json\/wp\/v2\/categories?post=27206"},{"taxonomy":"post_tag","embeddable":true,"href":"https:\/\/www.krafthand.de\/truck\/wp-json\/wp\/v2\/tags?post=27206"},{"taxonomy":"settings","embeddable":true,"href":"https:\/\/www.krafthand.de\/truck\/wp-json\/wp\/v2\/settings?post=27206"}],"curies":[{"name":"wp","href":"https:\/\/api.w.org\/{rel}","templated":true}]}}