{"id":27180,"date":"2021-04-01T15:56:43","date_gmt":"2021-04-01T13:56:43","guid":{"rendered":"https:\/\/www.krafthand.de\/truck\/?p=27180"},"modified":"2021-11-26T15:33:24","modified_gmt":"2021-11-26T14:33:24","slug":"erster-e-truck-bei-der-dpd-in-der-schweiz","status":"publish","type":"post","link":"https:\/\/www.krafthand.de\/truck\/artikel\/erster-e-truck-bei-der-dpd-in-der-schweiz-27180\/","title":{"rendered":"Erster E-Truck bei der DPD in der Schweiz"},"content":{"rendered":"<p>Der Paketdienstleister DPD Schweiz hat seit rund einem Monat den neuen, vollelektrischen Futuricum Logistics 18E im Einsatz. Das Fahrzeug stammt von der Schweizer Unternehmung Designwerk Products AG. Mithilfe des Elektroantriebs gestaltet sich der Verteilverkehr daher leise, emissionslos und effizient.<\/p>\n<p>Rund 72 Tonnen weniger CO2 werden laut Unternehmensangaben in Zukunft j\u00e4hrlich auf den Schweizer Strassen ausgestossen. Der Grund daf\u00fcr sei der E-Lkw <a href=\"https:\/\/www.futuricum.com\/\" target=\"_blank\" rel=\"noopener\">Futuricum<\/a> Logistics 18E, der Firma Designwerk Products AG. Das Fahrzeug hat anfangs M\u00e4rz das Werk in Winterthur in Richtung Depot der DPD Schweiz in M\u00f6hlin verlassen. Zum Vergleich; gem\u00e4ss dem Bundesamt f\u00fcr Umwelt entspricht das dem CO2-Fussabdruck von 13 Schweizern j\u00e4hrlich.<\/p>\n<p>Der Futuricum E-Truck ist demnach seit rund einem Monat bei DPD im Einsatz und legt t\u00e4glich die Strecke zwischen dem Depot und dem Verteilzentrum in Buchs ZH zur\u00fcck. Dabei werden keine lokalen Schadstoffemissionen ausgestossen. Dank des Einsatzes des Futuricum E-Lkw geh\u00f6rt der private Express- und Paketdienstleister zu einem der Ersten, welche den Futuricum Logistics 18E in der Verteillogistik einsetzt.<\/p>\n<blockquote><p>\u201cIch freue mich sehr, dass DPD Schweiz als eines der ersten Unternehmen diesen neuen\u00a0 Schweizer e-Lastwagen einsetzen kann\u201d, sagt Tilmann Schultze, CEO von DPD Schweiz.<\/p><\/blockquote>\n<h4>Fahrzeugtechnik aus Winterthur<\/h4>\n<p>Die Basis f\u00fcr das elektrifizierte DPD Fahrzeug bildet das Chassis der Baureihe FH von Volvo. Vier Elektromotoren sorgen f\u00fcr einen leistungsstarken Antrieb mit einer Gesamtleistung von 680 PS. Dank der R\u00fcckgewinnung der Bremsenergie mittels Rekuperation weist der E-Truck eine hohe Effizienz aus. \u00abDer DPD Truck verf\u00fcgt \u00fcber vier Batterien mit insgesamt 680 Kilowattstunden. Dabei handelt es sich um Europas gr\u00f6sste Lkw-Batterie, welche sich derzeit im Einsatz befindet.\u00bb, so der Designwerk Gesch\u00e4ftsf\u00fchrer Adrian Melliger. Mit diesem Set-Up lassen sich bei optimalen Bedingungen \u00fcber 700 km Reichweite erfahren. Zur\u00fcck im Depot bei DPD wird das Fahrzeug am Ende eines Arbeitstages im DPD Depot mit Schweizer \u00d6kostrom geladen.<\/p>\n<p>&nbsp;<\/p>\n<div class=\"infobox box-grey\"><br \/>\n<strong>Futuricum<\/strong><\/p>\n<p>Futuricum ist eine Nutzfahrzeugmarke der Firma Designwerk Products AG. Diese baut eigenen Angaben zufolge aktuell die Produktionskapazit\u00e4ten aus mit dem Ziel in naher Zukunft 200 vollelektrische Lastkraftwagen pro Jahr am Schweizer Firmenstandort in Winterthur herzustellen.Die Marke entspringt einem Leuchtturmprojekt, welches die Entwicklung und den Bau von wirtschaftlichen und \u00f6kologischen 26-Tonnen-E-LKW bezweckte. Die Kernkompetenzen der Unternehmung erlauben die Elektrifizierung verschiedenster Fahrzeugaufbauten sowie Umr\u00fcstungen. Damit bietet Futuricum individuelle L\u00f6sungen in den Bereichen der Recycling-Logistik, Verteillogistik, Intralogistik, Baulogistik, Landwirtschafts- und Forstlogistik sowie von anderen Transporten. Der Markenname Futuricum sei eine Hommage an die einstigen Z\u00fcrcher Fahrzeugbaupioniere von Turicum. Damit einher gehen ein Zukunftsversprechen und das Bekenntnis zum Schweizer Industriestandort. Davon zeugt auch die geschichtstr\u00e4chtige Produktionsst\u00e4tte auf dem ehemaligen Peter-Areal.<\/p>\n<p><\/div>\n\r\n\t\t\t\t<div class=\"post-author\">\r\n\t\t\t\t\t<div class=\"khm-cp-author clearfix\">\r\n\t\t\t\t\t\t<div class=\"khm-cp-author__content\">\r\n\t\t\t\t\t\t\t\tKontakt zum Autor:<br \/>\r\n\t\t\t\t\t\t\t\t<strong>Georg Blenk<\/strong>, 08247 \/ 3007-45 |  <a href=\"mailto:georg.blenk@krafthand-medien.de\">georg.blenk@krafthand-medien.de<\/a>\r\n\t\t\t\t\t\t\t<div class=\"khm-cp-author__image\">\r\n\t\t\t\t\t\t<img src=\"https:\/\/static.krafthand-truck.de\/uploads\/2021\/01\/Blenk_6104-250x300-1-removebg-preview.png\" class=\"img-responsive\">\r\n\t\t\t\t\t<\/div>\r\n\t\t\t\t\t\t<\/div>\r\n\t\t\t\t\t<\/div>\r\n\t\t\t\t<\/div>\r\n\t\t\t\t","protected":false},"excerpt":{"rendered":"<p>Der Paketdienstleister DPD Schweiz hat seit rund einem Monat den neuen, vollelektrischen Futuricum Logistics 18E im Einsatz. Das Fahrzeug stammt von der Schweizer Unternehmung Designwerk Products AG. <span class=\"excerpt-more__dots\">&#8230;<\/span> <a class=\"excerpt-more__link\" href=\"https:\/\/www.krafthand.de\/truck\/artikel\/erster-e-truck-bei-der-dpd-in-der-schweiz-27180\/\" >weiter<\/a><\/p>\n","protected":false},"author":9,"featured_media":27185,"comment_status":"closed","ping_status":"closed","sticky":false,"template":"","format":"standard","meta":{"footnotes":""},"categories":[4224,4915],"tags":[4310,4178,4309,4311],"settings":[3524,3523],"class_list":["post-27180","post","type-post","status-publish","format-standard","has-post-thumbnail","hentry","category-e-antrieb","category-neue-fahrzeuge","tag-designwerk-products","tag-e-truck","tag-futuricum","tag-tilman-schulze"],"yoast_head":"<!-- This site is optimized with the Yoast SEO plugin v27.3 - https:\/\/yoast.com\/product\/yoast-seo-wordpress\/ -->\n<title>Erster E-Truck bei der DPD in der Schweiz - Krafthand-Truck<\/title>\n<meta name=\"robots\" content=\"index, follow, max-snippet:-1, max-image-preview:large, max-video-preview:-1\" \/>\n<link rel=\"canonical\" href=\"https:\/\/www.krafthand.de\/truck\/artikel\/erster-e-truck-bei-der-dpd-in-der-schweiz-27180\/\" \/>\n<meta property=\"og:locale\" content=\"de_DE\" \/>\n<meta property=\"og:type\" content=\"article\" \/>\n<meta property=\"og:title\" content=\"Erster E-Truck bei der DPD in der Schweiz - Krafthand-Truck\" \/>\n<meta property=\"og:description\" content=\"Der Paketdienstleister DPD Schweiz hat seit rund einem Monat den neuen, vollelektrischen Futuricum Logistics 18E im Einsatz. Das Fahrzeug stammt von der Schweizer Unternehmung Designwerk Products AG. ... weiter\" \/>\n<meta property=\"og:url\" content=\"https:\/\/www.krafthand-truck.de\/artikel\/erster-e-truck-bei-der-dpd-in-der-schweiz-27180\/\" \/>\n<meta property=\"og:site_name\" content=\"Krafthand-Truck\" \/>\n<meta property=\"article:published_time\" content=\"2021-04-01T13:56:43+00:00\" \/>\n<meta property=\"article:modified_time\" content=\"2021-11-26T14:33:24+00:00\" \/>\n<meta property=\"og:image\" content=\"https:\/\/www.krafthand.de\/truck\/wp-content\/uploads\/2021\/04\/DPD_Uebergabe_Futuricum_Logistics_18E_1.jpg\" \/>\n\t<meta property=\"og:image:width\" content=\"1200\" \/>\n\t<meta property=\"og:image:height\" content=\"750\" \/>\n\t<meta property=\"og:image:type\" content=\"image\/jpeg\" \/>\n<meta name=\"author\" content=\"georg.blenk@krafthand-medien.de\" \/>\n<meta name=\"twitter:card\" content=\"summary_large_image\" \/>\n<meta name=\"twitter:label1\" content=\"Verfasst von\" \/>\n\t<meta name=\"twitter:data1\" content=\"georg.blenk@krafthand-medien.de\" \/>\n\t<meta name=\"twitter:label2\" content=\"Gesch\u00e4tzte Lesezeit\" \/>\n\t<meta name=\"twitter:data2\" content=\"2\u00a0Minuten\" \/>\n<script type=\"application\/ld+json\" class=\"yoast-schema-graph\">{\"@context\":\"https:\\\/\\\/schema.org\",\"@graph\":[{\"@type\":\"Article\",\"@id\":\"https:\\\/\\\/www.krafthand.de\\\/truck\\\/artikel\\\/erster-e-truck-bei-der-dpd-in-der-schweiz-27180\\\/#article\",\"isPartOf\":{\"@id\":\"https:\\\/\\\/www.krafthand.de\\\/truck\\\/artikel\\\/erster-e-truck-bei-der-dpd-in-der-schweiz-27180\\\/\"},\"author\":{\"name\":\"georg.blenk@krafthand-medien.de\",\"@id\":\"https:\\\/\\\/www.krafthand.de\\\/truck\\\/#\\\/schema\\\/person\\\/51fa80b1c57034c4bf63f9f988fc24ce\"},\"headline\":\"Erster E-Truck bei der DPD in der Schweiz\",\"datePublished\":\"2021-04-01T13:56:43+00:00\",\"dateModified\":\"2021-11-26T14:33:24+00:00\",\"mainEntityOfPage\":{\"@id\":\"https:\\\/\\\/www.krafthand.de\\\/truck\\\/artikel\\\/erster-e-truck-bei-der-dpd-in-der-schweiz-27180\\\/\"},\"wordCount\":442,\"image\":{\"@id\":\"https:\\\/\\\/www.krafthand.de\\\/truck\\\/artikel\\\/erster-e-truck-bei-der-dpd-in-der-schweiz-27180\\\/#primaryimage\"},\"thumbnailUrl\":\"https:\\\/\\\/static.krafthand-truck.de\\\/uploads\\\/2021\\\/04\\\/DPD_Uebergabe_Futuricum_Logistics_18E_1.jpg\",\"keywords\":[\"Designwerk Products\",\"E-Truck\",\"Futuricum\",\"Tilman Schulze\"],\"articleSection\":[\"E-Antrieb (BEV\\\/FCEV)\",\"Neue Fahrzeuge\"],\"inLanguage\":\"de\"},{\"@type\":\"WebPage\",\"@id\":\"https:\\\/\\\/www.krafthand.de\\\/truck\\\/artikel\\\/erster-e-truck-bei-der-dpd-in-der-schweiz-27180\\\/\",\"url\":\"https:\\\/\\\/www.krafthand.de\\\/truck\\\/artikel\\\/erster-e-truck-bei-der-dpd-in-der-schweiz-27180\\\/\",\"name\":\"Erster E-Truck bei der DPD in der Schweiz - Krafthand-Truck\",\"isPartOf\":{\"@id\":\"https:\\\/\\\/www.krafthand.de\\\/truck\\\/#website\"},\"primaryImageOfPage\":{\"@id\":\"https:\\\/\\\/www.krafthand.de\\\/truck\\\/artikel\\\/erster-e-truck-bei-der-dpd-in-der-schweiz-27180\\\/#primaryimage\"},\"image\":{\"@id\":\"https:\\\/\\\/www.krafthand.de\\\/truck\\\/artikel\\\/erster-e-truck-bei-der-dpd-in-der-schweiz-27180\\\/#primaryimage\"},\"thumbnailUrl\":\"https:\\\/\\\/static.krafthand-truck.de\\\/uploads\\\/2021\\\/04\\\/DPD_Uebergabe_Futuricum_Logistics_18E_1.jpg\",\"datePublished\":\"2021-04-01T13:56:43+00:00\",\"dateModified\":\"2021-11-26T14:33:24+00:00\",\"author\":{\"@id\":\"https:\\\/\\\/www.krafthand.de\\\/truck\\\/#\\\/schema\\\/person\\\/51fa80b1c57034c4bf63f9f988fc24ce\"},\"breadcrumb\":{\"@id\":\"https:\\\/\\\/www.krafthand.de\\\/truck\\\/artikel\\\/erster-e-truck-bei-der-dpd-in-der-schweiz-27180\\\/#breadcrumb\"},\"inLanguage\":\"de\",\"potentialAction\":[{\"@type\":\"ReadAction\",\"target\":[\"https:\\\/\\\/www.krafthand.de\\\/truck\\\/artikel\\\/erster-e-truck-bei-der-dpd-in-der-schweiz-27180\\\/\"]}]},{\"@type\":\"ImageObject\",\"inLanguage\":\"de\",\"@id\":\"https:\\\/\\\/www.krafthand.de\\\/truck\\\/artikel\\\/erster-e-truck-bei-der-dpd-in-der-schweiz-27180\\\/#primaryimage\",\"url\":\"https:\\\/\\\/static.krafthand-truck.de\\\/uploads\\\/2021\\\/04\\\/DPD_Uebergabe_Futuricum_Logistics_18E_1.jpg\",\"contentUrl\":\"https:\\\/\\\/static.krafthand-truck.de\\\/uploads\\\/2021\\\/04\\\/DPD_Uebergabe_Futuricum_Logistics_18E_1.jpg\",\"width\":1200,\"height\":750},{\"@type\":\"BreadcrumbList\",\"@id\":\"https:\\\/\\\/www.krafthand.de\\\/truck\\\/artikel\\\/erster-e-truck-bei-der-dpd-in-der-schweiz-27180\\\/#breadcrumb\",\"itemListElement\":[{\"@type\":\"ListItem\",\"position\":1,\"name\":\"Krafthand-Truck\",\"item\":\"https:\\\/\\\/www.krafthand.de\\\/truck\\\/\"},{\"@type\":\"ListItem\",\"position\":2,\"name\":\"Nfz-Technik\",\"item\":\"https:\\\/\\\/www.krafthand.de\\\/truck\\\/kategorie\\\/nfz-technik\\\/\"},{\"@type\":\"ListItem\",\"position\":3,\"name\":\"E-Antrieb (BEV\\\/FCEV)\",\"item\":\"https:\\\/\\\/www.krafthand.de\\\/truck\\\/kategorie\\\/nfz-technik\\\/e-antrieb\\\/\"},{\"@type\":\"ListItem\",\"position\":4,\"name\":\"Erster E-Truck bei der DPD in der Schweiz\"}]},{\"@type\":\"WebSite\",\"@id\":\"https:\\\/\\\/www.krafthand.de\\\/truck\\\/#website\",\"url\":\"https:\\\/\\\/www.krafthand.de\\\/truck\\\/\",\"name\":\"Krafthand-Truck\",\"description\":\"\",\"potentialAction\":[{\"@type\":\"SearchAction\",\"target\":{\"@type\":\"EntryPoint\",\"urlTemplate\":\"https:\\\/\\\/www.krafthand.de\\\/truck\\\/?s={search_term_string}\"},\"query-input\":{\"@type\":\"PropertyValueSpecification\",\"valueRequired\":true,\"valueName\":\"search_term_string\"}}],\"inLanguage\":\"de\"},{\"@type\":\"Person\",\"@id\":\"https:\\\/\\\/www.krafthand.de\\\/truck\\\/#\\\/schema\\\/person\\\/51fa80b1c57034c4bf63f9f988fc24ce\",\"name\":\"georg.blenk@krafthand-medien.de\",\"image\":{\"@type\":\"ImageObject\",\"inLanguage\":\"de\",\"@id\":\"https:\\\/\\\/secure.gravatar.com\\\/avatar\\\/93713c30affe0aa95d3a4130e499bb1abee2eb31adbdd9ce2aa1543538490215?s=96&d=mm&r=g\",\"url\":\"https:\\\/\\\/secure.gravatar.com\\\/avatar\\\/93713c30affe0aa95d3a4130e499bb1abee2eb31adbdd9ce2aa1543538490215?s=96&d=mm&r=g\",\"contentUrl\":\"https:\\\/\\\/secure.gravatar.com\\\/avatar\\\/93713c30affe0aa95d3a4130e499bb1abee2eb31adbdd9ce2aa1543538490215?s=96&d=mm&r=g\",\"caption\":\"georg.blenk@krafthand-medien.de\"}}]}<\/script>\n<!-- \/ Yoast SEO plugin. -->","yoast_head_json":{"title":"Erster E-Truck bei der DPD in der Schweiz - Krafthand-Truck","robots":{"index":"index","follow":"follow","max-snippet":"max-snippet:-1","max-image-preview":"max-image-preview:large","max-video-preview":"max-video-preview:-1"},"canonical":"https:\/\/www.krafthand.de\/truck\/artikel\/erster-e-truck-bei-der-dpd-in-der-schweiz-27180\/","og_locale":"de_DE","og_type":"article","og_title":"Erster E-Truck bei der DPD in der Schweiz - Krafthand-Truck","og_description":"Der Paketdienstleister DPD Schweiz hat seit rund einem Monat den neuen, vollelektrischen Futuricum Logistics 18E im Einsatz. Das Fahrzeug stammt von der Schweizer Unternehmung Designwerk Products AG. ... weiter","og_url":"https:\/\/www.krafthand-truck.de\/artikel\/erster-e-truck-bei-der-dpd-in-der-schweiz-27180\/","og_site_name":"Krafthand-Truck","article_published_time":"2021-04-01T13:56:43+00:00","article_modified_time":"2021-11-26T14:33:24+00:00","og_image":[{"width":1200,"height":750,"url":"https:\/\/www.krafthand.de\/truck\/wp-content\/uploads\/2021\/04\/DPD_Uebergabe_Futuricum_Logistics_18E_1.jpg","type":"image\/jpeg"}],"author":"georg.blenk@krafthand-medien.de","twitter_card":"summary_large_image","twitter_misc":{"Verfasst von":"georg.blenk@krafthand-medien.de","Gesch\u00e4tzte Lesezeit":"2\u00a0Minuten"},"schema":{"@context":"https:\/\/schema.org","@graph":[{"@type":"Article","@id":"https:\/\/www.krafthand.de\/truck\/artikel\/erster-e-truck-bei-der-dpd-in-der-schweiz-27180\/#article","isPartOf":{"@id":"https:\/\/www.krafthand.de\/truck\/artikel\/erster-e-truck-bei-der-dpd-in-der-schweiz-27180\/"},"author":{"name":"georg.blenk@krafthand-medien.de","@id":"https:\/\/www.krafthand.de\/truck\/#\/schema\/person\/51fa80b1c57034c4bf63f9f988fc24ce"},"headline":"Erster E-Truck bei der DPD in der Schweiz","datePublished":"2021-04-01T13:56:43+00:00","dateModified":"2021-11-26T14:33:24+00:00","mainEntityOfPage":{"@id":"https:\/\/www.krafthand.de\/truck\/artikel\/erster-e-truck-bei-der-dpd-in-der-schweiz-27180\/"},"wordCount":442,"image":{"@id":"https:\/\/www.krafthand.de\/truck\/artikel\/erster-e-truck-bei-der-dpd-in-der-schweiz-27180\/#primaryimage"},"thumbnailUrl":"https:\/\/static.krafthand-truck.de\/uploads\/2021\/04\/DPD_Uebergabe_Futuricum_Logistics_18E_1.jpg","keywords":["Designwerk Products","E-Truck","Futuricum","Tilman Schulze"],"articleSection":["E-Antrieb (BEV\/FCEV)","Neue Fahrzeuge"],"inLanguage":"de"},{"@type":"WebPage","@id":"https:\/\/www.krafthand.de\/truck\/artikel\/erster-e-truck-bei-der-dpd-in-der-schweiz-27180\/","url":"https:\/\/www.krafthand.de\/truck\/artikel\/erster-e-truck-bei-der-dpd-in-der-schweiz-27180\/","name":"Erster E-Truck bei der DPD in der Schweiz - Krafthand-Truck","isPartOf":{"@id":"https:\/\/www.krafthand.de\/truck\/#website"},"primaryImageOfPage":{"@id":"https:\/\/www.krafthand.de\/truck\/artikel\/erster-e-truck-bei-der-dpd-in-der-schweiz-27180\/#primaryimage"},"image":{"@id":"https:\/\/www.krafthand.de\/truck\/artikel\/erster-e-truck-bei-der-dpd-in-der-schweiz-27180\/#primaryimage"},"thumbnailUrl":"https:\/\/static.krafthand-truck.de\/uploads\/2021\/04\/DPD_Uebergabe_Futuricum_Logistics_18E_1.jpg","datePublished":"2021-04-01T13:56:43+00:00","dateModified":"2021-11-26T14:33:24+00:00","author":{"@id":"https:\/\/www.krafthand.de\/truck\/#\/schema\/person\/51fa80b1c57034c4bf63f9f988fc24ce"},"breadcrumb":{"@id":"https:\/\/www.krafthand.de\/truck\/artikel\/erster-e-truck-bei-der-dpd-in-der-schweiz-27180\/#breadcrumb"},"inLanguage":"de","potentialAction":[{"@type":"ReadAction","target":["https:\/\/www.krafthand.de\/truck\/artikel\/erster-e-truck-bei-der-dpd-in-der-schweiz-27180\/"]}]},{"@type":"ImageObject","inLanguage":"de","@id":"https:\/\/www.krafthand.de\/truck\/artikel\/erster-e-truck-bei-der-dpd-in-der-schweiz-27180\/#primaryimage","url":"https:\/\/static.krafthand-truck.de\/uploads\/2021\/04\/DPD_Uebergabe_Futuricum_Logistics_18E_1.jpg","contentUrl":"https:\/\/static.krafthand-truck.de\/uploads\/2021\/04\/DPD_Uebergabe_Futuricum_Logistics_18E_1.jpg","width":1200,"height":750},{"@type":"BreadcrumbList","@id":"https:\/\/www.krafthand.de\/truck\/artikel\/erster-e-truck-bei-der-dpd-in-der-schweiz-27180\/#breadcrumb","itemListElement":[{"@type":"ListItem","position":1,"name":"Krafthand-Truck","item":"https:\/\/www.krafthand.de\/truck\/"},{"@type":"ListItem","position":2,"name":"Nfz-Technik","item":"https:\/\/www.krafthand.de\/truck\/kategorie\/nfz-technik\/"},{"@type":"ListItem","position":3,"name":"E-Antrieb (BEV\/FCEV)","item":"https:\/\/www.krafthand.de\/truck\/kategorie\/nfz-technik\/e-antrieb\/"},{"@type":"ListItem","position":4,"name":"Erster E-Truck bei der DPD in der Schweiz"}]},{"@type":"WebSite","@id":"https:\/\/www.krafthand.de\/truck\/#website","url":"https:\/\/www.krafthand.de\/truck\/","name":"Krafthand-Truck","description":"","potentialAction":[{"@type":"SearchAction","target":{"@type":"EntryPoint","urlTemplate":"https:\/\/www.krafthand.de\/truck\/?s={search_term_string}"},"query-input":{"@type":"PropertyValueSpecification","valueRequired":true,"valueName":"search_term_string"}}],"inLanguage":"de"},{"@type":"Person","@id":"https:\/\/www.krafthand.de\/truck\/#\/schema\/person\/51fa80b1c57034c4bf63f9f988fc24ce","name":"georg.blenk@krafthand-medien.de","image":{"@type":"ImageObject","inLanguage":"de","@id":"https:\/\/secure.gravatar.com\/avatar\/93713c30affe0aa95d3a4130e499bb1abee2eb31adbdd9ce2aa1543538490215?s=96&d=mm&r=g","url":"https:\/\/secure.gravatar.com\/avatar\/93713c30affe0aa95d3a4130e499bb1abee2eb31adbdd9ce2aa1543538490215?s=96&d=mm&r=g","contentUrl":"https:\/\/secure.gravatar.com\/avatar\/93713c30affe0aa95d3a4130e499bb1abee2eb31adbdd9ce2aa1543538490215?s=96&d=mm&r=g","caption":"georg.blenk@krafthand-medien.de"}}]}},"_links":{"self":[{"href":"https:\/\/www.krafthand.de\/truck\/wp-json\/wp\/v2\/posts\/27180","targetHints":{"allow":["GET"]}}],"collection":[{"href":"https:\/\/www.krafthand.de\/truck\/wp-json\/wp\/v2\/posts"}],"about":[{"href":"https:\/\/www.krafthand.de\/truck\/wp-json\/wp\/v2\/types\/post"}],"author":[{"embeddable":true,"href":"https:\/\/www.krafthand.de\/truck\/wp-json\/wp\/v2\/users\/9"}],"replies":[{"embeddable":true,"href":"https:\/\/www.krafthand.de\/truck\/wp-json\/wp\/v2\/comments?post=27180"}],"version-history":[{"count":9,"href":"https:\/\/www.krafthand.de\/truck\/wp-json\/wp\/v2\/posts\/27180\/revisions"}],"predecessor-version":[{"id":27190,"href":"https:\/\/www.krafthand.de\/truck\/wp-json\/wp\/v2\/posts\/27180\/revisions\/27190"}],"wp:featuredmedia":[{"embeddable":true,"href":"https:\/\/www.krafthand.de\/truck\/wp-json\/wp\/v2\/media\/27185"}],"wp:attachment":[{"href":"https:\/\/www.krafthand.de\/truck\/wp-json\/wp\/v2\/media?parent=27180"}],"wp:term":[{"taxonomy":"category","embeddable":true,"href":"https:\/\/www.krafthand.de\/truck\/wp-json\/wp\/v2\/categories?post=27180"},{"taxonomy":"post_tag","embeddable":true,"href":"https:\/\/www.krafthand.de\/truck\/wp-json\/wp\/v2\/tags?post=27180"},{"taxonomy":"settings","embeddable":true,"href":"https:\/\/www.krafthand.de\/truck\/wp-json\/wp\/v2\/settings?post=27180"}],"curies":[{"name":"wp","href":"https:\/\/api.w.org\/{rel}","templated":true}]}}